{"id":30281,"date":"2026-08-31T21:31:00","date_gmt":"2026-08-31T19:31:00","guid":{"rendered":"https:\/\/kosovatimes.info\/?p=30281"},"modified":"2026-08-31T22:35:33","modified_gmt":"2026-08-31T20:35:33","slug":"hoti-serbia-te-mbahet-pergjegjese-per-te-zhdukurit-e-luftes-ne-kosove","status":"publish","type":"post","link":"https:\/\/kosovatimes.info\/index.php\/2026\/08\/31\/hoti-serbia-te-mbahet-pergjegjese-per-te-zhdukurit-e-luftes-ne-kosove\/","title":{"rendered":"Hoti: Serbia t\u00eb mbahet p\u00ebrgjegj\u00ebse p\u00ebr t\u00eb zhdukurit e luft\u00ebs n\u00eb Kosov\u00eb"},"content":{"rendered":"\n<p class=\"wp-block-paragraph\"><strong>Ministri n\u00eb detyr\u00eb p\u00ebr Pun\u00eb, Familje dhe Vlerat e Luft\u00ebs \u00c7lirimtare, Andin Hoti, ka zhvilluar takim n\u00eb selin\u00eb e Kombeve t\u00eb Bashkuara n\u00eb Gjenev\u00eb, ku ka ngritur \u00e7\u00ebshtjen e personave t\u00eb zhdukur me dhun\u00eb gjat\u00eb luft\u00ebs n\u00eb Kosov\u00eb.<\/strong><\/p>\n\n\n\n<p class=\"wp-block-paragraph\">Hoti ka b\u00ebr\u00eb t\u00eb ditur se n\u00eb takim me p\u00ebrfaq\u00ebsues t\u00eb sekretariatit t\u00eb Komitetit t\u00eb OKB-s\u00eb p\u00ebr Zhdukjet me Forc\u00eb dhe t\u00eb Zyr\u00ebs s\u00eb Komisionerit t\u00eb Lart\u00eb t\u00eb OKB-s\u00eb p\u00ebr t\u00eb Drejtat e Njeriut, ka k\u00ebrkuar angazhim m\u00eb t\u00eb fuqish\u00ebm nd\u00ebrkomb\u00ebtar p\u00ebr zbardhjen e fatit t\u00eb t\u00eb zhdukurve.<\/p>\n\n\n\n<p class=\"wp-block-paragraph\">\u201cN\u00eb takim ngrit\u00ebm \u00e7\u00ebshtjen e personave t\u00eb zhdukur me dhun\u00eb gjat\u00eb luft\u00ebs n\u00eb Kosov\u00eb dhe k\u00ebrkuam angazhim m\u00eb t\u00eb fuqish\u00ebm nd\u00ebrkomb\u00ebtar p\u00ebr zbardhjen e fatit t\u00eb tyre\u201d, ka shkruar Hoti.<\/p>\n\n\n\n<p class=\"wp-block-paragraph\">Ai ka k\u00ebrkuar q\u00eb Serbia t\u00eb mbahet p\u00ebrgjegj\u00ebse p\u00ebr detyrimet q\u00eb rrjedhin nga Konventa Nd\u00ebrkomb\u00ebtare p\u00ebr Mbrojtjen e t\u00eb Gjith\u00eb Personave nga Zhdukja me Forc\u00eb.<\/p>\n\n\n\n<p class=\"wp-block-paragraph\">\u201cDuke pasur parasysh se Serbia \u00ebsht\u00eb shtet pal\u00eb n\u00eb Konvent\u00ebn Nd\u00ebrkomb\u00ebtare p\u00ebr Mbrojtjen e t\u00eb Gjith\u00eb Personave nga Zhdukja me Forc\u00eb, k\u00ebrkuam q\u00eb ajo t\u00eb mbahet p\u00ebrgjegj\u00ebse p\u00ebr p\u00ebrmbushjen e detyrimeve q\u00eb burojn\u00eb nga kjo Konvent\u00eb\u201d, ka deklaruar ai.<\/p>\n\n\n\n<p class=\"wp-block-paragraph\">\u201cP\u00ebrfaq\u00ebsuesve t\u00eb OKB-s\u00eb u dor\u00ebzuam edhe nj\u00eb k\u00ebrkes\u00eb zyrtare, p\u00ebrmes s\u00eb cil\u00ebs k\u00ebrkuam intensifikimin e p\u00ebrpjekjeve nd\u00ebrkomb\u00ebtare p\u00ebr sigurimin e informacionit dhe dokumentacionit q\u00eb mund t\u00eb ndihmoj\u00eb n\u00eb lokalizimin e personave t\u00eb zhdukur, zbardhjen e rrethanave t\u00eb zhdukjes s\u00eb tyre dhe avancimin e drejt\u00ebsis\u00eb\u201d, ka shkruar Hoti.<\/p>\n\n\n\n<p class=\"wp-block-paragraph\">Ministri n\u00eb detyr\u00eb ka theksuar se familjet e personave t\u00eb zhdukur kan\u00eb t\u00eb drejt\u00eb ta din\u00eb t\u00eb v\u00ebrtet\u00ebn, pavar\u00ebsisht koh\u00ebs q\u00eb ka kaluar nga lufta.<\/p>\n\n\n\n<p class=\"wp-block-paragraph\">\u201c\u00c7\u00ebshtja e personave t\u00eb zhdukur me dhun\u00eb nuk mund t\u00eb mbetet peng i koh\u00ebs apo i vullnetit politik. Familjet kan\u00eb t\u00eb drejt\u00eb t\u00eb din\u00eb t\u00eb v\u00ebrtet\u00ebn. Drejt\u00ebsia dhe p\u00ebrgjegj\u00ebsia nuk kan\u00eb afat\u201d, ka th\u00ebn\u00eb Hoti.<\/p>\n\n\n\n<p class=\"wp-block-paragraph\">N\u00eb delegacionin q\u00eb mori pjes\u00eb n\u00eb takimet n\u00eb Gjenev\u00eb ishin edhe Mirishahe Limani Hiller, themeluese e Shoqat\u00ebs Kulturore n\u00eb Gjenev\u00eb \u201cDora d\u2019Istria\u201d, Lisa Mazzone, kryetare e Partis\u00eb s\u00eb t\u00eb Gjelb\u00ebrve t\u00eb Zvicr\u00ebs, Sebastien Gricourt, ish-an\u00ebtar i KNKK-s\u00eb, si dhe p\u00ebrfaq\u00ebsues t\u00eb komunitetit shqiptar dhe ukrainas.<\/p>\n","protected":false},"excerpt":{"rendered":"<p>Ministri n\u00eb detyr\u00eb p\u00ebr Pun\u00eb, Familje dhe Vlerat e Luft\u00ebs \u00c7lirimtare, Andin Hoti, ka zhvilluar takim n\u00eb selin\u00eb e Kombeve t\u00eb Bashkuara n\u00eb Gjenev\u00eb, ku ka ngritur \u00e7\u00ebshtjen e personave t\u00eb zhdukur me dhun\u00eb gjat\u00eb luft\u00ebs n\u00eb Kosov\u00eb. Hoti ka b\u00ebr\u00eb t\u00eb ditur se n\u00eb takim me p\u00ebrfaq\u00ebsues t\u00eb sekretariatit t\u00eb Komitetit t\u00eb OKB-s\u00eb p\u00ebr [&hellip;]<\/p>\n","protected":false},"author":4,"featured_media":30282,"comment_status":"open","ping_status":"open","sticky":false,"template":"","format":"standard","meta":{"footnotes":""},"categories":[31,30],"tags":[],"class_list":["post-30281","post","type-post","status-publish","format-standard","has-post-thumbnail","category-kosove","category-lajme"],"yoast_head":"<!-- This site is optimized with the Yoast SEO plugin v27.4 - https:\/\/yoast.com\/product\/yoast-seo-wordpress\/ -->\n<title>Hoti: Serbia t\u00eb mbahet p\u00ebrgjegj\u00ebse p\u00ebr t\u00eb zhdukurit e luft\u00ebs n\u00eb Kosov\u00eb - Kosova Times<\/title>\n<meta name=\"robots\" content=\"index, follow, max-snippet:-1, max-image-preview:large, max-video-preview:-1\" \/>\n<link rel=\"canonical\" href=\"https:\/\/kosovatimes.info\/index.php\/2026\/08\/31\/hoti-serbia-te-mbahet-pergjegjese-per-te-zhdukurit-e-luftes-ne-kosove\/\" \/>\n<meta property=\"og:locale\" content=\"en_US\" \/>\n<meta property=\"og:type\" content=\"article\" \/>\n<meta property=\"og:title\" content=\"Hoti: Serbia t\u00eb mbahet p\u00ebrgjegj\u00ebse p\u00ebr t\u00eb zhdukurit e luft\u00ebs n\u00eb Kosov\u00eb - Kosova Times\" \/>\n<meta property=\"og:description\" content=\"Ministri n\u00eb detyr\u00eb p\u00ebr Pun\u00eb, Familje dhe Vlerat e Luft\u00ebs \u00c7lirimtare, Andin Hoti, ka zhvilluar takim n\u00eb selin\u00eb e Kombeve t\u00eb Bashkuara n\u00eb Gjenev\u00eb, ku ka ngritur \u00e7\u00ebshtjen e personave t\u00eb zhdukur me dhun\u00eb gjat\u00eb luft\u00ebs n\u00eb Kosov\u00eb. Hoti ka b\u00ebr\u00eb t\u00eb ditur se n\u00eb takim me p\u00ebrfaq\u00ebsues t\u00eb sekretariatit t\u00eb Komitetit t\u00eb OKB-s\u00eb p\u00ebr [&hellip;]\" \/>\n<meta property=\"og:url\" content=\"https:\/\/kosovatimes.info\/index.php\/2026\/08\/31\/hoti-serbia-te-mbahet-pergjegjese-per-te-zhdukurit-e-luftes-ne-kosove\/\" \/>\n<meta property=\"og:site_name\" content=\"Kosova Times\" \/>\n<meta property=\"article:published_time\" content=\"2026-08-31T19:31:00+00:00\" \/>\n<meta property=\"article:modified_time\" content=\"2026-08-31T20:35:33+00:00\" \/>\n<meta property=\"og:image\" content=\"https:\/\/kosovatimes.info\/wp-content\/uploads\/2026\/08\/Hoti-4.jpg\" \/>\n\t<meta property=\"og:image:width\" content=\"780\" \/>\n\t<meta property=\"og:image:height\" content=\"500\" \/>\n\t<meta property=\"og:image:type\" content=\"image\/jpeg\" \/>\n<meta name=\"author\" content=\"i l\" \/>\n<meta name=\"twitter:card\" content=\"summary_large_image\" \/>\n<meta name=\"twitter:label1\" content=\"Written by\" \/>\n\t<meta name=\"twitter:data1\" content=\"i l\" \/>\n\t<meta name=\"twitter:label2\" content=\"Est. reading time\" \/>\n\t<meta name=\"twitter:data2\" content=\"2 minutes\" \/>\n<script type=\"application\/ld+json\" class=\"yoast-schema-graph\">{\"@context\":\"https:\\\/\\\/schema.org\",\"@graph\":[{\"@type\":\"Article\",\"@id\":\"https:\\\/\\\/kosovatimes.info\\\/index.php\\\/2026\\\/08\\\/31\\\/hoti-serbia-te-mbahet-pergjegjese-per-te-zhdukurit-e-luftes-ne-kosove\\\/#article\",\"isPartOf\":{\"@id\":\"https:\\\/\\\/kosovatimes.info\\\/index.php\\\/2026\\\/08\\\/31\\\/hoti-serbia-te-mbahet-pergjegjese-per-te-zhdukurit-e-luftes-ne-kosove\\\/\"},\"author\":{\"name\":\"i l\",\"@id\":\"https:\\\/\\\/kosovatimes.info\\\/#\\\/schema\\\/person\\\/7586712b9c512fe68085de007378c915\"},\"headline\":\"Hoti: Serbia t\u00eb mbahet p\u00ebrgjegj\u00ebse p\u00ebr t\u00eb zhdukurit e luft\u00ebs n\u00eb Kosov\u00eb\",\"datePublished\":\"2026-08-31T19:31:00+00:00\",\"dateModified\":\"2026-08-31T20:35:33+00:00\",\"mainEntityOfPage\":{\"@id\":\"https:\\\/\\\/kosovatimes.info\\\/index.php\\\/2026\\\/08\\\/31\\\/hoti-serbia-te-mbahet-pergjegjese-per-te-zhdukurit-e-luftes-ne-kosove\\\/\"},\"wordCount\":415,\"commentCount\":0,\"image\":{\"@id\":\"https:\\\/\\\/kosovatimes.info\\\/index.php\\\/2026\\\/08\\\/31\\\/hoti-serbia-te-mbahet-pergjegjese-per-te-zhdukurit-e-luftes-ne-kosove\\\/#primaryimage\"},\"thumbnailUrl\":\"https:\\\/\\\/kosovatimes.info\\\/wp-content\\\/uploads\\\/2026\\\/08\\\/Hoti-4.jpg\",\"articleSection\":[\"Kosov\u00eb\",\"Lajme\"],\"inLanguage\":\"en-US\",\"potentialAction\":[{\"@type\":\"CommentAction\",\"name\":\"Comment\",\"target\":[\"https:\\\/\\\/kosovatimes.info\\\/index.php\\\/2026\\\/08\\\/31\\\/hoti-serbia-te-mbahet-pergjegjese-per-te-zhdukurit-e-luftes-ne-kosove\\\/#respond\"]}]},{\"@type\":\"WebPage\",\"@id\":\"https:\\\/\\\/kosovatimes.info\\\/index.php\\\/2026\\\/08\\\/31\\\/hoti-serbia-te-mbahet-pergjegjese-per-te-zhdukurit-e-luftes-ne-kosove\\\/\",\"url\":\"https:\\\/\\\/kosovatimes.info\\\/index.php\\\/2026\\\/08\\\/31\\\/hoti-serbia-te-mbahet-pergjegjese-per-te-zhdukurit-e-luftes-ne-kosove\\\/\",\"name\":\"Hoti: Serbia t\u00eb mbahet p\u00ebrgjegj\u00ebse p\u00ebr t\u00eb zhdukurit e luft\u00ebs n\u00eb Kosov\u00eb - Kosova Times\",\"isPartOf\":{\"@id\":\"https:\\\/\\\/kosovatimes.info\\\/#website\"},\"primaryImageOfPage\":{\"@id\":\"https:\\\/\\\/kosovatimes.info\\\/index.php\\\/2026\\\/08\\\/31\\\/hoti-serbia-te-mbahet-pergjegjese-per-te-zhdukurit-e-luftes-ne-kosove\\\/#primaryimage\"},\"image\":{\"@id\":\"https:\\\/\\\/kosovatimes.info\\\/index.php\\\/2026\\\/08\\\/31\\\/hoti-serbia-te-mbahet-pergjegjese-per-te-zhdukurit-e-luftes-ne-kosove\\\/#primaryimage\"},\"thumbnailUrl\":\"https:\\\/\\\/kosovatimes.info\\\/wp-content\\\/uploads\\\/2026\\\/08\\\/Hoti-4.jpg\",\"datePublished\":\"2026-08-31T19:31:00+00:00\",\"dateModified\":\"2026-08-31T20:35:33+00:00\",\"author\":{\"@id\":\"https:\\\/\\\/kosovatimes.info\\\/#\\\/schema\\\/person\\\/7586712b9c512fe68085de007378c915\"},\"breadcrumb\":{\"@id\":\"https:\\\/\\\/kosovatimes.info\\\/index.php\\\/2026\\\/08\\\/31\\\/hoti-serbia-te-mbahet-pergjegjese-per-te-zhdukurit-e-luftes-ne-kosove\\\/#breadcrumb\"},\"inLanguage\":\"en-US\",\"potentialAction\":[{\"@type\":\"ReadAction\",\"target\":[\"https:\\\/\\\/kosovatimes.info\\\/index.php\\\/2026\\\/08\\\/31\\\/hoti-serbia-te-mbahet-pergjegjese-per-te-zhdukurit-e-luftes-ne-kosove\\\/\"]}]},{\"@type\":\"ImageObject\",\"inLanguage\":\"en-US\",\"@id\":\"https:\\\/\\\/kosovatimes.info\\\/index.php\\\/2026\\\/08\\\/31\\\/hoti-serbia-te-mbahet-pergjegjese-per-te-zhdukurit-e-luftes-ne-kosove\\\/#primaryimage\",\"url\":\"https:\\\/\\\/kosovatimes.info\\\/wp-content\\\/uploads\\\/2026\\\/08\\\/Hoti-4.jpg\",\"contentUrl\":\"https:\\\/\\\/kosovatimes.info\\\/wp-content\\\/uploads\\\/2026\\\/08\\\/Hoti-4.jpg\",\"width\":780,\"height\":500},{\"@type\":\"BreadcrumbList\",\"@id\":\"https:\\\/\\\/kosovatimes.info\\\/index.php\\\/2026\\\/08\\\/31\\\/hoti-serbia-te-mbahet-pergjegjese-per-te-zhdukurit-e-luftes-ne-kosove\\\/#breadcrumb\",\"itemListElement\":[{\"@type\":\"ListItem\",\"position\":1,\"name\":\"Home\",\"item\":\"https:\\\/\\\/kosovatimes.info\\\/\"},{\"@type\":\"ListItem\",\"position\":2,\"name\":\"Hoti: Serbia t\u00eb mbahet p\u00ebrgjegj\u00ebse p\u00ebr t\u00eb zhdukurit e luft\u00ebs n\u00eb Kosov\u00eb\"}]},{\"@type\":\"WebSite\",\"@id\":\"https:\\\/\\\/kosovatimes.info\\\/#website\",\"url\":\"https:\\\/\\\/kosovatimes.info\\\/\",\"name\":\"Kosova Times\",\"description\":\"\",\"potentialAction\":[{\"@type\":\"SearchAction\",\"target\":{\"@type\":\"EntryPoint\",\"urlTemplate\":\"https:\\\/\\\/kosovatimes.info\\\/?s={search_term_string}\"},\"query-input\":{\"@type\":\"PropertyValueSpecification\",\"valueRequired\":true,\"valueName\":\"search_term_string\"}}],\"inLanguage\":\"en-US\"},{\"@type\":\"Person\",\"@id\":\"https:\\\/\\\/kosovatimes.info\\\/#\\\/schema\\\/person\\\/7586712b9c512fe68085de007378c915\",\"name\":\"i l\",\"image\":{\"@type\":\"ImageObject\",\"inLanguage\":\"en-US\",\"@id\":\"https:\\\/\\\/secure.gravatar.com\\\/avatar\\\/bad9296e02816160ae2e2435beda58222022298d5625d49fea74d18816fbb31d?s=96&d=mm&r=g\",\"url\":\"https:\\\/\\\/secure.gravatar.com\\\/avatar\\\/bad9296e02816160ae2e2435beda58222022298d5625d49fea74d18816fbb31d?s=96&d=mm&r=g\",\"contentUrl\":\"https:\\\/\\\/secure.gravatar.com\\\/avatar\\\/bad9296e02816160ae2e2435beda58222022298d5625d49fea74d18816fbb31d?s=96&d=mm&r=g\",\"caption\":\"i l\"},\"url\":\"https:\\\/\\\/kosovatimes.info\\\/index.php\\\/author\\\/iliri\\\/\"}]}<\/script>\n<!-- \/ Yoast SEO plugin. -->","yoast_head_json":{"title":"Hoti: Serbia t\u00eb mbahet p\u00ebrgjegj\u00ebse p\u00ebr t\u00eb zhdukurit e luft\u00ebs n\u00eb Kosov\u00eb - Kosova Times","robots":{"index":"index","follow":"follow","max-snippet":"max-snippet:-1","max-image-preview":"max-image-preview:large","max-video-preview":"max-video-preview:-1"},"canonical":"https:\/\/kosovatimes.info\/index.php\/2026\/08\/31\/hoti-serbia-te-mbahet-pergjegjese-per-te-zhdukurit-e-luftes-ne-kosove\/","og_locale":"en_US","og_type":"article","og_title":"Hoti: Serbia t\u00eb mbahet p\u00ebrgjegj\u00ebse p\u00ebr t\u00eb zhdukurit e luft\u00ebs n\u00eb Kosov\u00eb - Kosova Times","og_description":"Ministri n\u00eb detyr\u00eb p\u00ebr Pun\u00eb, Familje dhe Vlerat e Luft\u00ebs \u00c7lirimtare, Andin Hoti, ka zhvilluar takim n\u00eb selin\u00eb e Kombeve t\u00eb Bashkuara n\u00eb Gjenev\u00eb, ku ka ngritur \u00e7\u00ebshtjen e personave t\u00eb zhdukur me dhun\u00eb gjat\u00eb luft\u00ebs n\u00eb Kosov\u00eb. Hoti ka b\u00ebr\u00eb t\u00eb ditur se n\u00eb takim me p\u00ebrfaq\u00ebsues t\u00eb sekretariatit t\u00eb Komitetit t\u00eb OKB-s\u00eb p\u00ebr [&hellip;]","og_url":"https:\/\/kosovatimes.info\/index.php\/2026\/08\/31\/hoti-serbia-te-mbahet-pergjegjese-per-te-zhdukurit-e-luftes-ne-kosove\/","og_site_name":"Kosova Times","article_published_time":"2026-08-31T19:31:00+00:00","article_modified_time":"2026-08-31T20:35:33+00:00","og_image":[{"width":780,"height":500,"url":"https:\/\/kosovatimes.info\/wp-content\/uploads\/2026\/08\/Hoti-4.jpg","type":"image\/jpeg"}],"author":"i l","twitter_card":"summary_large_image","twitter_misc":{"Written by":"i l","Est. reading time":"2 minutes"},"schema":{"@context":"https:\/\/schema.org","@graph":[{"@type":"Article","@id":"https:\/\/kosovatimes.info\/index.php\/2026\/08\/31\/hoti-serbia-te-mbahet-pergjegjese-per-te-zhdukurit-e-luftes-ne-kosove\/#article","isPartOf":{"@id":"https:\/\/kosovatimes.info\/index.php\/2026\/08\/31\/hoti-serbia-te-mbahet-pergjegjese-per-te-zhdukurit-e-luftes-ne-kosove\/"},"author":{"name":"i l","@id":"https:\/\/kosovatimes.info\/#\/schema\/person\/7586712b9c512fe68085de007378c915"},"headline":"Hoti: Serbia t\u00eb mbahet p\u00ebrgjegj\u00ebse p\u00ebr t\u00eb zhdukurit e luft\u00ebs n\u00eb Kosov\u00eb","datePublished":"2026-08-31T19:31:00+00:00","dateModified":"2026-08-31T20:35:33+00:00","mainEntityOfPage":{"@id":"https:\/\/kosovatimes.info\/index.php\/2026\/08\/31\/hoti-serbia-te-mbahet-pergjegjese-per-te-zhdukurit-e-luftes-ne-kosove\/"},"wordCount":415,"commentCount":0,"image":{"@id":"https:\/\/kosovatimes.info\/index.php\/2026\/08\/31\/hoti-serbia-te-mbahet-pergjegjese-per-te-zhdukurit-e-luftes-ne-kosove\/#primaryimage"},"thumbnailUrl":"https:\/\/kosovatimes.info\/wp-content\/uploads\/2026\/08\/Hoti-4.jpg","articleSection":["Kosov\u00eb","Lajme"],"inLanguage":"en-US","potentialAction":[{"@type":"CommentAction","name":"Comment","target":["https:\/\/kosovatimes.info\/index.php\/2026\/08\/31\/hoti-serbia-te-mbahet-pergjegjese-per-te-zhdukurit-e-luftes-ne-kosove\/#respond"]}]},{"@type":"WebPage","@id":"https:\/\/kosovatimes.info\/index.php\/2026\/08\/31\/hoti-serbia-te-mbahet-pergjegjese-per-te-zhdukurit-e-luftes-ne-kosove\/","url":"https:\/\/kosovatimes.info\/index.php\/2026\/08\/31\/hoti-serbia-te-mbahet-pergjegjese-per-te-zhdukurit-e-luftes-ne-kosove\/","name":"Hoti: Serbia t\u00eb mbahet p\u00ebrgjegj\u00ebse p\u00ebr t\u00eb zhdukurit e luft\u00ebs n\u00eb Kosov\u00eb - Kosova Times","isPartOf":{"@id":"https:\/\/kosovatimes.info\/#website"},"primaryImageOfPage":{"@id":"https:\/\/kosovatimes.info\/index.php\/2026\/08\/31\/hoti-serbia-te-mbahet-pergjegjese-per-te-zhdukurit-e-luftes-ne-kosove\/#primaryimage"},"image":{"@id":"https:\/\/kosovatimes.info\/index.php\/2026\/08\/31\/hoti-serbia-te-mbahet-pergjegjese-per-te-zhdukurit-e-luftes-ne-kosove\/#primaryimage"},"thumbnailUrl":"https:\/\/kosovatimes.info\/wp-content\/uploads\/2026\/08\/Hoti-4.jpg","datePublished":"2026-08-31T19:31:00+00:00","dateModified":"2026-08-31T20:35:33+00:00","author":{"@id":"https:\/\/kosovatimes.info\/#\/schema\/person\/7586712b9c512fe68085de007378c915"},"breadcrumb":{"@id":"https:\/\/kosovatimes.info\/index.php\/2026\/08\/31\/hoti-serbia-te-mbahet-pergjegjese-per-te-zhdukurit-e-luftes-ne-kosove\/#breadcrumb"},"inLanguage":"en-US","potentialAction":[{"@type":"ReadAction","target":["https:\/\/kosovatimes.info\/index.php\/2026\/08\/31\/hoti-serbia-te-mbahet-pergjegjese-per-te-zhdukurit-e-luftes-ne-kosove\/"]}]},{"@type":"ImageObject","inLanguage":"en-US","@id":"https:\/\/kosovatimes.info\/index.php\/2026\/08\/31\/hoti-serbia-te-mbahet-pergjegjese-per-te-zhdukurit-e-luftes-ne-kosove\/#primaryimage","url":"https:\/\/kosovatimes.info\/wp-content\/uploads\/2026\/08\/Hoti-4.jpg","contentUrl":"https:\/\/kosovatimes.info\/wp-content\/uploads\/2026\/08\/Hoti-4.jpg","width":780,"height":500},{"@type":"BreadcrumbList","@id":"https:\/\/kosovatimes.info\/index.php\/2026\/08\/31\/hoti-serbia-te-mbahet-pergjegjese-per-te-zhdukurit-e-luftes-ne-kosove\/#breadcrumb","itemListElement":[{"@type":"ListItem","position":1,"name":"Home","item":"https:\/\/kosovatimes.info\/"},{"@type":"ListItem","position":2,"name":"Hoti: Serbia t\u00eb mbahet p\u00ebrgjegj\u00ebse p\u00ebr t\u00eb zhdukurit e luft\u00ebs n\u00eb Kosov\u00eb"}]},{"@type":"WebSite","@id":"https:\/\/kosovatimes.info\/#website","url":"https:\/\/kosovatimes.info\/","name":"Kosova Times","description":"","potentialAction":[{"@type":"SearchAction","target":{"@type":"EntryPoint","urlTemplate":"https:\/\/kosovatimes.info\/?s={search_term_string}"},"query-input":{"@type":"PropertyValueSpecification","valueRequired":true,"valueName":"search_term_string"}}],"inLanguage":"en-US"},{"@type":"Person","@id":"https:\/\/kosovatimes.info\/#\/schema\/person\/7586712b9c512fe68085de007378c915","name":"i l","image":{"@type":"ImageObject","inLanguage":"en-US","@id":"https:\/\/secure.gravatar.com\/avatar\/bad9296e02816160ae2e2435beda58222022298d5625d49fea74d18816fbb31d?s=96&d=mm&r=g","url":"https:\/\/secure.gravatar.com\/avatar\/bad9296e02816160ae2e2435beda58222022298d5625d49fea74d18816fbb31d?s=96&d=mm&r=g","contentUrl":"https:\/\/secure.gravatar.com\/avatar\/bad9296e02816160ae2e2435beda58222022298d5625d49fea74d18816fbb31d?s=96&d=mm&r=g","caption":"i l"},"url":"https:\/\/kosovatimes.info\/index.php\/author\/iliri\/"}]}},"_links":{"self":[{"href":"https:\/\/kosovatimes.info\/index.php\/wp-json\/wp\/v2\/posts\/30281","targetHints":{"allow":["GET"]}}],"collection":[{"href":"https:\/\/kosovatimes.info\/index.php\/wp-json\/wp\/v2\/posts"}],"about":[{"href":"https:\/\/kosovatimes.info\/index.php\/wp-json\/wp\/v2\/types\/post"}],"author":[{"embeddable":true,"href":"https:\/\/kosovatimes.info\/index.php\/wp-json\/wp\/v2\/users\/4"}],"replies":[{"embeddable":true,"href":"https:\/\/kosovatimes.info\/index.php\/wp-json\/wp\/v2\/comments?post=30281"}],"version-history":[{"count":1,"href":"https:\/\/kosovatimes.info\/index.php\/wp-json\/wp\/v2\/posts\/30281\/revisions"}],"predecessor-version":[{"id":30283,"href":"https:\/\/kosovatimes.info\/index.php\/wp-json\/wp\/v2\/posts\/30281\/revisions\/30283"}],"wp:featuredmedia":[{"embeddable":true,"href":"https:\/\/kosovatimes.info\/index.php\/wp-json\/wp\/v2\/media\/30282"}],"wp:attachment":[{"href":"https:\/\/kosovatimes.info\/index.php\/wp-json\/wp\/v2\/media?parent=30281"}],"wp:term":[{"taxonomy":"category","embeddable":true,"href":"https:\/\/kosovatimes.info\/index.php\/wp-json\/wp\/v2\/categories?post=30281"},{"taxonomy":"post_tag","embeddable":true,"href":"https:\/\/kosovatimes.info\/index.php\/wp-json\/wp\/v2\/tags?post=30281"}],"curies":[{"name":"wp","href":"https:\/\/api.w.org\/{rel}","templated":true}]}}