{"id":30284,"date":"2026-08-31T19:52:00","date_gmt":"2026-08-31T17:52:00","guid":{"rendered":"https:\/\/kosovatimes.info\/?p=30284"},"modified":"2026-08-31T22:36:42","modified_gmt":"2026-08-31T20:36:42","slug":"vetem-80-ulese-ne-salle-per-shpalljen-e-aktgjykimit-ndaj-ish-krereve-te-uck-se","status":"publish","type":"post","link":"https:\/\/kosovatimes.info\/index.php\/2026\/08\/31\/vetem-80-ulese-ne-salle-per-shpalljen-e-aktgjykimit-ndaj-ish-krereve-te-uck-se\/","title":{"rendered":"Vet\u00ebm 80 ul\u00ebse n\u00eb sall\u00eb p\u00ebr shpalljen e aktgjykimit ndaj ish-krer\u00ebve t\u00eb U\u00c7K-s\u00eb"},"content":{"rendered":"\n<p class=\"wp-block-paragraph\"><strong>Mbi 220 k\u00ebrkesa, por vet\u00ebm 80 ul\u00ebse n\u00eb galerin\u00eb e publikut. K\u00ebshtu do t\u00eb jet\u00eb qasja n\u00eb sall\u00ebn e gjyqit m\u00eb 16 shtator, kur Gjykata Speciale pritet t\u00eb shpall\u00eb aktgjykimin ndaj Hashim Tha\u00e7it, Kadri Veselit, Jakup Krasniqit dhe Rexhep Selimit. 40 ul\u00ebse u jan\u00eb rezervuar familjar\u00ebve t\u00eb ngusht\u00eb, nd\u00ebrsa 40 mediave. Numri i madh i k\u00ebrkesave ka b\u00ebr\u00eb q\u00eb pjesa tjet\u00ebr e t\u00eb interesuarve ta p\u00ebrcjell\u00eb vendimin vet\u00ebm p\u00ebrmes transmetimit t\u00eb Gjykat\u00ebs.<\/strong><\/p>\n\n\n\n<p class=\"wp-block-paragraph\">Ndon\u00ebse k\u00ebrkesat ishin t\u00eb shumta, jo t\u00eb gjith\u00eb t\u00eb interesuarit do t\u00eb ken\u00eb mund\u00ebsin\u00eb q\u00eb vendimin p\u00ebrfundimtar ndaj Hashim Tha\u00e7it, Kadri Veselit, Jakup Krasniqit dhe Rexhep Selimit ta p\u00ebrcjellin n\u00eb koh\u00eb reale nga salla e gjyqit. Nga mbi 220 k\u00ebrkesa t\u00eb pranuara, Gjykata Speciale ka akredituar vet\u00ebm 80 persona p\u00ebr qasje n\u00eb galerin\u00eb e publikut.<\/p>\n\n\n\n<p class=\"wp-block-paragraph\">N\u00eb nj\u00eb p\u00ebrgjigje p\u00ebr RTK-n\u00eb, nga Dhomat e Specializuara kan\u00eb konfirmuar se 40 ul\u00ebse do t\u2019u ndahen familjar\u00ebve t\u00eb ngusht\u00eb t\u00eb ish-krer\u00ebve t\u00eb U\u00c7K-s\u00eb, nd\u00ebrsa 40 t\u00eb tjera mediave. Nga mediat e akredituara, 17 jan\u00eb nd\u00ebrkomb\u00ebtare, 16 nga Kosova, 4 nga Shqip\u00ebria dhe 3 nga Serbia. E teksa 16 shtatori po afrohet, n\u00eb Kosov\u00eb vazhdon num\u00ebrimi mbrapsht deri n\u00eb dit\u00ebn kur do t\u00eb merret vendimi historik p\u00ebr ish-krer\u00ebt e U\u00c7K-s\u00eb.<\/p>\n\n\n\n<p class=\"wp-block-paragraph\">Njoh\u00ebsit e \u00e7\u00ebshtjeve juridike shprehen optimist\u00eb dhe presin q\u00eb aktgjykimi t\u00eb jet\u00eb lirues.<\/p>\n\n\n\n<p class=\"wp-block-paragraph\">\u201cMendoj q\u00eb n\u00eb asnj\u00eb form\u00eb gjykata nuk ka mund\u00ebsi me i shpall fajtor\u00eb, por nuk duhet harru faktin q\u00eb gjykatat nd\u00ebrkomb\u00ebtare edhe Gjykata Speciale n\u00eb k\u00ebt\u00eb rast n\u00eb Hag\u00eb, edhe pse n\u00eb baz\u00eb t\u00eb legjislacionit \u00ebsht\u00eb e Kosov\u00ebs, \u00ebsht\u00eb n\u00eb territor t\u00eb huaj dhe varet nga vullnetet politike t\u00eb fuqive t\u00eb m\u00ebdha. N\u00ebse nuk do t\u00eb ket\u00eb ndikime politike, un\u00eb besoj fuqish\u00ebm q\u00eb 16 shtatori do t\u00eb jet\u00eb fest\u00eb n\u00eb Kosov\u00eb\u201d, tha Skender Musa, avokat.<\/p>\n\n\n\n<p class=\"wp-block-paragraph\">T\u00eb nj\u00ebjtat pritje i kan\u00eb edhe bashk\u00ebluft\u00ebtar\u00ebt e ish-krer\u00ebve t\u00eb U\u00c7K-s\u00eb. Ata thon\u00eb se presin q\u00eb procesi t\u00eb p\u00ebrfundoj\u00eb me lirimin e tyre dhe q\u00eb gjykata t\u00eb mos ndikohet nga faktor\u00ebt politik\u00eb.<\/p>\n\n\n\n<p class=\"wp-block-paragraph\">\u201cNe presim lirimin nga t\u00eb gjitha akuzat e montuara n\u00eb k\u00ebt\u00eb proces, fal\u00ebnderojm\u00eb presidentin dhe shok\u00ebt e tij p\u00ebr k\u00ebt\u00eb sakrific\u00eb t\u00eb pamerituar, t\u00eb cil\u00ebn e kan\u00eb b\u00ebr\u00eb p\u00ebr pastrimin dhe p\u00ebr tregimin se U\u00c7K-ja ka qen\u00eb forc\u00eb ushtarake dhe politike e sh\u00ebndosh\u00eb, ka luftu p\u00ebr lirin\u00eb e vendit dhe nuk i ka b\u00ebr\u00eb askujt keq\u201d, tha Fatmir Sopi, n\u00ebnkryetar i OVL U\u00c7K-s\u00eb.<\/p>\n\n\n\n<p class=\"wp-block-paragraph\">Derisa kan\u00eb mbetur m\u00eb pak se tri jav\u00eb deri n\u00eb shpalljen e aktgjykimit, n\u00eb Kosov\u00eb tashm\u00eb kan\u00eb nisur p\u00ebrgatitjet p\u00ebr pritjen e mundshme t\u00eb Tha\u00e7it, Veselit, Krasniqit dhe Selimit.<\/p>\n\n\n\n<p class=\"wp-block-paragraph\">N\u00eb Prishtin\u00eb \u00ebsht\u00eb paralajm\u00ebruar edhe nj\u00eb marsh mb\u00ebshtet\u00ebs me moton \u201cKosova po pret\u201d, nd\u00ebrsa 16 shtatori pritet t\u00eb jet\u00eb nj\u00eb nga dit\u00ebt m\u00eb t\u00eb r\u00ebnd\u00ebsishme p\u00ebr Kosov\u00ebn n\u00eb raport me drejt\u00ebsin\u00eb nd\u00ebrkomb\u00ebtare.<\/p>\n","protected":false},"excerpt":{"rendered":"<p>Mbi 220 k\u00ebrkesa, por vet\u00ebm 80 ul\u00ebse n\u00eb galerin\u00eb e publikut. K\u00ebshtu do t\u00eb jet\u00eb qasja n\u00eb sall\u00ebn e gjyqit m\u00eb 16 shtator, kur Gjykata Speciale pritet t\u00eb shpall\u00eb aktgjykimin ndaj Hashim Tha\u00e7it, Kadri Veselit, Jakup Krasniqit dhe Rexhep Selimit. 40 ul\u00ebse u jan\u00eb rezervuar familjar\u00ebve t\u00eb ngusht\u00eb, nd\u00ebrsa 40 mediave. Numri i madh i [&hellip;]<\/p>\n","protected":false},"author":4,"featured_media":14619,"comment_status":"open","ping_status":"open","sticky":false,"template":"","format":"standard","meta":{"footnotes":""},"categories":[31,30],"tags":[],"class_list":["post-30284","post","type-post","status-publish","format-standard","has-post-thumbnail","category-kosove","category-lajme"],"yoast_head":"<!-- This site is optimized with the Yoast SEO plugin v27.4 - https:\/\/yoast.com\/product\/yoast-seo-wordpress\/ -->\n<title>Vet\u00ebm 80 ul\u00ebse n\u00eb sall\u00eb p\u00ebr shpalljen e aktgjykimit ndaj ish-krer\u00ebve t\u00eb U\u00c7K-s\u00eb - Kosova Times<\/title>\n<meta name=\"robots\" content=\"index, follow, max-snippet:-1, max-image-preview:large, max-video-preview:-1\" \/>\n<link rel=\"canonical\" href=\"https:\/\/kosovatimes.info\/index.php\/2026\/08\/31\/vetem-80-ulese-ne-salle-per-shpalljen-e-aktgjykimit-ndaj-ish-krereve-te-uck-se\/\" \/>\n<meta property=\"og:locale\" content=\"en_US\" \/>\n<meta property=\"og:type\" content=\"article\" \/>\n<meta property=\"og:title\" content=\"Vet\u00ebm 80 ul\u00ebse n\u00eb sall\u00eb p\u00ebr shpalljen e aktgjykimit ndaj ish-krer\u00ebve t\u00eb U\u00c7K-s\u00eb - Kosova Times\" \/>\n<meta property=\"og:description\" content=\"Mbi 220 k\u00ebrkesa, por vet\u00ebm 80 ul\u00ebse n\u00eb galerin\u00eb e publikut. K\u00ebshtu do t\u00eb jet\u00eb qasja n\u00eb sall\u00ebn e gjyqit m\u00eb 16 shtator, kur Gjykata Speciale pritet t\u00eb shpall\u00eb aktgjykimin ndaj Hashim Tha\u00e7it, Kadri Veselit, Jakup Krasniqit dhe Rexhep Selimit. 40 ul\u00ebse u jan\u00eb rezervuar familjar\u00ebve t\u00eb ngusht\u00eb, nd\u00ebrsa 40 mediave. Numri i madh i [&hellip;]\" \/>\n<meta property=\"og:url\" content=\"https:\/\/kosovatimes.info\/index.php\/2026\/08\/31\/vetem-80-ulese-ne-salle-per-shpalljen-e-aktgjykimit-ndaj-ish-krereve-te-uck-se\/\" \/>\n<meta property=\"og:site_name\" content=\"Kosova Times\" \/>\n<meta property=\"article:published_time\" content=\"2026-08-31T17:52:00+00:00\" \/>\n<meta property=\"article:modified_time\" content=\"2026-08-31T20:36:42+00:00\" \/>\n<meta property=\"og:image\" content=\"https:\/\/kosovatimes.info\/wp-content\/uploads\/2026\/05\/HAga.jpg\" \/>\n\t<meta property=\"og:image:width\" content=\"780\" \/>\n\t<meta property=\"og:image:height\" content=\"500\" \/>\n\t<meta property=\"og:image:type\" content=\"image\/jpeg\" \/>\n<meta name=\"author\" content=\"i l\" \/>\n<meta name=\"twitter:card\" content=\"summary_large_image\" \/>\n<meta name=\"twitter:label1\" content=\"Written by\" \/>\n\t<meta name=\"twitter:data1\" content=\"i l\" \/>\n\t<meta name=\"twitter:label2\" content=\"Est. reading time\" \/>\n\t<meta name=\"twitter:data2\" content=\"3 minutes\" \/>\n<script type=\"application\/ld+json\" class=\"yoast-schema-graph\">{\"@context\":\"https:\\\/\\\/schema.org\",\"@graph\":[{\"@type\":\"Article\",\"@id\":\"https:\\\/\\\/kosovatimes.info\\\/index.php\\\/2026\\\/08\\\/31\\\/vetem-80-ulese-ne-salle-per-shpalljen-e-aktgjykimit-ndaj-ish-krereve-te-uck-se\\\/#article\",\"isPartOf\":{\"@id\":\"https:\\\/\\\/kosovatimes.info\\\/index.php\\\/2026\\\/08\\\/31\\\/vetem-80-ulese-ne-salle-per-shpalljen-e-aktgjykimit-ndaj-ish-krereve-te-uck-se\\\/\"},\"author\":{\"name\":\"i l\",\"@id\":\"https:\\\/\\\/kosovatimes.info\\\/#\\\/schema\\\/person\\\/7586712b9c512fe68085de007378c915\"},\"headline\":\"Vet\u00ebm 80 ul\u00ebse n\u00eb sall\u00eb p\u00ebr shpalljen e aktgjykimit ndaj ish-krer\u00ebve t\u00eb U\u00c7K-s\u00eb\",\"datePublished\":\"2026-08-31T17:52:00+00:00\",\"dateModified\":\"2026-08-31T20:36:42+00:00\",\"mainEntityOfPage\":{\"@id\":\"https:\\\/\\\/kosovatimes.info\\\/index.php\\\/2026\\\/08\\\/31\\\/vetem-80-ulese-ne-salle-per-shpalljen-e-aktgjykimit-ndaj-ish-krereve-te-uck-se\\\/\"},\"wordCount\":530,\"commentCount\":0,\"image\":{\"@id\":\"https:\\\/\\\/kosovatimes.info\\\/index.php\\\/2026\\\/08\\\/31\\\/vetem-80-ulese-ne-salle-per-shpalljen-e-aktgjykimit-ndaj-ish-krereve-te-uck-se\\\/#primaryimage\"},\"thumbnailUrl\":\"https:\\\/\\\/kosovatimes.info\\\/wp-content\\\/uploads\\\/2026\\\/05\\\/HAga.jpg\",\"articleSection\":[\"Kosov\u00eb\",\"Lajme\"],\"inLanguage\":\"en-US\",\"potentialAction\":[{\"@type\":\"CommentAction\",\"name\":\"Comment\",\"target\":[\"https:\\\/\\\/kosovatimes.info\\\/index.php\\\/2026\\\/08\\\/31\\\/vetem-80-ulese-ne-salle-per-shpalljen-e-aktgjykimit-ndaj-ish-krereve-te-uck-se\\\/#respond\"]}]},{\"@type\":\"WebPage\",\"@id\":\"https:\\\/\\\/kosovatimes.info\\\/index.php\\\/2026\\\/08\\\/31\\\/vetem-80-ulese-ne-salle-per-shpalljen-e-aktgjykimit-ndaj-ish-krereve-te-uck-se\\\/\",\"url\":\"https:\\\/\\\/kosovatimes.info\\\/index.php\\\/2026\\\/08\\\/31\\\/vetem-80-ulese-ne-salle-per-shpalljen-e-aktgjykimit-ndaj-ish-krereve-te-uck-se\\\/\",\"name\":\"Vet\u00ebm 80 ul\u00ebse n\u00eb sall\u00eb p\u00ebr shpalljen e aktgjykimit ndaj ish-krer\u00ebve t\u00eb U\u00c7K-s\u00eb - Kosova Times\",\"isPartOf\":{\"@id\":\"https:\\\/\\\/kosovatimes.info\\\/#website\"},\"primaryImageOfPage\":{\"@id\":\"https:\\\/\\\/kosovatimes.info\\\/index.php\\\/2026\\\/08\\\/31\\\/vetem-80-ulese-ne-salle-per-shpalljen-e-aktgjykimit-ndaj-ish-krereve-te-uck-se\\\/#primaryimage\"},\"image\":{\"@id\":\"https:\\\/\\\/kosovatimes.info\\\/index.php\\\/2026\\\/08\\\/31\\\/vetem-80-ulese-ne-salle-per-shpalljen-e-aktgjykimit-ndaj-ish-krereve-te-uck-se\\\/#primaryimage\"},\"thumbnailUrl\":\"https:\\\/\\\/kosovatimes.info\\\/wp-content\\\/uploads\\\/2026\\\/05\\\/HAga.jpg\",\"datePublished\":\"2026-08-31T17:52:00+00:00\",\"dateModified\":\"2026-08-31T20:36:42+00:00\",\"author\":{\"@id\":\"https:\\\/\\\/kosovatimes.info\\\/#\\\/schema\\\/person\\\/7586712b9c512fe68085de007378c915\"},\"breadcrumb\":{\"@id\":\"https:\\\/\\\/kosovatimes.info\\\/index.php\\\/2026\\\/08\\\/31\\\/vetem-80-ulese-ne-salle-per-shpalljen-e-aktgjykimit-ndaj-ish-krereve-te-uck-se\\\/#breadcrumb\"},\"inLanguage\":\"en-US\",\"potentialAction\":[{\"@type\":\"ReadAction\",\"target\":[\"https:\\\/\\\/kosovatimes.info\\\/index.php\\\/2026\\\/08\\\/31\\\/vetem-80-ulese-ne-salle-per-shpalljen-e-aktgjykimit-ndaj-ish-krereve-te-uck-se\\\/\"]}]},{\"@type\":\"ImageObject\",\"inLanguage\":\"en-US\",\"@id\":\"https:\\\/\\\/kosovatimes.info\\\/index.php\\\/2026\\\/08\\\/31\\\/vetem-80-ulese-ne-salle-per-shpalljen-e-aktgjykimit-ndaj-ish-krereve-te-uck-se\\\/#primaryimage\",\"url\":\"https:\\\/\\\/kosovatimes.info\\\/wp-content\\\/uploads\\\/2026\\\/05\\\/HAga.jpg\",\"contentUrl\":\"https:\\\/\\\/kosovatimes.info\\\/wp-content\\\/uploads\\\/2026\\\/05\\\/HAga.jpg\",\"width\":780,\"height\":500},{\"@type\":\"BreadcrumbList\",\"@id\":\"https:\\\/\\\/kosovatimes.info\\\/index.php\\\/2026\\\/08\\\/31\\\/vetem-80-ulese-ne-salle-per-shpalljen-e-aktgjykimit-ndaj-ish-krereve-te-uck-se\\\/#breadcrumb\",\"itemListElement\":[{\"@type\":\"ListItem\",\"position\":1,\"name\":\"Home\",\"item\":\"https:\\\/\\\/kosovatimes.info\\\/\"},{\"@type\":\"ListItem\",\"position\":2,\"name\":\"Vet\u00ebm 80 ul\u00ebse n\u00eb sall\u00eb p\u00ebr shpalljen e aktgjykimit ndaj ish-krer\u00ebve t\u00eb U\u00c7K-s\u00eb\"}]},{\"@type\":\"WebSite\",\"@id\":\"https:\\\/\\\/kosovatimes.info\\\/#website\",\"url\":\"https:\\\/\\\/kosovatimes.info\\\/\",\"name\":\"Kosova Times\",\"description\":\"\",\"potentialAction\":[{\"@type\":\"SearchAction\",\"target\":{\"@type\":\"EntryPoint\",\"urlTemplate\":\"https:\\\/\\\/kosovatimes.info\\\/?s={search_term_string}\"},\"query-input\":{\"@type\":\"PropertyValueSpecification\",\"valueRequired\":true,\"valueName\":\"search_term_string\"}}],\"inLanguage\":\"en-US\"},{\"@type\":\"Person\",\"@id\":\"https:\\\/\\\/kosovatimes.info\\\/#\\\/schema\\\/person\\\/7586712b9c512fe68085de007378c915\",\"name\":\"i l\",\"image\":{\"@type\":\"ImageObject\",\"inLanguage\":\"en-US\",\"@id\":\"https:\\\/\\\/secure.gravatar.com\\\/avatar\\\/bad9296e02816160ae2e2435beda58222022298d5625d49fea74d18816fbb31d?s=96&d=mm&r=g\",\"url\":\"https:\\\/\\\/secure.gravatar.com\\\/avatar\\\/bad9296e02816160ae2e2435beda58222022298d5625d49fea74d18816fbb31d?s=96&d=mm&r=g\",\"contentUrl\":\"https:\\\/\\\/secure.gravatar.com\\\/avatar\\\/bad9296e02816160ae2e2435beda58222022298d5625d49fea74d18816fbb31d?s=96&d=mm&r=g\",\"caption\":\"i l\"},\"url\":\"https:\\\/\\\/kosovatimes.info\\\/index.php\\\/author\\\/iliri\\\/\"}]}<\/script>\n<!-- \/ Yoast SEO plugin. -->","yoast_head_json":{"title":"Vet\u00ebm 80 ul\u00ebse n\u00eb sall\u00eb p\u00ebr shpalljen e aktgjykimit ndaj ish-krer\u00ebve t\u00eb U\u00c7K-s\u00eb - Kosova Times","robots":{"index":"index","follow":"follow","max-snippet":"max-snippet:-1","max-image-preview":"max-image-preview:large","max-video-preview":"max-video-preview:-1"},"canonical":"https:\/\/kosovatimes.info\/index.php\/2026\/08\/31\/vetem-80-ulese-ne-salle-per-shpalljen-e-aktgjykimit-ndaj-ish-krereve-te-uck-se\/","og_locale":"en_US","og_type":"article","og_title":"Vet\u00ebm 80 ul\u00ebse n\u00eb sall\u00eb p\u00ebr shpalljen e aktgjykimit ndaj ish-krer\u00ebve t\u00eb U\u00c7K-s\u00eb - Kosova Times","og_description":"Mbi 220 k\u00ebrkesa, por vet\u00ebm 80 ul\u00ebse n\u00eb galerin\u00eb e publikut. K\u00ebshtu do t\u00eb jet\u00eb qasja n\u00eb sall\u00ebn e gjyqit m\u00eb 16 shtator, kur Gjykata Speciale pritet t\u00eb shpall\u00eb aktgjykimin ndaj Hashim Tha\u00e7it, Kadri Veselit, Jakup Krasniqit dhe Rexhep Selimit. 40 ul\u00ebse u jan\u00eb rezervuar familjar\u00ebve t\u00eb ngusht\u00eb, nd\u00ebrsa 40 mediave. Numri i madh i [&hellip;]","og_url":"https:\/\/kosovatimes.info\/index.php\/2026\/08\/31\/vetem-80-ulese-ne-salle-per-shpalljen-e-aktgjykimit-ndaj-ish-krereve-te-uck-se\/","og_site_name":"Kosova Times","article_published_time":"2026-08-31T17:52:00+00:00","article_modified_time":"2026-08-31T20:36:42+00:00","og_image":[{"width":780,"height":500,"url":"https:\/\/kosovatimes.info\/wp-content\/uploads\/2026\/05\/HAga.jpg","type":"image\/jpeg"}],"author":"i l","twitter_card":"summary_large_image","twitter_misc":{"Written by":"i l","Est. reading time":"3 minutes"},"schema":{"@context":"https:\/\/schema.org","@graph":[{"@type":"Article","@id":"https:\/\/kosovatimes.info\/index.php\/2026\/08\/31\/vetem-80-ulese-ne-salle-per-shpalljen-e-aktgjykimit-ndaj-ish-krereve-te-uck-se\/#article","isPartOf":{"@id":"https:\/\/kosovatimes.info\/index.php\/2026\/08\/31\/vetem-80-ulese-ne-salle-per-shpalljen-e-aktgjykimit-ndaj-ish-krereve-te-uck-se\/"},"author":{"name":"i l","@id":"https:\/\/kosovatimes.info\/#\/schema\/person\/7586712b9c512fe68085de007378c915"},"headline":"Vet\u00ebm 80 ul\u00ebse n\u00eb sall\u00eb p\u00ebr shpalljen e aktgjykimit ndaj ish-krer\u00ebve t\u00eb U\u00c7K-s\u00eb","datePublished":"2026-08-31T17:52:00+00:00","dateModified":"2026-08-31T20:36:42+00:00","mainEntityOfPage":{"@id":"https:\/\/kosovatimes.info\/index.php\/2026\/08\/31\/vetem-80-ulese-ne-salle-per-shpalljen-e-aktgjykimit-ndaj-ish-krereve-te-uck-se\/"},"wordCount":530,"commentCount":0,"image":{"@id":"https:\/\/kosovatimes.info\/index.php\/2026\/08\/31\/vetem-80-ulese-ne-salle-per-shpalljen-e-aktgjykimit-ndaj-ish-krereve-te-uck-se\/#primaryimage"},"thumbnailUrl":"https:\/\/kosovatimes.info\/wp-content\/uploads\/2026\/05\/HAga.jpg","articleSection":["Kosov\u00eb","Lajme"],"inLanguage":"en-US","potentialAction":[{"@type":"CommentAction","name":"Comment","target":["https:\/\/kosovatimes.info\/index.php\/2026\/08\/31\/vetem-80-ulese-ne-salle-per-shpalljen-e-aktgjykimit-ndaj-ish-krereve-te-uck-se\/#respond"]}]},{"@type":"WebPage","@id":"https:\/\/kosovatimes.info\/index.php\/2026\/08\/31\/vetem-80-ulese-ne-salle-per-shpalljen-e-aktgjykimit-ndaj-ish-krereve-te-uck-se\/","url":"https:\/\/kosovatimes.info\/index.php\/2026\/08\/31\/vetem-80-ulese-ne-salle-per-shpalljen-e-aktgjykimit-ndaj-ish-krereve-te-uck-se\/","name":"Vet\u00ebm 80 ul\u00ebse n\u00eb sall\u00eb p\u00ebr shpalljen e aktgjykimit ndaj ish-krer\u00ebve t\u00eb U\u00c7K-s\u00eb - Kosova Times","isPartOf":{"@id":"https:\/\/kosovatimes.info\/#website"},"primaryImageOfPage":{"@id":"https:\/\/kosovatimes.info\/index.php\/2026\/08\/31\/vetem-80-ulese-ne-salle-per-shpalljen-e-aktgjykimit-ndaj-ish-krereve-te-uck-se\/#primaryimage"},"image":{"@id":"https:\/\/kosovatimes.info\/index.php\/2026\/08\/31\/vetem-80-ulese-ne-salle-per-shpalljen-e-aktgjykimit-ndaj-ish-krereve-te-uck-se\/#primaryimage"},"thumbnailUrl":"https:\/\/kosovatimes.info\/wp-content\/uploads\/2026\/05\/HAga.jpg","datePublished":"2026-08-31T17:52:00+00:00","dateModified":"2026-08-31T20:36:42+00:00","author":{"@id":"https:\/\/kosovatimes.info\/#\/schema\/person\/7586712b9c512fe68085de007378c915"},"breadcrumb":{"@id":"https:\/\/kosovatimes.info\/index.php\/2026\/08\/31\/vetem-80-ulese-ne-salle-per-shpalljen-e-aktgjykimit-ndaj-ish-krereve-te-uck-se\/#breadcrumb"},"inLanguage":"en-US","potentialAction":[{"@type":"ReadAction","target":["https:\/\/kosovatimes.info\/index.php\/2026\/08\/31\/vetem-80-ulese-ne-salle-per-shpalljen-e-aktgjykimit-ndaj-ish-krereve-te-uck-se\/"]}]},{"@type":"ImageObject","inLanguage":"en-US","@id":"https:\/\/kosovatimes.info\/index.php\/2026\/08\/31\/vetem-80-ulese-ne-salle-per-shpalljen-e-aktgjykimit-ndaj-ish-krereve-te-uck-se\/#primaryimage","url":"https:\/\/kosovatimes.info\/wp-content\/uploads\/2026\/05\/HAga.jpg","contentUrl":"https:\/\/kosovatimes.info\/wp-content\/uploads\/2026\/05\/HAga.jpg","width":780,"height":500},{"@type":"BreadcrumbList","@id":"https:\/\/kosovatimes.info\/index.php\/2026\/08\/31\/vetem-80-ulese-ne-salle-per-shpalljen-e-aktgjykimit-ndaj-ish-krereve-te-uck-se\/#breadcrumb","itemListElement":[{"@type":"ListItem","position":1,"name":"Home","item":"https:\/\/kosovatimes.info\/"},{"@type":"ListItem","position":2,"name":"Vet\u00ebm 80 ul\u00ebse n\u00eb sall\u00eb p\u00ebr shpalljen e aktgjykimit ndaj ish-krer\u00ebve t\u00eb U\u00c7K-s\u00eb"}]},{"@type":"WebSite","@id":"https:\/\/kosovatimes.info\/#website","url":"https:\/\/kosovatimes.info\/","name":"Kosova Times","description":"","potentialAction":[{"@type":"SearchAction","target":{"@type":"EntryPoint","urlTemplate":"https:\/\/kosovatimes.info\/?s={search_term_string}"},"query-input":{"@type":"PropertyValueSpecification","valueRequired":true,"valueName":"search_term_string"}}],"inLanguage":"en-US"},{"@type":"Person","@id":"https:\/\/kosovatimes.info\/#\/schema\/person\/7586712b9c512fe68085de007378c915","name":"i l","image":{"@type":"ImageObject","inLanguage":"en-US","@id":"https:\/\/secure.gravatar.com\/avatar\/bad9296e02816160ae2e2435beda58222022298d5625d49fea74d18816fbb31d?s=96&d=mm&r=g","url":"https:\/\/secure.gravatar.com\/avatar\/bad9296e02816160ae2e2435beda58222022298d5625d49fea74d18816fbb31d?s=96&d=mm&r=g","contentUrl":"https:\/\/secure.gravatar.com\/avatar\/bad9296e02816160ae2e2435beda58222022298d5625d49fea74d18816fbb31d?s=96&d=mm&r=g","caption":"i l"},"url":"https:\/\/kosovatimes.info\/index.php\/author\/iliri\/"}]}},"_links":{"self":[{"href":"https:\/\/kosovatimes.info\/index.php\/wp-json\/wp\/v2\/posts\/30284","targetHints":{"allow":["GET"]}}],"collection":[{"href":"https:\/\/kosovatimes.info\/index.php\/wp-json\/wp\/v2\/posts"}],"about":[{"href":"https:\/\/kosovatimes.info\/index.php\/wp-json\/wp\/v2\/types\/post"}],"author":[{"embeddable":true,"href":"https:\/\/kosovatimes.info\/index.php\/wp-json\/wp\/v2\/users\/4"}],"replies":[{"embeddable":true,"href":"https:\/\/kosovatimes.info\/index.php\/wp-json\/wp\/v2\/comments?post=30284"}],"version-history":[{"count":1,"href":"https:\/\/kosovatimes.info\/index.php\/wp-json\/wp\/v2\/posts\/30284\/revisions"}],"predecessor-version":[{"id":30285,"href":"https:\/\/kosovatimes.info\/index.php\/wp-json\/wp\/v2\/posts\/30284\/revisions\/30285"}],"wp:featuredmedia":[{"embeddable":true,"href":"https:\/\/kosovatimes.info\/index.php\/wp-json\/wp\/v2\/media\/14619"}],"wp:attachment":[{"href":"https:\/\/kosovatimes.info\/index.php\/wp-json\/wp\/v2\/media?parent=30284"}],"wp:term":[{"taxonomy":"category","embeddable":true,"href":"https:\/\/kosovatimes.info\/index.php\/wp-json\/wp\/v2\/categories?post=30284"},{"taxonomy":"post_tag","embeddable":true,"href":"https:\/\/kosovatimes.info\/index.php\/wp-json\/wp\/v2\/tags?post=30284"}],"curies":[{"name":"wp","href":"https:\/\/api.w.org\/{rel}","templated":true}]}}