{"id":30286,"date":"2026-08-31T19:46:00","date_gmt":"2026-08-31T17:46:00","guid":{"rendered":"https:\/\/kosovatimes.info\/?p=30286"},"modified":"2026-08-31T22:38:47","modified_gmt":"2026-08-31T20:38:47","slug":"familjaret-e-te-zhdukurve-kerkojne-hapjen-e-arkivave-te-serbise","status":"publish","type":"post","link":"https:\/\/kosovatimes.info\/index.php\/2026\/08\/31\/familjaret-e-te-zhdukurve-kerkojne-hapjen-e-arkivave-te-serbise\/","title":{"rendered":"Familjar\u00ebt e t\u00eb zhdukurve k\u00ebrkojn\u00eb hapjen e arkivave t\u00eb Serbis\u00eb\u00a0"},"content":{"rendered":"\n<p class=\"wp-block-paragraph\"><strong>N\u00eb vendin ton\u00eb, jan\u00eb edhe rreth 1600 persona t\u00eb zhdukur me forc\u00eb gjat\u00eb luft\u00ebs, t\u00eb cil\u00ebt \u00e7do dit\u00eb k\u00ebrkohen nga familjar\u00ebt e tyre.<\/strong><\/p>\n\n\n\n<p class=\"wp-block-paragraph\">N\u00eb Dit\u00ebn Nd\u00ebrkomb\u00ebtare t\u00eb Viktimave t\u00eb Zhdukura me Forc\u00eb, gjat\u00eb nj\u00eb diskutimi publik t\u00eb mbajtur nga organizatat nd\u00ebrkomb\u00ebtare me familjar\u00ebt e personave t\u00eb zhdukur, u k\u00ebrkua hapja e arkivave t\u00eb Serbis\u00eb p\u00ebr gjetjen e k\u00ebtyre personave.<\/p>\n\n\n\n<p class=\"wp-block-paragraph\">Bekim Gashi nga fshati T\u00ebrrnje i Suharek\u00ebs, tash e 27 vjet, n\u00eb \u00e7do varrez\u00eb masive t\u00eb hapur ka k\u00ebrkuar kat\u00ebr motrat dhe n\u00ebn\u00ebn e tij. Ai ka ndjekur \u00e7do gjurm\u00eb t\u00eb tyre dhe ka rendur pas \u00e7do lajmi p\u00ebr t\u00eb zhdukurit.<\/p>\n\n\n\n<p class=\"wp-block-paragraph\">\u201cT\u00eb vetmen adres\u00eb p\u00ebr zbardhjen e personave t\u00eb pagjetur e k\u00ebrkojm\u00eb n\u00eb hapjen e arkivave n\u00eb Serbi. Personalisht po flas p\u00ebr rastin ton\u00eb, dihet se kush e ka kryer krimin, \u00ebsht\u00eb Brigada 549 dhe ajo i ka sh\u00ebnimet ku ndodhen trupat e m\u00eb t\u00eb dashurve tan\u00eb\u201d, ka th\u00ebn\u00eb Bekim Gashi, familjar i personave t\u00eb zhdukur.<\/p>\n\n\n\n<p class=\"wp-block-paragraph\">Gashi u b\u00ebn thirrje institucioneve dhe organizatave joqeveritare q\u00eb t\u00eb mos japin emra t\u00eb pakonfirmuar, pasi sipas tij, p\u00ebr familjar\u00ebt e personave t\u00eb zhdukur, m\u00eb i r\u00ebndi \u00ebsht\u00eb nj\u00eb lajm i pav\u00ebrtet\u00eb.<\/p>\n\n\n\n<p class=\"wp-block-paragraph\">Nd\u00ebrkoh\u00eb, mjeku ligjor Dritor Haliti sqaron se p\u00ebr ekzaminimin e ADN-s\u00eb duhen s\u00eb paku tre muaj.<\/p>\n\n\n\n<p class=\"wp-block-paragraph\">\u201cFaza e par\u00eb q\u00eb e b\u00ebjm\u00eb n\u00eb institut \u00ebsht\u00eb q\u00eb menj\u00ebher\u00eb e marrim nj\u00eb most\u00ebr dhe e d\u00ebrgojm\u00eb n\u00eb Komisionin Nd\u00ebrkomb\u00ebtar p\u00ebr Persona t\u00eb Zhdukur, ku ajo i n\u00ebnshtrohet analizave sistematike me q\u00ebllim q\u00eb t\u00eb nxirret profili i ADN-s\u00eb, i cili pastaj do t\u00eb krahasohet me t\u00eb dh\u00ebnat dhe gjakun e dh\u00ebn\u00eb t\u00eb familjar\u00ebve dhe pastaj dalim me konstatim\u201d, ka th\u00ebn\u00eb Haliti.<\/p>\n\n\n\n<p class=\"wp-block-paragraph\">Bekim Blakaj nga Fondi p\u00ebr t\u00eb Drejt\u00ebn Humanitare n\u00eb Kosov\u00eb deklaroi se familjar\u00ebt kan\u00eb t\u00eb drejt\u00eb t\u00eb din\u00eb \u00e7do gj\u00eb rreth procesit.<\/p>\n\n\n\n<p class=\"wp-block-paragraph\">\u201cFamiljar\u00ebt kan\u00eb t\u00eb drejt\u00eb q\u00eb jo vet\u00ebm t\u2019i varrosin t\u00eb af\u00ebrmit e tyre me nderime t\u00eb larta, por edhe kan\u00eb t\u00eb drejt\u00eb q\u00eb t\u00eb din\u00eb \u00e7do gj\u00eb rreth procesit dhe pse jan\u00eb vonuar deri tash gjetja e familjarit t\u00eb tyre\u201d, ka th\u00ebn\u00eb Blakaj.<\/p>\n\n\n\n<p class=\"wp-block-paragraph\">N\u00eb sh\u00ebnim t\u00eb Dit\u00ebs Nd\u00ebrkomb\u00ebtare t\u00eb Viktimave t\u00eb Zhdukjeve me Forc\u00eb, organizatat joqeveritare mbajt\u00ebn diskutim publik, ku u tha se p\u00ebr vendndodhjen e rreth 1600 personave t\u00eb zhdukur gjat\u00eb luft\u00ebs s\u00eb fundit duhet t\u00eb hapen arkivat n\u00eb Serbi.&nbsp;<\/p>\n","protected":false},"excerpt":{"rendered":"<p>N\u00eb vendin ton\u00eb, jan\u00eb edhe rreth 1600 persona t\u00eb zhdukur me forc\u00eb gjat\u00eb luft\u00ebs, t\u00eb cil\u00ebt \u00e7do dit\u00eb k\u00ebrkohen nga familjar\u00ebt e tyre. N\u00eb Dit\u00ebn Nd\u00ebrkomb\u00ebtare t\u00eb Viktimave t\u00eb Zhdukura me Forc\u00eb, gjat\u00eb nj\u00eb diskutimi publik t\u00eb mbajtur nga organizatat nd\u00ebrkomb\u00ebtare me familjar\u00ebt e personave t\u00eb zhdukur, u k\u00ebrkua hapja e arkivave t\u00eb Serbis\u00eb p\u00ebr [&hellip;]<\/p>\n","protected":false},"author":4,"featured_media":30287,"comment_status":"open","ping_status":"open","sticky":false,"template":"","format":"standard","meta":{"footnotes":""},"categories":[31,30],"tags":[],"class_list":["post-30286","post","type-post","status-publish","format-standard","has-post-thumbnail","category-kosove","category-lajme"],"yoast_head":"<!-- This site is optimized with the Yoast SEO plugin v27.4 - https:\/\/yoast.com\/product\/yoast-seo-wordpress\/ -->\n<title>Familjar\u00ebt e t\u00eb zhdukurve k\u00ebrkojn\u00eb hapjen e arkivave t\u00eb Serbis\u00eb\u00a0 - Kosova Times<\/title>\n<meta name=\"robots\" content=\"index, follow, max-snippet:-1, max-image-preview:large, max-video-preview:-1\" \/>\n<link rel=\"canonical\" href=\"https:\/\/kosovatimes.info\/index.php\/2026\/08\/31\/familjaret-e-te-zhdukurve-kerkojne-hapjen-e-arkivave-te-serbise\/\" \/>\n<meta property=\"og:locale\" content=\"en_US\" \/>\n<meta property=\"og:type\" content=\"article\" \/>\n<meta property=\"og:title\" content=\"Familjar\u00ebt e t\u00eb zhdukurve k\u00ebrkojn\u00eb hapjen e arkivave t\u00eb Serbis\u00eb\u00a0 - Kosova Times\" \/>\n<meta property=\"og:description\" content=\"N\u00eb vendin ton\u00eb, jan\u00eb edhe rreth 1600 persona t\u00eb zhdukur me forc\u00eb gjat\u00eb luft\u00ebs, t\u00eb cil\u00ebt \u00e7do dit\u00eb k\u00ebrkohen nga familjar\u00ebt e tyre. N\u00eb Dit\u00ebn Nd\u00ebrkomb\u00ebtare t\u00eb Viktimave t\u00eb Zhdukura me Forc\u00eb, gjat\u00eb nj\u00eb diskutimi publik t\u00eb mbajtur nga organizatat nd\u00ebrkomb\u00ebtare me familjar\u00ebt e personave t\u00eb zhdukur, u k\u00ebrkua hapja e arkivave t\u00eb Serbis\u00eb p\u00ebr [&hellip;]\" \/>\n<meta property=\"og:url\" content=\"https:\/\/kosovatimes.info\/index.php\/2026\/08\/31\/familjaret-e-te-zhdukurve-kerkojne-hapjen-e-arkivave-te-serbise\/\" \/>\n<meta property=\"og:site_name\" content=\"Kosova Times\" \/>\n<meta property=\"article:published_time\" content=\"2026-08-31T17:46:00+00:00\" \/>\n<meta property=\"article:modified_time\" content=\"2026-08-31T20:38:47+00:00\" \/>\n<meta property=\"og:image\" content=\"https:\/\/kosovatimes.info\/wp-content\/uploads\/2026\/08\/zhdukurit.jpeg\" \/>\n\t<meta property=\"og:image:width\" content=\"554\" \/>\n\t<meta property=\"og:image:height\" content=\"554\" \/>\n\t<meta property=\"og:image:type\" content=\"image\/jpeg\" \/>\n<meta name=\"author\" content=\"i l\" \/>\n<meta name=\"twitter:card\" content=\"summary_large_image\" \/>\n<meta name=\"twitter:label1\" content=\"Written by\" \/>\n\t<meta name=\"twitter:data1\" content=\"i l\" \/>\n\t<meta name=\"twitter:label2\" content=\"Est. reading time\" \/>\n\t<meta name=\"twitter:data2\" content=\"2 minutes\" \/>\n<script type=\"application\/ld+json\" class=\"yoast-schema-graph\">{\"@context\":\"https:\\\/\\\/schema.org\",\"@graph\":[{\"@type\":\"Article\",\"@id\":\"https:\\\/\\\/kosovatimes.info\\\/index.php\\\/2026\\\/08\\\/31\\\/familjaret-e-te-zhdukurve-kerkojne-hapjen-e-arkivave-te-serbise\\\/#article\",\"isPartOf\":{\"@id\":\"https:\\\/\\\/kosovatimes.info\\\/index.php\\\/2026\\\/08\\\/31\\\/familjaret-e-te-zhdukurve-kerkojne-hapjen-e-arkivave-te-serbise\\\/\"},\"author\":{\"name\":\"i l\",\"@id\":\"https:\\\/\\\/kosovatimes.info\\\/#\\\/schema\\\/person\\\/7586712b9c512fe68085de007378c915\"},\"headline\":\"Familjar\u00ebt e t\u00eb zhdukurve k\u00ebrkojn\u00eb hapjen e arkivave t\u00eb Serbis\u00eb\u00a0\",\"datePublished\":\"2026-08-31T17:46:00+00:00\",\"dateModified\":\"2026-08-31T20:38:47+00:00\",\"mainEntityOfPage\":{\"@id\":\"https:\\\/\\\/kosovatimes.info\\\/index.php\\\/2026\\\/08\\\/31\\\/familjaret-e-te-zhdukurve-kerkojne-hapjen-e-arkivave-te-serbise\\\/\"},\"wordCount\":437,\"commentCount\":0,\"image\":{\"@id\":\"https:\\\/\\\/kosovatimes.info\\\/index.php\\\/2026\\\/08\\\/31\\\/familjaret-e-te-zhdukurve-kerkojne-hapjen-e-arkivave-te-serbise\\\/#primaryimage\"},\"thumbnailUrl\":\"https:\\\/\\\/kosovatimes.info\\\/wp-content\\\/uploads\\\/2026\\\/08\\\/zhdukurit.jpeg\",\"articleSection\":[\"Kosov\u00eb\",\"Lajme\"],\"inLanguage\":\"en-US\",\"potentialAction\":[{\"@type\":\"CommentAction\",\"name\":\"Comment\",\"target\":[\"https:\\\/\\\/kosovatimes.info\\\/index.php\\\/2026\\\/08\\\/31\\\/familjaret-e-te-zhdukurve-kerkojne-hapjen-e-arkivave-te-serbise\\\/#respond\"]}]},{\"@type\":\"WebPage\",\"@id\":\"https:\\\/\\\/kosovatimes.info\\\/index.php\\\/2026\\\/08\\\/31\\\/familjaret-e-te-zhdukurve-kerkojne-hapjen-e-arkivave-te-serbise\\\/\",\"url\":\"https:\\\/\\\/kosovatimes.info\\\/index.php\\\/2026\\\/08\\\/31\\\/familjaret-e-te-zhdukurve-kerkojne-hapjen-e-arkivave-te-serbise\\\/\",\"name\":\"Familjar\u00ebt e t\u00eb zhdukurve k\u00ebrkojn\u00eb hapjen e arkivave t\u00eb Serbis\u00eb\u00a0 - Kosova Times\",\"isPartOf\":{\"@id\":\"https:\\\/\\\/kosovatimes.info\\\/#website\"},\"primaryImageOfPage\":{\"@id\":\"https:\\\/\\\/kosovatimes.info\\\/index.php\\\/2026\\\/08\\\/31\\\/familjaret-e-te-zhdukurve-kerkojne-hapjen-e-arkivave-te-serbise\\\/#primaryimage\"},\"image\":{\"@id\":\"https:\\\/\\\/kosovatimes.info\\\/index.php\\\/2026\\\/08\\\/31\\\/familjaret-e-te-zhdukurve-kerkojne-hapjen-e-arkivave-te-serbise\\\/#primaryimage\"},\"thumbnailUrl\":\"https:\\\/\\\/kosovatimes.info\\\/wp-content\\\/uploads\\\/2026\\\/08\\\/zhdukurit.jpeg\",\"datePublished\":\"2026-08-31T17:46:00+00:00\",\"dateModified\":\"2026-08-31T20:38:47+00:00\",\"author\":{\"@id\":\"https:\\\/\\\/kosovatimes.info\\\/#\\\/schema\\\/person\\\/7586712b9c512fe68085de007378c915\"},\"breadcrumb\":{\"@id\":\"https:\\\/\\\/kosovatimes.info\\\/index.php\\\/2026\\\/08\\\/31\\\/familjaret-e-te-zhdukurve-kerkojne-hapjen-e-arkivave-te-serbise\\\/#breadcrumb\"},\"inLanguage\":\"en-US\",\"potentialAction\":[{\"@type\":\"ReadAction\",\"target\":[\"https:\\\/\\\/kosovatimes.info\\\/index.php\\\/2026\\\/08\\\/31\\\/familjaret-e-te-zhdukurve-kerkojne-hapjen-e-arkivave-te-serbise\\\/\"]}]},{\"@type\":\"ImageObject\",\"inLanguage\":\"en-US\",\"@id\":\"https:\\\/\\\/kosovatimes.info\\\/index.php\\\/2026\\\/08\\\/31\\\/familjaret-e-te-zhdukurve-kerkojne-hapjen-e-arkivave-te-serbise\\\/#primaryimage\",\"url\":\"https:\\\/\\\/kosovatimes.info\\\/wp-content\\\/uploads\\\/2026\\\/08\\\/zhdukurit.jpeg\",\"contentUrl\":\"https:\\\/\\\/kosovatimes.info\\\/wp-content\\\/uploads\\\/2026\\\/08\\\/zhdukurit.jpeg\",\"width\":554,\"height\":554},{\"@type\":\"BreadcrumbList\",\"@id\":\"https:\\\/\\\/kosovatimes.info\\\/index.php\\\/2026\\\/08\\\/31\\\/familjaret-e-te-zhdukurve-kerkojne-hapjen-e-arkivave-te-serbise\\\/#breadcrumb\",\"itemListElement\":[{\"@type\":\"ListItem\",\"position\":1,\"name\":\"Home\",\"item\":\"https:\\\/\\\/kosovatimes.info\\\/\"},{\"@type\":\"ListItem\",\"position\":2,\"name\":\"Familjar\u00ebt e t\u00eb zhdukurve k\u00ebrkojn\u00eb hapjen e arkivave t\u00eb Serbis\u00eb\u00a0\"}]},{\"@type\":\"WebSite\",\"@id\":\"https:\\\/\\\/kosovatimes.info\\\/#website\",\"url\":\"https:\\\/\\\/kosovatimes.info\\\/\",\"name\":\"Kosova Times\",\"description\":\"\",\"potentialAction\":[{\"@type\":\"SearchAction\",\"target\":{\"@type\":\"EntryPoint\",\"urlTemplate\":\"https:\\\/\\\/kosovatimes.info\\\/?s={search_term_string}\"},\"query-input\":{\"@type\":\"PropertyValueSpecification\",\"valueRequired\":true,\"valueName\":\"search_term_string\"}}],\"inLanguage\":\"en-US\"},{\"@type\":\"Person\",\"@id\":\"https:\\\/\\\/kosovatimes.info\\\/#\\\/schema\\\/person\\\/7586712b9c512fe68085de007378c915\",\"name\":\"i l\",\"image\":{\"@type\":\"ImageObject\",\"inLanguage\":\"en-US\",\"@id\":\"https:\\\/\\\/secure.gravatar.com\\\/avatar\\\/bad9296e02816160ae2e2435beda58222022298d5625d49fea74d18816fbb31d?s=96&d=mm&r=g\",\"url\":\"https:\\\/\\\/secure.gravatar.com\\\/avatar\\\/bad9296e02816160ae2e2435beda58222022298d5625d49fea74d18816fbb31d?s=96&d=mm&r=g\",\"contentUrl\":\"https:\\\/\\\/secure.gravatar.com\\\/avatar\\\/bad9296e02816160ae2e2435beda58222022298d5625d49fea74d18816fbb31d?s=96&d=mm&r=g\",\"caption\":\"i l\"},\"url\":\"https:\\\/\\\/kosovatimes.info\\\/index.php\\\/author\\\/iliri\\\/\"}]}<\/script>\n<!-- \/ Yoast SEO plugin. -->","yoast_head_json":{"title":"Familjar\u00ebt e t\u00eb zhdukurve k\u00ebrkojn\u00eb hapjen e arkivave t\u00eb Serbis\u00eb\u00a0 - Kosova Times","robots":{"index":"index","follow":"follow","max-snippet":"max-snippet:-1","max-image-preview":"max-image-preview:large","max-video-preview":"max-video-preview:-1"},"canonical":"https:\/\/kosovatimes.info\/index.php\/2026\/08\/31\/familjaret-e-te-zhdukurve-kerkojne-hapjen-e-arkivave-te-serbise\/","og_locale":"en_US","og_type":"article","og_title":"Familjar\u00ebt e t\u00eb zhdukurve k\u00ebrkojn\u00eb hapjen e arkivave t\u00eb Serbis\u00eb\u00a0 - Kosova Times","og_description":"N\u00eb vendin ton\u00eb, jan\u00eb edhe rreth 1600 persona t\u00eb zhdukur me forc\u00eb gjat\u00eb luft\u00ebs, t\u00eb cil\u00ebt \u00e7do dit\u00eb k\u00ebrkohen nga familjar\u00ebt e tyre. N\u00eb Dit\u00ebn Nd\u00ebrkomb\u00ebtare t\u00eb Viktimave t\u00eb Zhdukura me Forc\u00eb, gjat\u00eb nj\u00eb diskutimi publik t\u00eb mbajtur nga organizatat nd\u00ebrkomb\u00ebtare me familjar\u00ebt e personave t\u00eb zhdukur, u k\u00ebrkua hapja e arkivave t\u00eb Serbis\u00eb p\u00ebr [&hellip;]","og_url":"https:\/\/kosovatimes.info\/index.php\/2026\/08\/31\/familjaret-e-te-zhdukurve-kerkojne-hapjen-e-arkivave-te-serbise\/","og_site_name":"Kosova Times","article_published_time":"2026-08-31T17:46:00+00:00","article_modified_time":"2026-08-31T20:38:47+00:00","og_image":[{"width":554,"height":554,"url":"https:\/\/kosovatimes.info\/wp-content\/uploads\/2026\/08\/zhdukurit.jpeg","type":"image\/jpeg"}],"author":"i l","twitter_card":"summary_large_image","twitter_misc":{"Written by":"i l","Est. reading time":"2 minutes"},"schema":{"@context":"https:\/\/schema.org","@graph":[{"@type":"Article","@id":"https:\/\/kosovatimes.info\/index.php\/2026\/08\/31\/familjaret-e-te-zhdukurve-kerkojne-hapjen-e-arkivave-te-serbise\/#article","isPartOf":{"@id":"https:\/\/kosovatimes.info\/index.php\/2026\/08\/31\/familjaret-e-te-zhdukurve-kerkojne-hapjen-e-arkivave-te-serbise\/"},"author":{"name":"i l","@id":"https:\/\/kosovatimes.info\/#\/schema\/person\/7586712b9c512fe68085de007378c915"},"headline":"Familjar\u00ebt e t\u00eb zhdukurve k\u00ebrkojn\u00eb hapjen e arkivave t\u00eb Serbis\u00eb\u00a0","datePublished":"2026-08-31T17:46:00+00:00","dateModified":"2026-08-31T20:38:47+00:00","mainEntityOfPage":{"@id":"https:\/\/kosovatimes.info\/index.php\/2026\/08\/31\/familjaret-e-te-zhdukurve-kerkojne-hapjen-e-arkivave-te-serbise\/"},"wordCount":437,"commentCount":0,"image":{"@id":"https:\/\/kosovatimes.info\/index.php\/2026\/08\/31\/familjaret-e-te-zhdukurve-kerkojne-hapjen-e-arkivave-te-serbise\/#primaryimage"},"thumbnailUrl":"https:\/\/kosovatimes.info\/wp-content\/uploads\/2026\/08\/zhdukurit.jpeg","articleSection":["Kosov\u00eb","Lajme"],"inLanguage":"en-US","potentialAction":[{"@type":"CommentAction","name":"Comment","target":["https:\/\/kosovatimes.info\/index.php\/2026\/08\/31\/familjaret-e-te-zhdukurve-kerkojne-hapjen-e-arkivave-te-serbise\/#respond"]}]},{"@type":"WebPage","@id":"https:\/\/kosovatimes.info\/index.php\/2026\/08\/31\/familjaret-e-te-zhdukurve-kerkojne-hapjen-e-arkivave-te-serbise\/","url":"https:\/\/kosovatimes.info\/index.php\/2026\/08\/31\/familjaret-e-te-zhdukurve-kerkojne-hapjen-e-arkivave-te-serbise\/","name":"Familjar\u00ebt e t\u00eb zhdukurve k\u00ebrkojn\u00eb hapjen e arkivave t\u00eb Serbis\u00eb\u00a0 - Kosova Times","isPartOf":{"@id":"https:\/\/kosovatimes.info\/#website"},"primaryImageOfPage":{"@id":"https:\/\/kosovatimes.info\/index.php\/2026\/08\/31\/familjaret-e-te-zhdukurve-kerkojne-hapjen-e-arkivave-te-serbise\/#primaryimage"},"image":{"@id":"https:\/\/kosovatimes.info\/index.php\/2026\/08\/31\/familjaret-e-te-zhdukurve-kerkojne-hapjen-e-arkivave-te-serbise\/#primaryimage"},"thumbnailUrl":"https:\/\/kosovatimes.info\/wp-content\/uploads\/2026\/08\/zhdukurit.jpeg","datePublished":"2026-08-31T17:46:00+00:00","dateModified":"2026-08-31T20:38:47+00:00","author":{"@id":"https:\/\/kosovatimes.info\/#\/schema\/person\/7586712b9c512fe68085de007378c915"},"breadcrumb":{"@id":"https:\/\/kosovatimes.info\/index.php\/2026\/08\/31\/familjaret-e-te-zhdukurve-kerkojne-hapjen-e-arkivave-te-serbise\/#breadcrumb"},"inLanguage":"en-US","potentialAction":[{"@type":"ReadAction","target":["https:\/\/kosovatimes.info\/index.php\/2026\/08\/31\/familjaret-e-te-zhdukurve-kerkojne-hapjen-e-arkivave-te-serbise\/"]}]},{"@type":"ImageObject","inLanguage":"en-US","@id":"https:\/\/kosovatimes.info\/index.php\/2026\/08\/31\/familjaret-e-te-zhdukurve-kerkojne-hapjen-e-arkivave-te-serbise\/#primaryimage","url":"https:\/\/kosovatimes.info\/wp-content\/uploads\/2026\/08\/zhdukurit.jpeg","contentUrl":"https:\/\/kosovatimes.info\/wp-content\/uploads\/2026\/08\/zhdukurit.jpeg","width":554,"height":554},{"@type":"BreadcrumbList","@id":"https:\/\/kosovatimes.info\/index.php\/2026\/08\/31\/familjaret-e-te-zhdukurve-kerkojne-hapjen-e-arkivave-te-serbise\/#breadcrumb","itemListElement":[{"@type":"ListItem","position":1,"name":"Home","item":"https:\/\/kosovatimes.info\/"},{"@type":"ListItem","position":2,"name":"Familjar\u00ebt e t\u00eb zhdukurve k\u00ebrkojn\u00eb hapjen e arkivave t\u00eb Serbis\u00eb\u00a0"}]},{"@type":"WebSite","@id":"https:\/\/kosovatimes.info\/#website","url":"https:\/\/kosovatimes.info\/","name":"Kosova Times","description":"","potentialAction":[{"@type":"SearchAction","target":{"@type":"EntryPoint","urlTemplate":"https:\/\/kosovatimes.info\/?s={search_term_string}"},"query-input":{"@type":"PropertyValueSpecification","valueRequired":true,"valueName":"search_term_string"}}],"inLanguage":"en-US"},{"@type":"Person","@id":"https:\/\/kosovatimes.info\/#\/schema\/person\/7586712b9c512fe68085de007378c915","name":"i l","image":{"@type":"ImageObject","inLanguage":"en-US","@id":"https:\/\/secure.gravatar.com\/avatar\/bad9296e02816160ae2e2435beda58222022298d5625d49fea74d18816fbb31d?s=96&d=mm&r=g","url":"https:\/\/secure.gravatar.com\/avatar\/bad9296e02816160ae2e2435beda58222022298d5625d49fea74d18816fbb31d?s=96&d=mm&r=g","contentUrl":"https:\/\/secure.gravatar.com\/avatar\/bad9296e02816160ae2e2435beda58222022298d5625d49fea74d18816fbb31d?s=96&d=mm&r=g","caption":"i l"},"url":"https:\/\/kosovatimes.info\/index.php\/author\/iliri\/"}]}},"_links":{"self":[{"href":"https:\/\/kosovatimes.info\/index.php\/wp-json\/wp\/v2\/posts\/30286","targetHints":{"allow":["GET"]}}],"collection":[{"href":"https:\/\/kosovatimes.info\/index.php\/wp-json\/wp\/v2\/posts"}],"about":[{"href":"https:\/\/kosovatimes.info\/index.php\/wp-json\/wp\/v2\/types\/post"}],"author":[{"embeddable":true,"href":"https:\/\/kosovatimes.info\/index.php\/wp-json\/wp\/v2\/users\/4"}],"replies":[{"embeddable":true,"href":"https:\/\/kosovatimes.info\/index.php\/wp-json\/wp\/v2\/comments?post=30286"}],"version-history":[{"count":1,"href":"https:\/\/kosovatimes.info\/index.php\/wp-json\/wp\/v2\/posts\/30286\/revisions"}],"predecessor-version":[{"id":30288,"href":"https:\/\/kosovatimes.info\/index.php\/wp-json\/wp\/v2\/posts\/30286\/revisions\/30288"}],"wp:featuredmedia":[{"embeddable":true,"href":"https:\/\/kosovatimes.info\/index.php\/wp-json\/wp\/v2\/media\/30287"}],"wp:attachment":[{"href":"https:\/\/kosovatimes.info\/index.php\/wp-json\/wp\/v2\/media?parent=30286"}],"wp:term":[{"taxonomy":"category","embeddable":true,"href":"https:\/\/kosovatimes.info\/index.php\/wp-json\/wp\/v2\/categories?post=30286"},{"taxonomy":"post_tag","embeddable":true,"href":"https:\/\/kosovatimes.info\/index.php\/wp-json\/wp\/v2\/tags?post=30286"}],"curies":[{"name":"wp","href":"https:\/\/api.w.org\/{rel}","templated":true}]}}