{"id":30297,"date":"2026-08-31T22:04:00","date_gmt":"2026-08-31T20:04:00","guid":{"rendered":"https:\/\/kosovatimes.info\/?p=30297"},"modified":"2026-08-31T22:42:23","modified_gmt":"2026-08-31T20:42:23","slug":"ora-e-pritjes-nis-edhe-ne-malisheve","status":"publish","type":"post","link":"https:\/\/kosovatimes.info\/index.php\/2026\/08\/31\/ora-e-pritjes-nis-edhe-ne-malisheve\/","title":{"rendered":"`Ora e Pritjes` nis edhe n\u00eb Malishev\u00eb"},"content":{"rendered":"\n<p class=\"wp-block-paragraph\">22:04 \/ 31.08.2026<\/p>\n\n\n\n<p class=\"wp-block-paragraph\"><a target=\"_blank\" href=\"https:\/\/facebook.com\/sharer\/sharer.php?u=https%3A%2F%2Fwww.rtklive.com%2Fsq%2Fnews-single.php%3FID%3D732640\" rel=\"noopener\"><\/a><\/p>\n\n\n\n<p class=\"wp-block-paragraph\"><a target=\"_blank\" href=\"https:\/\/twitter.com\/share?url=https%3A%2F%2Fwww.rtklive.com%2Fsq%2Fnews-single.php%3FID%3D732640&amp;text=%E2%80%9COra%20e%20Pritjes%E2%80%9D%20ka%20nisur%20edhe%20n%C3%AB%20Malishev%C3%AB%2C%20duke%20iu%20bashkuar%20qyteteve%20t%C3%AB%20tjera%20t%C3%AB%20Kosov%C3%ABs%20n%C3%AB%20num%C3%ABrimin%20mbrapsht%20drejt%2016%20shtatorit%2C%20dit%C3%ABs%20kur%20pritet%20aktgjykimi%20ndaj%20Hashim%20Tha%C3%A7it%2C%20Kadri%20Veselit%2C%20Jakup%20Krasniqit%20dhe%20Rexhep%20Selimit.\" rel=\"noopener\"><\/a><\/p>\n\n\n\n<p class=\"wp-block-paragraph\"><a target=\"_blank\" href=\"https:\/\/www.linkedin.com\/shareArticle?mini=true&amp;url=https%3A%2F%2Fwww.rtklive.com%2Fsq%2Fnews-single.php%3FID%3D732640\" rel=\"noopener\"><\/a><\/p>\n\n\n\n<h2 class=\"wp-block-heading\">`Ora e Pritjes` nis edhe n\u00eb Malishev\u00eb<\/h2>\n\n\n\n<p class=\"wp-block-paragraph\">V.Th \/ RTKLive<\/p>\n\n\n\n<p class=\"wp-block-paragraph\"><strong>\u201cOra e Pritjes\u201d ka nisur edhe n\u00eb Malishev\u00eb, duke iu bashkuar qyteteve t\u00eb tjera t\u00eb Kosov\u00ebs n\u00eb num\u00ebrimin mbrapsht drejt 16 shtatorit, dit\u00ebs kur pritet aktgjykimi ndaj Hashim Tha\u00e7it, Kadri Veselit, Jakup Krasniqit dhe Rexhep Selimit.<\/strong><\/p>\n\n\n\n<p class=\"wp-block-paragraph\">N\u00eb aktivitetin e organizuar n\u00eb Malishev\u00eb mor\u00ebn pjes\u00eb p\u00ebrfaq\u00ebsuesit e platform\u00ebs qytetare \u201cLiria Ka Em\u00ebr\u201d, Ismail Tasholli dhe Eliza Hoxha, s\u00eb bashku me qytetar\u00eb dhe p\u00ebrfaq\u00ebsues lokal\u00eb.<br><br>Nga Malisheva u p\u00ebrcoll mesazhi se \u201cOra e Pritjes\u201d \u00ebsht\u00eb ora e liris\u00eb p\u00ebr \u00e7lirimtar\u00ebt, nj\u00eb simbol i pritjes, besimit dhe mb\u00ebshtetjes p\u00ebr ish-krer\u00ebt e Ushtris\u00eb \u00c7lirimtare t\u00eb Kosov\u00ebs q\u00eb ndodhen n\u00eb Hag\u00eb.<br><br>P\u00ebrfaq\u00ebsuesit e \u201cLiria Ka Em\u00ebr\u201d theksuan se p\u00ebrfshirja e gjithnj\u00eb e m\u00eb shum\u00eb qyteteve n\u00eb k\u00ebt\u00eb nism\u00eb d\u00ebshmon p\u00ebr nj\u00eb ndjenj\u00eb t\u00eb gjer\u00eb solidariteti dhe p\u00ebrkushtimi p\u00ebr ruajtjen e kujtes\u00ebs dhe vlerave t\u00eb luft\u00ebs \u00e7lirimtare.<br><br>\u201cKosova po pret. Nga Prishtina e deri n\u00eb Malishev\u00eb, \u00e7do or\u00eb q\u00eb num\u00ebron mbrapsht bart t\u00eb nj\u00ebjtin mesazh: presim drejt\u00ebsi, presim liri p\u00ebr \u00e7lirimtar\u00ebt tan\u00eb\u201d, ishte mesazhi i p\u00ebrcjell\u00eb gjat\u00eb aktivitetit.<br><br>Aktiviteti n\u00eb Malishev\u00eb zhvillohet n\u00eb prag t\u00eb Marshit p\u00ebr Liri, q\u00eb do t\u00eb mbahet m\u00eb 12 shtator, nga ora 14:00, n\u00eb sheshin \u201cSk\u00ebnderbeu\u201d n\u00eb Prishtin\u00eb, ku qytetar\u00eb nga e gjith\u00eb Kosova pritet t\u00eb bashkohen n\u00eb mb\u00ebshtetje t\u00eb Tha\u00e7it, Veselit, Krasniqit dhe Selimit.<br><br>Platforma \u201cLiria Ka Em\u00ebr\u201d po vazhdon aktivitetet n\u00eb qytete t\u00eb ndryshme t\u00eb Kosov\u00ebs me mesazhin e p\u00ebrbashk\u00ebt: Kosova po pret. Ora e Pritjes \u00ebsht\u00eb Ora e Liris\u00eb!<\/p>\n","protected":false},"excerpt":{"rendered":"<p>22:04 \/ 31.08.2026 `Ora e Pritjes` nis edhe n\u00eb Malishev\u00eb V.Th \/ RTKLive \u201cOra e Pritjes\u201d ka nisur edhe n\u00eb Malishev\u00eb, duke iu bashkuar qyteteve t\u00eb tjera t\u00eb Kosov\u00ebs n\u00eb num\u00ebrimin mbrapsht drejt 16 shtatorit, dit\u00ebs kur pritet aktgjykimi ndaj Hashim Tha\u00e7it, Kadri Veselit, Jakup Krasniqit dhe Rexhep Selimit. N\u00eb aktivitetin e organizuar n\u00eb Malishev\u00eb [&hellip;]<\/p>\n","protected":false},"author":4,"featured_media":30298,"comment_status":"open","ping_status":"open","sticky":false,"template":"","format":"standard","meta":{"footnotes":""},"categories":[31,30],"tags":[],"class_list":["post-30297","post","type-post","status-publish","format-standard","has-post-thumbnail","category-kosove","category-lajme"],"yoast_head":"<!-- This site is optimized with the Yoast SEO plugin v27.4 - https:\/\/yoast.com\/product\/yoast-seo-wordpress\/ -->\n<title>`Ora e Pritjes` nis edhe n\u00eb Malishev\u00eb - Kosova Times<\/title>\n<meta name=\"robots\" content=\"index, follow, max-snippet:-1, max-image-preview:large, max-video-preview:-1\" \/>\n<link rel=\"canonical\" href=\"https:\/\/kosovatimes.info\/index.php\/2026\/08\/31\/ora-e-pritjes-nis-edhe-ne-malisheve\/\" \/>\n<meta property=\"og:locale\" content=\"en_US\" \/>\n<meta property=\"og:type\" content=\"article\" \/>\n<meta property=\"og:title\" content=\"`Ora e Pritjes` nis edhe n\u00eb Malishev\u00eb - Kosova Times\" \/>\n<meta property=\"og:description\" content=\"22:04 \/ 31.08.2026 `Ora e Pritjes` nis edhe n\u00eb Malishev\u00eb V.Th \/ RTKLive \u201cOra e Pritjes\u201d ka nisur edhe n\u00eb Malishev\u00eb, duke iu bashkuar qyteteve t\u00eb tjera t\u00eb Kosov\u00ebs n\u00eb num\u00ebrimin mbrapsht drejt 16 shtatorit, dit\u00ebs kur pritet aktgjykimi ndaj Hashim Tha\u00e7it, Kadri Veselit, Jakup Krasniqit dhe Rexhep Selimit. N\u00eb aktivitetin e organizuar n\u00eb Malishev\u00eb [&hellip;]\" \/>\n<meta property=\"og:url\" content=\"https:\/\/kosovatimes.info\/index.php\/2026\/08\/31\/ora-e-pritjes-nis-edhe-ne-malisheve\/\" \/>\n<meta property=\"og:site_name\" content=\"Kosova Times\" \/>\n<meta property=\"article:published_time\" content=\"2026-08-31T20:04:00+00:00\" \/>\n<meta property=\"article:modified_time\" content=\"2026-08-31T20:42:23+00:00\" \/>\n<meta property=\"og:image\" content=\"https:\/\/kosovatimes.info\/wp-content\/uploads\/2026\/08\/MAlisheve.jpeg\" \/>\n\t<meta property=\"og:image:width\" content=\"780\" \/>\n\t<meta property=\"og:image:height\" content=\"500\" \/>\n\t<meta property=\"og:image:type\" content=\"image\/jpeg\" \/>\n<meta name=\"author\" content=\"i l\" \/>\n<meta name=\"twitter:card\" content=\"summary_large_image\" \/>\n<meta name=\"twitter:label1\" content=\"Written by\" \/>\n\t<meta name=\"twitter:data1\" content=\"i l\" \/>\n\t<meta name=\"twitter:label2\" content=\"Est. reading time\" \/>\n\t<meta name=\"twitter:data2\" content=\"2 minutes\" \/>\n<script type=\"application\/ld+json\" class=\"yoast-schema-graph\">{\"@context\":\"https:\\\/\\\/schema.org\",\"@graph\":[{\"@type\":\"Article\",\"@id\":\"https:\\\/\\\/kosovatimes.info\\\/index.php\\\/2026\\\/08\\\/31\\\/ora-e-pritjes-nis-edhe-ne-malisheve\\\/#article\",\"isPartOf\":{\"@id\":\"https:\\\/\\\/kosovatimes.info\\\/index.php\\\/2026\\\/08\\\/31\\\/ora-e-pritjes-nis-edhe-ne-malisheve\\\/\"},\"author\":{\"name\":\"i l\",\"@id\":\"https:\\\/\\\/kosovatimes.info\\\/#\\\/schema\\\/person\\\/7586712b9c512fe68085de007378c915\"},\"headline\":\"`Ora e Pritjes` nis edhe n\u00eb Malishev\u00eb\",\"datePublished\":\"2026-08-31T20:04:00+00:00\",\"dateModified\":\"2026-08-31T20:42:23+00:00\",\"mainEntityOfPage\":{\"@id\":\"https:\\\/\\\/kosovatimes.info\\\/index.php\\\/2026\\\/08\\\/31\\\/ora-e-pritjes-nis-edhe-ne-malisheve\\\/\"},\"wordCount\":288,\"commentCount\":0,\"image\":{\"@id\":\"https:\\\/\\\/kosovatimes.info\\\/index.php\\\/2026\\\/08\\\/31\\\/ora-e-pritjes-nis-edhe-ne-malisheve\\\/#primaryimage\"},\"thumbnailUrl\":\"https:\\\/\\\/kosovatimes.info\\\/wp-content\\\/uploads\\\/2026\\\/08\\\/MAlisheve.jpeg\",\"articleSection\":[\"Kosov\u00eb\",\"Lajme\"],\"inLanguage\":\"en-US\",\"potentialAction\":[{\"@type\":\"CommentAction\",\"name\":\"Comment\",\"target\":[\"https:\\\/\\\/kosovatimes.info\\\/index.php\\\/2026\\\/08\\\/31\\\/ora-e-pritjes-nis-edhe-ne-malisheve\\\/#respond\"]}]},{\"@type\":\"WebPage\",\"@id\":\"https:\\\/\\\/kosovatimes.info\\\/index.php\\\/2026\\\/08\\\/31\\\/ora-e-pritjes-nis-edhe-ne-malisheve\\\/\",\"url\":\"https:\\\/\\\/kosovatimes.info\\\/index.php\\\/2026\\\/08\\\/31\\\/ora-e-pritjes-nis-edhe-ne-malisheve\\\/\",\"name\":\"`Ora e Pritjes` nis edhe n\u00eb Malishev\u00eb - Kosova Times\",\"isPartOf\":{\"@id\":\"https:\\\/\\\/kosovatimes.info\\\/#website\"},\"primaryImageOfPage\":{\"@id\":\"https:\\\/\\\/kosovatimes.info\\\/index.php\\\/2026\\\/08\\\/31\\\/ora-e-pritjes-nis-edhe-ne-malisheve\\\/#primaryimage\"},\"image\":{\"@id\":\"https:\\\/\\\/kosovatimes.info\\\/index.php\\\/2026\\\/08\\\/31\\\/ora-e-pritjes-nis-edhe-ne-malisheve\\\/#primaryimage\"},\"thumbnailUrl\":\"https:\\\/\\\/kosovatimes.info\\\/wp-content\\\/uploads\\\/2026\\\/08\\\/MAlisheve.jpeg\",\"datePublished\":\"2026-08-31T20:04:00+00:00\",\"dateModified\":\"2026-08-31T20:42:23+00:00\",\"author\":{\"@id\":\"https:\\\/\\\/kosovatimes.info\\\/#\\\/schema\\\/person\\\/7586712b9c512fe68085de007378c915\"},\"breadcrumb\":{\"@id\":\"https:\\\/\\\/kosovatimes.info\\\/index.php\\\/2026\\\/08\\\/31\\\/ora-e-pritjes-nis-edhe-ne-malisheve\\\/#breadcrumb\"},\"inLanguage\":\"en-US\",\"potentialAction\":[{\"@type\":\"ReadAction\",\"target\":[\"https:\\\/\\\/kosovatimes.info\\\/index.php\\\/2026\\\/08\\\/31\\\/ora-e-pritjes-nis-edhe-ne-malisheve\\\/\"]}]},{\"@type\":\"ImageObject\",\"inLanguage\":\"en-US\",\"@id\":\"https:\\\/\\\/kosovatimes.info\\\/index.php\\\/2026\\\/08\\\/31\\\/ora-e-pritjes-nis-edhe-ne-malisheve\\\/#primaryimage\",\"url\":\"https:\\\/\\\/kosovatimes.info\\\/wp-content\\\/uploads\\\/2026\\\/08\\\/MAlisheve.jpeg\",\"contentUrl\":\"https:\\\/\\\/kosovatimes.info\\\/wp-content\\\/uploads\\\/2026\\\/08\\\/MAlisheve.jpeg\",\"width\":780,\"height\":500},{\"@type\":\"BreadcrumbList\",\"@id\":\"https:\\\/\\\/kosovatimes.info\\\/index.php\\\/2026\\\/08\\\/31\\\/ora-e-pritjes-nis-edhe-ne-malisheve\\\/#breadcrumb\",\"itemListElement\":[{\"@type\":\"ListItem\",\"position\":1,\"name\":\"Home\",\"item\":\"https:\\\/\\\/kosovatimes.info\\\/\"},{\"@type\":\"ListItem\",\"position\":2,\"name\":\"`Ora e Pritjes` nis edhe n\u00eb Malishev\u00eb\"}]},{\"@type\":\"WebSite\",\"@id\":\"https:\\\/\\\/kosovatimes.info\\\/#website\",\"url\":\"https:\\\/\\\/kosovatimes.info\\\/\",\"name\":\"Kosova Times\",\"description\":\"\",\"potentialAction\":[{\"@type\":\"SearchAction\",\"target\":{\"@type\":\"EntryPoint\",\"urlTemplate\":\"https:\\\/\\\/kosovatimes.info\\\/?s={search_term_string}\"},\"query-input\":{\"@type\":\"PropertyValueSpecification\",\"valueRequired\":true,\"valueName\":\"search_term_string\"}}],\"inLanguage\":\"en-US\"},{\"@type\":\"Person\",\"@id\":\"https:\\\/\\\/kosovatimes.info\\\/#\\\/schema\\\/person\\\/7586712b9c512fe68085de007378c915\",\"name\":\"i l\",\"image\":{\"@type\":\"ImageObject\",\"inLanguage\":\"en-US\",\"@id\":\"https:\\\/\\\/secure.gravatar.com\\\/avatar\\\/bad9296e02816160ae2e2435beda58222022298d5625d49fea74d18816fbb31d?s=96&d=mm&r=g\",\"url\":\"https:\\\/\\\/secure.gravatar.com\\\/avatar\\\/bad9296e02816160ae2e2435beda58222022298d5625d49fea74d18816fbb31d?s=96&d=mm&r=g\",\"contentUrl\":\"https:\\\/\\\/secure.gravatar.com\\\/avatar\\\/bad9296e02816160ae2e2435beda58222022298d5625d49fea74d18816fbb31d?s=96&d=mm&r=g\",\"caption\":\"i l\"},\"url\":\"https:\\\/\\\/kosovatimes.info\\\/index.php\\\/author\\\/iliri\\\/\"}]}<\/script>\n<!-- \/ Yoast SEO plugin. -->","yoast_head_json":{"title":"`Ora e Pritjes` nis edhe n\u00eb Malishev\u00eb - Kosova Times","robots":{"index":"index","follow":"follow","max-snippet":"max-snippet:-1","max-image-preview":"max-image-preview:large","max-video-preview":"max-video-preview:-1"},"canonical":"https:\/\/kosovatimes.info\/index.php\/2026\/08\/31\/ora-e-pritjes-nis-edhe-ne-malisheve\/","og_locale":"en_US","og_type":"article","og_title":"`Ora e Pritjes` nis edhe n\u00eb Malishev\u00eb - Kosova Times","og_description":"22:04 \/ 31.08.2026 `Ora e Pritjes` nis edhe n\u00eb Malishev\u00eb V.Th \/ RTKLive \u201cOra e Pritjes\u201d ka nisur edhe n\u00eb Malishev\u00eb, duke iu bashkuar qyteteve t\u00eb tjera t\u00eb Kosov\u00ebs n\u00eb num\u00ebrimin mbrapsht drejt 16 shtatorit, dit\u00ebs kur pritet aktgjykimi ndaj Hashim Tha\u00e7it, Kadri Veselit, Jakup Krasniqit dhe Rexhep Selimit. N\u00eb aktivitetin e organizuar n\u00eb Malishev\u00eb [&hellip;]","og_url":"https:\/\/kosovatimes.info\/index.php\/2026\/08\/31\/ora-e-pritjes-nis-edhe-ne-malisheve\/","og_site_name":"Kosova Times","article_published_time":"2026-08-31T20:04:00+00:00","article_modified_time":"2026-08-31T20:42:23+00:00","og_image":[{"width":780,"height":500,"url":"https:\/\/kosovatimes.info\/wp-content\/uploads\/2026\/08\/MAlisheve.jpeg","type":"image\/jpeg"}],"author":"i l","twitter_card":"summary_large_image","twitter_misc":{"Written by":"i l","Est. reading time":"2 minutes"},"schema":{"@context":"https:\/\/schema.org","@graph":[{"@type":"Article","@id":"https:\/\/kosovatimes.info\/index.php\/2026\/08\/31\/ora-e-pritjes-nis-edhe-ne-malisheve\/#article","isPartOf":{"@id":"https:\/\/kosovatimes.info\/index.php\/2026\/08\/31\/ora-e-pritjes-nis-edhe-ne-malisheve\/"},"author":{"name":"i l","@id":"https:\/\/kosovatimes.info\/#\/schema\/person\/7586712b9c512fe68085de007378c915"},"headline":"`Ora e Pritjes` nis edhe n\u00eb Malishev\u00eb","datePublished":"2026-08-31T20:04:00+00:00","dateModified":"2026-08-31T20:42:23+00:00","mainEntityOfPage":{"@id":"https:\/\/kosovatimes.info\/index.php\/2026\/08\/31\/ora-e-pritjes-nis-edhe-ne-malisheve\/"},"wordCount":288,"commentCount":0,"image":{"@id":"https:\/\/kosovatimes.info\/index.php\/2026\/08\/31\/ora-e-pritjes-nis-edhe-ne-malisheve\/#primaryimage"},"thumbnailUrl":"https:\/\/kosovatimes.info\/wp-content\/uploads\/2026\/08\/MAlisheve.jpeg","articleSection":["Kosov\u00eb","Lajme"],"inLanguage":"en-US","potentialAction":[{"@type":"CommentAction","name":"Comment","target":["https:\/\/kosovatimes.info\/index.php\/2026\/08\/31\/ora-e-pritjes-nis-edhe-ne-malisheve\/#respond"]}]},{"@type":"WebPage","@id":"https:\/\/kosovatimes.info\/index.php\/2026\/08\/31\/ora-e-pritjes-nis-edhe-ne-malisheve\/","url":"https:\/\/kosovatimes.info\/index.php\/2026\/08\/31\/ora-e-pritjes-nis-edhe-ne-malisheve\/","name":"`Ora e Pritjes` nis edhe n\u00eb Malishev\u00eb - Kosova Times","isPartOf":{"@id":"https:\/\/kosovatimes.info\/#website"},"primaryImageOfPage":{"@id":"https:\/\/kosovatimes.info\/index.php\/2026\/08\/31\/ora-e-pritjes-nis-edhe-ne-malisheve\/#primaryimage"},"image":{"@id":"https:\/\/kosovatimes.info\/index.php\/2026\/08\/31\/ora-e-pritjes-nis-edhe-ne-malisheve\/#primaryimage"},"thumbnailUrl":"https:\/\/kosovatimes.info\/wp-content\/uploads\/2026\/08\/MAlisheve.jpeg","datePublished":"2026-08-31T20:04:00+00:00","dateModified":"2026-08-31T20:42:23+00:00","author":{"@id":"https:\/\/kosovatimes.info\/#\/schema\/person\/7586712b9c512fe68085de007378c915"},"breadcrumb":{"@id":"https:\/\/kosovatimes.info\/index.php\/2026\/08\/31\/ora-e-pritjes-nis-edhe-ne-malisheve\/#breadcrumb"},"inLanguage":"en-US","potentialAction":[{"@type":"ReadAction","target":["https:\/\/kosovatimes.info\/index.php\/2026\/08\/31\/ora-e-pritjes-nis-edhe-ne-malisheve\/"]}]},{"@type":"ImageObject","inLanguage":"en-US","@id":"https:\/\/kosovatimes.info\/index.php\/2026\/08\/31\/ora-e-pritjes-nis-edhe-ne-malisheve\/#primaryimage","url":"https:\/\/kosovatimes.info\/wp-content\/uploads\/2026\/08\/MAlisheve.jpeg","contentUrl":"https:\/\/kosovatimes.info\/wp-content\/uploads\/2026\/08\/MAlisheve.jpeg","width":780,"height":500},{"@type":"BreadcrumbList","@id":"https:\/\/kosovatimes.info\/index.php\/2026\/08\/31\/ora-e-pritjes-nis-edhe-ne-malisheve\/#breadcrumb","itemListElement":[{"@type":"ListItem","position":1,"name":"Home","item":"https:\/\/kosovatimes.info\/"},{"@type":"ListItem","position":2,"name":"`Ora e Pritjes` nis edhe n\u00eb Malishev\u00eb"}]},{"@type":"WebSite","@id":"https:\/\/kosovatimes.info\/#website","url":"https:\/\/kosovatimes.info\/","name":"Kosova Times","description":"","potentialAction":[{"@type":"SearchAction","target":{"@type":"EntryPoint","urlTemplate":"https:\/\/kosovatimes.info\/?s={search_term_string}"},"query-input":{"@type":"PropertyValueSpecification","valueRequired":true,"valueName":"search_term_string"}}],"inLanguage":"en-US"},{"@type":"Person","@id":"https:\/\/kosovatimes.info\/#\/schema\/person\/7586712b9c512fe68085de007378c915","name":"i l","image":{"@type":"ImageObject","inLanguage":"en-US","@id":"https:\/\/secure.gravatar.com\/avatar\/bad9296e02816160ae2e2435beda58222022298d5625d49fea74d18816fbb31d?s=96&d=mm&r=g","url":"https:\/\/secure.gravatar.com\/avatar\/bad9296e02816160ae2e2435beda58222022298d5625d49fea74d18816fbb31d?s=96&d=mm&r=g","contentUrl":"https:\/\/secure.gravatar.com\/avatar\/bad9296e02816160ae2e2435beda58222022298d5625d49fea74d18816fbb31d?s=96&d=mm&r=g","caption":"i l"},"url":"https:\/\/kosovatimes.info\/index.php\/author\/iliri\/"}]}},"_links":{"self":[{"href":"https:\/\/kosovatimes.info\/index.php\/wp-json\/wp\/v2\/posts\/30297","targetHints":{"allow":["GET"]}}],"collection":[{"href":"https:\/\/kosovatimes.info\/index.php\/wp-json\/wp\/v2\/posts"}],"about":[{"href":"https:\/\/kosovatimes.info\/index.php\/wp-json\/wp\/v2\/types\/post"}],"author":[{"embeddable":true,"href":"https:\/\/kosovatimes.info\/index.php\/wp-json\/wp\/v2\/users\/4"}],"replies":[{"embeddable":true,"href":"https:\/\/kosovatimes.info\/index.php\/wp-json\/wp\/v2\/comments?post=30297"}],"version-history":[{"count":1,"href":"https:\/\/kosovatimes.info\/index.php\/wp-json\/wp\/v2\/posts\/30297\/revisions"}],"predecessor-version":[{"id":30299,"href":"https:\/\/kosovatimes.info\/index.php\/wp-json\/wp\/v2\/posts\/30297\/revisions\/30299"}],"wp:featuredmedia":[{"embeddable":true,"href":"https:\/\/kosovatimes.info\/index.php\/wp-json\/wp\/v2\/media\/30298"}],"wp:attachment":[{"href":"https:\/\/kosovatimes.info\/index.php\/wp-json\/wp\/v2\/media?parent=30297"}],"wp:term":[{"taxonomy":"category","embeddable":true,"href":"https:\/\/kosovatimes.info\/index.php\/wp-json\/wp\/v2\/categories?post=30297"},{"taxonomy":"post_tag","embeddable":true,"href":"https:\/\/kosovatimes.info\/index.php\/wp-json\/wp\/v2\/tags?post=30297"}],"curies":[{"name":"wp","href":"https:\/\/api.w.org\/{rel}","templated":true}]}}