{"id":30300,"date":"2026-08-31T22:45:13","date_gmt":"2026-08-31T20:45:13","guid":{"rendered":"https:\/\/kosovatimes.info\/?p=30300"},"modified":"2026-08-31T22:45:15","modified_gmt":"2026-08-31T20:45:15","slug":"projektligji-per-serbine-ne-kongresin-amerikan-kercenohen-sanksionet-vucic-mbetet-pa-dialog-strategjik","status":"publish","type":"post","link":"https:\/\/kosovatimes.info\/index.php\/2026\/08\/31\/projektligji-per-serbine-ne-kongresin-amerikan-kercenohen-sanksionet-vucic-mbetet-pa-dialog-strategjik\/","title":{"rendered":"Projektligji p\u00ebr Serbin\u00eb n\u00eb Kongresin Amerikan: K\u00ebrc\u00ebnohen sanksionet, Vu\u00e7i\u00e7 mbetet pa &#8220;dialog strategjik&#8221;"},"content":{"rendered":"\n<p class=\"wp-block-paragraph\">N\u00eb mesin e korrikut, qeveria e Shteteve t\u00eb Bashkuara hapi nj\u00eb dialog strategjik me Beogradin, dhe nj\u00eb muaj m\u00eb von\u00eb, kongresmen\u00ebt Joe Wilson dhe William Keating propozuan nj\u00eb projektligj p\u00ebr Serbin\u00eb, n\u00eb t\u00eb cilin ata kritikojn\u00eb ashp\u00ebr autoritetet, duke pretenduar se ato po &#8220;minojn\u00eb demokracin\u00eb dhe po nxisin marr\u00ebdh\u00ebnie t\u00eb ngushta me Rusin\u00eb, Kin\u00ebn dhe Iranin&#8221;.<\/p>\n\n\n\n<p class=\"wp-block-paragraph\">P\u00ebr momentin, ky dokument \u00ebsht\u00eb n\u00eb fazat e tij fillestare dhe \u00ebsht\u00eb larg miratimit nga t\u00eb dyja dhomat e Dhom\u00ebs s\u00eb P\u00ebrfaq\u00ebsuesve dhe Senatit, dhe Ministria e Pun\u00ebve t\u00eb Jashtme serbe nuk iu p\u00ebrgjigj k\u00ebrkes\u00ebs s\u00eb BBC-s\u00eb p\u00ebr koment deri n\u00eb koh\u00ebn e publikimit t\u00eb tekstit.<\/p>\n\n\n\n<p class=\"wp-block-paragraph\">\u201cShtetet e Bashkuara jan\u00eb konsistente n\u00eb politik\u00ebn e tyre q\u00eb Serbia duhet t\u2019i p\u00ebrmbahet sundimit t\u00eb ligjit, t\u2019i jap\u00eb fund destabilizimit rajonal dhe t\u00eb respektoj\u00eb lirin\u00eb e fjal\u00ebs dhe t\u00eb tubimit\u201d, tha kongresmeni Wilson n\u00eb nj\u00eb deklarat\u00eb me shkrim p\u00ebr BBC-n\u00eb n\u00eb serbisht.<\/p>\n\n\n\n<p class=\"wp-block-paragraph\">Dokumenti i propozuar i k\u00ebrkon Mark Rubios, Sekretarit t\u00eb Shtetit t\u00eb SHBA-s\u00eb, t\u00eb ushtroj\u00eb presion mbi Beogradin p\u00ebr t\u00eb siguruar zgjedhje t\u00eb lira dhe t\u00eb ndershme, p\u00ebr t\u00eb rritur luft\u00ebn kund\u00ebr korrupsionit, p\u00ebr t\u00eb siguruar sundimin e ligjit dhe p\u00ebr t\u00eb ndryshuar marr\u00ebdh\u00ebnien e tij me Mosk\u00ebn, Pekinin dhe Teheranin.<\/p>\n\n\n\n<p class=\"wp-block-paragraph\">N\u00ebse k\u00ebto \u00e7\u00ebshtje nuk zgjidhen n\u00eb m\u00ebnyr\u00eb adekuate, nuk fillohet nj\u00eb hetim i pavarur dhe transparent dhe nuk p\u00ebrcaktohet p\u00ebrgjegj\u00ebsia p\u00ebr tragjedin\u00eb n\u00eb Novi Sad dhe p\u00ebrdorimin e forc\u00ebs s\u00eb tep\u00ebrt kund\u00ebr protestuesve, Keating dhe Wilson argumentojn\u00eb se SHBA-t\u00eb duhet t\u00eb marrin n\u00eb konsiderat\u00eb edhe pezullimin e dialogut strategjik.<\/p>\n\n\n\n<p class=\"wp-block-paragraph\">&#8220;Mesazhi \u00ebsht\u00eb se Uashingtoni po v\u00ebzhgon at\u00eb q\u00eb po ndodh p\u00ebr nj\u00eb num\u00ebr arsyesh &#8211; sepse interesohet, por edhe sepse ka probleme t\u00eb caktuara.&#8221;<\/p>\n\n\n\n<p class=\"wp-block-paragraph\">\u00abDuhet t\u00eb jesh mbi \u00e7do dyshim, n\u00eb m\u00ebnyr\u00eb q\u00eb ata q\u00eb dyshojn\u00eb ndaj Serbis\u00eb t\u00eb mos ken\u00eb baz\u00eb p\u00ebr t\u00eb t\u00eb akuzuar p\u00ebr asgj\u00eb negative\u00bb, thot\u00eb J.C. Lintzenich i Fondit Gjerman Marshall n\u00eb Uashington.<\/p>\n\n\n\n<p class=\"wp-block-paragraph\">N\u00eb dy vitet e fundit, autoritetet n\u00eb Serbi jan\u00eb p\u00ebrballur me protesta kund\u00ebr korrupsionit q\u00eb k\u00ebrkojn\u00eb p\u00ebrgjegj\u00ebsi p\u00ebr vdekjen e 16 personave n\u00eb shembjen e nj\u00eb tend\u00eb n\u00eb Novi Sad, si dhe thirrje p\u00ebr zgjedhje t\u00eb parakohshme.<\/p>\n\n\n\n<p class=\"wp-block-paragraph\">Presidenti serb Aleksandar Vu\u00e7i\u00e7 ka njoftuar thirrjen p\u00ebr zgjedhje n\u00eb fund t\u00eb tetorit dhe ka hedhur posht\u00eb vazhdimisht pretendimet se qeveria po pengon dhe ngadal\u00ebson proceset gjyq\u00ebsore n\u00eb tragjedin\u00eb e Novi Sadit.<\/p>\n\n\n\n<p class=\"wp-block-paragraph\">N\u00eb t\u00eb nj\u00ebjt\u00ebn koh\u00eb, Serbia vazhdon politik\u00ebn e saj t\u00eb ruajtjes s\u00eb marr\u00ebdh\u00ebnieve t\u00eb mira me Bashkimin Evropian, SHBA-n\u00eb, Rusin\u00eb dhe Kin\u00ebn.<\/p>\n\n\n\n<p class=\"wp-block-paragraph\">Provat m\u00eb t\u00eb fundit n\u00eb mb\u00ebshtetje t\u00eb pretendimeve p\u00ebr &#8220;karrige t\u00eb shum\u00ebfishta&#8221; mb\u00ebrrit\u00ebn vet\u00ebm dy jav\u00eb t\u00eb gushtit &#8211; s\u00eb pari, Vladimir Zelensky, Presidenti i Ukrain\u00ebs, vizitoi Beogradin p\u00ebr her\u00eb t\u00eb par\u00eb q\u00eb nga marrja e detyr\u00ebs dhe m\u00eb pas, nd\u00ebrsa luftonte zjarret, Serbia iu drejtua s\u00eb pari Rusis\u00eb, e cila d\u00ebrgoi nj\u00eb aeroplan Ilyushin p\u00ebr t\u00eb ndihmuar.<\/p>\n\n\n\n<p class=\"wp-block-paragraph\">&#8220;Vizita e Zelensky ngriti nj\u00eb pyetje serioze n\u00ebse Serbia po kthehet m\u00eb n\u00eb fund drejt Per\u00ebndimit.&#8221;<\/p>\n\n\n\n<p class=\"wp-block-paragraph\">\u201c\u00cbsht\u00eb e mundur q\u00eb kongresmen\u00ebt donin t\u2019u d\u00ebrgonin nj\u00eb mesazh autoriteteve n\u00eb Serbi dhe Presidentit Vu\u00e7i\u00e7 q\u00eb t\u2019i shnd\u00ebrronin fjal\u00ebt n\u00eb veprime, n\u00eb vend t\u00eb nj\u00eb tjet\u00ebr valleje politike t\u00eb pasinqert\u00eb\u201d, tha p\u00ebr BBC Serbian Richard Kramer, nj\u00eb profesor n\u00eb Universitetin Amerikan n\u00eb Kiev.<\/p>\n\n\n\n<p class=\"wp-block-paragraph\">P\u00ebrve\u00e7 marr\u00ebdh\u00ebnieve me Kin\u00ebn dhe Rusin\u00eb, dokumenti kritikon edhe pranin\u00eb e ministrit serb t\u00eb Informacionit, Boris Bratina, n\u00eb funeralin e Ajatollah Ali Khameneit, i cili u vra n\u00eb luft\u00ebn SHBA-Izrael me Teheranin.<\/p>\n\n\n\n<p class=\"wp-block-paragraph\">Bratina shpjegoi se ai ishte d\u00ebrguar n\u00eb Teheran nga qeveria.<\/p>\n\n\n\n<p class=\"wp-block-paragraph\">\u201cSigurisht q\u00eb ata ishin t\u00eb njohur, un\u00eb nuk b\u00ebra asgj\u00eb vet\u00eb dhe shkova diku ku dikush nuk m\u00eb tha t\u00eb shkoja\u201d, tha Bratina.<\/p>\n\n\n\n<p class=\"wp-block-paragraph\">BBC<\/p>\n","protected":false},"excerpt":{"rendered":"<p>N\u00eb mesin e korrikut, qeveria e Shteteve t\u00eb Bashkuara hapi nj\u00eb dialog strategjik me Beogradin, dhe nj\u00eb muaj m\u00eb von\u00eb, kongresmen\u00ebt Joe Wilson dhe William Keating propozuan nj\u00eb projektligj p\u00ebr Serbin\u00eb, n\u00eb t\u00eb cilin ata kritikojn\u00eb ashp\u00ebr autoritetet, duke pretenduar se ato po &#8220;minojn\u00eb demokracin\u00eb dhe po nxisin marr\u00ebdh\u00ebnie t\u00eb ngushta me Rusin\u00eb, Kin\u00ebn dhe [&hellip;]<\/p>\n","protected":false},"author":4,"featured_media":30301,"comment_status":"open","ping_status":"open","sticky":false,"template":"","format":"standard","meta":{"footnotes":""},"categories":[31,30],"tags":[],"class_list":["post-30300","post","type-post","status-publish","format-standard","has-post-thumbnail","category-kosove","category-lajme"],"yoast_head":"<!-- This site is optimized with the Yoast SEO plugin v27.4 - https:\/\/yoast.com\/product\/yoast-seo-wordpress\/ -->\n<title>Projektligji p\u00ebr Serbin\u00eb n\u00eb Kongresin Amerikan: K\u00ebrc\u00ebnohen sanksionet, Vu\u00e7i\u00e7 mbetet pa &quot;dialog strategjik&quot; - Kosova Times<\/title>\n<meta name=\"robots\" content=\"index, follow, max-snippet:-1, max-image-preview:large, max-video-preview:-1\" \/>\n<link rel=\"canonical\" href=\"https:\/\/kosovatimes.info\/index.php\/2026\/08\/31\/projektligji-per-serbine-ne-kongresin-amerikan-kercenohen-sanksionet-vucic-mbetet-pa-dialog-strategjik\/\" \/>\n<meta property=\"og:locale\" content=\"en_US\" \/>\n<meta property=\"og:type\" content=\"article\" \/>\n<meta property=\"og:title\" content=\"Projektligji p\u00ebr Serbin\u00eb n\u00eb Kongresin Amerikan: K\u00ebrc\u00ebnohen sanksionet, Vu\u00e7i\u00e7 mbetet pa &quot;dialog strategjik&quot; - Kosova Times\" \/>\n<meta property=\"og:description\" content=\"N\u00eb mesin e korrikut, qeveria e Shteteve t\u00eb Bashkuara hapi nj\u00eb dialog strategjik me Beogradin, dhe nj\u00eb muaj m\u00eb von\u00eb, kongresmen\u00ebt Joe Wilson dhe William Keating propozuan nj\u00eb projektligj p\u00ebr Serbin\u00eb, n\u00eb t\u00eb cilin ata kritikojn\u00eb ashp\u00ebr autoritetet, duke pretenduar se ato po &#8220;minojn\u00eb demokracin\u00eb dhe po nxisin marr\u00ebdh\u00ebnie t\u00eb ngushta me Rusin\u00eb, Kin\u00ebn dhe [&hellip;]\" \/>\n<meta property=\"og:url\" content=\"https:\/\/kosovatimes.info\/index.php\/2026\/08\/31\/projektligji-per-serbine-ne-kongresin-amerikan-kercenohen-sanksionet-vucic-mbetet-pa-dialog-strategjik\/\" \/>\n<meta property=\"og:site_name\" content=\"Kosova Times\" \/>\n<meta property=\"article:published_time\" content=\"2026-08-31T20:45:13+00:00\" \/>\n<meta property=\"article:modified_time\" content=\"2026-08-31T20:45:15+00:00\" \/>\n<meta property=\"og:image\" content=\"https:\/\/kosovatimes.info\/wp-content\/uploads\/2026\/08\/kongresi.jpeg\" \/>\n\t<meta property=\"og:image:width\" content=\"738\" \/>\n\t<meta property=\"og:image:height\" content=\"414\" \/>\n\t<meta property=\"og:image:type\" content=\"image\/jpeg\" \/>\n<meta name=\"author\" content=\"i l\" \/>\n<meta name=\"twitter:card\" content=\"summary_large_image\" \/>\n<meta name=\"twitter:label1\" content=\"Written by\" \/>\n\t<meta name=\"twitter:data1\" content=\"i l\" \/>\n\t<meta name=\"twitter:label2\" content=\"Est. reading time\" \/>\n\t<meta name=\"twitter:data2\" content=\"3 minutes\" \/>\n<script type=\"application\/ld+json\" class=\"yoast-schema-graph\">{\"@context\":\"https:\\\/\\\/schema.org\",\"@graph\":[{\"@type\":\"Article\",\"@id\":\"https:\\\/\\\/kosovatimes.info\\\/index.php\\\/2026\\\/08\\\/31\\\/projektligji-per-serbine-ne-kongresin-amerikan-kercenohen-sanksionet-vucic-mbetet-pa-dialog-strategjik\\\/#article\",\"isPartOf\":{\"@id\":\"https:\\\/\\\/kosovatimes.info\\\/index.php\\\/2026\\\/08\\\/31\\\/projektligji-per-serbine-ne-kongresin-amerikan-kercenohen-sanksionet-vucic-mbetet-pa-dialog-strategjik\\\/\"},\"author\":{\"name\":\"i l\",\"@id\":\"https:\\\/\\\/kosovatimes.info\\\/#\\\/schema\\\/person\\\/7586712b9c512fe68085de007378c915\"},\"headline\":\"Projektligji p\u00ebr Serbin\u00eb n\u00eb Kongresin Amerikan: K\u00ebrc\u00ebnohen sanksionet, Vu\u00e7i\u00e7 mbetet pa &#8220;dialog strategjik&#8221;\",\"datePublished\":\"2026-08-31T20:45:13+00:00\",\"dateModified\":\"2026-08-31T20:45:15+00:00\",\"mainEntityOfPage\":{\"@id\":\"https:\\\/\\\/kosovatimes.info\\\/index.php\\\/2026\\\/08\\\/31\\\/projektligji-per-serbine-ne-kongresin-amerikan-kercenohen-sanksionet-vucic-mbetet-pa-dialog-strategjik\\\/\"},\"wordCount\":690,\"commentCount\":0,\"image\":{\"@id\":\"https:\\\/\\\/kosovatimes.info\\\/index.php\\\/2026\\\/08\\\/31\\\/projektligji-per-serbine-ne-kongresin-amerikan-kercenohen-sanksionet-vucic-mbetet-pa-dialog-strategjik\\\/#primaryimage\"},\"thumbnailUrl\":\"https:\\\/\\\/kosovatimes.info\\\/wp-content\\\/uploads\\\/2026\\\/08\\\/kongresi.jpeg\",\"articleSection\":[\"Kosov\u00eb\",\"Lajme\"],\"inLanguage\":\"en-US\",\"potentialAction\":[{\"@type\":\"CommentAction\",\"name\":\"Comment\",\"target\":[\"https:\\\/\\\/kosovatimes.info\\\/index.php\\\/2026\\\/08\\\/31\\\/projektligji-per-serbine-ne-kongresin-amerikan-kercenohen-sanksionet-vucic-mbetet-pa-dialog-strategjik\\\/#respond\"]}]},{\"@type\":\"WebPage\",\"@id\":\"https:\\\/\\\/kosovatimes.info\\\/index.php\\\/2026\\\/08\\\/31\\\/projektligji-per-serbine-ne-kongresin-amerikan-kercenohen-sanksionet-vucic-mbetet-pa-dialog-strategjik\\\/\",\"url\":\"https:\\\/\\\/kosovatimes.info\\\/index.php\\\/2026\\\/08\\\/31\\\/projektligji-per-serbine-ne-kongresin-amerikan-kercenohen-sanksionet-vucic-mbetet-pa-dialog-strategjik\\\/\",\"name\":\"Projektligji p\u00ebr Serbin\u00eb n\u00eb Kongresin Amerikan: K\u00ebrc\u00ebnohen sanksionet, Vu\u00e7i\u00e7 mbetet pa \\\"dialog strategjik\\\" - Kosova Times\",\"isPartOf\":{\"@id\":\"https:\\\/\\\/kosovatimes.info\\\/#website\"},\"primaryImageOfPage\":{\"@id\":\"https:\\\/\\\/kosovatimes.info\\\/index.php\\\/2026\\\/08\\\/31\\\/projektligji-per-serbine-ne-kongresin-amerikan-kercenohen-sanksionet-vucic-mbetet-pa-dialog-strategjik\\\/#primaryimage\"},\"image\":{\"@id\":\"https:\\\/\\\/kosovatimes.info\\\/index.php\\\/2026\\\/08\\\/31\\\/projektligji-per-serbine-ne-kongresin-amerikan-kercenohen-sanksionet-vucic-mbetet-pa-dialog-strategjik\\\/#primaryimage\"},\"thumbnailUrl\":\"https:\\\/\\\/kosovatimes.info\\\/wp-content\\\/uploads\\\/2026\\\/08\\\/kongresi.jpeg\",\"datePublished\":\"2026-08-31T20:45:13+00:00\",\"dateModified\":\"2026-08-31T20:45:15+00:00\",\"author\":{\"@id\":\"https:\\\/\\\/kosovatimes.info\\\/#\\\/schema\\\/person\\\/7586712b9c512fe68085de007378c915\"},\"breadcrumb\":{\"@id\":\"https:\\\/\\\/kosovatimes.info\\\/index.php\\\/2026\\\/08\\\/31\\\/projektligji-per-serbine-ne-kongresin-amerikan-kercenohen-sanksionet-vucic-mbetet-pa-dialog-strategjik\\\/#breadcrumb\"},\"inLanguage\":\"en-US\",\"potentialAction\":[{\"@type\":\"ReadAction\",\"target\":[\"https:\\\/\\\/kosovatimes.info\\\/index.php\\\/2026\\\/08\\\/31\\\/projektligji-per-serbine-ne-kongresin-amerikan-kercenohen-sanksionet-vucic-mbetet-pa-dialog-strategjik\\\/\"]}]},{\"@type\":\"ImageObject\",\"inLanguage\":\"en-US\",\"@id\":\"https:\\\/\\\/kosovatimes.info\\\/index.php\\\/2026\\\/08\\\/31\\\/projektligji-per-serbine-ne-kongresin-amerikan-kercenohen-sanksionet-vucic-mbetet-pa-dialog-strategjik\\\/#primaryimage\",\"url\":\"https:\\\/\\\/kosovatimes.info\\\/wp-content\\\/uploads\\\/2026\\\/08\\\/kongresi.jpeg\",\"contentUrl\":\"https:\\\/\\\/kosovatimes.info\\\/wp-content\\\/uploads\\\/2026\\\/08\\\/kongresi.jpeg\",\"width\":738,\"height\":414},{\"@type\":\"BreadcrumbList\",\"@id\":\"https:\\\/\\\/kosovatimes.info\\\/index.php\\\/2026\\\/08\\\/31\\\/projektligji-per-serbine-ne-kongresin-amerikan-kercenohen-sanksionet-vucic-mbetet-pa-dialog-strategjik\\\/#breadcrumb\",\"itemListElement\":[{\"@type\":\"ListItem\",\"position\":1,\"name\":\"Home\",\"item\":\"https:\\\/\\\/kosovatimes.info\\\/\"},{\"@type\":\"ListItem\",\"position\":2,\"name\":\"Projektligji p\u00ebr Serbin\u00eb n\u00eb Kongresin Amerikan: K\u00ebrc\u00ebnohen sanksionet, Vu\u00e7i\u00e7 mbetet pa &#8220;dialog strategjik&#8221;\"}]},{\"@type\":\"WebSite\",\"@id\":\"https:\\\/\\\/kosovatimes.info\\\/#website\",\"url\":\"https:\\\/\\\/kosovatimes.info\\\/\",\"name\":\"Kosova Times\",\"description\":\"\",\"potentialAction\":[{\"@type\":\"SearchAction\",\"target\":{\"@type\":\"EntryPoint\",\"urlTemplate\":\"https:\\\/\\\/kosovatimes.info\\\/?s={search_term_string}\"},\"query-input\":{\"@type\":\"PropertyValueSpecification\",\"valueRequired\":true,\"valueName\":\"search_term_string\"}}],\"inLanguage\":\"en-US\"},{\"@type\":\"Person\",\"@id\":\"https:\\\/\\\/kosovatimes.info\\\/#\\\/schema\\\/person\\\/7586712b9c512fe68085de007378c915\",\"name\":\"i l\",\"image\":{\"@type\":\"ImageObject\",\"inLanguage\":\"en-US\",\"@id\":\"https:\\\/\\\/secure.gravatar.com\\\/avatar\\\/bad9296e02816160ae2e2435beda58222022298d5625d49fea74d18816fbb31d?s=96&d=mm&r=g\",\"url\":\"https:\\\/\\\/secure.gravatar.com\\\/avatar\\\/bad9296e02816160ae2e2435beda58222022298d5625d49fea74d18816fbb31d?s=96&d=mm&r=g\",\"contentUrl\":\"https:\\\/\\\/secure.gravatar.com\\\/avatar\\\/bad9296e02816160ae2e2435beda58222022298d5625d49fea74d18816fbb31d?s=96&d=mm&r=g\",\"caption\":\"i l\"},\"url\":\"https:\\\/\\\/kosovatimes.info\\\/index.php\\\/author\\\/iliri\\\/\"}]}<\/script>\n<!-- \/ Yoast SEO plugin. -->","yoast_head_json":{"title":"Projektligji p\u00ebr Serbin\u00eb n\u00eb Kongresin Amerikan: K\u00ebrc\u00ebnohen sanksionet, Vu\u00e7i\u00e7 mbetet pa \"dialog strategjik\" - Kosova Times","robots":{"index":"index","follow":"follow","max-snippet":"max-snippet:-1","max-image-preview":"max-image-preview:large","max-video-preview":"max-video-preview:-1"},"canonical":"https:\/\/kosovatimes.info\/index.php\/2026\/08\/31\/projektligji-per-serbine-ne-kongresin-amerikan-kercenohen-sanksionet-vucic-mbetet-pa-dialog-strategjik\/","og_locale":"en_US","og_type":"article","og_title":"Projektligji p\u00ebr Serbin\u00eb n\u00eb Kongresin Amerikan: K\u00ebrc\u00ebnohen sanksionet, Vu\u00e7i\u00e7 mbetet pa \"dialog strategjik\" - Kosova Times","og_description":"N\u00eb mesin e korrikut, qeveria e Shteteve t\u00eb Bashkuara hapi nj\u00eb dialog strategjik me Beogradin, dhe nj\u00eb muaj m\u00eb von\u00eb, kongresmen\u00ebt Joe Wilson dhe William Keating propozuan nj\u00eb projektligj p\u00ebr Serbin\u00eb, n\u00eb t\u00eb cilin ata kritikojn\u00eb ashp\u00ebr autoritetet, duke pretenduar se ato po &#8220;minojn\u00eb demokracin\u00eb dhe po nxisin marr\u00ebdh\u00ebnie t\u00eb ngushta me Rusin\u00eb, Kin\u00ebn dhe [&hellip;]","og_url":"https:\/\/kosovatimes.info\/index.php\/2026\/08\/31\/projektligji-per-serbine-ne-kongresin-amerikan-kercenohen-sanksionet-vucic-mbetet-pa-dialog-strategjik\/","og_site_name":"Kosova Times","article_published_time":"2026-08-31T20:45:13+00:00","article_modified_time":"2026-08-31T20:45:15+00:00","og_image":[{"width":738,"height":414,"url":"https:\/\/kosovatimes.info\/wp-content\/uploads\/2026\/08\/kongresi.jpeg","type":"image\/jpeg"}],"author":"i l","twitter_card":"summary_large_image","twitter_misc":{"Written by":"i l","Est. reading time":"3 minutes"},"schema":{"@context":"https:\/\/schema.org","@graph":[{"@type":"Article","@id":"https:\/\/kosovatimes.info\/index.php\/2026\/08\/31\/projektligji-per-serbine-ne-kongresin-amerikan-kercenohen-sanksionet-vucic-mbetet-pa-dialog-strategjik\/#article","isPartOf":{"@id":"https:\/\/kosovatimes.info\/index.php\/2026\/08\/31\/projektligji-per-serbine-ne-kongresin-amerikan-kercenohen-sanksionet-vucic-mbetet-pa-dialog-strategjik\/"},"author":{"name":"i l","@id":"https:\/\/kosovatimes.info\/#\/schema\/person\/7586712b9c512fe68085de007378c915"},"headline":"Projektligji p\u00ebr Serbin\u00eb n\u00eb Kongresin Amerikan: K\u00ebrc\u00ebnohen sanksionet, Vu\u00e7i\u00e7 mbetet pa &#8220;dialog strategjik&#8221;","datePublished":"2026-08-31T20:45:13+00:00","dateModified":"2026-08-31T20:45:15+00:00","mainEntityOfPage":{"@id":"https:\/\/kosovatimes.info\/index.php\/2026\/08\/31\/projektligji-per-serbine-ne-kongresin-amerikan-kercenohen-sanksionet-vucic-mbetet-pa-dialog-strategjik\/"},"wordCount":690,"commentCount":0,"image":{"@id":"https:\/\/kosovatimes.info\/index.php\/2026\/08\/31\/projektligji-per-serbine-ne-kongresin-amerikan-kercenohen-sanksionet-vucic-mbetet-pa-dialog-strategjik\/#primaryimage"},"thumbnailUrl":"https:\/\/kosovatimes.info\/wp-content\/uploads\/2026\/08\/kongresi.jpeg","articleSection":["Kosov\u00eb","Lajme"],"inLanguage":"en-US","potentialAction":[{"@type":"CommentAction","name":"Comment","target":["https:\/\/kosovatimes.info\/index.php\/2026\/08\/31\/projektligji-per-serbine-ne-kongresin-amerikan-kercenohen-sanksionet-vucic-mbetet-pa-dialog-strategjik\/#respond"]}]},{"@type":"WebPage","@id":"https:\/\/kosovatimes.info\/index.php\/2026\/08\/31\/projektligji-per-serbine-ne-kongresin-amerikan-kercenohen-sanksionet-vucic-mbetet-pa-dialog-strategjik\/","url":"https:\/\/kosovatimes.info\/index.php\/2026\/08\/31\/projektligji-per-serbine-ne-kongresin-amerikan-kercenohen-sanksionet-vucic-mbetet-pa-dialog-strategjik\/","name":"Projektligji p\u00ebr Serbin\u00eb n\u00eb Kongresin Amerikan: K\u00ebrc\u00ebnohen sanksionet, Vu\u00e7i\u00e7 mbetet pa \"dialog strategjik\" - Kosova Times","isPartOf":{"@id":"https:\/\/kosovatimes.info\/#website"},"primaryImageOfPage":{"@id":"https:\/\/kosovatimes.info\/index.php\/2026\/08\/31\/projektligji-per-serbine-ne-kongresin-amerikan-kercenohen-sanksionet-vucic-mbetet-pa-dialog-strategjik\/#primaryimage"},"image":{"@id":"https:\/\/kosovatimes.info\/index.php\/2026\/08\/31\/projektligji-per-serbine-ne-kongresin-amerikan-kercenohen-sanksionet-vucic-mbetet-pa-dialog-strategjik\/#primaryimage"},"thumbnailUrl":"https:\/\/kosovatimes.info\/wp-content\/uploads\/2026\/08\/kongresi.jpeg","datePublished":"2026-08-31T20:45:13+00:00","dateModified":"2026-08-31T20:45:15+00:00","author":{"@id":"https:\/\/kosovatimes.info\/#\/schema\/person\/7586712b9c512fe68085de007378c915"},"breadcrumb":{"@id":"https:\/\/kosovatimes.info\/index.php\/2026\/08\/31\/projektligji-per-serbine-ne-kongresin-amerikan-kercenohen-sanksionet-vucic-mbetet-pa-dialog-strategjik\/#breadcrumb"},"inLanguage":"en-US","potentialAction":[{"@type":"ReadAction","target":["https:\/\/kosovatimes.info\/index.php\/2026\/08\/31\/projektligji-per-serbine-ne-kongresin-amerikan-kercenohen-sanksionet-vucic-mbetet-pa-dialog-strategjik\/"]}]},{"@type":"ImageObject","inLanguage":"en-US","@id":"https:\/\/kosovatimes.info\/index.php\/2026\/08\/31\/projektligji-per-serbine-ne-kongresin-amerikan-kercenohen-sanksionet-vucic-mbetet-pa-dialog-strategjik\/#primaryimage","url":"https:\/\/kosovatimes.info\/wp-content\/uploads\/2026\/08\/kongresi.jpeg","contentUrl":"https:\/\/kosovatimes.info\/wp-content\/uploads\/2026\/08\/kongresi.jpeg","width":738,"height":414},{"@type":"BreadcrumbList","@id":"https:\/\/kosovatimes.info\/index.php\/2026\/08\/31\/projektligji-per-serbine-ne-kongresin-amerikan-kercenohen-sanksionet-vucic-mbetet-pa-dialog-strategjik\/#breadcrumb","itemListElement":[{"@type":"ListItem","position":1,"name":"Home","item":"https:\/\/kosovatimes.info\/"},{"@type":"ListItem","position":2,"name":"Projektligji p\u00ebr Serbin\u00eb n\u00eb Kongresin Amerikan: K\u00ebrc\u00ebnohen sanksionet, Vu\u00e7i\u00e7 mbetet pa &#8220;dialog strategjik&#8221;"}]},{"@type":"WebSite","@id":"https:\/\/kosovatimes.info\/#website","url":"https:\/\/kosovatimes.info\/","name":"Kosova Times","description":"","potentialAction":[{"@type":"SearchAction","target":{"@type":"EntryPoint","urlTemplate":"https:\/\/kosovatimes.info\/?s={search_term_string}"},"query-input":{"@type":"PropertyValueSpecification","valueRequired":true,"valueName":"search_term_string"}}],"inLanguage":"en-US"},{"@type":"Person","@id":"https:\/\/kosovatimes.info\/#\/schema\/person\/7586712b9c512fe68085de007378c915","name":"i l","image":{"@type":"ImageObject","inLanguage":"en-US","@id":"https:\/\/secure.gravatar.com\/avatar\/bad9296e02816160ae2e2435beda58222022298d5625d49fea74d18816fbb31d?s=96&d=mm&r=g","url":"https:\/\/secure.gravatar.com\/avatar\/bad9296e02816160ae2e2435beda58222022298d5625d49fea74d18816fbb31d?s=96&d=mm&r=g","contentUrl":"https:\/\/secure.gravatar.com\/avatar\/bad9296e02816160ae2e2435beda58222022298d5625d49fea74d18816fbb31d?s=96&d=mm&r=g","caption":"i l"},"url":"https:\/\/kosovatimes.info\/index.php\/author\/iliri\/"}]}},"_links":{"self":[{"href":"https:\/\/kosovatimes.info\/index.php\/wp-json\/wp\/v2\/posts\/30300","targetHints":{"allow":["GET"]}}],"collection":[{"href":"https:\/\/kosovatimes.info\/index.php\/wp-json\/wp\/v2\/posts"}],"about":[{"href":"https:\/\/kosovatimes.info\/index.php\/wp-json\/wp\/v2\/types\/post"}],"author":[{"embeddable":true,"href":"https:\/\/kosovatimes.info\/index.php\/wp-json\/wp\/v2\/users\/4"}],"replies":[{"embeddable":true,"href":"https:\/\/kosovatimes.info\/index.php\/wp-json\/wp\/v2\/comments?post=30300"}],"version-history":[{"count":1,"href":"https:\/\/kosovatimes.info\/index.php\/wp-json\/wp\/v2\/posts\/30300\/revisions"}],"predecessor-version":[{"id":30302,"href":"https:\/\/kosovatimes.info\/index.php\/wp-json\/wp\/v2\/posts\/30300\/revisions\/30302"}],"wp:featuredmedia":[{"embeddable":true,"href":"https:\/\/kosovatimes.info\/index.php\/wp-json\/wp\/v2\/media\/30301"}],"wp:attachment":[{"href":"https:\/\/kosovatimes.info\/index.php\/wp-json\/wp\/v2\/media?parent=30300"}],"wp:term":[{"taxonomy":"category","embeddable":true,"href":"https:\/\/kosovatimes.info\/index.php\/wp-json\/wp\/v2\/categories?post=30300"},{"taxonomy":"post_tag","embeddable":true,"href":"https:\/\/kosovatimes.info\/index.php\/wp-json\/wp\/v2\/tags?post=30300"}],"curies":[{"name":"wp","href":"https:\/\/api.w.org\/{rel}","templated":true}]}}