{"id":30363,"date":"2026-09-01T10:00:57","date_gmt":"2026-09-01T08:00:57","guid":{"rendered":"https:\/\/kosovatimes.info\/?p=30363"},"modified":"2026-09-01T10:01:12","modified_gmt":"2026-09-01T08:01:12","slug":"moment-i-rende-per-putinin-kur-i-thuhet-te-kaloje-nga-lufta-e-pafundme-ne-fund-te-luftes-nga-modi-i-indise","status":"publish","type":"post","link":"https:\/\/kosovatimes.info\/index.php\/2026\/09\/01\/moment-i-rende-per-putinin-kur-i-thuhet-te-kaloje-nga-lufta-e-pafundme-ne-fund-te-luftes-nga-modi-i-indise\/","title":{"rendered":"Moment i r\u00ebnd\u00eb p\u00ebr Putinin kur  i thuhet t\u00eb kaloj\u00eb nga lufta e pafundme n\u00eb fund t\u00eb luft\u00ebs nga Modi i Indis\u00eb"},"content":{"rendered":"\n<p class=\"wp-block-paragraph\">Ky \u00ebsht\u00eb momenti kur Vladimir Putin posht\u00ebrohet, nd\u00ebrsa kryeministri indian Narendra Modi i jep urdh\u00ebr t\u2019i jap\u00eb fund luft\u00ebs s\u00eb tij t\u00eb pamend n\u00eb Ukrain\u00eb.<\/p>\n\n\n\n<figure class=\"wp-block-embed is-type-video is-provider-youtube wp-block-embed-youtube wp-embed-aspect-16-9 wp-has-aspect-ratio\"><div class=\"wp-block-embed__wrapper\">\n<div class=\"youtube-embed\" data-video_id=\"yARP1vFYAIg\"><iframe loading=\"lazy\" title=\"PM Modi Urges Putin To Move From \u2018Endless War\u2019 To \u2018End Of War\u2019 | Ukraine Conflict | N18G\" width=\"696\" height=\"392\" src=\"https:\/\/www.youtube.com\/embed\/yARP1vFYAIg?feature=oembed&#038;enablejsapi=1\" frameborder=\"0\" allow=\"accelerometer; autoplay; clipboard-write; encrypted-media; gyroscope; picture-in-picture; web-share\" referrerpolicy=\"strict-origin-when-cross-origin\" allowfullscreen><\/iframe><\/div>\n<\/div><\/figure>\n\n\n\n<p class=\"wp-block-paragraph\">Tirani rus mbeti i tronditur nd\u00ebrsa iu b\u00eb\u00a0<a href=\"https:\/\/www.thesun.co.uk\/news\/40199500\/russians-billions-putin-kremlin-war-cash\/\">thirrje t\u00eb ndalonte pushtimin e tij t\u00eb p\u00ebrgjaksh\u00ebm<\/a>\u00a0p\u00ebr hir t\u00eb njer\u00ebzimit n\u00eb nj\u00eb samit t\u00eb madh global.<\/p>\n\n\n\n<figure class=\"wp-block-image is-resized\" id=\"attachment_40232965\"><a href=\"https:\/\/www.thesun.co.uk\/news\/40232907\/putin-told-end-war-modi\/#\"><img decoding=\"async\" src=\"https:\/\/www.thesun.co.uk\/wp-content\/uploads\/2026\/09\/russian-president-vladimir-putin-r-1104584603.jpg?w=960\" alt=\"Samiti i Bashk\u00ebpunimit t\u00eb Shangait mbahet n\u00eb Kirgistan\" style=\"aspect-ratio:1.5;width:960px;height:auto\"\/><\/a><figcaption class=\"wp-element-caption\"><strong>Kryeministri indian Narendra Modi tha se Putini duhet ta ndaloj\u00eb pushtimin.\u00a0<\/strong><\/figcaption><\/figure>\n\n\n\n<p class=\"wp-block-paragraph\">Modi ia ktheu syt\u00eb nga diktatori me fytyr\u00eb t\u00eb skuqur nd\u00ebrsa deklaroi: \u201cDuhet t\u00eb kalojm\u00eb nga nj\u00eb luft\u00eb e pafund n\u00eb&nbsp;<a href=\"https:\/\/www.thesun.co.uk\/news\/40168686\/putins-trump-card-tyrants-troop-roll-dice\/\">fund t\u00eb luft\u00ebs<\/a>&nbsp;.\u201d<\/p>\n\n\n\n<p class=\"wp-block-paragraph\">Putini, duksh\u00ebm i tronditur, hoqi kufjet \u2013 t\u00eb p\u00ebrdorura p\u00ebr p\u00ebrkthim \u2013 gjat\u00eb fjalimeve p\u00ebrpara se t\u00eb p\u00ebrgjigjej n\u00eb m\u00ebnyr\u00eb t\u00eb ngath\u00ebt: \u201cFaleminderit shum\u00eb, z. Kryeminist\u00ebr. Po ecim n\u00eb at\u00eb drejtim.\u201d<\/p>\n\n\n\n<p class=\"wp-block-paragraph\">Modi tha gjithashtu: \u201c\u00c7do dit\u00eb lufte e kthen njer\u00ebzimin prapa, nd\u00ebrsa \u00e7do hap i nd\u00ebrmarr\u00eb drejt paqes e mbush njer\u00ebzimin me shpres\u00eb dhe entuziaz\u00ebm t\u00eb ri.\u201d<\/p>\n\n\n\n<p class=\"wp-block-paragraph\">Ai shtoi: \u201cNj\u00eb zgjidhje paq\u00ebsore p\u00ebr t\u00eb gjitha \u00e7\u00ebshtjet sa m\u00eb shpejt \u00ebsht\u00eb thirrja e njer\u00ebzimit dhe ky \u00ebsht\u00eb mesazhi i Indis\u00eb.\u201d<\/p>\n\n\n\n<p class=\"wp-block-paragraph\"><a href=\"https:\/\/www.thesun.co.uk\/news\/40232907\/putin-told-end-war-modi\/#\"><strong><br><\/strong><\/a><\/p>\n\n\n\n<p class=\"wp-block-paragraph\">&#8220;Toka e Gandit dhe Bud\u00ebs ndan nj\u00eb mesazh t\u00eb vet\u00ebm: rrug\u00ebn e paqes.&#8221;<\/p>\n\n\n\n<p class=\"wp-block-paragraph\">Modi theksoi se p\u00ebrfundimi i&nbsp;<a href=\"https:\/\/www.thesun.co.uk\/news\/40187399\/russia-threatens-uk-military-targets-putin-britain\/\">luft\u00ebs gati pes\u00ebvje\u00e7are<\/a>&nbsp;ishte &#8220;thelb\u00ebsor p\u00ebr mir\u00ebqenien e njer\u00ebzimit&#8221;.<\/p>\n\n\n\n<p class=\"wp-block-paragraph\">Kryeministri indian b\u00ebri komentet e guximshme n\u00eb Organizat\u00ebn e Bashk\u00ebpunimit t\u00eb Shangait (SCO) &#8211; nj\u00eb rivale e aleancave per\u00ebndimore si&nbsp;<a href=\"https:\/\/www.thesun.co.uk\/topic\/nato\/\">NATO<\/a>&nbsp;dhe samiti i&nbsp;<a href=\"https:\/\/www.thesun.co.uk\/topic\/g7\/\">G7<\/a>&nbsp;n\u00eb&nbsp;Kirgistan&nbsp;.<\/p>\n\n\n\n<p class=\"wp-block-paragraph\">Blloku p\u00ebrfshin&nbsp;Rusin\u00eb&nbsp;, Kin\u00ebn,&nbsp;Iranin&nbsp;, Indin\u00eb, Pakistanin, kat\u00ebr vende t\u00eb Azis\u00eb Qendrore dhe Bjellorusin\u00eb.<\/p>\n\n\n\n<p class=\"wp-block-paragraph\">Kjo vjen mes frik\u00ebs se Putini po k\u00ebrkon ta p\u00ebrshkall\u00ebzoj\u00eb m\u00eb tej luft\u00ebn barbare, nd\u00ebrsa p\u00ebrparimi i tij n\u00eb vij\u00ebn e frontit po ngec n\u00eb nj\u00eb ndales\u00eb t\u00eb p\u00ebrgjakshme.<\/p>\n\n\n\n<p class=\"wp-block-paragraph\">Tirani rus ka vazhduar t\u00eb nis\u00eb&nbsp;sulme&nbsp;ndaj infrastruktur\u00ebs civile n\u00eb&nbsp;Ukrain\u00eb&nbsp;\u00e7do dit\u00eb, duke vrar\u00eb njer\u00ebz t\u00eb panum\u00ebrt t\u00eb pafajsh\u00ebm.<\/p>\n\n\n\n<p class=\"wp-block-paragraph\">Por thuhet se ai \u00ebsht\u00eb n\u00ebn presion n\u00eb rritje midis elit\u00ebs s\u00eb&nbsp;Rusis\u00eb&nbsp;dhe&nbsp;<a href=\"https:\/\/www.thesun.co.uk\/news\/40230704\/putin-inner-circle-hang-donbas\/\">ka frik\u00eb se mund t\u00eb varet<\/a>&nbsp;n\u00ebse nuk arrin fitoren s\u00eb shpejti.<\/p>\n\n\n\n<p class=\"wp-block-paragraph\">Kuptohet q\u00eb ai beson se pozicioni i tij mund t\u00eb lihet n\u00eb dyshim n\u00ebse nuk e pushton t\u00eb pakt\u00ebn rajonin e Donbasit.<\/p>\n\n\n\n<figure class=\"wp-block-image is-resized\" id=\"attachment_40232996\"><a href=\"https:\/\/www.thesun.co.uk\/news\/40232907\/putin-told-end-war-modi\/#\"><img decoding=\"async\" src=\"https:\/\/www.thesun.co.uk\/wp-content\/uploads\/2026\/09\/uk-prime-minister-andy-burnham-1103320412.jpg?w=960\" alt=\"Kryeministri i Mbret\u00ebris\u00eb s\u00eb Bashkuar Burnham takohet me Zelenskyn\" style=\"aspect-ratio:1.5;width:960px;height:auto\"\/><\/a><figcaption class=\"wp-element-caption\"><strong>Kryeministri i Mbret\u00ebris\u00eb s\u00eb Bashkuar Andy Burnham takohet me Volodymyr Zelensky n\u00eb Kiev m\u00eb 24 gusht.<\/strong><\/figcaption><\/figure>\n\n\n\n<p class=\"wp-block-paragraph\">Thuhet se Putini tha \u201cdo t\u00eb m\u00eb varin\u201d, tha nj\u00eb burim i brendsh\u00ebm p\u00ebr The Economist.<\/p>\n\n\n\n<p class=\"wp-block-paragraph\">Rusia&nbsp;ka p\u00ebsuar t\u00eb pakt\u00ebn nj\u00eb milion viktima&nbsp;n\u00eb fush\u00ebn e betej\u00ebs&nbsp;q\u00eb kur Putini nisi luft\u00ebn e tij t\u00eb p\u00ebrgjakshme n\u00eb shkurt t\u00eb vitit 2022.<\/p>\n\n\n\n<p class=\"wp-block-paragraph\">N\u00eb Rusi&nbsp;po shtohen spekulimet&nbsp;se despoti po planifikon nj\u00eb rekrutim t\u00eb madh prej 300,000 trupash pas zgjedhjeve t\u00eb k\u00ebtij muaji.<\/p>\n\n\n\n<p class=\"wp-block-paragraph\">Moska po humbet tet\u00eb ushtar\u00eb p\u00ebr \u00e7do jet\u00eb ukrainase t\u00eb humbur n\u00eb&nbsp;fush\u00ebn e betej\u00ebs&nbsp;, thon\u00eb raportet.<\/p>\n\n\n\n<p class=\"wp-block-paragraph\">Analiza sugjeron gjithashtu se jet\u00ebgjat\u00ebsia mesatare n\u00eb vij\u00ebn e frontit p\u00ebr ushtar\u00ebt rus\u00eb \u00ebsht\u00eb vet\u00ebm 20 minuta.<\/p>\n\n\n\n<p class=\"wp-block-paragraph\">Kjo vjen gjithashtu n\u00eb mes t\u00eb fushat\u00ebs mahnit\u00ebse t\u00eb&nbsp;sulmeve&nbsp;t\u00eb&nbsp;Ukrain\u00ebs&nbsp;ndaj infrastruktur\u00ebs ruse, si\u00e7 jan\u00eb qendrat&nbsp;<a href=\"https:\/\/www.thesun.co.uk\/topic\/oil\/\">e naft\u00ebs<\/a>&nbsp;dhe depot e logjistik\u00ebs.<a href=\"https:\/\/www.thesun.co.uk\/topic\/oil\/\"><\/a><\/p>\n\n\n\n<p class=\"wp-block-paragraph\">Putini \u00ebsht\u00eb l\u00ebn\u00eb i tronditur pas nj\u00eb serie&nbsp;sulmesh&nbsp;precize , t\u00eb cilat kan\u00eb shkaktuar kaos duke shkaktuar mungesa t\u00eb karburantit dhe&nbsp;nd\u00ebrprerje t\u00eb energjis\u00eb&nbsp;.<\/p>\n\n\n\n<p class=\"wp-block-paragraph\">Nd\u00ebrkoh\u00eb, Mbret\u00ebria e Bashkuar \u00ebsht\u00eb akuzuar p\u00ebr pjes\u00ebmarrje n\u00eb luft\u00eb duke dor\u00ebzuar planet p\u00ebr raketat Storm Shadow.<\/p>\n\n\n\n<p class=\"wp-block-paragraph\">Skemat e arm\u00ebve me rreze t\u00eb gjat\u00eb veprimi iu dor\u00ebzuan Kievit jav\u00ebn e kaluar nga\u00a0<a href=\"https:\/\/www.thesun.co.uk\/who\/andy-burnham\/\">Andy Burnham,<\/a>\u00a0nd\u00ebrsa ai udh\u00ebtoi p\u00ebr n\u00eb\u00a0Ukrain\u00eb\u00a0p\u00ebr t&#8217;u takuar me\u00a0<a href=\"https:\/\/www.thesun.co.uk\/who\/volodymyr-zelensky\/\">Volodymyr Zelensky<\/a>\u00a0.Moska e ka akuzuar Evrop\u00ebn se \u201cpo luan me zjarrin\u201d, nd\u00ebrsa Britania,\u00a0<br>Gjermania\u00a0dhe\u00a0<br>Franca\u00a0vazhdojn\u00eb t\u00eb tregojn\u00eb mb\u00ebshtetjen e tyre t\u00eb pakusht\u00ebzuar p\u00ebr Kievin.<\/p>\n","protected":false},"excerpt":{"rendered":"<p>Ky \u00ebsht\u00eb momenti kur Vladimir Putin posht\u00ebrohet, nd\u00ebrsa kryeministri indian Narendra Modi i jep urdh\u00ebr t\u2019i jap\u00eb fund luft\u00ebs s\u00eb tij t\u00eb pamend n\u00eb Ukrain\u00eb. Tirani rus mbeti i tronditur nd\u00ebrsa iu b\u00eb\u00a0thirrje t\u00eb ndalonte pushtimin e tij t\u00eb p\u00ebrgjaksh\u00ebm\u00a0p\u00ebr hir t\u00eb njer\u00ebzimit n\u00eb nj\u00eb samit t\u00eb madh global. Modi ia ktheu syt\u00eb nga diktatori [&hellip;]<\/p>\n","protected":false},"author":4,"featured_media":30364,"comment_status":"open","ping_status":"open","sticky":false,"template":"","format":"standard","meta":{"footnotes":""},"categories":[33,30],"tags":[],"class_list":["post-30363","post","type-post","status-publish","format-standard","has-post-thumbnail","category-bote","category-lajme"],"yoast_head":"<!-- This site is optimized with the Yoast SEO plugin v27.4 - https:\/\/yoast.com\/product\/yoast-seo-wordpress\/ -->\n<title>Moment i r\u00ebnd\u00eb p\u00ebr Putinin kur i thuhet t\u00eb kaloj\u00eb nga lufta e pafundme n\u00eb fund t\u00eb luft\u00ebs nga Modi i Indis\u00eb - Kosova Times<\/title>\n<meta name=\"robots\" content=\"index, follow, max-snippet:-1, max-image-preview:large, max-video-preview:-1\" \/>\n<link rel=\"canonical\" href=\"https:\/\/kosovatimes.info\/index.php\/2026\/09\/01\/moment-i-rende-per-putinin-kur-i-thuhet-te-kaloje-nga-lufta-e-pafundme-ne-fund-te-luftes-nga-modi-i-indise\/\" \/>\n<meta property=\"og:locale\" content=\"en_US\" \/>\n<meta property=\"og:type\" content=\"article\" \/>\n<meta property=\"og:title\" content=\"Moment i r\u00ebnd\u00eb p\u00ebr Putinin kur i thuhet t\u00eb kaloj\u00eb nga lufta e pafundme n\u00eb fund t\u00eb luft\u00ebs nga Modi i Indis\u00eb - Kosova Times\" \/>\n<meta property=\"og:description\" content=\"Ky \u00ebsht\u00eb momenti kur Vladimir Putin posht\u00ebrohet, nd\u00ebrsa kryeministri indian Narendra Modi i jep urdh\u00ebr t\u2019i jap\u00eb fund luft\u00ebs s\u00eb tij t\u00eb pamend n\u00eb Ukrain\u00eb. Tirani rus mbeti i tronditur nd\u00ebrsa iu b\u00eb\u00a0thirrje t\u00eb ndalonte pushtimin e tij t\u00eb p\u00ebrgjaksh\u00ebm\u00a0p\u00ebr hir t\u00eb njer\u00ebzimit n\u00eb nj\u00eb samit t\u00eb madh global. Modi ia ktheu syt\u00eb nga diktatori [&hellip;]\" \/>\n<meta property=\"og:url\" content=\"https:\/\/kosovatimes.info\/index.php\/2026\/09\/01\/moment-i-rende-per-putinin-kur-i-thuhet-te-kaloje-nga-lufta-e-pafundme-ne-fund-te-luftes-nga-modi-i-indise\/\" \/>\n<meta property=\"og:site_name\" content=\"Kosova Times\" \/>\n<meta property=\"article:published_time\" content=\"2026-09-01T08:00:57+00:00\" \/>\n<meta property=\"article:modified_time\" content=\"2026-09-01T08:01:12+00:00\" \/>\n<meta property=\"og:image\" content=\"https:\/\/kosovatimes.info\/wp-content\/uploads\/2026\/09\/Putin.webp\" \/>\n\t<meta property=\"og:image:width\" content=\"960\" \/>\n\t<meta property=\"og:image:height\" content=\"587\" \/>\n\t<meta property=\"og:image:type\" content=\"image\/webp\" \/>\n<meta name=\"author\" content=\"i l\" \/>\n<meta name=\"twitter:card\" content=\"summary_large_image\" \/>\n<meta name=\"twitter:label1\" content=\"Written by\" \/>\n\t<meta name=\"twitter:data1\" content=\"i l\" \/>\n\t<meta name=\"twitter:label2\" content=\"Est. reading time\" \/>\n\t<meta name=\"twitter:data2\" content=\"4 minutes\" \/>\n<script type=\"application\/ld+json\" class=\"yoast-schema-graph\">{\"@context\":\"https:\\\/\\\/schema.org\",\"@graph\":[{\"@type\":\"Article\",\"@id\":\"https:\\\/\\\/kosovatimes.info\\\/index.php\\\/2026\\\/09\\\/01\\\/moment-i-rende-per-putinin-kur-i-thuhet-te-kaloje-nga-lufta-e-pafundme-ne-fund-te-luftes-nga-modi-i-indise\\\/#article\",\"isPartOf\":{\"@id\":\"https:\\\/\\\/kosovatimes.info\\\/index.php\\\/2026\\\/09\\\/01\\\/moment-i-rende-per-putinin-kur-i-thuhet-te-kaloje-nga-lufta-e-pafundme-ne-fund-te-luftes-nga-modi-i-indise\\\/\"},\"author\":{\"name\":\"i l\",\"@id\":\"https:\\\/\\\/kosovatimes.info\\\/#\\\/schema\\\/person\\\/7586712b9c512fe68085de007378c915\"},\"headline\":\"Moment i r\u00ebnd\u00eb p\u00ebr Putinin kur i thuhet t\u00eb kaloj\u00eb nga lufta e pafundme n\u00eb fund t\u00eb luft\u00ebs nga Modi i Indis\u00eb\",\"datePublished\":\"2026-09-01T08:00:57+00:00\",\"dateModified\":\"2026-09-01T08:01:12+00:00\",\"mainEntityOfPage\":{\"@id\":\"https:\\\/\\\/kosovatimes.info\\\/index.php\\\/2026\\\/09\\\/01\\\/moment-i-rende-per-putinin-kur-i-thuhet-te-kaloje-nga-lufta-e-pafundme-ne-fund-te-luftes-nga-modi-i-indise\\\/\"},\"wordCount\":740,\"commentCount\":0,\"image\":{\"@id\":\"https:\\\/\\\/kosovatimes.info\\\/index.php\\\/2026\\\/09\\\/01\\\/moment-i-rende-per-putinin-kur-i-thuhet-te-kaloje-nga-lufta-e-pafundme-ne-fund-te-luftes-nga-modi-i-indise\\\/#primaryimage\"},\"thumbnailUrl\":\"https:\\\/\\\/kosovatimes.info\\\/wp-content\\\/uploads\\\/2026\\\/09\\\/Putin.webp\",\"articleSection\":[\"Bot\u00eb\",\"Lajme\"],\"inLanguage\":\"en-US\",\"potentialAction\":[{\"@type\":\"CommentAction\",\"name\":\"Comment\",\"target\":[\"https:\\\/\\\/kosovatimes.info\\\/index.php\\\/2026\\\/09\\\/01\\\/moment-i-rende-per-putinin-kur-i-thuhet-te-kaloje-nga-lufta-e-pafundme-ne-fund-te-luftes-nga-modi-i-indise\\\/#respond\"]}]},{\"@type\":\"WebPage\",\"@id\":\"https:\\\/\\\/kosovatimes.info\\\/index.php\\\/2026\\\/09\\\/01\\\/moment-i-rende-per-putinin-kur-i-thuhet-te-kaloje-nga-lufta-e-pafundme-ne-fund-te-luftes-nga-modi-i-indise\\\/\",\"url\":\"https:\\\/\\\/kosovatimes.info\\\/index.php\\\/2026\\\/09\\\/01\\\/moment-i-rende-per-putinin-kur-i-thuhet-te-kaloje-nga-lufta-e-pafundme-ne-fund-te-luftes-nga-modi-i-indise\\\/\",\"name\":\"Moment i r\u00ebnd\u00eb p\u00ebr Putinin kur i thuhet t\u00eb kaloj\u00eb nga lufta e pafundme n\u00eb fund t\u00eb luft\u00ebs nga Modi i Indis\u00eb - Kosova Times\",\"isPartOf\":{\"@id\":\"https:\\\/\\\/kosovatimes.info\\\/#website\"},\"primaryImageOfPage\":{\"@id\":\"https:\\\/\\\/kosovatimes.info\\\/index.php\\\/2026\\\/09\\\/01\\\/moment-i-rende-per-putinin-kur-i-thuhet-te-kaloje-nga-lufta-e-pafundme-ne-fund-te-luftes-nga-modi-i-indise\\\/#primaryimage\"},\"image\":{\"@id\":\"https:\\\/\\\/kosovatimes.info\\\/index.php\\\/2026\\\/09\\\/01\\\/moment-i-rende-per-putinin-kur-i-thuhet-te-kaloje-nga-lufta-e-pafundme-ne-fund-te-luftes-nga-modi-i-indise\\\/#primaryimage\"},\"thumbnailUrl\":\"https:\\\/\\\/kosovatimes.info\\\/wp-content\\\/uploads\\\/2026\\\/09\\\/Putin.webp\",\"datePublished\":\"2026-09-01T08:00:57+00:00\",\"dateModified\":\"2026-09-01T08:01:12+00:00\",\"author\":{\"@id\":\"https:\\\/\\\/kosovatimes.info\\\/#\\\/schema\\\/person\\\/7586712b9c512fe68085de007378c915\"},\"breadcrumb\":{\"@id\":\"https:\\\/\\\/kosovatimes.info\\\/index.php\\\/2026\\\/09\\\/01\\\/moment-i-rende-per-putinin-kur-i-thuhet-te-kaloje-nga-lufta-e-pafundme-ne-fund-te-luftes-nga-modi-i-indise\\\/#breadcrumb\"},\"inLanguage\":\"en-US\",\"potentialAction\":[{\"@type\":\"ReadAction\",\"target\":[\"https:\\\/\\\/kosovatimes.info\\\/index.php\\\/2026\\\/09\\\/01\\\/moment-i-rende-per-putinin-kur-i-thuhet-te-kaloje-nga-lufta-e-pafundme-ne-fund-te-luftes-nga-modi-i-indise\\\/\"]}]},{\"@type\":\"ImageObject\",\"inLanguage\":\"en-US\",\"@id\":\"https:\\\/\\\/kosovatimes.info\\\/index.php\\\/2026\\\/09\\\/01\\\/moment-i-rende-per-putinin-kur-i-thuhet-te-kaloje-nga-lufta-e-pafundme-ne-fund-te-luftes-nga-modi-i-indise\\\/#primaryimage\",\"url\":\"https:\\\/\\\/kosovatimes.info\\\/wp-content\\\/uploads\\\/2026\\\/09\\\/Putin.webp\",\"contentUrl\":\"https:\\\/\\\/kosovatimes.info\\\/wp-content\\\/uploads\\\/2026\\\/09\\\/Putin.webp\",\"width\":960,\"height\":587},{\"@type\":\"BreadcrumbList\",\"@id\":\"https:\\\/\\\/kosovatimes.info\\\/index.php\\\/2026\\\/09\\\/01\\\/moment-i-rende-per-putinin-kur-i-thuhet-te-kaloje-nga-lufta-e-pafundme-ne-fund-te-luftes-nga-modi-i-indise\\\/#breadcrumb\",\"itemListElement\":[{\"@type\":\"ListItem\",\"position\":1,\"name\":\"Home\",\"item\":\"https:\\\/\\\/kosovatimes.info\\\/\"},{\"@type\":\"ListItem\",\"position\":2,\"name\":\"Moment i r\u00ebnd\u00eb p\u00ebr Putinin kur i thuhet t\u00eb kaloj\u00eb nga lufta e pafundme n\u00eb fund t\u00eb luft\u00ebs nga Modi i Indis\u00eb\"}]},{\"@type\":\"WebSite\",\"@id\":\"https:\\\/\\\/kosovatimes.info\\\/#website\",\"url\":\"https:\\\/\\\/kosovatimes.info\\\/\",\"name\":\"Kosova Times\",\"description\":\"\",\"potentialAction\":[{\"@type\":\"SearchAction\",\"target\":{\"@type\":\"EntryPoint\",\"urlTemplate\":\"https:\\\/\\\/kosovatimes.info\\\/?s={search_term_string}\"},\"query-input\":{\"@type\":\"PropertyValueSpecification\",\"valueRequired\":true,\"valueName\":\"search_term_string\"}}],\"inLanguage\":\"en-US\"},{\"@type\":\"Person\",\"@id\":\"https:\\\/\\\/kosovatimes.info\\\/#\\\/schema\\\/person\\\/7586712b9c512fe68085de007378c915\",\"name\":\"i l\",\"image\":{\"@type\":\"ImageObject\",\"inLanguage\":\"en-US\",\"@id\":\"https:\\\/\\\/secure.gravatar.com\\\/avatar\\\/bad9296e02816160ae2e2435beda58222022298d5625d49fea74d18816fbb31d?s=96&d=mm&r=g\",\"url\":\"https:\\\/\\\/secure.gravatar.com\\\/avatar\\\/bad9296e02816160ae2e2435beda58222022298d5625d49fea74d18816fbb31d?s=96&d=mm&r=g\",\"contentUrl\":\"https:\\\/\\\/secure.gravatar.com\\\/avatar\\\/bad9296e02816160ae2e2435beda58222022298d5625d49fea74d18816fbb31d?s=96&d=mm&r=g\",\"caption\":\"i l\"},\"url\":\"https:\\\/\\\/kosovatimes.info\\\/index.php\\\/author\\\/iliri\\\/\"}]}<\/script>\n<!-- \/ Yoast SEO plugin. -->","yoast_head_json":{"title":"Moment i r\u00ebnd\u00eb p\u00ebr Putinin kur i thuhet t\u00eb kaloj\u00eb nga lufta e pafundme n\u00eb fund t\u00eb luft\u00ebs nga Modi i Indis\u00eb - Kosova Times","robots":{"index":"index","follow":"follow","max-snippet":"max-snippet:-1","max-image-preview":"max-image-preview:large","max-video-preview":"max-video-preview:-1"},"canonical":"https:\/\/kosovatimes.info\/index.php\/2026\/09\/01\/moment-i-rende-per-putinin-kur-i-thuhet-te-kaloje-nga-lufta-e-pafundme-ne-fund-te-luftes-nga-modi-i-indise\/","og_locale":"en_US","og_type":"article","og_title":"Moment i r\u00ebnd\u00eb p\u00ebr Putinin kur i thuhet t\u00eb kaloj\u00eb nga lufta e pafundme n\u00eb fund t\u00eb luft\u00ebs nga Modi i Indis\u00eb - Kosova Times","og_description":"Ky \u00ebsht\u00eb momenti kur Vladimir Putin posht\u00ebrohet, nd\u00ebrsa kryeministri indian Narendra Modi i jep urdh\u00ebr t\u2019i jap\u00eb fund luft\u00ebs s\u00eb tij t\u00eb pamend n\u00eb Ukrain\u00eb. Tirani rus mbeti i tronditur nd\u00ebrsa iu b\u00eb\u00a0thirrje t\u00eb ndalonte pushtimin e tij t\u00eb p\u00ebrgjaksh\u00ebm\u00a0p\u00ebr hir t\u00eb njer\u00ebzimit n\u00eb nj\u00eb samit t\u00eb madh global. Modi ia ktheu syt\u00eb nga diktatori [&hellip;]","og_url":"https:\/\/kosovatimes.info\/index.php\/2026\/09\/01\/moment-i-rende-per-putinin-kur-i-thuhet-te-kaloje-nga-lufta-e-pafundme-ne-fund-te-luftes-nga-modi-i-indise\/","og_site_name":"Kosova Times","article_published_time":"2026-09-01T08:00:57+00:00","article_modified_time":"2026-09-01T08:01:12+00:00","og_image":[{"width":960,"height":587,"url":"https:\/\/kosovatimes.info\/wp-content\/uploads\/2026\/09\/Putin.webp","type":"image\/webp"}],"author":"i l","twitter_card":"summary_large_image","twitter_misc":{"Written by":"i l","Est. reading time":"4 minutes"},"schema":{"@context":"https:\/\/schema.org","@graph":[{"@type":"Article","@id":"https:\/\/kosovatimes.info\/index.php\/2026\/09\/01\/moment-i-rende-per-putinin-kur-i-thuhet-te-kaloje-nga-lufta-e-pafundme-ne-fund-te-luftes-nga-modi-i-indise\/#article","isPartOf":{"@id":"https:\/\/kosovatimes.info\/index.php\/2026\/09\/01\/moment-i-rende-per-putinin-kur-i-thuhet-te-kaloje-nga-lufta-e-pafundme-ne-fund-te-luftes-nga-modi-i-indise\/"},"author":{"name":"i l","@id":"https:\/\/kosovatimes.info\/#\/schema\/person\/7586712b9c512fe68085de007378c915"},"headline":"Moment i r\u00ebnd\u00eb p\u00ebr Putinin kur i thuhet t\u00eb kaloj\u00eb nga lufta e pafundme n\u00eb fund t\u00eb luft\u00ebs nga Modi i Indis\u00eb","datePublished":"2026-09-01T08:00:57+00:00","dateModified":"2026-09-01T08:01:12+00:00","mainEntityOfPage":{"@id":"https:\/\/kosovatimes.info\/index.php\/2026\/09\/01\/moment-i-rende-per-putinin-kur-i-thuhet-te-kaloje-nga-lufta-e-pafundme-ne-fund-te-luftes-nga-modi-i-indise\/"},"wordCount":740,"commentCount":0,"image":{"@id":"https:\/\/kosovatimes.info\/index.php\/2026\/09\/01\/moment-i-rende-per-putinin-kur-i-thuhet-te-kaloje-nga-lufta-e-pafundme-ne-fund-te-luftes-nga-modi-i-indise\/#primaryimage"},"thumbnailUrl":"https:\/\/kosovatimes.info\/wp-content\/uploads\/2026\/09\/Putin.webp","articleSection":["Bot\u00eb","Lajme"],"inLanguage":"en-US","potentialAction":[{"@type":"CommentAction","name":"Comment","target":["https:\/\/kosovatimes.info\/index.php\/2026\/09\/01\/moment-i-rende-per-putinin-kur-i-thuhet-te-kaloje-nga-lufta-e-pafundme-ne-fund-te-luftes-nga-modi-i-indise\/#respond"]}]},{"@type":"WebPage","@id":"https:\/\/kosovatimes.info\/index.php\/2026\/09\/01\/moment-i-rende-per-putinin-kur-i-thuhet-te-kaloje-nga-lufta-e-pafundme-ne-fund-te-luftes-nga-modi-i-indise\/","url":"https:\/\/kosovatimes.info\/index.php\/2026\/09\/01\/moment-i-rende-per-putinin-kur-i-thuhet-te-kaloje-nga-lufta-e-pafundme-ne-fund-te-luftes-nga-modi-i-indise\/","name":"Moment i r\u00ebnd\u00eb p\u00ebr Putinin kur i thuhet t\u00eb kaloj\u00eb nga lufta e pafundme n\u00eb fund t\u00eb luft\u00ebs nga Modi i Indis\u00eb - Kosova Times","isPartOf":{"@id":"https:\/\/kosovatimes.info\/#website"},"primaryImageOfPage":{"@id":"https:\/\/kosovatimes.info\/index.php\/2026\/09\/01\/moment-i-rende-per-putinin-kur-i-thuhet-te-kaloje-nga-lufta-e-pafundme-ne-fund-te-luftes-nga-modi-i-indise\/#primaryimage"},"image":{"@id":"https:\/\/kosovatimes.info\/index.php\/2026\/09\/01\/moment-i-rende-per-putinin-kur-i-thuhet-te-kaloje-nga-lufta-e-pafundme-ne-fund-te-luftes-nga-modi-i-indise\/#primaryimage"},"thumbnailUrl":"https:\/\/kosovatimes.info\/wp-content\/uploads\/2026\/09\/Putin.webp","datePublished":"2026-09-01T08:00:57+00:00","dateModified":"2026-09-01T08:01:12+00:00","author":{"@id":"https:\/\/kosovatimes.info\/#\/schema\/person\/7586712b9c512fe68085de007378c915"},"breadcrumb":{"@id":"https:\/\/kosovatimes.info\/index.php\/2026\/09\/01\/moment-i-rende-per-putinin-kur-i-thuhet-te-kaloje-nga-lufta-e-pafundme-ne-fund-te-luftes-nga-modi-i-indise\/#breadcrumb"},"inLanguage":"en-US","potentialAction":[{"@type":"ReadAction","target":["https:\/\/kosovatimes.info\/index.php\/2026\/09\/01\/moment-i-rende-per-putinin-kur-i-thuhet-te-kaloje-nga-lufta-e-pafundme-ne-fund-te-luftes-nga-modi-i-indise\/"]}]},{"@type":"ImageObject","inLanguage":"en-US","@id":"https:\/\/kosovatimes.info\/index.php\/2026\/09\/01\/moment-i-rende-per-putinin-kur-i-thuhet-te-kaloje-nga-lufta-e-pafundme-ne-fund-te-luftes-nga-modi-i-indise\/#primaryimage","url":"https:\/\/kosovatimes.info\/wp-content\/uploads\/2026\/09\/Putin.webp","contentUrl":"https:\/\/kosovatimes.info\/wp-content\/uploads\/2026\/09\/Putin.webp","width":960,"height":587},{"@type":"BreadcrumbList","@id":"https:\/\/kosovatimes.info\/index.php\/2026\/09\/01\/moment-i-rende-per-putinin-kur-i-thuhet-te-kaloje-nga-lufta-e-pafundme-ne-fund-te-luftes-nga-modi-i-indise\/#breadcrumb","itemListElement":[{"@type":"ListItem","position":1,"name":"Home","item":"https:\/\/kosovatimes.info\/"},{"@type":"ListItem","position":2,"name":"Moment i r\u00ebnd\u00eb p\u00ebr Putinin kur i thuhet t\u00eb kaloj\u00eb nga lufta e pafundme n\u00eb fund t\u00eb luft\u00ebs nga Modi i Indis\u00eb"}]},{"@type":"WebSite","@id":"https:\/\/kosovatimes.info\/#website","url":"https:\/\/kosovatimes.info\/","name":"Kosova Times","description":"","potentialAction":[{"@type":"SearchAction","target":{"@type":"EntryPoint","urlTemplate":"https:\/\/kosovatimes.info\/?s={search_term_string}"},"query-input":{"@type":"PropertyValueSpecification","valueRequired":true,"valueName":"search_term_string"}}],"inLanguage":"en-US"},{"@type":"Person","@id":"https:\/\/kosovatimes.info\/#\/schema\/person\/7586712b9c512fe68085de007378c915","name":"i l","image":{"@type":"ImageObject","inLanguage":"en-US","@id":"https:\/\/secure.gravatar.com\/avatar\/bad9296e02816160ae2e2435beda58222022298d5625d49fea74d18816fbb31d?s=96&d=mm&r=g","url":"https:\/\/secure.gravatar.com\/avatar\/bad9296e02816160ae2e2435beda58222022298d5625d49fea74d18816fbb31d?s=96&d=mm&r=g","contentUrl":"https:\/\/secure.gravatar.com\/avatar\/bad9296e02816160ae2e2435beda58222022298d5625d49fea74d18816fbb31d?s=96&d=mm&r=g","caption":"i l"},"url":"https:\/\/kosovatimes.info\/index.php\/author\/iliri\/"}]}},"_links":{"self":[{"href":"https:\/\/kosovatimes.info\/index.php\/wp-json\/wp\/v2\/posts\/30363","targetHints":{"allow":["GET"]}}],"collection":[{"href":"https:\/\/kosovatimes.info\/index.php\/wp-json\/wp\/v2\/posts"}],"about":[{"href":"https:\/\/kosovatimes.info\/index.php\/wp-json\/wp\/v2\/types\/post"}],"author":[{"embeddable":true,"href":"https:\/\/kosovatimes.info\/index.php\/wp-json\/wp\/v2\/users\/4"}],"replies":[{"embeddable":true,"href":"https:\/\/kosovatimes.info\/index.php\/wp-json\/wp\/v2\/comments?post=30363"}],"version-history":[{"count":2,"href":"https:\/\/kosovatimes.info\/index.php\/wp-json\/wp\/v2\/posts\/30363\/revisions"}],"predecessor-version":[{"id":30366,"href":"https:\/\/kosovatimes.info\/index.php\/wp-json\/wp\/v2\/posts\/30363\/revisions\/30366"}],"wp:featuredmedia":[{"embeddable":true,"href":"https:\/\/kosovatimes.info\/index.php\/wp-json\/wp\/v2\/media\/30364"}],"wp:attachment":[{"href":"https:\/\/kosovatimes.info\/index.php\/wp-json\/wp\/v2\/media?parent=30363"}],"wp:term":[{"taxonomy":"category","embeddable":true,"href":"https:\/\/kosovatimes.info\/index.php\/wp-json\/wp\/v2\/categories?post=30363"},{"taxonomy":"post_tag","embeddable":true,"href":"https:\/\/kosovatimes.info\/index.php\/wp-json\/wp\/v2\/tags?post=30363"}],"curies":[{"name":"wp","href":"https:\/\/api.w.org\/{rel}","templated":true}]}}