{"id":30370,"date":"2026-09-01T10:20:28","date_gmt":"2026-09-01T08:20:28","guid":{"rendered":"https:\/\/kosovatimes.info\/?p=30370"},"modified":"2026-09-01T10:21:27","modified_gmt":"2026-09-01T08:21:27","slug":"deshmi-qe-hedh-nje-drite-krejtesisht-te-re-mbi-ceshtjen-e-spiunazhit-dhe-arrestimin-e-gjeneralit-perishiq","status":"publish","type":"post","link":"https:\/\/kosovatimes.info\/index.php\/2026\/09\/01\/deshmi-qe-hedh-nje-drite-krejtesisht-te-re-mbi-ceshtjen-e-spiunazhit-dhe-arrestimin-e-gjeneralit-perishiq\/","title":{"rendered":"D\u00ebshmi q\u00eb hedh nj\u00eb drit\u00eb krejt\u00ebsisht t\u00eb re mbi \u00e7\u00ebshtjen e &#8220;spiunazhit&#8221; dhe arrestimin e gjeneralit Perishiq"},"content":{"rendered":"\n<p class=\"wp-block-paragraph\">Miroslav Belosheviq Beli, nj\u00eb ish-an\u00ebtar (shef i shtabit dhe sekretar i Administrat\u00ebs s\u00eb Siguris\u00eb) t\u00eb Administrat\u00ebs s\u00eb Siguris\u00eb s\u00eb Ushtris\u00eb Jugosllave dhe nj\u00eb bashk\u00ebpun\u00ebtor i ngusht\u00eb i ish-gjeneralit Ace Tomiq, n\u00eb nj\u00eb deklarat\u00eb q\u00eb ia dor\u00ebzoi Agjencis\u00eb s\u00eb Siguris\u00eb Ushtarake (VBA) pretendon se ish-Shefi i Shtabit t\u00eb P\u00ebrgjithsh\u00ebm Mom\u00e7ilo Perishiq nuk i dor\u00ebzoi asnj\u00eb dokument sekret ushtarak diplomatit amerikan John David Neighbor m\u00eb 14 mars 2002 n\u00eb motelin \u0160ari\u0107, se provat kund\u00ebr tyre m\u00eb pas u fabrikuan. Peri\u0161i\u0107 u d\u00ebnua me kat\u00ebr vjet burg p\u00ebr t\u00eb ashtuquajtur\u00ebn afer\u00eb &#8220;spiunazh&#8221;, dhe s\u00eb fundmi, pasi vuajti dy t\u00eb tretat e d\u00ebnimit t\u00eb tij, ai u lirua. Megjithat\u00eb, 24 vjet m\u00eb von\u00eb dhe pasi d\u00ebshmit\u00eb e disa d\u00ebshmitar\u00ebve n\u00eb procedur\u00eb pan\u00eb drit\u00ebn e diellit, u ngrit p\u00ebrs\u00ebri pyetja &#8211; n\u00ebse e gjith\u00eb afera kund\u00ebr Peri\u0161i\u0107 dhe t\u00eb pandehurve t\u00eb tjer\u00eb ishte n\u00eb t\u00eb v\u00ebrtet\u00eb e sajuar.<\/p>\n\n\n\n<p class=\"wp-block-paragraph\">Miroslav Belosheviq Beli, ish-an\u00ebtar i Drejtoris\u00eb s\u00eb Siguris\u00eb s\u00eb Ushtris\u00eb Jugosllave dhe bashk\u00ebpun\u00ebtor i ngusht\u00eb i ish-gjeneralit Ace Tomiq, n\u00eb nj\u00eb deklarat\u00eb t\u00eb dor\u00ebzuar n\u00eb Agjencin\u00eb e Siguris\u00eb Ushtarake (VBA) pretendon se ish-Shefi i Shtabit t\u00eb P\u00ebrgjithsh\u00ebm Mom\u00e7ilo Perishiq nuk i ka dor\u00ebzuar asnj\u00eb dokument sekret ushtarak diplomatit amerikan John David Neighbor m\u00eb 14 mars 2002 n\u00eb motelin &#8220;Shariq&#8221;, por se provat kund\u00ebr tyre m\u00eb pas jan\u00eb sajuar.<\/p>\n\n\n\n<p class=\"wp-block-paragraph\">Belosheviqi i dor\u00ebzoi nj\u00eb &#8220;njoftim&#8221; pothuajse identik Prokuroris\u00eb s\u00eb Lart\u00eb Publike n\u00eb Beograd, i cili u dor\u00ebzua rregullisht n\u00eb zyr\u00ebn e prokuroris\u00eb m\u00eb 2 shtator 2004. M\u00eb 3 korrik 2026, i pandehuri i tret\u00eb, Vladan Vlajkoviqi, iu drejtua prokuroris\u00eb me nj\u00eb k\u00ebrkes\u00eb p\u00ebr informacion me r\u00ebnd\u00ebsi publike dhe pyetjen se \u00e7far\u00eb kishte b\u00ebr\u00eb prokuroria n\u00eb lidhje me letr\u00ebn q\u00eb i d\u00ebrgoi Belosheviqi. Kjo u pasua nga p\u00ebrgjigja e prokuroris\u00eb me numrin 123\/26 t\u00eb dat\u00ebs 14\/07\/2026, se &#8220;k\u00ebrkesa e tij refuzohet sepse b\u00ebhet fjal\u00eb p\u00ebr informacion q\u00eb \u00ebsht\u00eb publikuar tashm\u00eb sepse \u00ebsht\u00eb informacion publik&#8221;.<\/p>\n\n\n\n<h2 class=\"wp-block-heading\">Kat\u00ebr vjet burg<\/h2>\n\n\n\n<p class=\"wp-block-paragraph\">Nga rruga, Perishiq u d\u00ebnua me kat\u00ebr vjet burg p\u00ebr t\u00eb ashtuquajtur\u00ebn afer\u00eb &#8220;spiunazh&#8221;, dhe s\u00eb fundmi, pasi vuajti dy t\u00eb tretat e d\u00ebnimit, ai u lirua. Megjithat\u00eb, 24 vjet m\u00eb von\u00eb dhe pasi d\u00ebshmit\u00eb e disa d\u00ebshmitar\u00ebve n\u00eb procedur\u00eb pan\u00eb drit\u00ebn e diellit, u ngrit p\u00ebrs\u00ebri pyetja &#8211; n\u00ebse e gjith\u00eb afera kund\u00ebr Peri\u0161i\u0107 dhe t\u00eb pandehurve t\u00eb tjer\u00eb ishte v\u00ebrtet e sajuar.<\/p>\n\n\n\n<figure class=\"wp-block-image is-resized\"><img decoding=\"async\" src=\"https:\/\/nova.rs\/media\/images\/2026\/1\/1764255723_h_50731600.format-jpeg.width-500.jpg\" alt=\"Perisic gjat\u00eb vendimit t\u00eb tij n\u00eb apel\" style=\"width:auto;height:318px\"\/><figcaption class=\"wp-element-caption\">Foto: EPA\/KOEN VAN WEEL<\/figcaption><\/figure>\n\n\n\n<p class=\"wp-block-paragraph\">Ish-Shefi i Shtabit t\u00eb P\u00ebrgjithsh\u00ebm t\u00eb Ushtris\u00eb Jugosllave,&nbsp;<a href=\"https:\/\/nova.rs\/vesti\/hronika\/nekadanji-naelnik-generaltaba-momilo-perii-puten-na-slobodu\/\" target=\"_blank\" rel=\"noopener\">Mom\u00e7ilo Perishi\u00e7,<\/a>&nbsp;u lirua n\u00eb fillim t\u00eb korrikut t\u00eb k\u00ebtij viti pasi vuajti m\u00eb shum\u00eb se dy t\u00eb tretat e d\u00ebnimit me kat\u00ebr vjet burg me t\u00eb cilin u d\u00ebnua p\u00ebr spiunazh.<\/p>\n\n\n\n<p class=\"wp-block-paragraph\">N\u00eb vitin 2022, Gjykata e Apelit n\u00eb Beograd e d\u00ebnoi at\u00eb me kat\u00ebr vjet burg p\u00ebr zbulimin e sekreteve ushtarake, pra dor\u00ebzimin e dokumenteve ushtarake konfidenciale te John Neighbor, nj\u00eb punonj\u00ebs i Ambasad\u00ebs s\u00eb Shteteve t\u00eb Bashkuara, n\u00eb vitin 2002. Me t\u00eb nj\u00ebjtin vendim, Miodrag Sekuli\u0107 dhe Vladan Vlajkovi\u0107 u d\u00ebnuan me nga nj\u00eb vit e gjysm\u00eb burg secili p\u00ebr zbulimin e sekreteve ushtarake gjat\u00eb ndihm\u00ebs.<\/p>\n\n\n\n<figure class=\"wp-block-image is-resized\"><img decoding=\"async\" src=\"https:\/\/nova.rs\/media\/images\/2026\/1\/1764200409_h_99319493.format-jpeg.width-500.jpg\" alt=\"JUGOSLVI-LUCANE\/PARLAMENT\/PERISIC\" style=\"width:auto;height:348px\"\/><figcaption class=\"wp-element-caption\">Foto: EPA FOTO EPA\/SASA DJORDJEVIC<\/figcaption><\/figure>\n\n\n\n<p class=\"wp-block-paragraph\">Megjithat\u00eb, as gati dy dekada pas shp\u00ebrthimit t\u00eb afer\u00ebs,\u00a0<a href=\"https:\/\/nova.rs\/tag\/momcilo-perisic\/\" target=\"_blank\" rel=\"noopener\">\u00e7\u00ebshtja Peri\u0161i\u0107<\/a>\u00a0nuk pushon s\u00eb hapuri pyetje t\u00eb reja, ve\u00e7an\u00ebrisht pas d\u00ebshmive dhe provave q\u00eb v\u00ebn\u00eb n\u00eb pik\u00ebpyetje m\u00ebnyr\u00ebn se si u mblodh\u00ebn dhe u paraqit\u00ebn provat kryesore kund\u00ebr t\u00eb pandehurve &#8211; midis tyre videoja e hetimit n\u00eb hotel, kur u b\u00eb dor\u00ebzimi i dyshuar i dokumenteve sekrete dhe kur Perishiq dhe Nejbor u prangos\u00ebn.<\/p>\n\n\n\n<p class=\"wp-block-paragraph\">Disa deklarata, p\u00ebrfshir\u00eb d\u00ebshmin\u00eb e ish-an\u00ebtarit t\u00eb Administrat\u00ebs s\u00eb Siguris\u00eb Miroslav Belosheviq, n\u00eb t\u00eb cil\u00ebn Nova.rs kishte qasje, ngren\u00eb dyshime se n\u00eb t\u00eb v\u00ebrtet\u00eb nuk ka pasur dor\u00ebzim t\u00eb dokumenteve sekrete ushtarake n\u00eb motelin &#8220;\u0160ari\u0107&#8221;, por se provat jan\u00eb ndryshuar m\u00eb pas. Akuzat nga d\u00ebshmia e p\u00ebrmendur ngren\u00eb gjithashtu pyetjen n\u00ebse e gjith\u00eb kjo \u00e7\u00ebshtje ishte v\u00ebrtet e inskenuar nga njer\u00ebz n\u00eb sh\u00ebrbimet e inteligjenc\u00ebs ushtarake.<\/p>\n\n\n\n<p class=\"wp-block-paragraph\">Dyshimi forcohet m\u00eb tej nga Vendimi i Gjykat\u00ebs s\u00eb Apelit i dat\u00ebs 19 maj 2026 me numrin K\u017e2 618\/26, i cili anulon Vendimin e Gjykat\u00ebs s\u00eb Lart\u00eb dhe e trajton d\u00ebshmin\u00eb e Miroslav Beloshevi\u0107 si &#8220;prova t\u00eb reja&#8221; q\u00eb duhet t\u00eb rishikohen.<\/p>\n\n\n\n<p class=\"wp-block-paragraph\">N\u00eb dokument, Belosheviqi paraqitet si d\u00ebshmitar i drejtp\u00ebrdrejt\u00eb i ngjarjes dhe deklaron se ishte n\u00eb dijeni t\u00eb operacionit &#8220;Postieri&#8221;, n\u00eb t\u00eb cilin sh\u00ebrbimi i siguris\u00eb ushtarake dhe grupi i kund\u00ebrzbulimit ndoq\u00ebn Perishiqin, Nejborin, n\u00ebnkolonelin Miodrag Sekuliq dhe Vladan Vlajkoviqin p\u00ebr nj\u00eb far\u00eb kohe.<\/p>\n\n\n\n<p class=\"wp-block-paragraph\">Belosheviqi deklaron n\u00eb d\u00ebshmin\u00eb e tij se i gjith\u00eb aksioni filloi n\u00eb shtator t\u00eb vitit 2001, pas informacionit se dokumente nga zyra e Shefit t\u00eb Shtabit t\u00eb P\u00ebrgjithsh\u00ebm po i dor\u00ebzoheshin Qeveris\u00eb s\u00eb Serbis\u00eb n\u00ebp\u00ebrmjet Z\u00ebvend\u00ebskryeministrit Momcilo Peri\u0161i\u0107.<\/p>\n\n\n\n<p class=\"wp-block-paragraph\">N\u00eb deklarat\u00ebn e tij, Belosheviqi citon Darko Milanoviqin, shoferin dhe truproj\u00ebn e Perishiqit n\u00eb at\u00eb koh\u00eb, i cili, si\u00e7 pretendon ai, bashk\u00ebpunoi me sh\u00ebrbimin e siguris\u00eb ushtarake pik\u00ebrisht p\u00ebr t\u00eb kompromentuar Perishiqin.<\/p>\n\n\n\n<figure class=\"wp-block-image is-resized\"><img decoding=\"async\" src=\"https:\/\/nova.rs\/media\/images\/2026\/1\/1764200642_momcilo_perisic__288614.format-jpeg.width-500.jpg\" alt=\"Momicilo Peri\u0161i\u0107 Foto: E-Stock\/Milo\u0161 Rafailovi\u0107\" style=\"width:auto;height:333px\"\/><figcaption class=\"wp-element-caption\">Momicilo Peri\u0161i\u0107 Foto: E-Stock\/Milo\u0161 Rafailovi\u0107<\/figcaption><\/figure>\n\n\n\n<p class=\"wp-block-paragraph\">&#8220;Pasi Darko Milanoviq pranoi t\u00eb bashk\u00ebpunonte me sh\u00ebrbimin e siguris\u00eb ushtarake, koloneli Dragan Teleskoviq mbajti kontakte t\u00eb m\u00ebtejshme me t\u00eb me urdh\u00ebr t\u00eb kreut t\u00eb Administrat\u00ebs s\u00eb Siguris\u00eb, Ace Tomiq. Dragan Teleskoviq i dha atij nj\u00eb num\u00ebr telefoni t\u00eb ve\u00e7ant\u00eb me nj\u00eb kart\u00eb q\u00eb vet\u00ebm ata t\u00eb dy mund ta p\u00ebrdornin&#8221;, tha ai.<\/p>\n\n\n\n<p class=\"wp-block-paragraph\">Belosheviqi deklaron se gjat\u00eb disa muajve t\u00eb monitorimit, u regjistruan disa takime midis Perishiqit dhe Nejborit, p\u00ebrfshir\u00eb dy n\u00eb apartamentin e Perishiqit dhe nj\u00eb n\u00eb nj\u00eb makin\u00eb pune. Megjithat\u00eb, ai pretendon se gjat\u00eb k\u00ebtyre takimeve nuk u dor\u00ebzuan dokumente. Ai deklaron se takimet n\u00eb apartament ishin m\u00eb shum\u00eb thashetheme p\u00ebr njer\u00ebz t\u00eb caktuar nga Qeveria e Serbis\u00eb.<\/p>\n\n\n\n<p class=\"wp-block-paragraph\">Ai p\u00ebrshkruan n\u00eb ve\u00e7anti takimin e 15 tetorit 2001, i cili, sipas deklaratave t\u00eb tij, ishte takimi i tyre i fundit i dokumentuar nga sh\u00ebrbimi para nj\u00eb pushimi prej gati gjasht\u00eb muajsh (n\u00eb total, dy takime u regjistruan nga Administrata e Siguris\u00eb).<\/p>\n\n\n\n<p class=\"wp-block-paragraph\">\u00abNe menduam se nuk kishte element\u00eb p\u00ebr t\u00eb b\u00ebr\u00eb nj\u00eb arrestim n\u00eb apartament\u00bb, thot\u00eb Belosheviq, duke shpjeguar se n\u00eb video nuk kishte asgj\u00eb q\u00eb mund t\u00eb p\u00ebrdorej si prov\u00eb spiunazhi.<\/p>\n\n\n\n<p class=\"wp-block-paragraph\">Sipas d\u00ebshmis\u00eb s\u00eb tij, bisedat midis Peri\u0161i\u0107-it dhe Nejbor-it lidheshin kryesisht me tema politike dhe njer\u00ebz me t\u00eb cil\u00ebt Peri\u0161i\u0107 bashk\u00ebpunonte n\u00eb Qeveri.<\/p>\n\n\n\n<h2 class=\"wp-block-heading\">Arrestimi n\u00eb motelin &#8220;\u0160ari\u0107&#8221;<\/h2>\n\n\n\n<p class=\"wp-block-paragraph\">Sipas versionit t\u00eb ngjarjeve t\u00eb Belosheviqit, kontakti midis Perishiqit dhe Nejborit u rinovua n\u00eb mars t\u00eb vitit 2002, kur sh\u00ebrbimi ushtarak mori informacion se ata do t\u00eb takoheshin n\u00eb restorantin e motelit &#8220;\u0160ari\u0107&#8221; n\u00eb Ibarska magistrala.<\/p>\n\n\n\n<p class=\"wp-block-paragraph\">&#8220;Kan\u00eb kaluar m\u00eb shum\u00eb se gjasht\u00eb muaj kur Dragan Teleskoviq na informoi se Mom\u00e7ilo Perishiq dhe John Nejbor kishin rinovuar kontaktin dhe se do t\u00eb takoheshin n\u00eb restorantin e motelit &#8220;\u0160ariq&#8221; n\u00eb Ibarska magistrala nat\u00ebn e 14 marsit 2002. Mund t\u00eb them se Dragan Teleskoviq p\u00ebsoi nj\u00eb lloj &#8220;presioni&#8221; sepse asgj\u00eb nuk ndodhi me operacionin &#8220;Po\u0161tar&#8221; p\u00ebr gati gjasht\u00eb muaj, dhe burime t\u00eb konsiderueshme u angazhuan n\u00eb monitorimin e t\u00eb dyshuarve n\u00eb aspektin e personelit dhe teknologjis\u00eb. Gjenerali Aco Tomiq ishte nj\u00eb patriot i ndersh\u00ebm dhe i sinqert\u00eb i cili, p\u00ebr hir t\u00eb s\u00eb v\u00ebrtet\u00ebs, nuk e p\u00eblqente qasjen e Serbis\u00eb ndaj Per\u00ebndimit, p\u00ebr shkak t\u00eb bombardimeve t\u00eb RFJ-s\u00eb. Politikisht, ai ishte i af\u00ebrt me rrym\u00ebn konservatore t\u00eb Vojislav Koshtunic\u00ebs dhe kishte nj\u00eb devijim mjaft t\u00eb hapur nga pik\u00ebpamjet e kryeministrit Zoran Gjingjiq&#8221;, thot\u00eb ai n\u00eb d\u00ebshmi.<\/p>\n\n\n\n<figure class=\"wp-block-image is-resized\"><img decoding=\"async\" src=\"https:\/\/nova.rs\/media\/images\/2026\/1\/1764256442_sdfasfd.format-jpeg.width-500.jpg\" alt=\"Mom\u00e7ilo Perisi\u00e7\" style=\"width:auto;height:341px\"\/><figcaption class=\"wp-element-caption\">Mom\u010dilo Peri\u0161i\u0107 Foto: EPA\/PETER DEJONG \/ POOL<\/figcaption><\/figure>\n\n\n\n<p class=\"wp-block-paragraph\">Ai thekson m\u00eb tej se ishte Teleskoviqi ai q\u00eb udh\u00ebhoqi aksionin e monitorimit dhe arrestimit.<\/p>\n\n\n\n<p class=\"wp-block-paragraph\">Belosheviqi deklaron se Gjenerali Aco Tomiqi e miratoi arrestimin me nj\u00eb kusht, dometh\u00ebn\u00eb q\u00eb Teleskoviqi t\u00eb konfirmonte s\u00eb pari se e pa dor\u00ebzimin e dokumenteve midis Perishiqit dhe Nejborit.<\/p>\n\n\n\n<p class=\"wp-block-paragraph\">Lidhur me sfondin e arrestimit, \u00ebsht\u00eb e r\u00ebnd\u00ebsishme t\u00eb theksohet nj\u00eb detaj q\u00eb Belovi\u0161evi\u0107 p\u00ebrmend n\u00eb deklarat\u00ebn e tij &#8211; &#8220;Teleskovi\u0107 nuk e toleroi Gjeneralin Mom\u00e7ilo Peri\u0161i\u0107 sepse e konsideronte at\u00eb p\u00ebrgjegj\u00ebs, s\u00eb bashku me Gjeneralin Aleksandar Dimitrijevi\u0107, ish-kreun e Administrat\u00ebs s\u00eb Siguris\u00eb, p\u00ebr komand\u00ebn nga Administrata e Siguris\u00eb n\u00eb qendr\u00ebn m\u00ebsimore shkollore n\u00eb Pan\u00e7ev\u00eb. Arsyeja e komand\u00ebs ishte prirja e Teleskovi\u0107-it p\u00ebr alkoolin. Gjenerali Aco Tomi\u0107 kishte nj\u00eb armiq\u00ebsi t\u00eb ngjashme ndaj Gjeneralit Mom\u00e7ilo Peri\u0161i\u0107 dhe Gjeneralit Aleksandar Dimitrijevi\u0107&#8221;.<\/p>\n\n\n\n<h2 class=\"wp-block-heading\">Perishi\u00e7 hyri pa \u00e7ant\u00ebn dhe dosjen e tij<\/h2>\n\n\n\n<p class=\"wp-block-paragraph\">Sipas d\u00ebshmis\u00eb s\u00eb tij t\u00eb m\u00ebtejshme dh\u00ebn\u00eb Belosheviqit, Perishiqi erdhi n\u00eb restorant me nj\u00eb makin\u00eb kompanie, i veshur me tuta sportive dhe pa \u00e7ant\u00eb apo dosje. Neybor mb\u00ebrriti dhjet\u00eb minuta m\u00eb von\u00eb.<\/p>\n\n\n\n<p class=\"wp-block-paragraph\">\u201cIsha i pranish\u00ebm pran\u00eb gjeneralit t\u00eb ndjer\u00eb Ace Tomi\u0107 kur Teleskovi\u0107 e telefonoi dhe i tha se dokumentacioni ishte dor\u00ebzuar\u201d, pohon Beloshevi\u0107.<\/p>\n\n\n\n<p class=\"wp-block-paragraph\">Ai deklaron se Tomi\u0107 m\u00eb pas e pyeti Teleskovi\u0107in disa her\u00eb n\u00ebse e kishte par\u00eb dor\u00ebzimin me syt\u00eb e tij, dhe pasi ky i fundit u p\u00ebrgjigj pozitivisht, filloi operacioni i arrestimit.<\/p>\n\n\n\n<figure class=\"wp-block-image is-resized\"><img decoding=\"async\" src=\"https:\/\/nova.rs\/media\/images\/2026\/1\/1764200641_momcilo_perisic__288610.format-jpeg.width-500.jpg\" alt=\"Momicilo Peri\u0161i\u0107 Foto: E-Stock\/Milo\u0161 Rafailovi\u0107\" style=\"width:auto;height:333px\"\/><figcaption class=\"wp-element-caption\">Momicilo Peri\u0161i\u0107 Foto: E-Stock\/Milo\u0161 Rafailovi\u0107<\/figcaption><\/figure>\n\n\n\n<p class=\"wp-block-paragraph\">Megjithat\u00eb, sipas Belosheviqit, at\u00ebher\u00eb ndodhi problemi kryesor.<\/p>\n\n\n\n<p class=\"wp-block-paragraph\">Sipas deklaratave t\u00eb tij, pas arrestimit dhe kontrollit, nuk u gjet asnj\u00eb dokumentacion q\u00eb do t\u00eb p\u00ebrfaq\u00ebsonte prova t\u00eb spiunazhit. Sipas Belosevi\u00e7it, Teleskovi\u00e7 urdh\u00ebroi q\u00eb hetimi n\u00eb restorant t\u00eb nd\u00ebrpritej dhe t\u00eb arrestuarit t\u00eb transferoheshin n\u00eb kazermat n\u00eb Topcider, nd\u00ebrsa ai mori me vete \u00e7ant\u00ebn e Neiborit.<\/p>\n\n\n\n<p class=\"wp-block-paragraph\">Nd\u00ebr t\u00eb tjera, Belosheviqi thekson nj\u00eb rrethan\u00eb t\u00eb r\u00ebnd\u00ebsishme p\u00ebr t\u00eb gjith\u00eb \u00e7\u00ebshtjen.<\/p>\n\n\n\n<p class=\"wp-block-paragraph\">\u201cI gjith\u00eb arrestimi u filmua nga n\u00ebnoficeri, teknik kriminalistik i policis\u00eb ushtarake, Dejan Spasojevi\u0107, dhe tekniku kriminalistik Mile Jovanovi\u0107 me nj\u00eb kamer\u00eb VHS. Ata gjithashtu regjistruan sendet q\u00eb iu mor\u00ebn Peri\u0161i\u0107 dhe Nejbor, p\u00ebrfshir\u00eb sendet q\u00eb ishin n\u00eb \u00e7ant\u00ebn e Nejborit. Deri n\u00eb k\u00ebt\u00eb moment, gjith\u00e7ka shkoi sipas planit q\u00eb ishte p\u00ebrgatitur dhe miratuar paraprakisht. Pas k\u00ebsaj, asgj\u00eb nuk ishte sipas planit dhe sipas ligjit, por vet\u00ebm p\u00ebr shkak t\u00eb inercis\u00eb s\u00eb krijuar nga vendimi i Dragan Teleskovi\u0107 p\u00ebr t\u00eb arrestuar t\u00eb dyshuarin, edhe pse ai nuk pa se nuk kishte dor\u00ebzim t\u00eb ndonj\u00eb dokumentacioni\u201d, thuhet n\u00eb deklarat\u00eb.<\/p>\n\n\n\n<h2 class=\"wp-block-heading\">Akuza p\u00ebr foto t\u00eb modifikuara<\/h2>\n\n\n\n<p class=\"wp-block-paragraph\">Megjithat\u00eb, ajo q\u00eb \u00ebsht\u00eb ve\u00e7an\u00ebrisht shqet\u00ebsuese jan\u00eb pretendimet e Belosheviqit p\u00ebr manipulim t\u00eb provave n\u00eb k\u00ebt\u00eb rast. Konkretisht, ai pretendon se pati mund\u00ebsin\u00eb t\u00eb shihte fotot dhe videon origjinale nga arrestimi dhe se nuk pa dokumente ushtarake sekrete n\u00eb to.<\/p>\n\n\n\n<p class=\"wp-block-paragraph\">Sipas deklarat\u00ebs s\u00eb tij, m\u00eb von\u00eb fotot n\u00eb Dokumentacionin Kriminalistik dhe Teknik u ndryshuan, dhe n\u00eb vend t\u00eb fotove origjinale nga vendi i arrestimit, u fut\u00ebn foto t\u00eb b\u00ebra n\u00eb kazerm\u00ebn n\u00eb Topcider, si dhe foto t\u00eb &#8220;marra&#8221; nga regjistrimi VHS.<\/p>\n\n\n\n<p class=\"wp-block-paragraph\">Belosheviqi pohon gjithashtu se m\u00eb pas mbi fotot u vizatuan shigjeta t\u00eb kuqe, t\u00eb cilat supozohej se tregonin dokumente t\u00eb supozuara sekrete.<\/p>\n\n\n\n<p class=\"wp-block-paragraph\">N\u00eb ve\u00e7anti, ai pohon se dokumentet e sh\u00ebnuara me shigjeta si dokumente ushtarake sekrete, sipas kujtes\u00ebs s\u00eb tij, nuk ishin t\u00eb tilla n\u00eb materialin origjinal, por se ishin n\u00eb anglisht dhe &#8220;nuk kan\u00eb t\u00eb b\u00ebjn\u00eb fare me ushtrin\u00eb&#8221;.<\/p>\n\n\n\n<p class=\"wp-block-paragraph\">Ai gjithashtu pretendon se videoja origjinale VHS e arrestimit dhe kontrollit nuk iu dor\u00ebzua gjykat\u00ebs, megjith\u00ebse mbrojtja, sipas tij, k\u00ebrkoi q\u00eb ajo t\u00eb dor\u00ebzohej. Beloshevi\u00e7 pretendon se regjistrimi VHS mbeti n\u00eb arkivat e Administrat\u00ebs s\u00eb Siguris\u00eb, pra Agjencis\u00eb s\u00eb Siguris\u00eb Ushtarake t\u00eb sotme.<\/p>\n\n\n\n<figure class=\"wp-block-image is-resized\"><img decoding=\"async\" src=\"https:\/\/nova.rs\/media\/images\/2026\/1\/1764260513_Untitled-6-9.format-jpeg.width-500.jpg\" alt=\"ish-kreu i Sh\u00ebrbimit t\u00eb Siguris\u00eb Ushtarake, Aco Tomi\u0107\" style=\"width:auto;height:333px\"\/><figcaption class=\"wp-element-caption\">Aco Tomi\u0107Foto: Printscreen\/YouTube\/B92<\/figcaption><\/figure>\n\n\n\n<p class=\"wp-block-paragraph\">Ai deklaroi m\u00eb tej se q\u00eb at\u00eb nat\u00eb, sipas humorit t\u00eb Gjeneral Ace Tomi\u0107, ai pa se ishte i zem\u00ebruar me Dragan Teleskovi\u0107in sepse aksioni nuk ishte p\u00ebrfunduar sipas planit dhe se gjith\u00e7ka ishte b\u00ebr\u00eb &#8220;shum\u00eb e nd\u00ebrlikuar ligj\u00ebrisht dhe politikisht&#8221;.<\/p>\n\n\n\n<p class=\"wp-block-paragraph\">N\u00eb t\u00eb nj\u00ebjt\u00ebn koh\u00eb, Belosheviqi deklaron se kishte nj\u00eb problem se si t\u00eb akuzoheshin Sekuliqi dhe Vlajkoviqi p\u00ebr zbulimin e nj\u00eb sekreti ushtarak, meqen\u00ebse ata ia dor\u00ebzuan dokumentet Qeveris\u00eb s\u00eb Serbis\u00eb dhe jo &#8220;nj\u00eb personi t\u00eb paftuar&#8221;, pas s\u00eb cil\u00ebs prokuroria i akuzoi ata n\u00eb baz\u00eb t\u00eb dokumenteve t\u00eb sh\u00ebnuara si &#8220;sekret ushtarak &#8211; ve\u00e7an\u00ebrisht informacion konfidencial&#8221;, megjith\u00ebse nj\u00eb shkall\u00eb e till\u00eb sekreti nuk ekzistonte n\u00eb asnj\u00eb dokument ushtarak.<\/p>\n\n\n\n<p class=\"wp-block-paragraph\">&#8220;M\u00eb von\u00eb, na u shpjegua se do t\u00eb kalonte n\u00eb Gjykat\u00ebn Ushtarake sepse \u00ebsht\u00eb gjyqtari yn\u00eb hetues, gjyqtari yn\u00eb q\u00eb po gjykon, dhe kjo tez\u00eb do t\u00eb mb\u00ebshtetet nga nj\u00eb mendim eksperti i cili do t\u00eb kryhet p\u00ebrs\u00ebri nga oficer\u00ebt tan\u00eb, t\u00eb cil\u00ebt ne i kontrollonim&#8221;, tha ai.<\/p>\n\n\n\n<h2 class=\"wp-block-heading\">&#8220;Dokumentet nuk ishin n\u00eb \u00e7ant\u00ebn e fqinjit&#8221;<\/h2>\n\n\n\n<p class=\"wp-block-paragraph\">Belosheviqi deklaron se m\u00eb pas mori informacione shtes\u00eb rreth \u00e7\u00ebshtjes n\u00ebp\u00ebrmjet letrave anonime dhe nj\u00eb USB-je me dokumentacion nga gjyqi. Ai pretendon se midis k\u00ebtyre materialeve ishin transkripte t\u00eb gjyqit, aktakuza, deklarata t\u00eb d\u00ebshmitar\u00ebve, fotografi dhe dokumentacion i detajuar.<\/p>\n\n\n\n<p class=\"wp-block-paragraph\">Sipas d\u00ebshmis\u00eb s\u00eb tij, ato materiale konfirmuan dyshimet e tij t\u00eb m\u00ebparshme p\u00ebr manipulim t\u00eb provave n\u00eb t\u00eb gjith\u00eb \u00e7\u00ebshtjen. \u00cbsht\u00eb interesante se ishte Belosheviqi ai q\u00eb ua transmetoi regjistrimet e mbik\u00ebqyrjes sekrete t\u00eb Perishiqit dhe Nejborit krer\u00ebve t\u00eb DOS-it dhe ambasadorit amerikan, por jo regjistrimin e arrestimit dhe kontrollit t\u00eb b\u00ebr\u00eb nga Mile Jovanoviqi.<\/p>\n\n\n\n<p class=\"wp-block-paragraph\">Ai pohon se n\u00eb kazerm\u00eb u hartuan dy certifikata n\u00eb lidhje me sendet e marra nga Neibori. Nj\u00ebra prej tyre, pretendon ai, liston gj\u00ebrat e gjetura n\u00eb t\u00eb v\u00ebrtet\u00eb, nd\u00ebrsa tjetra liston dokumente t\u00eb supozuara ushtarake sekrete q\u00eb Neibori nuk i ka n\u00ebnshkruar. Belosheviqi gjithashtu pretendon se dokumentet q\u00eb u paraqit\u00ebn m\u00eb von\u00eb si prova ky\u00e7e ishin rreth gjasht\u00eb muajshe t\u00eb vjetra dhe nuk kishin nj\u00eb shenj\u00eb sekrete.<\/p>\n\n\n\n<p class=\"wp-block-paragraph\">Belosheviqi ia atribuon p\u00ebrgjegj\u00ebsin\u00eb m\u00eb t\u00eb madhe p\u00ebr lindjen e situat\u00ebs s\u00eb diskutueshme Dragan Teleskoviqit. Ai pretendon se ai, n\u00eb kund\u00ebrshtim me urdhrin, urdh\u00ebroi arrestimin edhe pse nuk e kishte par\u00eb m\u00eb par\u00eb dor\u00ebzimin e dokumenteve.<\/p>\n\n\n\n<p class=\"wp-block-paragraph\">&#8220;Ata prej nesh q\u00eb dinin p\u00ebr vet\u00eb veprimin dyshonin gjithashtu n\u00eb provat se Koloneli Teleskovi\u00e7 po p\u00ebrpiqej t\u00eb &#8220;t\u00ebrheqte&#8221; me \u00e7do kusht. Rreziku ishte shum\u00eb i lart\u00eb, n\u00ebnkryetari i Qeveris\u00eb s\u00eb Serbis\u00eb dhe diplomati i fuqis\u00eb m\u00eb t\u00eb fuqishme n\u00eb bot\u00eb n\u00eb at\u00eb koh\u00eb u arrestua nga ushtria. Pranimi i gabimit ishte politikisht i rreziksh\u00ebm sepse pasojat e menj\u00ebhershme do t\u00eb ishin katastrofike si p\u00ebr Ushtrin\u00eb dhe Administrat\u00ebn e Siguris\u00eb, ashtu edhe p\u00ebr opsionin politik t\u00eb Vojislav Koshtunic\u00ebs, si dhe p\u00ebr individ\u00ebt q\u00eb kryen at\u00eb veprim, p\u00ebrfshir\u00eb Gjeneralin Aca Tomi\u00e7&#8221;, deklaron ai.<\/p>\n\n\n\n<h2 class=\"wp-block-heading\">&#8220;Perisi\u00e7 nuk dor\u00ebzoi dokumente sekrete ushtarake&#8221;<\/h2>\n\n\n\n<p class=\"wp-block-paragraph\">N\u00eb p\u00ebrfundim t\u00eb deklarat\u00ebs s\u00eb tij, Belosheviqi pohon shprehimisht se Perishiqi nuk ia dor\u00ebzoi dokumente sekrete ushtarake Nejborit n\u00eb motelin &#8220;\u0160ari\u0107&#8221;.<\/p>\n\n\n\n<p class=\"wp-block-paragraph\">Ai i bazon pretendimet e tij n\u00eb at\u00eb q\u00eb thot\u00eb se e ka par\u00eb drejtp\u00ebrdrejt, deklaratat e oficer\u00ebve dhe n\u00ebnoficer\u00ebve q\u00eb ishin n\u00eb vendin e arrestimit, fotografi, nj\u00eb incizim VHS, dokumentacion mbi sendet e konfiskuara, si dhe bisedat q\u00eb pati me Aco Tomi\u0107-in.<\/p>\n\n\n\n<p class=\"wp-block-paragraph\">\u201cNuk ka dokumente sekrete ushtarake n\u00eb ato foto dhe n\u00eb video, dhe kjo ishte arsyeja pse nuk u treguam udh\u00ebheq\u00ebsve t\u00eb DOS dhe William Montgomery-t se \u00e7far\u00eb regjistruan teknik\u00ebt tan\u00eb t\u00eb krimit n\u00eb restorantin \u201c\u0160ari\u0107\u201d, deklaron ai.<\/p>\n\n\n\n<p class=\"wp-block-paragraph\">Ai pretendon se autenticiteti i d\u00ebshmis\u00eb s\u00eb tij mund t\u00eb verifikohet duke krahasuar fotografit\u00eb origjinale t\u00eb b\u00ebra nga tekniku i krimit Dejan Spasojevi\u0107 dhe videon VHS t\u00eb b\u00ebr\u00eb nga Mile Jovanovi\u0107 me materialin q\u00eb u p\u00ebrdor m\u00eb von\u00eb n\u00eb procedur\u00eb.<\/p>\n\n\n\n<p class=\"wp-block-paragraph\">N\u00eb fund, Belosevi\u00e7 deklaron se \u00ebsht\u00eb i gatsh\u00ebm t\u00eb p\u00ebrs\u00ebris\u00eb pretendimet e tij para autoriteteve kompetente dhe se e ka paraqitur deklarat\u00ebn sepse, si\u00e7 pretendon ai, &#8220;njer\u00ebz t\u00eb pafajsh\u00ebm ende po vuajn\u00eb pasojat e \u00e7\u00ebshtjes&#8221;.<\/p>\n\n\n\n<p class=\"wp-block-paragraph\">Ai gjithashtu thekson se nuk kishte informacion se si p\u00ebrparoi \u00e7\u00ebshtja, pra procedurat, sepse gjykimi i Momcilo Peri\u0161i\u0107 dhe t\u00eb tjer\u00ebve ishte i mbyllur p\u00ebr publikun.<\/p>\n\n\n\n<p class=\"wp-block-paragraph\">Ai thekson vazhdimisht se kaseta VHS mund t\u00eb mb\u00ebshtes\u00eb gjith\u00e7ka q\u00eb ai thot\u00eb.<\/p>\n\n\n\n<p class=\"wp-block-paragraph\">&#8220;Ajo q\u00eb na tmerroi dhe konfirmoi dyshimet e mia, si dhe njohurit\u00eb e m\u00ebparshme t\u00eb Gjeneralit Ace Tomi\u0107, ishte se Dragan Teleskovi\u0107 tha n\u00eb gjykat\u00eb n\u00ebn betim: &#8220;Ne nuk e pam\u00eb momentin e dor\u00ebzimit t\u00eb dokumenteve&#8221;. \u00c7do gj\u00eb pas k\u00ebsaj ishte gabim pas gabimi, nga arrestimi te mbledhja amatore dhe falsifikimi i provave, aktakuzat e rreme bazuar n\u00eb prova t\u00eb rreme, si dhe ekspertiza joprofesionale dhe e orkestruar e dy kolonel\u00ebve t\u00eb UJ-s\u00eb q\u00eb bashk\u00ebpunuan ngusht\u00eb me sh\u00ebrbimin&#8221;, deklaroi ai.<\/p>\n\n\n\n<h2 class=\"wp-block-heading\">\u00c7far\u00eb po k\u00ebrkonim?<\/h2>\n\n\n\n<p class=\"wp-block-paragraph\">Sipas Ligjit p\u00ebr Qasje t\u00eb Lir\u00eb n\u00eb Informacion me R\u00ebnd\u00ebsi Publike, portali Nova.rs k\u00ebrkoi disa informacione q\u00eb lidhen me rastin e njohur n\u00eb publik si &#8220;spiunazh&#8221;.<\/p>\n\n\n\n<p class=\"wp-block-paragraph\">Ne i k\u00ebrkuam Agjencis\u00eb s\u00eb Siguris\u00eb Ushtarake (VBA) t\u00eb kontrollonte se ku ndodheshin provat origjinale nga arrestimi i Momcilo Peri\u0161i\u0107 dhe John Neibor m\u00eb 14 mars 2002, kush e p\u00ebrpiloi dokumentacionin e p\u00ebrdorur n\u00eb gjyq dhe n\u00ebse ai \u00ebsht\u00eb autentik.<\/p>\n\n\n\n<figure class=\"wp-block-image is-resized\"><img decoding=\"async\" src=\"https:\/\/nova.rs\/media\/images\/2025\/12\/1763735497_Beta-7grb7hdkpb-1024x68.format-jpeg.width-500.jpg\" alt=\"Beta-7grb7hdkpb-1024x683.jpg\" style=\"width:auto;height:333px\"\/><figcaption class=\"wp-element-caption\">Foto: BETAPHOTO\/MINISTRIA E MBROJTJES S\u00cb SERBIS\u00cb\/Jovo Mamula<\/figcaption><\/figure>\n\n\n\n<p class=\"wp-block-paragraph\">Ne k\u00ebrkuam gjithashtu t\u00eb p\u00ebrcaktohej n\u00ebse dokumentet e kontestuara u gjet\u00ebn v\u00ebrtet n\u00eb motelin &#8220;\u0160ari\u0107&#8221; apo u shtuan m\u00eb von\u00eb, si dhe t&#8217;i dor\u00ebzoheshin gjykat\u00ebs regjistrimet, fotografit\u00eb, negativat dhe dokumentacionin origjinal p\u00ebr ekzaminim nga ekspert\u00eb.<\/p>\n\n\n\n<p class=\"wp-block-paragraph\">Ne i k\u00ebrkuam VBA-s\u00eb informacion dhe dokumentacion se kush e fotografoi dhe e regjistroi arrestimin e Mom\u00e7ilo Peri\u0161i\u0107 dhe John Neibor, kush i shkarkoi fotot origjinale, regjistrimin KTD dhe VHS, dhe ku ndodhen k\u00ebto prova sot.<\/p>\n\n\n\n<p class=\"wp-block-paragraph\">Gjithashtu pyet\u00ebm se \u00e7far\u00eb ka b\u00ebr\u00eb VBA-ja n\u00eb lidhje me pretendimet e d\u00ebshmitar\u00ebve p\u00ebr falsifikim t\u00eb provave dhe presion mbi pjes\u00ebmarr\u00ebsit n\u00eb ngjarje.<\/p>\n\n\n\n<p class=\"wp-block-paragraph\">Deri n\u00eb publikimin e tekstit, nuk mor\u00ebm asnj\u00eb p\u00ebrgjigje.<\/p>\n","protected":false},"excerpt":{"rendered":"<p>Miroslav Belosheviq Beli, nj\u00eb ish-an\u00ebtar (shef i shtabit dhe sekretar i Administrat\u00ebs s\u00eb Siguris\u00eb) t\u00eb Administrat\u00ebs s\u00eb Siguris\u00eb s\u00eb Ushtris\u00eb Jugosllave dhe nj\u00eb bashk\u00ebpun\u00ebtor i ngusht\u00eb i ish-gjeneralit Ace Tomiq, n\u00eb nj\u00eb deklarat\u00eb q\u00eb ia dor\u00ebzoi Agjencis\u00eb s\u00eb Siguris\u00eb Ushtarake (VBA) pretendon se ish-Shefi i Shtabit t\u00eb P\u00ebrgjithsh\u00ebm Mom\u00e7ilo Perishiq nuk i dor\u00ebzoi asnj\u00eb dokument [&hellip;]<\/p>\n","protected":false},"author":4,"featured_media":30372,"comment_status":"open","ping_status":"open","sticky":false,"template":"","format":"standard","meta":{"footnotes":""},"categories":[30,32],"tags":[],"class_list":["post-30370","post","type-post","status-publish","format-standard","has-post-thumbnail","category-lajme","category-rajon"],"yoast_head":"<!-- This site is optimized with the Yoast SEO plugin v27.4 - https:\/\/yoast.com\/product\/yoast-seo-wordpress\/ -->\n<title>D\u00ebshmi q\u00eb hedh nj\u00eb drit\u00eb krejt\u00ebsisht t\u00eb re mbi \u00e7\u00ebshtjen e &quot;spiunazhit&quot; dhe arrestimin e gjeneralit Perishiq - Kosova Times<\/title>\n<meta name=\"robots\" content=\"index, follow, max-snippet:-1, max-image-preview:large, max-video-preview:-1\" \/>\n<link rel=\"canonical\" href=\"https:\/\/kosovatimes.info\/index.php\/2026\/09\/01\/deshmi-qe-hedh-nje-drite-krejtesisht-te-re-mbi-ceshtjen-e-spiunazhit-dhe-arrestimin-e-gjeneralit-perishiq\/\" \/>\n<meta property=\"og:locale\" content=\"en_US\" \/>\n<meta property=\"og:type\" content=\"article\" \/>\n<meta property=\"og:title\" content=\"D\u00ebshmi q\u00eb hedh nj\u00eb drit\u00eb krejt\u00ebsisht t\u00eb re mbi \u00e7\u00ebshtjen e &quot;spiunazhit&quot; dhe arrestimin e gjeneralit Perishiq - Kosova Times\" \/>\n<meta property=\"og:description\" content=\"Miroslav Belosheviq Beli, nj\u00eb ish-an\u00ebtar (shef i shtabit dhe sekretar i Administrat\u00ebs s\u00eb Siguris\u00eb) t\u00eb Administrat\u00ebs s\u00eb Siguris\u00eb s\u00eb Ushtris\u00eb Jugosllave dhe nj\u00eb bashk\u00ebpun\u00ebtor i ngusht\u00eb i ish-gjeneralit Ace Tomiq, n\u00eb nj\u00eb deklarat\u00eb q\u00eb ia dor\u00ebzoi Agjencis\u00eb s\u00eb Siguris\u00eb Ushtarake (VBA) pretendon se ish-Shefi i Shtabit t\u00eb P\u00ebrgjithsh\u00ebm Mom\u00e7ilo Perishiq nuk i dor\u00ebzoi asnj\u00eb dokument [&hellip;]\" \/>\n<meta property=\"og:url\" content=\"https:\/\/kosovatimes.info\/index.php\/2026\/09\/01\/deshmi-qe-hedh-nje-drite-krejtesisht-te-re-mbi-ceshtjen-e-spiunazhit-dhe-arrestimin-e-gjeneralit-perishiq\/\" \/>\n<meta property=\"og:site_name\" content=\"Kosova Times\" \/>\n<meta property=\"article:published_time\" content=\"2026-09-01T08:20:28+00:00\" \/>\n<meta property=\"article:modified_time\" content=\"2026-09-01T08:21:27+00:00\" \/>\n<meta name=\"author\" content=\"i l\" \/>\n<meta name=\"twitter:card\" content=\"summary_large_image\" \/>\n<meta name=\"twitter:label1\" content=\"Written by\" \/>\n\t<meta name=\"twitter:data1\" content=\"i l\" \/>\n\t<meta name=\"twitter:label2\" content=\"Est. reading time\" \/>\n\t<meta name=\"twitter:data2\" content=\"14 minutes\" \/>\n<script type=\"application\/ld+json\" class=\"yoast-schema-graph\">{\"@context\":\"https:\\\/\\\/schema.org\",\"@graph\":[{\"@type\":\"Article\",\"@id\":\"https:\\\/\\\/kosovatimes.info\\\/index.php\\\/2026\\\/09\\\/01\\\/deshmi-qe-hedh-nje-drite-krejtesisht-te-re-mbi-ceshtjen-e-spiunazhit-dhe-arrestimin-e-gjeneralit-perishiq\\\/#article\",\"isPartOf\":{\"@id\":\"https:\\\/\\\/kosovatimes.info\\\/index.php\\\/2026\\\/09\\\/01\\\/deshmi-qe-hedh-nje-drite-krejtesisht-te-re-mbi-ceshtjen-e-spiunazhit-dhe-arrestimin-e-gjeneralit-perishiq\\\/\"},\"author\":{\"name\":\"i l\",\"@id\":\"https:\\\/\\\/kosovatimes.info\\\/#\\\/schema\\\/person\\\/7586712b9c512fe68085de007378c915\"},\"headline\":\"D\u00ebshmi q\u00eb hedh nj\u00eb drit\u00eb krejt\u00ebsisht t\u00eb re mbi \u00e7\u00ebshtjen e &#8220;spiunazhit&#8221; dhe arrestimin e gjeneralit Perishiq\",\"datePublished\":\"2026-09-01T08:20:28+00:00\",\"dateModified\":\"2026-09-01T08:21:27+00:00\",\"mainEntityOfPage\":{\"@id\":\"https:\\\/\\\/kosovatimes.info\\\/index.php\\\/2026\\\/09\\\/01\\\/deshmi-qe-hedh-nje-drite-krejtesisht-te-re-mbi-ceshtjen-e-spiunazhit-dhe-arrestimin-e-gjeneralit-perishiq\\\/\"},\"wordCount\":3086,\"commentCount\":0,\"image\":{\"@id\":\"https:\\\/\\\/kosovatimes.info\\\/index.php\\\/2026\\\/09\\\/01\\\/deshmi-qe-hedh-nje-drite-krejtesisht-te-re-mbi-ceshtjen-e-spiunazhit-dhe-arrestimin-e-gjeneralit-perishiq\\\/#primaryimage\"},\"thumbnailUrl\":\"https:\\\/\\\/kosovatimes.info\\\/wp-content\\\/uploads\\\/2026\\\/09\\\/arrest.avif\",\"articleSection\":[\"Lajme\",\"Rajon\"],\"inLanguage\":\"en-US\",\"potentialAction\":[{\"@type\":\"CommentAction\",\"name\":\"Comment\",\"target\":[\"https:\\\/\\\/kosovatimes.info\\\/index.php\\\/2026\\\/09\\\/01\\\/deshmi-qe-hedh-nje-drite-krejtesisht-te-re-mbi-ceshtjen-e-spiunazhit-dhe-arrestimin-e-gjeneralit-perishiq\\\/#respond\"]}]},{\"@type\":\"WebPage\",\"@id\":\"https:\\\/\\\/kosovatimes.info\\\/index.php\\\/2026\\\/09\\\/01\\\/deshmi-qe-hedh-nje-drite-krejtesisht-te-re-mbi-ceshtjen-e-spiunazhit-dhe-arrestimin-e-gjeneralit-perishiq\\\/\",\"url\":\"https:\\\/\\\/kosovatimes.info\\\/index.php\\\/2026\\\/09\\\/01\\\/deshmi-qe-hedh-nje-drite-krejtesisht-te-re-mbi-ceshtjen-e-spiunazhit-dhe-arrestimin-e-gjeneralit-perishiq\\\/\",\"name\":\"D\u00ebshmi q\u00eb hedh nj\u00eb drit\u00eb krejt\u00ebsisht t\u00eb re mbi \u00e7\u00ebshtjen e \\\"spiunazhit\\\" dhe arrestimin e gjeneralit Perishiq - Kosova Times\",\"isPartOf\":{\"@id\":\"https:\\\/\\\/kosovatimes.info\\\/#website\"},\"primaryImageOfPage\":{\"@id\":\"https:\\\/\\\/kosovatimes.info\\\/index.php\\\/2026\\\/09\\\/01\\\/deshmi-qe-hedh-nje-drite-krejtesisht-te-re-mbi-ceshtjen-e-spiunazhit-dhe-arrestimin-e-gjeneralit-perishiq\\\/#primaryimage\"},\"image\":{\"@id\":\"https:\\\/\\\/kosovatimes.info\\\/index.php\\\/2026\\\/09\\\/01\\\/deshmi-qe-hedh-nje-drite-krejtesisht-te-re-mbi-ceshtjen-e-spiunazhit-dhe-arrestimin-e-gjeneralit-perishiq\\\/#primaryimage\"},\"thumbnailUrl\":\"https:\\\/\\\/kosovatimes.info\\\/wp-content\\\/uploads\\\/2026\\\/09\\\/arrest.avif\",\"datePublished\":\"2026-09-01T08:20:28+00:00\",\"dateModified\":\"2026-09-01T08:21:27+00:00\",\"author\":{\"@id\":\"https:\\\/\\\/kosovatimes.info\\\/#\\\/schema\\\/person\\\/7586712b9c512fe68085de007378c915\"},\"breadcrumb\":{\"@id\":\"https:\\\/\\\/kosovatimes.info\\\/index.php\\\/2026\\\/09\\\/01\\\/deshmi-qe-hedh-nje-drite-krejtesisht-te-re-mbi-ceshtjen-e-spiunazhit-dhe-arrestimin-e-gjeneralit-perishiq\\\/#breadcrumb\"},\"inLanguage\":\"en-US\",\"potentialAction\":[{\"@type\":\"ReadAction\",\"target\":[\"https:\\\/\\\/kosovatimes.info\\\/index.php\\\/2026\\\/09\\\/01\\\/deshmi-qe-hedh-nje-drite-krejtesisht-te-re-mbi-ceshtjen-e-spiunazhit-dhe-arrestimin-e-gjeneralit-perishiq\\\/\"]}]},{\"@type\":\"ImageObject\",\"inLanguage\":\"en-US\",\"@id\":\"https:\\\/\\\/kosovatimes.info\\\/index.php\\\/2026\\\/09\\\/01\\\/deshmi-qe-hedh-nje-drite-krejtesisht-te-re-mbi-ceshtjen-e-spiunazhit-dhe-arrestimin-e-gjeneralit-perishiq\\\/#primaryimage\",\"url\":\"https:\\\/\\\/kosovatimes.info\\\/wp-content\\\/uploads\\\/2026\\\/09\\\/arrest.avif\",\"contentUrl\":\"https:\\\/\\\/kosovatimes.info\\\/wp-content\\\/uploads\\\/2026\\\/09\\\/arrest.avif\",\"width\":1200,\"height\":804},{\"@type\":\"BreadcrumbList\",\"@id\":\"https:\\\/\\\/kosovatimes.info\\\/index.php\\\/2026\\\/09\\\/01\\\/deshmi-qe-hedh-nje-drite-krejtesisht-te-re-mbi-ceshtjen-e-spiunazhit-dhe-arrestimin-e-gjeneralit-perishiq\\\/#breadcrumb\",\"itemListElement\":[{\"@type\":\"ListItem\",\"position\":1,\"name\":\"Home\",\"item\":\"https:\\\/\\\/kosovatimes.info\\\/\"},{\"@type\":\"ListItem\",\"position\":2,\"name\":\"D\u00ebshmi q\u00eb hedh nj\u00eb drit\u00eb krejt\u00ebsisht t\u00eb re mbi \u00e7\u00ebshtjen e &#8220;spiunazhit&#8221; dhe arrestimin e gjeneralit Perishiq\"}]},{\"@type\":\"WebSite\",\"@id\":\"https:\\\/\\\/kosovatimes.info\\\/#website\",\"url\":\"https:\\\/\\\/kosovatimes.info\\\/\",\"name\":\"Kosova Times\",\"description\":\"\",\"potentialAction\":[{\"@type\":\"SearchAction\",\"target\":{\"@type\":\"EntryPoint\",\"urlTemplate\":\"https:\\\/\\\/kosovatimes.info\\\/?s={search_term_string}\"},\"query-input\":{\"@type\":\"PropertyValueSpecification\",\"valueRequired\":true,\"valueName\":\"search_term_string\"}}],\"inLanguage\":\"en-US\"},{\"@type\":\"Person\",\"@id\":\"https:\\\/\\\/kosovatimes.info\\\/#\\\/schema\\\/person\\\/7586712b9c512fe68085de007378c915\",\"name\":\"i l\",\"image\":{\"@type\":\"ImageObject\",\"inLanguage\":\"en-US\",\"@id\":\"https:\\\/\\\/secure.gravatar.com\\\/avatar\\\/bad9296e02816160ae2e2435beda58222022298d5625d49fea74d18816fbb31d?s=96&d=mm&r=g\",\"url\":\"https:\\\/\\\/secure.gravatar.com\\\/avatar\\\/bad9296e02816160ae2e2435beda58222022298d5625d49fea74d18816fbb31d?s=96&d=mm&r=g\",\"contentUrl\":\"https:\\\/\\\/secure.gravatar.com\\\/avatar\\\/bad9296e02816160ae2e2435beda58222022298d5625d49fea74d18816fbb31d?s=96&d=mm&r=g\",\"caption\":\"i l\"},\"url\":\"https:\\\/\\\/kosovatimes.info\\\/index.php\\\/author\\\/iliri\\\/\"}]}<\/script>\n<!-- \/ Yoast SEO plugin. -->","yoast_head_json":{"title":"D\u00ebshmi q\u00eb hedh nj\u00eb drit\u00eb krejt\u00ebsisht t\u00eb re mbi \u00e7\u00ebshtjen e \"spiunazhit\" dhe arrestimin e gjeneralit Perishiq - Kosova Times","robots":{"index":"index","follow":"follow","max-snippet":"max-snippet:-1","max-image-preview":"max-image-preview:large","max-video-preview":"max-video-preview:-1"},"canonical":"https:\/\/kosovatimes.info\/index.php\/2026\/09\/01\/deshmi-qe-hedh-nje-drite-krejtesisht-te-re-mbi-ceshtjen-e-spiunazhit-dhe-arrestimin-e-gjeneralit-perishiq\/","og_locale":"en_US","og_type":"article","og_title":"D\u00ebshmi q\u00eb hedh nj\u00eb drit\u00eb krejt\u00ebsisht t\u00eb re mbi \u00e7\u00ebshtjen e \"spiunazhit\" dhe arrestimin e gjeneralit Perishiq - Kosova Times","og_description":"Miroslav Belosheviq Beli, nj\u00eb ish-an\u00ebtar (shef i shtabit dhe sekretar i Administrat\u00ebs s\u00eb Siguris\u00eb) t\u00eb Administrat\u00ebs s\u00eb Siguris\u00eb s\u00eb Ushtris\u00eb Jugosllave dhe nj\u00eb bashk\u00ebpun\u00ebtor i ngusht\u00eb i ish-gjeneralit Ace Tomiq, n\u00eb nj\u00eb deklarat\u00eb q\u00eb ia dor\u00ebzoi Agjencis\u00eb s\u00eb Siguris\u00eb Ushtarake (VBA) pretendon se ish-Shefi i Shtabit t\u00eb P\u00ebrgjithsh\u00ebm Mom\u00e7ilo Perishiq nuk i dor\u00ebzoi asnj\u00eb dokument [&hellip;]","og_url":"https:\/\/kosovatimes.info\/index.php\/2026\/09\/01\/deshmi-qe-hedh-nje-drite-krejtesisht-te-re-mbi-ceshtjen-e-spiunazhit-dhe-arrestimin-e-gjeneralit-perishiq\/","og_site_name":"Kosova Times","article_published_time":"2026-09-01T08:20:28+00:00","article_modified_time":"2026-09-01T08:21:27+00:00","author":"i l","twitter_card":"summary_large_image","twitter_misc":{"Written by":"i l","Est. reading time":"14 minutes"},"schema":{"@context":"https:\/\/schema.org","@graph":[{"@type":"Article","@id":"https:\/\/kosovatimes.info\/index.php\/2026\/09\/01\/deshmi-qe-hedh-nje-drite-krejtesisht-te-re-mbi-ceshtjen-e-spiunazhit-dhe-arrestimin-e-gjeneralit-perishiq\/#article","isPartOf":{"@id":"https:\/\/kosovatimes.info\/index.php\/2026\/09\/01\/deshmi-qe-hedh-nje-drite-krejtesisht-te-re-mbi-ceshtjen-e-spiunazhit-dhe-arrestimin-e-gjeneralit-perishiq\/"},"author":{"name":"i l","@id":"https:\/\/kosovatimes.info\/#\/schema\/person\/7586712b9c512fe68085de007378c915"},"headline":"D\u00ebshmi q\u00eb hedh nj\u00eb drit\u00eb krejt\u00ebsisht t\u00eb re mbi \u00e7\u00ebshtjen e &#8220;spiunazhit&#8221; dhe arrestimin e gjeneralit Perishiq","datePublished":"2026-09-01T08:20:28+00:00","dateModified":"2026-09-01T08:21:27+00:00","mainEntityOfPage":{"@id":"https:\/\/kosovatimes.info\/index.php\/2026\/09\/01\/deshmi-qe-hedh-nje-drite-krejtesisht-te-re-mbi-ceshtjen-e-spiunazhit-dhe-arrestimin-e-gjeneralit-perishiq\/"},"wordCount":3086,"commentCount":0,"image":{"@id":"https:\/\/kosovatimes.info\/index.php\/2026\/09\/01\/deshmi-qe-hedh-nje-drite-krejtesisht-te-re-mbi-ceshtjen-e-spiunazhit-dhe-arrestimin-e-gjeneralit-perishiq\/#primaryimage"},"thumbnailUrl":"https:\/\/kosovatimes.info\/wp-content\/uploads\/2026\/09\/arrest.avif","articleSection":["Lajme","Rajon"],"inLanguage":"en-US","potentialAction":[{"@type":"CommentAction","name":"Comment","target":["https:\/\/kosovatimes.info\/index.php\/2026\/09\/01\/deshmi-qe-hedh-nje-drite-krejtesisht-te-re-mbi-ceshtjen-e-spiunazhit-dhe-arrestimin-e-gjeneralit-perishiq\/#respond"]}]},{"@type":"WebPage","@id":"https:\/\/kosovatimes.info\/index.php\/2026\/09\/01\/deshmi-qe-hedh-nje-drite-krejtesisht-te-re-mbi-ceshtjen-e-spiunazhit-dhe-arrestimin-e-gjeneralit-perishiq\/","url":"https:\/\/kosovatimes.info\/index.php\/2026\/09\/01\/deshmi-qe-hedh-nje-drite-krejtesisht-te-re-mbi-ceshtjen-e-spiunazhit-dhe-arrestimin-e-gjeneralit-perishiq\/","name":"D\u00ebshmi q\u00eb hedh nj\u00eb drit\u00eb krejt\u00ebsisht t\u00eb re mbi \u00e7\u00ebshtjen e \"spiunazhit\" dhe arrestimin e gjeneralit Perishiq - Kosova Times","isPartOf":{"@id":"https:\/\/kosovatimes.info\/#website"},"primaryImageOfPage":{"@id":"https:\/\/kosovatimes.info\/index.php\/2026\/09\/01\/deshmi-qe-hedh-nje-drite-krejtesisht-te-re-mbi-ceshtjen-e-spiunazhit-dhe-arrestimin-e-gjeneralit-perishiq\/#primaryimage"},"image":{"@id":"https:\/\/kosovatimes.info\/index.php\/2026\/09\/01\/deshmi-qe-hedh-nje-drite-krejtesisht-te-re-mbi-ceshtjen-e-spiunazhit-dhe-arrestimin-e-gjeneralit-perishiq\/#primaryimage"},"thumbnailUrl":"https:\/\/kosovatimes.info\/wp-content\/uploads\/2026\/09\/arrest.avif","datePublished":"2026-09-01T08:20:28+00:00","dateModified":"2026-09-01T08:21:27+00:00","author":{"@id":"https:\/\/kosovatimes.info\/#\/schema\/person\/7586712b9c512fe68085de007378c915"},"breadcrumb":{"@id":"https:\/\/kosovatimes.info\/index.php\/2026\/09\/01\/deshmi-qe-hedh-nje-drite-krejtesisht-te-re-mbi-ceshtjen-e-spiunazhit-dhe-arrestimin-e-gjeneralit-perishiq\/#breadcrumb"},"inLanguage":"en-US","potentialAction":[{"@type":"ReadAction","target":["https:\/\/kosovatimes.info\/index.php\/2026\/09\/01\/deshmi-qe-hedh-nje-drite-krejtesisht-te-re-mbi-ceshtjen-e-spiunazhit-dhe-arrestimin-e-gjeneralit-perishiq\/"]}]},{"@type":"ImageObject","inLanguage":"en-US","@id":"https:\/\/kosovatimes.info\/index.php\/2026\/09\/01\/deshmi-qe-hedh-nje-drite-krejtesisht-te-re-mbi-ceshtjen-e-spiunazhit-dhe-arrestimin-e-gjeneralit-perishiq\/#primaryimage","url":"https:\/\/kosovatimes.info\/wp-content\/uploads\/2026\/09\/arrest.avif","contentUrl":"https:\/\/kosovatimes.info\/wp-content\/uploads\/2026\/09\/arrest.avif","width":1200,"height":804},{"@type":"BreadcrumbList","@id":"https:\/\/kosovatimes.info\/index.php\/2026\/09\/01\/deshmi-qe-hedh-nje-drite-krejtesisht-te-re-mbi-ceshtjen-e-spiunazhit-dhe-arrestimin-e-gjeneralit-perishiq\/#breadcrumb","itemListElement":[{"@type":"ListItem","position":1,"name":"Home","item":"https:\/\/kosovatimes.info\/"},{"@type":"ListItem","position":2,"name":"D\u00ebshmi q\u00eb hedh nj\u00eb drit\u00eb krejt\u00ebsisht t\u00eb re mbi \u00e7\u00ebshtjen e &#8220;spiunazhit&#8221; dhe arrestimin e gjeneralit Perishiq"}]},{"@type":"WebSite","@id":"https:\/\/kosovatimes.info\/#website","url":"https:\/\/kosovatimes.info\/","name":"Kosova Times","description":"","potentialAction":[{"@type":"SearchAction","target":{"@type":"EntryPoint","urlTemplate":"https:\/\/kosovatimes.info\/?s={search_term_string}"},"query-input":{"@type":"PropertyValueSpecification","valueRequired":true,"valueName":"search_term_string"}}],"inLanguage":"en-US"},{"@type":"Person","@id":"https:\/\/kosovatimes.info\/#\/schema\/person\/7586712b9c512fe68085de007378c915","name":"i l","image":{"@type":"ImageObject","inLanguage":"en-US","@id":"https:\/\/secure.gravatar.com\/avatar\/bad9296e02816160ae2e2435beda58222022298d5625d49fea74d18816fbb31d?s=96&d=mm&r=g","url":"https:\/\/secure.gravatar.com\/avatar\/bad9296e02816160ae2e2435beda58222022298d5625d49fea74d18816fbb31d?s=96&d=mm&r=g","contentUrl":"https:\/\/secure.gravatar.com\/avatar\/bad9296e02816160ae2e2435beda58222022298d5625d49fea74d18816fbb31d?s=96&d=mm&r=g","caption":"i l"},"url":"https:\/\/kosovatimes.info\/index.php\/author\/iliri\/"}]}},"_links":{"self":[{"href":"https:\/\/kosovatimes.info\/index.php\/wp-json\/wp\/v2\/posts\/30370","targetHints":{"allow":["GET"]}}],"collection":[{"href":"https:\/\/kosovatimes.info\/index.php\/wp-json\/wp\/v2\/posts"}],"about":[{"href":"https:\/\/kosovatimes.info\/index.php\/wp-json\/wp\/v2\/types\/post"}],"author":[{"embeddable":true,"href":"https:\/\/kosovatimes.info\/index.php\/wp-json\/wp\/v2\/users\/4"}],"replies":[{"embeddable":true,"href":"https:\/\/kosovatimes.info\/index.php\/wp-json\/wp\/v2\/comments?post=30370"}],"version-history":[{"count":1,"href":"https:\/\/kosovatimes.info\/index.php\/wp-json\/wp\/v2\/posts\/30370\/revisions"}],"predecessor-version":[{"id":30371,"href":"https:\/\/kosovatimes.info\/index.php\/wp-json\/wp\/v2\/posts\/30370\/revisions\/30371"}],"wp:featuredmedia":[{"embeddable":true,"href":"https:\/\/kosovatimes.info\/index.php\/wp-json\/wp\/v2\/media\/30372"}],"wp:attachment":[{"href":"https:\/\/kosovatimes.info\/index.php\/wp-json\/wp\/v2\/media?parent=30370"}],"wp:term":[{"taxonomy":"category","embeddable":true,"href":"https:\/\/kosovatimes.info\/index.php\/wp-json\/wp\/v2\/categories?post=30370"},{"taxonomy":"post_tag","embeddable":true,"href":"https:\/\/kosovatimes.info\/index.php\/wp-json\/wp\/v2\/tags?post=30370"}],"curies":[{"name":"wp","href":"https:\/\/api.w.org\/{rel}","templated":true}]}}