{"id":30406,"date":"2026-09-01T11:01:06","date_gmt":"2026-09-01T09:01:06","guid":{"rendered":"https:\/\/kosovatimes.info\/?p=30406"},"modified":"2026-09-01T11:01:08","modified_gmt":"2026-09-01T09:01:08","slug":"malet-haute-savoie-mont-blanc-te-krijuara-per-aventura-verore-te-kendshme","status":"publish","type":"post","link":"https:\/\/kosovatimes.info\/index.php\/2026\/09\/01\/malet-haute-savoie-mont-blanc-te-krijuara-per-aventura-verore-te-kendshme\/","title":{"rendered":"Malet Haute Savoie Mont Blanc \u2013 t\u00eb krijuara p\u00ebr aventura verore t\u00eb k\u00ebndshme"},"content":{"rendered":"\n<p class=\"wp-block-paragraph\">Posht\u00eb te teleferiku i skive \u00ebsht\u00eb afruar nj\u00eb grup xhuxh\u00ebsh. T\u00eb gjith\u00eb po ngasin bi\u00e7ikleta malore miniatur\u00eb me helmeta t\u00eb mbuluara, nd\u00ebrsa her\u00eb pas here p\u00ebrplasen me nj\u00ebri-tjetrin. Shikoj m\u00eb nga af\u00ebr dhe shoh se n\u00eb fakt jan\u00eb f\u00ebmij\u00eb shum\u00eb t\u00eb vegj\u00ebl, fytyrat e tyre t\u00eb lumtura mezi shihen brenda helmetave. \u00cbsht\u00eb dit\u00eb shkolle dhe klasa, s\u00eb bashku me m\u00ebsuesit e tyre, jan\u00eb gati t\u00eb hipin n\u00eb teleferikun e skive deri n\u00eb maj\u00eb p\u00ebr t\u00eb zbritur n\u00ebp\u00ebr shtigje malore. Duket shum\u00eb m\u00eb arg\u00ebtuese se \u00e7do udh\u00ebtim shkollor q\u00eb kam b\u00ebr\u00eb ndonj\u00ebher\u00eb.<\/p>\n\n\n\n<p class=\"wp-block-paragraph\">K\u00ebtu n\u00eb fshatin alpin t\u00eb Ar\u00e2ches-La-Frasse, si n\u00eb t\u00eb gjitha fshatrat e Haute Savoie Mont Blanc, aktivitetet n\u00eb natyr\u00eb nuk jan\u00eb aq t\u00eb detyrueshme sa k\u00ebrkohen me padurim, dhe ato fillojn\u00eb k\u00ebtu shum\u00eb t\u00eb rinj,<\/p>\n\n\n\n<p class=\"wp-block-paragraph\">Bora q\u00eb ofroi skijim kaq t\u00eb mrekulluesh\u00ebm gjat\u00eb gjith\u00eb dimrit n\u00eb k\u00ebt\u00eb cep t\u00eb Haute-Savoie, pran\u00eb Chamonix Mont Blanc, \u00ebsht\u00eb t\u00ebrhequr duke l\u00ebn\u00eb livadhe tani t\u00eb harlisura me bar t\u00eb gjelb\u00ebr dhe t\u00eb mbushura me lule t\u00eb egra. \u00cbsht\u00eb nj\u00eb parajs\u00eb p\u00ebr sh\u00ebtit\u00ebsit dhe alpinist\u00ebt n\u00eb k\u00ebt\u00eb koh\u00eb t\u00eb vitit, me diellin q\u00eb shk\u00eblqen nxeht\u00eb nga nj\u00eb qiell i kalt\u00ebr i kthjell\u00ebt, por lart\u00ebsia mbi nivelin e detit e mban ajrin k\u00ebndsh\u00ebm t\u00eb fresk\u00ebt, nd\u00ebrsa pamjet jan\u00eb gjithmon\u00eb marramend\u00ebse.<\/p>\n\n\n\n<p class=\"wp-block-paragraph\">Lart n\u00eb at\u00eb aj\u00ebr t\u00eb past\u00ebr, parashutist\u00ebt ngrihen lart si shqiponja me ngjyra teknike, nd\u00ebrsa posht\u00eb n\u00eb tok\u00eb bi\u00e7ikleta t\u00eb fuqishme elektrike malore p\u00ebr t\u00eb rritur mund t\u00eb merren me qira n\u00eb shumic\u00ebn e qyteteve dhe fshatrave p\u00ebr udh\u00ebtime private ose me nj\u00eb grup t\u00eb udh\u00ebhequr n\u00eb male ose rreth vreshtave.<\/p>\n\n\n\n<h3 class=\"wp-block-heading\"><strong>Nd\u00ebrroni skit\u00eb me pedale<\/strong><\/h3>\n\n\n<div class=\"wp-block-image\">\n<figure class=\"aligncenter is-resized\"><img decoding=\"async\" src=\"https:\/\/www.thetravelmagazine.net\/wp-content\/uploads\/pedals.jpg\" alt=\"\" class=\"wp-image-67525\" style=\"aspect-ratio:1.3333333333333333;width:1280px;height:auto\"\/><\/figure>\n<\/div>\n\n\n<p class=\"wp-block-paragraph\">E provova t\u00eb dyt\u00ebn, dhe edhe n\u00eb mosh\u00ebn time, gjasht\u00ebdhjet\u00eb e shtat\u00eb vje\u00e7, e gjeta ngjitjen nga fshati n\u00eb pjes\u00ebt e poshtme t\u00eb malit mjaft t\u00eb leht\u00eb, fal\u00eb motorit elektrik me pes\u00eb faza dhe n\u00ebnt\u00eb marsheve klasike.&nbsp;<\/p>\n\n\n\n<p class=\"wp-block-paragraph\">Ishte rr\u00ebqeth\u00ebse, por jasht\u00ebzakonisht arg\u00ebtuese zbritja. Bi\u00e7ikleta e r\u00ebnd\u00eb d\u00ebshiron t\u00eb shkoj\u00eb shpejt, por n\u00eb gur\u00ebt e rr\u00ebshqitsh\u00ebm \u00ebsht\u00eb m\u00eb mir\u00eb ta frenosh ose do t\u00eb p\u00ebrballesh me nj\u00eb rr\u00ebzim. Plus, duhet t\u00eb b\u00ebsh ndalesa t\u00eb shpeshta p\u00ebr t\u00eb shijuar pamjet marramend\u00ebse q\u00eb ndryshojn\u00eb vazhdimisht t\u00eb k\u00ebtij peizazhi unik.<\/p>\n\n\n\n<p class=\"wp-block-paragraph\">\u00cbsht\u00eb e \u00e7uditshme t\u00eb shoh\u00ebsh vende t\u00eb njohura si Chamonix t\u00eb zhveshura nga bora. Shum\u00eb vizitor\u00eb q\u00eb b\u00ebjn\u00eb ski nuk e kan\u00eb par\u00eb kurr\u00eb k\u00ebt\u00eb an\u00eb t\u00eb rajonit, dhe kjo \u00ebsht\u00eb p\u00ebr t\u00eb ardhur keq. Jasht\u00eb sezonit t\u00eb skive, zona ka nj\u00eb ndjesi krejt tjet\u00ebr, vendasit dhe vizitor\u00ebt jan\u00eb m\u00eb t\u00eb relaksuar dhe m\u00eb pak t\u00eb p\u00ebrqendruar te &#8220;koha e mir\u00eb&#8221;. \u00cbsht\u00eb nj\u00eb sezon p\u00ebr t\u00eb qen\u00eb aktiv, por n\u00eb nj\u00eb m\u00ebnyr\u00eb t\u00eb relaksuar, me bi\u00e7ikleta, n\u00eb sh\u00ebtitje, n\u00eb rr\u00ebke uji dhe n\u00eb ngjitje, p\u00ebr t\u00eb vizituar vreshtat, p\u00ebr t\u00eb ngr\u00ebn\u00eb drek\u00eb me djath\u00ebra vendas, proshut\u00eb dhe birr\u00eb, dhe madje p\u00ebr t\u00eb shkuar n\u00eb &#8220;plazh&#8221; pran\u00eb liqeneve p\u00ebr diell dhe p\u00ebr t&#8217;u lar\u00eb fresk\u00ebt.<\/p>\n\n\n\n<h3 class=\"wp-block-heading\">Kopshte malore dhe tort\u00eb<\/h3>\n\n\n\n<p class=\"wp-block-paragraph\">Fshatrat si Samo\u00ebns n\u00eb Lugin\u00ebn Giffre t\u00eb Haute-Savoie jan\u00eb t\u00eb qeta dhe t\u00eb bukura. Emri thuhet se vjen nga &#8220;shtat\u00eb male&#8221;, duke iu referuar majave t\u00eb larta g\u00eblqerore q\u00eb e rrethojn\u00eb at\u00eb. K\u00ebtu mund t\u00eb kaloni koh\u00eb n\u00eb qendr\u00ebn pa trafik me nd\u00ebrtesa guri t\u00eb vjet\u00ebruara dhe rrug\u00eb me kalldr\u00ebm, ku nj\u00eb kafe dhe nj\u00eb tort\u00eb e mrekullueshme n\u00eb hije jan\u00eb nj\u00eb shp\u00ebrblim pas nj\u00eb vizite n\u00eb&nbsp;<a href=\"https:\/\/www.samoens.com\/en\/alpine-botanical-garden-jaysinia\/\">Kopshtin Botanik Alpin Ja\u00ffsinia<\/a>&nbsp;, me 4,500 bim\u00ebt e tij malore, t\u00eb ndara n\u00eb 2,500 specie mbi 3.7 hektar\u00eb (9.1 akra).<\/p>\n\n\n\n<p class=\"wp-block-paragraph\">Ky kopsht i bukur, i krijuar n\u00eb vitin 1906 nga Marie-Louise Cognacq-Ja\u00ff, ngrihet pothuajse vertikalisht n\u00eb nj\u00eb shk\u00ebmb g\u00eblqeror,&nbsp;&nbsp;&nbsp;por shtigjet e tij gjarp\u00ebruese e b\u00ebjn\u00eb ngjitjen t\u00eb leht\u00eb. Hyrja p\u00ebrmes portave origjinale prej hekuri t\u00eb fark\u00ebtuar \u00ebsht\u00eb falas dhe turet me guid\u00eb do t&#8217;ju \u00e7ojn\u00eb deri n\u00eb maj\u00eb. K\u00ebtu, mini-k\u00ebshtjella e saj e rr\u00ebnuar dikur mbronte qytetin elegant dhe kish\u00ebn e saj t\u00eb shekullit t\u00eb 16-t\u00eb Notre-Dame-de-l&#8217;Assomption, vep\u00ebr e mason\u00ebve t\u00eb famsh\u00ebm bot\u00ebror\u00eb t\u00eb Samo\u00ebns (&nbsp;<em>frahans<\/em>&nbsp;), murator\u00eb guri g\u00eblqeror q\u00eb dikur p\u00ebrb\u00ebnin pothuajse t\u00eb gjith\u00eb burrat e fshatit.<\/p>\n\n\n\n<h3 class=\"wp-block-heading\">Chamonix jasht\u00eb sezonit t\u00eb skijimit<\/h3>\n\n\n\n<p class=\"wp-block-paragraph\">Alpet sigurisht q\u00eb dominojn\u00eb rajonin. N\u00eb Chamonix, pata fatin t\u00eb shihja shpejt&nbsp;<a href=\"https:\/\/www.chamonix.com\/en-cas-de-mauvais-temps\/le-musee-du-mont-blanc\">Muzeun e Mont Blanc<\/a>&nbsp;t\u00eb rikonstruktuar rishtazi , i cili ishte vet\u00ebm nj\u00eb jav\u00eb larg hapjes. Kishte ende njer\u00ebz q\u00eb t\u00ebrhiqnin tela p\u00ebrmes tubacioneve dhe ekuilibroheshin n\u00eb m\u00ebnyr\u00eb t\u00eb pasigurt mbi shkall\u00eb, por pash\u00eb mjaftuesh\u00ebm p\u00ebr t\u00eb vler\u00ebsuar se \u00e7far\u00eb muzeu shum\u00eb modern \u00ebsht\u00eb, me gjith\u00eb nd\u00ebrveprimin q\u00eb do t\u00eb prisje.<\/p>\n\n\n\n<p class=\"wp-block-paragraph\">Muzeu feston alpinizmin dhe njer\u00ebzit q\u00eb ishin mjaftuesh\u00ebm t\u00eb guximsh\u00ebm, ose ndoshta t\u00eb pamatur, p\u00ebr t&#8217;u ngjitur fillimisht n\u00eb lart\u00ebsi dhe p\u00ebr t\u00eb zbuluar shtigje t\u00eb reja. Madje \u00ebsht\u00eb ekspozuar edhe nj\u00eb streh\u00eb e lasht\u00eb prej druri p\u00ebr alpinist\u00eb, e cila \u00ebsht\u00eb ngritur nga mali e palosur me helikopter. Sigurisht, \u00ebsht\u00eb gjithashtu trondit\u00ebse t\u00eb shoh\u00ebsh se sa shum\u00eb \u00ebsht\u00eb t\u00ebrhequr vija e d\u00ebbor\u00ebs koh\u00ebt e fundit. Akullnajat po tkurren pak \u00e7do vit.<\/p>\n\n\n<div class=\"wp-block-image\">\n<figure class=\"aligncenter is-resized\"><img decoding=\"async\" src=\"https:\/\/www.thetravelmagazine.net\/wp-content\/uploads\/waterfall-4.jpg\" alt=\"\" class=\"wp-image-67526\" style=\"aspect-ratio:1.3333333333333333;width:1280px;height:auto\"\/><\/figure>\n<\/div>\n\n\n<p class=\"wp-block-paragraph\">Shkrirja e bor\u00ebs nuk ka pse t\u00eb jet\u00eb aq e keqe. Ia vlen t\u00eb ngjitesh n\u00eb Cascade de Rouget n\u00eb Sixt-Fer-\u00e0-Cheval, nj\u00eb uj\u00ebvar\u00eb me fuqi dhe madh\u00ebsi marramend\u00ebse q\u00eb ushqehet nga bora q\u00eb shkrihet m\u00eb lart. Bie me rr\u00ebmuj\u00eb p\u00ebr m\u00eb shum\u00eb se 80 metra dhe mjegulla q\u00eb krijon ndonj\u00ebher\u00eb mund ta mbyll\u00eb rrug\u00ebn aty pran\u00eb. Mund t\u00eb ngjitesh edhe n\u00eb k\u00ebmb\u00eb, gj\u00eb q\u00eb zgjat rreth dyzet e pes\u00eb minuta.<\/p>\n\n\n\n<h3 class=\"wp-block-heading\">Duke u relaksuar n\u00eb avull sulfuror<\/h3>\n\n\n\n<p class=\"wp-block-paragraph\">N\u00ebse ndjeni nevoj\u00eb p\u00ebr pak p\u00ebrkujdesje pas nj\u00eb sh\u00ebtitjeje t\u00eb lodhshme dhe d\u00ebshironi nj\u00eb biftek t\u00eb mir\u00eb t\u00eb gatuar mbi dru, at\u00ebher\u00eb&nbsp;<a href=\"https:\/\/www.thermes-saint-gervais.com\/en\/\">Thermes of Saint-Gervais Mont-Blanc<\/a>&nbsp;\u00ebsht\u00eb vendi i duhur. Biftek\u00ebt sh\u00ebrbehen n\u00eb fshat n\u00eb&nbsp;<a href=\"https:\/\/www.tripadvisor.co.uk\/Restaurant_Review-g562747-d1338967-Reviews-Le_Galeta-Saint_Gervais_les_Bains_Haute_Savoie_Auvergne_Rhone_Alpes.html\">Le Galeta<\/a>&nbsp;tradicionale , nd\u00ebrsa n\u00eb spa, t\u00eb krijuar fillimisht n\u00eb fillim t\u00eb shekullit t\u00eb n\u00ebnt\u00ebmb\u00ebdhjet\u00eb, uji natyral i burimit me temperatur\u00eb rreth 39\u00b0C ngrihet lart nga thell\u00ebsit\u00eb, i pasur me minerale, duke p\u00ebrfshir\u00eb squfur, magnez, silic dhe bak\u00ebr. Pishina termike e jashtme \u00ebsht\u00eb e rrethuar nga pisha gjigante dhe \u00ebsht\u00eb vendi i p\u00ebrsosur p\u00ebr t\u00eb rigjall\u00ebruar si trupin ashtu edhe mendjen, edhe pse kur isha atje, papritmas ra nj\u00eb stuhi e fort\u00eb.<\/p>\n\n\n\n<p class=\"wp-block-paragraph\">Hoteli elegant&nbsp;<a href=\"https:\/\/en.lesaintgervais.com\/\">Le Saint-Gervais<\/a>&nbsp;, nj\u00eb hotel klasik alpin i modernizuar me shum\u00eb shije nga brenda, \u00ebsht\u00eb nj\u00eb vend i mir\u00eb p\u00ebr t\u00eb kaluar nat\u00ebn p\u00ebrpara se t\u00eb ecni disa metra deri n\u00eb stacionin baz\u00eb t\u00eb&nbsp;<a href=\"https:\/\/www.tramwaydumontblanc.fr\/\">Tramway du Mont Blanc<\/a>&nbsp;. Tani, q\u00eb nga zgjerimi i saj i fundit, \u00ebsht\u00eb hekurudha m\u00eb e lart\u00eb n\u00eb Franc\u00eb, duke u ngjitur mbi 2,000 metra mbi nivelin e detit.<\/p>\n\n\n\n<p class=\"wp-block-paragraph\">I duhet rreth nj\u00eb or\u00eb q\u00eb t\u00eb ngjitet n\u00eb shinat e saj t\u00eb dh\u00ebmb\u00ebzuara deri n\u00eb terminalin, Nid d&#8217;Aigle\u2014Foleja e Shqiponj\u00ebs. Pamjet gjat\u00eb rrug\u00ebs jan\u00eb mahnit\u00ebse dhe n\u00eb ndryshim t\u00eb vazhduesh\u00ebm. Nga dritarja, mund t\u00eb shihni gjithashtu se si shinat gjarp\u00ebrojn\u00eb majtas dhe djathtas p\u00ebr t\u00eb leht\u00ebsuar pjerr\u00ebsin\u00eb, nj\u00eb vep\u00ebr e jasht\u00ebzakonshme inxhinierike dhe vendosm\u00ebrie.<\/p>\n\n\n\n<p class=\"wp-block-paragraph\">N\u00eb maj\u00eb, peizazhi spektakolar malor shtrihet n\u00eb \u00e7do drejtim. Nd\u00ebrtesa e stacionit dikur ishte nj\u00eb streh\u00eb p\u00ebr alpinist\u00ebt, por tani \u00ebsht\u00eb nj\u00eb kafene elegante. K\u00ebtu, ata q\u00eb e kan\u00eb ngjitur k\u00ebmb\u00eb deri n\u00eb fund mund t\u00eb marrin nj\u00eb shp\u00ebrblim t\u00eb shijsh\u00ebm, nd\u00ebrsa ata m\u00eb pak n\u00eb form\u00eb, si un\u00eb, q\u00eb kam mb\u00ebrritur me tren, mund t\u00eb p\u00ebrgatiten p\u00ebr t\u00eb zbritur n\u00eb k\u00ebmb\u00eb, t\u00eb ndihmuar nga graviteti. Nuk \u00ebsht\u00eb e v\u00ebshtir\u00eb, por nj\u00eb shkop alpin dhe k\u00ebpuc\u00eb t\u00eb p\u00ebrshtatshme jan\u00eb aksesor\u00eb t\u00eb mir\u00eb.<\/p>\n\n\n\n<p class=\"wp-block-paragraph\">Sh\u00ebtitjet k\u00ebtu jan\u00eb n\u00eb fakt pik\u00ebrisht ato q\u00eb d\u00ebshironi t\u2019i b\u00ebni, duke filluar nga mjaft t\u00eb lehta deri te shum\u00eb sfiduese. Zbritjet jan\u00eb m\u00eb t\u00eb lehtat, sigurisht, dhe shumica e ashensor\u00ebve t\u00eb skive tani mbajn\u00eb k\u00ebmb\u00ebsor\u00eb deri n\u00eb lart\u00ebsi t\u00eb ndryshme; disa madje mund t\u00eb akomodojn\u00eb edhe bi\u00e7ikleta. Gjith\u00e7ka funksionon si me or\u00eb, ndoshta p\u00ebr shkak t\u00eb af\u00ebrsis\u00eb me Zvicr\u00ebn? N\u00eb fund t\u00eb fundit, Chamonix \u00ebsht\u00eb vet\u00ebm shtat\u00ebdhjet\u00eb e pes\u00eb minuta larg Gjenev\u00ebs me makin\u00eb.<\/p>\n\n\n\n<h3 class=\"wp-block-heading\">Mblidhni \u00e7izmet tuaja<\/h3>\n\n\n\n<p class=\"wp-block-paragraph\">Sh\u00ebtitja ime e fundit pa shum\u00eb mundim m\u00eb \u00e7oi nga Col de Joux Plane, lart mbi Samo\u00ebns, n\u00eb&nbsp;<a href=\"https:\/\/www.samoens.com\/en\/walk-no-6-la-bourgeoise\/\">La Bourgeoise<\/a>&nbsp;, dhe&nbsp;&nbsp;&nbsp;panorama 360\u00b0 e rajonit. Fushat e gjera me lule, t\u00eb shoq\u00ebruara nga &#8216;tingulli i k\u00ebrcitjes&#8217; s\u00eb lop\u00ebve t\u00eb lumtura q\u00eb p\u00ebrtypnin, t\u00eb \u00e7onin n\u00eb nj\u00eb pamje spektakolare t\u00eb Mont Blanc dhe maj\u00ebs s\u00eb tij t\u00eb mbuluar p\u00ebrgjithmon\u00eb me bor\u00eb.<\/p>\n\n\n\n<p class=\"wp-block-paragraph\">Hasa nj\u00eb grup prej rreth pes\u00ebmb\u00ebdhjet\u00eb francez\u00ebsh me veshje t\u00eb plota p\u00ebr ecje, t\u00eb cil\u00ebt kishin b\u00ebr\u00eb nj\u00eb udh\u00ebtim t\u00eb gjat\u00eb nga ana tjet\u00ebr e lugin\u00ebs. &#8216;Sa vje\u00e7 jeni t\u00eb gjith\u00eb?&#8217; pyeta, disi me paturp\u00ebsi, dhe udh\u00ebheq\u00ebsi i tyre mendoi p\u00ebr nj\u00eb moment. &#8216;Eh bien,&#8217; tha ai, &#8216;m\u00eb i riu k\u00ebtu \u00ebsht\u00eb 74 vje\u00e7. Un\u00eb jam 80.&#8217;<\/p>\n\n\n\n<p class=\"wp-block-paragraph\">Gj\u00eb q\u00eb duket qart\u00eb se k\u00ebnaq\u00ebsit\u00eb e rajonit Haute Savoie Mont Blanc jasht\u00eb sezonit t\u00eb skive jan\u00eb v\u00ebrtet p\u00ebr t\u00eb gjith\u00eb.<\/p>\n","protected":false},"excerpt":{"rendered":"<p>Posht\u00eb te teleferiku i skive \u00ebsht\u00eb afruar nj\u00eb grup xhuxh\u00ebsh. T\u00eb gjith\u00eb po ngasin bi\u00e7ikleta malore miniatur\u00eb me helmeta t\u00eb mbuluara, nd\u00ebrsa her\u00eb pas here p\u00ebrplasen me nj\u00ebri-tjetrin. Shikoj m\u00eb nga af\u00ebr dhe shoh se n\u00eb fakt jan\u00eb f\u00ebmij\u00eb shum\u00eb t\u00eb vegj\u00ebl, fytyrat e tyre t\u00eb lumtura mezi shihen brenda helmetave. \u00cbsht\u00eb dit\u00eb shkolle dhe [&hellip;]<\/p>\n","protected":false},"author":4,"featured_media":30407,"comment_status":"open","ping_status":"open","sticky":false,"template":"","format":"standard","meta":{"footnotes":""},"categories":[43],"tags":[],"class_list":["post-30406","post","type-post","status-publish","format-standard","has-post-thumbnail","category-turizem"],"yoast_head":"<!-- This site is optimized with the Yoast SEO plugin v27.4 - https:\/\/yoast.com\/product\/yoast-seo-wordpress\/ -->\n<title>Malet Haute Savoie Mont Blanc \u2013 t\u00eb krijuara p\u00ebr aventura verore t\u00eb k\u00ebndshme - Kosova Times<\/title>\n<meta name=\"robots\" content=\"index, follow, max-snippet:-1, max-image-preview:large, max-video-preview:-1\" \/>\n<link rel=\"canonical\" href=\"https:\/\/kosovatimes.info\/index.php\/2026\/09\/01\/malet-haute-savoie-mont-blanc-te-krijuara-per-aventura-verore-te-kendshme\/\" \/>\n<meta property=\"og:locale\" content=\"en_US\" \/>\n<meta property=\"og:type\" content=\"article\" \/>\n<meta property=\"og:title\" content=\"Malet Haute Savoie Mont Blanc \u2013 t\u00eb krijuara p\u00ebr aventura verore t\u00eb k\u00ebndshme - Kosova Times\" \/>\n<meta property=\"og:description\" content=\"Posht\u00eb te teleferiku i skive \u00ebsht\u00eb afruar nj\u00eb grup xhuxh\u00ebsh. T\u00eb gjith\u00eb po ngasin bi\u00e7ikleta malore miniatur\u00eb me helmeta t\u00eb mbuluara, nd\u00ebrsa her\u00eb pas here p\u00ebrplasen me nj\u00ebri-tjetrin. Shikoj m\u00eb nga af\u00ebr dhe shoh se n\u00eb fakt jan\u00eb f\u00ebmij\u00eb shum\u00eb t\u00eb vegj\u00ebl, fytyrat e tyre t\u00eb lumtura mezi shihen brenda helmetave. \u00cbsht\u00eb dit\u00eb shkolle dhe [&hellip;]\" \/>\n<meta property=\"og:url\" content=\"https:\/\/kosovatimes.info\/index.php\/2026\/09\/01\/malet-haute-savoie-mont-blanc-te-krijuara-per-aventura-verore-te-kendshme\/\" \/>\n<meta property=\"og:site_name\" content=\"Kosova Times\" \/>\n<meta property=\"article:published_time\" content=\"2026-09-01T09:01:06+00:00\" \/>\n<meta property=\"article:modified_time\" content=\"2026-09-01T09:01:08+00:00\" \/>\n<meta property=\"og:image\" content=\"https:\/\/kosovatimes.info\/wp-content\/uploads\/2026\/09\/mont.jpg\" \/>\n\t<meta property=\"og:image:width\" content=\"1170\" \/>\n\t<meta property=\"og:image:height\" content=\"878\" \/>\n\t<meta property=\"og:image:type\" content=\"image\/jpeg\" \/>\n<meta name=\"author\" content=\"i l\" \/>\n<meta name=\"twitter:card\" content=\"summary_large_image\" \/>\n<meta name=\"twitter:label1\" content=\"Written by\" \/>\n\t<meta name=\"twitter:data1\" content=\"i l\" \/>\n\t<meta name=\"twitter:label2\" content=\"Est. reading time\" \/>\n\t<meta name=\"twitter:data2\" content=\"7 minutes\" \/>\n<script type=\"application\/ld+json\" class=\"yoast-schema-graph\">{\"@context\":\"https:\\\/\\\/schema.org\",\"@graph\":[{\"@type\":\"Article\",\"@id\":\"https:\\\/\\\/kosovatimes.info\\\/index.php\\\/2026\\\/09\\\/01\\\/malet-haute-savoie-mont-blanc-te-krijuara-per-aventura-verore-te-kendshme\\\/#article\",\"isPartOf\":{\"@id\":\"https:\\\/\\\/kosovatimes.info\\\/index.php\\\/2026\\\/09\\\/01\\\/malet-haute-savoie-mont-blanc-te-krijuara-per-aventura-verore-te-kendshme\\\/\"},\"author\":{\"name\":\"i l\",\"@id\":\"https:\\\/\\\/kosovatimes.info\\\/#\\\/schema\\\/person\\\/7586712b9c512fe68085de007378c915\"},\"headline\":\"Malet Haute Savoie Mont Blanc \u2013 t\u00eb krijuara p\u00ebr aventura verore t\u00eb k\u00ebndshme\",\"datePublished\":\"2026-09-01T09:01:06+00:00\",\"dateModified\":\"2026-09-01T09:01:08+00:00\",\"mainEntityOfPage\":{\"@id\":\"https:\\\/\\\/kosovatimes.info\\\/index.php\\\/2026\\\/09\\\/01\\\/malet-haute-savoie-mont-blanc-te-krijuara-per-aventura-verore-te-kendshme\\\/\"},\"wordCount\":1657,\"commentCount\":0,\"image\":{\"@id\":\"https:\\\/\\\/kosovatimes.info\\\/index.php\\\/2026\\\/09\\\/01\\\/malet-haute-savoie-mont-blanc-te-krijuara-per-aventura-verore-te-kendshme\\\/#primaryimage\"},\"thumbnailUrl\":\"https:\\\/\\\/kosovatimes.info\\\/wp-content\\\/uploads\\\/2026\\\/09\\\/mont.jpg\",\"articleSection\":[\"Turiz\u00ebm\"],\"inLanguage\":\"en-US\",\"potentialAction\":[{\"@type\":\"CommentAction\",\"name\":\"Comment\",\"target\":[\"https:\\\/\\\/kosovatimes.info\\\/index.php\\\/2026\\\/09\\\/01\\\/malet-haute-savoie-mont-blanc-te-krijuara-per-aventura-verore-te-kendshme\\\/#respond\"]}]},{\"@type\":\"WebPage\",\"@id\":\"https:\\\/\\\/kosovatimes.info\\\/index.php\\\/2026\\\/09\\\/01\\\/malet-haute-savoie-mont-blanc-te-krijuara-per-aventura-verore-te-kendshme\\\/\",\"url\":\"https:\\\/\\\/kosovatimes.info\\\/index.php\\\/2026\\\/09\\\/01\\\/malet-haute-savoie-mont-blanc-te-krijuara-per-aventura-verore-te-kendshme\\\/\",\"name\":\"Malet Haute Savoie Mont Blanc \u2013 t\u00eb krijuara p\u00ebr aventura verore t\u00eb k\u00ebndshme - Kosova Times\",\"isPartOf\":{\"@id\":\"https:\\\/\\\/kosovatimes.info\\\/#website\"},\"primaryImageOfPage\":{\"@id\":\"https:\\\/\\\/kosovatimes.info\\\/index.php\\\/2026\\\/09\\\/01\\\/malet-haute-savoie-mont-blanc-te-krijuara-per-aventura-verore-te-kendshme\\\/#primaryimage\"},\"image\":{\"@id\":\"https:\\\/\\\/kosovatimes.info\\\/index.php\\\/2026\\\/09\\\/01\\\/malet-haute-savoie-mont-blanc-te-krijuara-per-aventura-verore-te-kendshme\\\/#primaryimage\"},\"thumbnailUrl\":\"https:\\\/\\\/kosovatimes.info\\\/wp-content\\\/uploads\\\/2026\\\/09\\\/mont.jpg\",\"datePublished\":\"2026-09-01T09:01:06+00:00\",\"dateModified\":\"2026-09-01T09:01:08+00:00\",\"author\":{\"@id\":\"https:\\\/\\\/kosovatimes.info\\\/#\\\/schema\\\/person\\\/7586712b9c512fe68085de007378c915\"},\"breadcrumb\":{\"@id\":\"https:\\\/\\\/kosovatimes.info\\\/index.php\\\/2026\\\/09\\\/01\\\/malet-haute-savoie-mont-blanc-te-krijuara-per-aventura-verore-te-kendshme\\\/#breadcrumb\"},\"inLanguage\":\"en-US\",\"potentialAction\":[{\"@type\":\"ReadAction\",\"target\":[\"https:\\\/\\\/kosovatimes.info\\\/index.php\\\/2026\\\/09\\\/01\\\/malet-haute-savoie-mont-blanc-te-krijuara-per-aventura-verore-te-kendshme\\\/\"]}]},{\"@type\":\"ImageObject\",\"inLanguage\":\"en-US\",\"@id\":\"https:\\\/\\\/kosovatimes.info\\\/index.php\\\/2026\\\/09\\\/01\\\/malet-haute-savoie-mont-blanc-te-krijuara-per-aventura-verore-te-kendshme\\\/#primaryimage\",\"url\":\"https:\\\/\\\/kosovatimes.info\\\/wp-content\\\/uploads\\\/2026\\\/09\\\/mont.jpg\",\"contentUrl\":\"https:\\\/\\\/kosovatimes.info\\\/wp-content\\\/uploads\\\/2026\\\/09\\\/mont.jpg\",\"width\":1170,\"height\":878},{\"@type\":\"BreadcrumbList\",\"@id\":\"https:\\\/\\\/kosovatimes.info\\\/index.php\\\/2026\\\/09\\\/01\\\/malet-haute-savoie-mont-blanc-te-krijuara-per-aventura-verore-te-kendshme\\\/#breadcrumb\",\"itemListElement\":[{\"@type\":\"ListItem\",\"position\":1,\"name\":\"Home\",\"item\":\"https:\\\/\\\/kosovatimes.info\\\/\"},{\"@type\":\"ListItem\",\"position\":2,\"name\":\"Malet Haute Savoie Mont Blanc \u2013 t\u00eb krijuara p\u00ebr aventura verore t\u00eb k\u00ebndshme\"}]},{\"@type\":\"WebSite\",\"@id\":\"https:\\\/\\\/kosovatimes.info\\\/#website\",\"url\":\"https:\\\/\\\/kosovatimes.info\\\/\",\"name\":\"Kosova Times\",\"description\":\"\",\"potentialAction\":[{\"@type\":\"SearchAction\",\"target\":{\"@type\":\"EntryPoint\",\"urlTemplate\":\"https:\\\/\\\/kosovatimes.info\\\/?s={search_term_string}\"},\"query-input\":{\"@type\":\"PropertyValueSpecification\",\"valueRequired\":true,\"valueName\":\"search_term_string\"}}],\"inLanguage\":\"en-US\"},{\"@type\":\"Person\",\"@id\":\"https:\\\/\\\/kosovatimes.info\\\/#\\\/schema\\\/person\\\/7586712b9c512fe68085de007378c915\",\"name\":\"i l\",\"image\":{\"@type\":\"ImageObject\",\"inLanguage\":\"en-US\",\"@id\":\"https:\\\/\\\/secure.gravatar.com\\\/avatar\\\/bad9296e02816160ae2e2435beda58222022298d5625d49fea74d18816fbb31d?s=96&d=mm&r=g\",\"url\":\"https:\\\/\\\/secure.gravatar.com\\\/avatar\\\/bad9296e02816160ae2e2435beda58222022298d5625d49fea74d18816fbb31d?s=96&d=mm&r=g\",\"contentUrl\":\"https:\\\/\\\/secure.gravatar.com\\\/avatar\\\/bad9296e02816160ae2e2435beda58222022298d5625d49fea74d18816fbb31d?s=96&d=mm&r=g\",\"caption\":\"i l\"},\"url\":\"https:\\\/\\\/kosovatimes.info\\\/index.php\\\/author\\\/iliri\\\/\"}]}<\/script>\n<!-- \/ Yoast SEO plugin. -->","yoast_head_json":{"title":"Malet Haute Savoie Mont Blanc \u2013 t\u00eb krijuara p\u00ebr aventura verore t\u00eb k\u00ebndshme - Kosova Times","robots":{"index":"index","follow":"follow","max-snippet":"max-snippet:-1","max-image-preview":"max-image-preview:large","max-video-preview":"max-video-preview:-1"},"canonical":"https:\/\/kosovatimes.info\/index.php\/2026\/09\/01\/malet-haute-savoie-mont-blanc-te-krijuara-per-aventura-verore-te-kendshme\/","og_locale":"en_US","og_type":"article","og_title":"Malet Haute Savoie Mont Blanc \u2013 t\u00eb krijuara p\u00ebr aventura verore t\u00eb k\u00ebndshme - Kosova Times","og_description":"Posht\u00eb te teleferiku i skive \u00ebsht\u00eb afruar nj\u00eb grup xhuxh\u00ebsh. T\u00eb gjith\u00eb po ngasin bi\u00e7ikleta malore miniatur\u00eb me helmeta t\u00eb mbuluara, nd\u00ebrsa her\u00eb pas here p\u00ebrplasen me nj\u00ebri-tjetrin. Shikoj m\u00eb nga af\u00ebr dhe shoh se n\u00eb fakt jan\u00eb f\u00ebmij\u00eb shum\u00eb t\u00eb vegj\u00ebl, fytyrat e tyre t\u00eb lumtura mezi shihen brenda helmetave. \u00cbsht\u00eb dit\u00eb shkolle dhe [&hellip;]","og_url":"https:\/\/kosovatimes.info\/index.php\/2026\/09\/01\/malet-haute-savoie-mont-blanc-te-krijuara-per-aventura-verore-te-kendshme\/","og_site_name":"Kosova Times","article_published_time":"2026-09-01T09:01:06+00:00","article_modified_time":"2026-09-01T09:01:08+00:00","og_image":[{"width":1170,"height":878,"url":"https:\/\/kosovatimes.info\/wp-content\/uploads\/2026\/09\/mont.jpg","type":"image\/jpeg"}],"author":"i l","twitter_card":"summary_large_image","twitter_misc":{"Written by":"i l","Est. reading time":"7 minutes"},"schema":{"@context":"https:\/\/schema.org","@graph":[{"@type":"Article","@id":"https:\/\/kosovatimes.info\/index.php\/2026\/09\/01\/malet-haute-savoie-mont-blanc-te-krijuara-per-aventura-verore-te-kendshme\/#article","isPartOf":{"@id":"https:\/\/kosovatimes.info\/index.php\/2026\/09\/01\/malet-haute-savoie-mont-blanc-te-krijuara-per-aventura-verore-te-kendshme\/"},"author":{"name":"i l","@id":"https:\/\/kosovatimes.info\/#\/schema\/person\/7586712b9c512fe68085de007378c915"},"headline":"Malet Haute Savoie Mont Blanc \u2013 t\u00eb krijuara p\u00ebr aventura verore t\u00eb k\u00ebndshme","datePublished":"2026-09-01T09:01:06+00:00","dateModified":"2026-09-01T09:01:08+00:00","mainEntityOfPage":{"@id":"https:\/\/kosovatimes.info\/index.php\/2026\/09\/01\/malet-haute-savoie-mont-blanc-te-krijuara-per-aventura-verore-te-kendshme\/"},"wordCount":1657,"commentCount":0,"image":{"@id":"https:\/\/kosovatimes.info\/index.php\/2026\/09\/01\/malet-haute-savoie-mont-blanc-te-krijuara-per-aventura-verore-te-kendshme\/#primaryimage"},"thumbnailUrl":"https:\/\/kosovatimes.info\/wp-content\/uploads\/2026\/09\/mont.jpg","articleSection":["Turiz\u00ebm"],"inLanguage":"en-US","potentialAction":[{"@type":"CommentAction","name":"Comment","target":["https:\/\/kosovatimes.info\/index.php\/2026\/09\/01\/malet-haute-savoie-mont-blanc-te-krijuara-per-aventura-verore-te-kendshme\/#respond"]}]},{"@type":"WebPage","@id":"https:\/\/kosovatimes.info\/index.php\/2026\/09\/01\/malet-haute-savoie-mont-blanc-te-krijuara-per-aventura-verore-te-kendshme\/","url":"https:\/\/kosovatimes.info\/index.php\/2026\/09\/01\/malet-haute-savoie-mont-blanc-te-krijuara-per-aventura-verore-te-kendshme\/","name":"Malet Haute Savoie Mont Blanc \u2013 t\u00eb krijuara p\u00ebr aventura verore t\u00eb k\u00ebndshme - Kosova Times","isPartOf":{"@id":"https:\/\/kosovatimes.info\/#website"},"primaryImageOfPage":{"@id":"https:\/\/kosovatimes.info\/index.php\/2026\/09\/01\/malet-haute-savoie-mont-blanc-te-krijuara-per-aventura-verore-te-kendshme\/#primaryimage"},"image":{"@id":"https:\/\/kosovatimes.info\/index.php\/2026\/09\/01\/malet-haute-savoie-mont-blanc-te-krijuara-per-aventura-verore-te-kendshme\/#primaryimage"},"thumbnailUrl":"https:\/\/kosovatimes.info\/wp-content\/uploads\/2026\/09\/mont.jpg","datePublished":"2026-09-01T09:01:06+00:00","dateModified":"2026-09-01T09:01:08+00:00","author":{"@id":"https:\/\/kosovatimes.info\/#\/schema\/person\/7586712b9c512fe68085de007378c915"},"breadcrumb":{"@id":"https:\/\/kosovatimes.info\/index.php\/2026\/09\/01\/malet-haute-savoie-mont-blanc-te-krijuara-per-aventura-verore-te-kendshme\/#breadcrumb"},"inLanguage":"en-US","potentialAction":[{"@type":"ReadAction","target":["https:\/\/kosovatimes.info\/index.php\/2026\/09\/01\/malet-haute-savoie-mont-blanc-te-krijuara-per-aventura-verore-te-kendshme\/"]}]},{"@type":"ImageObject","inLanguage":"en-US","@id":"https:\/\/kosovatimes.info\/index.php\/2026\/09\/01\/malet-haute-savoie-mont-blanc-te-krijuara-per-aventura-verore-te-kendshme\/#primaryimage","url":"https:\/\/kosovatimes.info\/wp-content\/uploads\/2026\/09\/mont.jpg","contentUrl":"https:\/\/kosovatimes.info\/wp-content\/uploads\/2026\/09\/mont.jpg","width":1170,"height":878},{"@type":"BreadcrumbList","@id":"https:\/\/kosovatimes.info\/index.php\/2026\/09\/01\/malet-haute-savoie-mont-blanc-te-krijuara-per-aventura-verore-te-kendshme\/#breadcrumb","itemListElement":[{"@type":"ListItem","position":1,"name":"Home","item":"https:\/\/kosovatimes.info\/"},{"@type":"ListItem","position":2,"name":"Malet Haute Savoie Mont Blanc \u2013 t\u00eb krijuara p\u00ebr aventura verore t\u00eb k\u00ebndshme"}]},{"@type":"WebSite","@id":"https:\/\/kosovatimes.info\/#website","url":"https:\/\/kosovatimes.info\/","name":"Kosova Times","description":"","potentialAction":[{"@type":"SearchAction","target":{"@type":"EntryPoint","urlTemplate":"https:\/\/kosovatimes.info\/?s={search_term_string}"},"query-input":{"@type":"PropertyValueSpecification","valueRequired":true,"valueName":"search_term_string"}}],"inLanguage":"en-US"},{"@type":"Person","@id":"https:\/\/kosovatimes.info\/#\/schema\/person\/7586712b9c512fe68085de007378c915","name":"i l","image":{"@type":"ImageObject","inLanguage":"en-US","@id":"https:\/\/secure.gravatar.com\/avatar\/bad9296e02816160ae2e2435beda58222022298d5625d49fea74d18816fbb31d?s=96&d=mm&r=g","url":"https:\/\/secure.gravatar.com\/avatar\/bad9296e02816160ae2e2435beda58222022298d5625d49fea74d18816fbb31d?s=96&d=mm&r=g","contentUrl":"https:\/\/secure.gravatar.com\/avatar\/bad9296e02816160ae2e2435beda58222022298d5625d49fea74d18816fbb31d?s=96&d=mm&r=g","caption":"i l"},"url":"https:\/\/kosovatimes.info\/index.php\/author\/iliri\/"}]}},"_links":{"self":[{"href":"https:\/\/kosovatimes.info\/index.php\/wp-json\/wp\/v2\/posts\/30406","targetHints":{"allow":["GET"]}}],"collection":[{"href":"https:\/\/kosovatimes.info\/index.php\/wp-json\/wp\/v2\/posts"}],"about":[{"href":"https:\/\/kosovatimes.info\/index.php\/wp-json\/wp\/v2\/types\/post"}],"author":[{"embeddable":true,"href":"https:\/\/kosovatimes.info\/index.php\/wp-json\/wp\/v2\/users\/4"}],"replies":[{"embeddable":true,"href":"https:\/\/kosovatimes.info\/index.php\/wp-json\/wp\/v2\/comments?post=30406"}],"version-history":[{"count":1,"href":"https:\/\/kosovatimes.info\/index.php\/wp-json\/wp\/v2\/posts\/30406\/revisions"}],"predecessor-version":[{"id":30408,"href":"https:\/\/kosovatimes.info\/index.php\/wp-json\/wp\/v2\/posts\/30406\/revisions\/30408"}],"wp:featuredmedia":[{"embeddable":true,"href":"https:\/\/kosovatimes.info\/index.php\/wp-json\/wp\/v2\/media\/30407"}],"wp:attachment":[{"href":"https:\/\/kosovatimes.info\/index.php\/wp-json\/wp\/v2\/media?parent=30406"}],"wp:term":[{"taxonomy":"category","embeddable":true,"href":"https:\/\/kosovatimes.info\/index.php\/wp-json\/wp\/v2\/categories?post=30406"},{"taxonomy":"post_tag","embeddable":true,"href":"https:\/\/kosovatimes.info\/index.php\/wp-json\/wp\/v2\/tags?post=30406"}],"curies":[{"name":"wp","href":"https:\/\/api.w.org\/{rel}","templated":true}]}}