{"id":30429,"date":"2026-09-01T12:51:00","date_gmt":"2026-09-01T10:51:00","guid":{"rendered":"https:\/\/kosovatimes.info\/?p=30429"},"modified":"2026-09-01T14:17:11","modified_gmt":"2026-09-01T12:17:11","slug":"lvv-ja-bllokon-me-mbeturina-hyrjen-e-komunes-se-prishtines","status":"publish","type":"post","link":"https:\/\/kosovatimes.info\/index.php\/2026\/09\/01\/lvv-ja-bllokon-me-mbeturina-hyrjen-e-komunes-se-prishtines\/","title":{"rendered":"LVV-ja bllokon me mbeturina hyrjen e Komun\u00ebs s\u00eb Prishtin\u00ebs"},"content":{"rendered":"\n<p class=\"wp-block-paragraph\"><strong>L\u00ebvizja Vet\u00ebvendosje, Qendra n\u00eb Prishtin\u00eb, ka zhvilluar t\u00eb mart\u00ebn nj\u00eb aksion simbolik para objektit t\u00eb Komun\u00ebs s\u00eb Prishtin\u00ebs, n\u00eb shenj\u00eb proteste p\u00ebr gjendjen me mbeturinat n\u00eb kryeqytet.<\/strong><\/p>\n\n\n\n<p class=\"wp-block-paragraph\">Aktivist\u00eb t\u00eb LVV-s\u00eb vendos\u00ebn thas\u00eb me mbeturina para hyrjes s\u00eb komun\u00ebs, duke e bllokuar p\u00ebrkoh\u00ebsisht at\u00eb.<\/p>\n\n\n\n<p class=\"wp-block-paragraph\">Egzon Azemi, nga LVV-ja n\u00eb Komun\u00ebn e Prishtin\u00ebs, tha se me k\u00ebt\u00eb aksion synuan t\u00eb t\u00ebrheqin v\u00ebmendjen p\u00ebr problemin e mbeturinave n\u00eb kryeqytet.<\/p>\n\n\n\n<p class=\"wp-block-paragraph\">Sipas tij, gjendja me mbeturinat \u00ebsht\u00eb p\u00ebrkeq\u00ebsuar dhe shum\u00eb lagje t\u00eb Prishtin\u00ebs, si\u00e7 u shpreh ai, jan\u00eb shnd\u00ebrruar n\u00eb \u201cdeponi mbeturinash\u201d.<\/p>\n\n\n\n<p class=\"wp-block-paragraph\">Azemi kritikoi kryetarin e Prishtin\u00ebs, P\u00ebrparim Rama, duke th\u00ebn\u00eb se Komuna duhet t\u2019i kushtoj\u00eb m\u00eb shum\u00eb v\u00ebmendje problemeve me t\u00eb cilat p\u00ebrballen qytetar\u00ebt.<\/p>\n\n\n\n<p class=\"wp-block-paragraph\">Ai kritikoi edhe m\u00ebnyr\u00ebn e funksionimit t\u00eb Nd\u00ebrmarrjes \u201cPastrimi\u201d, duke pretenduar se numri i pun\u00ebtor\u00ebve administrativ\u00eb \u00ebsht\u00eb i lart\u00eb krahasuar me ata q\u00eb merren drejtp\u00ebrdrejt me pastrimin e qytetit.<\/p>\n\n\n\n<p class=\"wp-block-paragraph\">\u201cK\u00ebto skandale t\u00eb nj\u00ebpasnj\u00ebshme, skandalet e pronave, skandalet n\u00eb Nd\u00ebrmarrjen Publike Banesore, kjo gjendje alarmante me mbeturina, normalisht se duhet t\u00eb ishin temat me t\u00eb cilat merret kryetari i kryeqytetit\u201d, tha Azemi.<\/p>\n\n\n\n<p class=\"wp-block-paragraph\">Aksioni nuk zgjati shum\u00eb, teksa m\u00eb pas pun\u00ebtor\u00ebt e kompanis\u00eb \u201cPastrimi\u201d reaguan dhe i larguan thas\u00ebt nga hyrja e komun\u00ebs.<\/p>\n","protected":false},"excerpt":{"rendered":"<p>L\u00ebvizja Vet\u00ebvendosje, Qendra n\u00eb Prishtin\u00eb, ka zhvilluar t\u00eb mart\u00ebn nj\u00eb aksion simbolik para objektit t\u00eb Komun\u00ebs s\u00eb Prishtin\u00ebs, n\u00eb shenj\u00eb proteste p\u00ebr gjendjen me mbeturinat n\u00eb kryeqytet. Aktivist\u00eb t\u00eb LVV-s\u00eb vendos\u00ebn thas\u00eb me mbeturina para hyrjes s\u00eb komun\u00ebs, duke e bllokuar p\u00ebrkoh\u00ebsisht at\u00eb. Egzon Azemi, nga LVV-ja n\u00eb Komun\u00ebn e Prishtin\u00ebs, tha se me k\u00ebt\u00eb [&hellip;]<\/p>\n","protected":false},"author":4,"featured_media":30430,"comment_status":"open","ping_status":"open","sticky":false,"template":"","format":"standard","meta":{"footnotes":""},"categories":[31,30],"tags":[],"class_list":["post-30429","post","type-post","status-publish","format-standard","has-post-thumbnail","category-kosove","category-lajme"],"yoast_head":"<!-- This site is optimized with the Yoast SEO plugin v27.4 - https:\/\/yoast.com\/product\/yoast-seo-wordpress\/ -->\n<title>LVV-ja bllokon me mbeturina hyrjen e Komun\u00ebs s\u00eb Prishtin\u00ebs - Kosova Times<\/title>\n<meta name=\"robots\" content=\"index, follow, max-snippet:-1, max-image-preview:large, max-video-preview:-1\" \/>\n<link rel=\"canonical\" href=\"https:\/\/kosovatimes.info\/index.php\/2026\/09\/01\/lvv-ja-bllokon-me-mbeturina-hyrjen-e-komunes-se-prishtines\/\" \/>\n<meta property=\"og:locale\" content=\"en_US\" \/>\n<meta property=\"og:type\" content=\"article\" \/>\n<meta property=\"og:title\" content=\"LVV-ja bllokon me mbeturina hyrjen e Komun\u00ebs s\u00eb Prishtin\u00ebs - Kosova Times\" \/>\n<meta property=\"og:description\" content=\"L\u00ebvizja Vet\u00ebvendosje, Qendra n\u00eb Prishtin\u00eb, ka zhvilluar t\u00eb mart\u00ebn nj\u00eb aksion simbolik para objektit t\u00eb Komun\u00ebs s\u00eb Prishtin\u00ebs, n\u00eb shenj\u00eb proteste p\u00ebr gjendjen me mbeturinat n\u00eb kryeqytet. Aktivist\u00eb t\u00eb LVV-s\u00eb vendos\u00ebn thas\u00eb me mbeturina para hyrjes s\u00eb komun\u00ebs, duke e bllokuar p\u00ebrkoh\u00ebsisht at\u00eb. Egzon Azemi, nga LVV-ja n\u00eb Komun\u00ebn e Prishtin\u00ebs, tha se me k\u00ebt\u00eb [&hellip;]\" \/>\n<meta property=\"og:url\" content=\"https:\/\/kosovatimes.info\/index.php\/2026\/09\/01\/lvv-ja-bllokon-me-mbeturina-hyrjen-e-komunes-se-prishtines\/\" \/>\n<meta property=\"og:site_name\" content=\"Kosova Times\" \/>\n<meta property=\"article:published_time\" content=\"2026-09-01T10:51:00+00:00\" \/>\n<meta property=\"article:modified_time\" content=\"2026-09-01T12:17:11+00:00\" \/>\n<meta property=\"og:image\" content=\"https:\/\/kosovatimes.info\/wp-content\/uploads\/2026\/09\/LVV.jpg\" \/>\n\t<meta property=\"og:image:width\" content=\"780\" \/>\n\t<meta property=\"og:image:height\" content=\"500\" \/>\n\t<meta property=\"og:image:type\" content=\"image\/jpeg\" \/>\n<meta name=\"author\" content=\"i l\" \/>\n<meta name=\"twitter:card\" content=\"summary_large_image\" \/>\n<meta name=\"twitter:label1\" content=\"Written by\" \/>\n\t<meta name=\"twitter:data1\" content=\"i l\" \/>\n\t<meta name=\"twitter:label2\" content=\"Est. reading time\" \/>\n\t<meta name=\"twitter:data2\" content=\"1 minute\" \/>\n<script type=\"application\/ld+json\" class=\"yoast-schema-graph\">{\"@context\":\"https:\\\/\\\/schema.org\",\"@graph\":[{\"@type\":\"Article\",\"@id\":\"https:\\\/\\\/kosovatimes.info\\\/index.php\\\/2026\\\/09\\\/01\\\/lvv-ja-bllokon-me-mbeturina-hyrjen-e-komunes-se-prishtines\\\/#article\",\"isPartOf\":{\"@id\":\"https:\\\/\\\/kosovatimes.info\\\/index.php\\\/2026\\\/09\\\/01\\\/lvv-ja-bllokon-me-mbeturina-hyrjen-e-komunes-se-prishtines\\\/\"},\"author\":{\"name\":\"i l\",\"@id\":\"https:\\\/\\\/kosovatimes.info\\\/#\\\/schema\\\/person\\\/7586712b9c512fe68085de007378c915\"},\"headline\":\"LVV-ja bllokon me mbeturina hyrjen e Komun\u00ebs s\u00eb Prishtin\u00ebs\",\"datePublished\":\"2026-09-01T10:51:00+00:00\",\"dateModified\":\"2026-09-01T12:17:11+00:00\",\"mainEntityOfPage\":{\"@id\":\"https:\\\/\\\/kosovatimes.info\\\/index.php\\\/2026\\\/09\\\/01\\\/lvv-ja-bllokon-me-mbeturina-hyrjen-e-komunes-se-prishtines\\\/\"},\"wordCount\":243,\"commentCount\":0,\"image\":{\"@id\":\"https:\\\/\\\/kosovatimes.info\\\/index.php\\\/2026\\\/09\\\/01\\\/lvv-ja-bllokon-me-mbeturina-hyrjen-e-komunes-se-prishtines\\\/#primaryimage\"},\"thumbnailUrl\":\"https:\\\/\\\/kosovatimes.info\\\/wp-content\\\/uploads\\\/2026\\\/09\\\/LVV.jpg\",\"articleSection\":[\"Kosov\u00eb\",\"Lajme\"],\"inLanguage\":\"en-US\",\"potentialAction\":[{\"@type\":\"CommentAction\",\"name\":\"Comment\",\"target\":[\"https:\\\/\\\/kosovatimes.info\\\/index.php\\\/2026\\\/09\\\/01\\\/lvv-ja-bllokon-me-mbeturina-hyrjen-e-komunes-se-prishtines\\\/#respond\"]}]},{\"@type\":\"WebPage\",\"@id\":\"https:\\\/\\\/kosovatimes.info\\\/index.php\\\/2026\\\/09\\\/01\\\/lvv-ja-bllokon-me-mbeturina-hyrjen-e-komunes-se-prishtines\\\/\",\"url\":\"https:\\\/\\\/kosovatimes.info\\\/index.php\\\/2026\\\/09\\\/01\\\/lvv-ja-bllokon-me-mbeturina-hyrjen-e-komunes-se-prishtines\\\/\",\"name\":\"LVV-ja bllokon me mbeturina hyrjen e Komun\u00ebs s\u00eb Prishtin\u00ebs - Kosova Times\",\"isPartOf\":{\"@id\":\"https:\\\/\\\/kosovatimes.info\\\/#website\"},\"primaryImageOfPage\":{\"@id\":\"https:\\\/\\\/kosovatimes.info\\\/index.php\\\/2026\\\/09\\\/01\\\/lvv-ja-bllokon-me-mbeturina-hyrjen-e-komunes-se-prishtines\\\/#primaryimage\"},\"image\":{\"@id\":\"https:\\\/\\\/kosovatimes.info\\\/index.php\\\/2026\\\/09\\\/01\\\/lvv-ja-bllokon-me-mbeturina-hyrjen-e-komunes-se-prishtines\\\/#primaryimage\"},\"thumbnailUrl\":\"https:\\\/\\\/kosovatimes.info\\\/wp-content\\\/uploads\\\/2026\\\/09\\\/LVV.jpg\",\"datePublished\":\"2026-09-01T10:51:00+00:00\",\"dateModified\":\"2026-09-01T12:17:11+00:00\",\"author\":{\"@id\":\"https:\\\/\\\/kosovatimes.info\\\/#\\\/schema\\\/person\\\/7586712b9c512fe68085de007378c915\"},\"breadcrumb\":{\"@id\":\"https:\\\/\\\/kosovatimes.info\\\/index.php\\\/2026\\\/09\\\/01\\\/lvv-ja-bllokon-me-mbeturina-hyrjen-e-komunes-se-prishtines\\\/#breadcrumb\"},\"inLanguage\":\"en-US\",\"potentialAction\":[{\"@type\":\"ReadAction\",\"target\":[\"https:\\\/\\\/kosovatimes.info\\\/index.php\\\/2026\\\/09\\\/01\\\/lvv-ja-bllokon-me-mbeturina-hyrjen-e-komunes-se-prishtines\\\/\"]}]},{\"@type\":\"ImageObject\",\"inLanguage\":\"en-US\",\"@id\":\"https:\\\/\\\/kosovatimes.info\\\/index.php\\\/2026\\\/09\\\/01\\\/lvv-ja-bllokon-me-mbeturina-hyrjen-e-komunes-se-prishtines\\\/#primaryimage\",\"url\":\"https:\\\/\\\/kosovatimes.info\\\/wp-content\\\/uploads\\\/2026\\\/09\\\/LVV.jpg\",\"contentUrl\":\"https:\\\/\\\/kosovatimes.info\\\/wp-content\\\/uploads\\\/2026\\\/09\\\/LVV.jpg\",\"width\":780,\"height\":500},{\"@type\":\"BreadcrumbList\",\"@id\":\"https:\\\/\\\/kosovatimes.info\\\/index.php\\\/2026\\\/09\\\/01\\\/lvv-ja-bllokon-me-mbeturina-hyrjen-e-komunes-se-prishtines\\\/#breadcrumb\",\"itemListElement\":[{\"@type\":\"ListItem\",\"position\":1,\"name\":\"Home\",\"item\":\"https:\\\/\\\/kosovatimes.info\\\/\"},{\"@type\":\"ListItem\",\"position\":2,\"name\":\"LVV-ja bllokon me mbeturina hyrjen e Komun\u00ebs s\u00eb Prishtin\u00ebs\"}]},{\"@type\":\"WebSite\",\"@id\":\"https:\\\/\\\/kosovatimes.info\\\/#website\",\"url\":\"https:\\\/\\\/kosovatimes.info\\\/\",\"name\":\"Kosova Times\",\"description\":\"\",\"potentialAction\":[{\"@type\":\"SearchAction\",\"target\":{\"@type\":\"EntryPoint\",\"urlTemplate\":\"https:\\\/\\\/kosovatimes.info\\\/?s={search_term_string}\"},\"query-input\":{\"@type\":\"PropertyValueSpecification\",\"valueRequired\":true,\"valueName\":\"search_term_string\"}}],\"inLanguage\":\"en-US\"},{\"@type\":\"Person\",\"@id\":\"https:\\\/\\\/kosovatimes.info\\\/#\\\/schema\\\/person\\\/7586712b9c512fe68085de007378c915\",\"name\":\"i l\",\"image\":{\"@type\":\"ImageObject\",\"inLanguage\":\"en-US\",\"@id\":\"https:\\\/\\\/secure.gravatar.com\\\/avatar\\\/bad9296e02816160ae2e2435beda58222022298d5625d49fea74d18816fbb31d?s=96&d=mm&r=g\",\"url\":\"https:\\\/\\\/secure.gravatar.com\\\/avatar\\\/bad9296e02816160ae2e2435beda58222022298d5625d49fea74d18816fbb31d?s=96&d=mm&r=g\",\"contentUrl\":\"https:\\\/\\\/secure.gravatar.com\\\/avatar\\\/bad9296e02816160ae2e2435beda58222022298d5625d49fea74d18816fbb31d?s=96&d=mm&r=g\",\"caption\":\"i l\"},\"url\":\"https:\\\/\\\/kosovatimes.info\\\/index.php\\\/author\\\/iliri\\\/\"}]}<\/script>\n<!-- \/ Yoast SEO plugin. -->","yoast_head_json":{"title":"LVV-ja bllokon me mbeturina hyrjen e Komun\u00ebs s\u00eb Prishtin\u00ebs - Kosova Times","robots":{"index":"index","follow":"follow","max-snippet":"max-snippet:-1","max-image-preview":"max-image-preview:large","max-video-preview":"max-video-preview:-1"},"canonical":"https:\/\/kosovatimes.info\/index.php\/2026\/09\/01\/lvv-ja-bllokon-me-mbeturina-hyrjen-e-komunes-se-prishtines\/","og_locale":"en_US","og_type":"article","og_title":"LVV-ja bllokon me mbeturina hyrjen e Komun\u00ebs s\u00eb Prishtin\u00ebs - Kosova Times","og_description":"L\u00ebvizja Vet\u00ebvendosje, Qendra n\u00eb Prishtin\u00eb, ka zhvilluar t\u00eb mart\u00ebn nj\u00eb aksion simbolik para objektit t\u00eb Komun\u00ebs s\u00eb Prishtin\u00ebs, n\u00eb shenj\u00eb proteste p\u00ebr gjendjen me mbeturinat n\u00eb kryeqytet. Aktivist\u00eb t\u00eb LVV-s\u00eb vendos\u00ebn thas\u00eb me mbeturina para hyrjes s\u00eb komun\u00ebs, duke e bllokuar p\u00ebrkoh\u00ebsisht at\u00eb. Egzon Azemi, nga LVV-ja n\u00eb Komun\u00ebn e Prishtin\u00ebs, tha se me k\u00ebt\u00eb [&hellip;]","og_url":"https:\/\/kosovatimes.info\/index.php\/2026\/09\/01\/lvv-ja-bllokon-me-mbeturina-hyrjen-e-komunes-se-prishtines\/","og_site_name":"Kosova Times","article_published_time":"2026-09-01T10:51:00+00:00","article_modified_time":"2026-09-01T12:17:11+00:00","og_image":[{"width":780,"height":500,"url":"https:\/\/kosovatimes.info\/wp-content\/uploads\/2026\/09\/LVV.jpg","type":"image\/jpeg"}],"author":"i l","twitter_card":"summary_large_image","twitter_misc":{"Written by":"i l","Est. reading time":"1 minute"},"schema":{"@context":"https:\/\/schema.org","@graph":[{"@type":"Article","@id":"https:\/\/kosovatimes.info\/index.php\/2026\/09\/01\/lvv-ja-bllokon-me-mbeturina-hyrjen-e-komunes-se-prishtines\/#article","isPartOf":{"@id":"https:\/\/kosovatimes.info\/index.php\/2026\/09\/01\/lvv-ja-bllokon-me-mbeturina-hyrjen-e-komunes-se-prishtines\/"},"author":{"name":"i l","@id":"https:\/\/kosovatimes.info\/#\/schema\/person\/7586712b9c512fe68085de007378c915"},"headline":"LVV-ja bllokon me mbeturina hyrjen e Komun\u00ebs s\u00eb Prishtin\u00ebs","datePublished":"2026-09-01T10:51:00+00:00","dateModified":"2026-09-01T12:17:11+00:00","mainEntityOfPage":{"@id":"https:\/\/kosovatimes.info\/index.php\/2026\/09\/01\/lvv-ja-bllokon-me-mbeturina-hyrjen-e-komunes-se-prishtines\/"},"wordCount":243,"commentCount":0,"image":{"@id":"https:\/\/kosovatimes.info\/index.php\/2026\/09\/01\/lvv-ja-bllokon-me-mbeturina-hyrjen-e-komunes-se-prishtines\/#primaryimage"},"thumbnailUrl":"https:\/\/kosovatimes.info\/wp-content\/uploads\/2026\/09\/LVV.jpg","articleSection":["Kosov\u00eb","Lajme"],"inLanguage":"en-US","potentialAction":[{"@type":"CommentAction","name":"Comment","target":["https:\/\/kosovatimes.info\/index.php\/2026\/09\/01\/lvv-ja-bllokon-me-mbeturina-hyrjen-e-komunes-se-prishtines\/#respond"]}]},{"@type":"WebPage","@id":"https:\/\/kosovatimes.info\/index.php\/2026\/09\/01\/lvv-ja-bllokon-me-mbeturina-hyrjen-e-komunes-se-prishtines\/","url":"https:\/\/kosovatimes.info\/index.php\/2026\/09\/01\/lvv-ja-bllokon-me-mbeturina-hyrjen-e-komunes-se-prishtines\/","name":"LVV-ja bllokon me mbeturina hyrjen e Komun\u00ebs s\u00eb Prishtin\u00ebs - Kosova Times","isPartOf":{"@id":"https:\/\/kosovatimes.info\/#website"},"primaryImageOfPage":{"@id":"https:\/\/kosovatimes.info\/index.php\/2026\/09\/01\/lvv-ja-bllokon-me-mbeturina-hyrjen-e-komunes-se-prishtines\/#primaryimage"},"image":{"@id":"https:\/\/kosovatimes.info\/index.php\/2026\/09\/01\/lvv-ja-bllokon-me-mbeturina-hyrjen-e-komunes-se-prishtines\/#primaryimage"},"thumbnailUrl":"https:\/\/kosovatimes.info\/wp-content\/uploads\/2026\/09\/LVV.jpg","datePublished":"2026-09-01T10:51:00+00:00","dateModified":"2026-09-01T12:17:11+00:00","author":{"@id":"https:\/\/kosovatimes.info\/#\/schema\/person\/7586712b9c512fe68085de007378c915"},"breadcrumb":{"@id":"https:\/\/kosovatimes.info\/index.php\/2026\/09\/01\/lvv-ja-bllokon-me-mbeturina-hyrjen-e-komunes-se-prishtines\/#breadcrumb"},"inLanguage":"en-US","potentialAction":[{"@type":"ReadAction","target":["https:\/\/kosovatimes.info\/index.php\/2026\/09\/01\/lvv-ja-bllokon-me-mbeturina-hyrjen-e-komunes-se-prishtines\/"]}]},{"@type":"ImageObject","inLanguage":"en-US","@id":"https:\/\/kosovatimes.info\/index.php\/2026\/09\/01\/lvv-ja-bllokon-me-mbeturina-hyrjen-e-komunes-se-prishtines\/#primaryimage","url":"https:\/\/kosovatimes.info\/wp-content\/uploads\/2026\/09\/LVV.jpg","contentUrl":"https:\/\/kosovatimes.info\/wp-content\/uploads\/2026\/09\/LVV.jpg","width":780,"height":500},{"@type":"BreadcrumbList","@id":"https:\/\/kosovatimes.info\/index.php\/2026\/09\/01\/lvv-ja-bllokon-me-mbeturina-hyrjen-e-komunes-se-prishtines\/#breadcrumb","itemListElement":[{"@type":"ListItem","position":1,"name":"Home","item":"https:\/\/kosovatimes.info\/"},{"@type":"ListItem","position":2,"name":"LVV-ja bllokon me mbeturina hyrjen e Komun\u00ebs s\u00eb Prishtin\u00ebs"}]},{"@type":"WebSite","@id":"https:\/\/kosovatimes.info\/#website","url":"https:\/\/kosovatimes.info\/","name":"Kosova Times","description":"","potentialAction":[{"@type":"SearchAction","target":{"@type":"EntryPoint","urlTemplate":"https:\/\/kosovatimes.info\/?s={search_term_string}"},"query-input":{"@type":"PropertyValueSpecification","valueRequired":true,"valueName":"search_term_string"}}],"inLanguage":"en-US"},{"@type":"Person","@id":"https:\/\/kosovatimes.info\/#\/schema\/person\/7586712b9c512fe68085de007378c915","name":"i l","image":{"@type":"ImageObject","inLanguage":"en-US","@id":"https:\/\/secure.gravatar.com\/avatar\/bad9296e02816160ae2e2435beda58222022298d5625d49fea74d18816fbb31d?s=96&d=mm&r=g","url":"https:\/\/secure.gravatar.com\/avatar\/bad9296e02816160ae2e2435beda58222022298d5625d49fea74d18816fbb31d?s=96&d=mm&r=g","contentUrl":"https:\/\/secure.gravatar.com\/avatar\/bad9296e02816160ae2e2435beda58222022298d5625d49fea74d18816fbb31d?s=96&d=mm&r=g","caption":"i l"},"url":"https:\/\/kosovatimes.info\/index.php\/author\/iliri\/"}]}},"_links":{"self":[{"href":"https:\/\/kosovatimes.info\/index.php\/wp-json\/wp\/v2\/posts\/30429","targetHints":{"allow":["GET"]}}],"collection":[{"href":"https:\/\/kosovatimes.info\/index.php\/wp-json\/wp\/v2\/posts"}],"about":[{"href":"https:\/\/kosovatimes.info\/index.php\/wp-json\/wp\/v2\/types\/post"}],"author":[{"embeddable":true,"href":"https:\/\/kosovatimes.info\/index.php\/wp-json\/wp\/v2\/users\/4"}],"replies":[{"embeddable":true,"href":"https:\/\/kosovatimes.info\/index.php\/wp-json\/wp\/v2\/comments?post=30429"}],"version-history":[{"count":1,"href":"https:\/\/kosovatimes.info\/index.php\/wp-json\/wp\/v2\/posts\/30429\/revisions"}],"predecessor-version":[{"id":30431,"href":"https:\/\/kosovatimes.info\/index.php\/wp-json\/wp\/v2\/posts\/30429\/revisions\/30431"}],"wp:featuredmedia":[{"embeddable":true,"href":"https:\/\/kosovatimes.info\/index.php\/wp-json\/wp\/v2\/media\/30430"}],"wp:attachment":[{"href":"https:\/\/kosovatimes.info\/index.php\/wp-json\/wp\/v2\/media?parent=30429"}],"wp:term":[{"taxonomy":"category","embeddable":true,"href":"https:\/\/kosovatimes.info\/index.php\/wp-json\/wp\/v2\/categories?post=30429"},{"taxonomy":"post_tag","embeddable":true,"href":"https:\/\/kosovatimes.info\/index.php\/wp-json\/wp\/v2\/tags?post=30429"}],"curies":[{"name":"wp","href":"https:\/\/api.w.org\/{rel}","templated":true}]}}