{"id":30432,"date":"2026-09-01T12:21:00","date_gmt":"2026-09-01T10:21:00","guid":{"rendered":"https:\/\/kosovatimes.info\/?p=30432"},"modified":"2026-09-01T14:18:12","modified_gmt":"2026-09-01T12:18:12","slug":"nje-vit-pa-dhimiter-anagnostin-regjisori-i-shquar-la-pas-nje-pasuri-te-cmuar","status":"publish","type":"post","link":"https:\/\/kosovatimes.info\/index.php\/2026\/09\/01\/nje-vit-pa-dhimiter-anagnostin-regjisori-i-shquar-la-pas-nje-pasuri-te-cmuar\/","title":{"rendered":"Nj\u00eb vit pa Dhimit\u00ebr Anagnostin, regjisori i shquar la pas nj\u00eb pasuri t\u00eb \u00e7muar"},"content":{"rendered":"\n<p class=\"wp-block-paragraph\"><strong>Nj\u00eb vit m\u00eb par\u00eb, arti dhe kultura shqiptare humb\u00ebn nj\u00eb prej figurave t\u00eb tyre m\u00eb t\u00eb shquara, Dhimit\u00ebr Anagnostin. N\u00eb p\u00ebrvjetorin e ndarjes s\u00eb tij nga jeta, kujtimi i tij mbetet i gjall\u00eb p\u00ebrmes vepr\u00ebs s\u00eb pasur q\u00eb ai la pas dhe gjurm\u00ebs s\u00eb thell\u00eb q\u00eb la n\u00eb kinematografin\u00eb shqiptare.<\/strong><\/p>\n\n\n\n<p class=\"wp-block-paragraph\">Dhimit\u00ebr Anagnosti ishte nj\u00eb em\u00ebr q\u00eb i dha ekranit shqiptar nj\u00eb gjuh\u00eb t\u00eb ve\u00e7ant\u00eb, t\u00eb nd\u00ebrtuar mbi humanizmin, v\u00ebzhgimin e holl\u00eb t\u00eb jet\u00ebs dhe dashurin\u00eb p\u00ebr njeriun. Si regjisor, skenarist dhe nj\u00eb prej mjesht\u00ebrve t\u00eb kinemas\u00eb son\u00eb, ai krijoi vepra q\u00eb nuk i p\u00ebrkasin vet\u00ebm koh\u00ebs kur u realizuan, por vazhdojn\u00eb t\u00eb flasin edhe sot.<\/p>\n\n\n\n<p class=\"wp-block-paragraph\">N\u00eb filmat e tij jetojn\u00eb njer\u00ebz t\u00eb zakonsh\u00ebm, me \u00ebndrra, dhimbje, heshtje, p\u00ebrballje dhe shpresa. P\u00ebrmes tyre, Anagnosti dinte t\u00eb tregonte Shqip\u00ebrin\u00eb dhe shqiptar\u00ebt me nj\u00eb ndjeshm\u00ebri t\u00eb rrall\u00eb, duke i dh\u00ebn\u00eb historis\u00eb son\u00eb artistike nj\u00eb pasuri q\u00eb do t\u00eb mbetet gjat\u00eb.<\/p>\n\n\n\n<p class=\"wp-block-paragraph\">Pran\u00eb tij, p\u00ebr dekada, ishte Roza Anagnosti. Dashuria e tyre nuk ishte vet\u00ebm ajo q\u00eb shihet n\u00eb fotografi. Ishte edhe bashk\u00ebudh\u00ebtimi. Ishte mir\u00ebkuptimi i dy njer\u00ebzve q\u00eb ndan\u00eb jo vet\u00ebm jet\u00ebn, por edhe pasionin p\u00ebr artin.<\/p>\n\n\n\n<p class=\"wp-block-paragraph\">N\u00eb historin\u00eb e tyre, Dhimit\u00ebr dhe Roza Anagnosti jan\u00eb dy emra q\u00eb shfaqen pran\u00eb nj\u00ebri-tjetrit. Dy artist\u00eb. Dy jet\u00eb t\u00eb lidhura. Dhe nj\u00eb histori familjare q\u00eb vazhdoi p\u00ebrtej sken\u00ebs dhe ekranit.<\/p>\n\n\n\n<p class=\"wp-block-paragraph\">\u201cAi, me sa duket, ishte p\u00ebrgatitur p\u00ebr k\u00ebt\u00eb dit\u00eb, por un\u00eb nuk isha p\u00ebrgatitur dhe ky vit ka qen\u00eb tep\u00ebr i v\u00ebshtir\u00eb, dhe kam ruajtur \u00e7do gj\u00eb, si t\u00eb thuash, n\u00eb jet\u00ebn time. Po nj\u00eb gj\u00eb nuk ka ndryshuar: q\u00eb un\u00eb kam qen\u00eb gjith\u00eb koh\u00ebn me t\u00eb, n\u00eb studion e tij, n\u00eb veprat e tij, n\u00eb korrespondencat e tij, n\u00eb skenar\u00ebt e tij. Q\u00eb nga skenari letrar shikoj vet\u00ebm se sa kan\u00eb shkruar me dor\u00eb at\u00ebher\u00eb. Ai nisej nga nj\u00eb e v\u00ebrtet\u00eb p\u00ebr t\u00eb th\u00ebn\u00eb pastaj, p\u00ebr t\u00eb zb\u00ebrthyer gjith\u00eb karakteret e ndryshme t\u00eb filmit dhe bazohej n\u00eb kultur\u00ebn ton\u00eb. Dhe ai e ka th\u00ebn\u00eb vet\u00eb q\u00eb un\u00eb kam folur shqip, dometh\u00ebn\u00eb, kuptimin q\u00eb kjo \u00ebsht\u00eb vlera q\u00eb ne edhe n\u00eb Evrop\u00eb do t\u00eb sjellim di\u00e7ka t\u00eb re.N\u00eb qoft\u00eb se ma p\u00eblqen, thot\u00eb populli im, at\u00ebher\u00eb jam i bindur q\u00eb do ta p\u00eblqej\u00eb edhe jasht\u00eb thoshte ai\u201d, tha Anagnosti.<\/p>\n\n\n\n<p class=\"wp-block-paragraph\">Nj\u00eb vit pas ikjes s\u00eb tij, mungesa ndihet, por vepra mbetet. Dhe ndoshta ky \u00ebsht\u00eb ngush\u00ebllimi m\u00eb i madh p\u00ebr nj\u00eb artist t\u00eb madh: t\u00eb vazhdoj\u00eb t\u00eb jetoj\u00eb p\u00ebrmes asaj q\u00eb krijoi.<\/p>\n\n\n\n<p class=\"wp-block-paragraph\">Dhimit\u00ebr Anagnosti nuk \u00ebsht\u00eb m\u00eb mes nesh, por \u00ebsht\u00eb ende n\u00eb ekranet tona, n\u00eb kujtes\u00ebn ton\u00eb dhe n\u00eb historin\u00eb e kinemas\u00eb shqiptare.<\/p>\n","protected":false},"excerpt":{"rendered":"<p>Nj\u00eb vit m\u00eb par\u00eb, arti dhe kultura shqiptare humb\u00ebn nj\u00eb prej figurave t\u00eb tyre m\u00eb t\u00eb shquara, Dhimit\u00ebr Anagnostin. N\u00eb p\u00ebrvjetorin e ndarjes s\u00eb tij nga jeta, kujtimi i tij mbetet i gjall\u00eb p\u00ebrmes vepr\u00ebs s\u00eb pasur q\u00eb ai la pas dhe gjurm\u00ebs s\u00eb thell\u00eb q\u00eb la n\u00eb kinematografin\u00eb shqiptare. Dhimit\u00ebr Anagnosti ishte nj\u00eb em\u00ebr [&hellip;]<\/p>\n","protected":false},"author":4,"featured_media":30433,"comment_status":"open","ping_status":"open","sticky":false,"template":"","format":"standard","meta":{"footnotes":""},"categories":[41],"tags":[],"class_list":["post-30432","post","type-post","status-publish","format-standard","has-post-thumbnail","category-kulture"],"yoast_head":"<!-- This site is optimized with the Yoast SEO plugin v27.4 - https:\/\/yoast.com\/product\/yoast-seo-wordpress\/ -->\n<title>Nj\u00eb vit pa Dhimit\u00ebr Anagnostin, regjisori i shquar la pas nj\u00eb pasuri t\u00eb \u00e7muar - Kosova Times<\/title>\n<meta name=\"robots\" content=\"index, follow, max-snippet:-1, max-image-preview:large, max-video-preview:-1\" \/>\n<link rel=\"canonical\" href=\"https:\/\/kosovatimes.info\/index.php\/2026\/09\/01\/nje-vit-pa-dhimiter-anagnostin-regjisori-i-shquar-la-pas-nje-pasuri-te-cmuar\/\" \/>\n<meta property=\"og:locale\" content=\"en_US\" \/>\n<meta property=\"og:type\" content=\"article\" \/>\n<meta property=\"og:title\" content=\"Nj\u00eb vit pa Dhimit\u00ebr Anagnostin, regjisori i shquar la pas nj\u00eb pasuri t\u00eb \u00e7muar - Kosova Times\" \/>\n<meta property=\"og:description\" content=\"Nj\u00eb vit m\u00eb par\u00eb, arti dhe kultura shqiptare humb\u00ebn nj\u00eb prej figurave t\u00eb tyre m\u00eb t\u00eb shquara, Dhimit\u00ebr Anagnostin. N\u00eb p\u00ebrvjetorin e ndarjes s\u00eb tij nga jeta, kujtimi i tij mbetet i gjall\u00eb p\u00ebrmes vepr\u00ebs s\u00eb pasur q\u00eb ai la pas dhe gjurm\u00ebs s\u00eb thell\u00eb q\u00eb la n\u00eb kinematografin\u00eb shqiptare. Dhimit\u00ebr Anagnosti ishte nj\u00eb em\u00ebr [&hellip;]\" \/>\n<meta property=\"og:url\" content=\"https:\/\/kosovatimes.info\/index.php\/2026\/09\/01\/nje-vit-pa-dhimiter-anagnostin-regjisori-i-shquar-la-pas-nje-pasuri-te-cmuar\/\" \/>\n<meta property=\"og:site_name\" content=\"Kosova Times\" \/>\n<meta property=\"article:published_time\" content=\"2026-09-01T10:21:00+00:00\" \/>\n<meta property=\"article:modified_time\" content=\"2026-09-01T12:18:12+00:00\" \/>\n<meta property=\"og:image\" content=\"https:\/\/kosovatimes.info\/wp-content\/uploads\/2026\/09\/aganosti.jpg\" \/>\n\t<meta property=\"og:image:width\" content=\"780\" \/>\n\t<meta property=\"og:image:height\" content=\"500\" \/>\n\t<meta property=\"og:image:type\" content=\"image\/jpeg\" \/>\n<meta name=\"author\" content=\"i l\" \/>\n<meta name=\"twitter:card\" content=\"summary_large_image\" \/>\n<meta name=\"twitter:label1\" content=\"Written by\" \/>\n\t<meta name=\"twitter:data1\" content=\"i l\" \/>\n\t<meta name=\"twitter:label2\" content=\"Est. reading time\" \/>\n\t<meta name=\"twitter:data2\" content=\"3 minutes\" \/>\n<script type=\"application\/ld+json\" class=\"yoast-schema-graph\">{\"@context\":\"https:\\\/\\\/schema.org\",\"@graph\":[{\"@type\":\"Article\",\"@id\":\"https:\\\/\\\/kosovatimes.info\\\/index.php\\\/2026\\\/09\\\/01\\\/nje-vit-pa-dhimiter-anagnostin-regjisori-i-shquar-la-pas-nje-pasuri-te-cmuar\\\/#article\",\"isPartOf\":{\"@id\":\"https:\\\/\\\/kosovatimes.info\\\/index.php\\\/2026\\\/09\\\/01\\\/nje-vit-pa-dhimiter-anagnostin-regjisori-i-shquar-la-pas-nje-pasuri-te-cmuar\\\/\"},\"author\":{\"name\":\"i l\",\"@id\":\"https:\\\/\\\/kosovatimes.info\\\/#\\\/schema\\\/person\\\/7586712b9c512fe68085de007378c915\"},\"headline\":\"Nj\u00eb vit pa Dhimit\u00ebr Anagnostin, regjisori i shquar la pas nj\u00eb pasuri t\u00eb \u00e7muar\",\"datePublished\":\"2026-09-01T10:21:00+00:00\",\"dateModified\":\"2026-09-01T12:18:12+00:00\",\"mainEntityOfPage\":{\"@id\":\"https:\\\/\\\/kosovatimes.info\\\/index.php\\\/2026\\\/09\\\/01\\\/nje-vit-pa-dhimiter-anagnostin-regjisori-i-shquar-la-pas-nje-pasuri-te-cmuar\\\/\"},\"wordCount\":499,\"commentCount\":0,\"image\":{\"@id\":\"https:\\\/\\\/kosovatimes.info\\\/index.php\\\/2026\\\/09\\\/01\\\/nje-vit-pa-dhimiter-anagnostin-regjisori-i-shquar-la-pas-nje-pasuri-te-cmuar\\\/#primaryimage\"},\"thumbnailUrl\":\"https:\\\/\\\/kosovatimes.info\\\/wp-content\\\/uploads\\\/2026\\\/09\\\/aganosti.jpg\",\"articleSection\":[\"Kultur\u00eb\"],\"inLanguage\":\"en-US\",\"potentialAction\":[{\"@type\":\"CommentAction\",\"name\":\"Comment\",\"target\":[\"https:\\\/\\\/kosovatimes.info\\\/index.php\\\/2026\\\/09\\\/01\\\/nje-vit-pa-dhimiter-anagnostin-regjisori-i-shquar-la-pas-nje-pasuri-te-cmuar\\\/#respond\"]}]},{\"@type\":\"WebPage\",\"@id\":\"https:\\\/\\\/kosovatimes.info\\\/index.php\\\/2026\\\/09\\\/01\\\/nje-vit-pa-dhimiter-anagnostin-regjisori-i-shquar-la-pas-nje-pasuri-te-cmuar\\\/\",\"url\":\"https:\\\/\\\/kosovatimes.info\\\/index.php\\\/2026\\\/09\\\/01\\\/nje-vit-pa-dhimiter-anagnostin-regjisori-i-shquar-la-pas-nje-pasuri-te-cmuar\\\/\",\"name\":\"Nj\u00eb vit pa Dhimit\u00ebr Anagnostin, regjisori i shquar la pas nj\u00eb pasuri t\u00eb \u00e7muar - Kosova Times\",\"isPartOf\":{\"@id\":\"https:\\\/\\\/kosovatimes.info\\\/#website\"},\"primaryImageOfPage\":{\"@id\":\"https:\\\/\\\/kosovatimes.info\\\/index.php\\\/2026\\\/09\\\/01\\\/nje-vit-pa-dhimiter-anagnostin-regjisori-i-shquar-la-pas-nje-pasuri-te-cmuar\\\/#primaryimage\"},\"image\":{\"@id\":\"https:\\\/\\\/kosovatimes.info\\\/index.php\\\/2026\\\/09\\\/01\\\/nje-vit-pa-dhimiter-anagnostin-regjisori-i-shquar-la-pas-nje-pasuri-te-cmuar\\\/#primaryimage\"},\"thumbnailUrl\":\"https:\\\/\\\/kosovatimes.info\\\/wp-content\\\/uploads\\\/2026\\\/09\\\/aganosti.jpg\",\"datePublished\":\"2026-09-01T10:21:00+00:00\",\"dateModified\":\"2026-09-01T12:18:12+00:00\",\"author\":{\"@id\":\"https:\\\/\\\/kosovatimes.info\\\/#\\\/schema\\\/person\\\/7586712b9c512fe68085de007378c915\"},\"breadcrumb\":{\"@id\":\"https:\\\/\\\/kosovatimes.info\\\/index.php\\\/2026\\\/09\\\/01\\\/nje-vit-pa-dhimiter-anagnostin-regjisori-i-shquar-la-pas-nje-pasuri-te-cmuar\\\/#breadcrumb\"},\"inLanguage\":\"en-US\",\"potentialAction\":[{\"@type\":\"ReadAction\",\"target\":[\"https:\\\/\\\/kosovatimes.info\\\/index.php\\\/2026\\\/09\\\/01\\\/nje-vit-pa-dhimiter-anagnostin-regjisori-i-shquar-la-pas-nje-pasuri-te-cmuar\\\/\"]}]},{\"@type\":\"ImageObject\",\"inLanguage\":\"en-US\",\"@id\":\"https:\\\/\\\/kosovatimes.info\\\/index.php\\\/2026\\\/09\\\/01\\\/nje-vit-pa-dhimiter-anagnostin-regjisori-i-shquar-la-pas-nje-pasuri-te-cmuar\\\/#primaryimage\",\"url\":\"https:\\\/\\\/kosovatimes.info\\\/wp-content\\\/uploads\\\/2026\\\/09\\\/aganosti.jpg\",\"contentUrl\":\"https:\\\/\\\/kosovatimes.info\\\/wp-content\\\/uploads\\\/2026\\\/09\\\/aganosti.jpg\",\"width\":780,\"height\":500},{\"@type\":\"BreadcrumbList\",\"@id\":\"https:\\\/\\\/kosovatimes.info\\\/index.php\\\/2026\\\/09\\\/01\\\/nje-vit-pa-dhimiter-anagnostin-regjisori-i-shquar-la-pas-nje-pasuri-te-cmuar\\\/#breadcrumb\",\"itemListElement\":[{\"@type\":\"ListItem\",\"position\":1,\"name\":\"Home\",\"item\":\"https:\\\/\\\/kosovatimes.info\\\/\"},{\"@type\":\"ListItem\",\"position\":2,\"name\":\"Nj\u00eb vit pa Dhimit\u00ebr Anagnostin, regjisori i shquar la pas nj\u00eb pasuri t\u00eb \u00e7muar\"}]},{\"@type\":\"WebSite\",\"@id\":\"https:\\\/\\\/kosovatimes.info\\\/#website\",\"url\":\"https:\\\/\\\/kosovatimes.info\\\/\",\"name\":\"Kosova Times\",\"description\":\"\",\"potentialAction\":[{\"@type\":\"SearchAction\",\"target\":{\"@type\":\"EntryPoint\",\"urlTemplate\":\"https:\\\/\\\/kosovatimes.info\\\/?s={search_term_string}\"},\"query-input\":{\"@type\":\"PropertyValueSpecification\",\"valueRequired\":true,\"valueName\":\"search_term_string\"}}],\"inLanguage\":\"en-US\"},{\"@type\":\"Person\",\"@id\":\"https:\\\/\\\/kosovatimes.info\\\/#\\\/schema\\\/person\\\/7586712b9c512fe68085de007378c915\",\"name\":\"i l\",\"image\":{\"@type\":\"ImageObject\",\"inLanguage\":\"en-US\",\"@id\":\"https:\\\/\\\/secure.gravatar.com\\\/avatar\\\/bad9296e02816160ae2e2435beda58222022298d5625d49fea74d18816fbb31d?s=96&d=mm&r=g\",\"url\":\"https:\\\/\\\/secure.gravatar.com\\\/avatar\\\/bad9296e02816160ae2e2435beda58222022298d5625d49fea74d18816fbb31d?s=96&d=mm&r=g\",\"contentUrl\":\"https:\\\/\\\/secure.gravatar.com\\\/avatar\\\/bad9296e02816160ae2e2435beda58222022298d5625d49fea74d18816fbb31d?s=96&d=mm&r=g\",\"caption\":\"i l\"},\"url\":\"https:\\\/\\\/kosovatimes.info\\\/index.php\\\/author\\\/iliri\\\/\"}]}<\/script>\n<!-- \/ Yoast SEO plugin. -->","yoast_head_json":{"title":"Nj\u00eb vit pa Dhimit\u00ebr Anagnostin, regjisori i shquar la pas nj\u00eb pasuri t\u00eb \u00e7muar - Kosova Times","robots":{"index":"index","follow":"follow","max-snippet":"max-snippet:-1","max-image-preview":"max-image-preview:large","max-video-preview":"max-video-preview:-1"},"canonical":"https:\/\/kosovatimes.info\/index.php\/2026\/09\/01\/nje-vit-pa-dhimiter-anagnostin-regjisori-i-shquar-la-pas-nje-pasuri-te-cmuar\/","og_locale":"en_US","og_type":"article","og_title":"Nj\u00eb vit pa Dhimit\u00ebr Anagnostin, regjisori i shquar la pas nj\u00eb pasuri t\u00eb \u00e7muar - Kosova Times","og_description":"Nj\u00eb vit m\u00eb par\u00eb, arti dhe kultura shqiptare humb\u00ebn nj\u00eb prej figurave t\u00eb tyre m\u00eb t\u00eb shquara, Dhimit\u00ebr Anagnostin. N\u00eb p\u00ebrvjetorin e ndarjes s\u00eb tij nga jeta, kujtimi i tij mbetet i gjall\u00eb p\u00ebrmes vepr\u00ebs s\u00eb pasur q\u00eb ai la pas dhe gjurm\u00ebs s\u00eb thell\u00eb q\u00eb la n\u00eb kinematografin\u00eb shqiptare. Dhimit\u00ebr Anagnosti ishte nj\u00eb em\u00ebr [&hellip;]","og_url":"https:\/\/kosovatimes.info\/index.php\/2026\/09\/01\/nje-vit-pa-dhimiter-anagnostin-regjisori-i-shquar-la-pas-nje-pasuri-te-cmuar\/","og_site_name":"Kosova Times","article_published_time":"2026-09-01T10:21:00+00:00","article_modified_time":"2026-09-01T12:18:12+00:00","og_image":[{"width":780,"height":500,"url":"https:\/\/kosovatimes.info\/wp-content\/uploads\/2026\/09\/aganosti.jpg","type":"image\/jpeg"}],"author":"i l","twitter_card":"summary_large_image","twitter_misc":{"Written by":"i l","Est. reading time":"3 minutes"},"schema":{"@context":"https:\/\/schema.org","@graph":[{"@type":"Article","@id":"https:\/\/kosovatimes.info\/index.php\/2026\/09\/01\/nje-vit-pa-dhimiter-anagnostin-regjisori-i-shquar-la-pas-nje-pasuri-te-cmuar\/#article","isPartOf":{"@id":"https:\/\/kosovatimes.info\/index.php\/2026\/09\/01\/nje-vit-pa-dhimiter-anagnostin-regjisori-i-shquar-la-pas-nje-pasuri-te-cmuar\/"},"author":{"name":"i l","@id":"https:\/\/kosovatimes.info\/#\/schema\/person\/7586712b9c512fe68085de007378c915"},"headline":"Nj\u00eb vit pa Dhimit\u00ebr Anagnostin, regjisori i shquar la pas nj\u00eb pasuri t\u00eb \u00e7muar","datePublished":"2026-09-01T10:21:00+00:00","dateModified":"2026-09-01T12:18:12+00:00","mainEntityOfPage":{"@id":"https:\/\/kosovatimes.info\/index.php\/2026\/09\/01\/nje-vit-pa-dhimiter-anagnostin-regjisori-i-shquar-la-pas-nje-pasuri-te-cmuar\/"},"wordCount":499,"commentCount":0,"image":{"@id":"https:\/\/kosovatimes.info\/index.php\/2026\/09\/01\/nje-vit-pa-dhimiter-anagnostin-regjisori-i-shquar-la-pas-nje-pasuri-te-cmuar\/#primaryimage"},"thumbnailUrl":"https:\/\/kosovatimes.info\/wp-content\/uploads\/2026\/09\/aganosti.jpg","articleSection":["Kultur\u00eb"],"inLanguage":"en-US","potentialAction":[{"@type":"CommentAction","name":"Comment","target":["https:\/\/kosovatimes.info\/index.php\/2026\/09\/01\/nje-vit-pa-dhimiter-anagnostin-regjisori-i-shquar-la-pas-nje-pasuri-te-cmuar\/#respond"]}]},{"@type":"WebPage","@id":"https:\/\/kosovatimes.info\/index.php\/2026\/09\/01\/nje-vit-pa-dhimiter-anagnostin-regjisori-i-shquar-la-pas-nje-pasuri-te-cmuar\/","url":"https:\/\/kosovatimes.info\/index.php\/2026\/09\/01\/nje-vit-pa-dhimiter-anagnostin-regjisori-i-shquar-la-pas-nje-pasuri-te-cmuar\/","name":"Nj\u00eb vit pa Dhimit\u00ebr Anagnostin, regjisori i shquar la pas nj\u00eb pasuri t\u00eb \u00e7muar - Kosova Times","isPartOf":{"@id":"https:\/\/kosovatimes.info\/#website"},"primaryImageOfPage":{"@id":"https:\/\/kosovatimes.info\/index.php\/2026\/09\/01\/nje-vit-pa-dhimiter-anagnostin-regjisori-i-shquar-la-pas-nje-pasuri-te-cmuar\/#primaryimage"},"image":{"@id":"https:\/\/kosovatimes.info\/index.php\/2026\/09\/01\/nje-vit-pa-dhimiter-anagnostin-regjisori-i-shquar-la-pas-nje-pasuri-te-cmuar\/#primaryimage"},"thumbnailUrl":"https:\/\/kosovatimes.info\/wp-content\/uploads\/2026\/09\/aganosti.jpg","datePublished":"2026-09-01T10:21:00+00:00","dateModified":"2026-09-01T12:18:12+00:00","author":{"@id":"https:\/\/kosovatimes.info\/#\/schema\/person\/7586712b9c512fe68085de007378c915"},"breadcrumb":{"@id":"https:\/\/kosovatimes.info\/index.php\/2026\/09\/01\/nje-vit-pa-dhimiter-anagnostin-regjisori-i-shquar-la-pas-nje-pasuri-te-cmuar\/#breadcrumb"},"inLanguage":"en-US","potentialAction":[{"@type":"ReadAction","target":["https:\/\/kosovatimes.info\/index.php\/2026\/09\/01\/nje-vit-pa-dhimiter-anagnostin-regjisori-i-shquar-la-pas-nje-pasuri-te-cmuar\/"]}]},{"@type":"ImageObject","inLanguage":"en-US","@id":"https:\/\/kosovatimes.info\/index.php\/2026\/09\/01\/nje-vit-pa-dhimiter-anagnostin-regjisori-i-shquar-la-pas-nje-pasuri-te-cmuar\/#primaryimage","url":"https:\/\/kosovatimes.info\/wp-content\/uploads\/2026\/09\/aganosti.jpg","contentUrl":"https:\/\/kosovatimes.info\/wp-content\/uploads\/2026\/09\/aganosti.jpg","width":780,"height":500},{"@type":"BreadcrumbList","@id":"https:\/\/kosovatimes.info\/index.php\/2026\/09\/01\/nje-vit-pa-dhimiter-anagnostin-regjisori-i-shquar-la-pas-nje-pasuri-te-cmuar\/#breadcrumb","itemListElement":[{"@type":"ListItem","position":1,"name":"Home","item":"https:\/\/kosovatimes.info\/"},{"@type":"ListItem","position":2,"name":"Nj\u00eb vit pa Dhimit\u00ebr Anagnostin, regjisori i shquar la pas nj\u00eb pasuri t\u00eb \u00e7muar"}]},{"@type":"WebSite","@id":"https:\/\/kosovatimes.info\/#website","url":"https:\/\/kosovatimes.info\/","name":"Kosova Times","description":"","potentialAction":[{"@type":"SearchAction","target":{"@type":"EntryPoint","urlTemplate":"https:\/\/kosovatimes.info\/?s={search_term_string}"},"query-input":{"@type":"PropertyValueSpecification","valueRequired":true,"valueName":"search_term_string"}}],"inLanguage":"en-US"},{"@type":"Person","@id":"https:\/\/kosovatimes.info\/#\/schema\/person\/7586712b9c512fe68085de007378c915","name":"i l","image":{"@type":"ImageObject","inLanguage":"en-US","@id":"https:\/\/secure.gravatar.com\/avatar\/bad9296e02816160ae2e2435beda58222022298d5625d49fea74d18816fbb31d?s=96&d=mm&r=g","url":"https:\/\/secure.gravatar.com\/avatar\/bad9296e02816160ae2e2435beda58222022298d5625d49fea74d18816fbb31d?s=96&d=mm&r=g","contentUrl":"https:\/\/secure.gravatar.com\/avatar\/bad9296e02816160ae2e2435beda58222022298d5625d49fea74d18816fbb31d?s=96&d=mm&r=g","caption":"i l"},"url":"https:\/\/kosovatimes.info\/index.php\/author\/iliri\/"}]}},"_links":{"self":[{"href":"https:\/\/kosovatimes.info\/index.php\/wp-json\/wp\/v2\/posts\/30432","targetHints":{"allow":["GET"]}}],"collection":[{"href":"https:\/\/kosovatimes.info\/index.php\/wp-json\/wp\/v2\/posts"}],"about":[{"href":"https:\/\/kosovatimes.info\/index.php\/wp-json\/wp\/v2\/types\/post"}],"author":[{"embeddable":true,"href":"https:\/\/kosovatimes.info\/index.php\/wp-json\/wp\/v2\/users\/4"}],"replies":[{"embeddable":true,"href":"https:\/\/kosovatimes.info\/index.php\/wp-json\/wp\/v2\/comments?post=30432"}],"version-history":[{"count":1,"href":"https:\/\/kosovatimes.info\/index.php\/wp-json\/wp\/v2\/posts\/30432\/revisions"}],"predecessor-version":[{"id":30434,"href":"https:\/\/kosovatimes.info\/index.php\/wp-json\/wp\/v2\/posts\/30432\/revisions\/30434"}],"wp:featuredmedia":[{"embeddable":true,"href":"https:\/\/kosovatimes.info\/index.php\/wp-json\/wp\/v2\/media\/30433"}],"wp:attachment":[{"href":"https:\/\/kosovatimes.info\/index.php\/wp-json\/wp\/v2\/media?parent=30432"}],"wp:term":[{"taxonomy":"category","embeddable":true,"href":"https:\/\/kosovatimes.info\/index.php\/wp-json\/wp\/v2\/categories?post=30432"},{"taxonomy":"post_tag","embeddable":true,"href":"https:\/\/kosovatimes.info\/index.php\/wp-json\/wp\/v2\/tags?post=30432"}],"curies":[{"name":"wp","href":"https:\/\/api.w.org\/{rel}","templated":true}]}}