{"id":30435,"date":"2026-09-01T14:26:04","date_gmt":"2026-09-01T12:26:04","guid":{"rendered":"https:\/\/kosovatimes.info\/?p=30435"},"modified":"2026-09-01T14:26:05","modified_gmt":"2026-09-01T12:26:05","slug":"cipa-nje-vit-ne-amshim-nje-jete-ne-driten-e-artit","status":"publish","type":"post","link":"https:\/\/kosovatimes.info\/index.php\/2026\/09\/01\/cipa-nje-vit-ne-amshim-nje-jete-ne-driten-e-artit\/","title":{"rendered":"\u00c7ipa: \u201cNj\u00eb vit n\u00eb amshim, nj\u00eb jet\u00eb n\u00eb drit\u00ebn e artit\u201d"},"content":{"rendered":"\n<p class=\"wp-block-paragraph\">Nj\u00eb vit m\u00eb par\u00eb, arti dhe kultura shqiptare humb\u00ebn nj\u00eb prej figurave t\u00eb tyre m\u00eb t\u00eb shquara, <strong>Dhimit\u00ebr Anagnostin<\/strong>.<\/p>\n\n\n\n<p class=\"wp-block-paragraph\">Gazetari dhe publicisti <strong>Aleksand\u00ebr \u00c7ipa<\/strong> e kujton Mjeshtrin me k\u00ebto fjal\u00eb:<\/p>\n\n\n\n<p class=\"wp-block-paragraph\"><em>\u201cShkoi nj\u00eb vit, Mjesht\u00ebr Anagnosti\u2026, por Ti tani je n\u00eb pakoh\u00ebsi.<\/em><\/p>\n\n\n\n<p class=\"wp-block-paragraph\"><em>Ne t\u00eb mishmit mund t\u00eb jetojm\u00eb me kalendarin q\u00eb kan\u00eb p\u00ebrcaktuar frymor\u00ebt\u2026<\/em><\/p>\n\n\n\n<p class=\"wp-block-paragraph\"><em>Shenja jote n\u00ebn mermer, atje n\u00eb Vuno, \u00ebsht\u00eb prej ulliri, e p\u00ebrhershme.<\/em><\/p>\n\n\n\n<p class=\"wp-block-paragraph\"><em>Pran\u00eb ke Mjegulloshin dhe Detin, si dy ortak\u00eb q\u00eb i shkojn\u00eb p\u00ebr pran\u00ebndjenj\u00eb madh\u00ebshtis\u00eb dhe p\u00ebrjet\u00ebsis\u00eb s\u00eb artit t\u00ebnd.<\/em><\/p>\n\n\n\n<p class=\"wp-block-paragraph\"><em>Sa m\u00eb e gjat\u00eb koha n\u00eb rrjedhje, aq m\u00eb e imponueshme vepra jote n\u00eb art; p\u00ebr t\u00eb gjall\u00ebt q\u00eb le, p\u00ebr ata q\u00eb jan\u00eb dhe ata q\u00eb do t\u00eb vijn\u00eb.<\/em><\/p>\n\n\n\n<p class=\"wp-block-paragraph\"><em>Si tha Frederik Reshpja?! \u201cMos e past\u00eb askush k\u00ebt\u00eb fat!\u201d<\/em><\/p>\n\n\n\n<p class=\"wp-block-paragraph\"><em>N\u00eb fakt, b\u00ebhet fjal\u00eb p\u00ebr mallkimin e bukur q\u00eb b\u00ebhet fat, p\u00ebr artist\u00eb t\u00eb p\u00ebrjetsh\u00ebm si Anagnosti.<\/em><\/p>\n\n\n\n<p class=\"wp-block-paragraph\"><em>Nj\u00eb vit kalendarik nuk \u00ebsht\u00eb shum\u00eb, por n\u00eb shpirtin e ndjenj\u00ebn e njer\u00ebzve q\u00eb t\u00eb duan, \u00ebsht\u00eb shum\u00eb.<\/em><\/p>\n\n\n\n<p class=\"wp-block-paragraph\"><em>Sepse, dhimbsh\u00ebm, masim munges\u00ebn fizike t\u00eb p\u00ebrzgjatshme!!!<\/em><\/p>\n\n\n\n<p class=\"wp-block-paragraph\"><em>Nd\u00ebrsa n\u00eb t\u00eb p\u00ebrhershmen jet\u00eb t\u00eb komunikimit me Ty, jemi me vepr\u00ebn dhe ajo na imponohet e na shfaqet, sikund\u00ebr deti p\u00ebrposh n\u00eb Jal, sikund\u00ebr Mjegulloshi sip\u00ebr mbi Vuno, sikund\u00ebr ulliri n\u00eb brigje e sikund\u00ebr qeparisi mbi mermer!..<\/em><\/p>\n\n\n\n<p class=\"wp-block-paragraph\"><em>Por, nd\u00ebrsa ne kalojm\u00eb aty dhe sikur k\u00ebrkojm\u00eb siluet\u00ebn t\u00ebnde n\u00eb horizontin jonian, e dim\u00eb se Ti, si n\u00eb nj\u00eb kangjel\u00eb dionisiake dhe elegji Bregdeti, n\u00ebn dhe, m\u00ebrm\u00ebrit di\u00e7ka p\u00ebr Roz\u00ebn dhe dy bijat besnike.<\/em><\/p>\n\n\n\n<p class=\"wp-block-paragraph\"><em>Mjesht\u00ebr, n\u00eb udh\u00ebtimin e jet\u00ebs dhe t\u00eb njer\u00ebzis\u00eb n\u00eb shqipe, Ti je shenj\u00eb e p\u00ebrjetshme si Anagnost\u2026!<\/em><\/p>\n\n\n\n<p class=\"wp-block-paragraph\"><em>N\u00eb koh\u00ebn e am\u00ebshimt\u00eb po t\u00eb kuptojm\u00eb m\u00eb shum\u00eb\u2026, tamam si nj\u00eb ulli dhe \u201cpem\u00eb t\u00eb p\u00ebrjetshme\u201d!<\/em><\/p>\n\n\n\n<p class=\"wp-block-paragraph\"><em>Si thua diku?!<\/em><\/p>\n\n\n\n<p class=\"wp-block-paragraph\"><em>\u201cJemi si gjethja n\u00eb er\u00eb \/ q\u00eb s\u2019e dim\u00eb se ku do bjer\u00eb!\u201d<\/em><\/p>\n\n\n\n<p class=\"wp-block-paragraph\">Dhimit\u00ebr Anagnosti mbetet. Mbetet n\u00eb filmin shqiptar, n\u00eb kujtes\u00ebn ton\u00eb dhe n\u00eb kultur\u00ebn q\u00eb la pas.<br>Mbetet n\u00eb p\u00ebrjet\u00ebsi.<\/p>\n\n\n\n<p class=\"wp-block-paragraph\"><\/p>\n","protected":false},"excerpt":{"rendered":"<p>Nj\u00eb vit m\u00eb par\u00eb, arti dhe kultura shqiptare humb\u00ebn nj\u00eb prej figurave t\u00eb tyre m\u00eb t\u00eb shquara, Dhimit\u00ebr Anagnostin. Gazetari dhe publicisti Aleksand\u00ebr \u00c7ipa e kujton Mjeshtrin me k\u00ebto fjal\u00eb: \u201cShkoi nj\u00eb vit, Mjesht\u00ebr Anagnosti\u2026, por Ti tani je n\u00eb pakoh\u00ebsi. Ne t\u00eb mishmit mund t\u00eb jetojm\u00eb me kalendarin q\u00eb kan\u00eb p\u00ebrcaktuar frymor\u00ebt\u2026 Shenja jote [&hellip;]<\/p>\n","protected":false},"author":4,"featured_media":30436,"comment_status":"open","ping_status":"open","sticky":false,"template":"","format":"standard","meta":{"footnotes":""},"categories":[41],"tags":[],"class_list":["post-30435","post","type-post","status-publish","format-standard","has-post-thumbnail","category-kulture"],"yoast_head":"<!-- This site is optimized with the Yoast SEO plugin v27.4 - https:\/\/yoast.com\/product\/yoast-seo-wordpress\/ -->\n<title>\u00c7ipa: \u201cNj\u00eb vit n\u00eb amshim, nj\u00eb jet\u00eb n\u00eb drit\u00ebn e artit\u201d - Kosova Times<\/title>\n<meta name=\"robots\" content=\"index, follow, max-snippet:-1, max-image-preview:large, max-video-preview:-1\" \/>\n<link rel=\"canonical\" href=\"https:\/\/kosovatimes.info\/index.php\/2026\/09\/01\/cipa-nje-vit-ne-amshim-nje-jete-ne-driten-e-artit\/\" \/>\n<meta property=\"og:locale\" content=\"en_US\" \/>\n<meta property=\"og:type\" content=\"article\" \/>\n<meta property=\"og:title\" content=\"\u00c7ipa: \u201cNj\u00eb vit n\u00eb amshim, nj\u00eb jet\u00eb n\u00eb drit\u00ebn e artit\u201d - Kosova Times\" \/>\n<meta property=\"og:description\" content=\"Nj\u00eb vit m\u00eb par\u00eb, arti dhe kultura shqiptare humb\u00ebn nj\u00eb prej figurave t\u00eb tyre m\u00eb t\u00eb shquara, Dhimit\u00ebr Anagnostin. Gazetari dhe publicisti Aleksand\u00ebr \u00c7ipa e kujton Mjeshtrin me k\u00ebto fjal\u00eb: \u201cShkoi nj\u00eb vit, Mjesht\u00ebr Anagnosti\u2026, por Ti tani je n\u00eb pakoh\u00ebsi. Ne t\u00eb mishmit mund t\u00eb jetojm\u00eb me kalendarin q\u00eb kan\u00eb p\u00ebrcaktuar frymor\u00ebt\u2026 Shenja jote [&hellip;]\" \/>\n<meta property=\"og:url\" content=\"https:\/\/kosovatimes.info\/index.php\/2026\/09\/01\/cipa-nje-vit-ne-amshim-nje-jete-ne-driten-e-artit\/\" \/>\n<meta property=\"og:site_name\" content=\"Kosova Times\" \/>\n<meta property=\"article:published_time\" content=\"2026-09-01T12:26:04+00:00\" \/>\n<meta property=\"article:modified_time\" content=\"2026-09-01T12:26:05+00:00\" \/>\n<meta property=\"og:image\" content=\"https:\/\/kosovatimes.info\/wp-content\/uploads\/2026\/09\/aganosti.jpeg\" \/>\n\t<meta property=\"og:image:width\" content=\"443\" \/>\n\t<meta property=\"og:image:height\" content=\"590\" \/>\n\t<meta property=\"og:image:type\" content=\"image\/jpeg\" \/>\n<meta name=\"author\" content=\"i l\" \/>\n<meta name=\"twitter:card\" content=\"summary_large_image\" \/>\n<meta name=\"twitter:label1\" content=\"Written by\" \/>\n\t<meta name=\"twitter:data1\" content=\"i l\" \/>\n\t<meta name=\"twitter:label2\" content=\"Est. reading time\" \/>\n\t<meta name=\"twitter:data2\" content=\"2 minutes\" \/>\n<script type=\"application\/ld+json\" class=\"yoast-schema-graph\">{\"@context\":\"https:\\\/\\\/schema.org\",\"@graph\":[{\"@type\":\"Article\",\"@id\":\"https:\\\/\\\/kosovatimes.info\\\/index.php\\\/2026\\\/09\\\/01\\\/cipa-nje-vit-ne-amshim-nje-jete-ne-driten-e-artit\\\/#article\",\"isPartOf\":{\"@id\":\"https:\\\/\\\/kosovatimes.info\\\/index.php\\\/2026\\\/09\\\/01\\\/cipa-nje-vit-ne-amshim-nje-jete-ne-driten-e-artit\\\/\"},\"author\":{\"name\":\"i l\",\"@id\":\"https:\\\/\\\/kosovatimes.info\\\/#\\\/schema\\\/person\\\/7586712b9c512fe68085de007378c915\"},\"headline\":\"\u00c7ipa: \u201cNj\u00eb vit n\u00eb amshim, nj\u00eb jet\u00eb n\u00eb drit\u00ebn e artit\u201d\",\"datePublished\":\"2026-09-01T12:26:04+00:00\",\"dateModified\":\"2026-09-01T12:26:05+00:00\",\"mainEntityOfPage\":{\"@id\":\"https:\\\/\\\/kosovatimes.info\\\/index.php\\\/2026\\\/09\\\/01\\\/cipa-nje-vit-ne-amshim-nje-jete-ne-driten-e-artit\\\/\"},\"wordCount\":383,\"commentCount\":0,\"image\":{\"@id\":\"https:\\\/\\\/kosovatimes.info\\\/index.php\\\/2026\\\/09\\\/01\\\/cipa-nje-vit-ne-amshim-nje-jete-ne-driten-e-artit\\\/#primaryimage\"},\"thumbnailUrl\":\"https:\\\/\\\/kosovatimes.info\\\/wp-content\\\/uploads\\\/2026\\\/09\\\/aganosti.jpeg\",\"articleSection\":[\"Kultur\u00eb\"],\"inLanguage\":\"en-US\",\"potentialAction\":[{\"@type\":\"CommentAction\",\"name\":\"Comment\",\"target\":[\"https:\\\/\\\/kosovatimes.info\\\/index.php\\\/2026\\\/09\\\/01\\\/cipa-nje-vit-ne-amshim-nje-jete-ne-driten-e-artit\\\/#respond\"]}]},{\"@type\":\"WebPage\",\"@id\":\"https:\\\/\\\/kosovatimes.info\\\/index.php\\\/2026\\\/09\\\/01\\\/cipa-nje-vit-ne-amshim-nje-jete-ne-driten-e-artit\\\/\",\"url\":\"https:\\\/\\\/kosovatimes.info\\\/index.php\\\/2026\\\/09\\\/01\\\/cipa-nje-vit-ne-amshim-nje-jete-ne-driten-e-artit\\\/\",\"name\":\"\u00c7ipa: \u201cNj\u00eb vit n\u00eb amshim, nj\u00eb jet\u00eb n\u00eb drit\u00ebn e artit\u201d - Kosova Times\",\"isPartOf\":{\"@id\":\"https:\\\/\\\/kosovatimes.info\\\/#website\"},\"primaryImageOfPage\":{\"@id\":\"https:\\\/\\\/kosovatimes.info\\\/index.php\\\/2026\\\/09\\\/01\\\/cipa-nje-vit-ne-amshim-nje-jete-ne-driten-e-artit\\\/#primaryimage\"},\"image\":{\"@id\":\"https:\\\/\\\/kosovatimes.info\\\/index.php\\\/2026\\\/09\\\/01\\\/cipa-nje-vit-ne-amshim-nje-jete-ne-driten-e-artit\\\/#primaryimage\"},\"thumbnailUrl\":\"https:\\\/\\\/kosovatimes.info\\\/wp-content\\\/uploads\\\/2026\\\/09\\\/aganosti.jpeg\",\"datePublished\":\"2026-09-01T12:26:04+00:00\",\"dateModified\":\"2026-09-01T12:26:05+00:00\",\"author\":{\"@id\":\"https:\\\/\\\/kosovatimes.info\\\/#\\\/schema\\\/person\\\/7586712b9c512fe68085de007378c915\"},\"breadcrumb\":{\"@id\":\"https:\\\/\\\/kosovatimes.info\\\/index.php\\\/2026\\\/09\\\/01\\\/cipa-nje-vit-ne-amshim-nje-jete-ne-driten-e-artit\\\/#breadcrumb\"},\"inLanguage\":\"en-US\",\"potentialAction\":[{\"@type\":\"ReadAction\",\"target\":[\"https:\\\/\\\/kosovatimes.info\\\/index.php\\\/2026\\\/09\\\/01\\\/cipa-nje-vit-ne-amshim-nje-jete-ne-driten-e-artit\\\/\"]}]},{\"@type\":\"ImageObject\",\"inLanguage\":\"en-US\",\"@id\":\"https:\\\/\\\/kosovatimes.info\\\/index.php\\\/2026\\\/09\\\/01\\\/cipa-nje-vit-ne-amshim-nje-jete-ne-driten-e-artit\\\/#primaryimage\",\"url\":\"https:\\\/\\\/kosovatimes.info\\\/wp-content\\\/uploads\\\/2026\\\/09\\\/aganosti.jpeg\",\"contentUrl\":\"https:\\\/\\\/kosovatimes.info\\\/wp-content\\\/uploads\\\/2026\\\/09\\\/aganosti.jpeg\",\"width\":443,\"height\":590},{\"@type\":\"BreadcrumbList\",\"@id\":\"https:\\\/\\\/kosovatimes.info\\\/index.php\\\/2026\\\/09\\\/01\\\/cipa-nje-vit-ne-amshim-nje-jete-ne-driten-e-artit\\\/#breadcrumb\",\"itemListElement\":[{\"@type\":\"ListItem\",\"position\":1,\"name\":\"Home\",\"item\":\"https:\\\/\\\/kosovatimes.info\\\/\"},{\"@type\":\"ListItem\",\"position\":2,\"name\":\"\u00c7ipa: \u201cNj\u00eb vit n\u00eb amshim, nj\u00eb jet\u00eb n\u00eb drit\u00ebn e artit\u201d\"}]},{\"@type\":\"WebSite\",\"@id\":\"https:\\\/\\\/kosovatimes.info\\\/#website\",\"url\":\"https:\\\/\\\/kosovatimes.info\\\/\",\"name\":\"Kosova Times\",\"description\":\"\",\"potentialAction\":[{\"@type\":\"SearchAction\",\"target\":{\"@type\":\"EntryPoint\",\"urlTemplate\":\"https:\\\/\\\/kosovatimes.info\\\/?s={search_term_string}\"},\"query-input\":{\"@type\":\"PropertyValueSpecification\",\"valueRequired\":true,\"valueName\":\"search_term_string\"}}],\"inLanguage\":\"en-US\"},{\"@type\":\"Person\",\"@id\":\"https:\\\/\\\/kosovatimes.info\\\/#\\\/schema\\\/person\\\/7586712b9c512fe68085de007378c915\",\"name\":\"i l\",\"image\":{\"@type\":\"ImageObject\",\"inLanguage\":\"en-US\",\"@id\":\"https:\\\/\\\/secure.gravatar.com\\\/avatar\\\/bad9296e02816160ae2e2435beda58222022298d5625d49fea74d18816fbb31d?s=96&d=mm&r=g\",\"url\":\"https:\\\/\\\/secure.gravatar.com\\\/avatar\\\/bad9296e02816160ae2e2435beda58222022298d5625d49fea74d18816fbb31d?s=96&d=mm&r=g\",\"contentUrl\":\"https:\\\/\\\/secure.gravatar.com\\\/avatar\\\/bad9296e02816160ae2e2435beda58222022298d5625d49fea74d18816fbb31d?s=96&d=mm&r=g\",\"caption\":\"i l\"},\"url\":\"https:\\\/\\\/kosovatimes.info\\\/index.php\\\/author\\\/iliri\\\/\"}]}<\/script>\n<!-- \/ Yoast SEO plugin. -->","yoast_head_json":{"title":"\u00c7ipa: \u201cNj\u00eb vit n\u00eb amshim, nj\u00eb jet\u00eb n\u00eb drit\u00ebn e artit\u201d - Kosova Times","robots":{"index":"index","follow":"follow","max-snippet":"max-snippet:-1","max-image-preview":"max-image-preview:large","max-video-preview":"max-video-preview:-1"},"canonical":"https:\/\/kosovatimes.info\/index.php\/2026\/09\/01\/cipa-nje-vit-ne-amshim-nje-jete-ne-driten-e-artit\/","og_locale":"en_US","og_type":"article","og_title":"\u00c7ipa: \u201cNj\u00eb vit n\u00eb amshim, nj\u00eb jet\u00eb n\u00eb drit\u00ebn e artit\u201d - Kosova Times","og_description":"Nj\u00eb vit m\u00eb par\u00eb, arti dhe kultura shqiptare humb\u00ebn nj\u00eb prej figurave t\u00eb tyre m\u00eb t\u00eb shquara, Dhimit\u00ebr Anagnostin. Gazetari dhe publicisti Aleksand\u00ebr \u00c7ipa e kujton Mjeshtrin me k\u00ebto fjal\u00eb: \u201cShkoi nj\u00eb vit, Mjesht\u00ebr Anagnosti\u2026, por Ti tani je n\u00eb pakoh\u00ebsi. Ne t\u00eb mishmit mund t\u00eb jetojm\u00eb me kalendarin q\u00eb kan\u00eb p\u00ebrcaktuar frymor\u00ebt\u2026 Shenja jote [&hellip;]","og_url":"https:\/\/kosovatimes.info\/index.php\/2026\/09\/01\/cipa-nje-vit-ne-amshim-nje-jete-ne-driten-e-artit\/","og_site_name":"Kosova Times","article_published_time":"2026-09-01T12:26:04+00:00","article_modified_time":"2026-09-01T12:26:05+00:00","og_image":[{"width":443,"height":590,"url":"https:\/\/kosovatimes.info\/wp-content\/uploads\/2026\/09\/aganosti.jpeg","type":"image\/jpeg"}],"author":"i l","twitter_card":"summary_large_image","twitter_misc":{"Written by":"i l","Est. reading time":"2 minutes"},"schema":{"@context":"https:\/\/schema.org","@graph":[{"@type":"Article","@id":"https:\/\/kosovatimes.info\/index.php\/2026\/09\/01\/cipa-nje-vit-ne-amshim-nje-jete-ne-driten-e-artit\/#article","isPartOf":{"@id":"https:\/\/kosovatimes.info\/index.php\/2026\/09\/01\/cipa-nje-vit-ne-amshim-nje-jete-ne-driten-e-artit\/"},"author":{"name":"i l","@id":"https:\/\/kosovatimes.info\/#\/schema\/person\/7586712b9c512fe68085de007378c915"},"headline":"\u00c7ipa: \u201cNj\u00eb vit n\u00eb amshim, nj\u00eb jet\u00eb n\u00eb drit\u00ebn e artit\u201d","datePublished":"2026-09-01T12:26:04+00:00","dateModified":"2026-09-01T12:26:05+00:00","mainEntityOfPage":{"@id":"https:\/\/kosovatimes.info\/index.php\/2026\/09\/01\/cipa-nje-vit-ne-amshim-nje-jete-ne-driten-e-artit\/"},"wordCount":383,"commentCount":0,"image":{"@id":"https:\/\/kosovatimes.info\/index.php\/2026\/09\/01\/cipa-nje-vit-ne-amshim-nje-jete-ne-driten-e-artit\/#primaryimage"},"thumbnailUrl":"https:\/\/kosovatimes.info\/wp-content\/uploads\/2026\/09\/aganosti.jpeg","articleSection":["Kultur\u00eb"],"inLanguage":"en-US","potentialAction":[{"@type":"CommentAction","name":"Comment","target":["https:\/\/kosovatimes.info\/index.php\/2026\/09\/01\/cipa-nje-vit-ne-amshim-nje-jete-ne-driten-e-artit\/#respond"]}]},{"@type":"WebPage","@id":"https:\/\/kosovatimes.info\/index.php\/2026\/09\/01\/cipa-nje-vit-ne-amshim-nje-jete-ne-driten-e-artit\/","url":"https:\/\/kosovatimes.info\/index.php\/2026\/09\/01\/cipa-nje-vit-ne-amshim-nje-jete-ne-driten-e-artit\/","name":"\u00c7ipa: \u201cNj\u00eb vit n\u00eb amshim, nj\u00eb jet\u00eb n\u00eb drit\u00ebn e artit\u201d - Kosova Times","isPartOf":{"@id":"https:\/\/kosovatimes.info\/#website"},"primaryImageOfPage":{"@id":"https:\/\/kosovatimes.info\/index.php\/2026\/09\/01\/cipa-nje-vit-ne-amshim-nje-jete-ne-driten-e-artit\/#primaryimage"},"image":{"@id":"https:\/\/kosovatimes.info\/index.php\/2026\/09\/01\/cipa-nje-vit-ne-amshim-nje-jete-ne-driten-e-artit\/#primaryimage"},"thumbnailUrl":"https:\/\/kosovatimes.info\/wp-content\/uploads\/2026\/09\/aganosti.jpeg","datePublished":"2026-09-01T12:26:04+00:00","dateModified":"2026-09-01T12:26:05+00:00","author":{"@id":"https:\/\/kosovatimes.info\/#\/schema\/person\/7586712b9c512fe68085de007378c915"},"breadcrumb":{"@id":"https:\/\/kosovatimes.info\/index.php\/2026\/09\/01\/cipa-nje-vit-ne-amshim-nje-jete-ne-driten-e-artit\/#breadcrumb"},"inLanguage":"en-US","potentialAction":[{"@type":"ReadAction","target":["https:\/\/kosovatimes.info\/index.php\/2026\/09\/01\/cipa-nje-vit-ne-amshim-nje-jete-ne-driten-e-artit\/"]}]},{"@type":"ImageObject","inLanguage":"en-US","@id":"https:\/\/kosovatimes.info\/index.php\/2026\/09\/01\/cipa-nje-vit-ne-amshim-nje-jete-ne-driten-e-artit\/#primaryimage","url":"https:\/\/kosovatimes.info\/wp-content\/uploads\/2026\/09\/aganosti.jpeg","contentUrl":"https:\/\/kosovatimes.info\/wp-content\/uploads\/2026\/09\/aganosti.jpeg","width":443,"height":590},{"@type":"BreadcrumbList","@id":"https:\/\/kosovatimes.info\/index.php\/2026\/09\/01\/cipa-nje-vit-ne-amshim-nje-jete-ne-driten-e-artit\/#breadcrumb","itemListElement":[{"@type":"ListItem","position":1,"name":"Home","item":"https:\/\/kosovatimes.info\/"},{"@type":"ListItem","position":2,"name":"\u00c7ipa: \u201cNj\u00eb vit n\u00eb amshim, nj\u00eb jet\u00eb n\u00eb drit\u00ebn e artit\u201d"}]},{"@type":"WebSite","@id":"https:\/\/kosovatimes.info\/#website","url":"https:\/\/kosovatimes.info\/","name":"Kosova Times","description":"","potentialAction":[{"@type":"SearchAction","target":{"@type":"EntryPoint","urlTemplate":"https:\/\/kosovatimes.info\/?s={search_term_string}"},"query-input":{"@type":"PropertyValueSpecification","valueRequired":true,"valueName":"search_term_string"}}],"inLanguage":"en-US"},{"@type":"Person","@id":"https:\/\/kosovatimes.info\/#\/schema\/person\/7586712b9c512fe68085de007378c915","name":"i l","image":{"@type":"ImageObject","inLanguage":"en-US","@id":"https:\/\/secure.gravatar.com\/avatar\/bad9296e02816160ae2e2435beda58222022298d5625d49fea74d18816fbb31d?s=96&d=mm&r=g","url":"https:\/\/secure.gravatar.com\/avatar\/bad9296e02816160ae2e2435beda58222022298d5625d49fea74d18816fbb31d?s=96&d=mm&r=g","contentUrl":"https:\/\/secure.gravatar.com\/avatar\/bad9296e02816160ae2e2435beda58222022298d5625d49fea74d18816fbb31d?s=96&d=mm&r=g","caption":"i l"},"url":"https:\/\/kosovatimes.info\/index.php\/author\/iliri\/"}]}},"_links":{"self":[{"href":"https:\/\/kosovatimes.info\/index.php\/wp-json\/wp\/v2\/posts\/30435","targetHints":{"allow":["GET"]}}],"collection":[{"href":"https:\/\/kosovatimes.info\/index.php\/wp-json\/wp\/v2\/posts"}],"about":[{"href":"https:\/\/kosovatimes.info\/index.php\/wp-json\/wp\/v2\/types\/post"}],"author":[{"embeddable":true,"href":"https:\/\/kosovatimes.info\/index.php\/wp-json\/wp\/v2\/users\/4"}],"replies":[{"embeddable":true,"href":"https:\/\/kosovatimes.info\/index.php\/wp-json\/wp\/v2\/comments?post=30435"}],"version-history":[{"count":1,"href":"https:\/\/kosovatimes.info\/index.php\/wp-json\/wp\/v2\/posts\/30435\/revisions"}],"predecessor-version":[{"id":30437,"href":"https:\/\/kosovatimes.info\/index.php\/wp-json\/wp\/v2\/posts\/30435\/revisions\/30437"}],"wp:featuredmedia":[{"embeddable":true,"href":"https:\/\/kosovatimes.info\/index.php\/wp-json\/wp\/v2\/media\/30436"}],"wp:attachment":[{"href":"https:\/\/kosovatimes.info\/index.php\/wp-json\/wp\/v2\/media?parent=30435"}],"wp:term":[{"taxonomy":"category","embeddable":true,"href":"https:\/\/kosovatimes.info\/index.php\/wp-json\/wp\/v2\/categories?post=30435"},{"taxonomy":"post_tag","embeddable":true,"href":"https:\/\/kosovatimes.info\/index.php\/wp-json\/wp\/v2\/tags?post=30435"}],"curies":[{"name":"wp","href":"https:\/\/api.w.org\/{rel}","templated":true}]}}