{"id":30438,"date":"2026-09-01T12:30:00","date_gmt":"2026-09-01T10:30:00","guid":{"rendered":"https:\/\/kosovatimes.info\/?p=30438"},"modified":"2026-09-01T14:29:56","modified_gmt":"2026-09-01T12:29:56","slug":"ne-fuqi-rregullorja-e-gjkko-qe-censuron-mediat-shoqatat-e-gazetareve-do-ta-atakojme-dhe-zhbejme-aleksander-cipa-bie-ndesh-me-kushtetuten-precedent-i-rrezikshem","status":"publish","type":"post","link":"https:\/\/kosovatimes.info\/index.php\/2026\/09\/01\/ne-fuqi-rregullorja-e-gjkko-qe-censuron-mediat-shoqatat-e-gazetareve-do-ta-atakojme-dhe-zhbejme-aleksander-cipa-bie-ndesh-me-kushtetuten-precedent-i-rrezikshem\/","title":{"rendered":"N\u00eb fuqi rregullorja e GJKKO q\u00eb censuron mediat, shoqatat e gazetar\u00ebve: Do ta atakojm\u00eb dhe zhb\u00ebjm\u00eb! Aleksand\u00ebr \u00c7ipa: Bie ndesh me Kushtetut\u00ebn, precedent i rreziksh\u00ebm"},"content":{"rendered":"\n<p class=\"wp-block-paragraph\">Rregullorja e re ndalon p\u00ebrdorimin e telefonave dhe regjistruesve n\u00eb sall\u00eb, kufizon kamerat dhe parashikon rotacion t\u00eb gazetar\u00ebve kur mungojn\u00eb vendet. Unioni i Gazetar\u00ebve k\u00ebrkon rishqyrtimin e saj, nd\u00ebrsa paralajm\u00ebron se reagimi do t\u00eb shtrihet edhe te organizatat nd\u00ebrkomb\u00ebtare t\u00eb medias.<\/p>\n\n\n\n<p class=\"wp-block-paragraph\">Shoqatat e gazetar\u00ebve vijojn\u00eb me kund\u00ebrshtit\u00eb p\u00ebr rregulloren e re t\u00eb GJKKO-s\u00eb qe futet n\u00eb fuqi nga sot, duke sjell\u00eb kufizime t\u00eb forta p\u00ebr mediat, deri te ndalimi i p\u00ebrdorimit t\u00eb telefonave dhe regjistruesve nga gazetar\u00ebt brenda n\u00eb sall\u00ebn e gjyqit. Shoqatat e gazetar\u00ebve paralajm\u00ebrojn\u00eb se do t\u00eb p\u00ebrdorin t\u00eb gjitha mjetet p\u00ebr ta kund\u00ebrshtuar dhe zhb\u00ebr\u00eb at\u00eb, duke theksuar se rregullorja e re e GJKKO-s\u00eb censuron median.<\/p>\n\n\n\n<p class=\"wp-block-paragraph\">\u201cJemi t\u00eb vendosur p\u00ebr ta zhb\u00ebr\u00eb k\u00ebt\u00eb. Kemi t\u00eb b\u00ebjm\u00eb me rregullore dhe jo me ligj, nj\u00eb rregullore mund t\u00eb rishqyrtohet kur ka t\u00eb b\u00ebj\u00eb me cedime t\u00eb tilla\u201d, tha Aleksand\u00ebr \u00c7ipa kreu i Unionit t\u00eb Gazetar\u00ebve Shqiptar\u00eb n\u00eb nj\u00eb intervist\u00eb p\u00ebr Report Tv, nd\u00ebrsa i b\u00ebri thirrje drejtuesit t\u00eb GJKKO-s\u00eb, Erion Bani q\u00eb t\u00eb rishqyrtoj\u00eb rregulloren dhe t\u00eb marr\u00eb n\u00eb konsiderat\u00eb edhe propozimet e b\u00ebra nga komuniteti i medias.<\/p>\n\n\n\n<p class=\"wp-block-paragraph\">Hyrja n\u00eb fuqi e rregullores s\u00eb re t\u00eb GJKKO, Asosacioni i Gazetar\u00ebve: Keqardhje e zhg\u00ebnjim, do ta sulmojm\u00eb me \u00e7do mjet<\/p>\n\n\n\n<p class=\"wp-block-paragraph\">Sipas \u00c7ip\u00ebs, rregullorja nuk \u00ebsht\u00eb vet\u00ebm censuruese, por bie ndesh edhe me Kushtetut\u00ebn dhe legjislacionin n\u00eb fuqi dhe krijon nj\u00eb precedent t\u00eb rreziksh\u00ebm p\u00ebr t\u00eb drejt\u00ebn e informimit. Ai paralajm\u00ebroi p\u00ebrshkall\u00ebzim t\u00eb reagimit edhe p\u00ebrmes organizatave nd\u00ebrkomb\u00ebtare t\u00eb gazetar\u00ebve.<\/p>\n\n\n\n<p class=\"wp-block-paragraph\">\u201cRregullorja q\u00eb ka vendosur GJKKO \u00ebsht\u00eb jo vet\u00ebm censuruese, por \u00ebsht\u00eb ceduese me kushtetut\u00ebn e Republik\u00ebs s\u00eb Shqip\u00ebris\u00eb. Do atakohet jo vet\u00ebm nga komuniteti yn\u00eb profesional, por edhe nga grupe t\u00eb tjera t\u00eb interesit qytetar dhe t\u00eb drejt\u00ebs ligjore. Kjo rregullore krijon nj\u00eb precedent t\u00eb rreziksh\u00ebm.<\/p>\n\n\n\n<p class=\"wp-block-paragraph\">Edhe pse ne u p\u00ebrball\u00ebm dhe po p\u00ebrballemi me nj\u00eb pad\u00ebgjueshm\u00ebri nga kjo gjykat\u00eb, p\u00ebrpjekja dhe reagimi jon\u00eb do jet\u00eb i p\u00ebrshkall\u00ebzuar. Do kemi reagime nga rrjete dhe organizata t\u00eb tjera nd\u00ebrkomb\u00ebtare t\u00eb gazetar\u00ebve, p\u00ebr k\u00ebt\u00eb precedent antiligjor. Do t\u00eb k\u00ebmb\u00ebngulim q\u00eb t\u00eb kemi reagime t\u00eb menj\u00ebhershme nga hierarkia e drejt\u00ebsis\u00eb\u201d, tha \u00c7ipa p\u00ebr Report Tv.<\/p>\n\n\n\n<p class=\"wp-block-paragraph\">Ai kund\u00ebrshton masat censuruese, nga ndalimi i p\u00ebrdorimit t\u00eb celularit dhe regjistruesve n\u00eb sall\u00ebn e gjyqit, ndalimi i kamerave, rotacioni i gazetar\u00ebve kur sallat nuk kan\u00eb vende t\u00eb mjaftueshme, apo edhe detyrimi p\u00ebr tu regjistruar 24 or\u00eb para p\u00ebr t\u00eb ndjekur nj\u00eb seanc\u00eb gjyq\u00ebsore.<\/p>\n\n\n\n<p class=\"wp-block-paragraph\">\u201cNuk ka arsye p\u00ebrse t\u00eb vendosen kritere t\u00eb diskrecionit profesional t\u00eb mos lejimit. Aty ka nonsense procedurale dhe juridike, aty thuhet se jan\u00eb t\u00eb hapura seancat, por nga ana tjet\u00ebr vendosen kufizime p\u00ebr prezenc\u00ebn e gazetar\u00ebve dhe operator\u00ebve. Dhe regjistrimi 24 or\u00eb m\u00eb par\u00eb nuk \u00ebsht\u00eb gj\u00eb tjet\u00ebr vese kle\u00e7k\u00eb kufizuese.<\/p>\n\n\n\n<p class=\"wp-block-paragraph\">Rotacioni i vendeve? Hipokrizi. Aty jan\u00eb t\u00eb p\u00ebrcaktuar se kush jan\u00eb t\u00eb interesuarit, jan\u00eb familjar\u00ebt e pal\u00ebve dhe mbrojtja, mjedisi \u00ebsht\u00eb gjithmon\u00eb i kufizuar. Krijimi i nj\u00eb precedenti p\u00ebr rotacion, \u00ebsht\u00eb mish\u00ebrimi i censurimit\u201d, vijon \u00c7ipa.<br>Kreu i Unionit t\u00eb Gazetar\u00ebve Shqiptar\u00eb thot\u00eb se k\u00ebto kufizime i heqin publikut mund\u00ebsin\u00eb p\u00ebr t\u00eb pasur nj\u00eb pasqyr\u00eb t\u00eb plot\u00eb t\u00eb asaj q\u00eb ndodh brenda Gjykat\u00ebs s\u00eb Posa\u00e7me.<\/p>\n\n\n\n<p class=\"wp-block-paragraph\">\u201cE konsideroj q\u00ebllim p\u00ebr t\u00eb ruajtur fsheht\u00ebsin\u00eb, p\u00ebr t\u00eb mos u p\u00ebrball\u00eb me recencat ditore p\u00ebr \u00e7do procedur\u00eb. Dhe p\u00ebr ti hequr mund\u00ebsin\u00eb publikut p\u00ebr t\u00eb pasur pasqyr\u00eb reale me z\u00eb dhe me figur\u00eb p\u00ebr at\u00eb q\u00eb ndodh aty brenda. Rregullorja cedon me kushtetut\u00ebn dhe me legjislacionin ton\u00eb n\u00eb fuqi\u201d, thekson ai.<\/p>\n\n\n\n<p class=\"wp-block-paragraph\">Pavar\u00ebsisht shqet\u00ebsimeve t\u00eb ngritura nga organizata vendase e t\u00eb huaja p\u00ebr rregulloren e re t\u00eb GJKKO-s\u00eb, ajo ka hyr\u00eb sot n\u00eb fuqi pa asnj\u00eb ndryshim apo reflektim, n\u00eb m\u00ebnyr\u00eb q\u00eb t\u00eb siguronte nj\u00eb mjedis t\u00eb lir\u00eb dhe profesional p\u00ebr mediat.<\/p>\n","protected":false},"excerpt":{"rendered":"<p>Rregullorja e re ndalon p\u00ebrdorimin e telefonave dhe regjistruesve n\u00eb sall\u00eb, kufizon kamerat dhe parashikon rotacion t\u00eb gazetar\u00ebve kur mungojn\u00eb vendet. Unioni i Gazetar\u00ebve k\u00ebrkon rishqyrtimin e saj, nd\u00ebrsa paralajm\u00ebron se reagimi do t\u00eb shtrihet edhe te organizatat nd\u00ebrkomb\u00ebtare t\u00eb medias. Shoqatat e gazetar\u00ebve vijojn\u00eb me kund\u00ebrshtit\u00eb p\u00ebr rregulloren e re t\u00eb GJKKO-s\u00eb qe futet [&hellip;]<\/p>\n","protected":false},"author":4,"featured_media":30439,"comment_status":"open","ping_status":"open","sticky":false,"template":"","format":"standard","meta":{"footnotes":""},"categories":[30,32],"tags":[],"class_list":["post-30438","post","type-post","status-publish","format-standard","has-post-thumbnail","category-lajme","category-rajon"],"yoast_head":"<!-- This site is optimized with the Yoast SEO plugin v27.4 - https:\/\/yoast.com\/product\/yoast-seo-wordpress\/ -->\n<title>N\u00eb fuqi rregullorja e GJKKO q\u00eb censuron mediat, shoqatat e gazetar\u00ebve: Do ta atakojm\u00eb dhe zhb\u00ebjm\u00eb! Aleksand\u00ebr \u00c7ipa: Bie ndesh me Kushtetut\u00ebn, precedent i rreziksh\u00ebm - Kosova Times<\/title>\n<meta name=\"robots\" content=\"index, follow, max-snippet:-1, max-image-preview:large, max-video-preview:-1\" \/>\n<link rel=\"canonical\" href=\"https:\/\/kosovatimes.info\/index.php\/2026\/09\/01\/ne-fuqi-rregullorja-e-gjkko-qe-censuron-mediat-shoqatat-e-gazetareve-do-ta-atakojme-dhe-zhbejme-aleksander-cipa-bie-ndesh-me-kushtetuten-precedent-i-rrezikshem\/\" \/>\n<meta property=\"og:locale\" content=\"en_US\" \/>\n<meta property=\"og:type\" content=\"article\" \/>\n<meta property=\"og:title\" content=\"N\u00eb fuqi rregullorja e GJKKO q\u00eb censuron mediat, shoqatat e gazetar\u00ebve: Do ta atakojm\u00eb dhe zhb\u00ebjm\u00eb! Aleksand\u00ebr \u00c7ipa: Bie ndesh me Kushtetut\u00ebn, precedent i rreziksh\u00ebm - Kosova Times\" \/>\n<meta property=\"og:description\" content=\"Rregullorja e re ndalon p\u00ebrdorimin e telefonave dhe regjistruesve n\u00eb sall\u00eb, kufizon kamerat dhe parashikon rotacion t\u00eb gazetar\u00ebve kur mungojn\u00eb vendet. Unioni i Gazetar\u00ebve k\u00ebrkon rishqyrtimin e saj, nd\u00ebrsa paralajm\u00ebron se reagimi do t\u00eb shtrihet edhe te organizatat nd\u00ebrkomb\u00ebtare t\u00eb medias. Shoqatat e gazetar\u00ebve vijojn\u00eb me kund\u00ebrshtit\u00eb p\u00ebr rregulloren e re t\u00eb GJKKO-s\u00eb qe futet [&hellip;]\" \/>\n<meta property=\"og:url\" content=\"https:\/\/kosovatimes.info\/index.php\/2026\/09\/01\/ne-fuqi-rregullorja-e-gjkko-qe-censuron-mediat-shoqatat-e-gazetareve-do-ta-atakojme-dhe-zhbejme-aleksander-cipa-bie-ndesh-me-kushtetuten-precedent-i-rrezikshem\/\" \/>\n<meta property=\"og:site_name\" content=\"Kosova Times\" \/>\n<meta property=\"article:published_time\" content=\"2026-09-01T10:30:00+00:00\" \/>\n<meta property=\"article:modified_time\" content=\"2026-09-01T12:29:56+00:00\" \/>\n<meta property=\"og:image\" content=\"https:\/\/kosovatimes.info\/wp-content\/uploads\/2026\/09\/media.jpg\" \/>\n\t<meta property=\"og:image:width\" content=\"1280\" \/>\n\t<meta property=\"og:image:height\" content=\"720\" \/>\n\t<meta property=\"og:image:type\" content=\"image\/jpeg\" \/>\n<meta name=\"author\" content=\"i l\" \/>\n<meta name=\"twitter:card\" content=\"summary_large_image\" \/>\n<meta name=\"twitter:label1\" content=\"Written by\" \/>\n\t<meta name=\"twitter:data1\" content=\"i l\" \/>\n\t<meta name=\"twitter:label2\" content=\"Est. reading time\" \/>\n\t<meta name=\"twitter:data2\" content=\"3 minutes\" \/>\n<script type=\"application\/ld+json\" class=\"yoast-schema-graph\">{\"@context\":\"https:\\\/\\\/schema.org\",\"@graph\":[{\"@type\":\"Article\",\"@id\":\"https:\\\/\\\/kosovatimes.info\\\/index.php\\\/2026\\\/09\\\/01\\\/ne-fuqi-rregullorja-e-gjkko-qe-censuron-mediat-shoqatat-e-gazetareve-do-ta-atakojme-dhe-zhbejme-aleksander-cipa-bie-ndesh-me-kushtetuten-precedent-i-rrezikshem\\\/#article\",\"isPartOf\":{\"@id\":\"https:\\\/\\\/kosovatimes.info\\\/index.php\\\/2026\\\/09\\\/01\\\/ne-fuqi-rregullorja-e-gjkko-qe-censuron-mediat-shoqatat-e-gazetareve-do-ta-atakojme-dhe-zhbejme-aleksander-cipa-bie-ndesh-me-kushtetuten-precedent-i-rrezikshem\\\/\"},\"author\":{\"name\":\"i l\",\"@id\":\"https:\\\/\\\/kosovatimes.info\\\/#\\\/schema\\\/person\\\/7586712b9c512fe68085de007378c915\"},\"headline\":\"N\u00eb fuqi rregullorja e GJKKO q\u00eb censuron mediat, shoqatat e gazetar\u00ebve: Do ta atakojm\u00eb dhe zhb\u00ebjm\u00eb! Aleksand\u00ebr \u00c7ipa: Bie ndesh me Kushtetut\u00ebn, precedent i rreziksh\u00ebm\",\"datePublished\":\"2026-09-01T10:30:00+00:00\",\"dateModified\":\"2026-09-01T12:29:56+00:00\",\"mainEntityOfPage\":{\"@id\":\"https:\\\/\\\/kosovatimes.info\\\/index.php\\\/2026\\\/09\\\/01\\\/ne-fuqi-rregullorja-e-gjkko-qe-censuron-mediat-shoqatat-e-gazetareve-do-ta-atakojme-dhe-zhbejme-aleksander-cipa-bie-ndesh-me-kushtetuten-precedent-i-rrezikshem\\\/\"},\"wordCount\":735,\"commentCount\":0,\"image\":{\"@id\":\"https:\\\/\\\/kosovatimes.info\\\/index.php\\\/2026\\\/09\\\/01\\\/ne-fuqi-rregullorja-e-gjkko-qe-censuron-mediat-shoqatat-e-gazetareve-do-ta-atakojme-dhe-zhbejme-aleksander-cipa-bie-ndesh-me-kushtetuten-precedent-i-rrezikshem\\\/#primaryimage\"},\"thumbnailUrl\":\"https:\\\/\\\/kosovatimes.info\\\/wp-content\\\/uploads\\\/2026\\\/09\\\/media.jpg\",\"articleSection\":[\"Lajme\",\"Rajon\"],\"inLanguage\":\"en-US\",\"potentialAction\":[{\"@type\":\"CommentAction\",\"name\":\"Comment\",\"target\":[\"https:\\\/\\\/kosovatimes.info\\\/index.php\\\/2026\\\/09\\\/01\\\/ne-fuqi-rregullorja-e-gjkko-qe-censuron-mediat-shoqatat-e-gazetareve-do-ta-atakojme-dhe-zhbejme-aleksander-cipa-bie-ndesh-me-kushtetuten-precedent-i-rrezikshem\\\/#respond\"]}]},{\"@type\":\"WebPage\",\"@id\":\"https:\\\/\\\/kosovatimes.info\\\/index.php\\\/2026\\\/09\\\/01\\\/ne-fuqi-rregullorja-e-gjkko-qe-censuron-mediat-shoqatat-e-gazetareve-do-ta-atakojme-dhe-zhbejme-aleksander-cipa-bie-ndesh-me-kushtetuten-precedent-i-rrezikshem\\\/\",\"url\":\"https:\\\/\\\/kosovatimes.info\\\/index.php\\\/2026\\\/09\\\/01\\\/ne-fuqi-rregullorja-e-gjkko-qe-censuron-mediat-shoqatat-e-gazetareve-do-ta-atakojme-dhe-zhbejme-aleksander-cipa-bie-ndesh-me-kushtetuten-precedent-i-rrezikshem\\\/\",\"name\":\"N\u00eb fuqi rregullorja e GJKKO q\u00eb censuron mediat, shoqatat e gazetar\u00ebve: Do ta atakojm\u00eb dhe zhb\u00ebjm\u00eb! Aleksand\u00ebr \u00c7ipa: Bie ndesh me Kushtetut\u00ebn, precedent i rreziksh\u00ebm - Kosova Times\",\"isPartOf\":{\"@id\":\"https:\\\/\\\/kosovatimes.info\\\/#website\"},\"primaryImageOfPage\":{\"@id\":\"https:\\\/\\\/kosovatimes.info\\\/index.php\\\/2026\\\/09\\\/01\\\/ne-fuqi-rregullorja-e-gjkko-qe-censuron-mediat-shoqatat-e-gazetareve-do-ta-atakojme-dhe-zhbejme-aleksander-cipa-bie-ndesh-me-kushtetuten-precedent-i-rrezikshem\\\/#primaryimage\"},\"image\":{\"@id\":\"https:\\\/\\\/kosovatimes.info\\\/index.php\\\/2026\\\/09\\\/01\\\/ne-fuqi-rregullorja-e-gjkko-qe-censuron-mediat-shoqatat-e-gazetareve-do-ta-atakojme-dhe-zhbejme-aleksander-cipa-bie-ndesh-me-kushtetuten-precedent-i-rrezikshem\\\/#primaryimage\"},\"thumbnailUrl\":\"https:\\\/\\\/kosovatimes.info\\\/wp-content\\\/uploads\\\/2026\\\/09\\\/media.jpg\",\"datePublished\":\"2026-09-01T10:30:00+00:00\",\"dateModified\":\"2026-09-01T12:29:56+00:00\",\"author\":{\"@id\":\"https:\\\/\\\/kosovatimes.info\\\/#\\\/schema\\\/person\\\/7586712b9c512fe68085de007378c915\"},\"breadcrumb\":{\"@id\":\"https:\\\/\\\/kosovatimes.info\\\/index.php\\\/2026\\\/09\\\/01\\\/ne-fuqi-rregullorja-e-gjkko-qe-censuron-mediat-shoqatat-e-gazetareve-do-ta-atakojme-dhe-zhbejme-aleksander-cipa-bie-ndesh-me-kushtetuten-precedent-i-rrezikshem\\\/#breadcrumb\"},\"inLanguage\":\"en-US\",\"potentialAction\":[{\"@type\":\"ReadAction\",\"target\":[\"https:\\\/\\\/kosovatimes.info\\\/index.php\\\/2026\\\/09\\\/01\\\/ne-fuqi-rregullorja-e-gjkko-qe-censuron-mediat-shoqatat-e-gazetareve-do-ta-atakojme-dhe-zhbejme-aleksander-cipa-bie-ndesh-me-kushtetuten-precedent-i-rrezikshem\\\/\"]}]},{\"@type\":\"ImageObject\",\"inLanguage\":\"en-US\",\"@id\":\"https:\\\/\\\/kosovatimes.info\\\/index.php\\\/2026\\\/09\\\/01\\\/ne-fuqi-rregullorja-e-gjkko-qe-censuron-mediat-shoqatat-e-gazetareve-do-ta-atakojme-dhe-zhbejme-aleksander-cipa-bie-ndesh-me-kushtetuten-precedent-i-rrezikshem\\\/#primaryimage\",\"url\":\"https:\\\/\\\/kosovatimes.info\\\/wp-content\\\/uploads\\\/2026\\\/09\\\/media.jpg\",\"contentUrl\":\"https:\\\/\\\/kosovatimes.info\\\/wp-content\\\/uploads\\\/2026\\\/09\\\/media.jpg\",\"width\":1280,\"height\":720,\"caption\":\"Signature: Cmll8Q77\\\/JkII0tGo1\\\/Oi\\\/fbwnIRQdu9HP9sPJDAfFuq4Qr0LldGrreynVRg+m\\\/PFNKE8vpZkC+0nWCpnR7qNKTom1W6lC9kFpb4wA1J28i3iKWumRFZ34DoCSfbFPoibEq0V4UTqulhqtvmLGF1ThIv6Sg8vtUKhtt8Yx9EFq4NI0s9AStWV3id9z+Vxe5kdpc6sxBNyybIOSJyJ1FNdVy27dFzywFlXpkFfnOAO825WJK2EWoDAUC6Z6Anow6eKQlFwQhzCDF+ywR\\\/hkO\\\/18NRRlGZo2YDhawtDemUs6FFIsKLVy6xHjGKSkRnRZq\\\/R+ngy17LtqYQLZ6kJYD3U2x8g6AFfjxGSoaevhWcyB73M6PG23zNxgBicnr57e6FdtRMjNpjF2bfese88gEqW0jaW26qG5Oz\\\/yzFQef8rT+yEc\\\/gHx0xSJMrS7saqFqy9Mpu2\\\/mAy1R1uDFiZ9GwbF1lUKyzHAkrjvfFeYkpFEdNt1QIS6d2lONyjktsQBMZoyGcBsakIY0mndMVjaTmsOZuryFw8ljStOt58tKnDpIh3er7k4v0bFpzxe\\\/tIYt1Px71MHehv1h+QAjtE7AxsNSiiNy1xCNdtMcjSbQrbirmiAiQ04k+9R9wMtEaoa+e\\\/vBmzYh\\\/AIUvnTzqXAagi+LQoNIFTQ9s6ZGWevdnFoEnvlPJZqyX3hO6+wJS0cvtWl34LLKCzPVGP1pvCb1uKV8CTXzdoI4Fa2gS1zGf9cvfU8BIQPaPcTk6eERwL4M4h3U2IlRFZPOg235J7I6ea9Lu03KWhyjkpU6yS3HeXmo3o10zI5K\\\/Xoh8I1\\\/kMxvkm7Ky0f7yL\\\/O0YidHS47a6omYMpm3SeNRc3CaefcTwKxT7PSmyn1QKr3k\\\/q27hM\\\/UtcQWheGggFKhFCKATjEB1owx+B7yJovM3gh9QuLPMbdIILE78\\\/1sVHrBwQ8TUal6\"},{\"@type\":\"BreadcrumbList\",\"@id\":\"https:\\\/\\\/kosovatimes.info\\\/index.php\\\/2026\\\/09\\\/01\\\/ne-fuqi-rregullorja-e-gjkko-qe-censuron-mediat-shoqatat-e-gazetareve-do-ta-atakojme-dhe-zhbejme-aleksander-cipa-bie-ndesh-me-kushtetuten-precedent-i-rrezikshem\\\/#breadcrumb\",\"itemListElement\":[{\"@type\":\"ListItem\",\"position\":1,\"name\":\"Home\",\"item\":\"https:\\\/\\\/kosovatimes.info\\\/\"},{\"@type\":\"ListItem\",\"position\":2,\"name\":\"N\u00eb fuqi rregullorja e GJKKO q\u00eb censuron mediat, shoqatat e gazetar\u00ebve: Do ta atakojm\u00eb dhe zhb\u00ebjm\u00eb! Aleksand\u00ebr \u00c7ipa: Bie ndesh me Kushtetut\u00ebn, precedent i rreziksh\u00ebm\"}]},{\"@type\":\"WebSite\",\"@id\":\"https:\\\/\\\/kosovatimes.info\\\/#website\",\"url\":\"https:\\\/\\\/kosovatimes.info\\\/\",\"name\":\"Kosova Times\",\"description\":\"\",\"potentialAction\":[{\"@type\":\"SearchAction\",\"target\":{\"@type\":\"EntryPoint\",\"urlTemplate\":\"https:\\\/\\\/kosovatimes.info\\\/?s={search_term_string}\"},\"query-input\":{\"@type\":\"PropertyValueSpecification\",\"valueRequired\":true,\"valueName\":\"search_term_string\"}}],\"inLanguage\":\"en-US\"},{\"@type\":\"Person\",\"@id\":\"https:\\\/\\\/kosovatimes.info\\\/#\\\/schema\\\/person\\\/7586712b9c512fe68085de007378c915\",\"name\":\"i l\",\"image\":{\"@type\":\"ImageObject\",\"inLanguage\":\"en-US\",\"@id\":\"https:\\\/\\\/secure.gravatar.com\\\/avatar\\\/bad9296e02816160ae2e2435beda58222022298d5625d49fea74d18816fbb31d?s=96&d=mm&r=g\",\"url\":\"https:\\\/\\\/secure.gravatar.com\\\/avatar\\\/bad9296e02816160ae2e2435beda58222022298d5625d49fea74d18816fbb31d?s=96&d=mm&r=g\",\"contentUrl\":\"https:\\\/\\\/secure.gravatar.com\\\/avatar\\\/bad9296e02816160ae2e2435beda58222022298d5625d49fea74d18816fbb31d?s=96&d=mm&r=g\",\"caption\":\"i l\"},\"url\":\"https:\\\/\\\/kosovatimes.info\\\/index.php\\\/author\\\/iliri\\\/\"}]}<\/script>\n<!-- \/ Yoast SEO plugin. -->","yoast_head_json":{"title":"N\u00eb fuqi rregullorja e GJKKO q\u00eb censuron mediat, shoqatat e gazetar\u00ebve: Do ta atakojm\u00eb dhe zhb\u00ebjm\u00eb! Aleksand\u00ebr \u00c7ipa: Bie ndesh me Kushtetut\u00ebn, precedent i rreziksh\u00ebm - Kosova Times","robots":{"index":"index","follow":"follow","max-snippet":"max-snippet:-1","max-image-preview":"max-image-preview:large","max-video-preview":"max-video-preview:-1"},"canonical":"https:\/\/kosovatimes.info\/index.php\/2026\/09\/01\/ne-fuqi-rregullorja-e-gjkko-qe-censuron-mediat-shoqatat-e-gazetareve-do-ta-atakojme-dhe-zhbejme-aleksander-cipa-bie-ndesh-me-kushtetuten-precedent-i-rrezikshem\/","og_locale":"en_US","og_type":"article","og_title":"N\u00eb fuqi rregullorja e GJKKO q\u00eb censuron mediat, shoqatat e gazetar\u00ebve: Do ta atakojm\u00eb dhe zhb\u00ebjm\u00eb! Aleksand\u00ebr \u00c7ipa: Bie ndesh me Kushtetut\u00ebn, precedent i rreziksh\u00ebm - Kosova Times","og_description":"Rregullorja e re ndalon p\u00ebrdorimin e telefonave dhe regjistruesve n\u00eb sall\u00eb, kufizon kamerat dhe parashikon rotacion t\u00eb gazetar\u00ebve kur mungojn\u00eb vendet. Unioni i Gazetar\u00ebve k\u00ebrkon rishqyrtimin e saj, nd\u00ebrsa paralajm\u00ebron se reagimi do t\u00eb shtrihet edhe te organizatat nd\u00ebrkomb\u00ebtare t\u00eb medias. Shoqatat e gazetar\u00ebve vijojn\u00eb me kund\u00ebrshtit\u00eb p\u00ebr rregulloren e re t\u00eb GJKKO-s\u00eb qe futet [&hellip;]","og_url":"https:\/\/kosovatimes.info\/index.php\/2026\/09\/01\/ne-fuqi-rregullorja-e-gjkko-qe-censuron-mediat-shoqatat-e-gazetareve-do-ta-atakojme-dhe-zhbejme-aleksander-cipa-bie-ndesh-me-kushtetuten-precedent-i-rrezikshem\/","og_site_name":"Kosova Times","article_published_time":"2026-09-01T10:30:00+00:00","article_modified_time":"2026-09-01T12:29:56+00:00","og_image":[{"width":1280,"height":720,"url":"https:\/\/kosovatimes.info\/wp-content\/uploads\/2026\/09\/media.jpg","type":"image\/jpeg"}],"author":"i l","twitter_card":"summary_large_image","twitter_misc":{"Written by":"i l","Est. reading time":"3 minutes"},"schema":{"@context":"https:\/\/schema.org","@graph":[{"@type":"Article","@id":"https:\/\/kosovatimes.info\/index.php\/2026\/09\/01\/ne-fuqi-rregullorja-e-gjkko-qe-censuron-mediat-shoqatat-e-gazetareve-do-ta-atakojme-dhe-zhbejme-aleksander-cipa-bie-ndesh-me-kushtetuten-precedent-i-rrezikshem\/#article","isPartOf":{"@id":"https:\/\/kosovatimes.info\/index.php\/2026\/09\/01\/ne-fuqi-rregullorja-e-gjkko-qe-censuron-mediat-shoqatat-e-gazetareve-do-ta-atakojme-dhe-zhbejme-aleksander-cipa-bie-ndesh-me-kushtetuten-precedent-i-rrezikshem\/"},"author":{"name":"i l","@id":"https:\/\/kosovatimes.info\/#\/schema\/person\/7586712b9c512fe68085de007378c915"},"headline":"N\u00eb fuqi rregullorja e GJKKO q\u00eb censuron mediat, shoqatat e gazetar\u00ebve: Do ta atakojm\u00eb dhe zhb\u00ebjm\u00eb! Aleksand\u00ebr \u00c7ipa: Bie ndesh me Kushtetut\u00ebn, precedent i rreziksh\u00ebm","datePublished":"2026-09-01T10:30:00+00:00","dateModified":"2026-09-01T12:29:56+00:00","mainEntityOfPage":{"@id":"https:\/\/kosovatimes.info\/index.php\/2026\/09\/01\/ne-fuqi-rregullorja-e-gjkko-qe-censuron-mediat-shoqatat-e-gazetareve-do-ta-atakojme-dhe-zhbejme-aleksander-cipa-bie-ndesh-me-kushtetuten-precedent-i-rrezikshem\/"},"wordCount":735,"commentCount":0,"image":{"@id":"https:\/\/kosovatimes.info\/index.php\/2026\/09\/01\/ne-fuqi-rregullorja-e-gjkko-qe-censuron-mediat-shoqatat-e-gazetareve-do-ta-atakojme-dhe-zhbejme-aleksander-cipa-bie-ndesh-me-kushtetuten-precedent-i-rrezikshem\/#primaryimage"},"thumbnailUrl":"https:\/\/kosovatimes.info\/wp-content\/uploads\/2026\/09\/media.jpg","articleSection":["Lajme","Rajon"],"inLanguage":"en-US","potentialAction":[{"@type":"CommentAction","name":"Comment","target":["https:\/\/kosovatimes.info\/index.php\/2026\/09\/01\/ne-fuqi-rregullorja-e-gjkko-qe-censuron-mediat-shoqatat-e-gazetareve-do-ta-atakojme-dhe-zhbejme-aleksander-cipa-bie-ndesh-me-kushtetuten-precedent-i-rrezikshem\/#respond"]}]},{"@type":"WebPage","@id":"https:\/\/kosovatimes.info\/index.php\/2026\/09\/01\/ne-fuqi-rregullorja-e-gjkko-qe-censuron-mediat-shoqatat-e-gazetareve-do-ta-atakojme-dhe-zhbejme-aleksander-cipa-bie-ndesh-me-kushtetuten-precedent-i-rrezikshem\/","url":"https:\/\/kosovatimes.info\/index.php\/2026\/09\/01\/ne-fuqi-rregullorja-e-gjkko-qe-censuron-mediat-shoqatat-e-gazetareve-do-ta-atakojme-dhe-zhbejme-aleksander-cipa-bie-ndesh-me-kushtetuten-precedent-i-rrezikshem\/","name":"N\u00eb fuqi rregullorja e GJKKO q\u00eb censuron mediat, shoqatat e gazetar\u00ebve: Do ta atakojm\u00eb dhe zhb\u00ebjm\u00eb! Aleksand\u00ebr \u00c7ipa: Bie ndesh me Kushtetut\u00ebn, precedent i rreziksh\u00ebm - Kosova Times","isPartOf":{"@id":"https:\/\/kosovatimes.info\/#website"},"primaryImageOfPage":{"@id":"https:\/\/kosovatimes.info\/index.php\/2026\/09\/01\/ne-fuqi-rregullorja-e-gjkko-qe-censuron-mediat-shoqatat-e-gazetareve-do-ta-atakojme-dhe-zhbejme-aleksander-cipa-bie-ndesh-me-kushtetuten-precedent-i-rrezikshem\/#primaryimage"},"image":{"@id":"https:\/\/kosovatimes.info\/index.php\/2026\/09\/01\/ne-fuqi-rregullorja-e-gjkko-qe-censuron-mediat-shoqatat-e-gazetareve-do-ta-atakojme-dhe-zhbejme-aleksander-cipa-bie-ndesh-me-kushtetuten-precedent-i-rrezikshem\/#primaryimage"},"thumbnailUrl":"https:\/\/kosovatimes.info\/wp-content\/uploads\/2026\/09\/media.jpg","datePublished":"2026-09-01T10:30:00+00:00","dateModified":"2026-09-01T12:29:56+00:00","author":{"@id":"https:\/\/kosovatimes.info\/#\/schema\/person\/7586712b9c512fe68085de007378c915"},"breadcrumb":{"@id":"https:\/\/kosovatimes.info\/index.php\/2026\/09\/01\/ne-fuqi-rregullorja-e-gjkko-qe-censuron-mediat-shoqatat-e-gazetareve-do-ta-atakojme-dhe-zhbejme-aleksander-cipa-bie-ndesh-me-kushtetuten-precedent-i-rrezikshem\/#breadcrumb"},"inLanguage":"en-US","potentialAction":[{"@type":"ReadAction","target":["https:\/\/kosovatimes.info\/index.php\/2026\/09\/01\/ne-fuqi-rregullorja-e-gjkko-qe-censuron-mediat-shoqatat-e-gazetareve-do-ta-atakojme-dhe-zhbejme-aleksander-cipa-bie-ndesh-me-kushtetuten-precedent-i-rrezikshem\/"]}]},{"@type":"ImageObject","inLanguage":"en-US","@id":"https:\/\/kosovatimes.info\/index.php\/2026\/09\/01\/ne-fuqi-rregullorja-e-gjkko-qe-censuron-mediat-shoqatat-e-gazetareve-do-ta-atakojme-dhe-zhbejme-aleksander-cipa-bie-ndesh-me-kushtetuten-precedent-i-rrezikshem\/#primaryimage","url":"https:\/\/kosovatimes.info\/wp-content\/uploads\/2026\/09\/media.jpg","contentUrl":"https:\/\/kosovatimes.info\/wp-content\/uploads\/2026\/09\/media.jpg","width":1280,"height":720,"caption":"Signature: Cmll8Q77\/JkII0tGo1\/Oi\/fbwnIRQdu9HP9sPJDAfFuq4Qr0LldGrreynVRg+m\/PFNKE8vpZkC+0nWCpnR7qNKTom1W6lC9kFpb4wA1J28i3iKWumRFZ34DoCSfbFPoibEq0V4UTqulhqtvmLGF1ThIv6Sg8vtUKhtt8Yx9EFq4NI0s9AStWV3id9z+Vxe5kdpc6sxBNyybIOSJyJ1FNdVy27dFzywFlXpkFfnOAO825WJK2EWoDAUC6Z6Anow6eKQlFwQhzCDF+ywR\/hkO\/18NRRlGZo2YDhawtDemUs6FFIsKLVy6xHjGKSkRnRZq\/R+ngy17LtqYQLZ6kJYD3U2x8g6AFfjxGSoaevhWcyB73M6PG23zNxgBicnr57e6FdtRMjNpjF2bfese88gEqW0jaW26qG5Oz\/yzFQef8rT+yEc\/gHx0xSJMrS7saqFqy9Mpu2\/mAy1R1uDFiZ9GwbF1lUKyzHAkrjvfFeYkpFEdNt1QIS6d2lONyjktsQBMZoyGcBsakIY0mndMVjaTmsOZuryFw8ljStOt58tKnDpIh3er7k4v0bFpzxe\/tIYt1Px71MHehv1h+QAjtE7AxsNSiiNy1xCNdtMcjSbQrbirmiAiQ04k+9R9wMtEaoa+e\/vBmzYh\/AIUvnTzqXAagi+LQoNIFTQ9s6ZGWevdnFoEnvlPJZqyX3hO6+wJS0cvtWl34LLKCzPVGP1pvCb1uKV8CTXzdoI4Fa2gS1zGf9cvfU8BIQPaPcTk6eERwL4M4h3U2IlRFZPOg235J7I6ea9Lu03KWhyjkpU6yS3HeXmo3o10zI5K\/Xoh8I1\/kMxvkm7Ky0f7yL\/O0YidHS47a6omYMpm3SeNRc3CaefcTwKxT7PSmyn1QKr3k\/q27hM\/UtcQWheGggFKhFCKATjEB1owx+B7yJovM3gh9QuLPMbdIILE78\/1sVHrBwQ8TUal6"},{"@type":"BreadcrumbList","@id":"https:\/\/kosovatimes.info\/index.php\/2026\/09\/01\/ne-fuqi-rregullorja-e-gjkko-qe-censuron-mediat-shoqatat-e-gazetareve-do-ta-atakojme-dhe-zhbejme-aleksander-cipa-bie-ndesh-me-kushtetuten-precedent-i-rrezikshem\/#breadcrumb","itemListElement":[{"@type":"ListItem","position":1,"name":"Home","item":"https:\/\/kosovatimes.info\/"},{"@type":"ListItem","position":2,"name":"N\u00eb fuqi rregullorja e GJKKO q\u00eb censuron mediat, shoqatat e gazetar\u00ebve: Do ta atakojm\u00eb dhe zhb\u00ebjm\u00eb! Aleksand\u00ebr \u00c7ipa: Bie ndesh me Kushtetut\u00ebn, precedent i rreziksh\u00ebm"}]},{"@type":"WebSite","@id":"https:\/\/kosovatimes.info\/#website","url":"https:\/\/kosovatimes.info\/","name":"Kosova Times","description":"","potentialAction":[{"@type":"SearchAction","target":{"@type":"EntryPoint","urlTemplate":"https:\/\/kosovatimes.info\/?s={search_term_string}"},"query-input":{"@type":"PropertyValueSpecification","valueRequired":true,"valueName":"search_term_string"}}],"inLanguage":"en-US"},{"@type":"Person","@id":"https:\/\/kosovatimes.info\/#\/schema\/person\/7586712b9c512fe68085de007378c915","name":"i l","image":{"@type":"ImageObject","inLanguage":"en-US","@id":"https:\/\/secure.gravatar.com\/avatar\/bad9296e02816160ae2e2435beda58222022298d5625d49fea74d18816fbb31d?s=96&d=mm&r=g","url":"https:\/\/secure.gravatar.com\/avatar\/bad9296e02816160ae2e2435beda58222022298d5625d49fea74d18816fbb31d?s=96&d=mm&r=g","contentUrl":"https:\/\/secure.gravatar.com\/avatar\/bad9296e02816160ae2e2435beda58222022298d5625d49fea74d18816fbb31d?s=96&d=mm&r=g","caption":"i l"},"url":"https:\/\/kosovatimes.info\/index.php\/author\/iliri\/"}]}},"_links":{"self":[{"href":"https:\/\/kosovatimes.info\/index.php\/wp-json\/wp\/v2\/posts\/30438","targetHints":{"allow":["GET"]}}],"collection":[{"href":"https:\/\/kosovatimes.info\/index.php\/wp-json\/wp\/v2\/posts"}],"about":[{"href":"https:\/\/kosovatimes.info\/index.php\/wp-json\/wp\/v2\/types\/post"}],"author":[{"embeddable":true,"href":"https:\/\/kosovatimes.info\/index.php\/wp-json\/wp\/v2\/users\/4"}],"replies":[{"embeddable":true,"href":"https:\/\/kosovatimes.info\/index.php\/wp-json\/wp\/v2\/comments?post=30438"}],"version-history":[{"count":1,"href":"https:\/\/kosovatimes.info\/index.php\/wp-json\/wp\/v2\/posts\/30438\/revisions"}],"predecessor-version":[{"id":30440,"href":"https:\/\/kosovatimes.info\/index.php\/wp-json\/wp\/v2\/posts\/30438\/revisions\/30440"}],"wp:featuredmedia":[{"embeddable":true,"href":"https:\/\/kosovatimes.info\/index.php\/wp-json\/wp\/v2\/media\/30439"}],"wp:attachment":[{"href":"https:\/\/kosovatimes.info\/index.php\/wp-json\/wp\/v2\/media?parent=30438"}],"wp:term":[{"taxonomy":"category","embeddable":true,"href":"https:\/\/kosovatimes.info\/index.php\/wp-json\/wp\/v2\/categories?post=30438"},{"taxonomy":"post_tag","embeddable":true,"href":"https:\/\/kosovatimes.info\/index.php\/wp-json\/wp\/v2\/tags?post=30438"}],"curies":[{"name":"wp","href":"https:\/\/api.w.org\/{rel}","templated":true}]}}