{"id":30441,"date":"2026-09-01T14:33:54","date_gmt":"2026-09-01T12:33:54","guid":{"rendered":"https:\/\/kosovatimes.info\/?p=30441"},"modified":"2026-09-01T14:33:55","modified_gmt":"2026-09-01T12:33:55","slug":"osbe-ja-denoi-glorifikimin-e-krimineleve-te-luftes-u-beri-thirrje-udheheqesve-politike-te-permbahen-nga-rritja-e-tensionev","status":"publish","type":"post","link":"https:\/\/kosovatimes.info\/index.php\/2026\/09\/01\/osbe-ja-denoi-glorifikimin-e-krimineleve-te-luftes-u-beri-thirrje-udheheqesve-politike-te-permbahen-nga-rritja-e-tensionev\/","title":{"rendered":"OSBE-ja d\u00ebnoi glorifikimin e kriminel\u00ebve t\u00eb luft\u00ebs, u b\u00ebri thirrje udh\u00ebheq\u00ebsve politik\u00eb t\u00eb p\u00ebrmbahen nga rritja e tensionev"},"content":{"rendered":"\n<p class=\"wp-block-paragraph\">Misioni i OSBE-s\u00eb n\u00eb Bosnj\u00eb dhe Hercegovin\u00eb d\u00ebnon fuqimisht t\u00eb gjitha k\u00ebrc\u00ebnimet, frik\u00ebsimet dhe sh\u00ebnjestrimin e zyrtar\u00ebve publik\u00eb, gazetar\u00ebve dhe an\u00ebtar\u00ebve t\u00eb familjeve t\u00eb tyre, dhe paralajm\u00ebron se diskursi publik gjithnj\u00eb e m\u00eb nxit\u00ebs k\u00ebrc\u00ebnon t\u00eb d\u00ebmtoj\u00eb m\u00eb tej sigurin\u00eb publike, pjes\u00ebmarrjen demokratike dhe lirin\u00eb e medias.Si\u00e7 than\u00eb ata, k\u00ebrc\u00ebnime t\u00eb tilla jan\u00eb t\u00eb papranueshme.<\/p>\n\n\n\n<p class=\"wp-block-paragraph\">&#8220;Ato p\u00ebrfaq\u00ebsojn\u00eb nj\u00eb sulm t\u00eb drejtp\u00ebrdrejt\u00eb ndaj pjes\u00ebmarrjes demokratike, liris\u00eb s\u00eb medias dhe t\u00eb drejt\u00ebs p\u00ebr t\u00eb jetuar pa frik\u00eb dhe k\u00ebrc\u00ebnime. Autoritetet kompetente duhet t\u00eb reagojn\u00eb shpejt dhe n\u00eb m\u00ebnyr\u00eb efektive ndaj k\u00ebrc\u00ebnimeve, k\u00ebrc\u00ebnimeve, ngacmimeve ose formave t\u00eb tjera t\u00eb presionit ndaj gazetar\u00ebve dhe organizatave mediatike, duke p\u00ebrfshir\u00eb edhe ato n\u00eb hap\u00ebsir\u00ebn online. Ata q\u00eb jan\u00eb p\u00ebrgjegj\u00ebs p\u00ebr akte t\u00eb tilla duhet t\u00eb mbahen p\u00ebrgjegj\u00ebs n\u00eb p\u00ebrputhje me ligjin&#8221;, deklaruan ata.<\/p>\n\n\n\n<p class=\"wp-block-paragraph\">Edhe pse, shtojn\u00eb ata, kritika ndaj deklaratave t\u00eb zyrtar\u00ebve publik\u00eb n\u00eb lidhje me politik\u00ebn \u00ebsht\u00eb nj\u00eb pjes\u00eb legjitime e diskursit demokratik, k\u00ebrc\u00ebnimet me dhun\u00eb, t\u00eb drejtp\u00ebrdrejta ose t\u00eb n\u00ebnkuptuara, kund\u00ebr zyrtar\u00ebve publik\u00eb jan\u00eb t\u00eb papranueshme, jodemokratike dhe mund t\u00eb p\u00ebrb\u00ebjn\u00eb nj\u00eb vep\u00ebr penale.<\/p>\n\n\n\n<p class=\"wp-block-paragraph\">&#8220;U b\u00ebjm\u00eb thirrje udh\u00ebheq\u00ebsve politik\u00eb n\u00eb t\u00eb gjitha nivelet q\u00eb t\u00eb p\u00ebrmbahen nga retorika q\u00eb rrit m\u00eb tej tensionet dhe t\u00eb nd\u00ebrmarrin hapa konkret\u00eb p\u00ebr t\u00eb qet\u00ebsuar situat\u00ebn. Qytetar\u00ebt meritojn\u00eb udh\u00ebheq\u00ebs q\u00eb zgjedhin p\u00ebrgjegj\u00ebsin\u00eb n\u00eb vend t\u00eb provokimeve dhe dialogun n\u00eb vend t\u00eb p\u00ebr\u00e7arjes&#8221;, shtuan ata.<\/p>\n\n\n\n<p class=\"wp-block-paragraph\">Ata u b\u00ebn\u00eb thirrje t\u00eb gjitha institucioneve p\u00ebrgjegj\u00ebse p\u00ebr rendin publik dhe sundimin e ligjit q\u00eb t\u00eb veprojn\u00eb shpejt dhe n\u00eb m\u00ebnyr\u00eb t\u00eb paanshme p\u00ebr t\u00eb mbrojtur ata q\u00eb k\u00ebrc\u00ebnohen dhe p\u00ebr t\u00eb parandaluar e sanksionuar \u00e7do nxitje p\u00ebr urrejtje ose dhun\u00eb.<\/p>\n\n\n\n<p class=\"wp-block-paragraph\">\u201cKjo p\u00ebrfshin veprime t\u00eb tilla si mohimi i krimeve t\u00eb d\u00ebnuara ose glorifikimi i personave t\u00eb shpallur fajtor\u00eb p\u00ebr gjenocid, krime kund\u00ebr njer\u00ebzimit ose krime lufte, kur veprime t\u00eb tilla p\u00ebrb\u00ebjn\u00eb nxitje\u201d, deklarojn\u00eb ata.<\/p>\n\n\n\n<p class=\"wp-block-paragraph\">Misioni d\u00ebnoi glorifikimin e personave t\u00eb d\u00ebnuar p\u00ebr gjenocid, krime kund\u00ebr njer\u00ebzimit dhe krime lufte.<\/p>\n\n\n\n<p class=\"wp-block-paragraph\">&#8220;Si\u00e7 theksoi Misioni n\u00eb deklarat\u00ebn e tij t\u00eb 28 gushtit, &#8216;Respektoni viktimat, mos i lavd\u00ebroni autor\u00ebt&#8217;, ata q\u00eb u jan\u00eb besuar poste publike kan\u00eb nj\u00eb p\u00ebrgjegj\u00ebsi t\u00eb ve\u00e7ant\u00eb q\u00eb t\u00eb mos e p\u00ebrdorin ndikimin e tyre p\u00ebr t\u00eb thelluar p\u00ebr\u00e7arjet ose p\u00ebr t&#8217;u shkaktuar dhimbje shtes\u00eb viktimave dhe t\u00eb mbijetuarve&#8221;, deklaruan ata.<\/p>\n\n\n\n<p class=\"wp-block-paragraph\">Ata arrijn\u00eb n\u00eb p\u00ebrfundimin se respekti p\u00ebr faktet e v\u00ebrtetuara gjyq\u00ebsore, dinjiteti i viktimave, liria e shprehjes dhe siguria e \u00e7do individi nuk jan\u00eb parime reciprokisht kontradiktore.<\/p>\n\n\n\n<p class=\"wp-block-paragraph\">\u201cAto p\u00ebrfaq\u00ebsojn\u00eb themelet kryesore t\u00eb nj\u00eb shoq\u00ebrie demokratike dhe paqes dhe pajtimit t\u00eb q\u00ebndruesh\u00ebm n\u00eb Bosnj\u00eb dhe Hercegovin\u00eb\u201d, shtuan ata.<\/p>\n","protected":false},"excerpt":{"rendered":"<p>Misioni i OSBE-s\u00eb n\u00eb Bosnj\u00eb dhe Hercegovin\u00eb d\u00ebnon fuqimisht t\u00eb gjitha k\u00ebrc\u00ebnimet, frik\u00ebsimet dhe sh\u00ebnjestrimin e zyrtar\u00ebve publik\u00eb, gazetar\u00ebve dhe an\u00ebtar\u00ebve t\u00eb familjeve t\u00eb tyre, dhe paralajm\u00ebron se diskursi publik gjithnj\u00eb e m\u00eb nxit\u00ebs k\u00ebrc\u00ebnon t\u00eb d\u00ebmtoj\u00eb m\u00eb tej sigurin\u00eb publike, pjes\u00ebmarrjen demokratike dhe lirin\u00eb e medias.Si\u00e7 than\u00eb ata, k\u00ebrc\u00ebnime t\u00eb tilla jan\u00eb t\u00eb papranueshme. [&hellip;]<\/p>\n","protected":false},"author":4,"featured_media":30442,"comment_status":"open","ping_status":"open","sticky":false,"template":"","format":"standard","meta":{"footnotes":""},"categories":[30,32],"tags":[],"class_list":["post-30441","post","type-post","status-publish","format-standard","has-post-thumbnail","category-lajme","category-rajon"],"yoast_head":"<!-- This site is optimized with the Yoast SEO plugin v27.4 - https:\/\/yoast.com\/product\/yoast-seo-wordpress\/ -->\n<title>OSBE-ja d\u00ebnoi glorifikimin e kriminel\u00ebve t\u00eb luft\u00ebs, u b\u00ebri thirrje udh\u00ebheq\u00ebsve politik\u00eb t\u00eb p\u00ebrmbahen nga rritja e tensionev - Kosova Times<\/title>\n<meta name=\"robots\" content=\"index, follow, max-snippet:-1, max-image-preview:large, max-video-preview:-1\" \/>\n<link rel=\"canonical\" href=\"https:\/\/kosovatimes.info\/index.php\/2026\/09\/01\/osbe-ja-denoi-glorifikimin-e-krimineleve-te-luftes-u-beri-thirrje-udheheqesve-politike-te-permbahen-nga-rritja-e-tensionev\/\" \/>\n<meta property=\"og:locale\" content=\"en_US\" \/>\n<meta property=\"og:type\" content=\"article\" \/>\n<meta property=\"og:title\" content=\"OSBE-ja d\u00ebnoi glorifikimin e kriminel\u00ebve t\u00eb luft\u00ebs, u b\u00ebri thirrje udh\u00ebheq\u00ebsve politik\u00eb t\u00eb p\u00ebrmbahen nga rritja e tensionev - Kosova Times\" \/>\n<meta property=\"og:description\" content=\"Misioni i OSBE-s\u00eb n\u00eb Bosnj\u00eb dhe Hercegovin\u00eb d\u00ebnon fuqimisht t\u00eb gjitha k\u00ebrc\u00ebnimet, frik\u00ebsimet dhe sh\u00ebnjestrimin e zyrtar\u00ebve publik\u00eb, gazetar\u00ebve dhe an\u00ebtar\u00ebve t\u00eb familjeve t\u00eb tyre, dhe paralajm\u00ebron se diskursi publik gjithnj\u00eb e m\u00eb nxit\u00ebs k\u00ebrc\u00ebnon t\u00eb d\u00ebmtoj\u00eb m\u00eb tej sigurin\u00eb publike, pjes\u00ebmarrjen demokratike dhe lirin\u00eb e medias.Si\u00e7 than\u00eb ata, k\u00ebrc\u00ebnime t\u00eb tilla jan\u00eb t\u00eb papranueshme. [&hellip;]\" \/>\n<meta property=\"og:url\" content=\"https:\/\/kosovatimes.info\/index.php\/2026\/09\/01\/osbe-ja-denoi-glorifikimin-e-krimineleve-te-luftes-u-beri-thirrje-udheheqesve-politike-te-permbahen-nga-rritja-e-tensionev\/\" \/>\n<meta property=\"og:site_name\" content=\"Kosova Times\" \/>\n<meta property=\"article:published_time\" content=\"2026-09-01T12:33:54+00:00\" \/>\n<meta property=\"article:modified_time\" content=\"2026-09-01T12:33:55+00:00\" \/>\n<meta property=\"og:image\" content=\"https:\/\/kosovatimes.info\/wp-content\/uploads\/2026\/09\/OSBE.webp\" \/>\n\t<meta property=\"og:image:width\" content=\"800\" \/>\n\t<meta property=\"og:image:height\" content=\"533\" \/>\n\t<meta property=\"og:image:type\" content=\"image\/webp\" \/>\n<meta name=\"author\" content=\"i l\" \/>\n<meta name=\"twitter:card\" content=\"summary_large_image\" \/>\n<meta name=\"twitter:label1\" content=\"Written by\" \/>\n\t<meta name=\"twitter:data1\" content=\"i l\" \/>\n\t<meta name=\"twitter:label2\" content=\"Est. reading time\" \/>\n\t<meta name=\"twitter:data2\" content=\"2 minutes\" \/>\n<script type=\"application\/ld+json\" class=\"yoast-schema-graph\">{\"@context\":\"https:\\\/\\\/schema.org\",\"@graph\":[{\"@type\":\"Article\",\"@id\":\"https:\\\/\\\/kosovatimes.info\\\/index.php\\\/2026\\\/09\\\/01\\\/osbe-ja-denoi-glorifikimin-e-krimineleve-te-luftes-u-beri-thirrje-udheheqesve-politike-te-permbahen-nga-rritja-e-tensionev\\\/#article\",\"isPartOf\":{\"@id\":\"https:\\\/\\\/kosovatimes.info\\\/index.php\\\/2026\\\/09\\\/01\\\/osbe-ja-denoi-glorifikimin-e-krimineleve-te-luftes-u-beri-thirrje-udheheqesve-politike-te-permbahen-nga-rritja-e-tensionev\\\/\"},\"author\":{\"name\":\"i l\",\"@id\":\"https:\\\/\\\/kosovatimes.info\\\/#\\\/schema\\\/person\\\/7586712b9c512fe68085de007378c915\"},\"headline\":\"OSBE-ja d\u00ebnoi glorifikimin e kriminel\u00ebve t\u00eb luft\u00ebs, u b\u00ebri thirrje udh\u00ebheq\u00ebsve politik\u00eb t\u00eb p\u00ebrmbahen nga rritja e tensionev\",\"datePublished\":\"2026-09-01T12:33:54+00:00\",\"dateModified\":\"2026-09-01T12:33:55+00:00\",\"mainEntityOfPage\":{\"@id\":\"https:\\\/\\\/kosovatimes.info\\\/index.php\\\/2026\\\/09\\\/01\\\/osbe-ja-denoi-glorifikimin-e-krimineleve-te-luftes-u-beri-thirrje-udheheqesve-politike-te-permbahen-nga-rritja-e-tensionev\\\/\"},\"wordCount\":540,\"commentCount\":0,\"image\":{\"@id\":\"https:\\\/\\\/kosovatimes.info\\\/index.php\\\/2026\\\/09\\\/01\\\/osbe-ja-denoi-glorifikimin-e-krimineleve-te-luftes-u-beri-thirrje-udheheqesve-politike-te-permbahen-nga-rritja-e-tensionev\\\/#primaryimage\"},\"thumbnailUrl\":\"https:\\\/\\\/kosovatimes.info\\\/wp-content\\\/uploads\\\/2026\\\/09\\\/OSBE.webp\",\"articleSection\":[\"Lajme\",\"Rajon\"],\"inLanguage\":\"en-US\",\"potentialAction\":[{\"@type\":\"CommentAction\",\"name\":\"Comment\",\"target\":[\"https:\\\/\\\/kosovatimes.info\\\/index.php\\\/2026\\\/09\\\/01\\\/osbe-ja-denoi-glorifikimin-e-krimineleve-te-luftes-u-beri-thirrje-udheheqesve-politike-te-permbahen-nga-rritja-e-tensionev\\\/#respond\"]}]},{\"@type\":\"WebPage\",\"@id\":\"https:\\\/\\\/kosovatimes.info\\\/index.php\\\/2026\\\/09\\\/01\\\/osbe-ja-denoi-glorifikimin-e-krimineleve-te-luftes-u-beri-thirrje-udheheqesve-politike-te-permbahen-nga-rritja-e-tensionev\\\/\",\"url\":\"https:\\\/\\\/kosovatimes.info\\\/index.php\\\/2026\\\/09\\\/01\\\/osbe-ja-denoi-glorifikimin-e-krimineleve-te-luftes-u-beri-thirrje-udheheqesve-politike-te-permbahen-nga-rritja-e-tensionev\\\/\",\"name\":\"OSBE-ja d\u00ebnoi glorifikimin e kriminel\u00ebve t\u00eb luft\u00ebs, u b\u00ebri thirrje udh\u00ebheq\u00ebsve politik\u00eb t\u00eb p\u00ebrmbahen nga rritja e tensionev - Kosova Times\",\"isPartOf\":{\"@id\":\"https:\\\/\\\/kosovatimes.info\\\/#website\"},\"primaryImageOfPage\":{\"@id\":\"https:\\\/\\\/kosovatimes.info\\\/index.php\\\/2026\\\/09\\\/01\\\/osbe-ja-denoi-glorifikimin-e-krimineleve-te-luftes-u-beri-thirrje-udheheqesve-politike-te-permbahen-nga-rritja-e-tensionev\\\/#primaryimage\"},\"image\":{\"@id\":\"https:\\\/\\\/kosovatimes.info\\\/index.php\\\/2026\\\/09\\\/01\\\/osbe-ja-denoi-glorifikimin-e-krimineleve-te-luftes-u-beri-thirrje-udheheqesve-politike-te-permbahen-nga-rritja-e-tensionev\\\/#primaryimage\"},\"thumbnailUrl\":\"https:\\\/\\\/kosovatimes.info\\\/wp-content\\\/uploads\\\/2026\\\/09\\\/OSBE.webp\",\"datePublished\":\"2026-09-01T12:33:54+00:00\",\"dateModified\":\"2026-09-01T12:33:55+00:00\",\"author\":{\"@id\":\"https:\\\/\\\/kosovatimes.info\\\/#\\\/schema\\\/person\\\/7586712b9c512fe68085de007378c915\"},\"breadcrumb\":{\"@id\":\"https:\\\/\\\/kosovatimes.info\\\/index.php\\\/2026\\\/09\\\/01\\\/osbe-ja-denoi-glorifikimin-e-krimineleve-te-luftes-u-beri-thirrje-udheheqesve-politike-te-permbahen-nga-rritja-e-tensionev\\\/#breadcrumb\"},\"inLanguage\":\"en-US\",\"potentialAction\":[{\"@type\":\"ReadAction\",\"target\":[\"https:\\\/\\\/kosovatimes.info\\\/index.php\\\/2026\\\/09\\\/01\\\/osbe-ja-denoi-glorifikimin-e-krimineleve-te-luftes-u-beri-thirrje-udheheqesve-politike-te-permbahen-nga-rritja-e-tensionev\\\/\"]}]},{\"@type\":\"ImageObject\",\"inLanguage\":\"en-US\",\"@id\":\"https:\\\/\\\/kosovatimes.info\\\/index.php\\\/2026\\\/09\\\/01\\\/osbe-ja-denoi-glorifikimin-e-krimineleve-te-luftes-u-beri-thirrje-udheheqesve-politike-te-permbahen-nga-rritja-e-tensionev\\\/#primaryimage\",\"url\":\"https:\\\/\\\/kosovatimes.info\\\/wp-content\\\/uploads\\\/2026\\\/09\\\/OSBE.webp\",\"contentUrl\":\"https:\\\/\\\/kosovatimes.info\\\/wp-content\\\/uploads\\\/2026\\\/09\\\/OSBE.webp\",\"width\":800,\"height\":533},{\"@type\":\"BreadcrumbList\",\"@id\":\"https:\\\/\\\/kosovatimes.info\\\/index.php\\\/2026\\\/09\\\/01\\\/osbe-ja-denoi-glorifikimin-e-krimineleve-te-luftes-u-beri-thirrje-udheheqesve-politike-te-permbahen-nga-rritja-e-tensionev\\\/#breadcrumb\",\"itemListElement\":[{\"@type\":\"ListItem\",\"position\":1,\"name\":\"Home\",\"item\":\"https:\\\/\\\/kosovatimes.info\\\/\"},{\"@type\":\"ListItem\",\"position\":2,\"name\":\"OSBE-ja d\u00ebnoi glorifikimin e kriminel\u00ebve t\u00eb luft\u00ebs, u b\u00ebri thirrje udh\u00ebheq\u00ebsve politik\u00eb t\u00eb p\u00ebrmbahen nga rritja e tensionev\"}]},{\"@type\":\"WebSite\",\"@id\":\"https:\\\/\\\/kosovatimes.info\\\/#website\",\"url\":\"https:\\\/\\\/kosovatimes.info\\\/\",\"name\":\"Kosova Times\",\"description\":\"\",\"potentialAction\":[{\"@type\":\"SearchAction\",\"target\":{\"@type\":\"EntryPoint\",\"urlTemplate\":\"https:\\\/\\\/kosovatimes.info\\\/?s={search_term_string}\"},\"query-input\":{\"@type\":\"PropertyValueSpecification\",\"valueRequired\":true,\"valueName\":\"search_term_string\"}}],\"inLanguage\":\"en-US\"},{\"@type\":\"Person\",\"@id\":\"https:\\\/\\\/kosovatimes.info\\\/#\\\/schema\\\/person\\\/7586712b9c512fe68085de007378c915\",\"name\":\"i l\",\"image\":{\"@type\":\"ImageObject\",\"inLanguage\":\"en-US\",\"@id\":\"https:\\\/\\\/secure.gravatar.com\\\/avatar\\\/bad9296e02816160ae2e2435beda58222022298d5625d49fea74d18816fbb31d?s=96&d=mm&r=g\",\"url\":\"https:\\\/\\\/secure.gravatar.com\\\/avatar\\\/bad9296e02816160ae2e2435beda58222022298d5625d49fea74d18816fbb31d?s=96&d=mm&r=g\",\"contentUrl\":\"https:\\\/\\\/secure.gravatar.com\\\/avatar\\\/bad9296e02816160ae2e2435beda58222022298d5625d49fea74d18816fbb31d?s=96&d=mm&r=g\",\"caption\":\"i l\"},\"url\":\"https:\\\/\\\/kosovatimes.info\\\/index.php\\\/author\\\/iliri\\\/\"}]}<\/script>\n<!-- \/ Yoast SEO plugin. -->","yoast_head_json":{"title":"OSBE-ja d\u00ebnoi glorifikimin e kriminel\u00ebve t\u00eb luft\u00ebs, u b\u00ebri thirrje udh\u00ebheq\u00ebsve politik\u00eb t\u00eb p\u00ebrmbahen nga rritja e tensionev - Kosova Times","robots":{"index":"index","follow":"follow","max-snippet":"max-snippet:-1","max-image-preview":"max-image-preview:large","max-video-preview":"max-video-preview:-1"},"canonical":"https:\/\/kosovatimes.info\/index.php\/2026\/09\/01\/osbe-ja-denoi-glorifikimin-e-krimineleve-te-luftes-u-beri-thirrje-udheheqesve-politike-te-permbahen-nga-rritja-e-tensionev\/","og_locale":"en_US","og_type":"article","og_title":"OSBE-ja d\u00ebnoi glorifikimin e kriminel\u00ebve t\u00eb luft\u00ebs, u b\u00ebri thirrje udh\u00ebheq\u00ebsve politik\u00eb t\u00eb p\u00ebrmbahen nga rritja e tensionev - Kosova Times","og_description":"Misioni i OSBE-s\u00eb n\u00eb Bosnj\u00eb dhe Hercegovin\u00eb d\u00ebnon fuqimisht t\u00eb gjitha k\u00ebrc\u00ebnimet, frik\u00ebsimet dhe sh\u00ebnjestrimin e zyrtar\u00ebve publik\u00eb, gazetar\u00ebve dhe an\u00ebtar\u00ebve t\u00eb familjeve t\u00eb tyre, dhe paralajm\u00ebron se diskursi publik gjithnj\u00eb e m\u00eb nxit\u00ebs k\u00ebrc\u00ebnon t\u00eb d\u00ebmtoj\u00eb m\u00eb tej sigurin\u00eb publike, pjes\u00ebmarrjen demokratike dhe lirin\u00eb e medias.Si\u00e7 than\u00eb ata, k\u00ebrc\u00ebnime t\u00eb tilla jan\u00eb t\u00eb papranueshme. [&hellip;]","og_url":"https:\/\/kosovatimes.info\/index.php\/2026\/09\/01\/osbe-ja-denoi-glorifikimin-e-krimineleve-te-luftes-u-beri-thirrje-udheheqesve-politike-te-permbahen-nga-rritja-e-tensionev\/","og_site_name":"Kosova Times","article_published_time":"2026-09-01T12:33:54+00:00","article_modified_time":"2026-09-01T12:33:55+00:00","og_image":[{"width":800,"height":533,"url":"https:\/\/kosovatimes.info\/wp-content\/uploads\/2026\/09\/OSBE.webp","type":"image\/webp"}],"author":"i l","twitter_card":"summary_large_image","twitter_misc":{"Written by":"i l","Est. reading time":"2 minutes"},"schema":{"@context":"https:\/\/schema.org","@graph":[{"@type":"Article","@id":"https:\/\/kosovatimes.info\/index.php\/2026\/09\/01\/osbe-ja-denoi-glorifikimin-e-krimineleve-te-luftes-u-beri-thirrje-udheheqesve-politike-te-permbahen-nga-rritja-e-tensionev\/#article","isPartOf":{"@id":"https:\/\/kosovatimes.info\/index.php\/2026\/09\/01\/osbe-ja-denoi-glorifikimin-e-krimineleve-te-luftes-u-beri-thirrje-udheheqesve-politike-te-permbahen-nga-rritja-e-tensionev\/"},"author":{"name":"i l","@id":"https:\/\/kosovatimes.info\/#\/schema\/person\/7586712b9c512fe68085de007378c915"},"headline":"OSBE-ja d\u00ebnoi glorifikimin e kriminel\u00ebve t\u00eb luft\u00ebs, u b\u00ebri thirrje udh\u00ebheq\u00ebsve politik\u00eb t\u00eb p\u00ebrmbahen nga rritja e tensionev","datePublished":"2026-09-01T12:33:54+00:00","dateModified":"2026-09-01T12:33:55+00:00","mainEntityOfPage":{"@id":"https:\/\/kosovatimes.info\/index.php\/2026\/09\/01\/osbe-ja-denoi-glorifikimin-e-krimineleve-te-luftes-u-beri-thirrje-udheheqesve-politike-te-permbahen-nga-rritja-e-tensionev\/"},"wordCount":540,"commentCount":0,"image":{"@id":"https:\/\/kosovatimes.info\/index.php\/2026\/09\/01\/osbe-ja-denoi-glorifikimin-e-krimineleve-te-luftes-u-beri-thirrje-udheheqesve-politike-te-permbahen-nga-rritja-e-tensionev\/#primaryimage"},"thumbnailUrl":"https:\/\/kosovatimes.info\/wp-content\/uploads\/2026\/09\/OSBE.webp","articleSection":["Lajme","Rajon"],"inLanguage":"en-US","potentialAction":[{"@type":"CommentAction","name":"Comment","target":["https:\/\/kosovatimes.info\/index.php\/2026\/09\/01\/osbe-ja-denoi-glorifikimin-e-krimineleve-te-luftes-u-beri-thirrje-udheheqesve-politike-te-permbahen-nga-rritja-e-tensionev\/#respond"]}]},{"@type":"WebPage","@id":"https:\/\/kosovatimes.info\/index.php\/2026\/09\/01\/osbe-ja-denoi-glorifikimin-e-krimineleve-te-luftes-u-beri-thirrje-udheheqesve-politike-te-permbahen-nga-rritja-e-tensionev\/","url":"https:\/\/kosovatimes.info\/index.php\/2026\/09\/01\/osbe-ja-denoi-glorifikimin-e-krimineleve-te-luftes-u-beri-thirrje-udheheqesve-politike-te-permbahen-nga-rritja-e-tensionev\/","name":"OSBE-ja d\u00ebnoi glorifikimin e kriminel\u00ebve t\u00eb luft\u00ebs, u b\u00ebri thirrje udh\u00ebheq\u00ebsve politik\u00eb t\u00eb p\u00ebrmbahen nga rritja e tensionev - Kosova Times","isPartOf":{"@id":"https:\/\/kosovatimes.info\/#website"},"primaryImageOfPage":{"@id":"https:\/\/kosovatimes.info\/index.php\/2026\/09\/01\/osbe-ja-denoi-glorifikimin-e-krimineleve-te-luftes-u-beri-thirrje-udheheqesve-politike-te-permbahen-nga-rritja-e-tensionev\/#primaryimage"},"image":{"@id":"https:\/\/kosovatimes.info\/index.php\/2026\/09\/01\/osbe-ja-denoi-glorifikimin-e-krimineleve-te-luftes-u-beri-thirrje-udheheqesve-politike-te-permbahen-nga-rritja-e-tensionev\/#primaryimage"},"thumbnailUrl":"https:\/\/kosovatimes.info\/wp-content\/uploads\/2026\/09\/OSBE.webp","datePublished":"2026-09-01T12:33:54+00:00","dateModified":"2026-09-01T12:33:55+00:00","author":{"@id":"https:\/\/kosovatimes.info\/#\/schema\/person\/7586712b9c512fe68085de007378c915"},"breadcrumb":{"@id":"https:\/\/kosovatimes.info\/index.php\/2026\/09\/01\/osbe-ja-denoi-glorifikimin-e-krimineleve-te-luftes-u-beri-thirrje-udheheqesve-politike-te-permbahen-nga-rritja-e-tensionev\/#breadcrumb"},"inLanguage":"en-US","potentialAction":[{"@type":"ReadAction","target":["https:\/\/kosovatimes.info\/index.php\/2026\/09\/01\/osbe-ja-denoi-glorifikimin-e-krimineleve-te-luftes-u-beri-thirrje-udheheqesve-politike-te-permbahen-nga-rritja-e-tensionev\/"]}]},{"@type":"ImageObject","inLanguage":"en-US","@id":"https:\/\/kosovatimes.info\/index.php\/2026\/09\/01\/osbe-ja-denoi-glorifikimin-e-krimineleve-te-luftes-u-beri-thirrje-udheheqesve-politike-te-permbahen-nga-rritja-e-tensionev\/#primaryimage","url":"https:\/\/kosovatimes.info\/wp-content\/uploads\/2026\/09\/OSBE.webp","contentUrl":"https:\/\/kosovatimes.info\/wp-content\/uploads\/2026\/09\/OSBE.webp","width":800,"height":533},{"@type":"BreadcrumbList","@id":"https:\/\/kosovatimes.info\/index.php\/2026\/09\/01\/osbe-ja-denoi-glorifikimin-e-krimineleve-te-luftes-u-beri-thirrje-udheheqesve-politike-te-permbahen-nga-rritja-e-tensionev\/#breadcrumb","itemListElement":[{"@type":"ListItem","position":1,"name":"Home","item":"https:\/\/kosovatimes.info\/"},{"@type":"ListItem","position":2,"name":"OSBE-ja d\u00ebnoi glorifikimin e kriminel\u00ebve t\u00eb luft\u00ebs, u b\u00ebri thirrje udh\u00ebheq\u00ebsve politik\u00eb t\u00eb p\u00ebrmbahen nga rritja e tensionev"}]},{"@type":"WebSite","@id":"https:\/\/kosovatimes.info\/#website","url":"https:\/\/kosovatimes.info\/","name":"Kosova Times","description":"","potentialAction":[{"@type":"SearchAction","target":{"@type":"EntryPoint","urlTemplate":"https:\/\/kosovatimes.info\/?s={search_term_string}"},"query-input":{"@type":"PropertyValueSpecification","valueRequired":true,"valueName":"search_term_string"}}],"inLanguage":"en-US"},{"@type":"Person","@id":"https:\/\/kosovatimes.info\/#\/schema\/person\/7586712b9c512fe68085de007378c915","name":"i l","image":{"@type":"ImageObject","inLanguage":"en-US","@id":"https:\/\/secure.gravatar.com\/avatar\/bad9296e02816160ae2e2435beda58222022298d5625d49fea74d18816fbb31d?s=96&d=mm&r=g","url":"https:\/\/secure.gravatar.com\/avatar\/bad9296e02816160ae2e2435beda58222022298d5625d49fea74d18816fbb31d?s=96&d=mm&r=g","contentUrl":"https:\/\/secure.gravatar.com\/avatar\/bad9296e02816160ae2e2435beda58222022298d5625d49fea74d18816fbb31d?s=96&d=mm&r=g","caption":"i l"},"url":"https:\/\/kosovatimes.info\/index.php\/author\/iliri\/"}]}},"_links":{"self":[{"href":"https:\/\/kosovatimes.info\/index.php\/wp-json\/wp\/v2\/posts\/30441","targetHints":{"allow":["GET"]}}],"collection":[{"href":"https:\/\/kosovatimes.info\/index.php\/wp-json\/wp\/v2\/posts"}],"about":[{"href":"https:\/\/kosovatimes.info\/index.php\/wp-json\/wp\/v2\/types\/post"}],"author":[{"embeddable":true,"href":"https:\/\/kosovatimes.info\/index.php\/wp-json\/wp\/v2\/users\/4"}],"replies":[{"embeddable":true,"href":"https:\/\/kosovatimes.info\/index.php\/wp-json\/wp\/v2\/comments?post=30441"}],"version-history":[{"count":1,"href":"https:\/\/kosovatimes.info\/index.php\/wp-json\/wp\/v2\/posts\/30441\/revisions"}],"predecessor-version":[{"id":30443,"href":"https:\/\/kosovatimes.info\/index.php\/wp-json\/wp\/v2\/posts\/30441\/revisions\/30443"}],"wp:featuredmedia":[{"embeddable":true,"href":"https:\/\/kosovatimes.info\/index.php\/wp-json\/wp\/v2\/media\/30442"}],"wp:attachment":[{"href":"https:\/\/kosovatimes.info\/index.php\/wp-json\/wp\/v2\/media?parent=30441"}],"wp:term":[{"taxonomy":"category","embeddable":true,"href":"https:\/\/kosovatimes.info\/index.php\/wp-json\/wp\/v2\/categories?post=30441"},{"taxonomy":"post_tag","embeddable":true,"href":"https:\/\/kosovatimes.info\/index.php\/wp-json\/wp\/v2\/tags?post=30441"}],"curies":[{"name":"wp","href":"https:\/\/api.w.org\/{rel}","templated":true}]}}