{"id":30447,"date":"2026-09-01T14:37:51","date_gmt":"2026-09-01T12:37:51","guid":{"rendered":"https:\/\/kosovatimes.info\/?p=30447"},"modified":"2026-09-01T14:37:54","modified_gmt":"2026-09-01T12:37:54","slug":"kolonet-izraelite-debojne-palestinezin-nga-shtepia-qe-ai-ndertoi-per-shtate-vjet","status":"publish","type":"post","link":"https:\/\/kosovatimes.info\/index.php\/2026\/09\/01\/kolonet-izraelite-debojne-palestinezin-nga-shtepia-qe-ai-ndertoi-per-shtate-vjet\/","title":{"rendered":"Kolon\u00ebt izraelit\u00eb d\u00ebbojn\u00eb palestinezin nga sht\u00ebpia q\u00eb ai nd\u00ebrtoi p\u00ebr shtat\u00eb vjet"},"content":{"rendered":"\n<p class=\"wp-block-paragraph\">Kolon\u00ebt e detyruan familjen e shtetasit palestinez Bashir Na&#8217;im Kouna t\u00eb largohej nga sht\u00ebpia e tyre n\u00eb fshatin Taybeh, n\u00eb lindje t\u00eb Ramallahut, vet\u00ebm nj\u00eb jav\u00eb pasi u zhvendos\u00ebn, p\u00ebr shkak t\u00eb sulmeve dhe k\u00ebrc\u00ebnimeve t\u00eb vazhdueshme.<\/p>\n\n\n\n<p class=\"wp-block-paragraph\">N\u00eb videon q\u00eb publikoi, Kouna deklaroi se q\u00eb nga maji i vitit 2026, kolon\u00ebt shpesh i afroheshin sht\u00ebpis\u00eb s\u00eb tij duke p\u00ebrdorur motor\u00eb kat\u00ebrcikletash, pas s\u00eb cil\u00ebs sulmet e tyre p\u00ebrshkall\u00ebzuan deri n\u00eb fyerje t\u00eb tij dhe t\u00eb birit dhe sulm fizik ndaj tyre n\u00eb hyrje t\u00eb sht\u00ebpis\u00eb. Ata gjithashtu u p\u00ebrpoq\u00ebn t\u00eb vidhnin pron\u00ebn dhe t\u00eb shkat\u00ebrronin at\u00eb q\u00eb ishte p\u00ebrreth sht\u00ebpis\u00eb.<\/p>\n\n\n\n<p class=\"wp-block-paragraph\">Ai shtoi se kolon\u00ebt koh\u00ebt e fundit hyn\u00eb me forc\u00eb n\u00eb sht\u00ebpi n\u00eb agim, vodh\u00ebn kamerat e mbik\u00ebqyrjes, pren\u00eb kabllot e internetit dhe gardhin q\u00eb rrethonte sht\u00ebpin\u00eb dhe soll\u00ebn bag\u00ebti n\u00eb tok\u00eb p\u00ebr t\u00eb kullotur kafsh\u00ebt n\u00eb t\u00eb mbjella.<\/p>\n\n\n\n<p class=\"wp-block-paragraph\">Ai shpjegoi se sulmet e p\u00ebrs\u00ebritura krijuan nj\u00eb ndjenj\u00eb frike tek an\u00ebtar\u00ebt e familjes s\u00eb tij, duke i detyruar ata t\u00eb largoheshin urgjentisht nga sht\u00ebpia e tyre nga frika p\u00ebr sigurin\u00eb e tyre. Ai theksoi se kishte investuar m\u00eb shum\u00eb se nj\u00eb milion shekel p\u00ebr nd\u00ebrtimin e sht\u00ebpis\u00eb, se i jan\u00eb dashur shtat\u00eb vjet p\u00ebr ta nd\u00ebrtuar dhe se kishte marr\u00eb lejet e nevojshme ligjore nga bashkia.<\/p>\n\n\n\n<p class=\"wp-block-paragraph\">Sht\u00ebpia ndodhet n\u00eb Zon\u00ebn A, e cila \u00ebsht\u00eb n\u00ebn kontrollin administrativ dhe t\u00eb siguris\u00eb t\u00eb Autoritetit Palestinez, dhe \u00ebsht\u00eb nd\u00ebrtuar me t\u00eb gjitha lejet e nevojshme ligjore.<\/p>\n\n\n\n<p class=\"wp-block-paragraph\">Fshati Taybeh \u00ebsht\u00eb fshati i fundit me shumic\u00eb t\u00eb krishter\u00eb n\u00eb Bregun Per\u00ebndimor dhe n\u00eb muajt e fundit \u00ebsht\u00eb b\u00ebr\u00eb nj\u00eb sh\u00ebnjest\u00ebr e shpesht\u00eb e kolon\u00ebve t\u00eb paligjsh\u00ebm izraelit\u00eb.<\/p>\n\n\n\n<p class=\"wp-block-paragraph\">Sipas Komisionit p\u00ebr Rezistenc\u00eb ndaj Murit dhe Vendbanimeve, kolon\u00ebt kryen 3,488 sulme n\u00eb Bregun Per\u00ebndimor gjat\u00eb gjysm\u00ebs s\u00eb par\u00eb t\u00eb k\u00ebtij viti. N\u00eb k\u00ebto sulme, u vran\u00eb 17 qytetar\u00eb, nd\u00ebrsa 26 komunitete beduine dhe barinjsh u zhvendos\u00ebn plot\u00ebsisht ose pjes\u00ebrisht. P\u00ebrve\u00e7 k\u00ebsaj, u krijuan 42 pika t\u00eb reja vendbanimi.<\/p>\n","protected":false},"excerpt":{"rendered":"<p>Kolon\u00ebt e detyruan familjen e shtetasit palestinez Bashir Na&#8217;im Kouna t\u00eb largohej nga sht\u00ebpia e tyre n\u00eb fshatin Taybeh, n\u00eb lindje t\u00eb Ramallahut, vet\u00ebm nj\u00eb jav\u00eb pasi u zhvendos\u00ebn, p\u00ebr shkak t\u00eb sulmeve dhe k\u00ebrc\u00ebnimeve t\u00eb vazhdueshme. N\u00eb videon q\u00eb publikoi, Kouna deklaroi se q\u00eb nga maji i vitit 2026, kolon\u00ebt shpesh i afroheshin sht\u00ebpis\u00eb [&hellip;]<\/p>\n","protected":false},"author":4,"featured_media":30448,"comment_status":"open","ping_status":"open","sticky":false,"template":"","format":"standard","meta":{"footnotes":""},"categories":[33,30],"tags":[],"class_list":["post-30447","post","type-post","status-publish","format-standard","has-post-thumbnail","category-bote","category-lajme"],"yoast_head":"<!-- This site is optimized with the Yoast SEO plugin v27.4 - https:\/\/yoast.com\/product\/yoast-seo-wordpress\/ -->\n<title>Kolon\u00ebt izraelit\u00eb d\u00ebbojn\u00eb palestinezin nga sht\u00ebpia q\u00eb ai nd\u00ebrtoi p\u00ebr shtat\u00eb vjet - Kosova Times<\/title>\n<meta name=\"robots\" content=\"index, follow, max-snippet:-1, max-image-preview:large, max-video-preview:-1\" \/>\n<link rel=\"canonical\" href=\"https:\/\/kosovatimes.info\/index.php\/2026\/09\/01\/kolonet-izraelite-debojne-palestinezin-nga-shtepia-qe-ai-ndertoi-per-shtate-vjet\/\" \/>\n<meta property=\"og:locale\" content=\"en_US\" \/>\n<meta property=\"og:type\" content=\"article\" \/>\n<meta property=\"og:title\" content=\"Kolon\u00ebt izraelit\u00eb d\u00ebbojn\u00eb palestinezin nga sht\u00ebpia q\u00eb ai nd\u00ebrtoi p\u00ebr shtat\u00eb vjet - Kosova Times\" \/>\n<meta property=\"og:description\" content=\"Kolon\u00ebt e detyruan familjen e shtetasit palestinez Bashir Na&#8217;im Kouna t\u00eb largohej nga sht\u00ebpia e tyre n\u00eb fshatin Taybeh, n\u00eb lindje t\u00eb Ramallahut, vet\u00ebm nj\u00eb jav\u00eb pasi u zhvendos\u00ebn, p\u00ebr shkak t\u00eb sulmeve dhe k\u00ebrc\u00ebnimeve t\u00eb vazhdueshme. N\u00eb videon q\u00eb publikoi, Kouna deklaroi se q\u00eb nga maji i vitit 2026, kolon\u00ebt shpesh i afroheshin sht\u00ebpis\u00eb [&hellip;]\" \/>\n<meta property=\"og:url\" content=\"https:\/\/kosovatimes.info\/index.php\/2026\/09\/01\/kolonet-izraelite-debojne-palestinezin-nga-shtepia-qe-ai-ndertoi-per-shtate-vjet\/\" \/>\n<meta property=\"og:site_name\" content=\"Kosova Times\" \/>\n<meta property=\"article:published_time\" content=\"2026-09-01T12:37:51+00:00\" \/>\n<meta property=\"article:modified_time\" content=\"2026-09-01T12:37:54+00:00\" \/>\n<meta property=\"og:image\" content=\"https:\/\/kosovatimes.info\/wp-content\/uploads\/2026\/09\/bashir.webp\" \/>\n\t<meta property=\"og:image:width\" content=\"769\" \/>\n\t<meta property=\"og:image:height\" content=\"513\" \/>\n\t<meta property=\"og:image:type\" content=\"image\/webp\" \/>\n<meta name=\"author\" content=\"i l\" \/>\n<meta name=\"twitter:card\" content=\"summary_large_image\" \/>\n<meta name=\"twitter:label1\" content=\"Written by\" \/>\n\t<meta name=\"twitter:data1\" content=\"i l\" \/>\n\t<meta name=\"twitter:label2\" content=\"Est. reading time\" \/>\n\t<meta name=\"twitter:data2\" content=\"2 minutes\" \/>\n<script type=\"application\/ld+json\" class=\"yoast-schema-graph\">{\"@context\":\"https:\\\/\\\/schema.org\",\"@graph\":[{\"@type\":\"Article\",\"@id\":\"https:\\\/\\\/kosovatimes.info\\\/index.php\\\/2026\\\/09\\\/01\\\/kolonet-izraelite-debojne-palestinezin-nga-shtepia-qe-ai-ndertoi-per-shtate-vjet\\\/#article\",\"isPartOf\":{\"@id\":\"https:\\\/\\\/kosovatimes.info\\\/index.php\\\/2026\\\/09\\\/01\\\/kolonet-izraelite-debojne-palestinezin-nga-shtepia-qe-ai-ndertoi-per-shtate-vjet\\\/\"},\"author\":{\"name\":\"i l\",\"@id\":\"https:\\\/\\\/kosovatimes.info\\\/#\\\/schema\\\/person\\\/7586712b9c512fe68085de007378c915\"},\"headline\":\"Kolon\u00ebt izraelit\u00eb d\u00ebbojn\u00eb palestinezin nga sht\u00ebpia q\u00eb ai nd\u00ebrtoi p\u00ebr shtat\u00eb vjet\",\"datePublished\":\"2026-09-01T12:37:51+00:00\",\"dateModified\":\"2026-09-01T12:37:54+00:00\",\"mainEntityOfPage\":{\"@id\":\"https:\\\/\\\/kosovatimes.info\\\/index.php\\\/2026\\\/09\\\/01\\\/kolonet-izraelite-debojne-palestinezin-nga-shtepia-qe-ai-ndertoi-per-shtate-vjet\\\/\"},\"wordCount\":388,\"commentCount\":0,\"image\":{\"@id\":\"https:\\\/\\\/kosovatimes.info\\\/index.php\\\/2026\\\/09\\\/01\\\/kolonet-izraelite-debojne-palestinezin-nga-shtepia-qe-ai-ndertoi-per-shtate-vjet\\\/#primaryimage\"},\"thumbnailUrl\":\"https:\\\/\\\/kosovatimes.info\\\/wp-content\\\/uploads\\\/2026\\\/09\\\/bashir.webp\",\"articleSection\":[\"Bot\u00eb\",\"Lajme\"],\"inLanguage\":\"en-US\",\"potentialAction\":[{\"@type\":\"CommentAction\",\"name\":\"Comment\",\"target\":[\"https:\\\/\\\/kosovatimes.info\\\/index.php\\\/2026\\\/09\\\/01\\\/kolonet-izraelite-debojne-palestinezin-nga-shtepia-qe-ai-ndertoi-per-shtate-vjet\\\/#respond\"]}]},{\"@type\":\"WebPage\",\"@id\":\"https:\\\/\\\/kosovatimes.info\\\/index.php\\\/2026\\\/09\\\/01\\\/kolonet-izraelite-debojne-palestinezin-nga-shtepia-qe-ai-ndertoi-per-shtate-vjet\\\/\",\"url\":\"https:\\\/\\\/kosovatimes.info\\\/index.php\\\/2026\\\/09\\\/01\\\/kolonet-izraelite-debojne-palestinezin-nga-shtepia-qe-ai-ndertoi-per-shtate-vjet\\\/\",\"name\":\"Kolon\u00ebt izraelit\u00eb d\u00ebbojn\u00eb palestinezin nga sht\u00ebpia q\u00eb ai nd\u00ebrtoi p\u00ebr shtat\u00eb vjet - Kosova Times\",\"isPartOf\":{\"@id\":\"https:\\\/\\\/kosovatimes.info\\\/#website\"},\"primaryImageOfPage\":{\"@id\":\"https:\\\/\\\/kosovatimes.info\\\/index.php\\\/2026\\\/09\\\/01\\\/kolonet-izraelite-debojne-palestinezin-nga-shtepia-qe-ai-ndertoi-per-shtate-vjet\\\/#primaryimage\"},\"image\":{\"@id\":\"https:\\\/\\\/kosovatimes.info\\\/index.php\\\/2026\\\/09\\\/01\\\/kolonet-izraelite-debojne-palestinezin-nga-shtepia-qe-ai-ndertoi-per-shtate-vjet\\\/#primaryimage\"},\"thumbnailUrl\":\"https:\\\/\\\/kosovatimes.info\\\/wp-content\\\/uploads\\\/2026\\\/09\\\/bashir.webp\",\"datePublished\":\"2026-09-01T12:37:51+00:00\",\"dateModified\":\"2026-09-01T12:37:54+00:00\",\"author\":{\"@id\":\"https:\\\/\\\/kosovatimes.info\\\/#\\\/schema\\\/person\\\/7586712b9c512fe68085de007378c915\"},\"breadcrumb\":{\"@id\":\"https:\\\/\\\/kosovatimes.info\\\/index.php\\\/2026\\\/09\\\/01\\\/kolonet-izraelite-debojne-palestinezin-nga-shtepia-qe-ai-ndertoi-per-shtate-vjet\\\/#breadcrumb\"},\"inLanguage\":\"en-US\",\"potentialAction\":[{\"@type\":\"ReadAction\",\"target\":[\"https:\\\/\\\/kosovatimes.info\\\/index.php\\\/2026\\\/09\\\/01\\\/kolonet-izraelite-debojne-palestinezin-nga-shtepia-qe-ai-ndertoi-per-shtate-vjet\\\/\"]}]},{\"@type\":\"ImageObject\",\"inLanguage\":\"en-US\",\"@id\":\"https:\\\/\\\/kosovatimes.info\\\/index.php\\\/2026\\\/09\\\/01\\\/kolonet-izraelite-debojne-palestinezin-nga-shtepia-qe-ai-ndertoi-per-shtate-vjet\\\/#primaryimage\",\"url\":\"https:\\\/\\\/kosovatimes.info\\\/wp-content\\\/uploads\\\/2026\\\/09\\\/bashir.webp\",\"contentUrl\":\"https:\\\/\\\/kosovatimes.info\\\/wp-content\\\/uploads\\\/2026\\\/09\\\/bashir.webp\",\"width\":769,\"height\":513},{\"@type\":\"BreadcrumbList\",\"@id\":\"https:\\\/\\\/kosovatimes.info\\\/index.php\\\/2026\\\/09\\\/01\\\/kolonet-izraelite-debojne-palestinezin-nga-shtepia-qe-ai-ndertoi-per-shtate-vjet\\\/#breadcrumb\",\"itemListElement\":[{\"@type\":\"ListItem\",\"position\":1,\"name\":\"Home\",\"item\":\"https:\\\/\\\/kosovatimes.info\\\/\"},{\"@type\":\"ListItem\",\"position\":2,\"name\":\"Kolon\u00ebt izraelit\u00eb d\u00ebbojn\u00eb palestinezin nga sht\u00ebpia q\u00eb ai nd\u00ebrtoi p\u00ebr shtat\u00eb vjet\"}]},{\"@type\":\"WebSite\",\"@id\":\"https:\\\/\\\/kosovatimes.info\\\/#website\",\"url\":\"https:\\\/\\\/kosovatimes.info\\\/\",\"name\":\"Kosova Times\",\"description\":\"\",\"potentialAction\":[{\"@type\":\"SearchAction\",\"target\":{\"@type\":\"EntryPoint\",\"urlTemplate\":\"https:\\\/\\\/kosovatimes.info\\\/?s={search_term_string}\"},\"query-input\":{\"@type\":\"PropertyValueSpecification\",\"valueRequired\":true,\"valueName\":\"search_term_string\"}}],\"inLanguage\":\"en-US\"},{\"@type\":\"Person\",\"@id\":\"https:\\\/\\\/kosovatimes.info\\\/#\\\/schema\\\/person\\\/7586712b9c512fe68085de007378c915\",\"name\":\"i l\",\"image\":{\"@type\":\"ImageObject\",\"inLanguage\":\"en-US\",\"@id\":\"https:\\\/\\\/secure.gravatar.com\\\/avatar\\\/bad9296e02816160ae2e2435beda58222022298d5625d49fea74d18816fbb31d?s=96&d=mm&r=g\",\"url\":\"https:\\\/\\\/secure.gravatar.com\\\/avatar\\\/bad9296e02816160ae2e2435beda58222022298d5625d49fea74d18816fbb31d?s=96&d=mm&r=g\",\"contentUrl\":\"https:\\\/\\\/secure.gravatar.com\\\/avatar\\\/bad9296e02816160ae2e2435beda58222022298d5625d49fea74d18816fbb31d?s=96&d=mm&r=g\",\"caption\":\"i l\"},\"url\":\"https:\\\/\\\/kosovatimes.info\\\/index.php\\\/author\\\/iliri\\\/\"}]}<\/script>\n<!-- \/ Yoast SEO plugin. -->","yoast_head_json":{"title":"Kolon\u00ebt izraelit\u00eb d\u00ebbojn\u00eb palestinezin nga sht\u00ebpia q\u00eb ai nd\u00ebrtoi p\u00ebr shtat\u00eb vjet - Kosova Times","robots":{"index":"index","follow":"follow","max-snippet":"max-snippet:-1","max-image-preview":"max-image-preview:large","max-video-preview":"max-video-preview:-1"},"canonical":"https:\/\/kosovatimes.info\/index.php\/2026\/09\/01\/kolonet-izraelite-debojne-palestinezin-nga-shtepia-qe-ai-ndertoi-per-shtate-vjet\/","og_locale":"en_US","og_type":"article","og_title":"Kolon\u00ebt izraelit\u00eb d\u00ebbojn\u00eb palestinezin nga sht\u00ebpia q\u00eb ai nd\u00ebrtoi p\u00ebr shtat\u00eb vjet - Kosova Times","og_description":"Kolon\u00ebt e detyruan familjen e shtetasit palestinez Bashir Na&#8217;im Kouna t\u00eb largohej nga sht\u00ebpia e tyre n\u00eb fshatin Taybeh, n\u00eb lindje t\u00eb Ramallahut, vet\u00ebm nj\u00eb jav\u00eb pasi u zhvendos\u00ebn, p\u00ebr shkak t\u00eb sulmeve dhe k\u00ebrc\u00ebnimeve t\u00eb vazhdueshme. N\u00eb videon q\u00eb publikoi, Kouna deklaroi se q\u00eb nga maji i vitit 2026, kolon\u00ebt shpesh i afroheshin sht\u00ebpis\u00eb [&hellip;]","og_url":"https:\/\/kosovatimes.info\/index.php\/2026\/09\/01\/kolonet-izraelite-debojne-palestinezin-nga-shtepia-qe-ai-ndertoi-per-shtate-vjet\/","og_site_name":"Kosova Times","article_published_time":"2026-09-01T12:37:51+00:00","article_modified_time":"2026-09-01T12:37:54+00:00","og_image":[{"width":769,"height":513,"url":"https:\/\/kosovatimes.info\/wp-content\/uploads\/2026\/09\/bashir.webp","type":"image\/webp"}],"author":"i l","twitter_card":"summary_large_image","twitter_misc":{"Written by":"i l","Est. reading time":"2 minutes"},"schema":{"@context":"https:\/\/schema.org","@graph":[{"@type":"Article","@id":"https:\/\/kosovatimes.info\/index.php\/2026\/09\/01\/kolonet-izraelite-debojne-palestinezin-nga-shtepia-qe-ai-ndertoi-per-shtate-vjet\/#article","isPartOf":{"@id":"https:\/\/kosovatimes.info\/index.php\/2026\/09\/01\/kolonet-izraelite-debojne-palestinezin-nga-shtepia-qe-ai-ndertoi-per-shtate-vjet\/"},"author":{"name":"i l","@id":"https:\/\/kosovatimes.info\/#\/schema\/person\/7586712b9c512fe68085de007378c915"},"headline":"Kolon\u00ebt izraelit\u00eb d\u00ebbojn\u00eb palestinezin nga sht\u00ebpia q\u00eb ai nd\u00ebrtoi p\u00ebr shtat\u00eb vjet","datePublished":"2026-09-01T12:37:51+00:00","dateModified":"2026-09-01T12:37:54+00:00","mainEntityOfPage":{"@id":"https:\/\/kosovatimes.info\/index.php\/2026\/09\/01\/kolonet-izraelite-debojne-palestinezin-nga-shtepia-qe-ai-ndertoi-per-shtate-vjet\/"},"wordCount":388,"commentCount":0,"image":{"@id":"https:\/\/kosovatimes.info\/index.php\/2026\/09\/01\/kolonet-izraelite-debojne-palestinezin-nga-shtepia-qe-ai-ndertoi-per-shtate-vjet\/#primaryimage"},"thumbnailUrl":"https:\/\/kosovatimes.info\/wp-content\/uploads\/2026\/09\/bashir.webp","articleSection":["Bot\u00eb","Lajme"],"inLanguage":"en-US","potentialAction":[{"@type":"CommentAction","name":"Comment","target":["https:\/\/kosovatimes.info\/index.php\/2026\/09\/01\/kolonet-izraelite-debojne-palestinezin-nga-shtepia-qe-ai-ndertoi-per-shtate-vjet\/#respond"]}]},{"@type":"WebPage","@id":"https:\/\/kosovatimes.info\/index.php\/2026\/09\/01\/kolonet-izraelite-debojne-palestinezin-nga-shtepia-qe-ai-ndertoi-per-shtate-vjet\/","url":"https:\/\/kosovatimes.info\/index.php\/2026\/09\/01\/kolonet-izraelite-debojne-palestinezin-nga-shtepia-qe-ai-ndertoi-per-shtate-vjet\/","name":"Kolon\u00ebt izraelit\u00eb d\u00ebbojn\u00eb palestinezin nga sht\u00ebpia q\u00eb ai nd\u00ebrtoi p\u00ebr shtat\u00eb vjet - Kosova Times","isPartOf":{"@id":"https:\/\/kosovatimes.info\/#website"},"primaryImageOfPage":{"@id":"https:\/\/kosovatimes.info\/index.php\/2026\/09\/01\/kolonet-izraelite-debojne-palestinezin-nga-shtepia-qe-ai-ndertoi-per-shtate-vjet\/#primaryimage"},"image":{"@id":"https:\/\/kosovatimes.info\/index.php\/2026\/09\/01\/kolonet-izraelite-debojne-palestinezin-nga-shtepia-qe-ai-ndertoi-per-shtate-vjet\/#primaryimage"},"thumbnailUrl":"https:\/\/kosovatimes.info\/wp-content\/uploads\/2026\/09\/bashir.webp","datePublished":"2026-09-01T12:37:51+00:00","dateModified":"2026-09-01T12:37:54+00:00","author":{"@id":"https:\/\/kosovatimes.info\/#\/schema\/person\/7586712b9c512fe68085de007378c915"},"breadcrumb":{"@id":"https:\/\/kosovatimes.info\/index.php\/2026\/09\/01\/kolonet-izraelite-debojne-palestinezin-nga-shtepia-qe-ai-ndertoi-per-shtate-vjet\/#breadcrumb"},"inLanguage":"en-US","potentialAction":[{"@type":"ReadAction","target":["https:\/\/kosovatimes.info\/index.php\/2026\/09\/01\/kolonet-izraelite-debojne-palestinezin-nga-shtepia-qe-ai-ndertoi-per-shtate-vjet\/"]}]},{"@type":"ImageObject","inLanguage":"en-US","@id":"https:\/\/kosovatimes.info\/index.php\/2026\/09\/01\/kolonet-izraelite-debojne-palestinezin-nga-shtepia-qe-ai-ndertoi-per-shtate-vjet\/#primaryimage","url":"https:\/\/kosovatimes.info\/wp-content\/uploads\/2026\/09\/bashir.webp","contentUrl":"https:\/\/kosovatimes.info\/wp-content\/uploads\/2026\/09\/bashir.webp","width":769,"height":513},{"@type":"BreadcrumbList","@id":"https:\/\/kosovatimes.info\/index.php\/2026\/09\/01\/kolonet-izraelite-debojne-palestinezin-nga-shtepia-qe-ai-ndertoi-per-shtate-vjet\/#breadcrumb","itemListElement":[{"@type":"ListItem","position":1,"name":"Home","item":"https:\/\/kosovatimes.info\/"},{"@type":"ListItem","position":2,"name":"Kolon\u00ebt izraelit\u00eb d\u00ebbojn\u00eb palestinezin nga sht\u00ebpia q\u00eb ai nd\u00ebrtoi p\u00ebr shtat\u00eb vjet"}]},{"@type":"WebSite","@id":"https:\/\/kosovatimes.info\/#website","url":"https:\/\/kosovatimes.info\/","name":"Kosova Times","description":"","potentialAction":[{"@type":"SearchAction","target":{"@type":"EntryPoint","urlTemplate":"https:\/\/kosovatimes.info\/?s={search_term_string}"},"query-input":{"@type":"PropertyValueSpecification","valueRequired":true,"valueName":"search_term_string"}}],"inLanguage":"en-US"},{"@type":"Person","@id":"https:\/\/kosovatimes.info\/#\/schema\/person\/7586712b9c512fe68085de007378c915","name":"i l","image":{"@type":"ImageObject","inLanguage":"en-US","@id":"https:\/\/secure.gravatar.com\/avatar\/bad9296e02816160ae2e2435beda58222022298d5625d49fea74d18816fbb31d?s=96&d=mm&r=g","url":"https:\/\/secure.gravatar.com\/avatar\/bad9296e02816160ae2e2435beda58222022298d5625d49fea74d18816fbb31d?s=96&d=mm&r=g","contentUrl":"https:\/\/secure.gravatar.com\/avatar\/bad9296e02816160ae2e2435beda58222022298d5625d49fea74d18816fbb31d?s=96&d=mm&r=g","caption":"i l"},"url":"https:\/\/kosovatimes.info\/index.php\/author\/iliri\/"}]}},"_links":{"self":[{"href":"https:\/\/kosovatimes.info\/index.php\/wp-json\/wp\/v2\/posts\/30447","targetHints":{"allow":["GET"]}}],"collection":[{"href":"https:\/\/kosovatimes.info\/index.php\/wp-json\/wp\/v2\/posts"}],"about":[{"href":"https:\/\/kosovatimes.info\/index.php\/wp-json\/wp\/v2\/types\/post"}],"author":[{"embeddable":true,"href":"https:\/\/kosovatimes.info\/index.php\/wp-json\/wp\/v2\/users\/4"}],"replies":[{"embeddable":true,"href":"https:\/\/kosovatimes.info\/index.php\/wp-json\/wp\/v2\/comments?post=30447"}],"version-history":[{"count":1,"href":"https:\/\/kosovatimes.info\/index.php\/wp-json\/wp\/v2\/posts\/30447\/revisions"}],"predecessor-version":[{"id":30449,"href":"https:\/\/kosovatimes.info\/index.php\/wp-json\/wp\/v2\/posts\/30447\/revisions\/30449"}],"wp:featuredmedia":[{"embeddable":true,"href":"https:\/\/kosovatimes.info\/index.php\/wp-json\/wp\/v2\/media\/30448"}],"wp:attachment":[{"href":"https:\/\/kosovatimes.info\/index.php\/wp-json\/wp\/v2\/media?parent=30447"}],"wp:term":[{"taxonomy":"category","embeddable":true,"href":"https:\/\/kosovatimes.info\/index.php\/wp-json\/wp\/v2\/categories?post=30447"},{"taxonomy":"post_tag","embeddable":true,"href":"https:\/\/kosovatimes.info\/index.php\/wp-json\/wp\/v2\/tags?post=30447"}],"curies":[{"name":"wp","href":"https:\/\/api.w.org\/{rel}","templated":true}]}}