{"id":30450,"date":"2026-09-01T14:42:38","date_gmt":"2026-09-01T12:42:38","guid":{"rendered":"https:\/\/kosovatimes.info\/?p=30450"},"modified":"2026-09-01T14:42:39","modified_gmt":"2026-09-01T12:42:39","slug":"britaniku-kaloi-20-vjet-ne-burg-per-vjedhjen-e-nje-celulari","status":"publish","type":"post","link":"https:\/\/kosovatimes.info\/index.php\/2026\/09\/01\/britaniku-kaloi-20-vjet-ne-burg-per-vjedhjen-e-nje-celulari\/","title":{"rendered":"Britaniku kaloi 20 vjet n\u00eb burg p\u00ebr vjedhjen e nj\u00eb celulari"},"content":{"rendered":"\n<p class=\"wp-block-paragraph\">LEROY Douglas, i cili kaloi pothuajse 20 vjet n\u00eb burg p\u00ebr vjedhjen e nj\u00eb telefoni celular, do t\u00eb lirohet brenda pak jav\u00ebsh. Douglas ishte 24 vje\u00e7 kur u d\u00ebnua n\u00eb dhjetor 2005 sipas ligjit t\u00eb diskutuesh\u00ebm britanik t\u00eb Burgimit p\u00ebr Mbrojtjen e Publikut (IPP), i cili tani \u00ebsht\u00eb shfuqizuar. Vjedhja p\u00ebr t\u00eb cil\u00ebn ai u burgos ndodhi n\u00eb stacionin e trenit t\u00eb Cardiffit, ku ai mori nj\u00eb telefon celular nga nj\u00eb mik, raporton&nbsp;<a href=\"https:\/\/www.unilad.com\/news\/crime\/dad-jailed-20-years-stealing-phone-released-991378-20260901\">Unilad<\/a>&nbsp;.<\/p>\n\n\n\n<p class=\"wp-block-paragraph\">Douglas u d\u00ebnua me nj\u00eb d\u00ebnim t\u00eb pap\u00ebrcaktuar, nj\u00eb mas\u00eb e parashikuar sipas sistemit IPP. Qeveria britanike e hoqi at\u00eb n\u00eb vitin 2012, dhe Trusti i Reform\u00ebs s\u00eb Burgjeve shpjegon se nj\u00eb d\u00ebnim i till\u00eb u shqiptua individ\u00ebve q\u00eb konsideroheshin &#8220;t\u00eb rreziksh\u00ebm&#8221;, por krimet e t\u00eb cil\u00ebve nuk ishin aq serioze sa t\u00eb justifikonin nj\u00eb d\u00ebnim me burgim t\u00eb p\u00ebrjetsh\u00ebm.<\/p>\n\n\n\n<p class=\"wp-block-paragraph\">Kjo do t\u00eb thoshte q\u00eb i d\u00ebnuari t\u00eb mbetej n\u00eb burg p\u00ebr nj\u00eb koh\u00eb t\u00eb pacaktuar, derisa t\u00eb mund t\u00eb provonte se nuk p\u00ebrb\u00ebnte m\u00eb k\u00ebrc\u00ebnim. Douglas u transferua 36 her\u00eb gjat\u00eb d\u00ebnimit t\u00eb tij. P\u00ebr vite me radh\u00eb ai nuk e dinte se kur do t\u00eb lirohej sepse, sipas k\u00ebrkes\u00ebs s\u00eb familjes s\u00eb tij, iu desh t\u00eb ndiqte dy kurse rehabilitimi q\u00eb nuk ishin fare t\u00eb disponueshme n\u00eb burgun ku mbahej.<\/p>\n\n\n\n<h3 class=\"wp-block-heading\">&#8220;Nuk ka drit\u00eb n\u00eb fund t\u00eb tunelit&#8221;<\/h3>\n\n\n\n<p class=\"wp-block-paragraph\">Motra e tij, Natalie, nisi nj\u00eb peticion n\u00eb Change.org. &#8220;V\u00ebllai im Leroy u d\u00ebnua n\u00eb shkurt t\u00eb vitit 2006 me minimum dy vjet p\u00ebr grabitje n\u00eb rrug\u00eb. Ai ishte 22 vje\u00e7 dhe nuk p\u00ebrdori dhun\u00eb, vet\u00ebm i mori telefonin celular viktim\u00ebs. Megjithat\u00eb, pas gjith\u00eb k\u00ebtyre viteve, Leroy \u00ebsht\u00eb ende n\u00eb burg sepse iu dha nj\u00eb d\u00ebnim me kusht sipas ligjit IPP&#8221;, shkroi ajo n\u00eb at\u00eb koh\u00eb.<\/p>\n\n\n\n<p class=\"wp-block-paragraph\">Ajo theksoi se d\u00ebnimi sipas Ligjit Nd\u00ebrkomb\u00ebtar t\u00eb Krimeve t\u00eb F\u00ebmij\u00ebris\u00eb (IPP) nuk ka nj\u00eb dat\u00eb t\u00eb caktuar lirimi, prandaj v\u00ebllai i saj nuk e dinte kurr\u00eb se kur do t\u00eb ishte i lir\u00eb. &#8220;Nuk ka drit\u00eb n\u00eb fund t\u00eb tunelit. Leroy \u00ebsht\u00eb nj\u00eb i burgosur i Kategoris\u00eb C n\u00eb nj\u00eb burg t\u00eb Kategoris\u00eb B, ku mbahet me shkel\u00ebsit m\u00eb t\u00eb r\u00ebnd\u00eb t\u00eb ligjit. Ai ka edhe dy kurse rehabilitimi p\u00ebr t\u00eb p\u00ebrfunduar, por ato nuk ofrohen n\u00eb burgun e tij. Derisa t&#8217;i p\u00ebrfundoj\u00eb ato, Leroy nuk do t\u00eb lirohet kurr\u00eb&#8221;, shpjegoi ajo.<\/p>\n\n\n\n<p class=\"wp-block-paragraph\">Douglas, 44 vje\u00e7, u lirua sot me kusht, 12 vjet pasi ai paraqiti nj\u00eb peticion. Vendimi i Bordit t\u00eb Lirimit me Kusht erdhi vet\u00ebm disa jav\u00eb p\u00ebrpara se kryeministri britanik Andy Burnham t\u00eb njoftonte reformat n\u00eb d\u00ebnimet IPP dhe pasi OKB-ja i shpalli d\u00ebnime t\u00eb tilla t\u00eb paligjshme.<\/p>\n\n\n\n<h3 class=\"wp-block-heading\">E kam pritur k\u00ebt\u00eb dit\u00eb p\u00ebr 20 vjet&#8221;<\/h3>\n\n\n\n<p class=\"wp-block-paragraph\">P\u00ebr Douglasin, lajmi sh\u00ebnon fundin e viteve t\u00eb pasiguris\u00eb, por edhe konfirmimin se atij i kan\u00eb munguar 20 vjet nga jeta e vajz\u00ebs s\u00eb tij. Ai gjithashtu nuk ishte me vajz\u00ebn e tij t\u00eb dyt\u00eb, e cila nd\u00ebrroi jet\u00eb n\u00eb vitin 2021. &#8220;E kam pritur k\u00ebt\u00eb dit\u00eb p\u00ebr 20 vitet e fundit&#8221;, tha Douglas p\u00ebr The Independent nga burgu HMP Erlestoke.<\/p>\n\n\n\n<p class=\"wp-block-paragraph\">Ai do t\u00eb transferohet n\u00eb nj\u00eb qend\u00ebr rehabilitimi n\u00eb tetor. &#8220;Nuk kam pushuar kurr\u00eb s\u00eb luftuari p\u00ebr liri. Sinqerisht, duhet t\u00eb isha liruar shum\u00eb koh\u00eb m\u00eb par\u00eb sepse nuk jam i rreziksh\u00ebm. Thjesht vodha nj\u00eb celular, pa dhun\u00eb, vet\u00ebm me k\u00ebrc\u00ebnimin e forc\u00ebs, dhe p\u00ebr k\u00ebt\u00eb arsye q\u00ebndrova n\u00eb burg p\u00ebr 20 vjet&#8221;, tha ai.<\/p>\n\n\n\n<p class=\"wp-block-paragraph\">N\u00eb nj\u00eb mesazh drejtuar qeveris\u00eb britanike, Douglas i b\u00ebri thirrje kryeministrit t\u00eb &#8220;liroj\u00eb ata t\u00eb burgosur t\u00eb mallkuar t\u00eb IPP-s\u00eb q\u00eb jan\u00eb qenie njer\u00ebzore, jo qen&#8221;. &#8220;Shumica prej nesh nuk kan\u00eb kryer asnj\u00eb krim p\u00ebr m\u00eb shum\u00eb se 10 vjet dhe qeveria ende po p\u00ebrpiqet t\u00eb na portretizoj\u00eb si nj\u00eb rrezik p\u00ebr publikun.<\/p>\n\n\n\n<h3 class=\"wp-block-heading\">Ata do t\u00eb duhet t\u00eb ndjekin rregulla t\u00eb rrepta<\/h3>\n\n\n\n<p class=\"wp-block-paragraph\">&#8220;Shum\u00eb jan\u00eb aq t\u00eb traumatizuar saq\u00eb tani kan\u00eb probleme psikologjike ose psikiatrike dhe kan\u00eb nevoj\u00eb p\u00ebr m\u00eb shum\u00eb ndihm\u00eb sesa kur shkuan p\u00ebr her\u00eb t\u00eb par\u00eb n\u00eb burg&#8221;, tha ai. Fillimisht, Douglas duhej t\u00eb vuante t\u00eb pakt\u00ebn dy vjet e gjasht\u00eb muaj p\u00ebr vjedhjen e telefonit celular, por lirimi me kusht i tij u mohua vazhdimisht p\u00ebr shkak t\u00eb sjelljes s\u00eb tij t\u00eb keqe n\u00eb burg.<\/p>\n\n\n\n<p class=\"wp-block-paragraph\">P\u00ebrve\u00e7 k\u00ebsaj, atij iu dha nj\u00eb d\u00ebnim shtes\u00eb prej pes\u00eb jav\u00ebsh p\u00ebr pastrim parash n\u00eb vitin 2020. Pas lirimit t\u00eb tij, ai do t\u00eb duhet t&#8217;i p\u00ebrmbahet rregullave t\u00eb rrepta, t\u00eb cilat p\u00ebrfshijn\u00eb nj\u00eb shtetrrethim, q\u00ebndrimin n\u00eb nj\u00eb adres\u00eb t\u00eb regjistruar, mbajtjen e nj\u00eb byzylyku \u200b\u200bGPS dhe testimin e drog\u00ebs.<\/p>\n","protected":false},"excerpt":{"rendered":"<p>LEROY Douglas, i cili kaloi pothuajse 20 vjet n\u00eb burg p\u00ebr vjedhjen e nj\u00eb telefoni celular, do t\u00eb lirohet brenda pak jav\u00ebsh. Douglas ishte 24 vje\u00e7 kur u d\u00ebnua n\u00eb dhjetor 2005 sipas ligjit t\u00eb diskutuesh\u00ebm britanik t\u00eb Burgimit p\u00ebr Mbrojtjen e Publikut (IPP), i cili tani \u00ebsht\u00eb shfuqizuar. Vjedhja p\u00ebr t\u00eb cil\u00ebn ai u [&hellip;]<\/p>\n","protected":false},"author":4,"featured_media":30451,"comment_status":"open","ping_status":"open","sticky":false,"template":"","format":"standard","meta":{"footnotes":""},"categories":[33,30],"tags":[],"class_list":["post-30450","post","type-post","status-publish","format-standard","has-post-thumbnail","category-bote","category-lajme"],"yoast_head":"<!-- This site is optimized with the Yoast SEO plugin v27.4 - https:\/\/yoast.com\/product\/yoast-seo-wordpress\/ -->\n<title>Britaniku kaloi 20 vjet n\u00eb burg p\u00ebr vjedhjen e nj\u00eb celulari - Kosova Times<\/title>\n<meta name=\"robots\" content=\"index, follow, max-snippet:-1, max-image-preview:large, max-video-preview:-1\" \/>\n<link rel=\"canonical\" href=\"https:\/\/kosovatimes.info\/index.php\/2026\/09\/01\/britaniku-kaloi-20-vjet-ne-burg-per-vjedhjen-e-nje-celulari\/\" \/>\n<meta property=\"og:locale\" content=\"en_US\" \/>\n<meta property=\"og:type\" content=\"article\" \/>\n<meta property=\"og:title\" content=\"Britaniku kaloi 20 vjet n\u00eb burg p\u00ebr vjedhjen e nj\u00eb celulari - Kosova Times\" \/>\n<meta property=\"og:description\" content=\"LEROY Douglas, i cili kaloi pothuajse 20 vjet n\u00eb burg p\u00ebr vjedhjen e nj\u00eb telefoni celular, do t\u00eb lirohet brenda pak jav\u00ebsh. Douglas ishte 24 vje\u00e7 kur u d\u00ebnua n\u00eb dhjetor 2005 sipas ligjit t\u00eb diskutuesh\u00ebm britanik t\u00eb Burgimit p\u00ebr Mbrojtjen e Publikut (IPP), i cili tani \u00ebsht\u00eb shfuqizuar. Vjedhja p\u00ebr t\u00eb cil\u00ebn ai u [&hellip;]\" \/>\n<meta property=\"og:url\" content=\"https:\/\/kosovatimes.info\/index.php\/2026\/09\/01\/britaniku-kaloi-20-vjet-ne-burg-per-vjedhjen-e-nje-celulari\/\" \/>\n<meta property=\"og:site_name\" content=\"Kosova Times\" \/>\n<meta property=\"article:published_time\" content=\"2026-09-01T12:42:38+00:00\" \/>\n<meta property=\"article:modified_time\" content=\"2026-09-01T12:42:39+00:00\" \/>\n<meta property=\"og:image\" content=\"https:\/\/kosovatimes.info\/wp-content\/uploads\/2026\/09\/Leory.webp\" \/>\n\t<meta property=\"og:image:width\" content=\"765\" \/>\n\t<meta property=\"og:image:height\" content=\"430\" \/>\n\t<meta property=\"og:image:type\" content=\"image\/webp\" \/>\n<meta name=\"author\" content=\"i l\" \/>\n<meta name=\"twitter:card\" content=\"summary_large_image\" \/>\n<meta name=\"twitter:label1\" content=\"Written by\" \/>\n\t<meta name=\"twitter:data1\" content=\"i l\" \/>\n\t<meta name=\"twitter:label2\" content=\"Est. reading time\" \/>\n\t<meta name=\"twitter:data2\" content=\"4 minutes\" \/>\n<script type=\"application\/ld+json\" class=\"yoast-schema-graph\">{\"@context\":\"https:\\\/\\\/schema.org\",\"@graph\":[{\"@type\":\"Article\",\"@id\":\"https:\\\/\\\/kosovatimes.info\\\/index.php\\\/2026\\\/09\\\/01\\\/britaniku-kaloi-20-vjet-ne-burg-per-vjedhjen-e-nje-celulari\\\/#article\",\"isPartOf\":{\"@id\":\"https:\\\/\\\/kosovatimes.info\\\/index.php\\\/2026\\\/09\\\/01\\\/britaniku-kaloi-20-vjet-ne-burg-per-vjedhjen-e-nje-celulari\\\/\"},\"author\":{\"name\":\"i l\",\"@id\":\"https:\\\/\\\/kosovatimes.info\\\/#\\\/schema\\\/person\\\/7586712b9c512fe68085de007378c915\"},\"headline\":\"Britaniku kaloi 20 vjet n\u00eb burg p\u00ebr vjedhjen e nj\u00eb celulari\",\"datePublished\":\"2026-09-01T12:42:38+00:00\",\"dateModified\":\"2026-09-01T12:42:39+00:00\",\"mainEntityOfPage\":{\"@id\":\"https:\\\/\\\/kosovatimes.info\\\/index.php\\\/2026\\\/09\\\/01\\\/britaniku-kaloi-20-vjet-ne-burg-per-vjedhjen-e-nje-celulari\\\/\"},\"wordCount\":813,\"commentCount\":0,\"image\":{\"@id\":\"https:\\\/\\\/kosovatimes.info\\\/index.php\\\/2026\\\/09\\\/01\\\/britaniku-kaloi-20-vjet-ne-burg-per-vjedhjen-e-nje-celulari\\\/#primaryimage\"},\"thumbnailUrl\":\"https:\\\/\\\/kosovatimes.info\\\/wp-content\\\/uploads\\\/2026\\\/09\\\/Leory.webp\",\"articleSection\":[\"Bot\u00eb\",\"Lajme\"],\"inLanguage\":\"en-US\",\"potentialAction\":[{\"@type\":\"CommentAction\",\"name\":\"Comment\",\"target\":[\"https:\\\/\\\/kosovatimes.info\\\/index.php\\\/2026\\\/09\\\/01\\\/britaniku-kaloi-20-vjet-ne-burg-per-vjedhjen-e-nje-celulari\\\/#respond\"]}]},{\"@type\":\"WebPage\",\"@id\":\"https:\\\/\\\/kosovatimes.info\\\/index.php\\\/2026\\\/09\\\/01\\\/britaniku-kaloi-20-vjet-ne-burg-per-vjedhjen-e-nje-celulari\\\/\",\"url\":\"https:\\\/\\\/kosovatimes.info\\\/index.php\\\/2026\\\/09\\\/01\\\/britaniku-kaloi-20-vjet-ne-burg-per-vjedhjen-e-nje-celulari\\\/\",\"name\":\"Britaniku kaloi 20 vjet n\u00eb burg p\u00ebr vjedhjen e nj\u00eb celulari - Kosova Times\",\"isPartOf\":{\"@id\":\"https:\\\/\\\/kosovatimes.info\\\/#website\"},\"primaryImageOfPage\":{\"@id\":\"https:\\\/\\\/kosovatimes.info\\\/index.php\\\/2026\\\/09\\\/01\\\/britaniku-kaloi-20-vjet-ne-burg-per-vjedhjen-e-nje-celulari\\\/#primaryimage\"},\"image\":{\"@id\":\"https:\\\/\\\/kosovatimes.info\\\/index.php\\\/2026\\\/09\\\/01\\\/britaniku-kaloi-20-vjet-ne-burg-per-vjedhjen-e-nje-celulari\\\/#primaryimage\"},\"thumbnailUrl\":\"https:\\\/\\\/kosovatimes.info\\\/wp-content\\\/uploads\\\/2026\\\/09\\\/Leory.webp\",\"datePublished\":\"2026-09-01T12:42:38+00:00\",\"dateModified\":\"2026-09-01T12:42:39+00:00\",\"author\":{\"@id\":\"https:\\\/\\\/kosovatimes.info\\\/#\\\/schema\\\/person\\\/7586712b9c512fe68085de007378c915\"},\"breadcrumb\":{\"@id\":\"https:\\\/\\\/kosovatimes.info\\\/index.php\\\/2026\\\/09\\\/01\\\/britaniku-kaloi-20-vjet-ne-burg-per-vjedhjen-e-nje-celulari\\\/#breadcrumb\"},\"inLanguage\":\"en-US\",\"potentialAction\":[{\"@type\":\"ReadAction\",\"target\":[\"https:\\\/\\\/kosovatimes.info\\\/index.php\\\/2026\\\/09\\\/01\\\/britaniku-kaloi-20-vjet-ne-burg-per-vjedhjen-e-nje-celulari\\\/\"]}]},{\"@type\":\"ImageObject\",\"inLanguage\":\"en-US\",\"@id\":\"https:\\\/\\\/kosovatimes.info\\\/index.php\\\/2026\\\/09\\\/01\\\/britaniku-kaloi-20-vjet-ne-burg-per-vjedhjen-e-nje-celulari\\\/#primaryimage\",\"url\":\"https:\\\/\\\/kosovatimes.info\\\/wp-content\\\/uploads\\\/2026\\\/09\\\/Leory.webp\",\"contentUrl\":\"https:\\\/\\\/kosovatimes.info\\\/wp-content\\\/uploads\\\/2026\\\/09\\\/Leory.webp\",\"width\":765,\"height\":430},{\"@type\":\"BreadcrumbList\",\"@id\":\"https:\\\/\\\/kosovatimes.info\\\/index.php\\\/2026\\\/09\\\/01\\\/britaniku-kaloi-20-vjet-ne-burg-per-vjedhjen-e-nje-celulari\\\/#breadcrumb\",\"itemListElement\":[{\"@type\":\"ListItem\",\"position\":1,\"name\":\"Home\",\"item\":\"https:\\\/\\\/kosovatimes.info\\\/\"},{\"@type\":\"ListItem\",\"position\":2,\"name\":\"Britaniku kaloi 20 vjet n\u00eb burg p\u00ebr vjedhjen e nj\u00eb celulari\"}]},{\"@type\":\"WebSite\",\"@id\":\"https:\\\/\\\/kosovatimes.info\\\/#website\",\"url\":\"https:\\\/\\\/kosovatimes.info\\\/\",\"name\":\"Kosova Times\",\"description\":\"\",\"potentialAction\":[{\"@type\":\"SearchAction\",\"target\":{\"@type\":\"EntryPoint\",\"urlTemplate\":\"https:\\\/\\\/kosovatimes.info\\\/?s={search_term_string}\"},\"query-input\":{\"@type\":\"PropertyValueSpecification\",\"valueRequired\":true,\"valueName\":\"search_term_string\"}}],\"inLanguage\":\"en-US\"},{\"@type\":\"Person\",\"@id\":\"https:\\\/\\\/kosovatimes.info\\\/#\\\/schema\\\/person\\\/7586712b9c512fe68085de007378c915\",\"name\":\"i l\",\"image\":{\"@type\":\"ImageObject\",\"inLanguage\":\"en-US\",\"@id\":\"https:\\\/\\\/secure.gravatar.com\\\/avatar\\\/bad9296e02816160ae2e2435beda58222022298d5625d49fea74d18816fbb31d?s=96&d=mm&r=g\",\"url\":\"https:\\\/\\\/secure.gravatar.com\\\/avatar\\\/bad9296e02816160ae2e2435beda58222022298d5625d49fea74d18816fbb31d?s=96&d=mm&r=g\",\"contentUrl\":\"https:\\\/\\\/secure.gravatar.com\\\/avatar\\\/bad9296e02816160ae2e2435beda58222022298d5625d49fea74d18816fbb31d?s=96&d=mm&r=g\",\"caption\":\"i l\"},\"url\":\"https:\\\/\\\/kosovatimes.info\\\/index.php\\\/author\\\/iliri\\\/\"}]}<\/script>\n<!-- \/ Yoast SEO plugin. -->","yoast_head_json":{"title":"Britaniku kaloi 20 vjet n\u00eb burg p\u00ebr vjedhjen e nj\u00eb celulari - Kosova Times","robots":{"index":"index","follow":"follow","max-snippet":"max-snippet:-1","max-image-preview":"max-image-preview:large","max-video-preview":"max-video-preview:-1"},"canonical":"https:\/\/kosovatimes.info\/index.php\/2026\/09\/01\/britaniku-kaloi-20-vjet-ne-burg-per-vjedhjen-e-nje-celulari\/","og_locale":"en_US","og_type":"article","og_title":"Britaniku kaloi 20 vjet n\u00eb burg p\u00ebr vjedhjen e nj\u00eb celulari - Kosova Times","og_description":"LEROY Douglas, i cili kaloi pothuajse 20 vjet n\u00eb burg p\u00ebr vjedhjen e nj\u00eb telefoni celular, do t\u00eb lirohet brenda pak jav\u00ebsh. Douglas ishte 24 vje\u00e7 kur u d\u00ebnua n\u00eb dhjetor 2005 sipas ligjit t\u00eb diskutuesh\u00ebm britanik t\u00eb Burgimit p\u00ebr Mbrojtjen e Publikut (IPP), i cili tani \u00ebsht\u00eb shfuqizuar. Vjedhja p\u00ebr t\u00eb cil\u00ebn ai u [&hellip;]","og_url":"https:\/\/kosovatimes.info\/index.php\/2026\/09\/01\/britaniku-kaloi-20-vjet-ne-burg-per-vjedhjen-e-nje-celulari\/","og_site_name":"Kosova Times","article_published_time":"2026-09-01T12:42:38+00:00","article_modified_time":"2026-09-01T12:42:39+00:00","og_image":[{"width":765,"height":430,"url":"https:\/\/kosovatimes.info\/wp-content\/uploads\/2026\/09\/Leory.webp","type":"image\/webp"}],"author":"i l","twitter_card":"summary_large_image","twitter_misc":{"Written by":"i l","Est. reading time":"4 minutes"},"schema":{"@context":"https:\/\/schema.org","@graph":[{"@type":"Article","@id":"https:\/\/kosovatimes.info\/index.php\/2026\/09\/01\/britaniku-kaloi-20-vjet-ne-burg-per-vjedhjen-e-nje-celulari\/#article","isPartOf":{"@id":"https:\/\/kosovatimes.info\/index.php\/2026\/09\/01\/britaniku-kaloi-20-vjet-ne-burg-per-vjedhjen-e-nje-celulari\/"},"author":{"name":"i l","@id":"https:\/\/kosovatimes.info\/#\/schema\/person\/7586712b9c512fe68085de007378c915"},"headline":"Britaniku kaloi 20 vjet n\u00eb burg p\u00ebr vjedhjen e nj\u00eb celulari","datePublished":"2026-09-01T12:42:38+00:00","dateModified":"2026-09-01T12:42:39+00:00","mainEntityOfPage":{"@id":"https:\/\/kosovatimes.info\/index.php\/2026\/09\/01\/britaniku-kaloi-20-vjet-ne-burg-per-vjedhjen-e-nje-celulari\/"},"wordCount":813,"commentCount":0,"image":{"@id":"https:\/\/kosovatimes.info\/index.php\/2026\/09\/01\/britaniku-kaloi-20-vjet-ne-burg-per-vjedhjen-e-nje-celulari\/#primaryimage"},"thumbnailUrl":"https:\/\/kosovatimes.info\/wp-content\/uploads\/2026\/09\/Leory.webp","articleSection":["Bot\u00eb","Lajme"],"inLanguage":"en-US","potentialAction":[{"@type":"CommentAction","name":"Comment","target":["https:\/\/kosovatimes.info\/index.php\/2026\/09\/01\/britaniku-kaloi-20-vjet-ne-burg-per-vjedhjen-e-nje-celulari\/#respond"]}]},{"@type":"WebPage","@id":"https:\/\/kosovatimes.info\/index.php\/2026\/09\/01\/britaniku-kaloi-20-vjet-ne-burg-per-vjedhjen-e-nje-celulari\/","url":"https:\/\/kosovatimes.info\/index.php\/2026\/09\/01\/britaniku-kaloi-20-vjet-ne-burg-per-vjedhjen-e-nje-celulari\/","name":"Britaniku kaloi 20 vjet n\u00eb burg p\u00ebr vjedhjen e nj\u00eb celulari - Kosova Times","isPartOf":{"@id":"https:\/\/kosovatimes.info\/#website"},"primaryImageOfPage":{"@id":"https:\/\/kosovatimes.info\/index.php\/2026\/09\/01\/britaniku-kaloi-20-vjet-ne-burg-per-vjedhjen-e-nje-celulari\/#primaryimage"},"image":{"@id":"https:\/\/kosovatimes.info\/index.php\/2026\/09\/01\/britaniku-kaloi-20-vjet-ne-burg-per-vjedhjen-e-nje-celulari\/#primaryimage"},"thumbnailUrl":"https:\/\/kosovatimes.info\/wp-content\/uploads\/2026\/09\/Leory.webp","datePublished":"2026-09-01T12:42:38+00:00","dateModified":"2026-09-01T12:42:39+00:00","author":{"@id":"https:\/\/kosovatimes.info\/#\/schema\/person\/7586712b9c512fe68085de007378c915"},"breadcrumb":{"@id":"https:\/\/kosovatimes.info\/index.php\/2026\/09\/01\/britaniku-kaloi-20-vjet-ne-burg-per-vjedhjen-e-nje-celulari\/#breadcrumb"},"inLanguage":"en-US","potentialAction":[{"@type":"ReadAction","target":["https:\/\/kosovatimes.info\/index.php\/2026\/09\/01\/britaniku-kaloi-20-vjet-ne-burg-per-vjedhjen-e-nje-celulari\/"]}]},{"@type":"ImageObject","inLanguage":"en-US","@id":"https:\/\/kosovatimes.info\/index.php\/2026\/09\/01\/britaniku-kaloi-20-vjet-ne-burg-per-vjedhjen-e-nje-celulari\/#primaryimage","url":"https:\/\/kosovatimes.info\/wp-content\/uploads\/2026\/09\/Leory.webp","contentUrl":"https:\/\/kosovatimes.info\/wp-content\/uploads\/2026\/09\/Leory.webp","width":765,"height":430},{"@type":"BreadcrumbList","@id":"https:\/\/kosovatimes.info\/index.php\/2026\/09\/01\/britaniku-kaloi-20-vjet-ne-burg-per-vjedhjen-e-nje-celulari\/#breadcrumb","itemListElement":[{"@type":"ListItem","position":1,"name":"Home","item":"https:\/\/kosovatimes.info\/"},{"@type":"ListItem","position":2,"name":"Britaniku kaloi 20 vjet n\u00eb burg p\u00ebr vjedhjen e nj\u00eb celulari"}]},{"@type":"WebSite","@id":"https:\/\/kosovatimes.info\/#website","url":"https:\/\/kosovatimes.info\/","name":"Kosova Times","description":"","potentialAction":[{"@type":"SearchAction","target":{"@type":"EntryPoint","urlTemplate":"https:\/\/kosovatimes.info\/?s={search_term_string}"},"query-input":{"@type":"PropertyValueSpecification","valueRequired":true,"valueName":"search_term_string"}}],"inLanguage":"en-US"},{"@type":"Person","@id":"https:\/\/kosovatimes.info\/#\/schema\/person\/7586712b9c512fe68085de007378c915","name":"i l","image":{"@type":"ImageObject","inLanguage":"en-US","@id":"https:\/\/secure.gravatar.com\/avatar\/bad9296e02816160ae2e2435beda58222022298d5625d49fea74d18816fbb31d?s=96&d=mm&r=g","url":"https:\/\/secure.gravatar.com\/avatar\/bad9296e02816160ae2e2435beda58222022298d5625d49fea74d18816fbb31d?s=96&d=mm&r=g","contentUrl":"https:\/\/secure.gravatar.com\/avatar\/bad9296e02816160ae2e2435beda58222022298d5625d49fea74d18816fbb31d?s=96&d=mm&r=g","caption":"i l"},"url":"https:\/\/kosovatimes.info\/index.php\/author\/iliri\/"}]}},"_links":{"self":[{"href":"https:\/\/kosovatimes.info\/index.php\/wp-json\/wp\/v2\/posts\/30450","targetHints":{"allow":["GET"]}}],"collection":[{"href":"https:\/\/kosovatimes.info\/index.php\/wp-json\/wp\/v2\/posts"}],"about":[{"href":"https:\/\/kosovatimes.info\/index.php\/wp-json\/wp\/v2\/types\/post"}],"author":[{"embeddable":true,"href":"https:\/\/kosovatimes.info\/index.php\/wp-json\/wp\/v2\/users\/4"}],"replies":[{"embeddable":true,"href":"https:\/\/kosovatimes.info\/index.php\/wp-json\/wp\/v2\/comments?post=30450"}],"version-history":[{"count":1,"href":"https:\/\/kosovatimes.info\/index.php\/wp-json\/wp\/v2\/posts\/30450\/revisions"}],"predecessor-version":[{"id":30452,"href":"https:\/\/kosovatimes.info\/index.php\/wp-json\/wp\/v2\/posts\/30450\/revisions\/30452"}],"wp:featuredmedia":[{"embeddable":true,"href":"https:\/\/kosovatimes.info\/index.php\/wp-json\/wp\/v2\/media\/30451"}],"wp:attachment":[{"href":"https:\/\/kosovatimes.info\/index.php\/wp-json\/wp\/v2\/media?parent=30450"}],"wp:term":[{"taxonomy":"category","embeddable":true,"href":"https:\/\/kosovatimes.info\/index.php\/wp-json\/wp\/v2\/categories?post=30450"},{"taxonomy":"post_tag","embeddable":true,"href":"https:\/\/kosovatimes.info\/index.php\/wp-json\/wp\/v2\/tags?post=30450"}],"curies":[{"name":"wp","href":"https:\/\/api.w.org\/{rel}","templated":true}]}}