{"id":30453,"date":"2026-09-01T14:43:49","date_gmt":"2026-09-01T12:43:49","guid":{"rendered":"https:\/\/kosovatimes.info\/?p=30453"},"modified":"2026-09-01T14:43:52","modified_gmt":"2026-09-01T12:43:52","slug":"pajisje-raketore-me-eksplozive-u-gjeten-prane-termocentralit-kryesor-ne-gjermani","status":"publish","type":"post","link":"https:\/\/kosovatimes.info\/index.php\/2026\/09\/01\/pajisje-raketore-me-eksplozive-u-gjeten-prane-termocentralit-kryesor-ne-gjermani\/","title":{"rendered":"Pajisje raketore me eksploziv\u00eb u gjet\u00ebn pran\u00eb termocentralit kryesor n\u00eb Gjermani"},"content":{"rendered":"\n<p class=\"wp-block-paragraph\">AF\u00cbR termocentralit J\u00e4nschwalde n\u00eb Brandenburg t\u00eb Gjermanis\u00eb, u b\u00eb nj\u00eb p\u00ebrpjekje p\u00ebr nj\u00eb sulm ndaj nj\u00eb stacioni transformator\u00ebsh. Policia gjeti pajisje shp\u00ebrthyese pran\u00eb termocentralit n\u00eb Turnow-Preilack, t\u00eb cilat thuhet se jan\u00eb raketa t\u00eb pajisura me eksploziv\u00eb. Ekspert\u00ebt jan\u00eb n\u00eb terren dhe po punojn\u00eb p\u00ebr \u00e7aktivizimin e tyre, shkruan&nbsp;<a href=\"https:\/\/www.welt.de\/politik\/deutschland\/article6a96b950d32756d4be19b638\/nahe-jaenschwalde-versuchter-anschlag-an-umspannwerk-in-brandenburg-mit-sprengstoff-bestueckte-raketen-gefunden.html?utm_source=chatgpt.com\">Welt<\/a>&nbsp;.<\/p>\n\n\n\n<p class=\"wp-block-paragraph\">Policia u informua p\u00ebr d\u00ebmtime t\u00eb mundshme n\u00eb nj\u00ebr\u00ebn nga linjat k\u00ebt\u00eb m\u00ebngjes rreth or\u00ebs tet\u00eb. &#8220;Po sigurojm\u00eb t\u00eb dh\u00ebna dhe ekspert\u00ebt e \u00e7aktivizimit jan\u00eb n\u00eb terren&#8221;, tha z\u00ebdh\u00ebn\u00ebsja e policis\u00eb dhe konfirmoi se nuk ka rrezik p\u00ebr popullsin\u00eb. Hetimi u mor p\u00ebrsip\u00ebr nga Zyra Rajonale e Policis\u00eb Kriminale t\u00eb Brandenburgut (LKA) dhe pajisjet e gjetura u p\u00ebrshkruan si eksploziv\u00eb t\u00eb improvizuar dhe pajisje ndez\u00ebse.<\/p>\n\n\n\n<h3 class=\"wp-block-heading\">U gjet\u00ebn disa raketahedh\u00ebs<\/h3>\n\n\n\n<p class=\"wp-block-paragraph\">Gazeta &#8220;M\u00e4rkische Allgemeine&#8221;, duke cituar burime nga qarqet e siguris\u00eb dhe vet\u00eb kompania, shkruan se forcat e nd\u00ebrhyrjes gjet\u00ebn dhe \u00e7aktivizuan disa pajisje raketore me eksploziv\u00eb. Sipas t\u00eb nj\u00ebjtit burim, stacioni i transformator\u00ebve u godit disa her\u00eb. Me sa duket, q\u00ebllimi ishte t\u00eb shkaktohej nj\u00eb nd\u00ebrprerje e madhe e energjis\u00eb elektrike n\u00eb bllokun E t\u00eb termocentralit me qymyr.<\/p>\n\n\n\n<p class=\"wp-block-paragraph\"><\/p>\n\n\n\n<p class=\"wp-block-paragraph\">Operatori i rrjetit 50Hertz konfirmoi p\u00ebr &#8220;M\u00e4rkische Allgemeine&#8221; se incidenti kishte ndodhur. &#8220;K\u00ebt\u00eb m\u00ebngjes, autor\u00eb ende t\u00eb panjohur ndoshta kan\u00eb d\u00ebmtuar disa linja n\u00eb rrjetin e transmetimit 50Hertz&#8221;, than\u00eb ata.<\/p>\n\n\n\n<h3 class=\"wp-block-heading\">Termocentrali kryesor<\/h3>\n\n\n\n<p class=\"wp-block-paragraph\">Nj\u00eb nd\u00ebrprerje e shkurt\u00ebr u regjistrua n\u00eb linja, por t\u00eb gjitha tani jan\u00eb rikthyer n\u00eb funksion. Kompania thekson se furnizimi i p\u00ebrgjithsh\u00ebm me energji elektrike nuk \u00ebsht\u00eb n\u00eb rrezik dhe se po bashk\u00ebpunon ngusht\u00eb me sh\u00ebrbimet p\u00ebrkat\u00ebse t\u00eb siguris\u00eb. Nj\u00eb z\u00ebdh\u00ebn\u00ebs i operatorit t\u00eb termocentralit Leag konfirmoi se nuk pati t\u00eb l\u00ebnduar n\u00eb kompani.<\/p>\n\n\n\n<p class=\"wp-block-paragraph\">N\u00ebnstacioni Preilack, i vendosur n\u00eb distriktin Spree-Nei\u00dfe pran\u00eb kufirit me Saksonin\u00eb, \u00ebsht\u00eb thelb\u00ebsor p\u00ebr shp\u00ebrndarjen e energjis\u00eb elektrike t\u00eb prodhuar n\u00eb termocentralin J\u00e4nschwalde n\u00eb nivel rajonal dhe komb\u00ebtar. Termocentrali J\u00e4nschwalde, sipas Leag, u nd\u00ebrtua midis viteve 1976 dhe 1989 dhe ishte termocentrali i fundit i madh i nd\u00ebrtuar n\u00eb ish-RDGJ.<\/p>\n","protected":false},"excerpt":{"rendered":"<p>AF\u00cbR termocentralit J\u00e4nschwalde n\u00eb Brandenburg t\u00eb Gjermanis\u00eb, u b\u00eb nj\u00eb p\u00ebrpjekje p\u00ebr nj\u00eb sulm ndaj nj\u00eb stacioni transformator\u00ebsh. Policia gjeti pajisje shp\u00ebrthyese pran\u00eb termocentralit n\u00eb Turnow-Preilack, t\u00eb cilat thuhet se jan\u00eb raketa t\u00eb pajisura me eksploziv\u00eb. Ekspert\u00ebt jan\u00eb n\u00eb terren dhe po punojn\u00eb p\u00ebr \u00e7aktivizimin e tyre, shkruan&nbsp;Welt&nbsp;. Policia u informua p\u00ebr d\u00ebmtime t\u00eb mundshme [&hellip;]<\/p>\n","protected":false},"author":4,"featured_media":30454,"comment_status":"open","ping_status":"open","sticky":false,"template":"","format":"standard","meta":{"footnotes":""},"categories":[33,30],"tags":[],"class_list":["post-30453","post","type-post","status-publish","format-standard","has-post-thumbnail","category-bote","category-lajme"],"yoast_head":"<!-- This site is optimized with the Yoast SEO plugin v27.4 - https:\/\/yoast.com\/product\/yoast-seo-wordpress\/ -->\n<title>Pajisje raketore me eksploziv\u00eb u gjet\u00ebn pran\u00eb termocentralit kryesor n\u00eb Gjermani - Kosova Times<\/title>\n<meta name=\"robots\" content=\"index, follow, max-snippet:-1, max-image-preview:large, max-video-preview:-1\" \/>\n<link rel=\"canonical\" href=\"https:\/\/kosovatimes.info\/index.php\/2026\/09\/01\/pajisje-raketore-me-eksplozive-u-gjeten-prane-termocentralit-kryesor-ne-gjermani\/\" \/>\n<meta property=\"og:locale\" content=\"en_US\" \/>\n<meta property=\"og:type\" content=\"article\" \/>\n<meta property=\"og:title\" content=\"Pajisje raketore me eksploziv\u00eb u gjet\u00ebn pran\u00eb termocentralit kryesor n\u00eb Gjermani - Kosova Times\" \/>\n<meta property=\"og:description\" content=\"AF\u00cbR termocentralit J\u00e4nschwalde n\u00eb Brandenburg t\u00eb Gjermanis\u00eb, u b\u00eb nj\u00eb p\u00ebrpjekje p\u00ebr nj\u00eb sulm ndaj nj\u00eb stacioni transformator\u00ebsh. Policia gjeti pajisje shp\u00ebrthyese pran\u00eb termocentralit n\u00eb Turnow-Preilack, t\u00eb cilat thuhet se jan\u00eb raketa t\u00eb pajisura me eksploziv\u00eb. Ekspert\u00ebt jan\u00eb n\u00eb terren dhe po punojn\u00eb p\u00ebr \u00e7aktivizimin e tyre, shkruan&nbsp;Welt&nbsp;. Policia u informua p\u00ebr d\u00ebmtime t\u00eb mundshme [&hellip;]\" \/>\n<meta property=\"og:url\" content=\"https:\/\/kosovatimes.info\/index.php\/2026\/09\/01\/pajisje-raketore-me-eksplozive-u-gjeten-prane-termocentralit-kryesor-ne-gjermani\/\" \/>\n<meta property=\"og:site_name\" content=\"Kosova Times\" \/>\n<meta property=\"article:published_time\" content=\"2026-09-01T12:43:49+00:00\" \/>\n<meta property=\"article:modified_time\" content=\"2026-09-01T12:43:52+00:00\" \/>\n<meta property=\"og:image\" content=\"https:\/\/kosovatimes.info\/wp-content\/uploads\/2026\/09\/terocentral.jpg\" \/>\n\t<meta property=\"og:image:width\" content=\"765\" \/>\n\t<meta property=\"og:image:height\" content=\"510\" \/>\n\t<meta property=\"og:image:type\" content=\"image\/jpeg\" \/>\n<meta name=\"author\" content=\"i l\" \/>\n<meta name=\"twitter:card\" content=\"summary_large_image\" \/>\n<meta name=\"twitter:label1\" content=\"Written by\" \/>\n\t<meta name=\"twitter:data1\" content=\"i l\" \/>\n\t<meta name=\"twitter:label2\" content=\"Est. reading time\" \/>\n\t<meta name=\"twitter:data2\" content=\"2 minutes\" \/>\n<script type=\"application\/ld+json\" class=\"yoast-schema-graph\">{\"@context\":\"https:\\\/\\\/schema.org\",\"@graph\":[{\"@type\":\"Article\",\"@id\":\"https:\\\/\\\/kosovatimes.info\\\/index.php\\\/2026\\\/09\\\/01\\\/pajisje-raketore-me-eksplozive-u-gjeten-prane-termocentralit-kryesor-ne-gjermani\\\/#article\",\"isPartOf\":{\"@id\":\"https:\\\/\\\/kosovatimes.info\\\/index.php\\\/2026\\\/09\\\/01\\\/pajisje-raketore-me-eksplozive-u-gjeten-prane-termocentralit-kryesor-ne-gjermani\\\/\"},\"author\":{\"name\":\"i l\",\"@id\":\"https:\\\/\\\/kosovatimes.info\\\/#\\\/schema\\\/person\\\/7586712b9c512fe68085de007378c915\"},\"headline\":\"Pajisje raketore me eksploziv\u00eb u gjet\u00ebn pran\u00eb termocentralit kryesor n\u00eb Gjermani\",\"datePublished\":\"2026-09-01T12:43:49+00:00\",\"dateModified\":\"2026-09-01T12:43:52+00:00\",\"mainEntityOfPage\":{\"@id\":\"https:\\\/\\\/kosovatimes.info\\\/index.php\\\/2026\\\/09\\\/01\\\/pajisje-raketore-me-eksplozive-u-gjeten-prane-termocentralit-kryesor-ne-gjermani\\\/\"},\"wordCount\":385,\"commentCount\":0,\"image\":{\"@id\":\"https:\\\/\\\/kosovatimes.info\\\/index.php\\\/2026\\\/09\\\/01\\\/pajisje-raketore-me-eksplozive-u-gjeten-prane-termocentralit-kryesor-ne-gjermani\\\/#primaryimage\"},\"thumbnailUrl\":\"https:\\\/\\\/kosovatimes.info\\\/wp-content\\\/uploads\\\/2026\\\/09\\\/terocentral.jpg\",\"articleSection\":[\"Bot\u00eb\",\"Lajme\"],\"inLanguage\":\"en-US\",\"potentialAction\":[{\"@type\":\"CommentAction\",\"name\":\"Comment\",\"target\":[\"https:\\\/\\\/kosovatimes.info\\\/index.php\\\/2026\\\/09\\\/01\\\/pajisje-raketore-me-eksplozive-u-gjeten-prane-termocentralit-kryesor-ne-gjermani\\\/#respond\"]}]},{\"@type\":\"WebPage\",\"@id\":\"https:\\\/\\\/kosovatimes.info\\\/index.php\\\/2026\\\/09\\\/01\\\/pajisje-raketore-me-eksplozive-u-gjeten-prane-termocentralit-kryesor-ne-gjermani\\\/\",\"url\":\"https:\\\/\\\/kosovatimes.info\\\/index.php\\\/2026\\\/09\\\/01\\\/pajisje-raketore-me-eksplozive-u-gjeten-prane-termocentralit-kryesor-ne-gjermani\\\/\",\"name\":\"Pajisje raketore me eksploziv\u00eb u gjet\u00ebn pran\u00eb termocentralit kryesor n\u00eb Gjermani - Kosova Times\",\"isPartOf\":{\"@id\":\"https:\\\/\\\/kosovatimes.info\\\/#website\"},\"primaryImageOfPage\":{\"@id\":\"https:\\\/\\\/kosovatimes.info\\\/index.php\\\/2026\\\/09\\\/01\\\/pajisje-raketore-me-eksplozive-u-gjeten-prane-termocentralit-kryesor-ne-gjermani\\\/#primaryimage\"},\"image\":{\"@id\":\"https:\\\/\\\/kosovatimes.info\\\/index.php\\\/2026\\\/09\\\/01\\\/pajisje-raketore-me-eksplozive-u-gjeten-prane-termocentralit-kryesor-ne-gjermani\\\/#primaryimage\"},\"thumbnailUrl\":\"https:\\\/\\\/kosovatimes.info\\\/wp-content\\\/uploads\\\/2026\\\/09\\\/terocentral.jpg\",\"datePublished\":\"2026-09-01T12:43:49+00:00\",\"dateModified\":\"2026-09-01T12:43:52+00:00\",\"author\":{\"@id\":\"https:\\\/\\\/kosovatimes.info\\\/#\\\/schema\\\/person\\\/7586712b9c512fe68085de007378c915\"},\"breadcrumb\":{\"@id\":\"https:\\\/\\\/kosovatimes.info\\\/index.php\\\/2026\\\/09\\\/01\\\/pajisje-raketore-me-eksplozive-u-gjeten-prane-termocentralit-kryesor-ne-gjermani\\\/#breadcrumb\"},\"inLanguage\":\"en-US\",\"potentialAction\":[{\"@type\":\"ReadAction\",\"target\":[\"https:\\\/\\\/kosovatimes.info\\\/index.php\\\/2026\\\/09\\\/01\\\/pajisje-raketore-me-eksplozive-u-gjeten-prane-termocentralit-kryesor-ne-gjermani\\\/\"]}]},{\"@type\":\"ImageObject\",\"inLanguage\":\"en-US\",\"@id\":\"https:\\\/\\\/kosovatimes.info\\\/index.php\\\/2026\\\/09\\\/01\\\/pajisje-raketore-me-eksplozive-u-gjeten-prane-termocentralit-kryesor-ne-gjermani\\\/#primaryimage\",\"url\":\"https:\\\/\\\/kosovatimes.info\\\/wp-content\\\/uploads\\\/2026\\\/09\\\/terocentral.jpg\",\"contentUrl\":\"https:\\\/\\\/kosovatimes.info\\\/wp-content\\\/uploads\\\/2026\\\/09\\\/terocentral.jpg\",\"width\":765,\"height\":510},{\"@type\":\"BreadcrumbList\",\"@id\":\"https:\\\/\\\/kosovatimes.info\\\/index.php\\\/2026\\\/09\\\/01\\\/pajisje-raketore-me-eksplozive-u-gjeten-prane-termocentralit-kryesor-ne-gjermani\\\/#breadcrumb\",\"itemListElement\":[{\"@type\":\"ListItem\",\"position\":1,\"name\":\"Home\",\"item\":\"https:\\\/\\\/kosovatimes.info\\\/\"},{\"@type\":\"ListItem\",\"position\":2,\"name\":\"Pajisje raketore me eksploziv\u00eb u gjet\u00ebn pran\u00eb termocentralit kryesor n\u00eb Gjermani\"}]},{\"@type\":\"WebSite\",\"@id\":\"https:\\\/\\\/kosovatimes.info\\\/#website\",\"url\":\"https:\\\/\\\/kosovatimes.info\\\/\",\"name\":\"Kosova Times\",\"description\":\"\",\"potentialAction\":[{\"@type\":\"SearchAction\",\"target\":{\"@type\":\"EntryPoint\",\"urlTemplate\":\"https:\\\/\\\/kosovatimes.info\\\/?s={search_term_string}\"},\"query-input\":{\"@type\":\"PropertyValueSpecification\",\"valueRequired\":true,\"valueName\":\"search_term_string\"}}],\"inLanguage\":\"en-US\"},{\"@type\":\"Person\",\"@id\":\"https:\\\/\\\/kosovatimes.info\\\/#\\\/schema\\\/person\\\/7586712b9c512fe68085de007378c915\",\"name\":\"i l\",\"image\":{\"@type\":\"ImageObject\",\"inLanguage\":\"en-US\",\"@id\":\"https:\\\/\\\/secure.gravatar.com\\\/avatar\\\/bad9296e02816160ae2e2435beda58222022298d5625d49fea74d18816fbb31d?s=96&d=mm&r=g\",\"url\":\"https:\\\/\\\/secure.gravatar.com\\\/avatar\\\/bad9296e02816160ae2e2435beda58222022298d5625d49fea74d18816fbb31d?s=96&d=mm&r=g\",\"contentUrl\":\"https:\\\/\\\/secure.gravatar.com\\\/avatar\\\/bad9296e02816160ae2e2435beda58222022298d5625d49fea74d18816fbb31d?s=96&d=mm&r=g\",\"caption\":\"i l\"},\"url\":\"https:\\\/\\\/kosovatimes.info\\\/index.php\\\/author\\\/iliri\\\/\"}]}<\/script>\n<!-- \/ Yoast SEO plugin. -->","yoast_head_json":{"title":"Pajisje raketore me eksploziv\u00eb u gjet\u00ebn pran\u00eb termocentralit kryesor n\u00eb Gjermani - Kosova Times","robots":{"index":"index","follow":"follow","max-snippet":"max-snippet:-1","max-image-preview":"max-image-preview:large","max-video-preview":"max-video-preview:-1"},"canonical":"https:\/\/kosovatimes.info\/index.php\/2026\/09\/01\/pajisje-raketore-me-eksplozive-u-gjeten-prane-termocentralit-kryesor-ne-gjermani\/","og_locale":"en_US","og_type":"article","og_title":"Pajisje raketore me eksploziv\u00eb u gjet\u00ebn pran\u00eb termocentralit kryesor n\u00eb Gjermani - Kosova Times","og_description":"AF\u00cbR termocentralit J\u00e4nschwalde n\u00eb Brandenburg t\u00eb Gjermanis\u00eb, u b\u00eb nj\u00eb p\u00ebrpjekje p\u00ebr nj\u00eb sulm ndaj nj\u00eb stacioni transformator\u00ebsh. Policia gjeti pajisje shp\u00ebrthyese pran\u00eb termocentralit n\u00eb Turnow-Preilack, t\u00eb cilat thuhet se jan\u00eb raketa t\u00eb pajisura me eksploziv\u00eb. Ekspert\u00ebt jan\u00eb n\u00eb terren dhe po punojn\u00eb p\u00ebr \u00e7aktivizimin e tyre, shkruan&nbsp;Welt&nbsp;. Policia u informua p\u00ebr d\u00ebmtime t\u00eb mundshme [&hellip;]","og_url":"https:\/\/kosovatimes.info\/index.php\/2026\/09\/01\/pajisje-raketore-me-eksplozive-u-gjeten-prane-termocentralit-kryesor-ne-gjermani\/","og_site_name":"Kosova Times","article_published_time":"2026-09-01T12:43:49+00:00","article_modified_time":"2026-09-01T12:43:52+00:00","og_image":[{"width":765,"height":510,"url":"https:\/\/kosovatimes.info\/wp-content\/uploads\/2026\/09\/terocentral.jpg","type":"image\/jpeg"}],"author":"i l","twitter_card":"summary_large_image","twitter_misc":{"Written by":"i l","Est. reading time":"2 minutes"},"schema":{"@context":"https:\/\/schema.org","@graph":[{"@type":"Article","@id":"https:\/\/kosovatimes.info\/index.php\/2026\/09\/01\/pajisje-raketore-me-eksplozive-u-gjeten-prane-termocentralit-kryesor-ne-gjermani\/#article","isPartOf":{"@id":"https:\/\/kosovatimes.info\/index.php\/2026\/09\/01\/pajisje-raketore-me-eksplozive-u-gjeten-prane-termocentralit-kryesor-ne-gjermani\/"},"author":{"name":"i l","@id":"https:\/\/kosovatimes.info\/#\/schema\/person\/7586712b9c512fe68085de007378c915"},"headline":"Pajisje raketore me eksploziv\u00eb u gjet\u00ebn pran\u00eb termocentralit kryesor n\u00eb Gjermani","datePublished":"2026-09-01T12:43:49+00:00","dateModified":"2026-09-01T12:43:52+00:00","mainEntityOfPage":{"@id":"https:\/\/kosovatimes.info\/index.php\/2026\/09\/01\/pajisje-raketore-me-eksplozive-u-gjeten-prane-termocentralit-kryesor-ne-gjermani\/"},"wordCount":385,"commentCount":0,"image":{"@id":"https:\/\/kosovatimes.info\/index.php\/2026\/09\/01\/pajisje-raketore-me-eksplozive-u-gjeten-prane-termocentralit-kryesor-ne-gjermani\/#primaryimage"},"thumbnailUrl":"https:\/\/kosovatimes.info\/wp-content\/uploads\/2026\/09\/terocentral.jpg","articleSection":["Bot\u00eb","Lajme"],"inLanguage":"en-US","potentialAction":[{"@type":"CommentAction","name":"Comment","target":["https:\/\/kosovatimes.info\/index.php\/2026\/09\/01\/pajisje-raketore-me-eksplozive-u-gjeten-prane-termocentralit-kryesor-ne-gjermani\/#respond"]}]},{"@type":"WebPage","@id":"https:\/\/kosovatimes.info\/index.php\/2026\/09\/01\/pajisje-raketore-me-eksplozive-u-gjeten-prane-termocentralit-kryesor-ne-gjermani\/","url":"https:\/\/kosovatimes.info\/index.php\/2026\/09\/01\/pajisje-raketore-me-eksplozive-u-gjeten-prane-termocentralit-kryesor-ne-gjermani\/","name":"Pajisje raketore me eksploziv\u00eb u gjet\u00ebn pran\u00eb termocentralit kryesor n\u00eb Gjermani - Kosova Times","isPartOf":{"@id":"https:\/\/kosovatimes.info\/#website"},"primaryImageOfPage":{"@id":"https:\/\/kosovatimes.info\/index.php\/2026\/09\/01\/pajisje-raketore-me-eksplozive-u-gjeten-prane-termocentralit-kryesor-ne-gjermani\/#primaryimage"},"image":{"@id":"https:\/\/kosovatimes.info\/index.php\/2026\/09\/01\/pajisje-raketore-me-eksplozive-u-gjeten-prane-termocentralit-kryesor-ne-gjermani\/#primaryimage"},"thumbnailUrl":"https:\/\/kosovatimes.info\/wp-content\/uploads\/2026\/09\/terocentral.jpg","datePublished":"2026-09-01T12:43:49+00:00","dateModified":"2026-09-01T12:43:52+00:00","author":{"@id":"https:\/\/kosovatimes.info\/#\/schema\/person\/7586712b9c512fe68085de007378c915"},"breadcrumb":{"@id":"https:\/\/kosovatimes.info\/index.php\/2026\/09\/01\/pajisje-raketore-me-eksplozive-u-gjeten-prane-termocentralit-kryesor-ne-gjermani\/#breadcrumb"},"inLanguage":"en-US","potentialAction":[{"@type":"ReadAction","target":["https:\/\/kosovatimes.info\/index.php\/2026\/09\/01\/pajisje-raketore-me-eksplozive-u-gjeten-prane-termocentralit-kryesor-ne-gjermani\/"]}]},{"@type":"ImageObject","inLanguage":"en-US","@id":"https:\/\/kosovatimes.info\/index.php\/2026\/09\/01\/pajisje-raketore-me-eksplozive-u-gjeten-prane-termocentralit-kryesor-ne-gjermani\/#primaryimage","url":"https:\/\/kosovatimes.info\/wp-content\/uploads\/2026\/09\/terocentral.jpg","contentUrl":"https:\/\/kosovatimes.info\/wp-content\/uploads\/2026\/09\/terocentral.jpg","width":765,"height":510},{"@type":"BreadcrumbList","@id":"https:\/\/kosovatimes.info\/index.php\/2026\/09\/01\/pajisje-raketore-me-eksplozive-u-gjeten-prane-termocentralit-kryesor-ne-gjermani\/#breadcrumb","itemListElement":[{"@type":"ListItem","position":1,"name":"Home","item":"https:\/\/kosovatimes.info\/"},{"@type":"ListItem","position":2,"name":"Pajisje raketore me eksploziv\u00eb u gjet\u00ebn pran\u00eb termocentralit kryesor n\u00eb Gjermani"}]},{"@type":"WebSite","@id":"https:\/\/kosovatimes.info\/#website","url":"https:\/\/kosovatimes.info\/","name":"Kosova Times","description":"","potentialAction":[{"@type":"SearchAction","target":{"@type":"EntryPoint","urlTemplate":"https:\/\/kosovatimes.info\/?s={search_term_string}"},"query-input":{"@type":"PropertyValueSpecification","valueRequired":true,"valueName":"search_term_string"}}],"inLanguage":"en-US"},{"@type":"Person","@id":"https:\/\/kosovatimes.info\/#\/schema\/person\/7586712b9c512fe68085de007378c915","name":"i l","image":{"@type":"ImageObject","inLanguage":"en-US","@id":"https:\/\/secure.gravatar.com\/avatar\/bad9296e02816160ae2e2435beda58222022298d5625d49fea74d18816fbb31d?s=96&d=mm&r=g","url":"https:\/\/secure.gravatar.com\/avatar\/bad9296e02816160ae2e2435beda58222022298d5625d49fea74d18816fbb31d?s=96&d=mm&r=g","contentUrl":"https:\/\/secure.gravatar.com\/avatar\/bad9296e02816160ae2e2435beda58222022298d5625d49fea74d18816fbb31d?s=96&d=mm&r=g","caption":"i l"},"url":"https:\/\/kosovatimes.info\/index.php\/author\/iliri\/"}]}},"_links":{"self":[{"href":"https:\/\/kosovatimes.info\/index.php\/wp-json\/wp\/v2\/posts\/30453","targetHints":{"allow":["GET"]}}],"collection":[{"href":"https:\/\/kosovatimes.info\/index.php\/wp-json\/wp\/v2\/posts"}],"about":[{"href":"https:\/\/kosovatimes.info\/index.php\/wp-json\/wp\/v2\/types\/post"}],"author":[{"embeddable":true,"href":"https:\/\/kosovatimes.info\/index.php\/wp-json\/wp\/v2\/users\/4"}],"replies":[{"embeddable":true,"href":"https:\/\/kosovatimes.info\/index.php\/wp-json\/wp\/v2\/comments?post=30453"}],"version-history":[{"count":1,"href":"https:\/\/kosovatimes.info\/index.php\/wp-json\/wp\/v2\/posts\/30453\/revisions"}],"predecessor-version":[{"id":30455,"href":"https:\/\/kosovatimes.info\/index.php\/wp-json\/wp\/v2\/posts\/30453\/revisions\/30455"}],"wp:featuredmedia":[{"embeddable":true,"href":"https:\/\/kosovatimes.info\/index.php\/wp-json\/wp\/v2\/media\/30454"}],"wp:attachment":[{"href":"https:\/\/kosovatimes.info\/index.php\/wp-json\/wp\/v2\/media?parent=30453"}],"wp:term":[{"taxonomy":"category","embeddable":true,"href":"https:\/\/kosovatimes.info\/index.php\/wp-json\/wp\/v2\/categories?post=30453"},{"taxonomy":"post_tag","embeddable":true,"href":"https:\/\/kosovatimes.info\/index.php\/wp-json\/wp\/v2\/tags?post=30453"}],"curies":[{"name":"wp","href":"https:\/\/api.w.org\/{rel}","templated":true}]}}