{"id":30456,"date":"2026-09-01T11:45:00","date_gmt":"2026-09-01T09:45:00","guid":{"rendered":"https:\/\/kosovatimes.info\/?p=30456"},"modified":"2026-09-01T14:46:07","modified_gmt":"2026-09-01T12:46:07","slug":"be-ja-po-pergatit-sanksione-kunder-kampeve-te-femijeve-ne-rusi-dhe-korene-e-veriut","status":"publish","type":"post","link":"https:\/\/kosovatimes.info\/index.php\/2026\/09\/01\/be-ja-po-pergatit-sanksione-kunder-kampeve-te-femijeve-ne-rusi-dhe-korene-e-veriut\/","title":{"rendered":"BE-ja po p\u00ebrgatit sanksione kund\u00ebr kampeve t\u00eb f\u00ebmij\u00ebve n\u00eb Rusi dhe Koren\u00eb e Veriut"},"content":{"rendered":"\n<p class=\"wp-block-paragraph\">Kampet e f\u00ebmij\u00ebve n\u00eb Rusi, Krimen\u00eb e aneksuar dhe Koren\u00eb e Veriut, si dhe zyrtar\u00ebt p\u00ebrgjegj\u00ebs p\u00ebr arsimin n\u00eb territoret e Ukrain\u00ebs t\u00eb pushtuara nga ushtria ruse, mund t&#8217;i n\u00ebnshtrohen sanksioneve t\u00eb reja t\u00eb BE-s\u00eb, sipas korrespondentit evropian t\u00eb Radios Evropa e Lir\u00eb, Rikard Jozwiak. Nj\u00eb kopje e dokumentit p\u00ebrkat\u00ebs \u00ebsht\u00eb n\u00eb dispozicion t\u00eb stafit editorial.<\/p>\n\n\n\n<p class=\"wp-block-paragraph\">Konkretisht, propozohen sanksione kund\u00ebr qendr\u00ebs sh\u00ebndet\u00ebsore t\u00eb f\u00ebmij\u00ebve Raduga, e cila \u00ebsht\u00eb pjes\u00eb e Departamentit t\u00eb Menaxhimit t\u00eb Pronave Presidenciale t\u00eb Rusis\u00eb. Objekti ndodhet n\u00eb Krime. Sipas Bashkimit Evropian, Raduga pret f\u00ebmij\u00eb ukrainas nga territore q\u00eb nuk kontrollohen nga Kievi. Programi p\u00ebr f\u00ebmij\u00eb p\u00ebrfshin ceremoni t\u00eb p\u00ebrditshme t\u00eb ngritjes s\u00eb flamurit rus, m\u00ebsime mbi historin\u00eb ruse, gara sportive ushtarake dhe ekskursione me tem\u00eb ushtarake. BE-ja i konsideron aktivitetet e kampit si pjes\u00eb t\u00eb nj\u00eb politike asimilimi dhe indoktrinimi ideologjik t\u00eb f\u00ebmij\u00ebve ukrainas.<\/p>\n\n\n\n<p class=\"wp-block-paragraph\"><a href=\"https:\/\/www.svoboda.org\/a\/genassambleya-oon-potrebovala-ot-rf-vernutj-ukrainskih-detey\/33612690.html\"><\/a><\/p>\n\n\n\n<h4 class=\"wp-block-heading\"><a href=\"https:\/\/www.svoboda.org\/a\/genassambleya-oon-potrebovala-ot-rf-vernutj-ukrainskih-detey\/33612690.html\">Asambleja e P\u00ebrgjithshme e OKB-s\u00eb k\u00ebrkoi q\u00eb Rusia t\u00eb kthej\u00eb f\u00ebmij\u00ebt ukrainas.<\/a><\/h4>\n\n\n\n<p class=\"wp-block-paragraph\">Projekti p\u00ebrfshin edhe institucione t\u00eb tjera p\u00ebr f\u00ebmij\u00eb, duke p\u00ebrfshir\u00eb Qendr\u00ebn Gjith\u00eb-Ruse p\u00ebr F\u00ebmij\u00eb &#8220;Oqeani&#8221; n\u00eb Vladivostok, kampet &#8220;Romashka&#8221; dhe &#8220;Sputnik&#8221; n\u00eb rajonin e Rostovit, &#8220;Solnechny Bereg&#8221; n\u00eb Dagestan, &#8220;Vita&#8221; dhe &#8220;Signal&#8221; n\u00eb rajonin e Krasnodarit, si dhe qendrat e f\u00ebmij\u00ebve dhe ato arsimore t\u00eb vendosura n\u00eb Rusi dhe Krime.<\/p>\n\n\n\n<p class=\"wp-block-paragraph\">P\u00ebrve\u00e7 k\u00ebsaj, lista e sanksioneve propozon shtimin e Kampit Nd\u00ebrkomb\u00ebtar t\u00eb F\u00ebmij\u00ebve Songdowon n\u00eb Wonsan, Koreja e Veriut. Dokumenti e p\u00ebrshkruan kampin si nj\u00eb institucion shtet\u00ebror q\u00eb pret f\u00ebmij\u00eb ukrainas nga territoret e aneksuara. Nd\u00ebrsa udh\u00ebtimet paraqiten zyrtarisht si shk\u00ebmbime kulturore, BE-ja vler\u00ebson se f\u00ebmij\u00ebt atje jan\u00eb t\u00eb ekspozuar ndaj propagand\u00ebs pro-ruse dhe t\u00eb p\u00ebrfshir\u00eb n\u00eb aktivitete me element\u00eb t\u00eb trajnimit paraushtarak.<\/p>\n\n\n\n<p class=\"wp-block-paragraph\">Kufizimet mund t\u00eb ndikojn\u00eb te kreu i Tatarstanit, Rustam Minnikhanov. Dokumenti e p\u00ebrmend at\u00eb si nj\u00eb nga udh\u00ebheq\u00ebsit e lart\u00eb rajonal\u00eb rus\u00eb t\u00eb p\u00ebrfshir\u00eb n\u00eb evakuimin me forc\u00eb t\u00eb f\u00ebmij\u00ebve ukrainas n\u00eb Rusi. N\u00eb m\u00ebnyr\u00eb specifike, hartuesit e dokumentit tregojn\u00eb vendosjen e f\u00ebmij\u00ebve n\u00eb kampin Miras n\u00eb Tatarstan.<\/p>\n\n\n\n<p class=\"wp-block-paragraph\">Lista p\u00ebrfshin gjithashtu disa zyrtar\u00eb t\u00eb em\u00ebruar nga Rusia t\u00eb lidhur me sistemin arsimor n\u00eb territoret q\u00eb nuk kontrollohen nga Ukraina. Midis tyre jan\u00eb Oleksandr Kalyagin, Minist\u00ebr i Arsimit i Oblastit Zaporizhzhia; Oleg Trofimov, Minist\u00ebr n\u00eb Detyr\u00eb i Arsimit dhe Shkenc\u00ebs i t\u00eb ashtuquajturit &#8220;DPR&#8221;; Svetlana Bespalova, Z\u00ebvend\u00ebsministre e Arsimit e Krimes\u00eb; dhe Renard Kutkovsky, Z\u00ebvend\u00ebskryetar i Administrat\u00ebs Ruse t\u00eb Jalt\u00ebs. BE-ja i lidh aktivitetet e tyre me zbatimin e standardeve arsimore ruse, programeve patriotike dhe st\u00ebrvitjes ushtarake p\u00ebr f\u00ebmij\u00ebt.<\/p>\n\n\n\n<p class=\"wp-block-paragraph\">N\u00eb total, Brukseli po p\u00ebrgatit sanksione kund\u00ebr 1,600 individ\u00ebve dhe subjekteve. Kufizimet jan\u00eb planifikuar t\u00eb miratohen n\u00eb tetor.<\/p>\n\n\n\n<p class=\"wp-block-paragraph\">Sipas nj\u00eb burimi t\u00eb Radio Liberty, zgjerimi n\u00eb shkall\u00eb t\u00eb gjer\u00eb i listave \u00ebsht\u00eb pjes\u00eb e strategjis\u00eb s\u00eb re t\u00eb sanksioneve t\u00eb BE-s\u00eb kund\u00ebr Rusis\u00eb. BE-ja synon t\u00eb vendos\u00eb gjithnj\u00eb e m\u00eb shum\u00eb kufizime ndaj individ\u00ebve dhe organizatave individuale dhe t&#8217;i p\u00ebrdit\u00ebsoj\u00eb rregullisht k\u00ebto lista n\u00eb vend q\u00eb t\u00eb miratoj\u00eb sanksione t\u00eb reja ekonomike sektoriale, t\u00eb cilat jan\u00eb m\u00eb t\u00eb v\u00ebshtira p\u00ebr t&#8217;u koordinuar midis t\u00eb 27 shteteve an\u00ebtare t\u00eb BE-s\u00eb.<\/p>\n\n\n\n<p class=\"wp-block-paragraph\">Paketa e m\u00ebparshme, e 21-t\u00eb e sanksioneve t\u00eb BE-s\u00eb kund\u00ebr Rusis\u00eb, u miratua m\u00eb 23 korrik. Kufizimet synonin 170 organizata dhe 48 individ\u00eb, si dhe banka dhe kompani ruse n\u00eb sektor\u00ebt e energjis\u00eb dhe mbrojtjes. Sanksionet u shtrin\u00eb edhe tek kompanit\u00eb nga vendet e treta q\u00eb, sipas BE-s\u00eb, po e ndihmojn\u00eb Rusin\u00eb t\u00eb anashkaloj\u00eb kufizimet ekzistuese.<\/p>\n\n\n\n<p class=\"wp-block-paragraph\">Moska i konsideron sanksionet t\u00eb paligjshme dhe pretendon se vendosja e tyre nuk do t\u00eb ndihmoj\u00eb n\u00eb zgjidhjen e konfliktit ushtarak midis Rusis\u00eb dhe Ukrain\u00ebs.<\/p>\n","protected":false},"excerpt":{"rendered":"<p>Kampet e f\u00ebmij\u00ebve n\u00eb Rusi, Krimen\u00eb e aneksuar dhe Koren\u00eb e Veriut, si dhe zyrtar\u00ebt p\u00ebrgjegj\u00ebs p\u00ebr arsimin n\u00eb territoret e Ukrain\u00ebs t\u00eb pushtuara nga ushtria ruse, mund t&#8217;i n\u00ebnshtrohen sanksioneve t\u00eb reja t\u00eb BE-s\u00eb, sipas korrespondentit evropian t\u00eb Radios Evropa e Lir\u00eb, Rikard Jozwiak. Nj\u00eb kopje e dokumentit p\u00ebrkat\u00ebs \u00ebsht\u00eb n\u00eb dispozicion t\u00eb stafit [&hellip;]<\/p>\n","protected":false},"author":4,"featured_media":30457,"comment_status":"open","ping_status":"open","sticky":false,"template":"","format":"standard","meta":{"footnotes":""},"categories":[33,30],"tags":[],"class_list":["post-30456","post","type-post","status-publish","format-standard","has-post-thumbnail","category-bote","category-lajme"],"yoast_head":"<!-- This site is optimized with the Yoast SEO plugin v27.4 - https:\/\/yoast.com\/product\/yoast-seo-wordpress\/ -->\n<title>BE-ja po p\u00ebrgatit sanksione kund\u00ebr kampeve t\u00eb f\u00ebmij\u00ebve n\u00eb Rusi dhe Koren\u00eb e Veriut - Kosova Times<\/title>\n<meta name=\"robots\" content=\"index, follow, max-snippet:-1, max-image-preview:large, max-video-preview:-1\" \/>\n<link rel=\"canonical\" href=\"https:\/\/kosovatimes.info\/index.php\/2026\/09\/01\/be-ja-po-pergatit-sanksione-kunder-kampeve-te-femijeve-ne-rusi-dhe-korene-e-veriut\/\" \/>\n<meta property=\"og:locale\" content=\"en_US\" \/>\n<meta property=\"og:type\" content=\"article\" \/>\n<meta property=\"og:title\" content=\"BE-ja po p\u00ebrgatit sanksione kund\u00ebr kampeve t\u00eb f\u00ebmij\u00ebve n\u00eb Rusi dhe Koren\u00eb e Veriut - Kosova Times\" \/>\n<meta property=\"og:description\" content=\"Kampet e f\u00ebmij\u00ebve n\u00eb Rusi, Krimen\u00eb e aneksuar dhe Koren\u00eb e Veriut, si dhe zyrtar\u00ebt p\u00ebrgjegj\u00ebs p\u00ebr arsimin n\u00eb territoret e Ukrain\u00ebs t\u00eb pushtuara nga ushtria ruse, mund t&#8217;i n\u00ebnshtrohen sanksioneve t\u00eb reja t\u00eb BE-s\u00eb, sipas korrespondentit evropian t\u00eb Radios Evropa e Lir\u00eb, Rikard Jozwiak. Nj\u00eb kopje e dokumentit p\u00ebrkat\u00ebs \u00ebsht\u00eb n\u00eb dispozicion t\u00eb stafit [&hellip;]\" \/>\n<meta property=\"og:url\" content=\"https:\/\/kosovatimes.info\/index.php\/2026\/09\/01\/be-ja-po-pergatit-sanksione-kunder-kampeve-te-femijeve-ne-rusi-dhe-korene-e-veriut\/\" \/>\n<meta property=\"og:site_name\" content=\"Kosova Times\" \/>\n<meta property=\"article:published_time\" content=\"2026-09-01T09:45:00+00:00\" \/>\n<meta property=\"article:modified_time\" content=\"2026-09-01T12:46:07+00:00\" \/>\n<meta name=\"author\" content=\"i l\" \/>\n<meta name=\"twitter:card\" content=\"summary_large_image\" \/>\n<meta name=\"twitter:label1\" content=\"Written by\" \/>\n\t<meta name=\"twitter:data1\" content=\"i l\" \/>\n\t<meta name=\"twitter:label2\" content=\"Est. reading time\" \/>\n\t<meta name=\"twitter:data2\" content=\"3 minutes\" \/>\n<script type=\"application\/ld+json\" class=\"yoast-schema-graph\">{\"@context\":\"https:\\\/\\\/schema.org\",\"@graph\":[{\"@type\":\"Article\",\"@id\":\"https:\\\/\\\/kosovatimes.info\\\/index.php\\\/2026\\\/09\\\/01\\\/be-ja-po-pergatit-sanksione-kunder-kampeve-te-femijeve-ne-rusi-dhe-korene-e-veriut\\\/#article\",\"isPartOf\":{\"@id\":\"https:\\\/\\\/kosovatimes.info\\\/index.php\\\/2026\\\/09\\\/01\\\/be-ja-po-pergatit-sanksione-kunder-kampeve-te-femijeve-ne-rusi-dhe-korene-e-veriut\\\/\"},\"author\":{\"name\":\"i l\",\"@id\":\"https:\\\/\\\/kosovatimes.info\\\/#\\\/schema\\\/person\\\/7586712b9c512fe68085de007378c915\"},\"headline\":\"BE-ja po p\u00ebrgatit sanksione kund\u00ebr kampeve t\u00eb f\u00ebmij\u00ebve n\u00eb Rusi dhe Koren\u00eb e Veriut\",\"datePublished\":\"2026-09-01T09:45:00+00:00\",\"dateModified\":\"2026-09-01T12:46:07+00:00\",\"mainEntityOfPage\":{\"@id\":\"https:\\\/\\\/kosovatimes.info\\\/index.php\\\/2026\\\/09\\\/01\\\/be-ja-po-pergatit-sanksione-kunder-kampeve-te-femijeve-ne-rusi-dhe-korene-e-veriut\\\/\"},\"wordCount\":670,\"commentCount\":0,\"image\":{\"@id\":\"https:\\\/\\\/kosovatimes.info\\\/index.php\\\/2026\\\/09\\\/01\\\/be-ja-po-pergatit-sanksione-kunder-kampeve-te-femijeve-ne-rusi-dhe-korene-e-veriut\\\/#primaryimage\"},\"thumbnailUrl\":\"https:\\\/\\\/kosovatimes.info\\\/wp-content\\\/uploads\\\/2026\\\/09\\\/BE.avif\",\"articleSection\":[\"Bot\u00eb\",\"Lajme\"],\"inLanguage\":\"en-US\",\"potentialAction\":[{\"@type\":\"CommentAction\",\"name\":\"Comment\",\"target\":[\"https:\\\/\\\/kosovatimes.info\\\/index.php\\\/2026\\\/09\\\/01\\\/be-ja-po-pergatit-sanksione-kunder-kampeve-te-femijeve-ne-rusi-dhe-korene-e-veriut\\\/#respond\"]}]},{\"@type\":\"WebPage\",\"@id\":\"https:\\\/\\\/kosovatimes.info\\\/index.php\\\/2026\\\/09\\\/01\\\/be-ja-po-pergatit-sanksione-kunder-kampeve-te-femijeve-ne-rusi-dhe-korene-e-veriut\\\/\",\"url\":\"https:\\\/\\\/kosovatimes.info\\\/index.php\\\/2026\\\/09\\\/01\\\/be-ja-po-pergatit-sanksione-kunder-kampeve-te-femijeve-ne-rusi-dhe-korene-e-veriut\\\/\",\"name\":\"BE-ja po p\u00ebrgatit sanksione kund\u00ebr kampeve t\u00eb f\u00ebmij\u00ebve n\u00eb Rusi dhe Koren\u00eb e Veriut - Kosova Times\",\"isPartOf\":{\"@id\":\"https:\\\/\\\/kosovatimes.info\\\/#website\"},\"primaryImageOfPage\":{\"@id\":\"https:\\\/\\\/kosovatimes.info\\\/index.php\\\/2026\\\/09\\\/01\\\/be-ja-po-pergatit-sanksione-kunder-kampeve-te-femijeve-ne-rusi-dhe-korene-e-veriut\\\/#primaryimage\"},\"image\":{\"@id\":\"https:\\\/\\\/kosovatimes.info\\\/index.php\\\/2026\\\/09\\\/01\\\/be-ja-po-pergatit-sanksione-kunder-kampeve-te-femijeve-ne-rusi-dhe-korene-e-veriut\\\/#primaryimage\"},\"thumbnailUrl\":\"https:\\\/\\\/kosovatimes.info\\\/wp-content\\\/uploads\\\/2026\\\/09\\\/BE.avif\",\"datePublished\":\"2026-09-01T09:45:00+00:00\",\"dateModified\":\"2026-09-01T12:46:07+00:00\",\"author\":{\"@id\":\"https:\\\/\\\/kosovatimes.info\\\/#\\\/schema\\\/person\\\/7586712b9c512fe68085de007378c915\"},\"breadcrumb\":{\"@id\":\"https:\\\/\\\/kosovatimes.info\\\/index.php\\\/2026\\\/09\\\/01\\\/be-ja-po-pergatit-sanksione-kunder-kampeve-te-femijeve-ne-rusi-dhe-korene-e-veriut\\\/#breadcrumb\"},\"inLanguage\":\"en-US\",\"potentialAction\":[{\"@type\":\"ReadAction\",\"target\":[\"https:\\\/\\\/kosovatimes.info\\\/index.php\\\/2026\\\/09\\\/01\\\/be-ja-po-pergatit-sanksione-kunder-kampeve-te-femijeve-ne-rusi-dhe-korene-e-veriut\\\/\"]}]},{\"@type\":\"ImageObject\",\"inLanguage\":\"en-US\",\"@id\":\"https:\\\/\\\/kosovatimes.info\\\/index.php\\\/2026\\\/09\\\/01\\\/be-ja-po-pergatit-sanksione-kunder-kampeve-te-femijeve-ne-rusi-dhe-korene-e-veriut\\\/#primaryimage\",\"url\":\"https:\\\/\\\/kosovatimes.info\\\/wp-content\\\/uploads\\\/2026\\\/09\\\/BE.avif\",\"contentUrl\":\"https:\\\/\\\/kosovatimes.info\\\/wp-content\\\/uploads\\\/2026\\\/09\\\/BE.avif\",\"width\":1023,\"height\":575},{\"@type\":\"BreadcrumbList\",\"@id\":\"https:\\\/\\\/kosovatimes.info\\\/index.php\\\/2026\\\/09\\\/01\\\/be-ja-po-pergatit-sanksione-kunder-kampeve-te-femijeve-ne-rusi-dhe-korene-e-veriut\\\/#breadcrumb\",\"itemListElement\":[{\"@type\":\"ListItem\",\"position\":1,\"name\":\"Home\",\"item\":\"https:\\\/\\\/kosovatimes.info\\\/\"},{\"@type\":\"ListItem\",\"position\":2,\"name\":\"BE-ja po p\u00ebrgatit sanksione kund\u00ebr kampeve t\u00eb f\u00ebmij\u00ebve n\u00eb Rusi dhe Koren\u00eb e Veriut\"}]},{\"@type\":\"WebSite\",\"@id\":\"https:\\\/\\\/kosovatimes.info\\\/#website\",\"url\":\"https:\\\/\\\/kosovatimes.info\\\/\",\"name\":\"Kosova Times\",\"description\":\"\",\"potentialAction\":[{\"@type\":\"SearchAction\",\"target\":{\"@type\":\"EntryPoint\",\"urlTemplate\":\"https:\\\/\\\/kosovatimes.info\\\/?s={search_term_string}\"},\"query-input\":{\"@type\":\"PropertyValueSpecification\",\"valueRequired\":true,\"valueName\":\"search_term_string\"}}],\"inLanguage\":\"en-US\"},{\"@type\":\"Person\",\"@id\":\"https:\\\/\\\/kosovatimes.info\\\/#\\\/schema\\\/person\\\/7586712b9c512fe68085de007378c915\",\"name\":\"i l\",\"image\":{\"@type\":\"ImageObject\",\"inLanguage\":\"en-US\",\"@id\":\"https:\\\/\\\/secure.gravatar.com\\\/avatar\\\/bad9296e02816160ae2e2435beda58222022298d5625d49fea74d18816fbb31d?s=96&d=mm&r=g\",\"url\":\"https:\\\/\\\/secure.gravatar.com\\\/avatar\\\/bad9296e02816160ae2e2435beda58222022298d5625d49fea74d18816fbb31d?s=96&d=mm&r=g\",\"contentUrl\":\"https:\\\/\\\/secure.gravatar.com\\\/avatar\\\/bad9296e02816160ae2e2435beda58222022298d5625d49fea74d18816fbb31d?s=96&d=mm&r=g\",\"caption\":\"i l\"},\"url\":\"https:\\\/\\\/kosovatimes.info\\\/index.php\\\/author\\\/iliri\\\/\"}]}<\/script>\n<!-- \/ Yoast SEO plugin. -->","yoast_head_json":{"title":"BE-ja po p\u00ebrgatit sanksione kund\u00ebr kampeve t\u00eb f\u00ebmij\u00ebve n\u00eb Rusi dhe Koren\u00eb e Veriut - Kosova Times","robots":{"index":"index","follow":"follow","max-snippet":"max-snippet:-1","max-image-preview":"max-image-preview:large","max-video-preview":"max-video-preview:-1"},"canonical":"https:\/\/kosovatimes.info\/index.php\/2026\/09\/01\/be-ja-po-pergatit-sanksione-kunder-kampeve-te-femijeve-ne-rusi-dhe-korene-e-veriut\/","og_locale":"en_US","og_type":"article","og_title":"BE-ja po p\u00ebrgatit sanksione kund\u00ebr kampeve t\u00eb f\u00ebmij\u00ebve n\u00eb Rusi dhe Koren\u00eb e Veriut - Kosova Times","og_description":"Kampet e f\u00ebmij\u00ebve n\u00eb Rusi, Krimen\u00eb e aneksuar dhe Koren\u00eb e Veriut, si dhe zyrtar\u00ebt p\u00ebrgjegj\u00ebs p\u00ebr arsimin n\u00eb territoret e Ukrain\u00ebs t\u00eb pushtuara nga ushtria ruse, mund t&#8217;i n\u00ebnshtrohen sanksioneve t\u00eb reja t\u00eb BE-s\u00eb, sipas korrespondentit evropian t\u00eb Radios Evropa e Lir\u00eb, Rikard Jozwiak. Nj\u00eb kopje e dokumentit p\u00ebrkat\u00ebs \u00ebsht\u00eb n\u00eb dispozicion t\u00eb stafit [&hellip;]","og_url":"https:\/\/kosovatimes.info\/index.php\/2026\/09\/01\/be-ja-po-pergatit-sanksione-kunder-kampeve-te-femijeve-ne-rusi-dhe-korene-e-veriut\/","og_site_name":"Kosova Times","article_published_time":"2026-09-01T09:45:00+00:00","article_modified_time":"2026-09-01T12:46:07+00:00","author":"i l","twitter_card":"summary_large_image","twitter_misc":{"Written by":"i l","Est. reading time":"3 minutes"},"schema":{"@context":"https:\/\/schema.org","@graph":[{"@type":"Article","@id":"https:\/\/kosovatimes.info\/index.php\/2026\/09\/01\/be-ja-po-pergatit-sanksione-kunder-kampeve-te-femijeve-ne-rusi-dhe-korene-e-veriut\/#article","isPartOf":{"@id":"https:\/\/kosovatimes.info\/index.php\/2026\/09\/01\/be-ja-po-pergatit-sanksione-kunder-kampeve-te-femijeve-ne-rusi-dhe-korene-e-veriut\/"},"author":{"name":"i l","@id":"https:\/\/kosovatimes.info\/#\/schema\/person\/7586712b9c512fe68085de007378c915"},"headline":"BE-ja po p\u00ebrgatit sanksione kund\u00ebr kampeve t\u00eb f\u00ebmij\u00ebve n\u00eb Rusi dhe Koren\u00eb e Veriut","datePublished":"2026-09-01T09:45:00+00:00","dateModified":"2026-09-01T12:46:07+00:00","mainEntityOfPage":{"@id":"https:\/\/kosovatimes.info\/index.php\/2026\/09\/01\/be-ja-po-pergatit-sanksione-kunder-kampeve-te-femijeve-ne-rusi-dhe-korene-e-veriut\/"},"wordCount":670,"commentCount":0,"image":{"@id":"https:\/\/kosovatimes.info\/index.php\/2026\/09\/01\/be-ja-po-pergatit-sanksione-kunder-kampeve-te-femijeve-ne-rusi-dhe-korene-e-veriut\/#primaryimage"},"thumbnailUrl":"https:\/\/kosovatimes.info\/wp-content\/uploads\/2026\/09\/BE.avif","articleSection":["Bot\u00eb","Lajme"],"inLanguage":"en-US","potentialAction":[{"@type":"CommentAction","name":"Comment","target":["https:\/\/kosovatimes.info\/index.php\/2026\/09\/01\/be-ja-po-pergatit-sanksione-kunder-kampeve-te-femijeve-ne-rusi-dhe-korene-e-veriut\/#respond"]}]},{"@type":"WebPage","@id":"https:\/\/kosovatimes.info\/index.php\/2026\/09\/01\/be-ja-po-pergatit-sanksione-kunder-kampeve-te-femijeve-ne-rusi-dhe-korene-e-veriut\/","url":"https:\/\/kosovatimes.info\/index.php\/2026\/09\/01\/be-ja-po-pergatit-sanksione-kunder-kampeve-te-femijeve-ne-rusi-dhe-korene-e-veriut\/","name":"BE-ja po p\u00ebrgatit sanksione kund\u00ebr kampeve t\u00eb f\u00ebmij\u00ebve n\u00eb Rusi dhe Koren\u00eb e Veriut - Kosova Times","isPartOf":{"@id":"https:\/\/kosovatimes.info\/#website"},"primaryImageOfPage":{"@id":"https:\/\/kosovatimes.info\/index.php\/2026\/09\/01\/be-ja-po-pergatit-sanksione-kunder-kampeve-te-femijeve-ne-rusi-dhe-korene-e-veriut\/#primaryimage"},"image":{"@id":"https:\/\/kosovatimes.info\/index.php\/2026\/09\/01\/be-ja-po-pergatit-sanksione-kunder-kampeve-te-femijeve-ne-rusi-dhe-korene-e-veriut\/#primaryimage"},"thumbnailUrl":"https:\/\/kosovatimes.info\/wp-content\/uploads\/2026\/09\/BE.avif","datePublished":"2026-09-01T09:45:00+00:00","dateModified":"2026-09-01T12:46:07+00:00","author":{"@id":"https:\/\/kosovatimes.info\/#\/schema\/person\/7586712b9c512fe68085de007378c915"},"breadcrumb":{"@id":"https:\/\/kosovatimes.info\/index.php\/2026\/09\/01\/be-ja-po-pergatit-sanksione-kunder-kampeve-te-femijeve-ne-rusi-dhe-korene-e-veriut\/#breadcrumb"},"inLanguage":"en-US","potentialAction":[{"@type":"ReadAction","target":["https:\/\/kosovatimes.info\/index.php\/2026\/09\/01\/be-ja-po-pergatit-sanksione-kunder-kampeve-te-femijeve-ne-rusi-dhe-korene-e-veriut\/"]}]},{"@type":"ImageObject","inLanguage":"en-US","@id":"https:\/\/kosovatimes.info\/index.php\/2026\/09\/01\/be-ja-po-pergatit-sanksione-kunder-kampeve-te-femijeve-ne-rusi-dhe-korene-e-veriut\/#primaryimage","url":"https:\/\/kosovatimes.info\/wp-content\/uploads\/2026\/09\/BE.avif","contentUrl":"https:\/\/kosovatimes.info\/wp-content\/uploads\/2026\/09\/BE.avif","width":1023,"height":575},{"@type":"BreadcrumbList","@id":"https:\/\/kosovatimes.info\/index.php\/2026\/09\/01\/be-ja-po-pergatit-sanksione-kunder-kampeve-te-femijeve-ne-rusi-dhe-korene-e-veriut\/#breadcrumb","itemListElement":[{"@type":"ListItem","position":1,"name":"Home","item":"https:\/\/kosovatimes.info\/"},{"@type":"ListItem","position":2,"name":"BE-ja po p\u00ebrgatit sanksione kund\u00ebr kampeve t\u00eb f\u00ebmij\u00ebve n\u00eb Rusi dhe Koren\u00eb e Veriut"}]},{"@type":"WebSite","@id":"https:\/\/kosovatimes.info\/#website","url":"https:\/\/kosovatimes.info\/","name":"Kosova Times","description":"","potentialAction":[{"@type":"SearchAction","target":{"@type":"EntryPoint","urlTemplate":"https:\/\/kosovatimes.info\/?s={search_term_string}"},"query-input":{"@type":"PropertyValueSpecification","valueRequired":true,"valueName":"search_term_string"}}],"inLanguage":"en-US"},{"@type":"Person","@id":"https:\/\/kosovatimes.info\/#\/schema\/person\/7586712b9c512fe68085de007378c915","name":"i l","image":{"@type":"ImageObject","inLanguage":"en-US","@id":"https:\/\/secure.gravatar.com\/avatar\/bad9296e02816160ae2e2435beda58222022298d5625d49fea74d18816fbb31d?s=96&d=mm&r=g","url":"https:\/\/secure.gravatar.com\/avatar\/bad9296e02816160ae2e2435beda58222022298d5625d49fea74d18816fbb31d?s=96&d=mm&r=g","contentUrl":"https:\/\/secure.gravatar.com\/avatar\/bad9296e02816160ae2e2435beda58222022298d5625d49fea74d18816fbb31d?s=96&d=mm&r=g","caption":"i l"},"url":"https:\/\/kosovatimes.info\/index.php\/author\/iliri\/"}]}},"_links":{"self":[{"href":"https:\/\/kosovatimes.info\/index.php\/wp-json\/wp\/v2\/posts\/30456","targetHints":{"allow":["GET"]}}],"collection":[{"href":"https:\/\/kosovatimes.info\/index.php\/wp-json\/wp\/v2\/posts"}],"about":[{"href":"https:\/\/kosovatimes.info\/index.php\/wp-json\/wp\/v2\/types\/post"}],"author":[{"embeddable":true,"href":"https:\/\/kosovatimes.info\/index.php\/wp-json\/wp\/v2\/users\/4"}],"replies":[{"embeddable":true,"href":"https:\/\/kosovatimes.info\/index.php\/wp-json\/wp\/v2\/comments?post=30456"}],"version-history":[{"count":1,"href":"https:\/\/kosovatimes.info\/index.php\/wp-json\/wp\/v2\/posts\/30456\/revisions"}],"predecessor-version":[{"id":30458,"href":"https:\/\/kosovatimes.info\/index.php\/wp-json\/wp\/v2\/posts\/30456\/revisions\/30458"}],"wp:featuredmedia":[{"embeddable":true,"href":"https:\/\/kosovatimes.info\/index.php\/wp-json\/wp\/v2\/media\/30457"}],"wp:attachment":[{"href":"https:\/\/kosovatimes.info\/index.php\/wp-json\/wp\/v2\/media?parent=30456"}],"wp:term":[{"taxonomy":"category","embeddable":true,"href":"https:\/\/kosovatimes.info\/index.php\/wp-json\/wp\/v2\/categories?post=30456"},{"taxonomy":"post_tag","embeddable":true,"href":"https:\/\/kosovatimes.info\/index.php\/wp-json\/wp\/v2\/tags?post=30456"}],"curies":[{"name":"wp","href":"https:\/\/api.w.org\/{rel}","templated":true}]}}