{"id":30459,"date":"2026-09-01T14:48:16","date_gmt":"2026-09-01T12:48:16","guid":{"rendered":"https:\/\/kosovatimes.info\/?p=30459"},"modified":"2026-09-01T14:48:18","modified_gmt":"2026-09-01T12:48:18","slug":"tanke-ne-vend-te-krishtit-si-u-mashtruan-pacifistet-italiane-ne-moske","status":"publish","type":"post","link":"https:\/\/kosovatimes.info\/index.php\/2026\/09\/01\/tanke-ne-vend-te-krishtit-si-u-mashtruan-pacifistet-italiane-ne-moske\/","title":{"rendered":"Tanke n\u00eb vend t\u00eb Krishtit: Si u mashtruan pacifist\u00ebt italian\u00eb n\u00eb Mosk\u00eb"},"content":{"rendered":"\n<p class=\"wp-block-paragraph\"><strong>&#8220;Ka ardhur koha q\u00eb Bashkimi Evropian t\u00eb flas\u00eb me Rusin\u00eb, p\u00ebrndryshe rrezikon t\u00eb p\u00ebrjashtohet nga p\u00ebrcaktimi i kushteve t\u00eb paqes&#8221;,&nbsp;<\/strong><a href=\"https:\/\/t.me\/ostrovlempo\/5\"><strong>thot\u00eb<\/strong><\/a><strong>&nbsp;kryeministri italian Giorgio Meloni. Nd\u00ebrkoh\u00eb, dialogu kulturor midis Rusis\u00eb dhe Italis\u00eb ka mbetur praktikisht i pand\u00ebrprer\u00eb &#8211; Italia ka d\u00ebshmuar t\u00eb jet\u00eb nj\u00eb nga vendet evropiane m\u00eb miq\u00ebsore me Mosk\u00ebn n\u00eb k\u00ebt\u00eb drejtim.<\/strong><\/p>\n\n\n\n<p class=\"wp-block-paragraph\">K\u00ebt\u00eb vit, p\u00ebr her\u00eb t\u00eb par\u00eb q\u00eb nga pushtimi i plot\u00eb i Ukrain\u00ebs nga Rusia, Bienalja e Venedikut paraqiti nj\u00eb pavijon rus, pavar\u00ebsisht&nbsp;<a href=\"https:\/\/www.dw.com\/ru\/es-izucit-otvet-venecianskoj-biennale-po-povodu-pavilona-rossii\/a-77380703\">protestave<\/a>&nbsp;nga Ukraina dhe Komisioni Evropian.&nbsp;<a href=\"https:\/\/reggiadicaserta.cultura.gov.it\/alla-reggia-di-caserta-torna-la-grande-musica-con-la-ix-edizione-di-unestate-da-re\/?utm\">Koncerti<\/a>&nbsp;i dirigjentit Valery Gergiev n\u00eb korrik 2025 n\u00eb Reggio di Caserta u&nbsp;<a href=\"https:\/\/www.reuters.com\/world\/europe\/italy-cancels-concert-with-pro-putin-conductor-gergiev-2025-07-21\/?utm\">anulua<\/a>&nbsp;vet\u00ebm n\u00ebn presionin e publikut. Bashk\u00ebpunimi kulturor mund t\u00eb p\u00ebrshkruhet fare mir\u00eb si dypal\u00ebsh: pianistja dhe dirigjentja veneciane Beatrice Venesi planifikon t\u00eb v\u00ebr\u00eb n\u00eb sken\u00eb nj\u00eb oper\u00eb n\u00eb Novosibirsk k\u00ebt\u00eb vjesht\u00eb. &#8220;Mendoj se kultura mund t\u00eb jet\u00eb nj\u00eb ur\u00eb dhe nj\u00eb mjet jasht\u00ebzakonisht i r\u00ebnd\u00ebsish\u00ebm dialogu&#8221;,&nbsp;<a href=\"https:\/\/www.ansa.it\/sito\/notizie\/cultura\/musica\/2026\/08\/01\/venezi-russia-non-mischiare-cultura-e-politica-e-china-molto-pericolosa_8f9417b5-cee8-4e33-ae06-a3bbea7bb252.html\">komentoi<\/a>&nbsp;ajo vendimin e saj p\u00ebr shtypin italian. Megjithat\u00eb, jo t\u00eb gjitha p\u00ebrpjekjet p\u00ebr t\u00eb vendosur dialog p\u00ebr hir t\u00eb paqes, madje edhe ato t\u00eb nisura me q\u00ebllime t\u00eb sinqerta, \u00e7ojn\u00eb n\u00eb rezultatet e pritura.<\/p>\n\n\n\n<p class=\"wp-block-paragraph\">Pik\u00ebrisht nj\u00eb vit m\u00eb par\u00eb, m\u00eb 1 shtator 2025, artisti italian&nbsp;<strong>Francesco Astiaso Garcia<\/strong>&nbsp;,&nbsp;<a href=\"https:\/\/www.ucainazionale.eu\/consiglio-direttivo\/?utm\">president<\/a>&nbsp;i Unionit t\u00eb Artist\u00ebve Katolik\u00eb t\u00eb Italis\u00eb, erdhi n\u00eb Mosk\u00eb p\u00ebr t\u00eb prezantuar ekspozit\u00ebn &#8220;Bukuria e Krishtit do t\u00eb Shp\u00ebtoj\u00eb Bot\u00ebn&#8221; (&nbsp;<em>La Bellezza di Cristo salva il mondo<\/em>&nbsp;) n\u00eb Sht\u00ebpin\u00eb e Komb\u00ebsive n\u00eb Rrug\u00ebn Novaya Basmannaya. Kjo ekspozit\u00eb, i tha artisti Sistem\u00ebs, &#8220;ishte menduar t\u00eb ishte, mbi t\u00eb gjitha, nj\u00eb shenj\u00eb paqeje, nj\u00eb shprehje konkrete e besimit n\u00eb njer\u00ebzim dhe n\u00eb fuqin\u00eb e dialogut bazuar n\u00eb Bukurin\u00eb e v\u00ebrtet\u00eb t\u00eb besimit ton\u00eb t\u00eb p\u00ebrbashk\u00ebt me v\u00ebllez\u00ebrit tan\u00eb rus\u00eb&#8221;. Ekspozita e planifikuar&nbsp;<a href=\"https:\/\/www.osservatoreromano.va\/it\/news\/2025-09\/quo-208\/l-idiota-e-la-speranza.html?utm\">paraqiste<\/a>&nbsp;piktura nga gjasht\u00ebdhjet\u00eb artist\u00eb nga pes\u00ebmb\u00ebdhjet\u00eb vende, t\u00eb gjith\u00eb duke p\u00ebrshkruar Krishtin. Megjithat\u00eb, n\u00eb prag t\u00eb hapjes s\u00eb saj, nj\u00eb an\u00ebtar i lart\u00eb i parlamentit rus inspektoi ekspozit\u00ebn dhe urdh\u00ebroi \u00e7montimin e saj, duke e z\u00ebvend\u00ebsuar at\u00eb me nxitim me nj\u00eb ekspozit\u00eb kushtuar fitores s\u00eb Bashkimit Sovjetik n\u00eb Luft\u00ebn e Madhe Patriotike.<\/p>\n\n\n\n<h3 class=\"wp-block-heading\">Nj\u00eb vazhdim logjik<\/h3>\n\n\n\n<p class=\"wp-block-paragraph\">Tre vjet m\u00eb par\u00eb, pak pas pushtimit t\u00eb plot\u00eb t\u00eb Ukrain\u00ebs nga trupat ruse, Astiaso Garcia kishte organizuar tashm\u00eb nj\u00eb&nbsp;<a href=\"https:\/\/www.francescoastiasogarcia.com\/2022\/04\/?utm\">ekspozit\u00eb<\/a>&nbsp;t\u00eb piktur\u00ebs s\u00eb krishter\u00eb n\u00eb Rom\u00eb, e lidhur me luft\u00ebn. Ishte nj\u00eb ekspozit\u00eb n\u00eb mb\u00ebshtetje t\u00eb refugjat\u00ebve, f\u00ebmij\u00ebve dhe grave ukrainase. Ekspozita n\u00eb Mosk\u00eb, &#8220;Bukuria e Krishtit do t\u00eb Shp\u00ebtoj\u00eb Bot\u00ebn&#8221;, i tha artisti Sistem\u00ebs, &#8220;kishte p\u00ebr q\u00ebllim t\u00eb ishte nj\u00eb vazhdim logjik i ekspozit\u00ebs romake n\u00eb Palazzo San Callisto &#8211; n\u00ebp\u00ebrmjet fuqis\u00eb s\u00eb artit t\u00eb krishter\u00eb, artisti k\u00ebrkoi t&#8217;i &#8220;ngrohte&#8221; refugjat\u00ebt ukrainas n\u00eb Itali n\u00eb vitin 2022, dhe n\u00ebp\u00ebrmjet fuqis\u00eb s\u00eb artit, ai k\u00ebrkoi t&#8217;u kujtonte rus\u00ebve Krishtin n\u00eb Mosk\u00eb n\u00eb vitin 2025&#8243;.<\/p>\n\n\n\n<p class=\"wp-block-paragraph\">Artisti i thot\u00eb Sistem\u00ebs se t\u00eb gjitha veprat n\u00eb ekspozit\u00ebn e tij t\u00eb planifikuar n\u00eb Mosk\u00eb p\u00ebrshkruanin &#8220;njeriun m\u00eb t\u00eb bukur n\u00eb Tok\u00eb&#8221; &#8211; Krishtin. Nj\u00eb nga veprat u kujtoi shikuesve se Krishti u b\u00ebri thirrje atyre t\u00eb &#8220;duanin armiqt\u00eb e tyre&#8221;. Astiaso Garcia thot\u00eb se i solli t\u00eb gjitha veprat n\u00eb Mosk\u00eb me shpenzimet e tij, n\u00eb valixhe, dhe nuk mori asnj\u00eb kompensim nga organizator\u00ebt e Mosk\u00ebs p\u00ebr kurimin e ekspozit\u00ebs.<\/p>\n\n\n\n<p class=\"wp-block-paragraph\">Mbr\u00ebmjen para panairit t\u00eb Mosk\u00ebs, tregon Astiazo Garcia, organizator\u00ebt e telefonuan dhe e njoftuan se ekspozita e tij ishte \u00e7montuar. Nj\u00eb &#8220;an\u00ebtar i lart\u00eb i parlamentit rus&#8221; dyshohet se e kishte inspektuar dhe ndaluar. N\u00eb vend t\u00eb ekspozit\u00ebs &#8220;Bukuria e Krishtit do t\u00eb Shp\u00ebtoj\u00eb Bot\u00ebn&#8221;, ekspozita do t\u00eb z\u00ebvend\u00ebsohej nga nj\u00eb ekspozit\u00eb kushtuar tet\u00ebdhjet\u00eb vjetorit t\u00eb fitores s\u00eb Bashkimit Sovjetik n\u00eb Luft\u00ebn e Dyt\u00eb Bot\u00ebrore. Megjithat\u00eb, Astiazo Garcia ishte ende i ftuar n\u00eb panair dhe n\u00eb diskutimin e tryez\u00ebs s\u00eb rrumbullak\u00ebt q\u00eb do t\u00eb zhvillohej n\u00eb lidhje me hapjen e ekspozit\u00ebs.<\/p>\n\n\n\n<figure class=\"wp-block-image is-resized\"><img decoding=\"async\" src=\"https:\/\/gdb.rferl.org\/6cab9c06-1e53-4d7e-4b4c-08decacf94d0_w650_r0_s.jpg\" alt=\"Vizitor\u00ebt e ekspozit\u00ebs &quot;Fitorja e Madhe dhe Paqja e Atdheut&quot; n\u00eb Mosk\u00eb m\u00eb 1 shtator 2025.\" style=\"aspect-ratio:1.3346855983772818;width:658px;height:auto\"\/><figcaption class=\"wp-element-caption\">Vizitor\u00ebt e ekspozit\u00ebs &#8220;Fitorja e Madhe dhe Paqja e Atdheut&#8221; n\u00eb Mosk\u00eb m\u00eb 1 shtator 2025.<\/figcaption><\/figure>\n\n\n\n<p class=\"wp-block-paragraph\">Artisti e siguron Sistem\u00ebn se ishte i shqet\u00ebsuar p\u00ebr fatin e veprave q\u00eb kishte sjell\u00eb n\u00eb Mosk\u00eb dhe nuk donte t\u2019i zhg\u00ebnjente organizator\u00ebt, t\u00eb cil\u00ebt kishin qen\u00eb kaq t\u00eb sjellsh\u00ebm me t\u00eb. Prandaj, nuk mundi t\u00eb gjente forc\u00ebn t\u00eb refuzonte t\u00eb merrte pjes\u00eb n\u00eb hapjen e k\u00ebsaj ekspozite pa lidhje. N\u00eb vend t\u00eb k\u00ebsaj, ai mbajti nj\u00eb&nbsp;<a href=\"https:\/\/www.francescoastiasogarcia.com\/2025\/09\/un-mondo-diverso-e-ancora-possibile.html?utm\">fjalim<\/a>&nbsp;n\u00eb tryez\u00ebn e rrumbullak\u00ebt p\u00ebr Krishtin, i cili nuk kishte t\u00eb b\u00ebnte fare me pikturat e varura n\u00eb mure. Pikturat&nbsp;<a href=\"https:\/\/peacefound.ru\/news\/tpost\/ztexoficc1-mezhdunarodnaya-vistavka-velikaya-pobeda?utm\">p\u00ebrshkruanin<\/a>&nbsp;tanke, aeroplan\u00eb dhe nj\u00eb veteran lufte t\u00eb ulur n\u00eb sfondin e steles &#8220;Kievi&#8221;.<\/p>\n\n\n\n<p class=\"wp-block-paragraph\">Mediat kryesore italiane dhe ruse e injoruan ekspozit\u00ebn. Shtypi katolik n\u00eb Itali e p\u00ebrshkroi ekspozit\u00ebn si nj\u00eb p\u00ebrpjekje t\u00eb d\u00ebshp\u00ebruar nga nj\u00eb intelektual evropian p\u00ebr t&#8217;u kujtuar rus\u00ebve idealet e paqes dhe t\u00eb mir\u00ebsis\u00eb, duke u p\u00ebrpjekur k\u00ebshtu t\u00eb ndalonte luft\u00ebn n\u00eb Ukrain\u00eb.&nbsp;<a href=\"https:\/\/www.difesapopolo.it\/lidiota-e-la-speranza-la-provocazione-di-una-piccola-mostra-darte-cristiana-a-mosca\/?utm\">Nj\u00eb artikull<\/a>&nbsp;rreth ekspozit\u00ebs n\u00eb gazet\u00ebn&nbsp;<em>La Difesa del Popolo<\/em>&nbsp;titullohej &#8220;&#8216;Idioti&#8217; dhe Shpresa. Nj\u00eb Ekspozit\u00eb e Vog\u00ebl Provokuese e Artit t\u00eb Krishter\u00eb n\u00eb Mosk\u00eb&#8221;. Pa e ditur se ekspozita ishte z\u00ebvend\u00ebsuar, gazeta e portretizoi Francesco Astiaso Garcian si nj\u00eb lloj Princi Myshkin nga romani i Dostojevskit &#8220;Idioti&#8221;, i cili p\u00ebrpiqet me naivitet t\u00eb pajtoj\u00eb t\u00eb gjith\u00eb p\u00ebrmes artit, duke u mb\u00ebshtetur n\u00eb fraz\u00ebn e Dostojevskit &#8220;bukuria do t\u00eb shp\u00ebtoj\u00eb bot\u00ebn&#8221;.&nbsp;<em>L&#8217;Osservatore Romano , nga ana tjet\u00ebr,&nbsp;<\/em><a href=\"https:\/\/www.osservatoreromano.va\/it\/news\/2025-09\/quo-208\/l-idiota-e-la-speranza.html\">raportoi<\/a>&nbsp;se ekspozita paraqet &#8220;reflektime nga artist\u00eb nga gjasht\u00ebdhjet\u00eb vende mbi figur\u00ebn e Krishtit si burim shprese dhe paqeje&#8221;.<\/p>\n\n\n\n<p class=\"wp-block-paragraph\"><a href=\"https:\/\/www.instagram.com\/p\/DOakvqjDVA1\/?igsh=MTk4ZmQ1dDNmNmMwdQ%3D%3D\">Vet\u00eb Francesco Garcia shkroi<\/a>&nbsp;n\u00eb llogarin\u00eb e tij n\u00eb Instagram m\u00eb 10 shtator 2025&nbsp;se kishte ardhur n\u00eb Mosk\u00eb si i d\u00ebrguar i paqes dhe ishte i bindur se, pavar\u00ebsisht t\u00eb gjitha kontradiktave, dialogu \u00ebsht\u00eb i mundur: &#8220;Ndoshta nj\u00eb dialog i pap\u00ebrsosur, n\u00eb disa m\u00ebnyra zhg\u00ebnjyes dhe surprizues, jo dialogu q\u00eb imagjinonim, por prap\u00ebseprap\u00eb nj\u00eb dialog.&#8221;<\/p>\n\n\n\n<h3 class=\"wp-block-heading\">Lista e zhg\u00ebnjimeve<\/h3>\n\n\n\n<p class=\"wp-block-paragraph\">Zhg\u00ebnjimi i Francesco Garcias, sigurisht, rrjedh nga fakti se nuk pati ekspozit\u00eb &#8220;Bukuria e Krishtit do t\u00eb Shp\u00ebtoj\u00eb Bot\u00ebn&#8221; n\u00eb Sht\u00ebpin\u00eb e Komb\u00ebsive t\u00eb Mosk\u00ebs n\u00eb fillim t\u00eb shtatorit 2025. N\u00eb vend t\u00eb k\u00ebsaj, pati&nbsp;<a href=\"https:\/\/mdn.ru\/report\/nauchno-reabilitatsionnyj-tsentr-inva-akademiya-prezentatsiya-mezhdunarodnoj-vystavki-posvyashhennoj-80-letiyu-velikoj-pobedy-nad-fashizmom-velikaya-pobeda-i-mir-rodiny-v-tvorchestve-detej-i-vzrosly\">nj\u00eb ekspozit\u00eb t\u00eb quajtur<\/a>&nbsp;&#8220;Fitorja e Madhe dhe Paqja e Atdheut n\u00eb Artin e F\u00ebmij\u00ebve dhe t\u00eb Rriturve, P\u00ebrfshir\u00eb Ata me Aft\u00ebsi t\u00eb Kufizuara&#8221;, e organizuar me pjes\u00ebmarrjen e &#8220;nj\u00eb grupi krijues artist\u00ebsh nga Italia n\u00ebn drejtimin e kuratores Anna Usova&#8221;. Sipas&nbsp;<a href=\"https:\/\/mdn.ru\/report\/nauchno-reabilitatsionnyj-tsentr-inva-akademiya-prezentatsiya-mezhdunarodnoj-vystavki-posvyashhennoj-80-letiyu-velikoj-pobedy-nad-fashizmom-velikaya-pobeda-i-mir-rodiny-v-tvorchestve-detej-i-vzrosly\">raportit dhe fotografive<\/a>&nbsp;n\u00eb faqen e internetit t\u00eb Sht\u00ebpis\u00eb s\u00eb Komb\u00ebsive t\u00eb Mosk\u00ebs, Francesco Astiaso Garcia mori pjes\u00eb n\u00eb diskutimin e tryez\u00ebs s\u00eb rrumbullak\u00ebt kushtuar hapjes s\u00eb ekspozit\u00ebs.<\/p>\n\n\n\n<p class=\"wp-block-paragraph\">Organizatori kryesor i ekspozit\u00ebs ishte Qendra Shkencore e Rehabilitimit &#8220;Inva-Academy&#8221; me seli n\u00eb Krasnodar. Sipas faqes s\u00eb internetit t\u00eb qendr\u00ebs, ajo u hap n\u00eb vitin 1993 si nj\u00eb nj\u00ebsi e vog\u00ebl rehabilitimi p\u00ebr vet\u00ebm pes\u00eb f\u00ebmij\u00eb, por me kalimin e koh\u00ebs ka fituar lidhje t\u00eb r\u00ebnd\u00ebsishme: q\u00eb nga viti 2004, partneri i p\u00ebrgjithsh\u00ebm i projektit&nbsp;<a href=\"https:\/\/kuban.volnoe-delo.ru\/directions\/inva-akademiya\/\">ka qen\u00eb<\/a>&nbsp;fondacioni bamir\u00ebs i Oleg Deripask\u00ebs, &#8220;Volnoe Delo&#8221;, dhe&nbsp;<a href=\"https:\/\/inva-akademia.ru\/sobitiya\/popechitelskij-sovet-sopredsedateli\/\">bordi i administrator\u00ebve<\/a>&nbsp;t\u00eb saj p\u00ebrfshin, ose kan\u00eb p\u00ebrfshir\u00eb, Iosif Kobzon, Leonid Roshal, Genri Reznik, Vladimir Spivakov &#8211; si dhe vet\u00eb Oleg Deripaska, Nikita Mikhalkov dhe Dmitry Rogozin. Inva-Academy nuk iu p\u00ebrgjigj k\u00ebrkes\u00ebs s\u00eb Sistema-s p\u00ebr koment.<\/p>\n\n\n\n<p class=\"wp-block-paragraph\"><a href=\"https:\/\/nepotism.proekt.media\/cards\/rel\/rogozina-tatyana-gennadevna\" target=\"_blank\" rel=\"noopener\"><\/a><strong>K\u00ebng\u00ebtarja Tatyana Rogozina ,&nbsp;<\/strong><a href=\"https:\/\/nepotism.proekt.media\/cards\/rel\/rogozina-tatyana-gennadevna\" target=\"_blank\" rel=\"noopener\">bashk\u00ebshortja e<\/a>&nbsp;Dmitry Rogozin, nj\u00eb senator nga rajoni i Zaporizhzhis\u00eb i pushtuar nga Rusia dhe ish-z\u00ebvend\u00ebskryeminist\u00ebr dhe kreu i Roscosmos,&nbsp;\u00ebsht\u00eb&nbsp;<a href=\"https:\/\/2021.eawf.ru\/programme\/business-programme\/\">kryetare<\/a>&nbsp;e bordit t\u00eb administrator\u00ebve t\u00eb Inva-Academy. T\u00eb ftuarit e hapjes s\u00eb ekspozit\u00ebs, ku mori pjes\u00eb edhe Garcia, pat\u00ebn mund\u00ebsin\u00eb&nbsp;<a href=\"https:\/\/mdn.ru\/announcement\/prezentatsiya-mezhdunarodnoj-vystavki-posvyashhennoj-80-letiyu-velikoj-pobedy-nad-fashizmom-velikaya-pobeda-i-mir-rodiny-v-tvorchestve-detej-i-vzroslyh-v-tom-chisle-s-ogranichennymi-vozmozhnostyami-z\">t\u00eb shijonin<\/a>&nbsp;nj\u00eb&nbsp;<a href=\"https:\/\/mdn.ru\/announcement\/prezentatsiya-mezhdunarodnoj-vystavki-posvyashhennoj-80-letiyu-velikoj-pobedy-nad-fashizmom-velikaya-pobeda-i-mir-rodiny-v-tvorchestve-detej-i-vzroslyh-v-tom-chisle-s-ogranichennymi-vozmozhnostyami-z\">koncert t\u00eb shkurt\u00ebr me pjes\u00ebmarrjen e saj. Nikolai Tsikhelashvili, drejtor i OJQ-s\u00eb &#8220;P\u00ebr Heronjt\u00eb Tan\u00eb&#8221;, e cila&nbsp;<\/a><a href=\"https:\/\/xn--80aggkucbnr9e3d.xn--p1ai\/\">ofron<\/a>&nbsp;ndihm\u00eb p\u00ebr forcat pushtuese ruse n\u00eb Ukrain\u00eb, ishte planifikuar gjithashtu t\u00eb k\u00ebndonte n\u00eb hapjen e ekspozit\u00ebs.&nbsp;Tsikhelashvili foli gjithashtu n\u00eb diskutimin e tryez\u00ebs s\u00eb rrumbullak\u00ebt, s\u00eb bashku me Francesco Astiaso Garcia.<\/p>\n\n\n\n<figure class=\"wp-block-image is-resized\"><img decoding=\"async\" src=\"https:\/\/gdb.rferl.org\/cfe6d9a8-b551-4efc-8369-08def2afcceb_w650_r0_s.jpg\" alt=\"Francesco Garcia (djathtas ekstrem) dhe Anna Usova (n\u00eb qend\u00ebr) n\u00eb nj\u00eb aktivitet n\u00eb Sht\u00ebpin\u00eb e Komb\u00ebsive n\u00eb Mosk\u00eb\" style=\"aspect-ratio:1.498861047835991;width:658px;height:auto\"\/><figcaption class=\"wp-element-caption\">Francesco Garcia (djathtas ekstrem) dhe Anna Usova (n\u00eb qend\u00ebr) n\u00eb nj\u00eb aktivitet n\u00eb Sht\u00ebpin\u00eb e Komb\u00ebsive n\u00eb Mosk\u00eb<\/figcaption><\/figure>\n\n\n\n<p class=\"wp-block-paragraph\">Astiazo Garcia i tregon Sistem\u00ebs se pas p\u00ebrurimit t\u00eb ekspozit\u00ebs pro-luft\u00ebs n\u00eb Sht\u00ebpin\u00eb e Komb\u00ebsive, veprat q\u00eb p\u00ebrshkruanin Krishtin iu dhan\u00eb atij dhe organizator\u00ebt u siguruan q\u00eb ekspozita &#8220;Bukuria e Krishtit do t\u00eb Shp\u00ebtoj\u00eb Bot\u00ebn&#8221;&nbsp;<a href=\"https:\/\/almazmir.ru\/2025\/09\/15\/%d0%bd%d0%b0-%d1%82%d0%b5%d1%80%d1%80%d0%b8%d1%82%d0%be%d1%80%d0%b8%d0%b8-%d0%b0%d0%be-%d0%b0%d0%bb%d0%bc%d0%b0%d0%b7%d0%bd%d1%8b%d0%b9-%d0%bc%d0%b8%d1%80-%d0%bf%d1%80%d0%be%d1%88%d0%bb\/\">t\u00eb mbahej<\/a>&nbsp;n\u00eb qendr\u00ebn e biznesit Almazny Mir, n\u00eb ambientet e nj\u00eb fabrike bizhuterish n\u00eb periferi veriper\u00ebndimore t\u00eb Mosk\u00ebs, ku dikur para luft\u00ebs ishte mbajtur&nbsp;<a href=\"https:\/\/www.acquerellisti.net\/2019\/02\/07\/mostra-dellucai-a-mosca-15-giugno-15-agosto-2019\/\">nj\u00eb ekspozit\u00eb<\/a>&nbsp;e artist\u00ebve katolik\u00eb italian\u00eb. Atje, Astiazo Garcia pati mund\u00ebsi t\u00eb prezantonte veprat q\u00eb kishte sjell\u00eb p\u00ebr publikun, duke mbajtur nj\u00eb fjalim tjet\u00ebr rreth Krishtit. Pati nj\u00eb hapje madh\u00ebshtore, nj\u00eb koncert me k\u00ebng\u00eb ruse dhe italiane dhe nj\u00eb diskutim informal, t\u00eb cilin, artisti i tregon Sistem\u00ebs, e shijoi shum\u00eb dhe frym\u00ebzoi shpres\u00ebn se dialogu midis kombeve nd\u00ebrluftuese \u00ebsht\u00eb i mundur.<\/p>\n\n\n\n<figure class=\"wp-block-image is-resized\"><img decoding=\"async\" src=\"https:\/\/gdb.rferl.org\/3175ef9c-02a3-48cd-eabb-08def2afcad7_w650_r0_s.jpg\" alt=\"Ekspozit\u00eb n\u00eb Sht\u00ebpin\u00eb e Diamantit\" style=\"aspect-ratio:2.9506726457399104;width:658px;height:auto\"\/><figcaption class=\"wp-element-caption\">Ekspozit\u00eb n\u00eb Sht\u00ebpin\u00eb e Diamantit<\/figcaption><\/figure>\n\n\n\n<p class=\"wp-block-paragraph\">Astiaso Garcia nuk ishte plot\u00ebsisht i sigurt se kush i organizoi t\u00eb dyja ekspozitat. Artisti thot\u00eb se bashk\u00ebkuratorja dhe e njohur e tij prej koh\u00ebsh,&nbsp;<strong>Anna Usova<\/strong>&nbsp;, nj\u00eb banore e hershme e Italis\u00eb e cila ka organizuar ekspozita t\u00eb shumta p\u00ebr Unionin e Artist\u00ebve Katolik\u00eb, i prezantoi organizator\u00ebt si m\u00eb posht\u00eb: &#8220;Inva-Academy&#8221; \u00ebsht\u00eb nj\u00eb organizat\u00eb publike e dedikuar p\u00ebr rehabilitimin e personave me aft\u00ebsi t\u00eb kufizuara p\u00ebrmes terapis\u00eb s\u00eb artit, dhe Tatyana Rogozina \u00ebsht\u00eb presidentja e k\u00ebsaj organizate bamir\u00ebse. Usova refuzoi t&#8217;i tregonte Garcias se kush ishte parlamentari i fuqish\u00ebm q\u00eb ndaloi ekspozit\u00ebn, dhe ai nuk e ndoqi \u00e7\u00ebshtjen. Anna Usova nuk iu p\u00ebrgjigj pyetjeve t\u00eb Sistema-s.<\/p>\n\n\n\n<h3 class=\"wp-block-heading\">Nj\u00eb astronaut me nj\u00eb drap\u00ebr<\/h3>\n\n\n\n<p class=\"wp-block-paragraph\">Nd\u00ebrkoh\u00eb, lista e lidhjeve kulturore q\u00eb Inva-Academy u p\u00ebrpoq t\u00eb krijonte me Italin\u00eb dhe Vatikanin \u00ebsht\u00eb e denj\u00eb p\u00ebr v\u00ebmendje.<\/p>\n\n\n\n<p class=\"wp-block-paragraph\">N\u00eb maj t\u00eb vitit 2014, pak koh\u00eb pas (por nuk ka prova lidhjeje me) aneksimin e Krimes\u00eb nga Rusia, Inva-Academy organizoi&nbsp;<a href=\"https:\/\/inva-akademia.ru\/sobitiya\/inva-studiya-v-rime\/?utm\">nj\u00eb ekspozit\u00eb<\/a>&nbsp;p\u00ebr repartet e saj n\u00eb Qendr\u00ebn Shkencore dhe Kulturore Ruse n\u00eb Rom\u00eb. T\u00eb rinjt\u00eb me aft\u00ebsi t\u00eb kufizuara dhe shoq\u00ebruesit e tyre &#8211; gjithsej 28 &#8211; erdh\u00ebn n\u00eb Itali t\u00eb sponsorizuar nga fondacioni bamir\u00ebs i Oleg Deripask\u00ebs, Volnoe Delo. Ekspozita u hap nga Ambasadori rus n\u00eb Vatikan,&nbsp;<strong>Alexander Avdeev<\/strong>&nbsp;.<\/p>\n\n\n\n<p class=\"wp-block-paragraph\">T\u00eb nes\u00ebrmen, artist\u00eb me aft\u00ebsi t\u00eb kufizuara nga Rusia mor\u00ebn pjes\u00eb n\u00eb&nbsp;<a href=\"https:\/\/www.vatican.va\/content\/francesco\/it\/audiences\/2014\/documents\/papa-francesco_20140521_udienza-generale.html?utm\">audienc\u00ebn<\/a>&nbsp;e p\u00ebrgjithshme t\u00eb Papa Fran\u00e7eskut n\u00eb Sheshin e Sh\u00ebn Pjetrit. Tridhjet\u00eb mij\u00eb njer\u00ebz ishin atje, por duke gjykuar nga&nbsp;<a href=\"https:\/\/inva-akademia.ru\/sobitiya\/inva-studiya-v-rime\/?utm\">fotot<\/a>&nbsp;n\u00eb faqen e internetit t\u00eb Inva-Academy, t\u00eb mentoruarit e saj u ul\u00ebn n\u00eb rreshtin e par\u00eb. Papa i bekoi personalisht secilin prej tyre dhe u dhuroi nga nj\u00eb kamban\u00eb kashte. Megjithat\u00eb, faqja e internetit e Inva-Academy&nbsp;<a href=\"https:\/\/inva-akademia.ru\/sobitiya\/inva-studiya-v-rime\/?utm\">pohon<\/a>&nbsp;se ata i dhuruan Pap\u00ebs jo vet\u00ebm nj\u00eb kamban\u00eb, por edhe portretin e tij dhe nj\u00eb ikon\u00eb t\u00eb Sh\u00ebn Fran\u00e7eskut (i cili nuk \u00ebsht\u00eb kanonizuar nga Kisha Ortodokse Ruse).<\/p>\n\n\n\n<p class=\"wp-block-paragraph\">N\u00eb vitin 2018, Muzeu i Kozmonautik\u00ebs dhe Teknologjis\u00eb s\u00eb Raketave Inva-Academy n\u00eb Sh\u00ebn Petersburg&nbsp;<a href=\"https:\/\/asi.org.ru\/event\/2018\/08\/02\/sankt-peterburg-inklyuzivnyj-forum-deti-tvorchestvo-integratsiya\/?utm\">priti<\/a>&nbsp;Forumin Nd\u00ebrkomb\u00ebtar &#8220;Kreativiteti &#8211; Nj\u00eb Bot\u00eb Pa Kufij&#8221;. Tre artist\u00eb italian\u00eb mor\u00ebn pjes\u00eb n\u00eb forum.<\/p>\n\n\n\n<p class=\"wp-block-paragraph\">N\u00eb qershor t\u00eb vitit 2021, Inva-Academy&nbsp;<a href=\"https:\/\/nts-tv.com\/news\/v-biblioteke-im-gaydara-otkrylas-russko-italyanska-35454\/?utm\">organizoi<\/a>&nbsp;nj\u00eb ekspozit\u00eb me vepra nga artist\u00eb italian\u00eb kushtuar 200-vjetorit t\u00eb Dostojevskit n\u00eb Mosk\u00eb, Sh\u00ebn Petersburg dhe Sevastopolin e pushtuar. N\u00eb Mosk\u00eb, sipas nj\u00eb posteri t\u00eb siguruar nga Sistema, ekspozita u mbajt n\u00eb nd\u00ebrtes\u00ebn e Roscosmos, me Roscosmos t\u00eb listuar si nj\u00eb nga sponsor\u00ebt. N\u00eb Sh\u00ebn Petersburg, ekspozita u mbajt n\u00eb Sht\u00ebpin\u00eb e Komb\u00ebsive, dhe n\u00eb Sevastopol, n\u00eb Bibliotek\u00ebn Arkady Gaidar.<\/p>\n\n\n\n<p class=\"wp-block-paragraph\">K\u00ebtu, ashtu si n\u00eb vitin 2025, lindi nj\u00ebfar\u00eb paqart\u00ebsie n\u00eb lidhje me tem\u00ebn e ekspozit\u00ebs: sipas nj\u00ebrit prej posterave, n\u00eb t\u00eb nj\u00ebjtat data, n\u00eb t\u00eb nj\u00ebjtat vende dhe me pjes\u00ebmarrjen e t\u00eb nj\u00ebjt\u00ebve organizator\u00eb &#8211; Anna Usova dhe Inva-Academy &#8211; nuk kishte vet\u00ebm ekspozita mbi Dostojevskin, por edhe nj\u00eb ekspozit\u00eb me vepra nga nj\u00eb far\u00eb&nbsp;<strong>Ercole Furia,<\/strong>&nbsp;&#8220;Pushtimi i Hap\u00ebsir\u00ebs: 1961\u20132021&#8221;. N\u00eb poster, Furia paraqitet si nj\u00eb &#8220;Artist Mjesht\u00ebr&#8221;, megjith\u00ebse n\u00eb realitet ai \u00ebsht\u00eb nj\u00eb artist autodidakt, i specializuar n\u00eb p\u00ebrshkrimet e avion\u00ebve dhe pajisjeve ushtarake, i lidhur me Institutin Italian Quinto Cenni p\u00ebr Uniformologji, Ikonografi dhe Publiciz\u00ebm Historik Ushtarak (IUISM). Sipas t\u00eb nj\u00ebjtit poster, gjat\u00eb eventit, Dmitry Rogozin u vler\u00ebsua me nj\u00eb &#8220;\u00e7mim artistik&#8221; &#8211; nj\u00eb medalje q\u00eb p\u00ebrshkruan nj\u00eb kozmonaut duke ngritur nj\u00eb drap\u00ebr dhe \u00e7eki\u00e7 mbi kok\u00ebn e tij. Nj\u00eb vit m\u00eb von\u00eb, Rogozin u shkarkua nga posti i kreut t\u00eb Roscosmos nga Vladimir Putin. Sistema nuk ishte n\u00eb gjendje t\u00eb p\u00ebrcaktonte n\u00ebse ndonj\u00eb nga artist\u00ebt italian\u00eb mori pjes\u00eb n\u00eb k\u00ebto ekspozita t\u00eb vitit 2021 n\u00eb Rusi.<\/p>\n\n\n\n<figure class=\"wp-block-image is-resized\"><img decoding=\"async\" src=\"https:\/\/gdb.rferl.org\/86bd0d58-eb95-4644-836a-08def2afcceb_w650_r0_s.jpg\" alt=\"Posteri p\u00ebr ekspozit\u00ebn Ercole Furia\" style=\"aspect-ratio:1.46875;width:658px;height:auto\"\/><figcaption class=\"wp-element-caption\">Posteri p\u00ebr ekspozit\u00ebn Ercole Furia<\/figcaption><\/figure>\n\n\n\n<p class=\"wp-block-paragraph\">Shembulli m\u00eb i fundit i bashk\u00ebpunimit midis artist\u00ebve italian\u00eb dhe Inva-Academy ishte ekspozita m\u00eb 1 shtator 2025 n\u00eb Mosk\u00eb, e cila praktikisht u anulua. Ashtu si t\u00eb gjitha ngjarjet e m\u00ebparshme, ajo u organizua nga pala italiane nga Anna Usova,&nbsp;<a href=\"https:\/\/www.acquerellisti.net\/2019\/02\/07\/mostra-dellucai-a-mosca-15-giugno-15-agosto-2019\/\">kryetare e<\/a>&nbsp;deg\u00ebs Ladispoli t\u00eb Unionit t\u00eb Artist\u00ebve Katolik\u00eb t\u00eb Italis\u00eb.<\/p>\n\n\n\n<p class=\"wp-block-paragraph\">Sipas t\u00eb dh\u00ebnave t\u00eb rrjedhura dhe llogarive t\u00eb vet\u00eb Usov\u00ebs n\u00eb mediat sociale, ajo ka lindur n\u00eb Bratsk t\u00eb Rusis\u00eb dhe ka jetuar n\u00eb Ivanovo p\u00ebr shum\u00eb vite. Sistema nuk ishte n\u00eb gjendje t\u00eb p\u00ebrcaktonte se kur dhe n\u00eb \u00e7far\u00eb rrethanash Usova mb\u00ebrriti n\u00eb Itali (duke gjykuar nga llogarit\u00eb e saj n\u00eb mediat sociale, kjo ndodhi jo m\u00eb von\u00eb se viti 2009), as nuk ishte n\u00eb gjendje t\u00eb p\u00ebrcaktonte rrethanat e takimit t\u00eb saj me Tatyana Rogozin\u00ebn. N\u00eb llogarin\u00eb e saj n\u00eb Facebook, Usova postoi\u00a0<a href=\"https:\/\/www.facebook.com\/anna.usova.773\/posts\/pfbid0EjQJD8bRXvjCfAQNqT3GDyhjKxiFjANrSDZmexCnxTqLm46c3f1HY8q3zt44331Ul\">mb\u00ebshtetje<\/a>\u00a0p\u00ebr Vladimir Putinin &#8211; t\u00eb pakt\u00ebn para pushtimit t\u00eb plot\u00eb t\u00eb Ukrain\u00ebs. Usova bashk\u00ebpunon me Sht\u00ebpin\u00eb Ruse n\u00eb Rom\u00eb (e mbik\u00ebqyrur nga Rossotrudnichestvo),\u00a0<a href=\"https:\/\/www.facebook.com\/CasaRussaRoma\/photos\/a-vostra-grande-richiesta-casa-russa-a-roma-riapre-il-laboratorio-di-pittura-per\/1395230119316188\/\">duke u m\u00ebsuar<\/a>\u00a0piktur\u00eb f\u00ebmij\u00ebve dhe\u00a0<a href=\"https:\/\/www.facebook.com\/anna.usova.773\/posts\/pfbid02k255yuWY2T3S7ZbLQmwUHsJ7QLqhUzHh3puywV1KUBcRe9y4VtbXrme9L3DNuGozl\">duke organizuar ekspozita atje.\u00a0<\/a><a href=\"https:\/\/www.facebook.com\/anna.usova.773\/posts\/pfbid02gh68AU5tdGpoUdaSVrmrRYCN6AZZE7KWvKvmcvX95CdgryYMTsJkJ6XKrqnuKH4l\">Ekspozita<\/a>\u00a0m\u00eb e fundit e Usov\u00ebs\u00a0me artist\u00eb italian\u00eb sapo p\u00ebrfundoi n\u00eb Talin.<\/p>\n","protected":false},"excerpt":{"rendered":"<p>&#8220;Ka ardhur koha q\u00eb Bashkimi Evropian t\u00eb flas\u00eb me Rusin\u00eb, p\u00ebrndryshe rrezikon t\u00eb p\u00ebrjashtohet nga p\u00ebrcaktimi i kushteve t\u00eb paqes&#8221;,&nbsp;thot\u00eb&nbsp;kryeministri italian Giorgio Meloni. Nd\u00ebrkoh\u00eb, dialogu kulturor midis Rusis\u00eb dhe Italis\u00eb ka mbetur praktikisht i pand\u00ebrprer\u00eb &#8211; Italia ka d\u00ebshmuar t\u00eb jet\u00eb nj\u00eb nga vendet evropiane m\u00eb miq\u00ebsore me Mosk\u00ebn n\u00eb k\u00ebt\u00eb drejtim. K\u00ebt\u00eb vit, p\u00ebr [&hellip;]<\/p>\n","protected":false},"author":4,"featured_media":30460,"comment_status":"open","ping_status":"open","sticky":false,"template":"","format":"standard","meta":{"footnotes":""},"categories":[33,30],"tags":[],"class_list":["post-30459","post","type-post","status-publish","format-standard","has-post-thumbnail","category-bote","category-lajme"],"yoast_head":"<!-- This site is optimized with the Yoast SEO plugin v27.4 - https:\/\/yoast.com\/product\/yoast-seo-wordpress\/ -->\n<title>Tanke n\u00eb vend t\u00eb Krishtit: Si u mashtruan pacifist\u00ebt italian\u00eb n\u00eb Mosk\u00eb - Kosova Times<\/title>\n<meta name=\"robots\" content=\"index, follow, max-snippet:-1, max-image-preview:large, max-video-preview:-1\" \/>\n<link rel=\"canonical\" href=\"https:\/\/kosovatimes.info\/index.php\/2026\/09\/01\/tanke-ne-vend-te-krishtit-si-u-mashtruan-pacifistet-italiane-ne-moske\/\" \/>\n<meta property=\"og:locale\" content=\"en_US\" \/>\n<meta property=\"og:type\" content=\"article\" \/>\n<meta property=\"og:title\" content=\"Tanke n\u00eb vend t\u00eb Krishtit: Si u mashtruan pacifist\u00ebt italian\u00eb n\u00eb Mosk\u00eb - Kosova Times\" \/>\n<meta property=\"og:description\" content=\"&#8220;Ka ardhur koha q\u00eb Bashkimi Evropian t\u00eb flas\u00eb me Rusin\u00eb, p\u00ebrndryshe rrezikon t\u00eb p\u00ebrjashtohet nga p\u00ebrcaktimi i kushteve t\u00eb paqes&#8221;,&nbsp;thot\u00eb&nbsp;kryeministri italian Giorgio Meloni. Nd\u00ebrkoh\u00eb, dialogu kulturor midis Rusis\u00eb dhe Italis\u00eb ka mbetur praktikisht i pand\u00ebrprer\u00eb &#8211; Italia ka d\u00ebshmuar t\u00eb jet\u00eb nj\u00eb nga vendet evropiane m\u00eb miq\u00ebsore me Mosk\u00ebn n\u00eb k\u00ebt\u00eb drejtim. K\u00ebt\u00eb vit, p\u00ebr [&hellip;]\" \/>\n<meta property=\"og:url\" content=\"https:\/\/kosovatimes.info\/index.php\/2026\/09\/01\/tanke-ne-vend-te-krishtit-si-u-mashtruan-pacifistet-italiane-ne-moske\/\" \/>\n<meta property=\"og:site_name\" content=\"Kosova Times\" \/>\n<meta property=\"article:published_time\" content=\"2026-09-01T12:48:16+00:00\" \/>\n<meta property=\"article:modified_time\" content=\"2026-09-01T12:48:18+00:00\" \/>\n<meta name=\"author\" content=\"i l\" \/>\n<meta name=\"twitter:card\" content=\"summary_large_image\" \/>\n<meta name=\"twitter:label1\" content=\"Written by\" \/>\n\t<meta name=\"twitter:data1\" content=\"i l\" \/>\n\t<meta name=\"twitter:label2\" content=\"Est. reading time\" \/>\n\t<meta name=\"twitter:data2\" content=\"11 minutes\" \/>\n<script type=\"application\/ld+json\" class=\"yoast-schema-graph\">{\"@context\":\"https:\\\/\\\/schema.org\",\"@graph\":[{\"@type\":\"Article\",\"@id\":\"https:\\\/\\\/kosovatimes.info\\\/index.php\\\/2026\\\/09\\\/01\\\/tanke-ne-vend-te-krishtit-si-u-mashtruan-pacifistet-italiane-ne-moske\\\/#article\",\"isPartOf\":{\"@id\":\"https:\\\/\\\/kosovatimes.info\\\/index.php\\\/2026\\\/09\\\/01\\\/tanke-ne-vend-te-krishtit-si-u-mashtruan-pacifistet-italiane-ne-moske\\\/\"},\"author\":{\"name\":\"i l\",\"@id\":\"https:\\\/\\\/kosovatimes.info\\\/#\\\/schema\\\/person\\\/7586712b9c512fe68085de007378c915\"},\"headline\":\"Tanke n\u00eb vend t\u00eb Krishtit: Si u mashtruan pacifist\u00ebt italian\u00eb n\u00eb Mosk\u00eb\",\"datePublished\":\"2026-09-01T12:48:16+00:00\",\"dateModified\":\"2026-09-01T12:48:18+00:00\",\"mainEntityOfPage\":{\"@id\":\"https:\\\/\\\/kosovatimes.info\\\/index.php\\\/2026\\\/09\\\/01\\\/tanke-ne-vend-te-krishtit-si-u-mashtruan-pacifistet-italiane-ne-moske\\\/\"},\"wordCount\":2524,\"commentCount\":0,\"image\":{\"@id\":\"https:\\\/\\\/kosovatimes.info\\\/index.php\\\/2026\\\/09\\\/01\\\/tanke-ne-vend-te-krishtit-si-u-mashtruan-pacifistet-italiane-ne-moske\\\/#primaryimage\"},\"thumbnailUrl\":\"https:\\\/\\\/kosovatimes.info\\\/wp-content\\\/uploads\\\/2026\\\/09\\\/pacifist.avif\",\"articleSection\":[\"Bot\u00eb\",\"Lajme\"],\"inLanguage\":\"en-US\",\"potentialAction\":[{\"@type\":\"CommentAction\",\"name\":\"Comment\",\"target\":[\"https:\\\/\\\/kosovatimes.info\\\/index.php\\\/2026\\\/09\\\/01\\\/tanke-ne-vend-te-krishtit-si-u-mashtruan-pacifistet-italiane-ne-moske\\\/#respond\"]}]},{\"@type\":\"WebPage\",\"@id\":\"https:\\\/\\\/kosovatimes.info\\\/index.php\\\/2026\\\/09\\\/01\\\/tanke-ne-vend-te-krishtit-si-u-mashtruan-pacifistet-italiane-ne-moske\\\/\",\"url\":\"https:\\\/\\\/kosovatimes.info\\\/index.php\\\/2026\\\/09\\\/01\\\/tanke-ne-vend-te-krishtit-si-u-mashtruan-pacifistet-italiane-ne-moske\\\/\",\"name\":\"Tanke n\u00eb vend t\u00eb Krishtit: Si u mashtruan pacifist\u00ebt italian\u00eb n\u00eb Mosk\u00eb - Kosova Times\",\"isPartOf\":{\"@id\":\"https:\\\/\\\/kosovatimes.info\\\/#website\"},\"primaryImageOfPage\":{\"@id\":\"https:\\\/\\\/kosovatimes.info\\\/index.php\\\/2026\\\/09\\\/01\\\/tanke-ne-vend-te-krishtit-si-u-mashtruan-pacifistet-italiane-ne-moske\\\/#primaryimage\"},\"image\":{\"@id\":\"https:\\\/\\\/kosovatimes.info\\\/index.php\\\/2026\\\/09\\\/01\\\/tanke-ne-vend-te-krishtit-si-u-mashtruan-pacifistet-italiane-ne-moske\\\/#primaryimage\"},\"thumbnailUrl\":\"https:\\\/\\\/kosovatimes.info\\\/wp-content\\\/uploads\\\/2026\\\/09\\\/pacifist.avif\",\"datePublished\":\"2026-09-01T12:48:16+00:00\",\"dateModified\":\"2026-09-01T12:48:18+00:00\",\"author\":{\"@id\":\"https:\\\/\\\/kosovatimes.info\\\/#\\\/schema\\\/person\\\/7586712b9c512fe68085de007378c915\"},\"breadcrumb\":{\"@id\":\"https:\\\/\\\/kosovatimes.info\\\/index.php\\\/2026\\\/09\\\/01\\\/tanke-ne-vend-te-krishtit-si-u-mashtruan-pacifistet-italiane-ne-moske\\\/#breadcrumb\"},\"inLanguage\":\"en-US\",\"potentialAction\":[{\"@type\":\"ReadAction\",\"target\":[\"https:\\\/\\\/kosovatimes.info\\\/index.php\\\/2026\\\/09\\\/01\\\/tanke-ne-vend-te-krishtit-si-u-mashtruan-pacifistet-italiane-ne-moske\\\/\"]}]},{\"@type\":\"ImageObject\",\"inLanguage\":\"en-US\",\"@id\":\"https:\\\/\\\/kosovatimes.info\\\/index.php\\\/2026\\\/09\\\/01\\\/tanke-ne-vend-te-krishtit-si-u-mashtruan-pacifistet-italiane-ne-moske\\\/#primaryimage\",\"url\":\"https:\\\/\\\/kosovatimes.info\\\/wp-content\\\/uploads\\\/2026\\\/09\\\/pacifist.avif\",\"contentUrl\":\"https:\\\/\\\/kosovatimes.info\\\/wp-content\\\/uploads\\\/2026\\\/09\\\/pacifist.avif\",\"width\":1023,\"height\":575},{\"@type\":\"BreadcrumbList\",\"@id\":\"https:\\\/\\\/kosovatimes.info\\\/index.php\\\/2026\\\/09\\\/01\\\/tanke-ne-vend-te-krishtit-si-u-mashtruan-pacifistet-italiane-ne-moske\\\/#breadcrumb\",\"itemListElement\":[{\"@type\":\"ListItem\",\"position\":1,\"name\":\"Home\",\"item\":\"https:\\\/\\\/kosovatimes.info\\\/\"},{\"@type\":\"ListItem\",\"position\":2,\"name\":\"Tanke n\u00eb vend t\u00eb Krishtit: Si u mashtruan pacifist\u00ebt italian\u00eb n\u00eb Mosk\u00eb\"}]},{\"@type\":\"WebSite\",\"@id\":\"https:\\\/\\\/kosovatimes.info\\\/#website\",\"url\":\"https:\\\/\\\/kosovatimes.info\\\/\",\"name\":\"Kosova Times\",\"description\":\"\",\"potentialAction\":[{\"@type\":\"SearchAction\",\"target\":{\"@type\":\"EntryPoint\",\"urlTemplate\":\"https:\\\/\\\/kosovatimes.info\\\/?s={search_term_string}\"},\"query-input\":{\"@type\":\"PropertyValueSpecification\",\"valueRequired\":true,\"valueName\":\"search_term_string\"}}],\"inLanguage\":\"en-US\"},{\"@type\":\"Person\",\"@id\":\"https:\\\/\\\/kosovatimes.info\\\/#\\\/schema\\\/person\\\/7586712b9c512fe68085de007378c915\",\"name\":\"i l\",\"image\":{\"@type\":\"ImageObject\",\"inLanguage\":\"en-US\",\"@id\":\"https:\\\/\\\/secure.gravatar.com\\\/avatar\\\/bad9296e02816160ae2e2435beda58222022298d5625d49fea74d18816fbb31d?s=96&d=mm&r=g\",\"url\":\"https:\\\/\\\/secure.gravatar.com\\\/avatar\\\/bad9296e02816160ae2e2435beda58222022298d5625d49fea74d18816fbb31d?s=96&d=mm&r=g\",\"contentUrl\":\"https:\\\/\\\/secure.gravatar.com\\\/avatar\\\/bad9296e02816160ae2e2435beda58222022298d5625d49fea74d18816fbb31d?s=96&d=mm&r=g\",\"caption\":\"i l\"},\"url\":\"https:\\\/\\\/kosovatimes.info\\\/index.php\\\/author\\\/iliri\\\/\"}]}<\/script>\n<!-- \/ Yoast SEO plugin. -->","yoast_head_json":{"title":"Tanke n\u00eb vend t\u00eb Krishtit: Si u mashtruan pacifist\u00ebt italian\u00eb n\u00eb Mosk\u00eb - Kosova Times","robots":{"index":"index","follow":"follow","max-snippet":"max-snippet:-1","max-image-preview":"max-image-preview:large","max-video-preview":"max-video-preview:-1"},"canonical":"https:\/\/kosovatimes.info\/index.php\/2026\/09\/01\/tanke-ne-vend-te-krishtit-si-u-mashtruan-pacifistet-italiane-ne-moske\/","og_locale":"en_US","og_type":"article","og_title":"Tanke n\u00eb vend t\u00eb Krishtit: Si u mashtruan pacifist\u00ebt italian\u00eb n\u00eb Mosk\u00eb - Kosova Times","og_description":"&#8220;Ka ardhur koha q\u00eb Bashkimi Evropian t\u00eb flas\u00eb me Rusin\u00eb, p\u00ebrndryshe rrezikon t\u00eb p\u00ebrjashtohet nga p\u00ebrcaktimi i kushteve t\u00eb paqes&#8221;,&nbsp;thot\u00eb&nbsp;kryeministri italian Giorgio Meloni. Nd\u00ebrkoh\u00eb, dialogu kulturor midis Rusis\u00eb dhe Italis\u00eb ka mbetur praktikisht i pand\u00ebrprer\u00eb &#8211; Italia ka d\u00ebshmuar t\u00eb jet\u00eb nj\u00eb nga vendet evropiane m\u00eb miq\u00ebsore me Mosk\u00ebn n\u00eb k\u00ebt\u00eb drejtim. K\u00ebt\u00eb vit, p\u00ebr [&hellip;]","og_url":"https:\/\/kosovatimes.info\/index.php\/2026\/09\/01\/tanke-ne-vend-te-krishtit-si-u-mashtruan-pacifistet-italiane-ne-moske\/","og_site_name":"Kosova Times","article_published_time":"2026-09-01T12:48:16+00:00","article_modified_time":"2026-09-01T12:48:18+00:00","author":"i l","twitter_card":"summary_large_image","twitter_misc":{"Written by":"i l","Est. reading time":"11 minutes"},"schema":{"@context":"https:\/\/schema.org","@graph":[{"@type":"Article","@id":"https:\/\/kosovatimes.info\/index.php\/2026\/09\/01\/tanke-ne-vend-te-krishtit-si-u-mashtruan-pacifistet-italiane-ne-moske\/#article","isPartOf":{"@id":"https:\/\/kosovatimes.info\/index.php\/2026\/09\/01\/tanke-ne-vend-te-krishtit-si-u-mashtruan-pacifistet-italiane-ne-moske\/"},"author":{"name":"i l","@id":"https:\/\/kosovatimes.info\/#\/schema\/person\/7586712b9c512fe68085de007378c915"},"headline":"Tanke n\u00eb vend t\u00eb Krishtit: Si u mashtruan pacifist\u00ebt italian\u00eb n\u00eb Mosk\u00eb","datePublished":"2026-09-01T12:48:16+00:00","dateModified":"2026-09-01T12:48:18+00:00","mainEntityOfPage":{"@id":"https:\/\/kosovatimes.info\/index.php\/2026\/09\/01\/tanke-ne-vend-te-krishtit-si-u-mashtruan-pacifistet-italiane-ne-moske\/"},"wordCount":2524,"commentCount":0,"image":{"@id":"https:\/\/kosovatimes.info\/index.php\/2026\/09\/01\/tanke-ne-vend-te-krishtit-si-u-mashtruan-pacifistet-italiane-ne-moske\/#primaryimage"},"thumbnailUrl":"https:\/\/kosovatimes.info\/wp-content\/uploads\/2026\/09\/pacifist.avif","articleSection":["Bot\u00eb","Lajme"],"inLanguage":"en-US","potentialAction":[{"@type":"CommentAction","name":"Comment","target":["https:\/\/kosovatimes.info\/index.php\/2026\/09\/01\/tanke-ne-vend-te-krishtit-si-u-mashtruan-pacifistet-italiane-ne-moske\/#respond"]}]},{"@type":"WebPage","@id":"https:\/\/kosovatimes.info\/index.php\/2026\/09\/01\/tanke-ne-vend-te-krishtit-si-u-mashtruan-pacifistet-italiane-ne-moske\/","url":"https:\/\/kosovatimes.info\/index.php\/2026\/09\/01\/tanke-ne-vend-te-krishtit-si-u-mashtruan-pacifistet-italiane-ne-moske\/","name":"Tanke n\u00eb vend t\u00eb Krishtit: Si u mashtruan pacifist\u00ebt italian\u00eb n\u00eb Mosk\u00eb - Kosova Times","isPartOf":{"@id":"https:\/\/kosovatimes.info\/#website"},"primaryImageOfPage":{"@id":"https:\/\/kosovatimes.info\/index.php\/2026\/09\/01\/tanke-ne-vend-te-krishtit-si-u-mashtruan-pacifistet-italiane-ne-moske\/#primaryimage"},"image":{"@id":"https:\/\/kosovatimes.info\/index.php\/2026\/09\/01\/tanke-ne-vend-te-krishtit-si-u-mashtruan-pacifistet-italiane-ne-moske\/#primaryimage"},"thumbnailUrl":"https:\/\/kosovatimes.info\/wp-content\/uploads\/2026\/09\/pacifist.avif","datePublished":"2026-09-01T12:48:16+00:00","dateModified":"2026-09-01T12:48:18+00:00","author":{"@id":"https:\/\/kosovatimes.info\/#\/schema\/person\/7586712b9c512fe68085de007378c915"},"breadcrumb":{"@id":"https:\/\/kosovatimes.info\/index.php\/2026\/09\/01\/tanke-ne-vend-te-krishtit-si-u-mashtruan-pacifistet-italiane-ne-moske\/#breadcrumb"},"inLanguage":"en-US","potentialAction":[{"@type":"ReadAction","target":["https:\/\/kosovatimes.info\/index.php\/2026\/09\/01\/tanke-ne-vend-te-krishtit-si-u-mashtruan-pacifistet-italiane-ne-moske\/"]}]},{"@type":"ImageObject","inLanguage":"en-US","@id":"https:\/\/kosovatimes.info\/index.php\/2026\/09\/01\/tanke-ne-vend-te-krishtit-si-u-mashtruan-pacifistet-italiane-ne-moske\/#primaryimage","url":"https:\/\/kosovatimes.info\/wp-content\/uploads\/2026\/09\/pacifist.avif","contentUrl":"https:\/\/kosovatimes.info\/wp-content\/uploads\/2026\/09\/pacifist.avif","width":1023,"height":575},{"@type":"BreadcrumbList","@id":"https:\/\/kosovatimes.info\/index.php\/2026\/09\/01\/tanke-ne-vend-te-krishtit-si-u-mashtruan-pacifistet-italiane-ne-moske\/#breadcrumb","itemListElement":[{"@type":"ListItem","position":1,"name":"Home","item":"https:\/\/kosovatimes.info\/"},{"@type":"ListItem","position":2,"name":"Tanke n\u00eb vend t\u00eb Krishtit: Si u mashtruan pacifist\u00ebt italian\u00eb n\u00eb Mosk\u00eb"}]},{"@type":"WebSite","@id":"https:\/\/kosovatimes.info\/#website","url":"https:\/\/kosovatimes.info\/","name":"Kosova Times","description":"","potentialAction":[{"@type":"SearchAction","target":{"@type":"EntryPoint","urlTemplate":"https:\/\/kosovatimes.info\/?s={search_term_string}"},"query-input":{"@type":"PropertyValueSpecification","valueRequired":true,"valueName":"search_term_string"}}],"inLanguage":"en-US"},{"@type":"Person","@id":"https:\/\/kosovatimes.info\/#\/schema\/person\/7586712b9c512fe68085de007378c915","name":"i l","image":{"@type":"ImageObject","inLanguage":"en-US","@id":"https:\/\/secure.gravatar.com\/avatar\/bad9296e02816160ae2e2435beda58222022298d5625d49fea74d18816fbb31d?s=96&d=mm&r=g","url":"https:\/\/secure.gravatar.com\/avatar\/bad9296e02816160ae2e2435beda58222022298d5625d49fea74d18816fbb31d?s=96&d=mm&r=g","contentUrl":"https:\/\/secure.gravatar.com\/avatar\/bad9296e02816160ae2e2435beda58222022298d5625d49fea74d18816fbb31d?s=96&d=mm&r=g","caption":"i l"},"url":"https:\/\/kosovatimes.info\/index.php\/author\/iliri\/"}]}},"_links":{"self":[{"href":"https:\/\/kosovatimes.info\/index.php\/wp-json\/wp\/v2\/posts\/30459","targetHints":{"allow":["GET"]}}],"collection":[{"href":"https:\/\/kosovatimes.info\/index.php\/wp-json\/wp\/v2\/posts"}],"about":[{"href":"https:\/\/kosovatimes.info\/index.php\/wp-json\/wp\/v2\/types\/post"}],"author":[{"embeddable":true,"href":"https:\/\/kosovatimes.info\/index.php\/wp-json\/wp\/v2\/users\/4"}],"replies":[{"embeddable":true,"href":"https:\/\/kosovatimes.info\/index.php\/wp-json\/wp\/v2\/comments?post=30459"}],"version-history":[{"count":1,"href":"https:\/\/kosovatimes.info\/index.php\/wp-json\/wp\/v2\/posts\/30459\/revisions"}],"predecessor-version":[{"id":30461,"href":"https:\/\/kosovatimes.info\/index.php\/wp-json\/wp\/v2\/posts\/30459\/revisions\/30461"}],"wp:featuredmedia":[{"embeddable":true,"href":"https:\/\/kosovatimes.info\/index.php\/wp-json\/wp\/v2\/media\/30460"}],"wp:attachment":[{"href":"https:\/\/kosovatimes.info\/index.php\/wp-json\/wp\/v2\/media?parent=30459"}],"wp:term":[{"taxonomy":"category","embeddable":true,"href":"https:\/\/kosovatimes.info\/index.php\/wp-json\/wp\/v2\/categories?post=30459"},{"taxonomy":"post_tag","embeddable":true,"href":"https:\/\/kosovatimes.info\/index.php\/wp-json\/wp\/v2\/tags?post=30459"}],"curies":[{"name":"wp","href":"https:\/\/api.w.org\/{rel}","templated":true}]}}