{"id":30463,"date":"2026-09-01T15:05:43","date_gmt":"2026-09-01T13:05:43","guid":{"rendered":"https:\/\/kosovatimes.info\/?p=30463"},"modified":"2026-09-01T15:05:45","modified_gmt":"2026-09-01T13:05:45","slug":"ne-zemer-te-myzeqese","status":"publish","type":"post","link":"https:\/\/kosovatimes.info\/index.php\/2026\/09\/01\/ne-zemer-te-myzeqese\/","title":{"rendered":"N\u00eb zem\u00ebr t\u00eb Myzeqes\u00eb"},"content":{"rendered":"\n<p class=\"wp-block-paragraph\"><strong>Nga Besim Dybeli<\/strong><\/p>\n\n\n\n<p class=\"wp-block-paragraph\">T\u00eb gjitha rrug\u00ebt t\u00eb \u00e7ojn\u00eb n\u00eb Myzeqe ! Ngado q\u00eb t\u00eb nisesh n\u00ebp\u00ebr Shqip\u00ebri, p\u00ebr tu ndodhur n\u00eb qend\u00ebr t\u00eb saj , n\u00eb Myzeqe , ose do t\u00eb kalosh , ose do t\u00eb q\u00ebndrosh aty. Si p\u00ebr analogji , k\u00ebto rrug\u00eb sikur t\u00eb ftojn\u00eb , qoft\u00eb edhe p\u00ebr nj\u00eb kafe, n\u00eb qytetin e bukur t\u00eb Fierit . Shtrir\u00eb q\u00eb n\u00eb krye t\u00eb moteve n\u00eb zem\u00ebr t\u00eb fush\u00ebs s\u00eb Myzeqes\u00eb , Fieri t\u00eb josh q\u00eb n\u00eb pamje t\u00eb par\u00eb. Administratvisht , si nj\u00eb qytet n\u00ebShqip\u00ebrin\u00eb e Jugut , por ai anon edhe nga Shqip\u00ebria e Mesme , edhe nga ajo e Jugut. Pra , nj\u00eb qytet n\u00eb zon\u00ebn kalimtare, mes ty pjes\u00ebve t\u00eb vendit ton\u00eb. Popullsia e tij , si p\u00ebr koin\u00e7idenc\u00eb , gjer n\u00eb vitet, q\u00eb ndajn\u00eb dy sistemet qeveris\u00ebse , \u00ebsht\u00eb e nj\u00ebjt\u00eb me at\u00eb t\u00eb Apollonis\u00eb s\u00eb Lasht\u00eb, rreth 40 mij\u00eb banor\u00eb. L\u00ebvizjet demografike , si n\u00eb \u00e7do qytet apo krahin\u00eb t\u00eb Shqip\u00ebris\u00eb , p\u00ebrligjin edhe shtimin e popullsis\u00eb k\u00ebtu. Sot shifra e popullsis\u00eb i kalon t\u00eb 90 mij\u00eb banor\u00ebt. T\u00eb ardhurit p\u00ebr nj\u00eb jet\u00eb m\u00eb t\u00eb mir\u00eb nga zonat rurale t\u00eb Mallakastr\u00ebs , por edhe nga zonat rreth tij. Si kryeqend\u00ebr e Qarkut , num\u00ebri i banor\u00ebve shkon mbi 260 mij\u00eb. Mbetet qytet me industri t\u00eb zhvilluar p\u00ebr vet\u00eb pozicionin gjeostrategjik , por edhe p\u00ebr resurset q\u00eb mbart. Paralel me k\u00ebt\u00eb kahje zhvilluese , jo pas mbetet sektori i bujq\u00ebsis\u00eb dhe blektoris\u00eb , favorizuar s\u00eb pari nga klima mjedisore , por edhe nga tradita e pasioni i banor\u00ebve autokton\u00eb, pun\u00ebtor\u00eb e paq\u00ebdash\u00ebs.<\/p>\n\n\n\n<p class=\"wp-block-paragraph\">Pak radh\u00eb p\u00ebr historin\u00eb<\/p>\n\n\n\n<p class=\"wp-block-paragraph\">Rr\u00ebnj\u00ebt dhe fama e k\u00ebtij qyteti t\u00eb lasht\u00eb , por me em\u00ebr tjet\u00ebr , nd\u00ebrthuren thell\u00eb n\u00eb historin\u00eb shqiptare. Mjafton t\u00eb zhvendosesh jo m\u00eb larg se 12 kilometra nga qendra e qytetit, p\u00ebr tu njohur me trojet st\u00ebrgjyshore t\u00eb k\u00ebtij vendbanimi. Ata q\u00eb nuk e din\u00eb , do t\u00eb shohin rr\u00ebnojat e qytetit antik t\u00eb Apolonis\u00eb. Ky i fundit , do t\u00eb themelohej rreth vitin 558 p.e.s , datim ky q\u00eb rrall\u00eb p\u00ebrkon m\u00eb qytete t\u00eb vjetra t\u00eb vendit ton\u00eb. Banor\u00ebt e asaj kohe , do t\u00eb zgjidhnin p\u00ebr vendbanim nj\u00eb kod\u00ebr pran\u00eb detit Adriatik , af\u00ebr gryk\u00ebderdhjes s\u00eb lumit Aoos( Vjosa e sotme), Sipas studiues\u00ebve dhe historina\u00ebve ,ta sapovendosurit ishin kolon\u00eb t\u00eb ardhur nga Korinti e Korfuzi (Greqia e sotme).Kulmi i lul\u00ebzimit t\u00eb tij ka kapur nj\u00eb popullsi prej 50 000 &#8211; 60 000 banor\u00eb. P\u00ebr koh\u00ebn , nj\u00eb numerik i till\u00eb zor se gjendte homologun e tij n\u00eb trojet an\u00eb Adriatikut e Jonit. Datimi i tij sh\u00ebnon vitin 1864 nga xhonturqit , me ndihm\u00ebn e urbanist\u00ebve dhe arkitekt\u00ebve francez\u00eb. Qyteti ruan edhe sot shtrirjen kuadratike dhe rrezore. Edit Durham do t\u00eb shkruante mes t\u00eb tjerash n\u00eb ditarin e saj t\u00eb vitit 1904 , se\u201c\u2026pash\u00eb t\u00eb ngritura godina prej guri me arkitektur\u00eb \u00e7udit\u00ebrisht moderne\u2026\u201d Regjistrimi i par\u00eb i popullsis\u00eb sh\u00ebnohet ai i vitit 1923 ku Fieri ishte n\u00ebnprefektur\u00eb e Beratit me afro 1500 banor\u00eb pa fshatrat, q\u00eb e rrethonin. M\u00eb von\u00eb aty do t\u00eb vendoseshin banor\u00eb t\u00eb ardhur nga zona e Lab\u00ebris\u00eb, \u00c7am\u00ebris\u00eb dhe Kosova. Pas Luft\u00ebs, n\u00eb qytetin e Fierit u vendos nj\u00eb num\u00ebr i madh \u00e7am\u00ebsh t\u00eb d\u00ebbuar nga Greqia. N\u00eb vitin 1965 Fieri num\u00ebronte 20 000 banor\u00eb, kurse m\u00eb 1982 ky num\u00ebr arrin n\u00eb 35 000 banor\u00eb. N\u00eb prag t\u00eb nd\u00ebrrimit t\u00eb sistemeve ,edhe n\u00eb Fier nis dukuria e ndryshimeve demografike t\u00eb shpejta. Jo pak prej banor\u00ebve, p\u00ebr arsye ekonomike, do t\u00eb emigronin drejt Italis\u00eb, Greqis\u00eb e ndonj\u00eb shteti tjet\u00ebr . Sot , qyteti i Fierit ka nj\u00eb popullsi afro 85 mij\u00eb banor\u00eb dhe me nj\u00eb dend\u00ebsi rreth 255 banor\u00eb p\u00ebr kilomet\u00ebr katror\u00eb.<\/p>\n\n\n\n<figure class=\"wp-block-image size-large\"><img loading=\"lazy\" decoding=\"async\" width=\"1024\" height=\"768\" src=\"https:\/\/kosovatimes.info\/wp-content\/uploads\/2026\/09\/Apolonia-1024x768.jpg\" alt=\"\" class=\"wp-image-30465\" srcset=\"https:\/\/kosovatimes.info\/wp-content\/uploads\/2026\/09\/Apolonia-1024x768.jpg 1024w, https:\/\/kosovatimes.info\/wp-content\/uploads\/2026\/09\/Apolonia-300x225-1.jpg 300w, https:\/\/kosovatimes.info\/wp-content\/uploads\/2026\/09\/Apolonia-768x576.jpg 768w, https:\/\/kosovatimes.info\/wp-content\/uploads\/2026\/09\/Apolonia-80x60.jpg 80w, https:\/\/kosovatimes.info\/wp-content\/uploads\/2026\/09\/Apolonia-149x112.jpg 149w, https:\/\/kosovatimes.info\/wp-content\/uploads\/2026\/09\/Apolonia-200x150.jpg 200w, https:\/\/kosovatimes.info\/wp-content\/uploads\/2026\/09\/Apolonia-1536x1152.jpg 1536w, https:\/\/kosovatimes.info\/wp-content\/uploads\/2026\/09\/Apolonia-324x243.jpg 324w, https:\/\/kosovatimes.info\/wp-content\/uploads\/2026\/09\/Apolonia-480x360.jpg 480w, https:\/\/kosovatimes.info\/wp-content\/uploads\/2026\/09\/Apolonia-696x522.jpg 696w, https:\/\/kosovatimes.info\/wp-content\/uploads\/2026\/09\/Apolonia-1068x801.jpg 1068w, https:\/\/kosovatimes.info\/wp-content\/uploads\/2026\/09\/Apolonia-1920x1440.jpg 1920w, https:\/\/kosovatimes.info\/wp-content\/uploads\/2026\/09\/Apolonia.jpg 2048w\" sizes=\"auto, (max-width: 1024px) 100vw, 1024px\" \/><\/figure>\n\n\n\n<p class=\"wp-block-paragraph\">Resurset mjedisore<\/p>\n\n\n\n<p class=\"wp-block-paragraph\">Zoti dhe natyra i ka falur k\u00ebtij qyteti begati. Fush\u00eb , kod\u00ebr , diell , det\u00eb e aj\u00ebr t\u00eb past\u00ebr. Me k\u00ebto ve\u00e7ori specifike dhe ziliqare nga shum\u00eb qytete t\u00eb tjera , Fieri ofron dhe potenciale t\u00eb r\u00ebnd\u00ebsishme natyrore p\u00ebr zhvillimin e tij. N\u00eb p\u00ebrgjith\u00ebsi kemi t\u00eb b\u00ebjm\u00eb me nj\u00eb rajon fushor me lart\u00ebsi gjer n\u00eb 100 metra mbi nivelin e detit dhe me toka shum\u00eb pjellore. Nd\u00ebrsa relievi kodrinor \u00ebsht\u00eb p\u00ebrgjith\u00ebsisht i but\u00eb. Aty-k\u00ebtu ceken toka aluvionale, kryesisht n\u00eb luginat e Semanit e Vjos\u00ebs, toka t\u00eb kripura n\u00eb Hoxhar\u00eb e toka mo\u00e7alore n\u00eb Roskovec. Fierit shtrihet n\u00eb zem\u00ebr t\u00eb Myzeqes\u00eb. B\u00ebn pjes\u00eb n\u00eb brezin e klim\u00ebs mesdhetare. Me ver\u00eb t\u00eb nxeht\u00eb, me shk\u00eblqim gjith\u00ebstinor t\u00eb diellit. Dim\u00ebr i but\u00eb, por me reshje t\u00eb dendura. Klima e ngroht\u00eb , p\u00ebr shkak se Fieri laget nga deti dhe \u00ebsht\u00eb i mbrojtur prej er\u00ebrave t\u00eb ftohta nga kodrinat n\u00eb Lindje. Af\u00ebrsia me detin b\u00ebn q\u00eb klima t\u00eb jet\u00eb e but\u00eb dhe vet\u00ebm ne raste tep\u00ebr t\u00eb rralla temperaturat mund t\u00eb sh\u00ebnojn\u00eb n\u00ebn zero. Spikasin pasurit\u00eb ujore, ku p\u00ebrve\u00e7 detit Adriatik, p\u00ebrshkohet nga lumenjt\u00eb Seman, Vjos\u00eb e Gjanic\u00eb. Pellgu uj\u00ebmbledh\u00ebs kap nj\u00eb sip\u00ebrfaqe afro 6 mij\u00eb kilometra katrore. Bota natyrore e shtazore p\u00ebr fat t\u00eb mir\u00eb dhe t\u00eb keq, \u00ebsht\u00eb transformuar nga veprimtaria e njeriut , her\u00eb \u2013her\u00eb e pand\u00ebrgjegj\u00ebshme. Nd\u00ebr vitet e fundit ka nj\u00eb p\u00ebrmir\u00ebsim t\u00eb duksh\u00ebm n\u00eb k\u00ebto dy pasuri. Por sporadisht njeriu dhe mungesa e nj\u00eb planifikimi p\u00ebr zhvillim itensiv dhe ekstensiv , \u00ebsht\u00eb d\u00ebmtuar bota e gjall\u00eb, sidomos me ndotjen e madhe t\u00eb ajrit , ndikuar nga fusha naft\u00ebnxjerr\u00ebse, Marin\u00ebz-Patos, Rafineria e Naft\u00ebs Ballsh, Azotiku etj. K\u00ebto zona kan\u00eb sjell\u00eb ndotjen edhe t\u00eb lumenjve Gjanic\u00eb e Seman.<\/p>\n\n\n\n<figure class=\"wp-block-image size-large\"><img loading=\"lazy\" decoding=\"async\" width=\"1024\" height=\"682\" src=\"https:\/\/kosovatimes.info\/wp-content\/uploads\/2026\/09\/Deti-1024x682.jpg\" alt=\"\" class=\"wp-image-30466\" srcset=\"https:\/\/kosovatimes.info\/wp-content\/uploads\/2026\/09\/Deti-1024x682.jpg 1024w, https:\/\/kosovatimes.info\/wp-content\/uploads\/2026\/09\/Deti-300x200.jpg 300w, https:\/\/kosovatimes.info\/wp-content\/uploads\/2026\/09\/Deti-768x511.jpg 768w, https:\/\/kosovatimes.info\/wp-content\/uploads\/2026\/09\/Deti-149x99.jpg 149w, https:\/\/kosovatimes.info\/wp-content\/uploads\/2026\/09\/Deti-299x199.jpg 299w, https:\/\/kosovatimes.info\/wp-content\/uploads\/2026\/09\/Deti-323x215.jpg 323w, https:\/\/kosovatimes.info\/wp-content\/uploads\/2026\/09\/Deti-1536x1022.jpg 1536w, https:\/\/kosovatimes.info\/wp-content\/uploads\/2026\/09\/Deti-696x463.jpg 696w, https:\/\/kosovatimes.info\/wp-content\/uploads\/2026\/09\/Deti-1067x710.jpg 1067w, https:\/\/kosovatimes.info\/wp-content\/uploads\/2026\/09\/Deti.jpg 1600w\" sizes=\"auto, (max-width: 1024px) 100vw, 1024px\" \/><\/figure>\n\n\n\n<p class=\"wp-block-paragraph\">Ekonomia si tipar dallues<\/p>\n\n\n\n<p class=\"wp-block-paragraph\">Qyteti i Fierit \u00ebsht\u00eb ekonomikisht nga m\u00eb t\u00eb zhvilluarit n\u00eb Shqip\u00ebri. N\u00eb periudh\u00ebn e para\u00e7lirimit, nj\u00eb zon\u00eb e prapambetur bujq\u00ebsore. Shumica e popullsis\u00eb jetonte n\u00eb fshat . Nga viti \u201c45 gjer n\u00eb prag t\u00eb nd\u00ebrrimit t\u00eb sistemit, Fieri kthehet n\u00eb nj\u00eb nga qendrat m\u00eb t\u00eb r\u00ebnd\u00ebsishme industriale t\u00eb vendit. U nd\u00ebrtua kompleksi m\u00eb i madh energjitiko-kimik. N\u00eb prodhimin e pergjithsh\u00ebm industrial, Fieri zinte 12 % n\u00eb shkall\u00eb vendi . Deg\u00ebt kryesore t\u00eb industries ishin nxjerrja e p\u00ebrpunimi i naft\u00ebs, prodhimi i energjis\u00eb elektrike me TEC , ai i Ballshit dhe i Fierit. Si qytet apo rreth me resurse t\u00eb m\u00ebdha bujq\u00ebsore , n\u00eb vitin 1952 u ngrit uzina e Pastrimit t\u00eb Pambukut dhe m\u00eb pas fabrika e Industris\u00eb Ushqimore, e Vajit, Margarin\u00ebs, e Ver\u00ebs . Zhvillimi i vrullsh\u00ebm ekonomik, shtroi nevoj\u00ebn e zhvillimit t\u00eb transportit automobilistik dhe hekurudhor. M\u00eb 1968 u nd\u00ebrtua hekurudha Rrogozhin\u00eb-Fier. M\u00eb 1975 hekurudha Fier- Ballsh. Nd\u00ebrsa m\u00eb 1986 , hekurudha Fier-Vlor\u00eb. Gjer n\u00eb vitin 1985 Fieri kishte 5 Nd\u00ebrmarrje Bujq\u00ebsore dhe 20 kooperativa. Blegtoria u zhvillua, por realisht nuk arriti t\u00eb plotesonte t\u00eb gjitha nevojat e popullsis\u00eb. Blegtoria pati tjet\u00ebr ecuri. N\u00eb vitin 1985 jepte 1\/3 e prodhimeve bujq\u00ebsore dhe 1\/5 e prodhimit t\u00eb p\u00ebrgjithsh\u00ebm blegtoral. Postviti 1990 shoq\u00ebrohet me ndryshime n\u00eb struktur\u00ebn e ekonomis\u00eb, si rezultat i ndryshimit t\u00eb form\u00ebs s\u00eb pron\u00ebsis\u00eb. Sot n\u00eb industrin\u00eb e nxjerrjes dhe p\u00ebrpunimit t\u00eb naft\u00ebs, veprojn\u00eb dy nga kompanit\u00eb m\u00eb t\u00eb m\u00ebdha n\u00eb Shqip\u00ebri.<\/p>\n\n\n\n<p class=\"wp-block-paragraph\">Bashkia p\u00ebrball\u00eb sfidave<\/p>\n\n\n\n<p class=\"wp-block-paragraph\">Organizimi i ri teritorial i jep Bashkis\u00eb s\u00eb re t\u00eb Fierit t\u00eb tjera hapsira. N\u00eb t\u00eb p\u00ebrfshihen zona t\u00eb m\u00ebdha bujq\u00ebsore nga m\u00eb t\u00eb r\u00ebnd\u00ebsishme t\u00eb vendit, si dhe nj\u00eb pjes\u00eb t\u00eb konsiderueshme t\u00eb industris\u00eb s\u00eb p\u00ebrpunimit t\u00eb naft\u00ebs. Mbi 50 % e popullsis\u00eb jeton n\u00eb zonat bujq\u00ebsore, me prodhime t\u00eb shum\u00ebllojshme, mis\u00ebr e grur\u00eb, zarzavate,prodhime blegtorale etj. Bashkia e Re ka nj\u00eb vij\u00eb bregdetare , q\u00eb shtrihet nga gryk\u00ebderdhja e lumit Vjos\u00eb deri n\u00eb at\u00eb t\u00eb lumit Seman n\u00eb kufijt\u00eb e parkut komb\u00ebtar, Divjak\u00eb-Karavasta. Shfryt\u00ebzimi i bregdetit p\u00ebr turiz\u00ebm ka ardhur n\u00eb rritje nga viti n\u00eb vit dhe kjo nuk p\u00ebrjashton as . Nj\u00ebsit\u00eb Administrative Topoj\u00eb e D\u00ebrmenas ,q\u00eb p\u00ebrshkohen nga nj\u00eb sip\u00ebrfaqe bregdetare ranore prej 30 kilometrash. Rregullimi i teritorit t\u00eb d\u00ebmtuar nga industria si dhe pastrimi i uj\u00ebrave sh\u00ebnohen si dy nd\u00ebr sfidat kryesore t\u00eb Bashkis\u00eb s\u00eb Re, t\u00eb cilat lidhen ngusht\u00eb dhe me zhvillimin e turizmit t\u00eb qendruesh\u00ebm n\u00eb k\u00ebt\u00eb zon\u00eb. Ndalimi i ndotjes industriale apo t\u00eb uj\u00ebrave t\u00eb lumenjve, ve\u00e7an\u00ebrisht Semanit, mund t\u00eb ndihmoj\u00eb n\u00eb zhvillimin e nj\u00eb mjedisi t\u00eb past\u00ebr dhe t\u00eb p\u00ebrshtatsh\u00ebm p\u00ebr turizmin. Zgjerimi i funksioneve t\u00eb Bashkis\u00eb ekzistuese, drejtimi i ri i saj me kopetenc\u00eb, seriozitet e vizion t\u00eb ri, n\u00eb nj\u00eb teritor t\u00eb gjer\u00eb , p\u00ebrb\u00ebn nj\u00eb tjet\u00ebr sfid\u00eb t\u00eb Bashkis\u00eb , ve\u00e7an\u00ebrisht p\u00ebr shkak t\u00eb nevojave q\u00eb kan\u00eb t\u00eb 85 fshatrat e Bashkin\u00eb s\u00eb Re. N\u00eb zonat bujq\u00ebsore, \u00ebsht\u00eb duke u zhvilluar me p\u00ebrpar\u00ebsi infrastruktura e vaditjes dhe e kullimit, jan\u00eb duke u shtuar sip\u00ebrfaqet e mbjellla me drur\u00eb frutor\u00eb t\u00eb shum\u00ebllojsh\u00ebm. Bashkia e Fierit mund t\u00eb ve\u00e7ohet p\u00ebr pun\u00eb mjaft t\u00eb mir\u00eb n\u00eb drejtim t\u00eb infrastruktur\u00ebs. Rrug\u00ebt e brendshme jan\u00eb duke u rikonstruktuar p\u00ebr t\u2019i sjell\u00eb ato n\u00eb k\u00ebrkesat e koh\u00ebs n\u00eb dobi t\u00eb qytetar\u00ebve. Rrug\u00ebt lidh\u00ebse me shum\u00eb fshatra jan\u00eb n\u00eb riparime t\u00eb vazhdueshme sipas projekteve q\u00eb ka hartuar Bashkia p\u00ebr zhvillimin e tyre. Edhe sh\u00ebrbimi p\u00ebr transportin publik t\u00eb 85 fshatrave njeh risi n\u00eb zhvillimin e jet\u00ebs komunitare brenda Nj\u00ebsive Administrative. Nj\u00eb nd\u00ebr problematikat e tjera t\u00eb r\u00ebnd\u00ebsishme p\u00ebr komunitetin e k\u00ebsaj Bashkie ,mbetet p\u00ebrmir\u00ebsimi i furnizimit me uj\u00eb t\u00eb pish\u00ebm dhe kontrolli i cil\u00ebsis\u00eb , q\u00eb n\u00eb fakt ka njohur ndryshim pozitiv. Drejtimi vizionar i Bashkis\u00eb , si dhe stafi i p\u00ebrzgjedhur i saj , japin hapsira t\u00eb reja zhvillimi itensiv dhe ekstensiv n\u00eb dobi t\u00eb komunitetit . Projektet e reja q\u00eb jan\u00eb hedhur n\u00eb zbatim , ato afatshkurt\u00ebra dhe afatgjata , japin shprese e optimiz\u00ebm p\u00ebr nj\u00eb jet\u00eb m\u00eb t\u00eb mir\u00eb dhe e r\u00ebndisin k\u00ebt\u00eb qytet n\u00eb pararoj\u00ebn e drejtimit bashkiak me standarte bashk\u00ebkohore dhe t\u00eb q\u00ebndrueshme.<\/p>\n\n\n\n<p class=\"wp-block-paragraph\">N\u00eb vend t\u00eb mbylljes<\/p>\n\n\n\n<p class=\"wp-block-paragraph\">N\u00eb k\u00ebto radh\u00eb t\u00eb k\u00ebtij reportazhi me karakter p\u00ebrshkrues e historik, kurr\u00ebsesi nuk mund t\u00eb thuhen t\u00eb gjitha p\u00ebr k\u00ebt\u00eb qytet drit\u00ebshum\u00eb e pun\u00ebshum\u00eb. Dita n\u00eb Fier ik\u00ebn shpejt. \u00cbsht\u00eb ritimi i jet\u00ebs n\u00eb zhvillim t\u00eb shpejt\u00eb , si edhe motivi p\u00ebr t\u00eb jetuar e punuar k\u00ebtu. Nata zbret but\u00eb e dritat mbushin hapsir\u00ebn e pa an\u00eb. Fieri i mbr\u00ebmjeve t\u00eb zhurm\u00ebshme me gjall\u00ebrin\u00eb e jet\u00ebs qytetare i l\u00eb vend nj\u00eb nate t\u00eb qet\u00eb m\u00eb lindjen e \u00e7do dite t\u00eb re ndryshe. Oazi i madhj i vezullimit t\u00eb dritave shum\u00ebngjyr\u00ebshe i ngjan nj\u00eb meteori t\u00eb zjarrt\u00eb , q\u00eb n\u00eb fakt nuk \u201cdigjet\u201d edhe kur prek k\u00ebt\u00eb qen\u00ebr muzeale t\u00eb Muzeqes\u00eb s\u00eb re\u2026<\/p>\n\n\n\n<p class=\"wp-block-paragraph\"><a href=\"https:\/\/www.facebook.com\/xhevahir.kapllanaj?comment_id=Y29tbWVudDoyODcwNzI2MzE5MjIxMjg2Ml8xNTc4NDM2NTkwNDI5NDc4&amp;__cft__[0]=AZjTSwO5VJYqpltkxwd3x83_8pJM1Vk1tDKy_CZmZtFQKLlDIjc2zAgR7RGFFLtHScERjFPUVi-jiuPBwcvuzj3YculTC-3Lah4VoniEx8pI6eECGMLiFsgK8iiH75Bv-fVWlpYzZSlBkZdmgzOvqB8Z-svlOY_1JQ&amp;__tn__=R]-R\"><\/a><\/p>\n\n\n\n<figure class=\"wp-block-image size-large\"><img loading=\"lazy\" decoding=\"async\" width=\"768\" height=\"1024\" src=\"https:\/\/kosovatimes.info\/wp-content\/uploads\/2026\/09\/dielli-768x1024-1.jpg\" alt=\"\" class=\"wp-image-30467\" srcset=\"https:\/\/kosovatimes.info\/wp-content\/uploads\/2026\/09\/dielli-768x1024-1.jpg 768w, https:\/\/kosovatimes.info\/wp-content\/uploads\/2026\/09\/dielli-225x300.jpg 225w, https:\/\/kosovatimes.info\/wp-content\/uploads\/2026\/09\/dielli-150x200.jpg 150w, https:\/\/kosovatimes.info\/wp-content\/uploads\/2026\/09\/dielli-300x400-1.jpg 300w, https:\/\/kosovatimes.info\/wp-content\/uploads\/2026\/09\/dielli-696x928.jpg 696w, https:\/\/kosovatimes.info\/wp-content\/uploads\/2026\/09\/dielli-1068x1424.jpg 1068w, https:\/\/kosovatimes.info\/wp-content\/uploads\/2026\/09\/dielli.jpg 1086w\" sizes=\"auto, (max-width: 768px) 100vw, 768px\" \/><\/figure>\n","protected":false},"excerpt":{"rendered":"<p>Nga Besim Dybeli T\u00eb gjitha rrug\u00ebt t\u00eb \u00e7ojn\u00eb n\u00eb Myzeqe ! Ngado q\u00eb t\u00eb nisesh n\u00ebp\u00ebr Shqip\u00ebri, p\u00ebr tu ndodhur n\u00eb qend\u00ebr t\u00eb saj , n\u00eb Myzeqe , ose do t\u00eb kalosh , ose do t\u00eb q\u00ebndrosh aty. Si p\u00ebr analogji , k\u00ebto rrug\u00eb sikur t\u00eb ftojn\u00eb , qoft\u00eb edhe p\u00ebr nj\u00eb kafe, n\u00eb qytetin [&hellip;]<\/p>\n","protected":false},"author":4,"featured_media":30464,"comment_status":"open","ping_status":"open","sticky":false,"template":"","format":"standard","meta":{"footnotes":""},"categories":[43],"tags":[],"class_list":["post-30463","post","type-post","status-publish","format-standard","has-post-thumbnail","category-turizem"],"yoast_head":"<!-- This site is optimized with the Yoast SEO plugin v27.4 - https:\/\/yoast.com\/product\/yoast-seo-wordpress\/ -->\n<title>N\u00eb zem\u00ebr t\u00eb Myzeqes\u00eb - Kosova Times<\/title>\n<meta name=\"robots\" content=\"index, follow, max-snippet:-1, max-image-preview:large, max-video-preview:-1\" \/>\n<link rel=\"canonical\" href=\"https:\/\/kosovatimes.info\/index.php\/2026\/09\/01\/ne-zemer-te-myzeqese\/\" \/>\n<meta property=\"og:locale\" content=\"en_US\" \/>\n<meta property=\"og:type\" content=\"article\" \/>\n<meta property=\"og:title\" content=\"N\u00eb zem\u00ebr t\u00eb Myzeqes\u00eb - Kosova Times\" \/>\n<meta property=\"og:description\" content=\"Nga Besim Dybeli T\u00eb gjitha rrug\u00ebt t\u00eb \u00e7ojn\u00eb n\u00eb Myzeqe ! Ngado q\u00eb t\u00eb nisesh n\u00ebp\u00ebr Shqip\u00ebri, p\u00ebr tu ndodhur n\u00eb qend\u00ebr t\u00eb saj , n\u00eb Myzeqe , ose do t\u00eb kalosh , ose do t\u00eb q\u00ebndrosh aty. Si p\u00ebr analogji , k\u00ebto rrug\u00eb sikur t\u00eb ftojn\u00eb , qoft\u00eb edhe p\u00ebr nj\u00eb kafe, n\u00eb qytetin [&hellip;]\" \/>\n<meta property=\"og:url\" content=\"https:\/\/kosovatimes.info\/index.php\/2026\/09\/01\/ne-zemer-te-myzeqese\/\" \/>\n<meta property=\"og:site_name\" content=\"Kosova Times\" \/>\n<meta property=\"article:published_time\" content=\"2026-09-01T13:05:43+00:00\" \/>\n<meta property=\"article:modified_time\" content=\"2026-09-01T13:05:45+00:00\" \/>\n<meta property=\"og:image\" content=\"https:\/\/kosovatimes.info\/wp-content\/uploads\/2026\/09\/Fier.jpg\" \/>\n\t<meta property=\"og:image:width\" content=\"590\" \/>\n\t<meta property=\"og:image:height\" content=\"375\" \/>\n\t<meta property=\"og:image:type\" content=\"image\/jpeg\" \/>\n<meta name=\"author\" content=\"i l\" \/>\n<meta name=\"twitter:card\" content=\"summary_large_image\" \/>\n<meta name=\"twitter:label1\" content=\"Written by\" \/>\n\t<meta name=\"twitter:data1\" content=\"i l\" \/>\n\t<meta name=\"twitter:label2\" content=\"Est. reading time\" \/>\n\t<meta name=\"twitter:data2\" content=\"8 minutes\" \/>\n<script type=\"application\/ld+json\" class=\"yoast-schema-graph\">{\"@context\":\"https:\\\/\\\/schema.org\",\"@graph\":[{\"@type\":\"Article\",\"@id\":\"https:\\\/\\\/kosovatimes.info\\\/index.php\\\/2026\\\/09\\\/01\\\/ne-zemer-te-myzeqese\\\/#article\",\"isPartOf\":{\"@id\":\"https:\\\/\\\/kosovatimes.info\\\/index.php\\\/2026\\\/09\\\/01\\\/ne-zemer-te-myzeqese\\\/\"},\"author\":{\"name\":\"i l\",\"@id\":\"https:\\\/\\\/kosovatimes.info\\\/#\\\/schema\\\/person\\\/7586712b9c512fe68085de007378c915\"},\"headline\":\"N\u00eb zem\u00ebr t\u00eb Myzeqes\u00eb\",\"datePublished\":\"2026-09-01T13:05:43+00:00\",\"dateModified\":\"2026-09-01T13:05:45+00:00\",\"mainEntityOfPage\":{\"@id\":\"https:\\\/\\\/kosovatimes.info\\\/index.php\\\/2026\\\/09\\\/01\\\/ne-zemer-te-myzeqese\\\/\"},\"wordCount\":1841,\"commentCount\":0,\"image\":{\"@id\":\"https:\\\/\\\/kosovatimes.info\\\/index.php\\\/2026\\\/09\\\/01\\\/ne-zemer-te-myzeqese\\\/#primaryimage\"},\"thumbnailUrl\":\"https:\\\/\\\/kosovatimes.info\\\/wp-content\\\/uploads\\\/2026\\\/09\\\/Fier.jpg\",\"articleSection\":[\"Turiz\u00ebm\"],\"inLanguage\":\"en-US\",\"potentialAction\":[{\"@type\":\"CommentAction\",\"name\":\"Comment\",\"target\":[\"https:\\\/\\\/kosovatimes.info\\\/index.php\\\/2026\\\/09\\\/01\\\/ne-zemer-te-myzeqese\\\/#respond\"]}]},{\"@type\":\"WebPage\",\"@id\":\"https:\\\/\\\/kosovatimes.info\\\/index.php\\\/2026\\\/09\\\/01\\\/ne-zemer-te-myzeqese\\\/\",\"url\":\"https:\\\/\\\/kosovatimes.info\\\/index.php\\\/2026\\\/09\\\/01\\\/ne-zemer-te-myzeqese\\\/\",\"name\":\"N\u00eb zem\u00ebr t\u00eb Myzeqes\u00eb - Kosova Times\",\"isPartOf\":{\"@id\":\"https:\\\/\\\/kosovatimes.info\\\/#website\"},\"primaryImageOfPage\":{\"@id\":\"https:\\\/\\\/kosovatimes.info\\\/index.php\\\/2026\\\/09\\\/01\\\/ne-zemer-te-myzeqese\\\/#primaryimage\"},\"image\":{\"@id\":\"https:\\\/\\\/kosovatimes.info\\\/index.php\\\/2026\\\/09\\\/01\\\/ne-zemer-te-myzeqese\\\/#primaryimage\"},\"thumbnailUrl\":\"https:\\\/\\\/kosovatimes.info\\\/wp-content\\\/uploads\\\/2026\\\/09\\\/Fier.jpg\",\"datePublished\":\"2026-09-01T13:05:43+00:00\",\"dateModified\":\"2026-09-01T13:05:45+00:00\",\"author\":{\"@id\":\"https:\\\/\\\/kosovatimes.info\\\/#\\\/schema\\\/person\\\/7586712b9c512fe68085de007378c915\"},\"breadcrumb\":{\"@id\":\"https:\\\/\\\/kosovatimes.info\\\/index.php\\\/2026\\\/09\\\/01\\\/ne-zemer-te-myzeqese\\\/#breadcrumb\"},\"inLanguage\":\"en-US\",\"potentialAction\":[{\"@type\":\"ReadAction\",\"target\":[\"https:\\\/\\\/kosovatimes.info\\\/index.php\\\/2026\\\/09\\\/01\\\/ne-zemer-te-myzeqese\\\/\"]}]},{\"@type\":\"ImageObject\",\"inLanguage\":\"en-US\",\"@id\":\"https:\\\/\\\/kosovatimes.info\\\/index.php\\\/2026\\\/09\\\/01\\\/ne-zemer-te-myzeqese\\\/#primaryimage\",\"url\":\"https:\\\/\\\/kosovatimes.info\\\/wp-content\\\/uploads\\\/2026\\\/09\\\/Fier.jpg\",\"contentUrl\":\"https:\\\/\\\/kosovatimes.info\\\/wp-content\\\/uploads\\\/2026\\\/09\\\/Fier.jpg\",\"width\":590,\"height\":375},{\"@type\":\"BreadcrumbList\",\"@id\":\"https:\\\/\\\/kosovatimes.info\\\/index.php\\\/2026\\\/09\\\/01\\\/ne-zemer-te-myzeqese\\\/#breadcrumb\",\"itemListElement\":[{\"@type\":\"ListItem\",\"position\":1,\"name\":\"Home\",\"item\":\"https:\\\/\\\/kosovatimes.info\\\/\"},{\"@type\":\"ListItem\",\"position\":2,\"name\":\"N\u00eb zem\u00ebr t\u00eb Myzeqes\u00eb\"}]},{\"@type\":\"WebSite\",\"@id\":\"https:\\\/\\\/kosovatimes.info\\\/#website\",\"url\":\"https:\\\/\\\/kosovatimes.info\\\/\",\"name\":\"Kosova Times\",\"description\":\"\",\"potentialAction\":[{\"@type\":\"SearchAction\",\"target\":{\"@type\":\"EntryPoint\",\"urlTemplate\":\"https:\\\/\\\/kosovatimes.info\\\/?s={search_term_string}\"},\"query-input\":{\"@type\":\"PropertyValueSpecification\",\"valueRequired\":true,\"valueName\":\"search_term_string\"}}],\"inLanguage\":\"en-US\"},{\"@type\":\"Person\",\"@id\":\"https:\\\/\\\/kosovatimes.info\\\/#\\\/schema\\\/person\\\/7586712b9c512fe68085de007378c915\",\"name\":\"i l\",\"image\":{\"@type\":\"ImageObject\",\"inLanguage\":\"en-US\",\"@id\":\"https:\\\/\\\/secure.gravatar.com\\\/avatar\\\/bad9296e02816160ae2e2435beda58222022298d5625d49fea74d18816fbb31d?s=96&d=mm&r=g\",\"url\":\"https:\\\/\\\/secure.gravatar.com\\\/avatar\\\/bad9296e02816160ae2e2435beda58222022298d5625d49fea74d18816fbb31d?s=96&d=mm&r=g\",\"contentUrl\":\"https:\\\/\\\/secure.gravatar.com\\\/avatar\\\/bad9296e02816160ae2e2435beda58222022298d5625d49fea74d18816fbb31d?s=96&d=mm&r=g\",\"caption\":\"i l\"},\"url\":\"https:\\\/\\\/kosovatimes.info\\\/index.php\\\/author\\\/iliri\\\/\"}]}<\/script>\n<!-- \/ Yoast SEO plugin. -->","yoast_head_json":{"title":"N\u00eb zem\u00ebr t\u00eb Myzeqes\u00eb - Kosova Times","robots":{"index":"index","follow":"follow","max-snippet":"max-snippet:-1","max-image-preview":"max-image-preview:large","max-video-preview":"max-video-preview:-1"},"canonical":"https:\/\/kosovatimes.info\/index.php\/2026\/09\/01\/ne-zemer-te-myzeqese\/","og_locale":"en_US","og_type":"article","og_title":"N\u00eb zem\u00ebr t\u00eb Myzeqes\u00eb - Kosova Times","og_description":"Nga Besim Dybeli T\u00eb gjitha rrug\u00ebt t\u00eb \u00e7ojn\u00eb n\u00eb Myzeqe ! Ngado q\u00eb t\u00eb nisesh n\u00ebp\u00ebr Shqip\u00ebri, p\u00ebr tu ndodhur n\u00eb qend\u00ebr t\u00eb saj , n\u00eb Myzeqe , ose do t\u00eb kalosh , ose do t\u00eb q\u00ebndrosh aty. Si p\u00ebr analogji , k\u00ebto rrug\u00eb sikur t\u00eb ftojn\u00eb , qoft\u00eb edhe p\u00ebr nj\u00eb kafe, n\u00eb qytetin [&hellip;]","og_url":"https:\/\/kosovatimes.info\/index.php\/2026\/09\/01\/ne-zemer-te-myzeqese\/","og_site_name":"Kosova Times","article_published_time":"2026-09-01T13:05:43+00:00","article_modified_time":"2026-09-01T13:05:45+00:00","og_image":[{"width":590,"height":375,"url":"https:\/\/kosovatimes.info\/wp-content\/uploads\/2026\/09\/Fier.jpg","type":"image\/jpeg"}],"author":"i l","twitter_card":"summary_large_image","twitter_misc":{"Written by":"i l","Est. reading time":"8 minutes"},"schema":{"@context":"https:\/\/schema.org","@graph":[{"@type":"Article","@id":"https:\/\/kosovatimes.info\/index.php\/2026\/09\/01\/ne-zemer-te-myzeqese\/#article","isPartOf":{"@id":"https:\/\/kosovatimes.info\/index.php\/2026\/09\/01\/ne-zemer-te-myzeqese\/"},"author":{"name":"i l","@id":"https:\/\/kosovatimes.info\/#\/schema\/person\/7586712b9c512fe68085de007378c915"},"headline":"N\u00eb zem\u00ebr t\u00eb Myzeqes\u00eb","datePublished":"2026-09-01T13:05:43+00:00","dateModified":"2026-09-01T13:05:45+00:00","mainEntityOfPage":{"@id":"https:\/\/kosovatimes.info\/index.php\/2026\/09\/01\/ne-zemer-te-myzeqese\/"},"wordCount":1841,"commentCount":0,"image":{"@id":"https:\/\/kosovatimes.info\/index.php\/2026\/09\/01\/ne-zemer-te-myzeqese\/#primaryimage"},"thumbnailUrl":"https:\/\/kosovatimes.info\/wp-content\/uploads\/2026\/09\/Fier.jpg","articleSection":["Turiz\u00ebm"],"inLanguage":"en-US","potentialAction":[{"@type":"CommentAction","name":"Comment","target":["https:\/\/kosovatimes.info\/index.php\/2026\/09\/01\/ne-zemer-te-myzeqese\/#respond"]}]},{"@type":"WebPage","@id":"https:\/\/kosovatimes.info\/index.php\/2026\/09\/01\/ne-zemer-te-myzeqese\/","url":"https:\/\/kosovatimes.info\/index.php\/2026\/09\/01\/ne-zemer-te-myzeqese\/","name":"N\u00eb zem\u00ebr t\u00eb Myzeqes\u00eb - Kosova Times","isPartOf":{"@id":"https:\/\/kosovatimes.info\/#website"},"primaryImageOfPage":{"@id":"https:\/\/kosovatimes.info\/index.php\/2026\/09\/01\/ne-zemer-te-myzeqese\/#primaryimage"},"image":{"@id":"https:\/\/kosovatimes.info\/index.php\/2026\/09\/01\/ne-zemer-te-myzeqese\/#primaryimage"},"thumbnailUrl":"https:\/\/kosovatimes.info\/wp-content\/uploads\/2026\/09\/Fier.jpg","datePublished":"2026-09-01T13:05:43+00:00","dateModified":"2026-09-01T13:05:45+00:00","author":{"@id":"https:\/\/kosovatimes.info\/#\/schema\/person\/7586712b9c512fe68085de007378c915"},"breadcrumb":{"@id":"https:\/\/kosovatimes.info\/index.php\/2026\/09\/01\/ne-zemer-te-myzeqese\/#breadcrumb"},"inLanguage":"en-US","potentialAction":[{"@type":"ReadAction","target":["https:\/\/kosovatimes.info\/index.php\/2026\/09\/01\/ne-zemer-te-myzeqese\/"]}]},{"@type":"ImageObject","inLanguage":"en-US","@id":"https:\/\/kosovatimes.info\/index.php\/2026\/09\/01\/ne-zemer-te-myzeqese\/#primaryimage","url":"https:\/\/kosovatimes.info\/wp-content\/uploads\/2026\/09\/Fier.jpg","contentUrl":"https:\/\/kosovatimes.info\/wp-content\/uploads\/2026\/09\/Fier.jpg","width":590,"height":375},{"@type":"BreadcrumbList","@id":"https:\/\/kosovatimes.info\/index.php\/2026\/09\/01\/ne-zemer-te-myzeqese\/#breadcrumb","itemListElement":[{"@type":"ListItem","position":1,"name":"Home","item":"https:\/\/kosovatimes.info\/"},{"@type":"ListItem","position":2,"name":"N\u00eb zem\u00ebr t\u00eb Myzeqes\u00eb"}]},{"@type":"WebSite","@id":"https:\/\/kosovatimes.info\/#website","url":"https:\/\/kosovatimes.info\/","name":"Kosova Times","description":"","potentialAction":[{"@type":"SearchAction","target":{"@type":"EntryPoint","urlTemplate":"https:\/\/kosovatimes.info\/?s={search_term_string}"},"query-input":{"@type":"PropertyValueSpecification","valueRequired":true,"valueName":"search_term_string"}}],"inLanguage":"en-US"},{"@type":"Person","@id":"https:\/\/kosovatimes.info\/#\/schema\/person\/7586712b9c512fe68085de007378c915","name":"i l","image":{"@type":"ImageObject","inLanguage":"en-US","@id":"https:\/\/secure.gravatar.com\/avatar\/bad9296e02816160ae2e2435beda58222022298d5625d49fea74d18816fbb31d?s=96&d=mm&r=g","url":"https:\/\/secure.gravatar.com\/avatar\/bad9296e02816160ae2e2435beda58222022298d5625d49fea74d18816fbb31d?s=96&d=mm&r=g","contentUrl":"https:\/\/secure.gravatar.com\/avatar\/bad9296e02816160ae2e2435beda58222022298d5625d49fea74d18816fbb31d?s=96&d=mm&r=g","caption":"i l"},"url":"https:\/\/kosovatimes.info\/index.php\/author\/iliri\/"}]}},"_links":{"self":[{"href":"https:\/\/kosovatimes.info\/index.php\/wp-json\/wp\/v2\/posts\/30463","targetHints":{"allow":["GET"]}}],"collection":[{"href":"https:\/\/kosovatimes.info\/index.php\/wp-json\/wp\/v2\/posts"}],"about":[{"href":"https:\/\/kosovatimes.info\/index.php\/wp-json\/wp\/v2\/types\/post"}],"author":[{"embeddable":true,"href":"https:\/\/kosovatimes.info\/index.php\/wp-json\/wp\/v2\/users\/4"}],"replies":[{"embeddable":true,"href":"https:\/\/kosovatimes.info\/index.php\/wp-json\/wp\/v2\/comments?post=30463"}],"version-history":[{"count":1,"href":"https:\/\/kosovatimes.info\/index.php\/wp-json\/wp\/v2\/posts\/30463\/revisions"}],"predecessor-version":[{"id":30468,"href":"https:\/\/kosovatimes.info\/index.php\/wp-json\/wp\/v2\/posts\/30463\/revisions\/30468"}],"wp:featuredmedia":[{"embeddable":true,"href":"https:\/\/kosovatimes.info\/index.php\/wp-json\/wp\/v2\/media\/30464"}],"wp:attachment":[{"href":"https:\/\/kosovatimes.info\/index.php\/wp-json\/wp\/v2\/media?parent=30463"}],"wp:term":[{"taxonomy":"category","embeddable":true,"href":"https:\/\/kosovatimes.info\/index.php\/wp-json\/wp\/v2\/categories?post=30463"},{"taxonomy":"post_tag","embeddable":true,"href":"https:\/\/kosovatimes.info\/index.php\/wp-json\/wp\/v2\/tags?post=30463"}],"curies":[{"name":"wp","href":"https:\/\/api.w.org\/{rel}","templated":true}]}}