{"id":30469,"date":"2026-09-01T15:10:25","date_gmt":"2026-09-01T13:10:25","guid":{"rendered":"https:\/\/kosovatimes.info\/?p=30469"},"modified":"2026-09-01T15:10:26","modified_gmt":"2026-09-01T13:10:26","slug":"diplomacia-sportive-ne-odesa-ushtaraket-ukrainas-perballen-me-pacifistet-italiane","status":"publish","type":"post","link":"https:\/\/kosovatimes.info\/index.php\/2026\/09\/01\/diplomacia-sportive-ne-odesa-ushtaraket-ukrainas-perballen-me-pacifistet-italiane\/","title":{"rendered":"Diplomacia Sportive n\u00eb Odesa: Ushtarak\u00ebt ukrainas p\u00ebrballen me pacifist\u00ebt italian\u00eb"},"content":{"rendered":"\n<p class=\"wp-block-paragraph\">Odesa ishte vendi i nj\u00eb takimi miq\u00ebsor sportiv midis italian\u00ebve dhe ukrainasve: nj\u00eb ndeshje futbolli q\u00eb p\u00ebrballte ushtarak\u00ebt ukrainas kund\u00ebr aktivist\u00ebve italian\u00eb nga nj\u00eb l\u00ebvizje qytetare e p\u00ebrkushtuar ndaj veprimeve jo t\u00eb dhunshme. Ishte nj\u00eb shembull i pazakont\u00eb i diplomacis\u00eb informale italiane &#8211; dhe, n\u00eb t\u00eb nj\u00ebjt\u00ebn koh\u00eb, i guximit qytetar.<\/p>\n\n\n\n<p class=\"wp-block-paragraph\">Nga 25 deri m\u00eb 28 gusht, Odesa u pushtua me g\u00ebzim nga m\u00eb shum\u00eb se 130 aktivist\u00eb t\u00eb&nbsp;<a href=\"https:\/\/projectmean.it\/chi-siamo\/\" target=\"_blank\" rel=\"noopener\">MEAN<\/a>&nbsp;, L\u00ebvizjes Evropiane p\u00ebr Veprime Jo t\u00eb Dhunshme. Iniciativa ndoshta shkaktoi disa shqet\u00ebsime n\u00eb Ambasad\u00ebn Italiane n\u00eb Kiev, e cila b\u00ebn \u00e7mos p\u00ebr t\u00eb dekurajuar italian\u00ebt q\u00eb t\u00eb udh\u00ebtojn\u00eb n\u00eb Ukrain\u00eb p\u00ebr arsye sigurie. Megjithat\u00eb, ia vlen t\u00eb theksohet se sa shum\u00eb do t\u00eb thot\u00eb p\u00ebr ukrainasit t\u00eb takojn\u00eb t\u00eb huaj q\u00eb jan\u00eb t\u00eb gatsh\u00ebm t\u00eb vijn\u00eb dhe t\u00eb mb\u00ebshtesin vendin e tyre me rrezikun e tyre.<\/p>\n\n\n\n<p class=\"wp-block-paragraph\">Dhe rreziku ishte shum\u00eb real. N\u00eb dy nga tre net\u00ebt e q\u00ebndrimit t\u00eb tyre, forcat ruse l\u00ebshuan dron\u00eb kamikaz\u00eb n\u00eb Odes\u00ebn qendrore, duke goditur sakt\u00ebsisht zonat ku po q\u00ebndronin disa an\u00ebtar\u00eb t\u00eb grupit italian. P\u00ebr njer\u00ebzit q\u00eb nuk ishin m\u00ebsuar me paralajm\u00ebrimet e sulmeve ajrore, ato dy net\u00eb t\u00eb frikshme i dhan\u00eb misionit nj\u00eb prekje t\u00eb shtuar realizmi.<\/p>\n\n\n\n<p class=\"wp-block-paragraph\">Q\u00ebllimi i misionit MEAN \u2013 akronimi italian mbart nj\u00eb kuptim mjaft t\u00eb pafat n\u00eb anglisht \u2013 ishte t\u00eb demonstronte rezistenc\u00eb civile ndaj luft\u00ebs dhe mb\u00ebshtetje paq\u00ebsore p\u00ebr Ukrain\u00ebn. Aktivist\u00ebt vizituan qytete t\u00eb goditura nga sulmet ruse dhe mor\u00ebn pjes\u00eb n\u00eb nj\u00eb s\u00ebr\u00eb aktivitetesh dhe takimesh me banor\u00ebt dhe institucionet lokale. MEAN kishte udh\u00ebtuar m\u00eb par\u00eb edhe n\u00eb Kiev dhe Kharkiv.<\/p>\n\n\n\n<p class=\"wp-block-paragraph\">Nd\u00ebr shum\u00eb ngjarjet e organizuara n\u00eb Odesa ishte nj\u00eb turne futbolli me pes\u00eb lojtar\u00eb q\u00eb u mbajt m\u00eb 27 gusht, dit\u00ebn e fundit t\u00eb vizit\u00ebs. U organizua n\u00eb partneritet me\u00a0<br><a href=\"https:\/\/www.facebook.com\/odes.ka.oblasna.profspilka.ucasnikiv.bo\" target=\"_blank\" rel=\"noopener\">Shoqat\u00ebn Nd\u00ebrkomb\u00ebtare t\u00eb Mbrojt\u00ebsve t\u00eb Ukrain\u00ebs<\/a>\u00a0dhe u zhvillua n\u00eb stadiumin e Akademis\u00eb Sportive t\u00eb Odes\u00ebs.<\/p>\n\n\n\n<figure class=\"wp-block-image\"><img decoding=\"async\" src=\"https:\/\/static.kyivpost.com\/storage\/2026\/09\/01\/61cdc614ac2d954223ac0f7140495de1.jpeg?w=1280&amp;f=webp\" alt=\"\"\/><\/figure>\n\n\n\n<p class=\"wp-block-paragraph\"><a href=\"https:\/\/static.kyivpost.com\/storage\/2026\/09\/01\/61cdc614ac2d954223ac0f7140495de1.jpeg?w=2560&amp;f=webp\" target=\"_blank\" rel=\"noopener\"><\/a><\/p>\n\n\n\n<p class=\"wp-block-paragraph\">Italian\u00ebt v\u00ebshtir\u00eb se do ta humbisnin nj\u00eb mund\u00ebsi p\u00ebr t\u00eb luajtur futboll. Dikush v\u00ebrejti, me nj\u00ebfar\u00eb ironie, se italian\u00ebt nuk kan\u00eb pasur shum\u00eb mund\u00ebsi p\u00ebr t\u00eb garuar jasht\u00eb vendit koh\u00ebt e fundit &#8211; nj\u00eb referenc\u00eb p\u00ebr munges\u00ebn e ekipit komb\u00ebtar n\u00eb Kup\u00ebn e Bot\u00ebs. Gjat\u00eb q\u00ebndrimit t\u00eb tyre n\u00eb Odesa, aktivist\u00ebt nxituan t\u00eb mblidhnin dy ekipe italiane me emra t\u00eb p\u00ebrshtatsh\u00ebm sugjestiv\u00eb: &#8220;Korpusi Civil&#8221; dhe &#8220;Veprimi Jo i Dhunsh\u00ebm&#8221;. Duke i pritur n\u00eb fush\u00eb ishin ekipet q\u00eb p\u00ebrfaq\u00ebsonin Marin\u00ebn dhe Forcat e Mbrojtjes Ajrore t\u00eb Ukrain\u00ebs.<\/p>\n\n\n\n<p class=\"wp-block-paragraph\">Organizator\u00ebt ukrainas e organizuan k\u00ebt\u00eb rast me nj\u00eb ceremoni t\u00eb konsiderueshme. Banda e Marin\u00ebs Ukrainase i mir\u00ebpriti vizitor\u00ebt italian\u00eb dhe luajti t\u00eb dy himnet komb\u00ebtare.<\/p>\n\n\n\n<p class=\"wp-block-paragraph\">N\u00eb sheshin p\u00ebrball\u00eb ekipeve t\u00eb mbledhura, u mbajt nj\u00eb minut\u00eb heshtje e zakonshme p\u00ebr t\u00eb r\u00ebn\u00ebt. P\u00ebrfaq\u00ebsues t\u00eb lart\u00eb ushtarak\u00eb t\u00eb shoqat\u00ebs prit\u00ebse iu drejtuan m\u00eb pas t\u00eb pranishm\u00ebve, t\u00eb ndjekur nga gjasht\u00eb kapelan\u00eb ushtarak\u00eb q\u00eb p\u00ebrfaq\u00ebsonin besime t\u00eb ndryshme, secili prej t\u00eb cil\u00ebve ofroi nj\u00eb lutje para se t\u00eb fillonte loja.<\/p>\n\n\n\n<p class=\"wp-block-paragraph\">Ekipet luajt\u00ebn kat\u00ebr ndeshje, duke p\u00ebrfshir\u00eb gjysm\u00ebfinalen dhe finalen. N\u00eb fund, gjendja fizike e shk\u00eblqyer e ushtarak\u00ebve t\u00eb rinj &#8211; t\u00eb cil\u00ebt luajn\u00eb rregullisht &#8211; mbizot\u00ebroi mbi at\u00eb t\u00eb ekipeve italiane, t\u00eb cilat ishin mbledhur p\u00ebr k\u00ebt\u00eb rast. Megjithat\u00eb, italian\u00ebt kompensuan munges\u00ebn e st\u00ebrvitjes me prirjen e natyrshme t\u00eb vendit t\u00eb tyre p\u00ebr futboll, duke sh\u00ebnuar disa gola q\u00eb u dhan\u00eb kund\u00ebrshtar\u00ebve t\u00eb tyre di\u00e7ka p\u00ebr t\u00eb menduar.<\/p>\n\n\n\n<figure class=\"wp-block-image\"><a href=\"https:\/\/static.kyivpost.com\/storage\/2026\/09\/01\/8ac75edf666ae1a0067a082192ae70c0.jpeg?w=2560&amp;f=webp\" target=\"_blank\" rel=\"noopener\"><img decoding=\"async\" src=\"https:\/\/static.kyivpost.com\/storage\/2026\/09\/01\/8ac75edf666ae1a0067a082192ae70c0.jpeg?w=1280&amp;f=webp\" alt=\"\"\/><\/a><\/figure>\n\n\n\n<p class=\"wp-block-paragraph\">N\u00eb ceremonin\u00eb e ndarjes s\u00eb \u00e7mimeve, vizitor\u00ebt italian\u00eb u mbush\u00ebn me dhurata, nd\u00ebrsa fituesit ukrainas mor\u00ebn trofe t\u00eb punuara artistikisht, t\u00eb prodhuara n\u00eb Itali. U shk\u00ebmbyen flamuj si kujtime t\u00eb rastit: flamuj italian\u00eb me ata t\u00eb Ukrain\u00ebs dhe t\u00eb Marin\u00ebs Ukrainase.<\/p>\n\n\n\n<figure class=\"wp-block-image\"><a href=\"https:\/\/static.kyivpost.com\/storage\/2026\/09\/01\/d34ae7e14d5af7ef8d4dc5a7e58c3375.jpeg?w=2560&amp;f=webp\" target=\"_blank\" rel=\"noopener\"><img decoding=\"async\" src=\"https:\/\/static.kyivpost.com\/storage\/2026\/09\/01\/d34ae7e14d5af7ef8d4dc5a7e58c3375.jpeg?w=1280&amp;f=webp\" alt=\"\"\/><\/a><\/figure>\n\n\n\n<p class=\"wp-block-paragraph\">N\u00eb nj\u00eb moment ironie t\u00eb paq\u00ebllimshme, kapiten\u00ebve t\u00eb ekipeve pacifiste italiane iu dhuruan dy cilindra t\u00eb m\u00ebdhenj prej bronzi t\u00eb zbukuruar me tridentin ukrainas dhe mbishkrime p\u00ebrkujtimore. Objektet, n\u00eb fakt, ishin dy g\u00ebzhoja t\u00eb zbraz\u00ebta predhash artilerie &#8211; nj\u00eb kujtes\u00eb se edhe nj\u00eb instrument lufte mund t\u00eb transformohet n\u00eb nj\u00eb vep\u00ebr arti dhe nj\u00eb simbol miq\u00ebsie.<\/p>\n\n\n\n<figure class=\"wp-block-image\"><img decoding=\"async\" src=\"https:\/\/static.kyivpost.com\/storage\/2026\/09\/01\/e8db2d2e07fdd3314ddbedeb38a31beb.jpeg?w=1280&amp;f=webp\" alt=\"\"\/><\/figure>\n\n\n\n<p class=\"wp-block-paragraph\"><a href=\"https:\/\/static.kyivpost.com\/storage\/2026\/09\/01\/e8db2d2e07fdd3314ddbedeb38a31beb.jpeg?w=2560&amp;f=webp\" target=\"_blank\" rel=\"noopener\"><\/a><\/p>\n\n\n\n<p class=\"wp-block-paragraph\">Kolonel Andriy Maydachenko, oficeri m\u00eb i lart\u00eb ukrainas i pranish\u00ebm, i dha nj\u00eb shishe t\u00eb madhe vere artizanale ukrainase kryetarit t\u00eb bashkis\u00eb Casalbuono Attilio Romano, n\u00eb provinc\u00ebn e Salernos. P\u00ebr k\u00ebt\u00eb rast, kryetari i bashkis\u00eb veshi brezin e tij zyrtar trengjyr\u00ebsh, si p\u00ebrfaq\u00ebsues i kryetar\u00ebve t\u00eb bashkive italiane q\u00eb mb\u00ebshtesin Ukrain\u00ebn dhe si futbollist q\u00eb kishte marr\u00eb pjes\u00eb n\u00eb turne.<\/p>\n\n\n\n<figure class=\"wp-block-image\"><a href=\"https:\/\/static.kyivpost.com\/storage\/2026\/09\/01\/363df64d6cab010d0ba7ea10856d2504.jpeg?w=2560&amp;f=webp\" target=\"_blank\" rel=\"noopener\"><img decoding=\"async\" src=\"https:\/\/static.kyivpost.com\/storage\/2026\/09\/01\/363df64d6cab010d0ba7ea10856d2504.jpeg?w=1280&amp;f=webp\" alt=\"\"\/><\/a><\/figure>\n\n\n\n<p class=\"wp-block-paragraph\">Presidenti i MEAN, Angelo Moretti, mori gjithashtu nj\u00eb shishe ver\u00eb ukrainase nga koloneli, s\u00eb bashku me udh\u00ebzimet p\u00ebr ta pir\u00eb at\u00eb dit\u00ebn q\u00eb lufta e Rusis\u00eb kund\u00ebr Ukrain\u00ebs mbaron. Natyrisht, kryebashkiaku futbollist dhe presidenti i l\u00ebvizjes ia kthyen me dy shishe ver\u00eb italiane.<\/p>\n\n\n\n<p class=\"wp-block-paragraph\">Eventi p\u00ebrfundoi me nj\u00eb dark\u00eb miq\u00ebsore me oriz tradicional uzbek plov dhe nj\u00eb shfaqje videosh t\u00eb ofruara nga Marina dhe Forcat Ajrore t\u00eb Ukrain\u00ebs.<\/p>\n\n\n\n<figure class=\"wp-block-image\"><a href=\"https:\/\/static.kyivpost.com\/storage\/2026\/09\/01\/bc8169ce536d1b5f21f2d6e13d6547ea.jpeg?w=2560&amp;f=webp\" target=\"_blank\" rel=\"noopener\"><img decoding=\"async\" src=\"https:\/\/static.kyivpost.com\/storage\/2026\/09\/01\/bc8169ce536d1b5f21f2d6e13d6547ea.jpeg?w=1280&amp;f=webp\" alt=\"\"\/><\/a><\/figure>\n\n\n\n<p class=\"wp-block-paragraph\">E goditur nga sulmet me dron\u00eb dhe raketa ruse, Odesa vazhdon t\u00eb mir\u00ebpres\u00eb me bujari mb\u00ebshtet\u00ebsit e guximsh\u00ebm t\u00eb Ukrain\u00ebs &#8211; dhe ende gjen vend p\u00ebr nj\u00eb ngjarje sportive dhe nj\u00eb vakt t\u00eb p\u00ebrbashk\u00ebt. Kjo \u00ebsht\u00eb prov\u00eb se lufta nuk i ka \u00e7njer\u00ebzuar ukrainasit, t\u00eb cil\u00ebt nuk kan\u00eb hequr dor\u00eb nga aft\u00ebsia e tyre p\u00ebr t\u00eb sjell\u00eb nj\u00eb prekje ironie n\u00eb jet\u00ebn e p\u00ebrditshme.<\/p>\n","protected":false},"excerpt":{"rendered":"<p>Odesa ishte vendi i nj\u00eb takimi miq\u00ebsor sportiv midis italian\u00ebve dhe ukrainasve: nj\u00eb ndeshje futbolli q\u00eb p\u00ebrballte ushtarak\u00ebt ukrainas kund\u00ebr aktivist\u00ebve italian\u00eb nga nj\u00eb l\u00ebvizje qytetare e p\u00ebrkushtuar ndaj veprimeve jo t\u00eb dhunshme. Ishte nj\u00eb shembull i pazakont\u00eb i diplomacis\u00eb informale italiane &#8211; dhe, n\u00eb t\u00eb nj\u00ebjt\u00ebn koh\u00eb, i guximit qytetar. Nga 25 deri m\u00eb [&hellip;]<\/p>\n","protected":false},"author":4,"featured_media":30470,"comment_status":"open","ping_status":"open","sticky":false,"template":"","format":"standard","meta":{"footnotes":""},"categories":[33,30],"tags":[],"class_list":["post-30469","post","type-post","status-publish","format-standard","has-post-thumbnail","category-bote","category-lajme"],"yoast_head":"<!-- This site is optimized with the Yoast SEO plugin v27.4 - https:\/\/yoast.com\/product\/yoast-seo-wordpress\/ -->\n<title>Diplomacia Sportive n\u00eb Odesa: Ushtarak\u00ebt ukrainas p\u00ebrballen me pacifist\u00ebt italian\u00eb - Kosova Times<\/title>\n<meta name=\"robots\" content=\"index, follow, max-snippet:-1, max-image-preview:large, max-video-preview:-1\" \/>\n<link rel=\"canonical\" href=\"https:\/\/kosovatimes.info\/index.php\/2026\/09\/01\/diplomacia-sportive-ne-odesa-ushtaraket-ukrainas-perballen-me-pacifistet-italiane\/\" \/>\n<meta property=\"og:locale\" content=\"en_US\" \/>\n<meta property=\"og:type\" content=\"article\" \/>\n<meta property=\"og:title\" content=\"Diplomacia Sportive n\u00eb Odesa: Ushtarak\u00ebt ukrainas p\u00ebrballen me pacifist\u00ebt italian\u00eb - Kosova Times\" \/>\n<meta property=\"og:description\" content=\"Odesa ishte vendi i nj\u00eb takimi miq\u00ebsor sportiv midis italian\u00ebve dhe ukrainasve: nj\u00eb ndeshje futbolli q\u00eb p\u00ebrballte ushtarak\u00ebt ukrainas kund\u00ebr aktivist\u00ebve italian\u00eb nga nj\u00eb l\u00ebvizje qytetare e p\u00ebrkushtuar ndaj veprimeve jo t\u00eb dhunshme. Ishte nj\u00eb shembull i pazakont\u00eb i diplomacis\u00eb informale italiane &#8211; dhe, n\u00eb t\u00eb nj\u00ebjt\u00ebn koh\u00eb, i guximit qytetar. Nga 25 deri m\u00eb [&hellip;]\" \/>\n<meta property=\"og:url\" content=\"https:\/\/kosovatimes.info\/index.php\/2026\/09\/01\/diplomacia-sportive-ne-odesa-ushtaraket-ukrainas-perballen-me-pacifistet-italiane\/\" \/>\n<meta property=\"og:site_name\" content=\"Kosova Times\" \/>\n<meta property=\"article:published_time\" content=\"2026-09-01T13:10:25+00:00\" \/>\n<meta property=\"article:modified_time\" content=\"2026-09-01T13:10:26+00:00\" \/>\n<meta property=\"og:image\" content=\"https:\/\/kosovatimes.info\/wp-content\/uploads\/2026\/09\/odesa.webp\" \/>\n\t<meta property=\"og:image:width\" content=\"1280\" \/>\n\t<meta property=\"og:image:height\" content=\"719\" \/>\n\t<meta property=\"og:image:type\" content=\"image\/webp\" \/>\n<meta name=\"author\" content=\"i l\" \/>\n<meta name=\"twitter:card\" content=\"summary_large_image\" \/>\n<meta name=\"twitter:label1\" content=\"Written by\" \/>\n\t<meta name=\"twitter:data1\" content=\"i l\" \/>\n\t<meta name=\"twitter:label2\" content=\"Est. reading time\" \/>\n\t<meta name=\"twitter:data2\" content=\"5 minutes\" \/>\n<script type=\"application\/ld+json\" class=\"yoast-schema-graph\">{\"@context\":\"https:\\\/\\\/schema.org\",\"@graph\":[{\"@type\":\"Article\",\"@id\":\"https:\\\/\\\/kosovatimes.info\\\/index.php\\\/2026\\\/09\\\/01\\\/diplomacia-sportive-ne-odesa-ushtaraket-ukrainas-perballen-me-pacifistet-italiane\\\/#article\",\"isPartOf\":{\"@id\":\"https:\\\/\\\/kosovatimes.info\\\/index.php\\\/2026\\\/09\\\/01\\\/diplomacia-sportive-ne-odesa-ushtaraket-ukrainas-perballen-me-pacifistet-italiane\\\/\"},\"author\":{\"name\":\"i l\",\"@id\":\"https:\\\/\\\/kosovatimes.info\\\/#\\\/schema\\\/person\\\/7586712b9c512fe68085de007378c915\"},\"headline\":\"Diplomacia Sportive n\u00eb Odesa: Ushtarak\u00ebt ukrainas p\u00ebrballen me pacifist\u00ebt italian\u00eb\",\"datePublished\":\"2026-09-01T13:10:25+00:00\",\"dateModified\":\"2026-09-01T13:10:26+00:00\",\"mainEntityOfPage\":{\"@id\":\"https:\\\/\\\/kosovatimes.info\\\/index.php\\\/2026\\\/09\\\/01\\\/diplomacia-sportive-ne-odesa-ushtaraket-ukrainas-perballen-me-pacifistet-italiane\\\/\"},\"wordCount\":991,\"commentCount\":0,\"image\":{\"@id\":\"https:\\\/\\\/kosovatimes.info\\\/index.php\\\/2026\\\/09\\\/01\\\/diplomacia-sportive-ne-odesa-ushtaraket-ukrainas-perballen-me-pacifistet-italiane\\\/#primaryimage\"},\"thumbnailUrl\":\"https:\\\/\\\/kosovatimes.info\\\/wp-content\\\/uploads\\\/2026\\\/09\\\/odesa.webp\",\"articleSection\":[\"Bot\u00eb\",\"Lajme\"],\"inLanguage\":\"en-US\",\"potentialAction\":[{\"@type\":\"CommentAction\",\"name\":\"Comment\",\"target\":[\"https:\\\/\\\/kosovatimes.info\\\/index.php\\\/2026\\\/09\\\/01\\\/diplomacia-sportive-ne-odesa-ushtaraket-ukrainas-perballen-me-pacifistet-italiane\\\/#respond\"]}]},{\"@type\":\"WebPage\",\"@id\":\"https:\\\/\\\/kosovatimes.info\\\/index.php\\\/2026\\\/09\\\/01\\\/diplomacia-sportive-ne-odesa-ushtaraket-ukrainas-perballen-me-pacifistet-italiane\\\/\",\"url\":\"https:\\\/\\\/kosovatimes.info\\\/index.php\\\/2026\\\/09\\\/01\\\/diplomacia-sportive-ne-odesa-ushtaraket-ukrainas-perballen-me-pacifistet-italiane\\\/\",\"name\":\"Diplomacia Sportive n\u00eb Odesa: Ushtarak\u00ebt ukrainas p\u00ebrballen me pacifist\u00ebt italian\u00eb - Kosova Times\",\"isPartOf\":{\"@id\":\"https:\\\/\\\/kosovatimes.info\\\/#website\"},\"primaryImageOfPage\":{\"@id\":\"https:\\\/\\\/kosovatimes.info\\\/index.php\\\/2026\\\/09\\\/01\\\/diplomacia-sportive-ne-odesa-ushtaraket-ukrainas-perballen-me-pacifistet-italiane\\\/#primaryimage\"},\"image\":{\"@id\":\"https:\\\/\\\/kosovatimes.info\\\/index.php\\\/2026\\\/09\\\/01\\\/diplomacia-sportive-ne-odesa-ushtaraket-ukrainas-perballen-me-pacifistet-italiane\\\/#primaryimage\"},\"thumbnailUrl\":\"https:\\\/\\\/kosovatimes.info\\\/wp-content\\\/uploads\\\/2026\\\/09\\\/odesa.webp\",\"datePublished\":\"2026-09-01T13:10:25+00:00\",\"dateModified\":\"2026-09-01T13:10:26+00:00\",\"author\":{\"@id\":\"https:\\\/\\\/kosovatimes.info\\\/#\\\/schema\\\/person\\\/7586712b9c512fe68085de007378c915\"},\"breadcrumb\":{\"@id\":\"https:\\\/\\\/kosovatimes.info\\\/index.php\\\/2026\\\/09\\\/01\\\/diplomacia-sportive-ne-odesa-ushtaraket-ukrainas-perballen-me-pacifistet-italiane\\\/#breadcrumb\"},\"inLanguage\":\"en-US\",\"potentialAction\":[{\"@type\":\"ReadAction\",\"target\":[\"https:\\\/\\\/kosovatimes.info\\\/index.php\\\/2026\\\/09\\\/01\\\/diplomacia-sportive-ne-odesa-ushtaraket-ukrainas-perballen-me-pacifistet-italiane\\\/\"]}]},{\"@type\":\"ImageObject\",\"inLanguage\":\"en-US\",\"@id\":\"https:\\\/\\\/kosovatimes.info\\\/index.php\\\/2026\\\/09\\\/01\\\/diplomacia-sportive-ne-odesa-ushtaraket-ukrainas-perballen-me-pacifistet-italiane\\\/#primaryimage\",\"url\":\"https:\\\/\\\/kosovatimes.info\\\/wp-content\\\/uploads\\\/2026\\\/09\\\/odesa.webp\",\"contentUrl\":\"https:\\\/\\\/kosovatimes.info\\\/wp-content\\\/uploads\\\/2026\\\/09\\\/odesa.webp\",\"width\":1280,\"height\":719},{\"@type\":\"BreadcrumbList\",\"@id\":\"https:\\\/\\\/kosovatimes.info\\\/index.php\\\/2026\\\/09\\\/01\\\/diplomacia-sportive-ne-odesa-ushtaraket-ukrainas-perballen-me-pacifistet-italiane\\\/#breadcrumb\",\"itemListElement\":[{\"@type\":\"ListItem\",\"position\":1,\"name\":\"Home\",\"item\":\"https:\\\/\\\/kosovatimes.info\\\/\"},{\"@type\":\"ListItem\",\"position\":2,\"name\":\"Diplomacia Sportive n\u00eb Odesa: Ushtarak\u00ebt ukrainas p\u00ebrballen me pacifist\u00ebt italian\u00eb\"}]},{\"@type\":\"WebSite\",\"@id\":\"https:\\\/\\\/kosovatimes.info\\\/#website\",\"url\":\"https:\\\/\\\/kosovatimes.info\\\/\",\"name\":\"Kosova Times\",\"description\":\"\",\"potentialAction\":[{\"@type\":\"SearchAction\",\"target\":{\"@type\":\"EntryPoint\",\"urlTemplate\":\"https:\\\/\\\/kosovatimes.info\\\/?s={search_term_string}\"},\"query-input\":{\"@type\":\"PropertyValueSpecification\",\"valueRequired\":true,\"valueName\":\"search_term_string\"}}],\"inLanguage\":\"en-US\"},{\"@type\":\"Person\",\"@id\":\"https:\\\/\\\/kosovatimes.info\\\/#\\\/schema\\\/person\\\/7586712b9c512fe68085de007378c915\",\"name\":\"i l\",\"image\":{\"@type\":\"ImageObject\",\"inLanguage\":\"en-US\",\"@id\":\"https:\\\/\\\/secure.gravatar.com\\\/avatar\\\/bad9296e02816160ae2e2435beda58222022298d5625d49fea74d18816fbb31d?s=96&d=mm&r=g\",\"url\":\"https:\\\/\\\/secure.gravatar.com\\\/avatar\\\/bad9296e02816160ae2e2435beda58222022298d5625d49fea74d18816fbb31d?s=96&d=mm&r=g\",\"contentUrl\":\"https:\\\/\\\/secure.gravatar.com\\\/avatar\\\/bad9296e02816160ae2e2435beda58222022298d5625d49fea74d18816fbb31d?s=96&d=mm&r=g\",\"caption\":\"i l\"},\"url\":\"https:\\\/\\\/kosovatimes.info\\\/index.php\\\/author\\\/iliri\\\/\"}]}<\/script>\n<!-- \/ Yoast SEO plugin. -->","yoast_head_json":{"title":"Diplomacia Sportive n\u00eb Odesa: Ushtarak\u00ebt ukrainas p\u00ebrballen me pacifist\u00ebt italian\u00eb - Kosova Times","robots":{"index":"index","follow":"follow","max-snippet":"max-snippet:-1","max-image-preview":"max-image-preview:large","max-video-preview":"max-video-preview:-1"},"canonical":"https:\/\/kosovatimes.info\/index.php\/2026\/09\/01\/diplomacia-sportive-ne-odesa-ushtaraket-ukrainas-perballen-me-pacifistet-italiane\/","og_locale":"en_US","og_type":"article","og_title":"Diplomacia Sportive n\u00eb Odesa: Ushtarak\u00ebt ukrainas p\u00ebrballen me pacifist\u00ebt italian\u00eb - Kosova Times","og_description":"Odesa ishte vendi i nj\u00eb takimi miq\u00ebsor sportiv midis italian\u00ebve dhe ukrainasve: nj\u00eb ndeshje futbolli q\u00eb p\u00ebrballte ushtarak\u00ebt ukrainas kund\u00ebr aktivist\u00ebve italian\u00eb nga nj\u00eb l\u00ebvizje qytetare e p\u00ebrkushtuar ndaj veprimeve jo t\u00eb dhunshme. Ishte nj\u00eb shembull i pazakont\u00eb i diplomacis\u00eb informale italiane &#8211; dhe, n\u00eb t\u00eb nj\u00ebjt\u00ebn koh\u00eb, i guximit qytetar. Nga 25 deri m\u00eb [&hellip;]","og_url":"https:\/\/kosovatimes.info\/index.php\/2026\/09\/01\/diplomacia-sportive-ne-odesa-ushtaraket-ukrainas-perballen-me-pacifistet-italiane\/","og_site_name":"Kosova Times","article_published_time":"2026-09-01T13:10:25+00:00","article_modified_time":"2026-09-01T13:10:26+00:00","og_image":[{"width":1280,"height":719,"url":"https:\/\/kosovatimes.info\/wp-content\/uploads\/2026\/09\/odesa.webp","type":"image\/webp"}],"author":"i l","twitter_card":"summary_large_image","twitter_misc":{"Written by":"i l","Est. reading time":"5 minutes"},"schema":{"@context":"https:\/\/schema.org","@graph":[{"@type":"Article","@id":"https:\/\/kosovatimes.info\/index.php\/2026\/09\/01\/diplomacia-sportive-ne-odesa-ushtaraket-ukrainas-perballen-me-pacifistet-italiane\/#article","isPartOf":{"@id":"https:\/\/kosovatimes.info\/index.php\/2026\/09\/01\/diplomacia-sportive-ne-odesa-ushtaraket-ukrainas-perballen-me-pacifistet-italiane\/"},"author":{"name":"i l","@id":"https:\/\/kosovatimes.info\/#\/schema\/person\/7586712b9c512fe68085de007378c915"},"headline":"Diplomacia Sportive n\u00eb Odesa: Ushtarak\u00ebt ukrainas p\u00ebrballen me pacifist\u00ebt italian\u00eb","datePublished":"2026-09-01T13:10:25+00:00","dateModified":"2026-09-01T13:10:26+00:00","mainEntityOfPage":{"@id":"https:\/\/kosovatimes.info\/index.php\/2026\/09\/01\/diplomacia-sportive-ne-odesa-ushtaraket-ukrainas-perballen-me-pacifistet-italiane\/"},"wordCount":991,"commentCount":0,"image":{"@id":"https:\/\/kosovatimes.info\/index.php\/2026\/09\/01\/diplomacia-sportive-ne-odesa-ushtaraket-ukrainas-perballen-me-pacifistet-italiane\/#primaryimage"},"thumbnailUrl":"https:\/\/kosovatimes.info\/wp-content\/uploads\/2026\/09\/odesa.webp","articleSection":["Bot\u00eb","Lajme"],"inLanguage":"en-US","potentialAction":[{"@type":"CommentAction","name":"Comment","target":["https:\/\/kosovatimes.info\/index.php\/2026\/09\/01\/diplomacia-sportive-ne-odesa-ushtaraket-ukrainas-perballen-me-pacifistet-italiane\/#respond"]}]},{"@type":"WebPage","@id":"https:\/\/kosovatimes.info\/index.php\/2026\/09\/01\/diplomacia-sportive-ne-odesa-ushtaraket-ukrainas-perballen-me-pacifistet-italiane\/","url":"https:\/\/kosovatimes.info\/index.php\/2026\/09\/01\/diplomacia-sportive-ne-odesa-ushtaraket-ukrainas-perballen-me-pacifistet-italiane\/","name":"Diplomacia Sportive n\u00eb Odesa: Ushtarak\u00ebt ukrainas p\u00ebrballen me pacifist\u00ebt italian\u00eb - Kosova Times","isPartOf":{"@id":"https:\/\/kosovatimes.info\/#website"},"primaryImageOfPage":{"@id":"https:\/\/kosovatimes.info\/index.php\/2026\/09\/01\/diplomacia-sportive-ne-odesa-ushtaraket-ukrainas-perballen-me-pacifistet-italiane\/#primaryimage"},"image":{"@id":"https:\/\/kosovatimes.info\/index.php\/2026\/09\/01\/diplomacia-sportive-ne-odesa-ushtaraket-ukrainas-perballen-me-pacifistet-italiane\/#primaryimage"},"thumbnailUrl":"https:\/\/kosovatimes.info\/wp-content\/uploads\/2026\/09\/odesa.webp","datePublished":"2026-09-01T13:10:25+00:00","dateModified":"2026-09-01T13:10:26+00:00","author":{"@id":"https:\/\/kosovatimes.info\/#\/schema\/person\/7586712b9c512fe68085de007378c915"},"breadcrumb":{"@id":"https:\/\/kosovatimes.info\/index.php\/2026\/09\/01\/diplomacia-sportive-ne-odesa-ushtaraket-ukrainas-perballen-me-pacifistet-italiane\/#breadcrumb"},"inLanguage":"en-US","potentialAction":[{"@type":"ReadAction","target":["https:\/\/kosovatimes.info\/index.php\/2026\/09\/01\/diplomacia-sportive-ne-odesa-ushtaraket-ukrainas-perballen-me-pacifistet-italiane\/"]}]},{"@type":"ImageObject","inLanguage":"en-US","@id":"https:\/\/kosovatimes.info\/index.php\/2026\/09\/01\/diplomacia-sportive-ne-odesa-ushtaraket-ukrainas-perballen-me-pacifistet-italiane\/#primaryimage","url":"https:\/\/kosovatimes.info\/wp-content\/uploads\/2026\/09\/odesa.webp","contentUrl":"https:\/\/kosovatimes.info\/wp-content\/uploads\/2026\/09\/odesa.webp","width":1280,"height":719},{"@type":"BreadcrumbList","@id":"https:\/\/kosovatimes.info\/index.php\/2026\/09\/01\/diplomacia-sportive-ne-odesa-ushtaraket-ukrainas-perballen-me-pacifistet-italiane\/#breadcrumb","itemListElement":[{"@type":"ListItem","position":1,"name":"Home","item":"https:\/\/kosovatimes.info\/"},{"@type":"ListItem","position":2,"name":"Diplomacia Sportive n\u00eb Odesa: Ushtarak\u00ebt ukrainas p\u00ebrballen me pacifist\u00ebt italian\u00eb"}]},{"@type":"WebSite","@id":"https:\/\/kosovatimes.info\/#website","url":"https:\/\/kosovatimes.info\/","name":"Kosova Times","description":"","potentialAction":[{"@type":"SearchAction","target":{"@type":"EntryPoint","urlTemplate":"https:\/\/kosovatimes.info\/?s={search_term_string}"},"query-input":{"@type":"PropertyValueSpecification","valueRequired":true,"valueName":"search_term_string"}}],"inLanguage":"en-US"},{"@type":"Person","@id":"https:\/\/kosovatimes.info\/#\/schema\/person\/7586712b9c512fe68085de007378c915","name":"i l","image":{"@type":"ImageObject","inLanguage":"en-US","@id":"https:\/\/secure.gravatar.com\/avatar\/bad9296e02816160ae2e2435beda58222022298d5625d49fea74d18816fbb31d?s=96&d=mm&r=g","url":"https:\/\/secure.gravatar.com\/avatar\/bad9296e02816160ae2e2435beda58222022298d5625d49fea74d18816fbb31d?s=96&d=mm&r=g","contentUrl":"https:\/\/secure.gravatar.com\/avatar\/bad9296e02816160ae2e2435beda58222022298d5625d49fea74d18816fbb31d?s=96&d=mm&r=g","caption":"i l"},"url":"https:\/\/kosovatimes.info\/index.php\/author\/iliri\/"}]}},"_links":{"self":[{"href":"https:\/\/kosovatimes.info\/index.php\/wp-json\/wp\/v2\/posts\/30469","targetHints":{"allow":["GET"]}}],"collection":[{"href":"https:\/\/kosovatimes.info\/index.php\/wp-json\/wp\/v2\/posts"}],"about":[{"href":"https:\/\/kosovatimes.info\/index.php\/wp-json\/wp\/v2\/types\/post"}],"author":[{"embeddable":true,"href":"https:\/\/kosovatimes.info\/index.php\/wp-json\/wp\/v2\/users\/4"}],"replies":[{"embeddable":true,"href":"https:\/\/kosovatimes.info\/index.php\/wp-json\/wp\/v2\/comments?post=30469"}],"version-history":[{"count":1,"href":"https:\/\/kosovatimes.info\/index.php\/wp-json\/wp\/v2\/posts\/30469\/revisions"}],"predecessor-version":[{"id":30471,"href":"https:\/\/kosovatimes.info\/index.php\/wp-json\/wp\/v2\/posts\/30469\/revisions\/30471"}],"wp:featuredmedia":[{"embeddable":true,"href":"https:\/\/kosovatimes.info\/index.php\/wp-json\/wp\/v2\/media\/30470"}],"wp:attachment":[{"href":"https:\/\/kosovatimes.info\/index.php\/wp-json\/wp\/v2\/media?parent=30469"}],"wp:term":[{"taxonomy":"category","embeddable":true,"href":"https:\/\/kosovatimes.info\/index.php\/wp-json\/wp\/v2\/categories?post=30469"},{"taxonomy":"post_tag","embeddable":true,"href":"https:\/\/kosovatimes.info\/index.php\/wp-json\/wp\/v2\/tags?post=30469"}],"curies":[{"name":"wp","href":"https:\/\/api.w.org\/{rel}","templated":true}]}}