{"id":30472,"date":"2026-09-01T15:12:27","date_gmt":"2026-09-01T13:12:27","guid":{"rendered":"https:\/\/kosovatimes.info\/?p=30472"},"modified":"2026-09-01T15:12:30","modified_gmt":"2026-09-01T13:12:30","slug":"projektligji-i-graham-per-sanksione-nga-ferri-kunder-rusise-perballet-me-bllokade-ne-dhomen-e-perfaqesuesve","status":"publish","type":"post","link":"https:\/\/kosovatimes.info\/index.php\/2026\/09\/01\/projektligji-i-graham-per-sanksione-nga-ferri-kunder-rusise-perballet-me-bllokade-ne-dhomen-e-perfaqesuesve\/","title":{"rendered":"Projektligji i Graham p\u00ebr &#8216;sanksione nga ferri&#8217; kund\u00ebr Rusis\u00eb p\u00ebrballet me bllokad\u00eb n\u00eb Dhom\u00ebn e P\u00ebrfaq\u00ebsuesve"},"content":{"rendered":"\n<p class=\"wp-block-paragraph\">Nj\u00eb projektligj p\u00ebr sanksionet ndaj Rusis\u00eb, i cili&nbsp;<a href=\"https:\/\/www.kyivpost.com\/interviews\/80274\" target=\"_blank\" rel=\"noopener\">u miratua n\u00eb Senatin e SHBA-s\u00eb<\/a>&nbsp;me nj\u00eb vot\u00eb d\u00ebrrmuese prej 86 votash pro dhe 11 kund\u00ebr, tani \u00ebsht\u00eb n\u00eb telashe n\u00eb Dhom\u00ebn e P\u00ebrfaq\u00ebsuesve, ku p\u00ebrballet me kund\u00ebrshtimin e demokrat\u00ebve dhe munges\u00ebn e entuziazmit midis republikan\u00ebve.<\/p>\n\n\n\n<p class=\"wp-block-paragraph\">Projektligji, i mb\u00ebshtetur nga senatori i ndjer\u00eb Lindsey Graham i Karolin\u00ebs s\u00eb Jugut, supozohej t\u2019i jepte Presidentit&nbsp;<a href=\"https:\/\/www.kyivpost.com\/topic\/trump\" target=\"_blank\" rel=\"noopener\">Donald Trump<\/a>&nbsp;m\u00eb shum\u00eb ndikim p\u00ebr t\u00eb ushtruar presion mbi Mosk\u00ebn q\u00eb t\u2019i jepte fund luft\u00ebs s\u00eb Rusis\u00eb kund\u00ebr Ukrain\u00ebs.<\/p>\n\n\n\n<h2 class=\"wp-block-heading\">\u00c7far\u00eb do t\u00eb b\u00ebnte projektligji i Graham?<\/h2>\n\n\n\n<p class=\"wp-block-paragraph\">N\u00eb thelb, legjislacioni do t\u2019i lejonte presidentit amerikan t\u00eb vendoste tarifa deri n\u00eb 500% p\u00ebr mallrat e importuara nga vendet q\u00eb blejn\u00eb naft\u00eb, gaz, uranium dhe mallra t\u00eb tjera ky\u00e7e ruse.<\/p>\n\n\n\n<p class=\"wp-block-paragraph\">Kjo \u00ebsht\u00eb arma m\u00eb e madhe e projektligjit: n\u00eb vend q\u00eb ta nd\u00ebshkoj\u00eb drejtp\u00ebrdrejt Rusin\u00eb, ai k\u00ebrc\u00ebnon vendet q\u00eb vazhdojn\u00eb t\u00eb tregtojn\u00eb me Mosk\u00ebn.<\/p>\n\n\n\n<p class=\"wp-block-paragraph\">Masa do t\u00eb zgjeronte gjithashtu regjimin e sanksioneve t\u00eb SHBA-s\u00eb kund\u00ebr subjekteve dhe njer\u00ebzve rus\u00eb q\u00eb mb\u00ebshtesin luft\u00ebn dhe do t&#8217;i jepte presidentit mjete m\u00eb t\u00eb gjera p\u00ebr t\u00eb synuar partner\u00ebt ekonomik\u00eb t\u00eb Rusis\u00eb.<\/p>\n\n\n\n<p class=\"wp-block-paragraph\">Mb\u00ebshtet\u00ebsit thon\u00eb se k\u00ebrc\u00ebnimi i tarifave masive mund t\u2019i detyroj\u00eb vende si Kina dhe India t\u00eb ulin blerjet e tyre t\u00eb energjis\u00eb ruse \u2013 duke ulur nj\u00eb nga burimet m\u00eb t\u00eb r\u00ebnd\u00ebsishme t\u00eb t\u00eb ardhurave t\u00eb Mosk\u00ebs.<\/p>\n\n\n\n<p class=\"wp-block-paragraph\">Projektligji mban emrin e Graham, i cili kaloi vite duke k\u00ebrkuar sanksione m\u00eb t\u00eb ashpra ndaj Rusis\u00eb. Ai e quajti legjislacionin nj\u00eb m\u00ebnyr\u00eb p\u00ebr t&#8217;i dh\u00ebn\u00eb presidentit amerikan nj\u00eb arm\u00eb t\u00eb fuqishme ekonomike kund\u00ebr Mosk\u00ebs dhe mb\u00ebshtet\u00ebsve t\u00eb saj.<\/p>\n\n\n\n<h2 class=\"wp-block-heading\">Senati tha po. Dhoma e P\u00ebrfaq\u00ebsuesve nuk po nxitohet.<\/h2>\n\n\n\n<p class=\"wp-block-paragraph\">Projektligji u miratua n\u00eb Senat m\u00eb 7 gusht me nj\u00eb shumic\u00eb t\u00eb rrall\u00eb dypartiake prej 86-11.<\/p>\n\n\n\n<p class=\"wp-block-paragraph\">Por momentumi \u00ebsht\u00eb zhdukur kryesisht n\u00eb Dhom\u00ebn e P\u00ebrfaq\u00ebsuesve. Udh\u00ebheq\u00ebsit republikan\u00eb t\u00eb Dhom\u00ebs s\u00eb P\u00ebrfaq\u00ebsuesve as nuk e vun\u00eb k\u00ebt\u00eb \u00e7\u00ebshtje n\u00eb kalendarin e votimit t\u00eb k\u00ebsaj jave.<\/p>\n\n\n\n<p class=\"wp-block-paragraph\">Ligjv\u00ebn\u00ebsit u kthyen n\u00eb Capitol Hill t\u00eb h\u00ebn\u00ebn pas nj\u00eb pushimi pes\u00eb-javor veror, por projektligji p\u00ebr sanksionet ndaj Rusis\u00eb mezi u p\u00ebrmend.<\/p>\n\n\n\n<p class=\"wp-block-paragraph\">\u201cSapo erdh\u00ebm nga nj\u00eb takim i kryetar\u00ebve dhe askush nuk e p\u00ebrmendi k\u00ebt\u00eb \u00e7\u00ebshtje\u201d, tha p\u00ebr&nbsp;<a href=\"https:\/\/www.politico.com\/news\/2026\/08\/31\/russia-sanctions-bill-house-01058380\" target=\"_blank\" rel=\"noopener\">Politico<\/a>&nbsp;Kryetarja e Rregullave t\u00eb Dhom\u00ebs s\u00eb P\u00ebrfaq\u00ebsuesve , Virginia Foxx, RN.C.<\/p>\n\n\n\n<p class=\"wp-block-paragraph\">E pyetur n\u00ebse projektligji mund t\u00eb kaloj\u00eb n\u00eb komisionin e saj, Foxx tha: \u201cNuk kam asnj\u00eb ide. Askush nuk po flet p\u00ebr k\u00ebt\u00eb.\u201d<\/p>\n\n\n\n<p class=\"wp-block-paragraph\">Kryetari i Parlamentit, Mike Johnson, nuk ishte m\u00eb i p\u00ebrkushtuar.<\/p>\n\n\n\n<p class=\"wp-block-paragraph\">\u00abDo ta shohim\u00bb, tha ai kur u pyet n\u00ebse Dhoma e P\u00ebrfaq\u00ebsuesve do t\u00eb votonte p\u00ebr projektligjin.<\/p>\n\n\n\n<p class=\"wp-block-paragraph\">Kjo e l\u00eb pezull p\u00ebrpjekjen e Graham p\u00ebr sanksionet ndaj Rusis\u00eb, vet\u00ebm disa jav\u00eb pasi fitoi mb\u00ebshtetje t\u00eb gjer\u00eb dypartiake n\u00eb Senat.<\/p>\n\n\n\n<h2 class=\"wp-block-heading\">Demokrat\u00ebt kan\u00eb frik\u00eb se do t\u2019i japin Trumpit m\u00eb shum\u00eb pushtet<\/h2>\n\n\n\n<p class=\"wp-block-paragraph\">Projektligji do t&#8217;i jepte Trumpit mjete t\u00eb reja p\u00ebr t\u00eb nd\u00ebshkuar Rusin\u00eb dhe vendet q\u00eb vazhdojn\u00eb t\u00eb b\u00ebjn\u00eb biznes t\u00eb madh me Mosk\u00ebn, duke p\u00ebrfshir\u00eb fuqi t\u00eb reja tarifore.<\/p>\n\n\n\n<p class=\"wp-block-paragraph\">Mb\u00ebshtet\u00ebsit e saj thon\u00eb se k\u00ebto kompetenca mund ta ndihmojn\u00eb Trumpin t\u00eb ushtroj\u00eb presion mbi presidentin rus Vladimir Putin dhe ta detyroj\u00eb Mosk\u00ebn drejt p\u00ebrfundimit t\u00eb luft\u00ebs.<\/p>\n\n\n\n<p class=\"wp-block-paragraph\">Por demokrat\u00ebt thon\u00eb se Trump tashm\u00eb ka autoritet t\u00eb mjaftuesh\u00ebm p\u00ebr t\u00eb sanksionuar Rusin\u00eb dhe partner\u00ebt e saj ekonomik\u00eb.<\/p>\n\n\n\n<p class=\"wp-block-paragraph\">An\u00ebtari i renditur i Komitetit t\u00eb \u00c7\u00ebshtjeve t\u00eb Jashtme t\u00eb Dhom\u00ebs s\u00eb P\u00ebrfaq\u00ebsuesve, Greg Meeks, dhe an\u00ebtari i renditur i Komitetit t\u00eb M\u00ebnyrave dhe Mjeteve, Richard Neal, ishin midis demokrat\u00ebve t\u00eb lart\u00eb q\u00eb kund\u00ebrshtuan projektligjin.<\/p>\n\n\n\n<p class=\"wp-block-paragraph\">Ata paralajm\u00ebruan se legjislacioni do t&#8217;i jepte Trumpit kompetenca shtes\u00eb tarifore, t\u00eb cilat ata besojn\u00eb se administrata e tij mund t&#8217;i abuzoj\u00eb.<\/p>\n\n\n\n<p class=\"wp-block-paragraph\">\u201cKongresi nuk ka nevoj\u00eb t\u00eb jap\u00eb drit\u00ebn jeshile p\u00ebr autoritetin e ri tarifor p\u00ebr Presidentin\u201d, than\u00eb ata.<\/p>\n\n\n\n<h2 class=\"wp-block-heading\">Republikan\u00ebt jan\u00eb t\u00eb ndar\u00eb<\/h2>\n\n\n\n<p class=\"wp-block-paragraph\">Projektligji p\u00ebrballet edhe me rezistenc\u00eb nga republikan\u00ebt.<\/p>\n\n\n\n<p class=\"wp-block-paragraph\">Disa ligjv\u00ebn\u00ebs konservator\u00eb q\u00eb kan\u00eb kund\u00ebrshtuar mb\u00ebshtetjen e SHBA-s\u00eb p\u00ebr Ukrain\u00ebn than\u00eb se as nuk e kan\u00eb par\u00eb legjislacionin.<\/p>\n\n\n\n<p class=\"wp-block-paragraph\">P\u00ebrfaq\u00ebsuesi Thomas Massie, R-Ky., tha se nuk e kishte par\u00eb ose d\u00ebgjuar p\u00ebr k\u00ebt\u00eb.<\/p>\n\n\n\n<p class=\"wp-block-paragraph\">&#8220;E t\u00ebra q\u00eb mund t\u00eb them \u00ebsht\u00eb se n\u00eb 14 vjet nuk kam votuar kurr\u00eb p\u00ebr t\u00eb sanksionuar nj\u00eb vend sovran&#8221;, tha Massie.<\/p>\n\n\n\n<p class=\"wp-block-paragraph\">Republikan\u00eb t\u00eb tjer\u00eb po i shtyjn\u00eb udh\u00ebheq\u00ebsit e Dhom\u00ebs s\u00eb P\u00ebrfaq\u00ebsuesve t\u00eb veprojn\u00eb.<\/p>\n\n\n\n<p class=\"wp-block-paragraph\">P\u00ebrfaq\u00ebsuesi republikan Don Bacon, nj\u00eb politikan i mbrojtjes i cili po t\u00ebrhiqet nga Kongresi, tha se miratimi i projektligjit \u00ebsht\u00eb i r\u00ebnd\u00ebsish\u00ebm.<\/p>\n\n\n\n<p class=\"wp-block-paragraph\">\u00abMendoj se \u00ebsht\u00eb shum\u00eb e r\u00ebnd\u00ebsishme t\u00eb miratohet projektligji i sanksioneve\u00bb, tha Bacon. \u00ab\u00cbsht\u00eb nj\u00eb d\u00ebshtim t\u00eb mos e b\u00ebjm\u00eb k\u00ebt\u00eb\u00bb.<\/p>\n\n\n\n<p class=\"wp-block-paragraph\">Projektligji mund t\u00eb p\u00ebrballet edhe me pengesa procedurale. Udh\u00ebheq\u00ebsit e Dhom\u00ebs s\u00eb P\u00ebrfaq\u00ebsuesve mund t\u00eb p\u00ebrpiqen ta p\u00ebrshpejtojn\u00eb at\u00eb, por kjo do t\u00eb k\u00ebrkonte nj\u00eb shumic\u00eb prej dy t\u00eb tretash &#8211; q\u00eb do t\u00eb thot\u00eb se demokrat\u00ebt do t\u00eb duhet t\u00eb ofrojn\u00eb mb\u00ebshtetje t\u00eb konsiderueshme.<\/p>\n\n\n\n<p class=\"wp-block-paragraph\">Udh\u00ebheq\u00ebsi i pakic\u00ebs n\u00eb Dhom\u00ebn e P\u00ebrfaq\u00ebsuesve, Hakeem Jeffries, tha t\u00eb h\u00ebn\u00ebn se demokrat\u00ebt kan\u00eb \u201cshqet\u00ebsime serioze\u201d n\u00eb lidhje me legjislacionin.<\/p>\n\n\n\n<h2 class=\"wp-block-heading\">Koha po mbaron<\/h2>\n\n\n\n<p class=\"wp-block-paragraph\">Kjo debat vjen n\u00eb nj\u00eb koh\u00eb kur republikan\u00ebt e Dhom\u00ebs s\u00eb P\u00ebrfaq\u00ebsuesve kan\u00eb pak koh\u00eb t\u00eb mbetur para zgjedhjeve dhe tashm\u00eb po p\u00ebrballen me p\u00ebr\u00e7arje mbi financimin e qeveris\u00eb dhe \u00e7\u00ebshtje t\u00eb tjera.<\/p>\n\n\n\n<p class=\"wp-block-paragraph\">N\u00ebse republikan\u00ebt e s\u00eb djatht\u00ebs ekstreme bllokojn\u00eb nj\u00eb votim t\u00eb r\u00ebnd\u00ebsish\u00ebm procedural k\u00ebt\u00eb jav\u00eb, ligjv\u00ebn\u00ebsit madje mund t\u00eb largohen nga Uashingtoni m\u00eb her\u00ebt se sa ishte planifikuar.<\/p>\n\n\n\n<p class=\"wp-block-paragraph\">Kjo do ta b\u00ebnte edhe m\u00eb t\u00eb v\u00ebshtir\u00eb q\u00eb projektligji i Graham p\u00ebr sanksionet ndaj Rusis\u00eb t\u00eb arrinte n\u00eb selin\u00eb e Dhom\u00ebs s\u00eb P\u00ebrfaq\u00ebsuesve.<\/p>\n\n\n\n<p class=\"wp-block-paragraph\">P\u00ebr momentin, projektligji q\u00eb kaloi n\u00eb Senat po p\u00ebrballet me nj\u00eb betej\u00eb shum\u00eb m\u00eb t\u00eb ashp\u00ebr n\u00eb dhom\u00ebn e senatit, e cila duhet ta miratoj\u00eb m\u00eb pas.<\/p>\n","protected":false},"excerpt":{"rendered":"<p>Nj\u00eb projektligj p\u00ebr sanksionet ndaj Rusis\u00eb, i cili&nbsp;u miratua n\u00eb Senatin e SHBA-s\u00eb&nbsp;me nj\u00eb vot\u00eb d\u00ebrrmuese prej 86 votash pro dhe 11 kund\u00ebr, tani \u00ebsht\u00eb n\u00eb telashe n\u00eb Dhom\u00ebn e P\u00ebrfaq\u00ebsuesve, ku p\u00ebrballet me kund\u00ebrshtimin e demokrat\u00ebve dhe munges\u00ebn e entuziazmit midis republikan\u00ebve. Projektligji, i mb\u00ebshtetur nga senatori i ndjer\u00eb Lindsey Graham i Karolin\u00ebs s\u00eb [&hellip;]<\/p>\n","protected":false},"author":4,"featured_media":30473,"comment_status":"open","ping_status":"open","sticky":false,"template":"","format":"standard","meta":{"footnotes":""},"categories":[33,30],"tags":[],"class_list":["post-30472","post","type-post","status-publish","format-standard","has-post-thumbnail","category-bote","category-lajme"],"yoast_head":"<!-- This site is optimized with the Yoast SEO plugin v27.4 - https:\/\/yoast.com\/product\/yoast-seo-wordpress\/ -->\n<title>Projektligji i Graham p\u00ebr &#039;sanksione nga ferri&#039; kund\u00ebr Rusis\u00eb p\u00ebrballet me bllokad\u00eb n\u00eb Dhom\u00ebn e P\u00ebrfaq\u00ebsuesve - Kosova Times<\/title>\n<meta name=\"robots\" content=\"index, follow, max-snippet:-1, max-image-preview:large, max-video-preview:-1\" \/>\n<link rel=\"canonical\" href=\"https:\/\/kosovatimes.info\/index.php\/2026\/09\/01\/projektligji-i-graham-per-sanksione-nga-ferri-kunder-rusise-perballet-me-bllokade-ne-dhomen-e-perfaqesuesve\/\" \/>\n<meta property=\"og:locale\" content=\"en_US\" \/>\n<meta property=\"og:type\" content=\"article\" \/>\n<meta property=\"og:title\" content=\"Projektligji i Graham p\u00ebr &#039;sanksione nga ferri&#039; kund\u00ebr Rusis\u00eb p\u00ebrballet me bllokad\u00eb n\u00eb Dhom\u00ebn e P\u00ebrfaq\u00ebsuesve - Kosova Times\" \/>\n<meta property=\"og:description\" content=\"Nj\u00eb projektligj p\u00ebr sanksionet ndaj Rusis\u00eb, i cili&nbsp;u miratua n\u00eb Senatin e SHBA-s\u00eb&nbsp;me nj\u00eb vot\u00eb d\u00ebrrmuese prej 86 votash pro dhe 11 kund\u00ebr, tani \u00ebsht\u00eb n\u00eb telashe n\u00eb Dhom\u00ebn e P\u00ebrfaq\u00ebsuesve, ku p\u00ebrballet me kund\u00ebrshtimin e demokrat\u00ebve dhe munges\u00ebn e entuziazmit midis republikan\u00ebve. Projektligji, i mb\u00ebshtetur nga senatori i ndjer\u00eb Lindsey Graham i Karolin\u00ebs s\u00eb [&hellip;]\" \/>\n<meta property=\"og:url\" content=\"https:\/\/kosovatimes.info\/index.php\/2026\/09\/01\/projektligji-i-graham-per-sanksione-nga-ferri-kunder-rusise-perballet-me-bllokade-ne-dhomen-e-perfaqesuesve\/\" \/>\n<meta property=\"og:site_name\" content=\"Kosova Times\" \/>\n<meta property=\"article:published_time\" content=\"2026-09-01T13:12:27+00:00\" \/>\n<meta property=\"article:modified_time\" content=\"2026-09-01T13:12:30+00:00\" \/>\n<meta property=\"og:image\" content=\"https:\/\/kosovatimes.info\/wp-content\/uploads\/2026\/09\/Graham.webp\" \/>\n\t<meta property=\"og:image:width\" content=\"2560\" \/>\n\t<meta property=\"og:image:height\" content=\"1705\" \/>\n\t<meta property=\"og:image:type\" content=\"image\/webp\" \/>\n<meta name=\"author\" content=\"i l\" \/>\n<meta name=\"twitter:card\" content=\"summary_large_image\" \/>\n<meta name=\"twitter:label1\" content=\"Written by\" \/>\n\t<meta name=\"twitter:data1\" content=\"i l\" \/>\n\t<meta name=\"twitter:label2\" content=\"Est. reading time\" \/>\n\t<meta name=\"twitter:data2\" content=\"3 minutes\" \/>\n<script type=\"application\/ld+json\" class=\"yoast-schema-graph\">{\"@context\":\"https:\\\/\\\/schema.org\",\"@graph\":[{\"@type\":\"Article\",\"@id\":\"https:\\\/\\\/kosovatimes.info\\\/index.php\\\/2026\\\/09\\\/01\\\/projektligji-i-graham-per-sanksione-nga-ferri-kunder-rusise-perballet-me-bllokade-ne-dhomen-e-perfaqesuesve\\\/#article\",\"isPartOf\":{\"@id\":\"https:\\\/\\\/kosovatimes.info\\\/index.php\\\/2026\\\/09\\\/01\\\/projektligji-i-graham-per-sanksione-nga-ferri-kunder-rusise-perballet-me-bllokade-ne-dhomen-e-perfaqesuesve\\\/\"},\"author\":{\"name\":\"i l\",\"@id\":\"https:\\\/\\\/kosovatimes.info\\\/#\\\/schema\\\/person\\\/7586712b9c512fe68085de007378c915\"},\"headline\":\"Projektligji i Graham p\u00ebr &#8216;sanksione nga ferri&#8217; kund\u00ebr Rusis\u00eb p\u00ebrballet me bllokad\u00eb n\u00eb Dhom\u00ebn e P\u00ebrfaq\u00ebsuesve\",\"datePublished\":\"2026-09-01T13:12:27+00:00\",\"dateModified\":\"2026-09-01T13:12:30+00:00\",\"mainEntityOfPage\":{\"@id\":\"https:\\\/\\\/kosovatimes.info\\\/index.php\\\/2026\\\/09\\\/01\\\/projektligji-i-graham-per-sanksione-nga-ferri-kunder-rusise-perballet-me-bllokade-ne-dhomen-e-perfaqesuesve\\\/\"},\"wordCount\":1118,\"commentCount\":0,\"image\":{\"@id\":\"https:\\\/\\\/kosovatimes.info\\\/index.php\\\/2026\\\/09\\\/01\\\/projektligji-i-graham-per-sanksione-nga-ferri-kunder-rusise-perballet-me-bllokade-ne-dhomen-e-perfaqesuesve\\\/#primaryimage\"},\"thumbnailUrl\":\"https:\\\/\\\/kosovatimes.info\\\/wp-content\\\/uploads\\\/2026\\\/09\\\/Graham.webp\",\"articleSection\":[\"Bot\u00eb\",\"Lajme\"],\"inLanguage\":\"en-US\",\"potentialAction\":[{\"@type\":\"CommentAction\",\"name\":\"Comment\",\"target\":[\"https:\\\/\\\/kosovatimes.info\\\/index.php\\\/2026\\\/09\\\/01\\\/projektligji-i-graham-per-sanksione-nga-ferri-kunder-rusise-perballet-me-bllokade-ne-dhomen-e-perfaqesuesve\\\/#respond\"]}]},{\"@type\":\"WebPage\",\"@id\":\"https:\\\/\\\/kosovatimes.info\\\/index.php\\\/2026\\\/09\\\/01\\\/projektligji-i-graham-per-sanksione-nga-ferri-kunder-rusise-perballet-me-bllokade-ne-dhomen-e-perfaqesuesve\\\/\",\"url\":\"https:\\\/\\\/kosovatimes.info\\\/index.php\\\/2026\\\/09\\\/01\\\/projektligji-i-graham-per-sanksione-nga-ferri-kunder-rusise-perballet-me-bllokade-ne-dhomen-e-perfaqesuesve\\\/\",\"name\":\"Projektligji i Graham p\u00ebr 'sanksione nga ferri' kund\u00ebr Rusis\u00eb p\u00ebrballet me bllokad\u00eb n\u00eb Dhom\u00ebn e P\u00ebrfaq\u00ebsuesve - Kosova Times\",\"isPartOf\":{\"@id\":\"https:\\\/\\\/kosovatimes.info\\\/#website\"},\"primaryImageOfPage\":{\"@id\":\"https:\\\/\\\/kosovatimes.info\\\/index.php\\\/2026\\\/09\\\/01\\\/projektligji-i-graham-per-sanksione-nga-ferri-kunder-rusise-perballet-me-bllokade-ne-dhomen-e-perfaqesuesve\\\/#primaryimage\"},\"image\":{\"@id\":\"https:\\\/\\\/kosovatimes.info\\\/index.php\\\/2026\\\/09\\\/01\\\/projektligji-i-graham-per-sanksione-nga-ferri-kunder-rusise-perballet-me-bllokade-ne-dhomen-e-perfaqesuesve\\\/#primaryimage\"},\"thumbnailUrl\":\"https:\\\/\\\/kosovatimes.info\\\/wp-content\\\/uploads\\\/2026\\\/09\\\/Graham.webp\",\"datePublished\":\"2026-09-01T13:12:27+00:00\",\"dateModified\":\"2026-09-01T13:12:30+00:00\",\"author\":{\"@id\":\"https:\\\/\\\/kosovatimes.info\\\/#\\\/schema\\\/person\\\/7586712b9c512fe68085de007378c915\"},\"breadcrumb\":{\"@id\":\"https:\\\/\\\/kosovatimes.info\\\/index.php\\\/2026\\\/09\\\/01\\\/projektligji-i-graham-per-sanksione-nga-ferri-kunder-rusise-perballet-me-bllokade-ne-dhomen-e-perfaqesuesve\\\/#breadcrumb\"},\"inLanguage\":\"en-US\",\"potentialAction\":[{\"@type\":\"ReadAction\",\"target\":[\"https:\\\/\\\/kosovatimes.info\\\/index.php\\\/2026\\\/09\\\/01\\\/projektligji-i-graham-per-sanksione-nga-ferri-kunder-rusise-perballet-me-bllokade-ne-dhomen-e-perfaqesuesve\\\/\"]}]},{\"@type\":\"ImageObject\",\"inLanguage\":\"en-US\",\"@id\":\"https:\\\/\\\/kosovatimes.info\\\/index.php\\\/2026\\\/09\\\/01\\\/projektligji-i-graham-per-sanksione-nga-ferri-kunder-rusise-perballet-me-bllokade-ne-dhomen-e-perfaqesuesve\\\/#primaryimage\",\"url\":\"https:\\\/\\\/kosovatimes.info\\\/wp-content\\\/uploads\\\/2026\\\/09\\\/Graham.webp\",\"contentUrl\":\"https:\\\/\\\/kosovatimes.info\\\/wp-content\\\/uploads\\\/2026\\\/09\\\/Graham.webp\",\"width\":2560,\"height\":1705},{\"@type\":\"BreadcrumbList\",\"@id\":\"https:\\\/\\\/kosovatimes.info\\\/index.php\\\/2026\\\/09\\\/01\\\/projektligji-i-graham-per-sanksione-nga-ferri-kunder-rusise-perballet-me-bllokade-ne-dhomen-e-perfaqesuesve\\\/#breadcrumb\",\"itemListElement\":[{\"@type\":\"ListItem\",\"position\":1,\"name\":\"Home\",\"item\":\"https:\\\/\\\/kosovatimes.info\\\/\"},{\"@type\":\"ListItem\",\"position\":2,\"name\":\"Projektligji i Graham p\u00ebr &#8216;sanksione nga ferri&#8217; kund\u00ebr Rusis\u00eb p\u00ebrballet me bllokad\u00eb n\u00eb Dhom\u00ebn e P\u00ebrfaq\u00ebsuesve\"}]},{\"@type\":\"WebSite\",\"@id\":\"https:\\\/\\\/kosovatimes.info\\\/#website\",\"url\":\"https:\\\/\\\/kosovatimes.info\\\/\",\"name\":\"Kosova Times\",\"description\":\"\",\"potentialAction\":[{\"@type\":\"SearchAction\",\"target\":{\"@type\":\"EntryPoint\",\"urlTemplate\":\"https:\\\/\\\/kosovatimes.info\\\/?s={search_term_string}\"},\"query-input\":{\"@type\":\"PropertyValueSpecification\",\"valueRequired\":true,\"valueName\":\"search_term_string\"}}],\"inLanguage\":\"en-US\"},{\"@type\":\"Person\",\"@id\":\"https:\\\/\\\/kosovatimes.info\\\/#\\\/schema\\\/person\\\/7586712b9c512fe68085de007378c915\",\"name\":\"i l\",\"image\":{\"@type\":\"ImageObject\",\"inLanguage\":\"en-US\",\"@id\":\"https:\\\/\\\/secure.gravatar.com\\\/avatar\\\/bad9296e02816160ae2e2435beda58222022298d5625d49fea74d18816fbb31d?s=96&d=mm&r=g\",\"url\":\"https:\\\/\\\/secure.gravatar.com\\\/avatar\\\/bad9296e02816160ae2e2435beda58222022298d5625d49fea74d18816fbb31d?s=96&d=mm&r=g\",\"contentUrl\":\"https:\\\/\\\/secure.gravatar.com\\\/avatar\\\/bad9296e02816160ae2e2435beda58222022298d5625d49fea74d18816fbb31d?s=96&d=mm&r=g\",\"caption\":\"i l\"},\"url\":\"https:\\\/\\\/kosovatimes.info\\\/index.php\\\/author\\\/iliri\\\/\"}]}<\/script>\n<!-- \/ Yoast SEO plugin. -->","yoast_head_json":{"title":"Projektligji i Graham p\u00ebr 'sanksione nga ferri' kund\u00ebr Rusis\u00eb p\u00ebrballet me bllokad\u00eb n\u00eb Dhom\u00ebn e P\u00ebrfaq\u00ebsuesve - Kosova Times","robots":{"index":"index","follow":"follow","max-snippet":"max-snippet:-1","max-image-preview":"max-image-preview:large","max-video-preview":"max-video-preview:-1"},"canonical":"https:\/\/kosovatimes.info\/index.php\/2026\/09\/01\/projektligji-i-graham-per-sanksione-nga-ferri-kunder-rusise-perballet-me-bllokade-ne-dhomen-e-perfaqesuesve\/","og_locale":"en_US","og_type":"article","og_title":"Projektligji i Graham p\u00ebr 'sanksione nga ferri' kund\u00ebr Rusis\u00eb p\u00ebrballet me bllokad\u00eb n\u00eb Dhom\u00ebn e P\u00ebrfaq\u00ebsuesve - Kosova Times","og_description":"Nj\u00eb projektligj p\u00ebr sanksionet ndaj Rusis\u00eb, i cili&nbsp;u miratua n\u00eb Senatin e SHBA-s\u00eb&nbsp;me nj\u00eb vot\u00eb d\u00ebrrmuese prej 86 votash pro dhe 11 kund\u00ebr, tani \u00ebsht\u00eb n\u00eb telashe n\u00eb Dhom\u00ebn e P\u00ebrfaq\u00ebsuesve, ku p\u00ebrballet me kund\u00ebrshtimin e demokrat\u00ebve dhe munges\u00ebn e entuziazmit midis republikan\u00ebve. Projektligji, i mb\u00ebshtetur nga senatori i ndjer\u00eb Lindsey Graham i Karolin\u00ebs s\u00eb [&hellip;]","og_url":"https:\/\/kosovatimes.info\/index.php\/2026\/09\/01\/projektligji-i-graham-per-sanksione-nga-ferri-kunder-rusise-perballet-me-bllokade-ne-dhomen-e-perfaqesuesve\/","og_site_name":"Kosova Times","article_published_time":"2026-09-01T13:12:27+00:00","article_modified_time":"2026-09-01T13:12:30+00:00","og_image":[{"width":2560,"height":1705,"url":"https:\/\/kosovatimes.info\/wp-content\/uploads\/2026\/09\/Graham.webp","type":"image\/webp"}],"author":"i l","twitter_card":"summary_large_image","twitter_misc":{"Written by":"i l","Est. reading time":"3 minutes"},"schema":{"@context":"https:\/\/schema.org","@graph":[{"@type":"Article","@id":"https:\/\/kosovatimes.info\/index.php\/2026\/09\/01\/projektligji-i-graham-per-sanksione-nga-ferri-kunder-rusise-perballet-me-bllokade-ne-dhomen-e-perfaqesuesve\/#article","isPartOf":{"@id":"https:\/\/kosovatimes.info\/index.php\/2026\/09\/01\/projektligji-i-graham-per-sanksione-nga-ferri-kunder-rusise-perballet-me-bllokade-ne-dhomen-e-perfaqesuesve\/"},"author":{"name":"i l","@id":"https:\/\/kosovatimes.info\/#\/schema\/person\/7586712b9c512fe68085de007378c915"},"headline":"Projektligji i Graham p\u00ebr &#8216;sanksione nga ferri&#8217; kund\u00ebr Rusis\u00eb p\u00ebrballet me bllokad\u00eb n\u00eb Dhom\u00ebn e P\u00ebrfaq\u00ebsuesve","datePublished":"2026-09-01T13:12:27+00:00","dateModified":"2026-09-01T13:12:30+00:00","mainEntityOfPage":{"@id":"https:\/\/kosovatimes.info\/index.php\/2026\/09\/01\/projektligji-i-graham-per-sanksione-nga-ferri-kunder-rusise-perballet-me-bllokade-ne-dhomen-e-perfaqesuesve\/"},"wordCount":1118,"commentCount":0,"image":{"@id":"https:\/\/kosovatimes.info\/index.php\/2026\/09\/01\/projektligji-i-graham-per-sanksione-nga-ferri-kunder-rusise-perballet-me-bllokade-ne-dhomen-e-perfaqesuesve\/#primaryimage"},"thumbnailUrl":"https:\/\/kosovatimes.info\/wp-content\/uploads\/2026\/09\/Graham.webp","articleSection":["Bot\u00eb","Lajme"],"inLanguage":"en-US","potentialAction":[{"@type":"CommentAction","name":"Comment","target":["https:\/\/kosovatimes.info\/index.php\/2026\/09\/01\/projektligji-i-graham-per-sanksione-nga-ferri-kunder-rusise-perballet-me-bllokade-ne-dhomen-e-perfaqesuesve\/#respond"]}]},{"@type":"WebPage","@id":"https:\/\/kosovatimes.info\/index.php\/2026\/09\/01\/projektligji-i-graham-per-sanksione-nga-ferri-kunder-rusise-perballet-me-bllokade-ne-dhomen-e-perfaqesuesve\/","url":"https:\/\/kosovatimes.info\/index.php\/2026\/09\/01\/projektligji-i-graham-per-sanksione-nga-ferri-kunder-rusise-perballet-me-bllokade-ne-dhomen-e-perfaqesuesve\/","name":"Projektligji i Graham p\u00ebr 'sanksione nga ferri' kund\u00ebr Rusis\u00eb p\u00ebrballet me bllokad\u00eb n\u00eb Dhom\u00ebn e P\u00ebrfaq\u00ebsuesve - Kosova Times","isPartOf":{"@id":"https:\/\/kosovatimes.info\/#website"},"primaryImageOfPage":{"@id":"https:\/\/kosovatimes.info\/index.php\/2026\/09\/01\/projektligji-i-graham-per-sanksione-nga-ferri-kunder-rusise-perballet-me-bllokade-ne-dhomen-e-perfaqesuesve\/#primaryimage"},"image":{"@id":"https:\/\/kosovatimes.info\/index.php\/2026\/09\/01\/projektligji-i-graham-per-sanksione-nga-ferri-kunder-rusise-perballet-me-bllokade-ne-dhomen-e-perfaqesuesve\/#primaryimage"},"thumbnailUrl":"https:\/\/kosovatimes.info\/wp-content\/uploads\/2026\/09\/Graham.webp","datePublished":"2026-09-01T13:12:27+00:00","dateModified":"2026-09-01T13:12:30+00:00","author":{"@id":"https:\/\/kosovatimes.info\/#\/schema\/person\/7586712b9c512fe68085de007378c915"},"breadcrumb":{"@id":"https:\/\/kosovatimes.info\/index.php\/2026\/09\/01\/projektligji-i-graham-per-sanksione-nga-ferri-kunder-rusise-perballet-me-bllokade-ne-dhomen-e-perfaqesuesve\/#breadcrumb"},"inLanguage":"en-US","potentialAction":[{"@type":"ReadAction","target":["https:\/\/kosovatimes.info\/index.php\/2026\/09\/01\/projektligji-i-graham-per-sanksione-nga-ferri-kunder-rusise-perballet-me-bllokade-ne-dhomen-e-perfaqesuesve\/"]}]},{"@type":"ImageObject","inLanguage":"en-US","@id":"https:\/\/kosovatimes.info\/index.php\/2026\/09\/01\/projektligji-i-graham-per-sanksione-nga-ferri-kunder-rusise-perballet-me-bllokade-ne-dhomen-e-perfaqesuesve\/#primaryimage","url":"https:\/\/kosovatimes.info\/wp-content\/uploads\/2026\/09\/Graham.webp","contentUrl":"https:\/\/kosovatimes.info\/wp-content\/uploads\/2026\/09\/Graham.webp","width":2560,"height":1705},{"@type":"BreadcrumbList","@id":"https:\/\/kosovatimes.info\/index.php\/2026\/09\/01\/projektligji-i-graham-per-sanksione-nga-ferri-kunder-rusise-perballet-me-bllokade-ne-dhomen-e-perfaqesuesve\/#breadcrumb","itemListElement":[{"@type":"ListItem","position":1,"name":"Home","item":"https:\/\/kosovatimes.info\/"},{"@type":"ListItem","position":2,"name":"Projektligji i Graham p\u00ebr &#8216;sanksione nga ferri&#8217; kund\u00ebr Rusis\u00eb p\u00ebrballet me bllokad\u00eb n\u00eb Dhom\u00ebn e P\u00ebrfaq\u00ebsuesve"}]},{"@type":"WebSite","@id":"https:\/\/kosovatimes.info\/#website","url":"https:\/\/kosovatimes.info\/","name":"Kosova Times","description":"","potentialAction":[{"@type":"SearchAction","target":{"@type":"EntryPoint","urlTemplate":"https:\/\/kosovatimes.info\/?s={search_term_string}"},"query-input":{"@type":"PropertyValueSpecification","valueRequired":true,"valueName":"search_term_string"}}],"inLanguage":"en-US"},{"@type":"Person","@id":"https:\/\/kosovatimes.info\/#\/schema\/person\/7586712b9c512fe68085de007378c915","name":"i l","image":{"@type":"ImageObject","inLanguage":"en-US","@id":"https:\/\/secure.gravatar.com\/avatar\/bad9296e02816160ae2e2435beda58222022298d5625d49fea74d18816fbb31d?s=96&d=mm&r=g","url":"https:\/\/secure.gravatar.com\/avatar\/bad9296e02816160ae2e2435beda58222022298d5625d49fea74d18816fbb31d?s=96&d=mm&r=g","contentUrl":"https:\/\/secure.gravatar.com\/avatar\/bad9296e02816160ae2e2435beda58222022298d5625d49fea74d18816fbb31d?s=96&d=mm&r=g","caption":"i l"},"url":"https:\/\/kosovatimes.info\/index.php\/author\/iliri\/"}]}},"_links":{"self":[{"href":"https:\/\/kosovatimes.info\/index.php\/wp-json\/wp\/v2\/posts\/30472","targetHints":{"allow":["GET"]}}],"collection":[{"href":"https:\/\/kosovatimes.info\/index.php\/wp-json\/wp\/v2\/posts"}],"about":[{"href":"https:\/\/kosovatimes.info\/index.php\/wp-json\/wp\/v2\/types\/post"}],"author":[{"embeddable":true,"href":"https:\/\/kosovatimes.info\/index.php\/wp-json\/wp\/v2\/users\/4"}],"replies":[{"embeddable":true,"href":"https:\/\/kosovatimes.info\/index.php\/wp-json\/wp\/v2\/comments?post=30472"}],"version-history":[{"count":1,"href":"https:\/\/kosovatimes.info\/index.php\/wp-json\/wp\/v2\/posts\/30472\/revisions"}],"predecessor-version":[{"id":30474,"href":"https:\/\/kosovatimes.info\/index.php\/wp-json\/wp\/v2\/posts\/30472\/revisions\/30474"}],"wp:featuredmedia":[{"embeddable":true,"href":"https:\/\/kosovatimes.info\/index.php\/wp-json\/wp\/v2\/media\/30473"}],"wp:attachment":[{"href":"https:\/\/kosovatimes.info\/index.php\/wp-json\/wp\/v2\/media?parent=30472"}],"wp:term":[{"taxonomy":"category","embeddable":true,"href":"https:\/\/kosovatimes.info\/index.php\/wp-json\/wp\/v2\/categories?post=30472"},{"taxonomy":"post_tag","embeddable":true,"href":"https:\/\/kosovatimes.info\/index.php\/wp-json\/wp\/v2\/tags?post=30472"}],"curies":[{"name":"wp","href":"https:\/\/api.w.org\/{rel}","templated":true}]}}