{"id":30480,"date":"2026-09-01T17:40:00","date_gmt":"2026-09-01T15:40:00","guid":{"rendered":"https:\/\/kosovatimes.info\/?p=30480"},"modified":"2026-09-01T17:55:04","modified_gmt":"2026-09-01T15:55:04","slug":"kurti-priti-ne-takim-lamtumires-ambasadoren-e-holandes","status":"publish","type":"post","link":"https:\/\/kosovatimes.info\/index.php\/2026\/09\/01\/kurti-priti-ne-takim-lamtumires-ambasadoren-e-holandes\/","title":{"rendered":"Kurti priti n\u00eb takim lamtumir\u00ebs ambasadoren e Holand\u00ebs"},"content":{"rendered":"\n<p class=\"wp-block-paragraph\"><strong>Kryeministri n\u00eb detyr\u00eb, Albin Kurti, ka pritur n\u00eb takim lamtumir\u00ebs ambasadoren e Holand\u00ebs, Karin Boven, me t\u00eb cil\u00ebn diskutoi p\u00ebr bashk\u00ebpunimin mes dy vendeve, proceset integruese t\u00eb Kosov\u00ebs dhe mund\u00ebsit\u00eb p\u00ebr thellimin e bashk\u00ebpunimit n\u00eb disa fusha.<\/strong><\/p>\n\n\n\n<p class=\"wp-block-paragraph\">Sipas njoftimit nga Zyra e Kryeministrit, Kurti e fal\u00ebnderoi ambasadoren p\u00ebr bashk\u00ebpunimin, kontributin dhe sh\u00ebrbimin e saj n\u00eb Republik\u00ebn e Kosov\u00ebs, posa\u00e7\u00ebrisht p\u00ebr angazhimin e saj p\u00ebr barazin\u00eb gjinore dhe promovimin e t\u00eb drejtave t\u00eb njeriut.<\/p>\n\n\n\n<p class=\"wp-block-paragraph\">\u201cRepublika e Kosov\u00ebs e vler\u00ebson thelb\u00ebsore mb\u00ebshtetjen e Holand\u00ebs n\u00eb raport me statusin e vendit kandidat p\u00ebr an\u00ebtar\u00ebsim n\u00eb Bashkimin Evropian dhe proceset integruese n\u00eb p\u00ebrgjith\u00ebsi. Teksa mir\u00ebpresim konsultimet politike nd\u00ebrmjet Holand\u00ebs, Belgjik\u00ebs, Luksemburgut dhe Kosov\u00ebs, k\u00ebt\u00eb muaj, synojm\u00eb t\u00eb zgjerojm\u00eb bashk\u00ebrendimin strategjik n\u00ebp\u00ebrmjet k\u00ebtij forumi\u201d, tha Kurti.<\/p>\n\n\n\n<p class=\"wp-block-paragraph\">N\u00eb takim u diskutua p\u00ebr mund\u00ebsit\u00eb konkrete t\u00eb thellimit t\u00eb bashk\u00ebpunimit n\u00eb fush\u00ebn e mbrojtjes, drejt\u00ebsis\u00eb, energjis\u00eb, bujq\u00ebsis\u00eb dhe kultur\u00ebs, meqen\u00ebse s\u00eb shpejti n\u00eb Kosov\u00eb do t\u00eb realizohet ekspozita virtuale e Van Gogh.<\/p>\n\n\n\n<p class=\"wp-block-paragraph\">Kurti i uroi ambasadores Boven suksese n\u00eb angazhimet e saj t\u00eb reja dhe theksoi se ajo do t\u00eb jet\u00eb p\u00ebrher\u00eb e mir\u00ebpritur n\u00eb Kosov\u00eb.&nbsp;<img decoding=\"async\" alt=\"\" src=\"https:\/\/www.rtklive.com\/sq\/gallery\/news_hidden_inside\/732710\/k_a.jpg\"><\/p>\n","protected":false},"excerpt":{"rendered":"<p>Kryeministri n\u00eb detyr\u00eb, Albin Kurti, ka pritur n\u00eb takim lamtumir\u00ebs ambasadoren e Holand\u00ebs, Karin Boven, me t\u00eb cil\u00ebn diskutoi p\u00ebr bashk\u00ebpunimin mes dy vendeve, proceset integruese t\u00eb Kosov\u00ebs dhe mund\u00ebsit\u00eb p\u00ebr thellimin e bashk\u00ebpunimit n\u00eb disa fusha. Sipas njoftimit nga Zyra e Kryeministrit, Kurti e fal\u00ebnderoi ambasadoren p\u00ebr bashk\u00ebpunimin, kontributin dhe sh\u00ebrbimin e saj n\u00eb [&hellip;]<\/p>\n","protected":false},"author":4,"featured_media":30481,"comment_status":"open","ping_status":"open","sticky":false,"template":"","format":"standard","meta":{"footnotes":""},"categories":[31,30],"tags":[],"class_list":["post-30480","post","type-post","status-publish","format-standard","has-post-thumbnail","category-kosove","category-lajme"],"yoast_head":"<!-- This site is optimized with the Yoast SEO plugin v27.4 - https:\/\/yoast.com\/product\/yoast-seo-wordpress\/ -->\n<title>Kurti priti n\u00eb takim lamtumir\u00ebs ambasadoren e Holand\u00ebs - Kosova Times<\/title>\n<meta name=\"robots\" content=\"index, follow, max-snippet:-1, max-image-preview:large, max-video-preview:-1\" \/>\n<link rel=\"canonical\" href=\"https:\/\/kosovatimes.info\/index.php\/2026\/09\/01\/kurti-priti-ne-takim-lamtumires-ambasadoren-e-holandes\/\" \/>\n<meta property=\"og:locale\" content=\"en_US\" \/>\n<meta property=\"og:type\" content=\"article\" \/>\n<meta property=\"og:title\" content=\"Kurti priti n\u00eb takim lamtumir\u00ebs ambasadoren e Holand\u00ebs - Kosova Times\" \/>\n<meta property=\"og:description\" content=\"Kryeministri n\u00eb detyr\u00eb, Albin Kurti, ka pritur n\u00eb takim lamtumir\u00ebs ambasadoren e Holand\u00ebs, Karin Boven, me t\u00eb cil\u00ebn diskutoi p\u00ebr bashk\u00ebpunimin mes dy vendeve, proceset integruese t\u00eb Kosov\u00ebs dhe mund\u00ebsit\u00eb p\u00ebr thellimin e bashk\u00ebpunimit n\u00eb disa fusha. Sipas njoftimit nga Zyra e Kryeministrit, Kurti e fal\u00ebnderoi ambasadoren p\u00ebr bashk\u00ebpunimin, kontributin dhe sh\u00ebrbimin e saj n\u00eb [&hellip;]\" \/>\n<meta property=\"og:url\" content=\"https:\/\/kosovatimes.info\/index.php\/2026\/09\/01\/kurti-priti-ne-takim-lamtumires-ambasadoren-e-holandes\/\" \/>\n<meta property=\"og:site_name\" content=\"Kosova Times\" \/>\n<meta property=\"article:published_time\" content=\"2026-09-01T15:40:00+00:00\" \/>\n<meta property=\"article:modified_time\" content=\"2026-09-01T15:55:04+00:00\" \/>\n<meta property=\"og:image\" content=\"https:\/\/kosovatimes.info\/wp-content\/uploads\/2026\/09\/Albin.jpg\" \/>\n\t<meta property=\"og:image:width\" content=\"780\" \/>\n\t<meta property=\"og:image:height\" content=\"500\" \/>\n\t<meta property=\"og:image:type\" content=\"image\/jpeg\" \/>\n<meta name=\"author\" content=\"i l\" \/>\n<meta name=\"twitter:card\" content=\"summary_large_image\" \/>\n<meta name=\"twitter:label1\" content=\"Written by\" \/>\n\t<meta name=\"twitter:data1\" content=\"i l\" \/>\n\t<meta name=\"twitter:label2\" content=\"Est. reading time\" \/>\n\t<meta name=\"twitter:data2\" content=\"2 minutes\" \/>\n<script type=\"application\/ld+json\" class=\"yoast-schema-graph\">{\"@context\":\"https:\\\/\\\/schema.org\",\"@graph\":[{\"@type\":\"Article\",\"@id\":\"https:\\\/\\\/kosovatimes.info\\\/index.php\\\/2026\\\/09\\\/01\\\/kurti-priti-ne-takim-lamtumires-ambasadoren-e-holandes\\\/#article\",\"isPartOf\":{\"@id\":\"https:\\\/\\\/kosovatimes.info\\\/index.php\\\/2026\\\/09\\\/01\\\/kurti-priti-ne-takim-lamtumires-ambasadoren-e-holandes\\\/\"},\"author\":{\"name\":\"i l\",\"@id\":\"https:\\\/\\\/kosovatimes.info\\\/#\\\/schema\\\/person\\\/7586712b9c512fe68085de007378c915\"},\"headline\":\"Kurti priti n\u00eb takim lamtumir\u00ebs ambasadoren e Holand\u00ebs\",\"datePublished\":\"2026-09-01T15:40:00+00:00\",\"dateModified\":\"2026-09-01T15:55:04+00:00\",\"mainEntityOfPage\":{\"@id\":\"https:\\\/\\\/kosovatimes.info\\\/index.php\\\/2026\\\/09\\\/01\\\/kurti-priti-ne-takim-lamtumires-ambasadoren-e-holandes\\\/\"},\"wordCount\":237,\"commentCount\":0,\"image\":{\"@id\":\"https:\\\/\\\/kosovatimes.info\\\/index.php\\\/2026\\\/09\\\/01\\\/kurti-priti-ne-takim-lamtumires-ambasadoren-e-holandes\\\/#primaryimage\"},\"thumbnailUrl\":\"https:\\\/\\\/kosovatimes.info\\\/wp-content\\\/uploads\\\/2026\\\/09\\\/Albin.jpg\",\"articleSection\":[\"Kosov\u00eb\",\"Lajme\"],\"inLanguage\":\"en-US\",\"potentialAction\":[{\"@type\":\"CommentAction\",\"name\":\"Comment\",\"target\":[\"https:\\\/\\\/kosovatimes.info\\\/index.php\\\/2026\\\/09\\\/01\\\/kurti-priti-ne-takim-lamtumires-ambasadoren-e-holandes\\\/#respond\"]}]},{\"@type\":\"WebPage\",\"@id\":\"https:\\\/\\\/kosovatimes.info\\\/index.php\\\/2026\\\/09\\\/01\\\/kurti-priti-ne-takim-lamtumires-ambasadoren-e-holandes\\\/\",\"url\":\"https:\\\/\\\/kosovatimes.info\\\/index.php\\\/2026\\\/09\\\/01\\\/kurti-priti-ne-takim-lamtumires-ambasadoren-e-holandes\\\/\",\"name\":\"Kurti priti n\u00eb takim lamtumir\u00ebs ambasadoren e Holand\u00ebs - Kosova Times\",\"isPartOf\":{\"@id\":\"https:\\\/\\\/kosovatimes.info\\\/#website\"},\"primaryImageOfPage\":{\"@id\":\"https:\\\/\\\/kosovatimes.info\\\/index.php\\\/2026\\\/09\\\/01\\\/kurti-priti-ne-takim-lamtumires-ambasadoren-e-holandes\\\/#primaryimage\"},\"image\":{\"@id\":\"https:\\\/\\\/kosovatimes.info\\\/index.php\\\/2026\\\/09\\\/01\\\/kurti-priti-ne-takim-lamtumires-ambasadoren-e-holandes\\\/#primaryimage\"},\"thumbnailUrl\":\"https:\\\/\\\/kosovatimes.info\\\/wp-content\\\/uploads\\\/2026\\\/09\\\/Albin.jpg\",\"datePublished\":\"2026-09-01T15:40:00+00:00\",\"dateModified\":\"2026-09-01T15:55:04+00:00\",\"author\":{\"@id\":\"https:\\\/\\\/kosovatimes.info\\\/#\\\/schema\\\/person\\\/7586712b9c512fe68085de007378c915\"},\"breadcrumb\":{\"@id\":\"https:\\\/\\\/kosovatimes.info\\\/index.php\\\/2026\\\/09\\\/01\\\/kurti-priti-ne-takim-lamtumires-ambasadoren-e-holandes\\\/#breadcrumb\"},\"inLanguage\":\"en-US\",\"potentialAction\":[{\"@type\":\"ReadAction\",\"target\":[\"https:\\\/\\\/kosovatimes.info\\\/index.php\\\/2026\\\/09\\\/01\\\/kurti-priti-ne-takim-lamtumires-ambasadoren-e-holandes\\\/\"]}]},{\"@type\":\"ImageObject\",\"inLanguage\":\"en-US\",\"@id\":\"https:\\\/\\\/kosovatimes.info\\\/index.php\\\/2026\\\/09\\\/01\\\/kurti-priti-ne-takim-lamtumires-ambasadoren-e-holandes\\\/#primaryimage\",\"url\":\"https:\\\/\\\/kosovatimes.info\\\/wp-content\\\/uploads\\\/2026\\\/09\\\/Albin.jpg\",\"contentUrl\":\"https:\\\/\\\/kosovatimes.info\\\/wp-content\\\/uploads\\\/2026\\\/09\\\/Albin.jpg\",\"width\":780,\"height\":500},{\"@type\":\"BreadcrumbList\",\"@id\":\"https:\\\/\\\/kosovatimes.info\\\/index.php\\\/2026\\\/09\\\/01\\\/kurti-priti-ne-takim-lamtumires-ambasadoren-e-holandes\\\/#breadcrumb\",\"itemListElement\":[{\"@type\":\"ListItem\",\"position\":1,\"name\":\"Home\",\"item\":\"https:\\\/\\\/kosovatimes.info\\\/\"},{\"@type\":\"ListItem\",\"position\":2,\"name\":\"Kurti priti n\u00eb takim lamtumir\u00ebs ambasadoren e Holand\u00ebs\"}]},{\"@type\":\"WebSite\",\"@id\":\"https:\\\/\\\/kosovatimes.info\\\/#website\",\"url\":\"https:\\\/\\\/kosovatimes.info\\\/\",\"name\":\"Kosova Times\",\"description\":\"\",\"potentialAction\":[{\"@type\":\"SearchAction\",\"target\":{\"@type\":\"EntryPoint\",\"urlTemplate\":\"https:\\\/\\\/kosovatimes.info\\\/?s={search_term_string}\"},\"query-input\":{\"@type\":\"PropertyValueSpecification\",\"valueRequired\":true,\"valueName\":\"search_term_string\"}}],\"inLanguage\":\"en-US\"},{\"@type\":\"Person\",\"@id\":\"https:\\\/\\\/kosovatimes.info\\\/#\\\/schema\\\/person\\\/7586712b9c512fe68085de007378c915\",\"name\":\"i l\",\"image\":{\"@type\":\"ImageObject\",\"inLanguage\":\"en-US\",\"@id\":\"https:\\\/\\\/secure.gravatar.com\\\/avatar\\\/bad9296e02816160ae2e2435beda58222022298d5625d49fea74d18816fbb31d?s=96&d=mm&r=g\",\"url\":\"https:\\\/\\\/secure.gravatar.com\\\/avatar\\\/bad9296e02816160ae2e2435beda58222022298d5625d49fea74d18816fbb31d?s=96&d=mm&r=g\",\"contentUrl\":\"https:\\\/\\\/secure.gravatar.com\\\/avatar\\\/bad9296e02816160ae2e2435beda58222022298d5625d49fea74d18816fbb31d?s=96&d=mm&r=g\",\"caption\":\"i l\"},\"url\":\"https:\\\/\\\/kosovatimes.info\\\/index.php\\\/author\\\/iliri\\\/\"}]}<\/script>\n<!-- \/ Yoast SEO plugin. -->","yoast_head_json":{"title":"Kurti priti n\u00eb takim lamtumir\u00ebs ambasadoren e Holand\u00ebs - Kosova Times","robots":{"index":"index","follow":"follow","max-snippet":"max-snippet:-1","max-image-preview":"max-image-preview:large","max-video-preview":"max-video-preview:-1"},"canonical":"https:\/\/kosovatimes.info\/index.php\/2026\/09\/01\/kurti-priti-ne-takim-lamtumires-ambasadoren-e-holandes\/","og_locale":"en_US","og_type":"article","og_title":"Kurti priti n\u00eb takim lamtumir\u00ebs ambasadoren e Holand\u00ebs - Kosova Times","og_description":"Kryeministri n\u00eb detyr\u00eb, Albin Kurti, ka pritur n\u00eb takim lamtumir\u00ebs ambasadoren e Holand\u00ebs, Karin Boven, me t\u00eb cil\u00ebn diskutoi p\u00ebr bashk\u00ebpunimin mes dy vendeve, proceset integruese t\u00eb Kosov\u00ebs dhe mund\u00ebsit\u00eb p\u00ebr thellimin e bashk\u00ebpunimit n\u00eb disa fusha. Sipas njoftimit nga Zyra e Kryeministrit, Kurti e fal\u00ebnderoi ambasadoren p\u00ebr bashk\u00ebpunimin, kontributin dhe sh\u00ebrbimin e saj n\u00eb [&hellip;]","og_url":"https:\/\/kosovatimes.info\/index.php\/2026\/09\/01\/kurti-priti-ne-takim-lamtumires-ambasadoren-e-holandes\/","og_site_name":"Kosova Times","article_published_time":"2026-09-01T15:40:00+00:00","article_modified_time":"2026-09-01T15:55:04+00:00","og_image":[{"width":780,"height":500,"url":"https:\/\/kosovatimes.info\/wp-content\/uploads\/2026\/09\/Albin.jpg","type":"image\/jpeg"}],"author":"i l","twitter_card":"summary_large_image","twitter_misc":{"Written by":"i l","Est. reading time":"2 minutes"},"schema":{"@context":"https:\/\/schema.org","@graph":[{"@type":"Article","@id":"https:\/\/kosovatimes.info\/index.php\/2026\/09\/01\/kurti-priti-ne-takim-lamtumires-ambasadoren-e-holandes\/#article","isPartOf":{"@id":"https:\/\/kosovatimes.info\/index.php\/2026\/09\/01\/kurti-priti-ne-takim-lamtumires-ambasadoren-e-holandes\/"},"author":{"name":"i l","@id":"https:\/\/kosovatimes.info\/#\/schema\/person\/7586712b9c512fe68085de007378c915"},"headline":"Kurti priti n\u00eb takim lamtumir\u00ebs ambasadoren e Holand\u00ebs","datePublished":"2026-09-01T15:40:00+00:00","dateModified":"2026-09-01T15:55:04+00:00","mainEntityOfPage":{"@id":"https:\/\/kosovatimes.info\/index.php\/2026\/09\/01\/kurti-priti-ne-takim-lamtumires-ambasadoren-e-holandes\/"},"wordCount":237,"commentCount":0,"image":{"@id":"https:\/\/kosovatimes.info\/index.php\/2026\/09\/01\/kurti-priti-ne-takim-lamtumires-ambasadoren-e-holandes\/#primaryimage"},"thumbnailUrl":"https:\/\/kosovatimes.info\/wp-content\/uploads\/2026\/09\/Albin.jpg","articleSection":["Kosov\u00eb","Lajme"],"inLanguage":"en-US","potentialAction":[{"@type":"CommentAction","name":"Comment","target":["https:\/\/kosovatimes.info\/index.php\/2026\/09\/01\/kurti-priti-ne-takim-lamtumires-ambasadoren-e-holandes\/#respond"]}]},{"@type":"WebPage","@id":"https:\/\/kosovatimes.info\/index.php\/2026\/09\/01\/kurti-priti-ne-takim-lamtumires-ambasadoren-e-holandes\/","url":"https:\/\/kosovatimes.info\/index.php\/2026\/09\/01\/kurti-priti-ne-takim-lamtumires-ambasadoren-e-holandes\/","name":"Kurti priti n\u00eb takim lamtumir\u00ebs ambasadoren e Holand\u00ebs - Kosova Times","isPartOf":{"@id":"https:\/\/kosovatimes.info\/#website"},"primaryImageOfPage":{"@id":"https:\/\/kosovatimes.info\/index.php\/2026\/09\/01\/kurti-priti-ne-takim-lamtumires-ambasadoren-e-holandes\/#primaryimage"},"image":{"@id":"https:\/\/kosovatimes.info\/index.php\/2026\/09\/01\/kurti-priti-ne-takim-lamtumires-ambasadoren-e-holandes\/#primaryimage"},"thumbnailUrl":"https:\/\/kosovatimes.info\/wp-content\/uploads\/2026\/09\/Albin.jpg","datePublished":"2026-09-01T15:40:00+00:00","dateModified":"2026-09-01T15:55:04+00:00","author":{"@id":"https:\/\/kosovatimes.info\/#\/schema\/person\/7586712b9c512fe68085de007378c915"},"breadcrumb":{"@id":"https:\/\/kosovatimes.info\/index.php\/2026\/09\/01\/kurti-priti-ne-takim-lamtumires-ambasadoren-e-holandes\/#breadcrumb"},"inLanguage":"en-US","potentialAction":[{"@type":"ReadAction","target":["https:\/\/kosovatimes.info\/index.php\/2026\/09\/01\/kurti-priti-ne-takim-lamtumires-ambasadoren-e-holandes\/"]}]},{"@type":"ImageObject","inLanguage":"en-US","@id":"https:\/\/kosovatimes.info\/index.php\/2026\/09\/01\/kurti-priti-ne-takim-lamtumires-ambasadoren-e-holandes\/#primaryimage","url":"https:\/\/kosovatimes.info\/wp-content\/uploads\/2026\/09\/Albin.jpg","contentUrl":"https:\/\/kosovatimes.info\/wp-content\/uploads\/2026\/09\/Albin.jpg","width":780,"height":500},{"@type":"BreadcrumbList","@id":"https:\/\/kosovatimes.info\/index.php\/2026\/09\/01\/kurti-priti-ne-takim-lamtumires-ambasadoren-e-holandes\/#breadcrumb","itemListElement":[{"@type":"ListItem","position":1,"name":"Home","item":"https:\/\/kosovatimes.info\/"},{"@type":"ListItem","position":2,"name":"Kurti priti n\u00eb takim lamtumir\u00ebs ambasadoren e Holand\u00ebs"}]},{"@type":"WebSite","@id":"https:\/\/kosovatimes.info\/#website","url":"https:\/\/kosovatimes.info\/","name":"Kosova Times","description":"","potentialAction":[{"@type":"SearchAction","target":{"@type":"EntryPoint","urlTemplate":"https:\/\/kosovatimes.info\/?s={search_term_string}"},"query-input":{"@type":"PropertyValueSpecification","valueRequired":true,"valueName":"search_term_string"}}],"inLanguage":"en-US"},{"@type":"Person","@id":"https:\/\/kosovatimes.info\/#\/schema\/person\/7586712b9c512fe68085de007378c915","name":"i l","image":{"@type":"ImageObject","inLanguage":"en-US","@id":"https:\/\/secure.gravatar.com\/avatar\/bad9296e02816160ae2e2435beda58222022298d5625d49fea74d18816fbb31d?s=96&d=mm&r=g","url":"https:\/\/secure.gravatar.com\/avatar\/bad9296e02816160ae2e2435beda58222022298d5625d49fea74d18816fbb31d?s=96&d=mm&r=g","contentUrl":"https:\/\/secure.gravatar.com\/avatar\/bad9296e02816160ae2e2435beda58222022298d5625d49fea74d18816fbb31d?s=96&d=mm&r=g","caption":"i l"},"url":"https:\/\/kosovatimes.info\/index.php\/author\/iliri\/"}]}},"_links":{"self":[{"href":"https:\/\/kosovatimes.info\/index.php\/wp-json\/wp\/v2\/posts\/30480","targetHints":{"allow":["GET"]}}],"collection":[{"href":"https:\/\/kosovatimes.info\/index.php\/wp-json\/wp\/v2\/posts"}],"about":[{"href":"https:\/\/kosovatimes.info\/index.php\/wp-json\/wp\/v2\/types\/post"}],"author":[{"embeddable":true,"href":"https:\/\/kosovatimes.info\/index.php\/wp-json\/wp\/v2\/users\/4"}],"replies":[{"embeddable":true,"href":"https:\/\/kosovatimes.info\/index.php\/wp-json\/wp\/v2\/comments?post=30480"}],"version-history":[{"count":1,"href":"https:\/\/kosovatimes.info\/index.php\/wp-json\/wp\/v2\/posts\/30480\/revisions"}],"predecessor-version":[{"id":30482,"href":"https:\/\/kosovatimes.info\/index.php\/wp-json\/wp\/v2\/posts\/30480\/revisions\/30482"}],"wp:featuredmedia":[{"embeddable":true,"href":"https:\/\/kosovatimes.info\/index.php\/wp-json\/wp\/v2\/media\/30481"}],"wp:attachment":[{"href":"https:\/\/kosovatimes.info\/index.php\/wp-json\/wp\/v2\/media?parent=30480"}],"wp:term":[{"taxonomy":"category","embeddable":true,"href":"https:\/\/kosovatimes.info\/index.php\/wp-json\/wp\/v2\/categories?post=30480"},{"taxonomy":"post_tag","embeddable":true,"href":"https:\/\/kosovatimes.info\/index.php\/wp-json\/wp\/v2\/tags?post=30480"}],"curies":[{"name":"wp","href":"https:\/\/api.w.org\/{rel}","templated":true}]}}