{"id":30483,"date":"2026-09-01T17:30:00","date_gmt":"2026-09-01T15:30:00","guid":{"rendered":"https:\/\/kosovatimes.info\/?p=30483"},"modified":"2026-09-01T17:55:59","modified_gmt":"2026-09-01T15:55:59","slug":"vdes-nje-29-vjecar-gjate-punimeve-ne-stacionin-policor-ne-zubin-potok","status":"publish","type":"post","link":"https:\/\/kosovatimes.info\/index.php\/2026\/09\/01\/vdes-nje-29-vjecar-gjate-punimeve-ne-stacionin-policor-ne-zubin-potok\/","title":{"rendered":"Vdes nj\u00eb 29-vje\u00e7ar gjat\u00eb punimeve n\u00eb stacionin policor n\u00eb Zubin Potok"},"content":{"rendered":"\n<p class=\"wp-block-paragraph\"><strong>Nj\u00eb 29-vje\u00e7ar ka humbur jet\u00ebn pasi dyshohet se \u00ebsht\u00eb l\u00ebnduar derisa ishte duke kryer punime n\u00eb nd\u00ebrtimin e stacionit t\u00eb ri policor n\u00eb Zubin Potok, ka njoftuar Policia e Kosov\u00ebs.<\/strong><\/p>\n\n\n\n<p class=\"wp-block-paragraph\">Sipas njoftimit, m\u00eb 1 shtator, rreth or\u00ebs 10:00, Policia ka pranuar informacion nga Qendra Kryesore e Mjek\u00ebsis\u00eb Familjare n\u00eb Zubin Potok se nj\u00eb person ishte sjell\u00eb n\u00eb k\u00ebt\u00eb qend\u00ebr me l\u00ebndime t\u00eb r\u00ebnda trupore.<\/p>\n\n\n\n<p class=\"wp-block-paragraph\">Bazuar n\u00eb hetimet fillestare, dyshohet se personi, pun\u00ebtor i nj\u00eb kompanie private, ishte l\u00ebnduar derisa ishte duke kryer punime n\u00eb nd\u00ebrtimin e stacionit t\u00eb ri policor n\u00eb Zubin Potok.<\/p>\n\n\n\n<p class=\"wp-block-paragraph\">P\u00ebr shkak t\u00eb gjendjes s\u00eb r\u00ebnd\u00eb sh\u00ebndet\u00ebsore, stafi mjek\u00ebsor emergjent e ka d\u00ebrguar p\u00ebr trajtim n\u00eb Spitalin Rajonal n\u00eb Mitrovic\u00eb Veri, ku rreth or\u00ebs 11:00 mjeku kujdestar ka konstatuar vdekjen e tij.<\/p>\n\n\n\n<p class=\"wp-block-paragraph\">N\u00eb vendin e ngjarjes kan\u00eb dal\u00eb nj\u00ebsit\u00eb p\u00ebrkat\u00ebse policore, inspektor\u00ebt komunal\u00eb dhe inspektor\u00ebt e pun\u00ebs.<\/p>\n\n\n\n<p class=\"wp-block-paragraph\">Pas p\u00ebrfundimit t\u00eb k\u00ebqyrjes s\u00eb vendit t\u00eb ngjarjes, \u00ebsht\u00eb kontaktuar Prokurori i Shtetit, i cili ka urdh\u00ebruar inicimin e rastit p\u00ebr vepr\u00ebn penale \u201cAsgj\u00ebsimi, d\u00ebmtimi ose heqja e pajisjeve mbrojt\u00ebse dhe rrezikimi i siguris\u00eb n\u00eb vendin e pun\u00ebs\u201d.<\/p>\n\n\n\n<p class=\"wp-block-paragraph\">Me urdh\u00ebr t\u00eb prokurorit, trupi i pajet\u00eb i viktim\u00ebs, mashkull 29-vje\u00e7ar, i lindur m\u00eb 1996, \u00ebsht\u00eb d\u00ebrguar p\u00ebr obduksion n\u00eb Institutin e Mjek\u00ebsis\u00eb Ligjore.<\/p>\n\n\n\n<p class=\"wp-block-paragraph\">Lidhur me rastin \u00ebsht\u00eb intervistuar nj\u00eb person me inicialet B.B., i lindur m\u00eb 1977, n\u00eb cil\u00ebsin\u00eb e t\u00eb dyshuarit, i cili me urdh\u00ebr t\u00eb Prokurorit t\u00eb Shtetit \u00ebsht\u00eb ndaluar p\u00ebr 48 or\u00eb.<\/p>\n\n\n\n<p class=\"wp-block-paragraph\">Policia ka b\u00ebr\u00eb t\u00eb ditur se hetimet lidhur me rastin jan\u00eb duke vazhduar me q\u00ebllim t\u00eb ndri\u00e7imit t\u00eb plot\u00eb t\u00eb rrethanave t\u00eb ngjarjes.<\/p>\n","protected":false},"excerpt":{"rendered":"<p>Nj\u00eb 29-vje\u00e7ar ka humbur jet\u00ebn pasi dyshohet se \u00ebsht\u00eb l\u00ebnduar derisa ishte duke kryer punime n\u00eb nd\u00ebrtimin e stacionit t\u00eb ri policor n\u00eb Zubin Potok, ka njoftuar Policia e Kosov\u00ebs. Sipas njoftimit, m\u00eb 1 shtator, rreth or\u00ebs 10:00, Policia ka pranuar informacion nga Qendra Kryesore e Mjek\u00ebsis\u00eb Familjare n\u00eb Zubin Potok se nj\u00eb person ishte [&hellip;]<\/p>\n","protected":false},"author":4,"featured_media":30484,"comment_status":"open","ping_status":"open","sticky":false,"template":"","format":"standard","meta":{"footnotes":""},"categories":[31,30],"tags":[],"class_list":["post-30483","post","type-post","status-publish","format-standard","has-post-thumbnail","category-kosove","category-lajme"],"yoast_head":"<!-- This site is optimized with the Yoast SEO plugin v27.4 - https:\/\/yoast.com\/product\/yoast-seo-wordpress\/ -->\n<title>Vdes nj\u00eb 29-vje\u00e7ar gjat\u00eb punimeve n\u00eb stacionin policor n\u00eb Zubin Potok - Kosova Times<\/title>\n<meta name=\"robots\" content=\"index, follow, max-snippet:-1, max-image-preview:large, max-video-preview:-1\" \/>\n<link rel=\"canonical\" href=\"https:\/\/kosovatimes.info\/index.php\/2026\/09\/01\/vdes-nje-29-vjecar-gjate-punimeve-ne-stacionin-policor-ne-zubin-potok\/\" \/>\n<meta property=\"og:locale\" content=\"en_US\" \/>\n<meta property=\"og:type\" content=\"article\" \/>\n<meta property=\"og:title\" content=\"Vdes nj\u00eb 29-vje\u00e7ar gjat\u00eb punimeve n\u00eb stacionin policor n\u00eb Zubin Potok - Kosova Times\" \/>\n<meta property=\"og:description\" content=\"Nj\u00eb 29-vje\u00e7ar ka humbur jet\u00ebn pasi dyshohet se \u00ebsht\u00eb l\u00ebnduar derisa ishte duke kryer punime n\u00eb nd\u00ebrtimin e stacionit t\u00eb ri policor n\u00eb Zubin Potok, ka njoftuar Policia e Kosov\u00ebs. Sipas njoftimit, m\u00eb 1 shtator, rreth or\u00ebs 10:00, Policia ka pranuar informacion nga Qendra Kryesore e Mjek\u00ebsis\u00eb Familjare n\u00eb Zubin Potok se nj\u00eb person ishte [&hellip;]\" \/>\n<meta property=\"og:url\" content=\"https:\/\/kosovatimes.info\/index.php\/2026\/09\/01\/vdes-nje-29-vjecar-gjate-punimeve-ne-stacionin-policor-ne-zubin-potok\/\" \/>\n<meta property=\"og:site_name\" content=\"Kosova Times\" \/>\n<meta property=\"article:published_time\" content=\"2026-09-01T15:30:00+00:00\" \/>\n<meta property=\"article:modified_time\" content=\"2026-09-01T15:55:59+00:00\" \/>\n<meta property=\"og:image\" content=\"https:\/\/kosovatimes.info\/wp-content\/uploads\/2026\/09\/policia.jpg\" \/>\n\t<meta property=\"og:image:width\" content=\"780\" \/>\n\t<meta property=\"og:image:height\" content=\"500\" \/>\n\t<meta property=\"og:image:type\" content=\"image\/jpeg\" \/>\n<meta name=\"author\" content=\"i l\" \/>\n<meta name=\"twitter:card\" content=\"summary_large_image\" \/>\n<meta name=\"twitter:label1\" content=\"Written by\" \/>\n\t<meta name=\"twitter:data1\" content=\"i l\" \/>\n\t<meta name=\"twitter:label2\" content=\"Est. reading time\" \/>\n\t<meta name=\"twitter:data2\" content=\"2 minutes\" \/>\n<script type=\"application\/ld+json\" class=\"yoast-schema-graph\">{\"@context\":\"https:\\\/\\\/schema.org\",\"@graph\":[{\"@type\":\"Article\",\"@id\":\"https:\\\/\\\/kosovatimes.info\\\/index.php\\\/2026\\\/09\\\/01\\\/vdes-nje-29-vjecar-gjate-punimeve-ne-stacionin-policor-ne-zubin-potok\\\/#article\",\"isPartOf\":{\"@id\":\"https:\\\/\\\/kosovatimes.info\\\/index.php\\\/2026\\\/09\\\/01\\\/vdes-nje-29-vjecar-gjate-punimeve-ne-stacionin-policor-ne-zubin-potok\\\/\"},\"author\":{\"name\":\"i l\",\"@id\":\"https:\\\/\\\/kosovatimes.info\\\/#\\\/schema\\\/person\\\/7586712b9c512fe68085de007378c915\"},\"headline\":\"Vdes nj\u00eb 29-vje\u00e7ar gjat\u00eb punimeve n\u00eb stacionin policor n\u00eb Zubin Potok\",\"datePublished\":\"2026-09-01T15:30:00+00:00\",\"dateModified\":\"2026-09-01T15:55:59+00:00\",\"mainEntityOfPage\":{\"@id\":\"https:\\\/\\\/kosovatimes.info\\\/index.php\\\/2026\\\/09\\\/01\\\/vdes-nje-29-vjecar-gjate-punimeve-ne-stacionin-policor-ne-zubin-potok\\\/\"},\"wordCount\":313,\"commentCount\":0,\"image\":{\"@id\":\"https:\\\/\\\/kosovatimes.info\\\/index.php\\\/2026\\\/09\\\/01\\\/vdes-nje-29-vjecar-gjate-punimeve-ne-stacionin-policor-ne-zubin-potok\\\/#primaryimage\"},\"thumbnailUrl\":\"https:\\\/\\\/kosovatimes.info\\\/wp-content\\\/uploads\\\/2026\\\/09\\\/policia.jpg\",\"articleSection\":[\"Kosov\u00eb\",\"Lajme\"],\"inLanguage\":\"en-US\",\"potentialAction\":[{\"@type\":\"CommentAction\",\"name\":\"Comment\",\"target\":[\"https:\\\/\\\/kosovatimes.info\\\/index.php\\\/2026\\\/09\\\/01\\\/vdes-nje-29-vjecar-gjate-punimeve-ne-stacionin-policor-ne-zubin-potok\\\/#respond\"]}]},{\"@type\":\"WebPage\",\"@id\":\"https:\\\/\\\/kosovatimes.info\\\/index.php\\\/2026\\\/09\\\/01\\\/vdes-nje-29-vjecar-gjate-punimeve-ne-stacionin-policor-ne-zubin-potok\\\/\",\"url\":\"https:\\\/\\\/kosovatimes.info\\\/index.php\\\/2026\\\/09\\\/01\\\/vdes-nje-29-vjecar-gjate-punimeve-ne-stacionin-policor-ne-zubin-potok\\\/\",\"name\":\"Vdes nj\u00eb 29-vje\u00e7ar gjat\u00eb punimeve n\u00eb stacionin policor n\u00eb Zubin Potok - Kosova Times\",\"isPartOf\":{\"@id\":\"https:\\\/\\\/kosovatimes.info\\\/#website\"},\"primaryImageOfPage\":{\"@id\":\"https:\\\/\\\/kosovatimes.info\\\/index.php\\\/2026\\\/09\\\/01\\\/vdes-nje-29-vjecar-gjate-punimeve-ne-stacionin-policor-ne-zubin-potok\\\/#primaryimage\"},\"image\":{\"@id\":\"https:\\\/\\\/kosovatimes.info\\\/index.php\\\/2026\\\/09\\\/01\\\/vdes-nje-29-vjecar-gjate-punimeve-ne-stacionin-policor-ne-zubin-potok\\\/#primaryimage\"},\"thumbnailUrl\":\"https:\\\/\\\/kosovatimes.info\\\/wp-content\\\/uploads\\\/2026\\\/09\\\/policia.jpg\",\"datePublished\":\"2026-09-01T15:30:00+00:00\",\"dateModified\":\"2026-09-01T15:55:59+00:00\",\"author\":{\"@id\":\"https:\\\/\\\/kosovatimes.info\\\/#\\\/schema\\\/person\\\/7586712b9c512fe68085de007378c915\"},\"breadcrumb\":{\"@id\":\"https:\\\/\\\/kosovatimes.info\\\/index.php\\\/2026\\\/09\\\/01\\\/vdes-nje-29-vjecar-gjate-punimeve-ne-stacionin-policor-ne-zubin-potok\\\/#breadcrumb\"},\"inLanguage\":\"en-US\",\"potentialAction\":[{\"@type\":\"ReadAction\",\"target\":[\"https:\\\/\\\/kosovatimes.info\\\/index.php\\\/2026\\\/09\\\/01\\\/vdes-nje-29-vjecar-gjate-punimeve-ne-stacionin-policor-ne-zubin-potok\\\/\"]}]},{\"@type\":\"ImageObject\",\"inLanguage\":\"en-US\",\"@id\":\"https:\\\/\\\/kosovatimes.info\\\/index.php\\\/2026\\\/09\\\/01\\\/vdes-nje-29-vjecar-gjate-punimeve-ne-stacionin-policor-ne-zubin-potok\\\/#primaryimage\",\"url\":\"https:\\\/\\\/kosovatimes.info\\\/wp-content\\\/uploads\\\/2026\\\/09\\\/policia.jpg\",\"contentUrl\":\"https:\\\/\\\/kosovatimes.info\\\/wp-content\\\/uploads\\\/2026\\\/09\\\/policia.jpg\",\"width\":780,\"height\":500},{\"@type\":\"BreadcrumbList\",\"@id\":\"https:\\\/\\\/kosovatimes.info\\\/index.php\\\/2026\\\/09\\\/01\\\/vdes-nje-29-vjecar-gjate-punimeve-ne-stacionin-policor-ne-zubin-potok\\\/#breadcrumb\",\"itemListElement\":[{\"@type\":\"ListItem\",\"position\":1,\"name\":\"Home\",\"item\":\"https:\\\/\\\/kosovatimes.info\\\/\"},{\"@type\":\"ListItem\",\"position\":2,\"name\":\"Vdes nj\u00eb 29-vje\u00e7ar gjat\u00eb punimeve n\u00eb stacionin policor n\u00eb Zubin Potok\"}]},{\"@type\":\"WebSite\",\"@id\":\"https:\\\/\\\/kosovatimes.info\\\/#website\",\"url\":\"https:\\\/\\\/kosovatimes.info\\\/\",\"name\":\"Kosova Times\",\"description\":\"\",\"potentialAction\":[{\"@type\":\"SearchAction\",\"target\":{\"@type\":\"EntryPoint\",\"urlTemplate\":\"https:\\\/\\\/kosovatimes.info\\\/?s={search_term_string}\"},\"query-input\":{\"@type\":\"PropertyValueSpecification\",\"valueRequired\":true,\"valueName\":\"search_term_string\"}}],\"inLanguage\":\"en-US\"},{\"@type\":\"Person\",\"@id\":\"https:\\\/\\\/kosovatimes.info\\\/#\\\/schema\\\/person\\\/7586712b9c512fe68085de007378c915\",\"name\":\"i l\",\"image\":{\"@type\":\"ImageObject\",\"inLanguage\":\"en-US\",\"@id\":\"https:\\\/\\\/secure.gravatar.com\\\/avatar\\\/bad9296e02816160ae2e2435beda58222022298d5625d49fea74d18816fbb31d?s=96&d=mm&r=g\",\"url\":\"https:\\\/\\\/secure.gravatar.com\\\/avatar\\\/bad9296e02816160ae2e2435beda58222022298d5625d49fea74d18816fbb31d?s=96&d=mm&r=g\",\"contentUrl\":\"https:\\\/\\\/secure.gravatar.com\\\/avatar\\\/bad9296e02816160ae2e2435beda58222022298d5625d49fea74d18816fbb31d?s=96&d=mm&r=g\",\"caption\":\"i l\"},\"url\":\"https:\\\/\\\/kosovatimes.info\\\/index.php\\\/author\\\/iliri\\\/\"}]}<\/script>\n<!-- \/ Yoast SEO plugin. -->","yoast_head_json":{"title":"Vdes nj\u00eb 29-vje\u00e7ar gjat\u00eb punimeve n\u00eb stacionin policor n\u00eb Zubin Potok - Kosova Times","robots":{"index":"index","follow":"follow","max-snippet":"max-snippet:-1","max-image-preview":"max-image-preview:large","max-video-preview":"max-video-preview:-1"},"canonical":"https:\/\/kosovatimes.info\/index.php\/2026\/09\/01\/vdes-nje-29-vjecar-gjate-punimeve-ne-stacionin-policor-ne-zubin-potok\/","og_locale":"en_US","og_type":"article","og_title":"Vdes nj\u00eb 29-vje\u00e7ar gjat\u00eb punimeve n\u00eb stacionin policor n\u00eb Zubin Potok - Kosova Times","og_description":"Nj\u00eb 29-vje\u00e7ar ka humbur jet\u00ebn pasi dyshohet se \u00ebsht\u00eb l\u00ebnduar derisa ishte duke kryer punime n\u00eb nd\u00ebrtimin e stacionit t\u00eb ri policor n\u00eb Zubin Potok, ka njoftuar Policia e Kosov\u00ebs. Sipas njoftimit, m\u00eb 1 shtator, rreth or\u00ebs 10:00, Policia ka pranuar informacion nga Qendra Kryesore e Mjek\u00ebsis\u00eb Familjare n\u00eb Zubin Potok se nj\u00eb person ishte [&hellip;]","og_url":"https:\/\/kosovatimes.info\/index.php\/2026\/09\/01\/vdes-nje-29-vjecar-gjate-punimeve-ne-stacionin-policor-ne-zubin-potok\/","og_site_name":"Kosova Times","article_published_time":"2026-09-01T15:30:00+00:00","article_modified_time":"2026-09-01T15:55:59+00:00","og_image":[{"width":780,"height":500,"url":"https:\/\/kosovatimes.info\/wp-content\/uploads\/2026\/09\/policia.jpg","type":"image\/jpeg"}],"author":"i l","twitter_card":"summary_large_image","twitter_misc":{"Written by":"i l","Est. reading time":"2 minutes"},"schema":{"@context":"https:\/\/schema.org","@graph":[{"@type":"Article","@id":"https:\/\/kosovatimes.info\/index.php\/2026\/09\/01\/vdes-nje-29-vjecar-gjate-punimeve-ne-stacionin-policor-ne-zubin-potok\/#article","isPartOf":{"@id":"https:\/\/kosovatimes.info\/index.php\/2026\/09\/01\/vdes-nje-29-vjecar-gjate-punimeve-ne-stacionin-policor-ne-zubin-potok\/"},"author":{"name":"i l","@id":"https:\/\/kosovatimes.info\/#\/schema\/person\/7586712b9c512fe68085de007378c915"},"headline":"Vdes nj\u00eb 29-vje\u00e7ar gjat\u00eb punimeve n\u00eb stacionin policor n\u00eb Zubin Potok","datePublished":"2026-09-01T15:30:00+00:00","dateModified":"2026-09-01T15:55:59+00:00","mainEntityOfPage":{"@id":"https:\/\/kosovatimes.info\/index.php\/2026\/09\/01\/vdes-nje-29-vjecar-gjate-punimeve-ne-stacionin-policor-ne-zubin-potok\/"},"wordCount":313,"commentCount":0,"image":{"@id":"https:\/\/kosovatimes.info\/index.php\/2026\/09\/01\/vdes-nje-29-vjecar-gjate-punimeve-ne-stacionin-policor-ne-zubin-potok\/#primaryimage"},"thumbnailUrl":"https:\/\/kosovatimes.info\/wp-content\/uploads\/2026\/09\/policia.jpg","articleSection":["Kosov\u00eb","Lajme"],"inLanguage":"en-US","potentialAction":[{"@type":"CommentAction","name":"Comment","target":["https:\/\/kosovatimes.info\/index.php\/2026\/09\/01\/vdes-nje-29-vjecar-gjate-punimeve-ne-stacionin-policor-ne-zubin-potok\/#respond"]}]},{"@type":"WebPage","@id":"https:\/\/kosovatimes.info\/index.php\/2026\/09\/01\/vdes-nje-29-vjecar-gjate-punimeve-ne-stacionin-policor-ne-zubin-potok\/","url":"https:\/\/kosovatimes.info\/index.php\/2026\/09\/01\/vdes-nje-29-vjecar-gjate-punimeve-ne-stacionin-policor-ne-zubin-potok\/","name":"Vdes nj\u00eb 29-vje\u00e7ar gjat\u00eb punimeve n\u00eb stacionin policor n\u00eb Zubin Potok - Kosova Times","isPartOf":{"@id":"https:\/\/kosovatimes.info\/#website"},"primaryImageOfPage":{"@id":"https:\/\/kosovatimes.info\/index.php\/2026\/09\/01\/vdes-nje-29-vjecar-gjate-punimeve-ne-stacionin-policor-ne-zubin-potok\/#primaryimage"},"image":{"@id":"https:\/\/kosovatimes.info\/index.php\/2026\/09\/01\/vdes-nje-29-vjecar-gjate-punimeve-ne-stacionin-policor-ne-zubin-potok\/#primaryimage"},"thumbnailUrl":"https:\/\/kosovatimes.info\/wp-content\/uploads\/2026\/09\/policia.jpg","datePublished":"2026-09-01T15:30:00+00:00","dateModified":"2026-09-01T15:55:59+00:00","author":{"@id":"https:\/\/kosovatimes.info\/#\/schema\/person\/7586712b9c512fe68085de007378c915"},"breadcrumb":{"@id":"https:\/\/kosovatimes.info\/index.php\/2026\/09\/01\/vdes-nje-29-vjecar-gjate-punimeve-ne-stacionin-policor-ne-zubin-potok\/#breadcrumb"},"inLanguage":"en-US","potentialAction":[{"@type":"ReadAction","target":["https:\/\/kosovatimes.info\/index.php\/2026\/09\/01\/vdes-nje-29-vjecar-gjate-punimeve-ne-stacionin-policor-ne-zubin-potok\/"]}]},{"@type":"ImageObject","inLanguage":"en-US","@id":"https:\/\/kosovatimes.info\/index.php\/2026\/09\/01\/vdes-nje-29-vjecar-gjate-punimeve-ne-stacionin-policor-ne-zubin-potok\/#primaryimage","url":"https:\/\/kosovatimes.info\/wp-content\/uploads\/2026\/09\/policia.jpg","contentUrl":"https:\/\/kosovatimes.info\/wp-content\/uploads\/2026\/09\/policia.jpg","width":780,"height":500},{"@type":"BreadcrumbList","@id":"https:\/\/kosovatimes.info\/index.php\/2026\/09\/01\/vdes-nje-29-vjecar-gjate-punimeve-ne-stacionin-policor-ne-zubin-potok\/#breadcrumb","itemListElement":[{"@type":"ListItem","position":1,"name":"Home","item":"https:\/\/kosovatimes.info\/"},{"@type":"ListItem","position":2,"name":"Vdes nj\u00eb 29-vje\u00e7ar gjat\u00eb punimeve n\u00eb stacionin policor n\u00eb Zubin Potok"}]},{"@type":"WebSite","@id":"https:\/\/kosovatimes.info\/#website","url":"https:\/\/kosovatimes.info\/","name":"Kosova Times","description":"","potentialAction":[{"@type":"SearchAction","target":{"@type":"EntryPoint","urlTemplate":"https:\/\/kosovatimes.info\/?s={search_term_string}"},"query-input":{"@type":"PropertyValueSpecification","valueRequired":true,"valueName":"search_term_string"}}],"inLanguage":"en-US"},{"@type":"Person","@id":"https:\/\/kosovatimes.info\/#\/schema\/person\/7586712b9c512fe68085de007378c915","name":"i l","image":{"@type":"ImageObject","inLanguage":"en-US","@id":"https:\/\/secure.gravatar.com\/avatar\/bad9296e02816160ae2e2435beda58222022298d5625d49fea74d18816fbb31d?s=96&d=mm&r=g","url":"https:\/\/secure.gravatar.com\/avatar\/bad9296e02816160ae2e2435beda58222022298d5625d49fea74d18816fbb31d?s=96&d=mm&r=g","contentUrl":"https:\/\/secure.gravatar.com\/avatar\/bad9296e02816160ae2e2435beda58222022298d5625d49fea74d18816fbb31d?s=96&d=mm&r=g","caption":"i l"},"url":"https:\/\/kosovatimes.info\/index.php\/author\/iliri\/"}]}},"_links":{"self":[{"href":"https:\/\/kosovatimes.info\/index.php\/wp-json\/wp\/v2\/posts\/30483","targetHints":{"allow":["GET"]}}],"collection":[{"href":"https:\/\/kosovatimes.info\/index.php\/wp-json\/wp\/v2\/posts"}],"about":[{"href":"https:\/\/kosovatimes.info\/index.php\/wp-json\/wp\/v2\/types\/post"}],"author":[{"embeddable":true,"href":"https:\/\/kosovatimes.info\/index.php\/wp-json\/wp\/v2\/users\/4"}],"replies":[{"embeddable":true,"href":"https:\/\/kosovatimes.info\/index.php\/wp-json\/wp\/v2\/comments?post=30483"}],"version-history":[{"count":1,"href":"https:\/\/kosovatimes.info\/index.php\/wp-json\/wp\/v2\/posts\/30483\/revisions"}],"predecessor-version":[{"id":30485,"href":"https:\/\/kosovatimes.info\/index.php\/wp-json\/wp\/v2\/posts\/30483\/revisions\/30485"}],"wp:featuredmedia":[{"embeddable":true,"href":"https:\/\/kosovatimes.info\/index.php\/wp-json\/wp\/v2\/media\/30484"}],"wp:attachment":[{"href":"https:\/\/kosovatimes.info\/index.php\/wp-json\/wp\/v2\/media?parent=30483"}],"wp:term":[{"taxonomy":"category","embeddable":true,"href":"https:\/\/kosovatimes.info\/index.php\/wp-json\/wp\/v2\/categories?post=30483"},{"taxonomy":"post_tag","embeddable":true,"href":"https:\/\/kosovatimes.info\/index.php\/wp-json\/wp\/v2\/tags?post=30483"}],"curies":[{"name":"wp","href":"https:\/\/api.w.org\/{rel}","templated":true}]}}