{"id":30491,"date":"2026-09-01T16:33:00","date_gmt":"2026-09-01T14:33:00","guid":{"rendered":"https:\/\/kosovatimes.info\/?p=30491"},"modified":"2026-09-01T17:59:31","modified_gmt":"2026-09-01T15:59:31","slug":"kurti-investimi-ne-arsim-eshte-kthimi-me-afatgjate-per-zhvillimin-e-shtetit","status":"publish","type":"post","link":"https:\/\/kosovatimes.info\/index.php\/2026\/09\/01\/kurti-investimi-ne-arsim-eshte-kthimi-me-afatgjate-per-zhvillimin-e-shtetit\/","title":{"rendered":"Kurti: Investimi n\u00eb arsim \u00ebsht\u00eb kthimi m\u00eb afatgjat\u00eb p\u00ebr zhvillimin e shtetit"},"content":{"rendered":"\n<p class=\"wp-block-paragraph\"><strong>Kryeministri n\u00eb detyr\u00eb, Albin Kurti, ka p\u00ebruruar objektin e ri t\u00eb shkoll\u00ebs \u201cIlir Konushefci\u201d n\u00eb fshatin Lluzh\u00eb t\u00eb Podujev\u00ebs.<\/strong><\/p>\n\n\n\n<p class=\"wp-block-paragraph\">Shkolla \u00ebsht\u00eb nd\u00ebrtuar pas nj\u00eb investimi prej 1.8 milion\u00eb eurosh dhe ka nj\u00eb sip\u00ebrfaqe prej 2,600 metrash katror\u00eb.<\/p>\n\n\n\n<p class=\"wp-block-paragraph\">Kurti theksoi se investimi m\u00eb i mir\u00eb \u00ebsht\u00eb ai n\u00eb arsimimin e nj\u00eb brezi.<\/p>\n\n\n\n<p class=\"wp-block-paragraph\">\u201cVlera e k\u00ebtij investimi matet me t\u00eb ardhmen, me shum\u00ebfishimin e profesionist\u00ebve t\u00eb rinj. Mb\u00ebshtetja n\u00eb arsim \u00ebsht\u00eb kthimi m\u00eb afatgjat\u00eb p\u00ebr ekonomin\u00eb dhe zhvillimin e shtetit ton\u00eb. Nuk ka investim m\u00eb me mend sesa investimi n\u00eb arsimimin e nj\u00eb brezi.<\/p>\n\n\n\n<p class=\"wp-block-paragraph\">Qeveria ka investuar rreth 8.7 milion\u00eb euro n\u00eb arsim n\u00eb Podujev\u00eb, nd\u00ebrsa kjo shkoll\u00eb \u00ebsht\u00eb nj\u00eb investim prej 1.8 milion\u00eb eurosh, me sip\u00ebrfaqe prej 2,600 metrash katror\u00eb dhe e kompletuar me t\u00eb gjitha kushtet e nevojshme\u201d, tha ai.<\/p>\n","protected":false},"excerpt":{"rendered":"<p>Kryeministri n\u00eb detyr\u00eb, Albin Kurti, ka p\u00ebruruar objektin e ri t\u00eb shkoll\u00ebs \u201cIlir Konushefci\u201d n\u00eb fshatin Lluzh\u00eb t\u00eb Podujev\u00ebs. Shkolla \u00ebsht\u00eb nd\u00ebrtuar pas nj\u00eb investimi prej 1.8 milion\u00eb eurosh dhe ka nj\u00eb sip\u00ebrfaqe prej 2,600 metrash katror\u00eb. Kurti theksoi se investimi m\u00eb i mir\u00eb \u00ebsht\u00eb ai n\u00eb arsimimin e nj\u00eb brezi. \u201cVlera e k\u00ebtij investimi [&hellip;]<\/p>\n","protected":false},"author":4,"featured_media":30492,"comment_status":"open","ping_status":"open","sticky":false,"template":"","format":"standard","meta":{"footnotes":""},"categories":[31,30],"tags":[],"class_list":["post-30491","post","type-post","status-publish","format-standard","has-post-thumbnail","category-kosove","category-lajme"],"yoast_head":"<!-- This site is optimized with the Yoast SEO plugin v27.4 - https:\/\/yoast.com\/product\/yoast-seo-wordpress\/ -->\n<title>Kurti: Investimi n\u00eb arsim \u00ebsht\u00eb kthimi m\u00eb afatgjat\u00eb p\u00ebr zhvillimin e shtetit - Kosova Times<\/title>\n<meta name=\"robots\" content=\"index, follow, max-snippet:-1, max-image-preview:large, max-video-preview:-1\" \/>\n<link rel=\"canonical\" href=\"https:\/\/kosovatimes.info\/index.php\/2026\/09\/01\/kurti-investimi-ne-arsim-eshte-kthimi-me-afatgjate-per-zhvillimin-e-shtetit\/\" \/>\n<meta property=\"og:locale\" content=\"en_US\" \/>\n<meta property=\"og:type\" content=\"article\" \/>\n<meta property=\"og:title\" content=\"Kurti: Investimi n\u00eb arsim \u00ebsht\u00eb kthimi m\u00eb afatgjat\u00eb p\u00ebr zhvillimin e shtetit - Kosova Times\" \/>\n<meta property=\"og:description\" content=\"Kryeministri n\u00eb detyr\u00eb, Albin Kurti, ka p\u00ebruruar objektin e ri t\u00eb shkoll\u00ebs \u201cIlir Konushefci\u201d n\u00eb fshatin Lluzh\u00eb t\u00eb Podujev\u00ebs. Shkolla \u00ebsht\u00eb nd\u00ebrtuar pas nj\u00eb investimi prej 1.8 milion\u00eb eurosh dhe ka nj\u00eb sip\u00ebrfaqe prej 2,600 metrash katror\u00eb. Kurti theksoi se investimi m\u00eb i mir\u00eb \u00ebsht\u00eb ai n\u00eb arsimimin e nj\u00eb brezi. \u201cVlera e k\u00ebtij investimi [&hellip;]\" \/>\n<meta property=\"og:url\" content=\"https:\/\/kosovatimes.info\/index.php\/2026\/09\/01\/kurti-investimi-ne-arsim-eshte-kthimi-me-afatgjate-per-zhvillimin-e-shtetit\/\" \/>\n<meta property=\"og:site_name\" content=\"Kosova Times\" \/>\n<meta property=\"article:published_time\" content=\"2026-09-01T14:33:00+00:00\" \/>\n<meta property=\"article:modified_time\" content=\"2026-09-01T15:59:31+00:00\" \/>\n<meta property=\"og:image\" content=\"https:\/\/kosovatimes.info\/wp-content\/uploads\/2026\/09\/kurti.jpg\" \/>\n\t<meta property=\"og:image:width\" content=\"780\" \/>\n\t<meta property=\"og:image:height\" content=\"500\" \/>\n\t<meta property=\"og:image:type\" content=\"image\/jpeg\" \/>\n<meta name=\"author\" content=\"i l\" \/>\n<meta name=\"twitter:card\" content=\"summary_large_image\" \/>\n<meta name=\"twitter:label1\" content=\"Written by\" \/>\n\t<meta name=\"twitter:data1\" content=\"i l\" \/>\n\t<meta name=\"twitter:label2\" content=\"Est. reading time\" \/>\n\t<meta name=\"twitter:data2\" content=\"1 minute\" \/>\n<script type=\"application\/ld+json\" class=\"yoast-schema-graph\">{\"@context\":\"https:\\\/\\\/schema.org\",\"@graph\":[{\"@type\":\"Article\",\"@id\":\"https:\\\/\\\/kosovatimes.info\\\/index.php\\\/2026\\\/09\\\/01\\\/kurti-investimi-ne-arsim-eshte-kthimi-me-afatgjate-per-zhvillimin-e-shtetit\\\/#article\",\"isPartOf\":{\"@id\":\"https:\\\/\\\/kosovatimes.info\\\/index.php\\\/2026\\\/09\\\/01\\\/kurti-investimi-ne-arsim-eshte-kthimi-me-afatgjate-per-zhvillimin-e-shtetit\\\/\"},\"author\":{\"name\":\"i l\",\"@id\":\"https:\\\/\\\/kosovatimes.info\\\/#\\\/schema\\\/person\\\/7586712b9c512fe68085de007378c915\"},\"headline\":\"Kurti: Investimi n\u00eb arsim \u00ebsht\u00eb kthimi m\u00eb afatgjat\u00eb p\u00ebr zhvillimin e shtetit\",\"datePublished\":\"2026-09-01T14:33:00+00:00\",\"dateModified\":\"2026-09-01T15:59:31+00:00\",\"mainEntityOfPage\":{\"@id\":\"https:\\\/\\\/kosovatimes.info\\\/index.php\\\/2026\\\/09\\\/01\\\/kurti-investimi-ne-arsim-eshte-kthimi-me-afatgjate-per-zhvillimin-e-shtetit\\\/\"},\"wordCount\":150,\"commentCount\":0,\"image\":{\"@id\":\"https:\\\/\\\/kosovatimes.info\\\/index.php\\\/2026\\\/09\\\/01\\\/kurti-investimi-ne-arsim-eshte-kthimi-me-afatgjate-per-zhvillimin-e-shtetit\\\/#primaryimage\"},\"thumbnailUrl\":\"https:\\\/\\\/kosovatimes.info\\\/wp-content\\\/uploads\\\/2026\\\/09\\\/kurti.jpg\",\"articleSection\":[\"Kosov\u00eb\",\"Lajme\"],\"inLanguage\":\"en-US\",\"potentialAction\":[{\"@type\":\"CommentAction\",\"name\":\"Comment\",\"target\":[\"https:\\\/\\\/kosovatimes.info\\\/index.php\\\/2026\\\/09\\\/01\\\/kurti-investimi-ne-arsim-eshte-kthimi-me-afatgjate-per-zhvillimin-e-shtetit\\\/#respond\"]}]},{\"@type\":\"WebPage\",\"@id\":\"https:\\\/\\\/kosovatimes.info\\\/index.php\\\/2026\\\/09\\\/01\\\/kurti-investimi-ne-arsim-eshte-kthimi-me-afatgjate-per-zhvillimin-e-shtetit\\\/\",\"url\":\"https:\\\/\\\/kosovatimes.info\\\/index.php\\\/2026\\\/09\\\/01\\\/kurti-investimi-ne-arsim-eshte-kthimi-me-afatgjate-per-zhvillimin-e-shtetit\\\/\",\"name\":\"Kurti: Investimi n\u00eb arsim \u00ebsht\u00eb kthimi m\u00eb afatgjat\u00eb p\u00ebr zhvillimin e shtetit - Kosova Times\",\"isPartOf\":{\"@id\":\"https:\\\/\\\/kosovatimes.info\\\/#website\"},\"primaryImageOfPage\":{\"@id\":\"https:\\\/\\\/kosovatimes.info\\\/index.php\\\/2026\\\/09\\\/01\\\/kurti-investimi-ne-arsim-eshte-kthimi-me-afatgjate-per-zhvillimin-e-shtetit\\\/#primaryimage\"},\"image\":{\"@id\":\"https:\\\/\\\/kosovatimes.info\\\/index.php\\\/2026\\\/09\\\/01\\\/kurti-investimi-ne-arsim-eshte-kthimi-me-afatgjate-per-zhvillimin-e-shtetit\\\/#primaryimage\"},\"thumbnailUrl\":\"https:\\\/\\\/kosovatimes.info\\\/wp-content\\\/uploads\\\/2026\\\/09\\\/kurti.jpg\",\"datePublished\":\"2026-09-01T14:33:00+00:00\",\"dateModified\":\"2026-09-01T15:59:31+00:00\",\"author\":{\"@id\":\"https:\\\/\\\/kosovatimes.info\\\/#\\\/schema\\\/person\\\/7586712b9c512fe68085de007378c915\"},\"breadcrumb\":{\"@id\":\"https:\\\/\\\/kosovatimes.info\\\/index.php\\\/2026\\\/09\\\/01\\\/kurti-investimi-ne-arsim-eshte-kthimi-me-afatgjate-per-zhvillimin-e-shtetit\\\/#breadcrumb\"},\"inLanguage\":\"en-US\",\"potentialAction\":[{\"@type\":\"ReadAction\",\"target\":[\"https:\\\/\\\/kosovatimes.info\\\/index.php\\\/2026\\\/09\\\/01\\\/kurti-investimi-ne-arsim-eshte-kthimi-me-afatgjate-per-zhvillimin-e-shtetit\\\/\"]}]},{\"@type\":\"ImageObject\",\"inLanguage\":\"en-US\",\"@id\":\"https:\\\/\\\/kosovatimes.info\\\/index.php\\\/2026\\\/09\\\/01\\\/kurti-investimi-ne-arsim-eshte-kthimi-me-afatgjate-per-zhvillimin-e-shtetit\\\/#primaryimage\",\"url\":\"https:\\\/\\\/kosovatimes.info\\\/wp-content\\\/uploads\\\/2026\\\/09\\\/kurti.jpg\",\"contentUrl\":\"https:\\\/\\\/kosovatimes.info\\\/wp-content\\\/uploads\\\/2026\\\/09\\\/kurti.jpg\",\"width\":780,\"height\":500},{\"@type\":\"BreadcrumbList\",\"@id\":\"https:\\\/\\\/kosovatimes.info\\\/index.php\\\/2026\\\/09\\\/01\\\/kurti-investimi-ne-arsim-eshte-kthimi-me-afatgjate-per-zhvillimin-e-shtetit\\\/#breadcrumb\",\"itemListElement\":[{\"@type\":\"ListItem\",\"position\":1,\"name\":\"Home\",\"item\":\"https:\\\/\\\/kosovatimes.info\\\/\"},{\"@type\":\"ListItem\",\"position\":2,\"name\":\"Kurti: Investimi n\u00eb arsim \u00ebsht\u00eb kthimi m\u00eb afatgjat\u00eb p\u00ebr zhvillimin e shtetit\"}]},{\"@type\":\"WebSite\",\"@id\":\"https:\\\/\\\/kosovatimes.info\\\/#website\",\"url\":\"https:\\\/\\\/kosovatimes.info\\\/\",\"name\":\"Kosova Times\",\"description\":\"\",\"potentialAction\":[{\"@type\":\"SearchAction\",\"target\":{\"@type\":\"EntryPoint\",\"urlTemplate\":\"https:\\\/\\\/kosovatimes.info\\\/?s={search_term_string}\"},\"query-input\":{\"@type\":\"PropertyValueSpecification\",\"valueRequired\":true,\"valueName\":\"search_term_string\"}}],\"inLanguage\":\"en-US\"},{\"@type\":\"Person\",\"@id\":\"https:\\\/\\\/kosovatimes.info\\\/#\\\/schema\\\/person\\\/7586712b9c512fe68085de007378c915\",\"name\":\"i l\",\"image\":{\"@type\":\"ImageObject\",\"inLanguage\":\"en-US\",\"@id\":\"https:\\\/\\\/secure.gravatar.com\\\/avatar\\\/bad9296e02816160ae2e2435beda58222022298d5625d49fea74d18816fbb31d?s=96&d=mm&r=g\",\"url\":\"https:\\\/\\\/secure.gravatar.com\\\/avatar\\\/bad9296e02816160ae2e2435beda58222022298d5625d49fea74d18816fbb31d?s=96&d=mm&r=g\",\"contentUrl\":\"https:\\\/\\\/secure.gravatar.com\\\/avatar\\\/bad9296e02816160ae2e2435beda58222022298d5625d49fea74d18816fbb31d?s=96&d=mm&r=g\",\"caption\":\"i l\"},\"url\":\"https:\\\/\\\/kosovatimes.info\\\/index.php\\\/author\\\/iliri\\\/\"}]}<\/script>\n<!-- \/ Yoast SEO plugin. -->","yoast_head_json":{"title":"Kurti: Investimi n\u00eb arsim \u00ebsht\u00eb kthimi m\u00eb afatgjat\u00eb p\u00ebr zhvillimin e shtetit - Kosova Times","robots":{"index":"index","follow":"follow","max-snippet":"max-snippet:-1","max-image-preview":"max-image-preview:large","max-video-preview":"max-video-preview:-1"},"canonical":"https:\/\/kosovatimes.info\/index.php\/2026\/09\/01\/kurti-investimi-ne-arsim-eshte-kthimi-me-afatgjate-per-zhvillimin-e-shtetit\/","og_locale":"en_US","og_type":"article","og_title":"Kurti: Investimi n\u00eb arsim \u00ebsht\u00eb kthimi m\u00eb afatgjat\u00eb p\u00ebr zhvillimin e shtetit - Kosova Times","og_description":"Kryeministri n\u00eb detyr\u00eb, Albin Kurti, ka p\u00ebruruar objektin e ri t\u00eb shkoll\u00ebs \u201cIlir Konushefci\u201d n\u00eb fshatin Lluzh\u00eb t\u00eb Podujev\u00ebs. Shkolla \u00ebsht\u00eb nd\u00ebrtuar pas nj\u00eb investimi prej 1.8 milion\u00eb eurosh dhe ka nj\u00eb sip\u00ebrfaqe prej 2,600 metrash katror\u00eb. Kurti theksoi se investimi m\u00eb i mir\u00eb \u00ebsht\u00eb ai n\u00eb arsimimin e nj\u00eb brezi. \u201cVlera e k\u00ebtij investimi [&hellip;]","og_url":"https:\/\/kosovatimes.info\/index.php\/2026\/09\/01\/kurti-investimi-ne-arsim-eshte-kthimi-me-afatgjate-per-zhvillimin-e-shtetit\/","og_site_name":"Kosova Times","article_published_time":"2026-09-01T14:33:00+00:00","article_modified_time":"2026-09-01T15:59:31+00:00","og_image":[{"width":780,"height":500,"url":"https:\/\/kosovatimes.info\/wp-content\/uploads\/2026\/09\/kurti.jpg","type":"image\/jpeg"}],"author":"i l","twitter_card":"summary_large_image","twitter_misc":{"Written by":"i l","Est. reading time":"1 minute"},"schema":{"@context":"https:\/\/schema.org","@graph":[{"@type":"Article","@id":"https:\/\/kosovatimes.info\/index.php\/2026\/09\/01\/kurti-investimi-ne-arsim-eshte-kthimi-me-afatgjate-per-zhvillimin-e-shtetit\/#article","isPartOf":{"@id":"https:\/\/kosovatimes.info\/index.php\/2026\/09\/01\/kurti-investimi-ne-arsim-eshte-kthimi-me-afatgjate-per-zhvillimin-e-shtetit\/"},"author":{"name":"i l","@id":"https:\/\/kosovatimes.info\/#\/schema\/person\/7586712b9c512fe68085de007378c915"},"headline":"Kurti: Investimi n\u00eb arsim \u00ebsht\u00eb kthimi m\u00eb afatgjat\u00eb p\u00ebr zhvillimin e shtetit","datePublished":"2026-09-01T14:33:00+00:00","dateModified":"2026-09-01T15:59:31+00:00","mainEntityOfPage":{"@id":"https:\/\/kosovatimes.info\/index.php\/2026\/09\/01\/kurti-investimi-ne-arsim-eshte-kthimi-me-afatgjate-per-zhvillimin-e-shtetit\/"},"wordCount":150,"commentCount":0,"image":{"@id":"https:\/\/kosovatimes.info\/index.php\/2026\/09\/01\/kurti-investimi-ne-arsim-eshte-kthimi-me-afatgjate-per-zhvillimin-e-shtetit\/#primaryimage"},"thumbnailUrl":"https:\/\/kosovatimes.info\/wp-content\/uploads\/2026\/09\/kurti.jpg","articleSection":["Kosov\u00eb","Lajme"],"inLanguage":"en-US","potentialAction":[{"@type":"CommentAction","name":"Comment","target":["https:\/\/kosovatimes.info\/index.php\/2026\/09\/01\/kurti-investimi-ne-arsim-eshte-kthimi-me-afatgjate-per-zhvillimin-e-shtetit\/#respond"]}]},{"@type":"WebPage","@id":"https:\/\/kosovatimes.info\/index.php\/2026\/09\/01\/kurti-investimi-ne-arsim-eshte-kthimi-me-afatgjate-per-zhvillimin-e-shtetit\/","url":"https:\/\/kosovatimes.info\/index.php\/2026\/09\/01\/kurti-investimi-ne-arsim-eshte-kthimi-me-afatgjate-per-zhvillimin-e-shtetit\/","name":"Kurti: Investimi n\u00eb arsim \u00ebsht\u00eb kthimi m\u00eb afatgjat\u00eb p\u00ebr zhvillimin e shtetit - Kosova Times","isPartOf":{"@id":"https:\/\/kosovatimes.info\/#website"},"primaryImageOfPage":{"@id":"https:\/\/kosovatimes.info\/index.php\/2026\/09\/01\/kurti-investimi-ne-arsim-eshte-kthimi-me-afatgjate-per-zhvillimin-e-shtetit\/#primaryimage"},"image":{"@id":"https:\/\/kosovatimes.info\/index.php\/2026\/09\/01\/kurti-investimi-ne-arsim-eshte-kthimi-me-afatgjate-per-zhvillimin-e-shtetit\/#primaryimage"},"thumbnailUrl":"https:\/\/kosovatimes.info\/wp-content\/uploads\/2026\/09\/kurti.jpg","datePublished":"2026-09-01T14:33:00+00:00","dateModified":"2026-09-01T15:59:31+00:00","author":{"@id":"https:\/\/kosovatimes.info\/#\/schema\/person\/7586712b9c512fe68085de007378c915"},"breadcrumb":{"@id":"https:\/\/kosovatimes.info\/index.php\/2026\/09\/01\/kurti-investimi-ne-arsim-eshte-kthimi-me-afatgjate-per-zhvillimin-e-shtetit\/#breadcrumb"},"inLanguage":"en-US","potentialAction":[{"@type":"ReadAction","target":["https:\/\/kosovatimes.info\/index.php\/2026\/09\/01\/kurti-investimi-ne-arsim-eshte-kthimi-me-afatgjate-per-zhvillimin-e-shtetit\/"]}]},{"@type":"ImageObject","inLanguage":"en-US","@id":"https:\/\/kosovatimes.info\/index.php\/2026\/09\/01\/kurti-investimi-ne-arsim-eshte-kthimi-me-afatgjate-per-zhvillimin-e-shtetit\/#primaryimage","url":"https:\/\/kosovatimes.info\/wp-content\/uploads\/2026\/09\/kurti.jpg","contentUrl":"https:\/\/kosovatimes.info\/wp-content\/uploads\/2026\/09\/kurti.jpg","width":780,"height":500},{"@type":"BreadcrumbList","@id":"https:\/\/kosovatimes.info\/index.php\/2026\/09\/01\/kurti-investimi-ne-arsim-eshte-kthimi-me-afatgjate-per-zhvillimin-e-shtetit\/#breadcrumb","itemListElement":[{"@type":"ListItem","position":1,"name":"Home","item":"https:\/\/kosovatimes.info\/"},{"@type":"ListItem","position":2,"name":"Kurti: Investimi n\u00eb arsim \u00ebsht\u00eb kthimi m\u00eb afatgjat\u00eb p\u00ebr zhvillimin e shtetit"}]},{"@type":"WebSite","@id":"https:\/\/kosovatimes.info\/#website","url":"https:\/\/kosovatimes.info\/","name":"Kosova Times","description":"","potentialAction":[{"@type":"SearchAction","target":{"@type":"EntryPoint","urlTemplate":"https:\/\/kosovatimes.info\/?s={search_term_string}"},"query-input":{"@type":"PropertyValueSpecification","valueRequired":true,"valueName":"search_term_string"}}],"inLanguage":"en-US"},{"@type":"Person","@id":"https:\/\/kosovatimes.info\/#\/schema\/person\/7586712b9c512fe68085de007378c915","name":"i l","image":{"@type":"ImageObject","inLanguage":"en-US","@id":"https:\/\/secure.gravatar.com\/avatar\/bad9296e02816160ae2e2435beda58222022298d5625d49fea74d18816fbb31d?s=96&d=mm&r=g","url":"https:\/\/secure.gravatar.com\/avatar\/bad9296e02816160ae2e2435beda58222022298d5625d49fea74d18816fbb31d?s=96&d=mm&r=g","contentUrl":"https:\/\/secure.gravatar.com\/avatar\/bad9296e02816160ae2e2435beda58222022298d5625d49fea74d18816fbb31d?s=96&d=mm&r=g","caption":"i l"},"url":"https:\/\/kosovatimes.info\/index.php\/author\/iliri\/"}]}},"_links":{"self":[{"href":"https:\/\/kosovatimes.info\/index.php\/wp-json\/wp\/v2\/posts\/30491","targetHints":{"allow":["GET"]}}],"collection":[{"href":"https:\/\/kosovatimes.info\/index.php\/wp-json\/wp\/v2\/posts"}],"about":[{"href":"https:\/\/kosovatimes.info\/index.php\/wp-json\/wp\/v2\/types\/post"}],"author":[{"embeddable":true,"href":"https:\/\/kosovatimes.info\/index.php\/wp-json\/wp\/v2\/users\/4"}],"replies":[{"embeddable":true,"href":"https:\/\/kosovatimes.info\/index.php\/wp-json\/wp\/v2\/comments?post=30491"}],"version-history":[{"count":1,"href":"https:\/\/kosovatimes.info\/index.php\/wp-json\/wp\/v2\/posts\/30491\/revisions"}],"predecessor-version":[{"id":30493,"href":"https:\/\/kosovatimes.info\/index.php\/wp-json\/wp\/v2\/posts\/30491\/revisions\/30493"}],"wp:featuredmedia":[{"embeddable":true,"href":"https:\/\/kosovatimes.info\/index.php\/wp-json\/wp\/v2\/media\/30492"}],"wp:attachment":[{"href":"https:\/\/kosovatimes.info\/index.php\/wp-json\/wp\/v2\/media?parent=30491"}],"wp:term":[{"taxonomy":"category","embeddable":true,"href":"https:\/\/kosovatimes.info\/index.php\/wp-json\/wp\/v2\/categories?post=30491"},{"taxonomy":"post_tag","embeddable":true,"href":"https:\/\/kosovatimes.info\/index.php\/wp-json\/wp\/v2\/tags?post=30491"}],"curies":[{"name":"wp","href":"https:\/\/api.w.org\/{rel}","templated":true}]}}