{"id":30494,"date":"2026-09-01T15:48:00","date_gmt":"2026-09-01T13:48:00","guid":{"rendered":"https:\/\/kosovatimes.info\/?p=30494"},"modified":"2026-09-01T18:00:39","modified_gmt":"2026-09-01T16:00:39","slug":"zgjerohen-hetimet-ne-rastin-e-bks-se-21-persona-te-rinj-nen-hetim","status":"publish","type":"post","link":"https:\/\/kosovatimes.info\/index.php\/2026\/09\/01\/zgjerohen-hetimet-ne-rastin-e-bks-se-21-persona-te-rinj-nen-hetim\/","title":{"rendered":"Zgjerohen hetimet n\u00eb rastin e BKS-s\u00eb, 21 persona t\u00eb rinj n\u00ebn hetim"},"content":{"rendered":"\n<p class=\"wp-block-paragraph\"><strong>M\u00eb 1 shtator 2026, hetimet jan\u00eb zgjeruar ndaj 21 personave t\u00eb dyshuar, t\u00eb gjith\u00eb pun\u00ebtor\u00eb t\u00eb BKS-s\u00eb, n\u00ebn dyshimin p\u00ebr kryerjen e vepr\u00ebs penale \u201cKeqp\u00ebrdorimi i besimit n\u00eb ndihm\u00eb\u201d.<\/strong><\/p>\n\n\n\n<p class=\"wp-block-paragraph\">Me k\u00ebt\u00eb zhvillim, numri i p\u00ebrgjithsh\u00ebm i personave t\u00eb pandehur n\u00eb k\u00ebt\u00eb rast ka arritur n\u00eb&nbsp;69.<\/p>\n\n\n\n<p class=\"wp-block-paragraph\">\u201cNga veprimet e deritanishme hetimore ekziston dyshimi se k\u00ebta t\u00eb pandehur, n\u00eb kund\u00ebrshtim me rregullat dhe procedurat e brendshme t\u00eb BKS-s\u00eb, kan\u00eb mund\u00ebsuar ose kan\u00eb marr\u00eb pjes\u00eb n\u00eb bartjen dhe p\u00ebrfitimin e shumave t\u00eb t\u00eb hollave pa mbules\u00eb, n\u00eb vlera q\u00eb variojn\u00eb nga 2,000 euro deri n\u00eb 53, 000 euro p\u00ebr person, duke shkaktuar nj\u00eb d\u00ebm shtes\u00eb prej rreth 200,000 euro ndaj Byros\u00eb Kosovare t\u00eb Sigurimeve\u201d, thuhet n\u00eb njoftim.<\/p>\n\n\n\n<p class=\"wp-block-paragraph\">T\u00eb pandehurit jan\u00eb intervistuar n\u00eb Stacionin Policor n\u00eb Prishtin\u00eb, nga zyrtar\u00ebt e Nj\u00ebsis\u00eb p\u00ebr Hetimin e Krimeve Ekonomike dhe Korrupsionit t\u00eb Policis\u00eb s\u00eb Kosov\u00ebs, s\u00eb bashku me Kryeprokurorin e Prokuroris\u00eb Themelore n\u00eb Prizren, Z\u00ebvend\u00ebskryeprokurorin, si dhe nj\u00eb prokuror nga Prokuroria Themelore n\u00eb Prizren.<\/p>\n\n\n\n<p class=\"wp-block-paragraph\">Prokuroria Themelore n\u00eb Prizren ka njoftuar se krahas hetimit penal, ka zhvilluar n\u00eb m\u00ebnyr\u00eb paralele edhe hetimin financiar me Nj\u00ebsitin e Hetimeve t\u00eb Integruara Financiar t\u00eb Policis\u00eb s\u00eb Kosov\u00ebs, me q\u00ebllim t\u00eb identifikimit, gjurmimit dhe sigurimit t\u00eb pasuris\u00eb q\u00eb dyshohet se lidhet me veprat penale dhe p\u00ebrfitimet e realizuara nga aktiviteti i kund\u00ebrligjsh\u00ebm.<\/p>\n\n\n\n<p class=\"wp-block-paragraph\">\u201cSi rezultat i k\u00ebtyre veprimeve hetimore dhe financiare, sot jan\u00eb sekuestruar dhe ngrir\u00eb gjithsej 35 prona, duke p\u00ebrfshir\u00eb parcela kadastrale, nj\u00ebsi banesore dhe nj\u00ebsi garazhuese, t\u00eb cilat nd\u00ebrlidhen me tre t\u00eb pandehurit kryesor\u00eb, ndaj t\u00eb cil\u00ebve ekziston dyshimi p\u00ebr p\u00ebrfshirje n\u00eb veprimet kriminale q\u00eb kan\u00eb shkaktuar d\u00ebm t\u00eb konsideruesh\u00ebm financiar ndaj Byros\u00eb Kosovare t\u00eb Sigurimeve\u201d, thuhet n\u00eb njoftim.&nbsp;<\/p>\n\n\n\n<p class=\"wp-block-paragraph\">Gjithashtu, gjat\u00eb dit\u00ebs s\u00eb sotme Prokuroria n\u00eb bashk\u00ebpunim me Nj\u00ebsitin e Inteligjences Financiar, ka urdh\u00ebruar ngrirjen e 21 llogarive bankare t\u00eb personave t\u00eb dyshuar.<\/p>\n\n\n\n<p class=\"wp-block-paragraph\">Sipas Prokuroris\u00eb, me veprimet e identifikuara n\u00eb faz\u00ebn fillestare t\u00eb hetimit, d\u00ebmi i shkaktuar ndaj BKS-s\u00eb ishte vler\u00ebsuar n\u00eb vler\u00eb rreth 1,043,000 euro, nd\u00ebrsa me zgjerimin e hetimeve dhe identifikimin e veprimeve t\u00eb reja t\u00eb dyshuara, \u00ebsht\u00eb evidentuar edhe nj\u00eb d\u00ebm shtes\u00eb prej rreth 200,000 euro.<\/p>\n\n\n\n<p class=\"wp-block-paragraph\">Tutje thuhet se Prokuroria Themelore n\u00eb Prizren, n\u00eb bashk\u00ebpunim me Policin\u00eb e Kosov\u00ebs, do t\u00eb vazhdoj\u00eb me nd\u00ebrmarrjen e t\u00eb gjitha veprimeve t\u00eb nevojshme hetimore dhe procedurale p\u00ebr zbardhjen e plot\u00eb t\u00eb rastit dhe v\u00ebnien para drejt\u00ebsis\u00eb t\u00eb t\u00eb gjith\u00eb personave p\u00ebr t\u00eb cil\u00ebt do t\u00eb v\u00ebrtetohet p\u00ebrgjegj\u00ebsia penale.<\/p>\n\n\n\n<p class=\"wp-block-paragraph\">Prokuroria Themelore n\u00eb Prizren thekson se mbetet e p\u00ebrkushtuar n\u00eb luftimin e krimit ekonomik dhe korrupsionit, si dhe n\u00eb mbrojtjen e pasuris\u00eb dhe interesit publik, duke respektuar n\u00eb \u00e7do faz\u00eb t\u00eb procedur\u00ebs t\u00eb drejtat e t\u00eb pandehurve dhe parimin e prezumimit t\u00eb pafaj\u00ebsis\u00eb.<\/p>\n","protected":false},"excerpt":{"rendered":"<p>M\u00eb 1 shtator 2026, hetimet jan\u00eb zgjeruar ndaj 21 personave t\u00eb dyshuar, t\u00eb gjith\u00eb pun\u00ebtor\u00eb t\u00eb BKS-s\u00eb, n\u00ebn dyshimin p\u00ebr kryerjen e vepr\u00ebs penale \u201cKeqp\u00ebrdorimi i besimit n\u00eb ndihm\u00eb\u201d. Me k\u00ebt\u00eb zhvillim, numri i p\u00ebrgjithsh\u00ebm i personave t\u00eb pandehur n\u00eb k\u00ebt\u00eb rast ka arritur n\u00eb&nbsp;69. \u201cNga veprimet e deritanishme hetimore ekziston dyshimi se k\u00ebta t\u00eb [&hellip;]<\/p>\n","protected":false},"author":4,"featured_media":27444,"comment_status":"open","ping_status":"open","sticky":false,"template":"","format":"standard","meta":{"footnotes":""},"categories":[31,30],"tags":[],"class_list":["post-30494","post","type-post","status-publish","format-standard","has-post-thumbnail","category-kosove","category-lajme"],"yoast_head":"<!-- This site is optimized with the Yoast SEO plugin v27.4 - https:\/\/yoast.com\/product\/yoast-seo-wordpress\/ -->\n<title>Zgjerohen hetimet n\u00eb rastin e BKS-s\u00eb, 21 persona t\u00eb rinj n\u00ebn hetim - Kosova Times<\/title>\n<meta name=\"robots\" content=\"index, follow, max-snippet:-1, max-image-preview:large, max-video-preview:-1\" \/>\n<link rel=\"canonical\" href=\"https:\/\/kosovatimes.info\/index.php\/2026\/09\/01\/zgjerohen-hetimet-ne-rastin-e-bks-se-21-persona-te-rinj-nen-hetim\/\" \/>\n<meta property=\"og:locale\" content=\"en_US\" \/>\n<meta property=\"og:type\" content=\"article\" \/>\n<meta property=\"og:title\" content=\"Zgjerohen hetimet n\u00eb rastin e BKS-s\u00eb, 21 persona t\u00eb rinj n\u00ebn hetim - Kosova Times\" \/>\n<meta property=\"og:description\" content=\"M\u00eb 1 shtator 2026, hetimet jan\u00eb zgjeruar ndaj 21 personave t\u00eb dyshuar, t\u00eb gjith\u00eb pun\u00ebtor\u00eb t\u00eb BKS-s\u00eb, n\u00ebn dyshimin p\u00ebr kryerjen e vepr\u00ebs penale \u201cKeqp\u00ebrdorimi i besimit n\u00eb ndihm\u00eb\u201d. Me k\u00ebt\u00eb zhvillim, numri i p\u00ebrgjithsh\u00ebm i personave t\u00eb pandehur n\u00eb k\u00ebt\u00eb rast ka arritur n\u00eb&nbsp;69. \u201cNga veprimet e deritanishme hetimore ekziston dyshimi se k\u00ebta t\u00eb [&hellip;]\" \/>\n<meta property=\"og:url\" content=\"https:\/\/kosovatimes.info\/index.php\/2026\/09\/01\/zgjerohen-hetimet-ne-rastin-e-bks-se-21-persona-te-rinj-nen-hetim\/\" \/>\n<meta property=\"og:site_name\" content=\"Kosova Times\" \/>\n<meta property=\"article:published_time\" content=\"2026-09-01T13:48:00+00:00\" \/>\n<meta property=\"article:modified_time\" content=\"2026-09-01T16:00:39+00:00\" \/>\n<meta property=\"og:image\" content=\"https:\/\/kosovatimes.info\/wp-content\/uploads\/2026\/08\/Prokuroria.jpeg\" \/>\n\t<meta property=\"og:image:width\" content=\"780\" \/>\n\t<meta property=\"og:image:height\" content=\"500\" \/>\n\t<meta property=\"og:image:type\" content=\"image\/jpeg\" \/>\n<meta name=\"author\" content=\"i l\" \/>\n<meta name=\"twitter:card\" content=\"summary_large_image\" \/>\n<meta name=\"twitter:label1\" content=\"Written by\" \/>\n\t<meta name=\"twitter:data1\" content=\"i l\" \/>\n\t<meta name=\"twitter:label2\" content=\"Est. reading time\" \/>\n\t<meta name=\"twitter:data2\" content=\"3 minutes\" \/>\n<script type=\"application\/ld+json\" class=\"yoast-schema-graph\">{\"@context\":\"https:\\\/\\\/schema.org\",\"@graph\":[{\"@type\":\"Article\",\"@id\":\"https:\\\/\\\/kosovatimes.info\\\/index.php\\\/2026\\\/09\\\/01\\\/zgjerohen-hetimet-ne-rastin-e-bks-se-21-persona-te-rinj-nen-hetim\\\/#article\",\"isPartOf\":{\"@id\":\"https:\\\/\\\/kosovatimes.info\\\/index.php\\\/2026\\\/09\\\/01\\\/zgjerohen-hetimet-ne-rastin-e-bks-se-21-persona-te-rinj-nen-hetim\\\/\"},\"author\":{\"name\":\"i l\",\"@id\":\"https:\\\/\\\/kosovatimes.info\\\/#\\\/schema\\\/person\\\/7586712b9c512fe68085de007378c915\"},\"headline\":\"Zgjerohen hetimet n\u00eb rastin e BKS-s\u00eb, 21 persona t\u00eb rinj n\u00ebn hetim\",\"datePublished\":\"2026-09-01T13:48:00+00:00\",\"dateModified\":\"2026-09-01T16:00:39+00:00\",\"mainEntityOfPage\":{\"@id\":\"https:\\\/\\\/kosovatimes.info\\\/index.php\\\/2026\\\/09\\\/01\\\/zgjerohen-hetimet-ne-rastin-e-bks-se-21-persona-te-rinj-nen-hetim\\\/\"},\"wordCount\":494,\"commentCount\":0,\"image\":{\"@id\":\"https:\\\/\\\/kosovatimes.info\\\/index.php\\\/2026\\\/09\\\/01\\\/zgjerohen-hetimet-ne-rastin-e-bks-se-21-persona-te-rinj-nen-hetim\\\/#primaryimage\"},\"thumbnailUrl\":\"https:\\\/\\\/kosovatimes.info\\\/wp-content\\\/uploads\\\/2026\\\/08\\\/Prokuroria.jpeg\",\"articleSection\":[\"Kosov\u00eb\",\"Lajme\"],\"inLanguage\":\"en-US\",\"potentialAction\":[{\"@type\":\"CommentAction\",\"name\":\"Comment\",\"target\":[\"https:\\\/\\\/kosovatimes.info\\\/index.php\\\/2026\\\/09\\\/01\\\/zgjerohen-hetimet-ne-rastin-e-bks-se-21-persona-te-rinj-nen-hetim\\\/#respond\"]}]},{\"@type\":\"WebPage\",\"@id\":\"https:\\\/\\\/kosovatimes.info\\\/index.php\\\/2026\\\/09\\\/01\\\/zgjerohen-hetimet-ne-rastin-e-bks-se-21-persona-te-rinj-nen-hetim\\\/\",\"url\":\"https:\\\/\\\/kosovatimes.info\\\/index.php\\\/2026\\\/09\\\/01\\\/zgjerohen-hetimet-ne-rastin-e-bks-se-21-persona-te-rinj-nen-hetim\\\/\",\"name\":\"Zgjerohen hetimet n\u00eb rastin e BKS-s\u00eb, 21 persona t\u00eb rinj n\u00ebn hetim - Kosova Times\",\"isPartOf\":{\"@id\":\"https:\\\/\\\/kosovatimes.info\\\/#website\"},\"primaryImageOfPage\":{\"@id\":\"https:\\\/\\\/kosovatimes.info\\\/index.php\\\/2026\\\/09\\\/01\\\/zgjerohen-hetimet-ne-rastin-e-bks-se-21-persona-te-rinj-nen-hetim\\\/#primaryimage\"},\"image\":{\"@id\":\"https:\\\/\\\/kosovatimes.info\\\/index.php\\\/2026\\\/09\\\/01\\\/zgjerohen-hetimet-ne-rastin-e-bks-se-21-persona-te-rinj-nen-hetim\\\/#primaryimage\"},\"thumbnailUrl\":\"https:\\\/\\\/kosovatimes.info\\\/wp-content\\\/uploads\\\/2026\\\/08\\\/Prokuroria.jpeg\",\"datePublished\":\"2026-09-01T13:48:00+00:00\",\"dateModified\":\"2026-09-01T16:00:39+00:00\",\"author\":{\"@id\":\"https:\\\/\\\/kosovatimes.info\\\/#\\\/schema\\\/person\\\/7586712b9c512fe68085de007378c915\"},\"breadcrumb\":{\"@id\":\"https:\\\/\\\/kosovatimes.info\\\/index.php\\\/2026\\\/09\\\/01\\\/zgjerohen-hetimet-ne-rastin-e-bks-se-21-persona-te-rinj-nen-hetim\\\/#breadcrumb\"},\"inLanguage\":\"en-US\",\"potentialAction\":[{\"@type\":\"ReadAction\",\"target\":[\"https:\\\/\\\/kosovatimes.info\\\/index.php\\\/2026\\\/09\\\/01\\\/zgjerohen-hetimet-ne-rastin-e-bks-se-21-persona-te-rinj-nen-hetim\\\/\"]}]},{\"@type\":\"ImageObject\",\"inLanguage\":\"en-US\",\"@id\":\"https:\\\/\\\/kosovatimes.info\\\/index.php\\\/2026\\\/09\\\/01\\\/zgjerohen-hetimet-ne-rastin-e-bks-se-21-persona-te-rinj-nen-hetim\\\/#primaryimage\",\"url\":\"https:\\\/\\\/kosovatimes.info\\\/wp-content\\\/uploads\\\/2026\\\/08\\\/Prokuroria.jpeg\",\"contentUrl\":\"https:\\\/\\\/kosovatimes.info\\\/wp-content\\\/uploads\\\/2026\\\/08\\\/Prokuroria.jpeg\",\"width\":780,\"height\":500},{\"@type\":\"BreadcrumbList\",\"@id\":\"https:\\\/\\\/kosovatimes.info\\\/index.php\\\/2026\\\/09\\\/01\\\/zgjerohen-hetimet-ne-rastin-e-bks-se-21-persona-te-rinj-nen-hetim\\\/#breadcrumb\",\"itemListElement\":[{\"@type\":\"ListItem\",\"position\":1,\"name\":\"Home\",\"item\":\"https:\\\/\\\/kosovatimes.info\\\/\"},{\"@type\":\"ListItem\",\"position\":2,\"name\":\"Zgjerohen hetimet n\u00eb rastin e BKS-s\u00eb, 21 persona t\u00eb rinj n\u00ebn hetim\"}]},{\"@type\":\"WebSite\",\"@id\":\"https:\\\/\\\/kosovatimes.info\\\/#website\",\"url\":\"https:\\\/\\\/kosovatimes.info\\\/\",\"name\":\"Kosova Times\",\"description\":\"\",\"potentialAction\":[{\"@type\":\"SearchAction\",\"target\":{\"@type\":\"EntryPoint\",\"urlTemplate\":\"https:\\\/\\\/kosovatimes.info\\\/?s={search_term_string}\"},\"query-input\":{\"@type\":\"PropertyValueSpecification\",\"valueRequired\":true,\"valueName\":\"search_term_string\"}}],\"inLanguage\":\"en-US\"},{\"@type\":\"Person\",\"@id\":\"https:\\\/\\\/kosovatimes.info\\\/#\\\/schema\\\/person\\\/7586712b9c512fe68085de007378c915\",\"name\":\"i l\",\"image\":{\"@type\":\"ImageObject\",\"inLanguage\":\"en-US\",\"@id\":\"https:\\\/\\\/secure.gravatar.com\\\/avatar\\\/bad9296e02816160ae2e2435beda58222022298d5625d49fea74d18816fbb31d?s=96&d=mm&r=g\",\"url\":\"https:\\\/\\\/secure.gravatar.com\\\/avatar\\\/bad9296e02816160ae2e2435beda58222022298d5625d49fea74d18816fbb31d?s=96&d=mm&r=g\",\"contentUrl\":\"https:\\\/\\\/secure.gravatar.com\\\/avatar\\\/bad9296e02816160ae2e2435beda58222022298d5625d49fea74d18816fbb31d?s=96&d=mm&r=g\",\"caption\":\"i l\"},\"url\":\"https:\\\/\\\/kosovatimes.info\\\/index.php\\\/author\\\/iliri\\\/\"}]}<\/script>\n<!-- \/ Yoast SEO plugin. -->","yoast_head_json":{"title":"Zgjerohen hetimet n\u00eb rastin e BKS-s\u00eb, 21 persona t\u00eb rinj n\u00ebn hetim - Kosova Times","robots":{"index":"index","follow":"follow","max-snippet":"max-snippet:-1","max-image-preview":"max-image-preview:large","max-video-preview":"max-video-preview:-1"},"canonical":"https:\/\/kosovatimes.info\/index.php\/2026\/09\/01\/zgjerohen-hetimet-ne-rastin-e-bks-se-21-persona-te-rinj-nen-hetim\/","og_locale":"en_US","og_type":"article","og_title":"Zgjerohen hetimet n\u00eb rastin e BKS-s\u00eb, 21 persona t\u00eb rinj n\u00ebn hetim - Kosova Times","og_description":"M\u00eb 1 shtator 2026, hetimet jan\u00eb zgjeruar ndaj 21 personave t\u00eb dyshuar, t\u00eb gjith\u00eb pun\u00ebtor\u00eb t\u00eb BKS-s\u00eb, n\u00ebn dyshimin p\u00ebr kryerjen e vepr\u00ebs penale \u201cKeqp\u00ebrdorimi i besimit n\u00eb ndihm\u00eb\u201d. Me k\u00ebt\u00eb zhvillim, numri i p\u00ebrgjithsh\u00ebm i personave t\u00eb pandehur n\u00eb k\u00ebt\u00eb rast ka arritur n\u00eb&nbsp;69. \u201cNga veprimet e deritanishme hetimore ekziston dyshimi se k\u00ebta t\u00eb [&hellip;]","og_url":"https:\/\/kosovatimes.info\/index.php\/2026\/09\/01\/zgjerohen-hetimet-ne-rastin-e-bks-se-21-persona-te-rinj-nen-hetim\/","og_site_name":"Kosova Times","article_published_time":"2026-09-01T13:48:00+00:00","article_modified_time":"2026-09-01T16:00:39+00:00","og_image":[{"width":780,"height":500,"url":"https:\/\/kosovatimes.info\/wp-content\/uploads\/2026\/08\/Prokuroria.jpeg","type":"image\/jpeg"}],"author":"i l","twitter_card":"summary_large_image","twitter_misc":{"Written by":"i l","Est. reading time":"3 minutes"},"schema":{"@context":"https:\/\/schema.org","@graph":[{"@type":"Article","@id":"https:\/\/kosovatimes.info\/index.php\/2026\/09\/01\/zgjerohen-hetimet-ne-rastin-e-bks-se-21-persona-te-rinj-nen-hetim\/#article","isPartOf":{"@id":"https:\/\/kosovatimes.info\/index.php\/2026\/09\/01\/zgjerohen-hetimet-ne-rastin-e-bks-se-21-persona-te-rinj-nen-hetim\/"},"author":{"name":"i l","@id":"https:\/\/kosovatimes.info\/#\/schema\/person\/7586712b9c512fe68085de007378c915"},"headline":"Zgjerohen hetimet n\u00eb rastin e BKS-s\u00eb, 21 persona t\u00eb rinj n\u00ebn hetim","datePublished":"2026-09-01T13:48:00+00:00","dateModified":"2026-09-01T16:00:39+00:00","mainEntityOfPage":{"@id":"https:\/\/kosovatimes.info\/index.php\/2026\/09\/01\/zgjerohen-hetimet-ne-rastin-e-bks-se-21-persona-te-rinj-nen-hetim\/"},"wordCount":494,"commentCount":0,"image":{"@id":"https:\/\/kosovatimes.info\/index.php\/2026\/09\/01\/zgjerohen-hetimet-ne-rastin-e-bks-se-21-persona-te-rinj-nen-hetim\/#primaryimage"},"thumbnailUrl":"https:\/\/kosovatimes.info\/wp-content\/uploads\/2026\/08\/Prokuroria.jpeg","articleSection":["Kosov\u00eb","Lajme"],"inLanguage":"en-US","potentialAction":[{"@type":"CommentAction","name":"Comment","target":["https:\/\/kosovatimes.info\/index.php\/2026\/09\/01\/zgjerohen-hetimet-ne-rastin-e-bks-se-21-persona-te-rinj-nen-hetim\/#respond"]}]},{"@type":"WebPage","@id":"https:\/\/kosovatimes.info\/index.php\/2026\/09\/01\/zgjerohen-hetimet-ne-rastin-e-bks-se-21-persona-te-rinj-nen-hetim\/","url":"https:\/\/kosovatimes.info\/index.php\/2026\/09\/01\/zgjerohen-hetimet-ne-rastin-e-bks-se-21-persona-te-rinj-nen-hetim\/","name":"Zgjerohen hetimet n\u00eb rastin e BKS-s\u00eb, 21 persona t\u00eb rinj n\u00ebn hetim - Kosova Times","isPartOf":{"@id":"https:\/\/kosovatimes.info\/#website"},"primaryImageOfPage":{"@id":"https:\/\/kosovatimes.info\/index.php\/2026\/09\/01\/zgjerohen-hetimet-ne-rastin-e-bks-se-21-persona-te-rinj-nen-hetim\/#primaryimage"},"image":{"@id":"https:\/\/kosovatimes.info\/index.php\/2026\/09\/01\/zgjerohen-hetimet-ne-rastin-e-bks-se-21-persona-te-rinj-nen-hetim\/#primaryimage"},"thumbnailUrl":"https:\/\/kosovatimes.info\/wp-content\/uploads\/2026\/08\/Prokuroria.jpeg","datePublished":"2026-09-01T13:48:00+00:00","dateModified":"2026-09-01T16:00:39+00:00","author":{"@id":"https:\/\/kosovatimes.info\/#\/schema\/person\/7586712b9c512fe68085de007378c915"},"breadcrumb":{"@id":"https:\/\/kosovatimes.info\/index.php\/2026\/09\/01\/zgjerohen-hetimet-ne-rastin-e-bks-se-21-persona-te-rinj-nen-hetim\/#breadcrumb"},"inLanguage":"en-US","potentialAction":[{"@type":"ReadAction","target":["https:\/\/kosovatimes.info\/index.php\/2026\/09\/01\/zgjerohen-hetimet-ne-rastin-e-bks-se-21-persona-te-rinj-nen-hetim\/"]}]},{"@type":"ImageObject","inLanguage":"en-US","@id":"https:\/\/kosovatimes.info\/index.php\/2026\/09\/01\/zgjerohen-hetimet-ne-rastin-e-bks-se-21-persona-te-rinj-nen-hetim\/#primaryimage","url":"https:\/\/kosovatimes.info\/wp-content\/uploads\/2026\/08\/Prokuroria.jpeg","contentUrl":"https:\/\/kosovatimes.info\/wp-content\/uploads\/2026\/08\/Prokuroria.jpeg","width":780,"height":500},{"@type":"BreadcrumbList","@id":"https:\/\/kosovatimes.info\/index.php\/2026\/09\/01\/zgjerohen-hetimet-ne-rastin-e-bks-se-21-persona-te-rinj-nen-hetim\/#breadcrumb","itemListElement":[{"@type":"ListItem","position":1,"name":"Home","item":"https:\/\/kosovatimes.info\/"},{"@type":"ListItem","position":2,"name":"Zgjerohen hetimet n\u00eb rastin e BKS-s\u00eb, 21 persona t\u00eb rinj n\u00ebn hetim"}]},{"@type":"WebSite","@id":"https:\/\/kosovatimes.info\/#website","url":"https:\/\/kosovatimes.info\/","name":"Kosova Times","description":"","potentialAction":[{"@type":"SearchAction","target":{"@type":"EntryPoint","urlTemplate":"https:\/\/kosovatimes.info\/?s={search_term_string}"},"query-input":{"@type":"PropertyValueSpecification","valueRequired":true,"valueName":"search_term_string"}}],"inLanguage":"en-US"},{"@type":"Person","@id":"https:\/\/kosovatimes.info\/#\/schema\/person\/7586712b9c512fe68085de007378c915","name":"i l","image":{"@type":"ImageObject","inLanguage":"en-US","@id":"https:\/\/secure.gravatar.com\/avatar\/bad9296e02816160ae2e2435beda58222022298d5625d49fea74d18816fbb31d?s=96&d=mm&r=g","url":"https:\/\/secure.gravatar.com\/avatar\/bad9296e02816160ae2e2435beda58222022298d5625d49fea74d18816fbb31d?s=96&d=mm&r=g","contentUrl":"https:\/\/secure.gravatar.com\/avatar\/bad9296e02816160ae2e2435beda58222022298d5625d49fea74d18816fbb31d?s=96&d=mm&r=g","caption":"i l"},"url":"https:\/\/kosovatimes.info\/index.php\/author\/iliri\/"}]}},"_links":{"self":[{"href":"https:\/\/kosovatimes.info\/index.php\/wp-json\/wp\/v2\/posts\/30494","targetHints":{"allow":["GET"]}}],"collection":[{"href":"https:\/\/kosovatimes.info\/index.php\/wp-json\/wp\/v2\/posts"}],"about":[{"href":"https:\/\/kosovatimes.info\/index.php\/wp-json\/wp\/v2\/types\/post"}],"author":[{"embeddable":true,"href":"https:\/\/kosovatimes.info\/index.php\/wp-json\/wp\/v2\/users\/4"}],"replies":[{"embeddable":true,"href":"https:\/\/kosovatimes.info\/index.php\/wp-json\/wp\/v2\/comments?post=30494"}],"version-history":[{"count":1,"href":"https:\/\/kosovatimes.info\/index.php\/wp-json\/wp\/v2\/posts\/30494\/revisions"}],"predecessor-version":[{"id":30495,"href":"https:\/\/kosovatimes.info\/index.php\/wp-json\/wp\/v2\/posts\/30494\/revisions\/30495"}],"wp:featuredmedia":[{"embeddable":true,"href":"https:\/\/kosovatimes.info\/index.php\/wp-json\/wp\/v2\/media\/27444"}],"wp:attachment":[{"href":"https:\/\/kosovatimes.info\/index.php\/wp-json\/wp\/v2\/media?parent=30494"}],"wp:term":[{"taxonomy":"category","embeddable":true,"href":"https:\/\/kosovatimes.info\/index.php\/wp-json\/wp\/v2\/categories?post=30494"},{"taxonomy":"post_tag","embeddable":true,"href":"https:\/\/kosovatimes.info\/index.php\/wp-json\/wp\/v2\/tags?post=30494"}],"curies":[{"name":"wp","href":"https:\/\/api.w.org\/{rel}","templated":true}]}}