{"id":30499,"date":"2026-09-01T22:14:00","date_gmt":"2026-09-01T20:14:00","guid":{"rendered":"https:\/\/kosovatimes.info\/?p=30499"},"modified":"2026-09-01T23:16:59","modified_gmt":"2026-09-01T21:16:59","slug":"kurti-marreveshja-me-ldk-ne-eshte-e-vlefshme-do-te-takohemi-serish","status":"publish","type":"post","link":"https:\/\/kosovatimes.info\/index.php\/2026\/09\/01\/kurti-marreveshja-me-ldk-ne-eshte-e-vlefshme-do-te-takohemi-serish\/","title":{"rendered":"Kurti: Marr\u00ebveshja me LDK-n\u00eb \u00ebsht\u00eb e vlefshme, do t\u00eb takohemi s\u00ebrish"},"content":{"rendered":"\n<p class=\"wp-block-paragraph\"><strong>Kryetari i L\u00ebvizjes Vet\u00ebvendosje, Albin Kurti, pas takimit t\u00eb Grupit Parlamentar t\u00eb VV-s\u00eb, ka folur p\u00ebr media.<\/strong><\/p>\n\n\n\n<p class=\"wp-block-paragraph\"><strong>Ai ka folur&nbsp;lidhur me q\u00ebndrimin e gjasht\u00eb deputet\u00ebve t\u00eb LDK-s\u00eb p\u00ebr t\u00eb mos votuar Bekim Sejdiun p\u00ebr president. Ai tha se VV e ka mb\u00ebshtetur Bekim Sejdiun.<\/strong><\/p>\n\n\n\n<p class=\"wp-block-paragraph\"><strong>Kurti: Nuk duhet, pa arsye dhe pa nevoj\u00eb, t\u00eb shkojm\u00eb n\u00eb zgjedhje t\u00eb reja<\/strong><\/p>\n\n\n\n<p class=\"wp-block-paragraph\">Kurti e cil\u00ebsuar si absurde sjelljen e gjasht\u00eb deputet\u00ebve t\u00eb LDK-s\u00eb. Ai theksoi se nuk duhet, pa arsye dhe pa nevoj\u00eb, t\u00eb shkohet n\u00eb zgjedhje t\u00eb reja.<\/p>\n\n\n\n<p class=\"wp-block-paragraph\"><strong>Kurti: Marr\u00ebveshja me LDK-n\u00eb \u00ebsht\u00eb e vlefshme<\/strong><\/p>\n\n\n\n<p class=\"wp-block-paragraph\">Kryetari i L\u00ebvizjes Vet\u00ebvendosje, Albin Kurti, ka deklaruar se marr\u00ebveshja e arritur me Lidhjen Demokratike t\u00eb Kosov\u00ebs p\u00ebr kandidatin e p\u00ebrbashk\u00ebt p\u00ebr president, profesor Bekim Sejdiu, mbetet e vlefshme.<\/p>\n\n\n\n<p class=\"wp-block-paragraph\">Pas mbledhjes s\u00eb Grupit Parlamentar t\u00eb VV-s\u00eb, Kurti tha se deputet\u00ebt e k\u00ebtij grupi e kan\u00eb mb\u00ebshtetur n\u00eb m\u00ebnyr\u00eb t\u00eb plot\u00eb kandidatur\u00ebn e Sejdiut.<\/p>\n\n\n\n<p class=\"wp-block-paragraph\">\u201cPat\u00ebm nj\u00eb mbledhje me grupin parlamentar t\u00eb L\u00ebvizjes Vet\u00ebvendosje, me \u00e7\u2019rast t\u00eb gjith\u00eb u njoftuan p\u00ebr procesin negociator q\u00eb \u00ebsht\u00eb zhvilluar me Lidhjen Demokratike t\u00eb Kosov\u00ebs dhe marr\u00ebveshjen q\u00eb kemi arritur me emrin e p\u00ebrve\u00e7\u00ebm t\u00eb kandidatit t\u00eb p\u00ebrbashk\u00ebt, konsensual, me atributet e larta n\u00eb kuptimin vleror, meritor e t\u00eb kontributit, profesor Bekim Sejdiun\u201d, tha Kurti.<\/p>\n\n\n\n<p class=\"wp-block-paragraph\">Ai b\u00ebri t\u00eb ditur se gjasht\u00eb deputet\u00eb t\u00eb LDK-s\u00eb nuk e kan\u00eb mb\u00ebshtetur Sejdiun, ndon\u00ebse Kryesia e k\u00ebsaj partie kishte konfirmuar mb\u00ebshtetjen p\u00ebr kandidatur\u00ebn e tij.<\/p>\n\n\n\n<p class=\"wp-block-paragraph\">\u201cMir\u00ebpo m\u00eb pas pat\u00ebm edhe k\u00ebt\u00eb njoftimin negativ q\u00eb gjasht\u00eb deputet\u00eb nga 18 sa i ka grupi parlamentar i LDK-s\u00eb nuk e mb\u00ebshtesin profesor Bekim Sejdiun p\u00ebr president t\u00eb Republik\u00ebs\u201d, tha ai.<\/p>\n\n\n\n<p class=\"wp-block-paragraph\"><strong>Kurti paralajm\u00ebroi se pas k\u00ebsaj situate do t\u00eb takohet p\u00ebrs\u00ebri me kryetarin e LDK-s\u00eb, Lumir Abdixhiku<\/strong><\/p>\n\n\n\n<p class=\"wp-block-paragraph\">Kurti paralajm\u00ebroi se pas k\u00ebsaj situate do t\u00eb takohet p\u00ebrs\u00ebri me kryetarin e LDK-s\u00eb, Lumir Abdixhiku, nd\u00ebrsa tha se do t\u00eb rikthehet edhe n\u00eb Kryesin\u00eb e VV-s\u00eb p\u00ebr t\u00eb diskutuar hapat e m\u00ebtejm\u00eb.<\/p>\n\n\n\n<p class=\"wp-block-paragraph\">\u201cKjo \u00ebsht\u00eb nj\u00eb situat\u00eb e re, e cila k\u00ebrkon q\u00eb n\u00eb nj\u00ebr\u00ebn an\u00eb un\u00eb t\u00eb takohem p\u00ebrs\u00ebri me kryetarin e LDK-s\u00eb dhe n\u00eb an\u00ebn tjet\u00ebr q\u00eb t\u00eb rikthehem n\u00eb kryesin\u00eb e L\u00ebvizjes Vet\u00ebvendosje p\u00ebr ta diskutuar rrethan\u00ebn e re dhe rrug\u00ebn q\u00eb duhet t\u00eb ndjekim p\u00ebrpara\u201d, deklaroi Kurti.<\/p>\n\n\n\n<p class=\"wp-block-paragraph\">Ai e cil\u00ebsoi t\u00eb pap\u00ebrgjegjshme dhe t\u00eb d\u00ebmshme sjelljen e gjasht\u00eb deputet\u00ebve t\u00eb LDK-s\u00eb.<\/p>\n\n\n\n<p class=\"wp-block-paragraph\">\u201cE konsiderojn\u00eb t\u00eb pap\u00ebrgjegjshme, t\u00eb d\u00ebmshme, absurde nj\u00eb sjellje t\u00eb till\u00eb t\u00eb k\u00ebtyre gjasht\u00eb deputet\u00ebve, ku pas tri pal\u00eb zgjedhjeve duket q\u00eb ka d\u00ebshir\u00eb e ka vullnet, ka interes q\u00eb t\u00eb shkojm\u00eb edhe n\u00eb zgjedhjet e kat\u00ebrta p\u00ebr m\u00eb pak se dy vjet\u201d, tha Kurti.<\/p>\n\n\n\n<p class=\"wp-block-paragraph\">Sipas tij, qytetar\u00ebt kan\u00eb shprehur vullnetin e tyre n\u00eb tri pal\u00eb zgjedhje dhe nuk duhet t\u00eb ket\u00eb p\u00ebrs\u00ebri zgjedhje t\u00eb parakohshme pa arsye.<\/p>\n\n\n\n<p class=\"wp-block-paragraph\">\u201cQytetar\u00ebt kan\u00eb folur edhe m\u00eb 9 shkurt, m\u00eb 28 dhjetor t\u00eb vitit 2025, kan\u00eb folur edhe m\u00eb 7 qershor t\u00eb vitit 2026. Nuk do t\u00eb duhej q\u00eb pa arsye, pa nevoj\u00eb, p\u00ebrs\u00ebri t\u00eb shkojm\u00eb n\u00eb zgjedhje t\u00eb parakohshme\u201d, u shpreh ai.<\/p>\n\n\n\n<p class=\"wp-block-paragraph\">Kurti fal\u00ebnderoi ekipet negociatore t\u00eb VV-s\u00eb dhe LDK-s\u00eb p\u00ebr marr\u00ebveshjen e arritur.<\/p>\n\n\n\n<p class=\"wp-block-paragraph\">\u201cMe konstruktivitet, me mir\u00ebbesim, me kreativitet, me p\u00ebrkushtim kemi arritur t\u00eb b\u00ebjm\u00eb marr\u00ebveshje. Dhe kjo \u00ebsht\u00eb nj\u00eb lajm i mir\u00eb p\u00ebr sken\u00ebn politike, p\u00ebr demokracin\u00eb n\u00eb Kosov\u00eb\u201d, tha ai.<\/p>\n\n\n\n<p class=\"wp-block-paragraph\">Kurti p\u00ebrmendi edhe votat q\u00eb kishte marr\u00eb m\u00eb her\u00ebt kandidatja Feride Rushiti dhe ato q\u00eb, sipas tij, kishte marr\u00eb Bekim Sejdiu.<\/p>\n\n\n\n<p class=\"wp-block-paragraph\">\u201cTash profesor Bekim Sejdiu mund t\u00eb thoshim q\u00eb dje i kishte 80 vota, sot i ka 74 vota. Pra, kemi nj\u00eb l\u00ebvizje nga 64 vota p\u00ebr Feride Rushitin te 74 vota p\u00ebr Bekim Sejdiun\u201d, deklaroi ai.<\/p>\n\n\n\n<p class=\"wp-block-paragraph\">N\u00eb fund, Kurti tha se marr\u00ebveshja politike me LDK-n\u00eb mbetet n\u00eb fuqi. \u201cP\u00ebr mua si kryetar i L\u00ebvizjes Vet\u00ebvendosje, si kryeminist\u00ebr n\u00eb detyr\u00eb i Republik\u00ebs s\u00eb Kosov\u00ebs, si udh\u00ebheq\u00ebs i delegacionit t\u00eb ekipit negociator me LDK-n\u00eb, marr\u00ebveshja politike q\u00eb kemi b\u00ebr\u00eb \u00ebsht\u00eb e vlefshme. Pra, ajo marr\u00ebveshje q\u00ebndron\u201d, tha Kurti.<\/p>\n\n\n\n<p class=\"wp-block-paragraph\">Ai shtoi se, sipas tij, gjasht\u00eb deputet\u00ebt nuk e kan\u00eb kund\u00ebrshtuar aq kandidatin Sejdiu, sa qeverin\u00eb q\u00eb ai udh\u00ebheq.<\/p>\n\n\n\n<p class=\"wp-block-paragraph\">\u201cDuket qart\u00eb se nuk e kan\u00eb aq kund\u00ebr profesor Bekim Sejdiut, sa kund\u00ebr qeveris\u00eb q\u00eb un\u00eb udh\u00ebheq\u201d, tha Kurti.<\/p>\n\n\n\n<p class=\"wp-block-paragraph\">\u201cPor nuk mundemi q\u00eb pafund\u00ebsisht t\u00eb p\u00ebrs\u00ebrisim zgjedhjet me rezultat t\u00eb nj\u00ebjt\u00eb me shpres\u00eb se ndoshta k\u00ebsaj radhe rezultati do t\u00eb jet\u00eb nj\u00eb \u00e7ik\u00eb m\u00eb ndryshe.Nuk do t\u00eb jet\u00eb\u201d, p\u00ebrfundoi Kurti.<\/p>\n","protected":false},"excerpt":{"rendered":"<p>Kryetari i L\u00ebvizjes Vet\u00ebvendosje, Albin Kurti, pas takimit t\u00eb Grupit Parlamentar t\u00eb VV-s\u00eb, ka folur p\u00ebr media. Ai ka folur&nbsp;lidhur me q\u00ebndrimin e gjasht\u00eb deputet\u00ebve t\u00eb LDK-s\u00eb p\u00ebr t\u00eb mos votuar Bekim Sejdiun p\u00ebr president. Ai tha se VV e ka mb\u00ebshtetur Bekim Sejdiun. Kurti: Nuk duhet, pa arsye dhe pa nevoj\u00eb, t\u00eb shkojm\u00eb n\u00eb [&hellip;]<\/p>\n","protected":false},"author":4,"featured_media":30500,"comment_status":"open","ping_status":"open","sticky":false,"template":"","format":"standard","meta":{"footnotes":""},"categories":[31,30],"tags":[],"class_list":["post-30499","post","type-post","status-publish","format-standard","has-post-thumbnail","category-kosove","category-lajme"],"yoast_head":"<!-- This site is optimized with the Yoast SEO plugin v27.4 - https:\/\/yoast.com\/product\/yoast-seo-wordpress\/ -->\n<title>Kurti: Marr\u00ebveshja me LDK-n\u00eb \u00ebsht\u00eb e vlefshme, do t\u00eb takohemi s\u00ebrish - Kosova Times<\/title>\n<meta name=\"robots\" content=\"index, follow, max-snippet:-1, max-image-preview:large, max-video-preview:-1\" \/>\n<link rel=\"canonical\" href=\"https:\/\/kosovatimes.info\/index.php\/2026\/09\/01\/kurti-marreveshja-me-ldk-ne-eshte-e-vlefshme-do-te-takohemi-serish\/\" \/>\n<meta property=\"og:locale\" content=\"en_US\" \/>\n<meta property=\"og:type\" content=\"article\" \/>\n<meta property=\"og:title\" content=\"Kurti: Marr\u00ebveshja me LDK-n\u00eb \u00ebsht\u00eb e vlefshme, do t\u00eb takohemi s\u00ebrish - Kosova Times\" \/>\n<meta property=\"og:description\" content=\"Kryetari i L\u00ebvizjes Vet\u00ebvendosje, Albin Kurti, pas takimit t\u00eb Grupit Parlamentar t\u00eb VV-s\u00eb, ka folur p\u00ebr media. Ai ka folur&nbsp;lidhur me q\u00ebndrimin e gjasht\u00eb deputet\u00ebve t\u00eb LDK-s\u00eb p\u00ebr t\u00eb mos votuar Bekim Sejdiun p\u00ebr president. Ai tha se VV e ka mb\u00ebshtetur Bekim Sejdiun. Kurti: Nuk duhet, pa arsye dhe pa nevoj\u00eb, t\u00eb shkojm\u00eb n\u00eb [&hellip;]\" \/>\n<meta property=\"og:url\" content=\"https:\/\/kosovatimes.info\/index.php\/2026\/09\/01\/kurti-marreveshja-me-ldk-ne-eshte-e-vlefshme-do-te-takohemi-serish\/\" \/>\n<meta property=\"og:site_name\" content=\"Kosova Times\" \/>\n<meta property=\"article:published_time\" content=\"2026-09-01T20:14:00+00:00\" \/>\n<meta property=\"article:modified_time\" content=\"2026-09-01T21:16:59+00:00\" \/>\n<meta property=\"og:image\" content=\"https:\/\/kosovatimes.info\/wp-content\/uploads\/2026\/09\/Kurti.png\" \/>\n\t<meta property=\"og:image:width\" content=\"683\" \/>\n\t<meta property=\"og:image:height\" content=\"476\" \/>\n\t<meta property=\"og:image:type\" content=\"image\/png\" \/>\n<meta name=\"author\" content=\"i l\" \/>\n<meta name=\"twitter:card\" content=\"summary_large_image\" \/>\n<meta name=\"twitter:label1\" content=\"Written by\" \/>\n\t<meta name=\"twitter:data1\" content=\"i l\" \/>\n\t<meta name=\"twitter:label2\" content=\"Est. reading time\" \/>\n\t<meta name=\"twitter:data2\" content=\"4 minutes\" \/>\n<script type=\"application\/ld+json\" class=\"yoast-schema-graph\">{\"@context\":\"https:\\\/\\\/schema.org\",\"@graph\":[{\"@type\":\"Article\",\"@id\":\"https:\\\/\\\/kosovatimes.info\\\/index.php\\\/2026\\\/09\\\/01\\\/kurti-marreveshja-me-ldk-ne-eshte-e-vlefshme-do-te-takohemi-serish\\\/#article\",\"isPartOf\":{\"@id\":\"https:\\\/\\\/kosovatimes.info\\\/index.php\\\/2026\\\/09\\\/01\\\/kurti-marreveshja-me-ldk-ne-eshte-e-vlefshme-do-te-takohemi-serish\\\/\"},\"author\":{\"name\":\"i l\",\"@id\":\"https:\\\/\\\/kosovatimes.info\\\/#\\\/schema\\\/person\\\/7586712b9c512fe68085de007378c915\"},\"headline\":\"Kurti: Marr\u00ebveshja me LDK-n\u00eb \u00ebsht\u00eb e vlefshme, do t\u00eb takohemi s\u00ebrish\",\"datePublished\":\"2026-09-01T20:14:00+00:00\",\"dateModified\":\"2026-09-01T21:16:59+00:00\",\"mainEntityOfPage\":{\"@id\":\"https:\\\/\\\/kosovatimes.info\\\/index.php\\\/2026\\\/09\\\/01\\\/kurti-marreveshja-me-ldk-ne-eshte-e-vlefshme-do-te-takohemi-serish\\\/\"},\"wordCount\":830,\"commentCount\":0,\"image\":{\"@id\":\"https:\\\/\\\/kosovatimes.info\\\/index.php\\\/2026\\\/09\\\/01\\\/kurti-marreveshja-me-ldk-ne-eshte-e-vlefshme-do-te-takohemi-serish\\\/#primaryimage\"},\"thumbnailUrl\":\"https:\\\/\\\/kosovatimes.info\\\/wp-content\\\/uploads\\\/2026\\\/09\\\/Kurti.png\",\"articleSection\":[\"Kosov\u00eb\",\"Lajme\"],\"inLanguage\":\"en-US\",\"potentialAction\":[{\"@type\":\"CommentAction\",\"name\":\"Comment\",\"target\":[\"https:\\\/\\\/kosovatimes.info\\\/index.php\\\/2026\\\/09\\\/01\\\/kurti-marreveshja-me-ldk-ne-eshte-e-vlefshme-do-te-takohemi-serish\\\/#respond\"]}]},{\"@type\":\"WebPage\",\"@id\":\"https:\\\/\\\/kosovatimes.info\\\/index.php\\\/2026\\\/09\\\/01\\\/kurti-marreveshja-me-ldk-ne-eshte-e-vlefshme-do-te-takohemi-serish\\\/\",\"url\":\"https:\\\/\\\/kosovatimes.info\\\/index.php\\\/2026\\\/09\\\/01\\\/kurti-marreveshja-me-ldk-ne-eshte-e-vlefshme-do-te-takohemi-serish\\\/\",\"name\":\"Kurti: Marr\u00ebveshja me LDK-n\u00eb \u00ebsht\u00eb e vlefshme, do t\u00eb takohemi s\u00ebrish - Kosova Times\",\"isPartOf\":{\"@id\":\"https:\\\/\\\/kosovatimes.info\\\/#website\"},\"primaryImageOfPage\":{\"@id\":\"https:\\\/\\\/kosovatimes.info\\\/index.php\\\/2026\\\/09\\\/01\\\/kurti-marreveshja-me-ldk-ne-eshte-e-vlefshme-do-te-takohemi-serish\\\/#primaryimage\"},\"image\":{\"@id\":\"https:\\\/\\\/kosovatimes.info\\\/index.php\\\/2026\\\/09\\\/01\\\/kurti-marreveshja-me-ldk-ne-eshte-e-vlefshme-do-te-takohemi-serish\\\/#primaryimage\"},\"thumbnailUrl\":\"https:\\\/\\\/kosovatimes.info\\\/wp-content\\\/uploads\\\/2026\\\/09\\\/Kurti.png\",\"datePublished\":\"2026-09-01T20:14:00+00:00\",\"dateModified\":\"2026-09-01T21:16:59+00:00\",\"author\":{\"@id\":\"https:\\\/\\\/kosovatimes.info\\\/#\\\/schema\\\/person\\\/7586712b9c512fe68085de007378c915\"},\"breadcrumb\":{\"@id\":\"https:\\\/\\\/kosovatimes.info\\\/index.php\\\/2026\\\/09\\\/01\\\/kurti-marreveshja-me-ldk-ne-eshte-e-vlefshme-do-te-takohemi-serish\\\/#breadcrumb\"},\"inLanguage\":\"en-US\",\"potentialAction\":[{\"@type\":\"ReadAction\",\"target\":[\"https:\\\/\\\/kosovatimes.info\\\/index.php\\\/2026\\\/09\\\/01\\\/kurti-marreveshja-me-ldk-ne-eshte-e-vlefshme-do-te-takohemi-serish\\\/\"]}]},{\"@type\":\"ImageObject\",\"inLanguage\":\"en-US\",\"@id\":\"https:\\\/\\\/kosovatimes.info\\\/index.php\\\/2026\\\/09\\\/01\\\/kurti-marreveshja-me-ldk-ne-eshte-e-vlefshme-do-te-takohemi-serish\\\/#primaryimage\",\"url\":\"https:\\\/\\\/kosovatimes.info\\\/wp-content\\\/uploads\\\/2026\\\/09\\\/Kurti.png\",\"contentUrl\":\"https:\\\/\\\/kosovatimes.info\\\/wp-content\\\/uploads\\\/2026\\\/09\\\/Kurti.png\",\"width\":683,\"height\":476},{\"@type\":\"BreadcrumbList\",\"@id\":\"https:\\\/\\\/kosovatimes.info\\\/index.php\\\/2026\\\/09\\\/01\\\/kurti-marreveshja-me-ldk-ne-eshte-e-vlefshme-do-te-takohemi-serish\\\/#breadcrumb\",\"itemListElement\":[{\"@type\":\"ListItem\",\"position\":1,\"name\":\"Home\",\"item\":\"https:\\\/\\\/kosovatimes.info\\\/\"},{\"@type\":\"ListItem\",\"position\":2,\"name\":\"Kurti: Marr\u00ebveshja me LDK-n\u00eb \u00ebsht\u00eb e vlefshme, do t\u00eb takohemi s\u00ebrish\"}]},{\"@type\":\"WebSite\",\"@id\":\"https:\\\/\\\/kosovatimes.info\\\/#website\",\"url\":\"https:\\\/\\\/kosovatimes.info\\\/\",\"name\":\"Kosova Times\",\"description\":\"\",\"potentialAction\":[{\"@type\":\"SearchAction\",\"target\":{\"@type\":\"EntryPoint\",\"urlTemplate\":\"https:\\\/\\\/kosovatimes.info\\\/?s={search_term_string}\"},\"query-input\":{\"@type\":\"PropertyValueSpecification\",\"valueRequired\":true,\"valueName\":\"search_term_string\"}}],\"inLanguage\":\"en-US\"},{\"@type\":\"Person\",\"@id\":\"https:\\\/\\\/kosovatimes.info\\\/#\\\/schema\\\/person\\\/7586712b9c512fe68085de007378c915\",\"name\":\"i l\",\"image\":{\"@type\":\"ImageObject\",\"inLanguage\":\"en-US\",\"@id\":\"https:\\\/\\\/secure.gravatar.com\\\/avatar\\\/bad9296e02816160ae2e2435beda58222022298d5625d49fea74d18816fbb31d?s=96&d=mm&r=g\",\"url\":\"https:\\\/\\\/secure.gravatar.com\\\/avatar\\\/bad9296e02816160ae2e2435beda58222022298d5625d49fea74d18816fbb31d?s=96&d=mm&r=g\",\"contentUrl\":\"https:\\\/\\\/secure.gravatar.com\\\/avatar\\\/bad9296e02816160ae2e2435beda58222022298d5625d49fea74d18816fbb31d?s=96&d=mm&r=g\",\"caption\":\"i l\"},\"url\":\"https:\\\/\\\/kosovatimes.info\\\/index.php\\\/author\\\/iliri\\\/\"}]}<\/script>\n<!-- \/ Yoast SEO plugin. -->","yoast_head_json":{"title":"Kurti: Marr\u00ebveshja me LDK-n\u00eb \u00ebsht\u00eb e vlefshme, do t\u00eb takohemi s\u00ebrish - Kosova Times","robots":{"index":"index","follow":"follow","max-snippet":"max-snippet:-1","max-image-preview":"max-image-preview:large","max-video-preview":"max-video-preview:-1"},"canonical":"https:\/\/kosovatimes.info\/index.php\/2026\/09\/01\/kurti-marreveshja-me-ldk-ne-eshte-e-vlefshme-do-te-takohemi-serish\/","og_locale":"en_US","og_type":"article","og_title":"Kurti: Marr\u00ebveshja me LDK-n\u00eb \u00ebsht\u00eb e vlefshme, do t\u00eb takohemi s\u00ebrish - Kosova Times","og_description":"Kryetari i L\u00ebvizjes Vet\u00ebvendosje, Albin Kurti, pas takimit t\u00eb Grupit Parlamentar t\u00eb VV-s\u00eb, ka folur p\u00ebr media. Ai ka folur&nbsp;lidhur me q\u00ebndrimin e gjasht\u00eb deputet\u00ebve t\u00eb LDK-s\u00eb p\u00ebr t\u00eb mos votuar Bekim Sejdiun p\u00ebr president. Ai tha se VV e ka mb\u00ebshtetur Bekim Sejdiun. Kurti: Nuk duhet, pa arsye dhe pa nevoj\u00eb, t\u00eb shkojm\u00eb n\u00eb [&hellip;]","og_url":"https:\/\/kosovatimes.info\/index.php\/2026\/09\/01\/kurti-marreveshja-me-ldk-ne-eshte-e-vlefshme-do-te-takohemi-serish\/","og_site_name":"Kosova Times","article_published_time":"2026-09-01T20:14:00+00:00","article_modified_time":"2026-09-01T21:16:59+00:00","og_image":[{"width":683,"height":476,"url":"https:\/\/kosovatimes.info\/wp-content\/uploads\/2026\/09\/Kurti.png","type":"image\/png"}],"author":"i l","twitter_card":"summary_large_image","twitter_misc":{"Written by":"i l","Est. reading time":"4 minutes"},"schema":{"@context":"https:\/\/schema.org","@graph":[{"@type":"Article","@id":"https:\/\/kosovatimes.info\/index.php\/2026\/09\/01\/kurti-marreveshja-me-ldk-ne-eshte-e-vlefshme-do-te-takohemi-serish\/#article","isPartOf":{"@id":"https:\/\/kosovatimes.info\/index.php\/2026\/09\/01\/kurti-marreveshja-me-ldk-ne-eshte-e-vlefshme-do-te-takohemi-serish\/"},"author":{"name":"i l","@id":"https:\/\/kosovatimes.info\/#\/schema\/person\/7586712b9c512fe68085de007378c915"},"headline":"Kurti: Marr\u00ebveshja me LDK-n\u00eb \u00ebsht\u00eb e vlefshme, do t\u00eb takohemi s\u00ebrish","datePublished":"2026-09-01T20:14:00+00:00","dateModified":"2026-09-01T21:16:59+00:00","mainEntityOfPage":{"@id":"https:\/\/kosovatimes.info\/index.php\/2026\/09\/01\/kurti-marreveshja-me-ldk-ne-eshte-e-vlefshme-do-te-takohemi-serish\/"},"wordCount":830,"commentCount":0,"image":{"@id":"https:\/\/kosovatimes.info\/index.php\/2026\/09\/01\/kurti-marreveshja-me-ldk-ne-eshte-e-vlefshme-do-te-takohemi-serish\/#primaryimage"},"thumbnailUrl":"https:\/\/kosovatimes.info\/wp-content\/uploads\/2026\/09\/Kurti.png","articleSection":["Kosov\u00eb","Lajme"],"inLanguage":"en-US","potentialAction":[{"@type":"CommentAction","name":"Comment","target":["https:\/\/kosovatimes.info\/index.php\/2026\/09\/01\/kurti-marreveshja-me-ldk-ne-eshte-e-vlefshme-do-te-takohemi-serish\/#respond"]}]},{"@type":"WebPage","@id":"https:\/\/kosovatimes.info\/index.php\/2026\/09\/01\/kurti-marreveshja-me-ldk-ne-eshte-e-vlefshme-do-te-takohemi-serish\/","url":"https:\/\/kosovatimes.info\/index.php\/2026\/09\/01\/kurti-marreveshja-me-ldk-ne-eshte-e-vlefshme-do-te-takohemi-serish\/","name":"Kurti: Marr\u00ebveshja me LDK-n\u00eb \u00ebsht\u00eb e vlefshme, do t\u00eb takohemi s\u00ebrish - Kosova Times","isPartOf":{"@id":"https:\/\/kosovatimes.info\/#website"},"primaryImageOfPage":{"@id":"https:\/\/kosovatimes.info\/index.php\/2026\/09\/01\/kurti-marreveshja-me-ldk-ne-eshte-e-vlefshme-do-te-takohemi-serish\/#primaryimage"},"image":{"@id":"https:\/\/kosovatimes.info\/index.php\/2026\/09\/01\/kurti-marreveshja-me-ldk-ne-eshte-e-vlefshme-do-te-takohemi-serish\/#primaryimage"},"thumbnailUrl":"https:\/\/kosovatimes.info\/wp-content\/uploads\/2026\/09\/Kurti.png","datePublished":"2026-09-01T20:14:00+00:00","dateModified":"2026-09-01T21:16:59+00:00","author":{"@id":"https:\/\/kosovatimes.info\/#\/schema\/person\/7586712b9c512fe68085de007378c915"},"breadcrumb":{"@id":"https:\/\/kosovatimes.info\/index.php\/2026\/09\/01\/kurti-marreveshja-me-ldk-ne-eshte-e-vlefshme-do-te-takohemi-serish\/#breadcrumb"},"inLanguage":"en-US","potentialAction":[{"@type":"ReadAction","target":["https:\/\/kosovatimes.info\/index.php\/2026\/09\/01\/kurti-marreveshja-me-ldk-ne-eshte-e-vlefshme-do-te-takohemi-serish\/"]}]},{"@type":"ImageObject","inLanguage":"en-US","@id":"https:\/\/kosovatimes.info\/index.php\/2026\/09\/01\/kurti-marreveshja-me-ldk-ne-eshte-e-vlefshme-do-te-takohemi-serish\/#primaryimage","url":"https:\/\/kosovatimes.info\/wp-content\/uploads\/2026\/09\/Kurti.png","contentUrl":"https:\/\/kosovatimes.info\/wp-content\/uploads\/2026\/09\/Kurti.png","width":683,"height":476},{"@type":"BreadcrumbList","@id":"https:\/\/kosovatimes.info\/index.php\/2026\/09\/01\/kurti-marreveshja-me-ldk-ne-eshte-e-vlefshme-do-te-takohemi-serish\/#breadcrumb","itemListElement":[{"@type":"ListItem","position":1,"name":"Home","item":"https:\/\/kosovatimes.info\/"},{"@type":"ListItem","position":2,"name":"Kurti: Marr\u00ebveshja me LDK-n\u00eb \u00ebsht\u00eb e vlefshme, do t\u00eb takohemi s\u00ebrish"}]},{"@type":"WebSite","@id":"https:\/\/kosovatimes.info\/#website","url":"https:\/\/kosovatimes.info\/","name":"Kosova Times","description":"","potentialAction":[{"@type":"SearchAction","target":{"@type":"EntryPoint","urlTemplate":"https:\/\/kosovatimes.info\/?s={search_term_string}"},"query-input":{"@type":"PropertyValueSpecification","valueRequired":true,"valueName":"search_term_string"}}],"inLanguage":"en-US"},{"@type":"Person","@id":"https:\/\/kosovatimes.info\/#\/schema\/person\/7586712b9c512fe68085de007378c915","name":"i l","image":{"@type":"ImageObject","inLanguage":"en-US","@id":"https:\/\/secure.gravatar.com\/avatar\/bad9296e02816160ae2e2435beda58222022298d5625d49fea74d18816fbb31d?s=96&d=mm&r=g","url":"https:\/\/secure.gravatar.com\/avatar\/bad9296e02816160ae2e2435beda58222022298d5625d49fea74d18816fbb31d?s=96&d=mm&r=g","contentUrl":"https:\/\/secure.gravatar.com\/avatar\/bad9296e02816160ae2e2435beda58222022298d5625d49fea74d18816fbb31d?s=96&d=mm&r=g","caption":"i l"},"url":"https:\/\/kosovatimes.info\/index.php\/author\/iliri\/"}]}},"_links":{"self":[{"href":"https:\/\/kosovatimes.info\/index.php\/wp-json\/wp\/v2\/posts\/30499","targetHints":{"allow":["GET"]}}],"collection":[{"href":"https:\/\/kosovatimes.info\/index.php\/wp-json\/wp\/v2\/posts"}],"about":[{"href":"https:\/\/kosovatimes.info\/index.php\/wp-json\/wp\/v2\/types\/post"}],"author":[{"embeddable":true,"href":"https:\/\/kosovatimes.info\/index.php\/wp-json\/wp\/v2\/users\/4"}],"replies":[{"embeddable":true,"href":"https:\/\/kosovatimes.info\/index.php\/wp-json\/wp\/v2\/comments?post=30499"}],"version-history":[{"count":1,"href":"https:\/\/kosovatimes.info\/index.php\/wp-json\/wp\/v2\/posts\/30499\/revisions"}],"predecessor-version":[{"id":30501,"href":"https:\/\/kosovatimes.info\/index.php\/wp-json\/wp\/v2\/posts\/30499\/revisions\/30501"}],"wp:featuredmedia":[{"embeddable":true,"href":"https:\/\/kosovatimes.info\/index.php\/wp-json\/wp\/v2\/media\/30500"}],"wp:attachment":[{"href":"https:\/\/kosovatimes.info\/index.php\/wp-json\/wp\/v2\/media?parent=30499"}],"wp:term":[{"taxonomy":"category","embeddable":true,"href":"https:\/\/kosovatimes.info\/index.php\/wp-json\/wp\/v2\/categories?post=30499"},{"taxonomy":"post_tag","embeddable":true,"href":"https:\/\/kosovatimes.info\/index.php\/wp-json\/wp\/v2\/tags?post=30499"}],"curies":[{"name":"wp","href":"https:\/\/api.w.org\/{rel}","templated":true}]}}