{"id":30502,"date":"2026-09-01T22:13:00","date_gmt":"2026-09-01T20:13:00","guid":{"rendered":"https:\/\/kosovatimes.info\/?p=30502"},"modified":"2026-09-01T23:17:46","modified_gmt":"2026-09-01T21:17:46","slug":"stradner-kina-ka-nje-pikembeshtetje-ushtarake-ne-evrope-permes-vuciqit","status":"publish","type":"post","link":"https:\/\/kosovatimes.info\/index.php\/2026\/09\/01\/stradner-kina-ka-nje-pikembeshtetje-ushtarake-ne-evrope-permes-vuciqit\/","title":{"rendered":"Stradner: Kina ka nj\u00eb pik\u00ebmb\u00ebshtetje ushtarake n\u00eb Evrop\u00eb p\u00ebrmes Vu\u00e7iqit"},"content":{"rendered":"\n<p class=\"wp-block-paragraph\"><strong>Analistja dhe ekspertja amerikane e siguris\u00eb, Ivana Stradner, ka ngritur shqet\u00ebsime p\u00ebr rritjen e bashk\u00ebpunimit ushtarak mes Kin\u00ebs dhe Serbis\u00eb.<\/strong><\/p>\n\n\n\n<p class=\"wp-block-paragraph\">N\u00eb nj\u00eb reagim, Stradner ka deklaruar se Kina ka krijuar nj\u00eb \u201cpik\u00ebmb\u00ebshtetje ushtarake n\u00eb Evrop\u00eb p\u00ebrmes Vu\u00e7iqit\u201d, duke iu referuar presidentit serb, Aleksandar Vu\u00e7iq.<\/p>\n\n\n\n<p class=\"wp-block-paragraph\">\u201cKina ka nj\u00eb pik\u00ebmb\u00ebshtetje ushtarake n\u00eb Evrop\u00eb p\u00ebrmes Vu\u00e7iqit. Kina gjithashtu i ka d\u00ebrguar Serbis\u00eb dron\u00eb dhe sisteme t\u00eb mbrojtjes ajrore, t\u00eb gjitha n\u00eb oborrin e pasm\u00eb t\u00eb NATO-s\u201d, ka shkruar ajo n\u00eb X.<\/p>\n","protected":false},"excerpt":{"rendered":"<p>Analistja dhe ekspertja amerikane e siguris\u00eb, Ivana Stradner, ka ngritur shqet\u00ebsime p\u00ebr rritjen e bashk\u00ebpunimit ushtarak mes Kin\u00ebs dhe Serbis\u00eb. N\u00eb nj\u00eb reagim, Stradner ka deklaruar se Kina ka krijuar nj\u00eb \u201cpik\u00ebmb\u00ebshtetje ushtarake n\u00eb Evrop\u00eb p\u00ebrmes Vu\u00e7iqit\u201d, duke iu referuar presidentit serb, Aleksandar Vu\u00e7iq. \u201cKina ka nj\u00eb pik\u00ebmb\u00ebshtetje ushtarake n\u00eb Evrop\u00eb p\u00ebrmes Vu\u00e7iqit. Kina gjithashtu [&hellip;]<\/p>\n","protected":false},"author":4,"featured_media":30503,"comment_status":"open","ping_status":"open","sticky":false,"template":"","format":"standard","meta":{"footnotes":""},"categories":[30,32],"tags":[],"class_list":["post-30502","post","type-post","status-publish","format-standard","has-post-thumbnail","category-lajme","category-rajon"],"yoast_head":"<!-- This site is optimized with the Yoast SEO plugin v27.4 - https:\/\/yoast.com\/product\/yoast-seo-wordpress\/ -->\n<title>Stradner: Kina ka nj\u00eb pik\u00ebmb\u00ebshtetje ushtarake n\u00eb Evrop\u00eb p\u00ebrmes Vu\u00e7iqit - Kosova Times<\/title>\n<meta name=\"robots\" content=\"index, follow, max-snippet:-1, max-image-preview:large, max-video-preview:-1\" \/>\n<link rel=\"canonical\" href=\"https:\/\/kosovatimes.info\/index.php\/2026\/09\/01\/stradner-kina-ka-nje-pikembeshtetje-ushtarake-ne-evrope-permes-vuciqit\/\" \/>\n<meta property=\"og:locale\" content=\"en_US\" \/>\n<meta property=\"og:type\" content=\"article\" \/>\n<meta property=\"og:title\" content=\"Stradner: Kina ka nj\u00eb pik\u00ebmb\u00ebshtetje ushtarake n\u00eb Evrop\u00eb p\u00ebrmes Vu\u00e7iqit - Kosova Times\" \/>\n<meta property=\"og:description\" content=\"Analistja dhe ekspertja amerikane e siguris\u00eb, Ivana Stradner, ka ngritur shqet\u00ebsime p\u00ebr rritjen e bashk\u00ebpunimit ushtarak mes Kin\u00ebs dhe Serbis\u00eb. N\u00eb nj\u00eb reagim, Stradner ka deklaruar se Kina ka krijuar nj\u00eb \u201cpik\u00ebmb\u00ebshtetje ushtarake n\u00eb Evrop\u00eb p\u00ebrmes Vu\u00e7iqit\u201d, duke iu referuar presidentit serb, Aleksandar Vu\u00e7iq. \u201cKina ka nj\u00eb pik\u00ebmb\u00ebshtetje ushtarake n\u00eb Evrop\u00eb p\u00ebrmes Vu\u00e7iqit. Kina gjithashtu [&hellip;]\" \/>\n<meta property=\"og:url\" content=\"https:\/\/kosovatimes.info\/index.php\/2026\/09\/01\/stradner-kina-ka-nje-pikembeshtetje-ushtarake-ne-evrope-permes-vuciqit\/\" \/>\n<meta property=\"og:site_name\" content=\"Kosova Times\" \/>\n<meta property=\"article:published_time\" content=\"2026-09-01T20:13:00+00:00\" \/>\n<meta property=\"article:modified_time\" content=\"2026-09-01T21:17:46+00:00\" \/>\n<meta property=\"og:image\" content=\"https:\/\/kosovatimes.info\/wp-content\/uploads\/2026\/09\/Stradner.jpg\" \/>\n\t<meta property=\"og:image:width\" content=\"780\" \/>\n\t<meta property=\"og:image:height\" content=\"500\" \/>\n\t<meta property=\"og:image:type\" content=\"image\/jpeg\" \/>\n<meta name=\"author\" content=\"i l\" \/>\n<meta name=\"twitter:card\" content=\"summary_large_image\" \/>\n<meta name=\"twitter:label1\" content=\"Written by\" \/>\n\t<meta name=\"twitter:data1\" content=\"i l\" \/>\n\t<meta name=\"twitter:label2\" content=\"Est. reading time\" \/>\n\t<meta name=\"twitter:data2\" content=\"1 minute\" \/>\n<script type=\"application\/ld+json\" class=\"yoast-schema-graph\">{\"@context\":\"https:\\\/\\\/schema.org\",\"@graph\":[{\"@type\":\"Article\",\"@id\":\"https:\\\/\\\/kosovatimes.info\\\/index.php\\\/2026\\\/09\\\/01\\\/stradner-kina-ka-nje-pikembeshtetje-ushtarake-ne-evrope-permes-vuciqit\\\/#article\",\"isPartOf\":{\"@id\":\"https:\\\/\\\/kosovatimes.info\\\/index.php\\\/2026\\\/09\\\/01\\\/stradner-kina-ka-nje-pikembeshtetje-ushtarake-ne-evrope-permes-vuciqit\\\/\"},\"author\":{\"name\":\"i l\",\"@id\":\"https:\\\/\\\/kosovatimes.info\\\/#\\\/schema\\\/person\\\/7586712b9c512fe68085de007378c915\"},\"headline\":\"Stradner: Kina ka nj\u00eb pik\u00ebmb\u00ebshtetje ushtarake n\u00eb Evrop\u00eb p\u00ebrmes Vu\u00e7iqit\",\"datePublished\":\"2026-09-01T20:13:00+00:00\",\"dateModified\":\"2026-09-01T21:17:46+00:00\",\"mainEntityOfPage\":{\"@id\":\"https:\\\/\\\/kosovatimes.info\\\/index.php\\\/2026\\\/09\\\/01\\\/stradner-kina-ka-nje-pikembeshtetje-ushtarake-ne-evrope-permes-vuciqit\\\/\"},\"wordCount\":106,\"commentCount\":0,\"image\":{\"@id\":\"https:\\\/\\\/kosovatimes.info\\\/index.php\\\/2026\\\/09\\\/01\\\/stradner-kina-ka-nje-pikembeshtetje-ushtarake-ne-evrope-permes-vuciqit\\\/#primaryimage\"},\"thumbnailUrl\":\"https:\\\/\\\/kosovatimes.info\\\/wp-content\\\/uploads\\\/2026\\\/09\\\/Stradner.jpg\",\"articleSection\":[\"Lajme\",\"Rajon\"],\"inLanguage\":\"en-US\",\"potentialAction\":[{\"@type\":\"CommentAction\",\"name\":\"Comment\",\"target\":[\"https:\\\/\\\/kosovatimes.info\\\/index.php\\\/2026\\\/09\\\/01\\\/stradner-kina-ka-nje-pikembeshtetje-ushtarake-ne-evrope-permes-vuciqit\\\/#respond\"]}]},{\"@type\":\"WebPage\",\"@id\":\"https:\\\/\\\/kosovatimes.info\\\/index.php\\\/2026\\\/09\\\/01\\\/stradner-kina-ka-nje-pikembeshtetje-ushtarake-ne-evrope-permes-vuciqit\\\/\",\"url\":\"https:\\\/\\\/kosovatimes.info\\\/index.php\\\/2026\\\/09\\\/01\\\/stradner-kina-ka-nje-pikembeshtetje-ushtarake-ne-evrope-permes-vuciqit\\\/\",\"name\":\"Stradner: Kina ka nj\u00eb pik\u00ebmb\u00ebshtetje ushtarake n\u00eb Evrop\u00eb p\u00ebrmes Vu\u00e7iqit - Kosova Times\",\"isPartOf\":{\"@id\":\"https:\\\/\\\/kosovatimes.info\\\/#website\"},\"primaryImageOfPage\":{\"@id\":\"https:\\\/\\\/kosovatimes.info\\\/index.php\\\/2026\\\/09\\\/01\\\/stradner-kina-ka-nje-pikembeshtetje-ushtarake-ne-evrope-permes-vuciqit\\\/#primaryimage\"},\"image\":{\"@id\":\"https:\\\/\\\/kosovatimes.info\\\/index.php\\\/2026\\\/09\\\/01\\\/stradner-kina-ka-nje-pikembeshtetje-ushtarake-ne-evrope-permes-vuciqit\\\/#primaryimage\"},\"thumbnailUrl\":\"https:\\\/\\\/kosovatimes.info\\\/wp-content\\\/uploads\\\/2026\\\/09\\\/Stradner.jpg\",\"datePublished\":\"2026-09-01T20:13:00+00:00\",\"dateModified\":\"2026-09-01T21:17:46+00:00\",\"author\":{\"@id\":\"https:\\\/\\\/kosovatimes.info\\\/#\\\/schema\\\/person\\\/7586712b9c512fe68085de007378c915\"},\"breadcrumb\":{\"@id\":\"https:\\\/\\\/kosovatimes.info\\\/index.php\\\/2026\\\/09\\\/01\\\/stradner-kina-ka-nje-pikembeshtetje-ushtarake-ne-evrope-permes-vuciqit\\\/#breadcrumb\"},\"inLanguage\":\"en-US\",\"potentialAction\":[{\"@type\":\"ReadAction\",\"target\":[\"https:\\\/\\\/kosovatimes.info\\\/index.php\\\/2026\\\/09\\\/01\\\/stradner-kina-ka-nje-pikembeshtetje-ushtarake-ne-evrope-permes-vuciqit\\\/\"]}]},{\"@type\":\"ImageObject\",\"inLanguage\":\"en-US\",\"@id\":\"https:\\\/\\\/kosovatimes.info\\\/index.php\\\/2026\\\/09\\\/01\\\/stradner-kina-ka-nje-pikembeshtetje-ushtarake-ne-evrope-permes-vuciqit\\\/#primaryimage\",\"url\":\"https:\\\/\\\/kosovatimes.info\\\/wp-content\\\/uploads\\\/2026\\\/09\\\/Stradner.jpg\",\"contentUrl\":\"https:\\\/\\\/kosovatimes.info\\\/wp-content\\\/uploads\\\/2026\\\/09\\\/Stradner.jpg\",\"width\":780,\"height\":500},{\"@type\":\"BreadcrumbList\",\"@id\":\"https:\\\/\\\/kosovatimes.info\\\/index.php\\\/2026\\\/09\\\/01\\\/stradner-kina-ka-nje-pikembeshtetje-ushtarake-ne-evrope-permes-vuciqit\\\/#breadcrumb\",\"itemListElement\":[{\"@type\":\"ListItem\",\"position\":1,\"name\":\"Home\",\"item\":\"https:\\\/\\\/kosovatimes.info\\\/\"},{\"@type\":\"ListItem\",\"position\":2,\"name\":\"Stradner: Kina ka nj\u00eb pik\u00ebmb\u00ebshtetje ushtarake n\u00eb Evrop\u00eb p\u00ebrmes Vu\u00e7iqit\"}]},{\"@type\":\"WebSite\",\"@id\":\"https:\\\/\\\/kosovatimes.info\\\/#website\",\"url\":\"https:\\\/\\\/kosovatimes.info\\\/\",\"name\":\"Kosova Times\",\"description\":\"\",\"potentialAction\":[{\"@type\":\"SearchAction\",\"target\":{\"@type\":\"EntryPoint\",\"urlTemplate\":\"https:\\\/\\\/kosovatimes.info\\\/?s={search_term_string}\"},\"query-input\":{\"@type\":\"PropertyValueSpecification\",\"valueRequired\":true,\"valueName\":\"search_term_string\"}}],\"inLanguage\":\"en-US\"},{\"@type\":\"Person\",\"@id\":\"https:\\\/\\\/kosovatimes.info\\\/#\\\/schema\\\/person\\\/7586712b9c512fe68085de007378c915\",\"name\":\"i l\",\"image\":{\"@type\":\"ImageObject\",\"inLanguage\":\"en-US\",\"@id\":\"https:\\\/\\\/secure.gravatar.com\\\/avatar\\\/bad9296e02816160ae2e2435beda58222022298d5625d49fea74d18816fbb31d?s=96&d=mm&r=g\",\"url\":\"https:\\\/\\\/secure.gravatar.com\\\/avatar\\\/bad9296e02816160ae2e2435beda58222022298d5625d49fea74d18816fbb31d?s=96&d=mm&r=g\",\"contentUrl\":\"https:\\\/\\\/secure.gravatar.com\\\/avatar\\\/bad9296e02816160ae2e2435beda58222022298d5625d49fea74d18816fbb31d?s=96&d=mm&r=g\",\"caption\":\"i l\"},\"url\":\"https:\\\/\\\/kosovatimes.info\\\/index.php\\\/author\\\/iliri\\\/\"}]}<\/script>\n<!-- \/ Yoast SEO plugin. -->","yoast_head_json":{"title":"Stradner: Kina ka nj\u00eb pik\u00ebmb\u00ebshtetje ushtarake n\u00eb Evrop\u00eb p\u00ebrmes Vu\u00e7iqit - Kosova Times","robots":{"index":"index","follow":"follow","max-snippet":"max-snippet:-1","max-image-preview":"max-image-preview:large","max-video-preview":"max-video-preview:-1"},"canonical":"https:\/\/kosovatimes.info\/index.php\/2026\/09\/01\/stradner-kina-ka-nje-pikembeshtetje-ushtarake-ne-evrope-permes-vuciqit\/","og_locale":"en_US","og_type":"article","og_title":"Stradner: Kina ka nj\u00eb pik\u00ebmb\u00ebshtetje ushtarake n\u00eb Evrop\u00eb p\u00ebrmes Vu\u00e7iqit - Kosova Times","og_description":"Analistja dhe ekspertja amerikane e siguris\u00eb, Ivana Stradner, ka ngritur shqet\u00ebsime p\u00ebr rritjen e bashk\u00ebpunimit ushtarak mes Kin\u00ebs dhe Serbis\u00eb. N\u00eb nj\u00eb reagim, Stradner ka deklaruar se Kina ka krijuar nj\u00eb \u201cpik\u00ebmb\u00ebshtetje ushtarake n\u00eb Evrop\u00eb p\u00ebrmes Vu\u00e7iqit\u201d, duke iu referuar presidentit serb, Aleksandar Vu\u00e7iq. \u201cKina ka nj\u00eb pik\u00ebmb\u00ebshtetje ushtarake n\u00eb Evrop\u00eb p\u00ebrmes Vu\u00e7iqit. Kina gjithashtu [&hellip;]","og_url":"https:\/\/kosovatimes.info\/index.php\/2026\/09\/01\/stradner-kina-ka-nje-pikembeshtetje-ushtarake-ne-evrope-permes-vuciqit\/","og_site_name":"Kosova Times","article_published_time":"2026-09-01T20:13:00+00:00","article_modified_time":"2026-09-01T21:17:46+00:00","og_image":[{"width":780,"height":500,"url":"https:\/\/kosovatimes.info\/wp-content\/uploads\/2026\/09\/Stradner.jpg","type":"image\/jpeg"}],"author":"i l","twitter_card":"summary_large_image","twitter_misc":{"Written by":"i l","Est. reading time":"1 minute"},"schema":{"@context":"https:\/\/schema.org","@graph":[{"@type":"Article","@id":"https:\/\/kosovatimes.info\/index.php\/2026\/09\/01\/stradner-kina-ka-nje-pikembeshtetje-ushtarake-ne-evrope-permes-vuciqit\/#article","isPartOf":{"@id":"https:\/\/kosovatimes.info\/index.php\/2026\/09\/01\/stradner-kina-ka-nje-pikembeshtetje-ushtarake-ne-evrope-permes-vuciqit\/"},"author":{"name":"i l","@id":"https:\/\/kosovatimes.info\/#\/schema\/person\/7586712b9c512fe68085de007378c915"},"headline":"Stradner: Kina ka nj\u00eb pik\u00ebmb\u00ebshtetje ushtarake n\u00eb Evrop\u00eb p\u00ebrmes Vu\u00e7iqit","datePublished":"2026-09-01T20:13:00+00:00","dateModified":"2026-09-01T21:17:46+00:00","mainEntityOfPage":{"@id":"https:\/\/kosovatimes.info\/index.php\/2026\/09\/01\/stradner-kina-ka-nje-pikembeshtetje-ushtarake-ne-evrope-permes-vuciqit\/"},"wordCount":106,"commentCount":0,"image":{"@id":"https:\/\/kosovatimes.info\/index.php\/2026\/09\/01\/stradner-kina-ka-nje-pikembeshtetje-ushtarake-ne-evrope-permes-vuciqit\/#primaryimage"},"thumbnailUrl":"https:\/\/kosovatimes.info\/wp-content\/uploads\/2026\/09\/Stradner.jpg","articleSection":["Lajme","Rajon"],"inLanguage":"en-US","potentialAction":[{"@type":"CommentAction","name":"Comment","target":["https:\/\/kosovatimes.info\/index.php\/2026\/09\/01\/stradner-kina-ka-nje-pikembeshtetje-ushtarake-ne-evrope-permes-vuciqit\/#respond"]}]},{"@type":"WebPage","@id":"https:\/\/kosovatimes.info\/index.php\/2026\/09\/01\/stradner-kina-ka-nje-pikembeshtetje-ushtarake-ne-evrope-permes-vuciqit\/","url":"https:\/\/kosovatimes.info\/index.php\/2026\/09\/01\/stradner-kina-ka-nje-pikembeshtetje-ushtarake-ne-evrope-permes-vuciqit\/","name":"Stradner: Kina ka nj\u00eb pik\u00ebmb\u00ebshtetje ushtarake n\u00eb Evrop\u00eb p\u00ebrmes Vu\u00e7iqit - Kosova Times","isPartOf":{"@id":"https:\/\/kosovatimes.info\/#website"},"primaryImageOfPage":{"@id":"https:\/\/kosovatimes.info\/index.php\/2026\/09\/01\/stradner-kina-ka-nje-pikembeshtetje-ushtarake-ne-evrope-permes-vuciqit\/#primaryimage"},"image":{"@id":"https:\/\/kosovatimes.info\/index.php\/2026\/09\/01\/stradner-kina-ka-nje-pikembeshtetje-ushtarake-ne-evrope-permes-vuciqit\/#primaryimage"},"thumbnailUrl":"https:\/\/kosovatimes.info\/wp-content\/uploads\/2026\/09\/Stradner.jpg","datePublished":"2026-09-01T20:13:00+00:00","dateModified":"2026-09-01T21:17:46+00:00","author":{"@id":"https:\/\/kosovatimes.info\/#\/schema\/person\/7586712b9c512fe68085de007378c915"},"breadcrumb":{"@id":"https:\/\/kosovatimes.info\/index.php\/2026\/09\/01\/stradner-kina-ka-nje-pikembeshtetje-ushtarake-ne-evrope-permes-vuciqit\/#breadcrumb"},"inLanguage":"en-US","potentialAction":[{"@type":"ReadAction","target":["https:\/\/kosovatimes.info\/index.php\/2026\/09\/01\/stradner-kina-ka-nje-pikembeshtetje-ushtarake-ne-evrope-permes-vuciqit\/"]}]},{"@type":"ImageObject","inLanguage":"en-US","@id":"https:\/\/kosovatimes.info\/index.php\/2026\/09\/01\/stradner-kina-ka-nje-pikembeshtetje-ushtarake-ne-evrope-permes-vuciqit\/#primaryimage","url":"https:\/\/kosovatimes.info\/wp-content\/uploads\/2026\/09\/Stradner.jpg","contentUrl":"https:\/\/kosovatimes.info\/wp-content\/uploads\/2026\/09\/Stradner.jpg","width":780,"height":500},{"@type":"BreadcrumbList","@id":"https:\/\/kosovatimes.info\/index.php\/2026\/09\/01\/stradner-kina-ka-nje-pikembeshtetje-ushtarake-ne-evrope-permes-vuciqit\/#breadcrumb","itemListElement":[{"@type":"ListItem","position":1,"name":"Home","item":"https:\/\/kosovatimes.info\/"},{"@type":"ListItem","position":2,"name":"Stradner: Kina ka nj\u00eb pik\u00ebmb\u00ebshtetje ushtarake n\u00eb Evrop\u00eb p\u00ebrmes Vu\u00e7iqit"}]},{"@type":"WebSite","@id":"https:\/\/kosovatimes.info\/#website","url":"https:\/\/kosovatimes.info\/","name":"Kosova Times","description":"","potentialAction":[{"@type":"SearchAction","target":{"@type":"EntryPoint","urlTemplate":"https:\/\/kosovatimes.info\/?s={search_term_string}"},"query-input":{"@type":"PropertyValueSpecification","valueRequired":true,"valueName":"search_term_string"}}],"inLanguage":"en-US"},{"@type":"Person","@id":"https:\/\/kosovatimes.info\/#\/schema\/person\/7586712b9c512fe68085de007378c915","name":"i l","image":{"@type":"ImageObject","inLanguage":"en-US","@id":"https:\/\/secure.gravatar.com\/avatar\/bad9296e02816160ae2e2435beda58222022298d5625d49fea74d18816fbb31d?s=96&d=mm&r=g","url":"https:\/\/secure.gravatar.com\/avatar\/bad9296e02816160ae2e2435beda58222022298d5625d49fea74d18816fbb31d?s=96&d=mm&r=g","contentUrl":"https:\/\/secure.gravatar.com\/avatar\/bad9296e02816160ae2e2435beda58222022298d5625d49fea74d18816fbb31d?s=96&d=mm&r=g","caption":"i l"},"url":"https:\/\/kosovatimes.info\/index.php\/author\/iliri\/"}]}},"_links":{"self":[{"href":"https:\/\/kosovatimes.info\/index.php\/wp-json\/wp\/v2\/posts\/30502","targetHints":{"allow":["GET"]}}],"collection":[{"href":"https:\/\/kosovatimes.info\/index.php\/wp-json\/wp\/v2\/posts"}],"about":[{"href":"https:\/\/kosovatimes.info\/index.php\/wp-json\/wp\/v2\/types\/post"}],"author":[{"embeddable":true,"href":"https:\/\/kosovatimes.info\/index.php\/wp-json\/wp\/v2\/users\/4"}],"replies":[{"embeddable":true,"href":"https:\/\/kosovatimes.info\/index.php\/wp-json\/wp\/v2\/comments?post=30502"}],"version-history":[{"count":1,"href":"https:\/\/kosovatimes.info\/index.php\/wp-json\/wp\/v2\/posts\/30502\/revisions"}],"predecessor-version":[{"id":30504,"href":"https:\/\/kosovatimes.info\/index.php\/wp-json\/wp\/v2\/posts\/30502\/revisions\/30504"}],"wp:featuredmedia":[{"embeddable":true,"href":"https:\/\/kosovatimes.info\/index.php\/wp-json\/wp\/v2\/media\/30503"}],"wp:attachment":[{"href":"https:\/\/kosovatimes.info\/index.php\/wp-json\/wp\/v2\/media?parent=30502"}],"wp:term":[{"taxonomy":"category","embeddable":true,"href":"https:\/\/kosovatimes.info\/index.php\/wp-json\/wp\/v2\/categories?post=30502"},{"taxonomy":"post_tag","embeddable":true,"href":"https:\/\/kosovatimes.info\/index.php\/wp-json\/wp\/v2\/tags?post=30502"}],"curies":[{"name":"wp","href":"https:\/\/api.w.org\/{rel}","templated":true}]}}