{"id":30514,"date":"2026-09-01T19:18:00","date_gmt":"2026-09-01T17:18:00","guid":{"rendered":"https:\/\/kosovatimes.info\/?p=30514"},"modified":"2026-09-01T23:22:01","modified_gmt":"2026-09-01T21:22:01","slug":"nagavci-refuzimi-i-sejdiut-per-president-nuk-eshte-ne-interes-te-qytetareve","status":"publish","type":"post","link":"https:\/\/kosovatimes.info\/index.php\/2026\/09\/01\/nagavci-refuzimi-i-sejdiut-per-president-nuk-eshte-ne-interes-te-qytetareve\/","title":{"rendered":"Nagavci: Refuzimi i Sejdiut p\u00ebr president nuk \u00ebsht\u00eb n\u00eb interes t\u00eb qytetar\u00ebve"},"content":{"rendered":"\n<p class=\"wp-block-paragraph\"><strong>Para takimit t\u00eb Grupit Parlamentar t\u00eb VV-s\u00eb, deputetja Arb\u00ebrie Nagavci ka komentuar kund\u00ebrshtimin e gjasht\u00eb deputet\u00ebve t\u00eb LDK-s\u00eb ndaj kandidatur\u00ebs s\u00eb Bekim Sejdiut p\u00ebr president, duke th\u00ebn\u00eb se refuzimi i nj\u00eb propozimi q\u00eb synon shmangien e zgjedhjeve t\u00eb reja dhe konsolidimin e institucioneve nuk \u00ebsht\u00eb vendim i duhur dhe nuk \u00ebsht\u00eb n\u00eb interes t\u00eb qytetar\u00ebve.<\/strong><\/p>\n\n\n\n<p class=\"wp-block-paragraph\">\u201cNuk kam arritur t\u2019i p\u00ebrcjell, sepse kam pasur angazhime. Gjithsesi, konsideroj q\u00eb t\u2019i thuhet jo nj\u00eb propozimi t\u00eb p\u00ebrbashk\u00ebt, i cili ka p\u00ebr q\u00ebllim shmangien e zgjedhjeve t\u00eb reja dhe konsolidimin e institucioneve, nuk \u00ebsht\u00eb nj\u00eb vendim i duhur dhe n\u00eb interes t\u00eb qytetar\u00ebve t\u00eb Republik\u00ebs s\u00eb Kosov\u00ebs\u201d, tha Nagavci.<\/p>\n\n\n\n<p class=\"wp-block-paragraph\">E pyetur n\u00ebse do t\u00eb ket\u00eb p\u00ebrpjekje p\u00ebr t\u00eb siguruar mb\u00ebshtetje nga partit\u00eb e tjera, p\u00ebrfshir\u00eb AAK-n\u00eb, Nagavci tha:<\/p>\n\n\n\n<p class=\"wp-block-paragraph\">\u201cJu i dini q\u00ebndrimet edhe t\u00eb Aleanc\u00ebs, edhe t\u00eb PDK-s\u00eb. Gjithsesi, pres dhe besoj q\u00eb secili deputet i Kuvendit t\u00eb Republik\u00ebs s\u00eb Kosov\u00ebs do t\u00eb jet\u00eb n\u00eb nivel t\u00eb p\u00ebrgjegj\u00ebsive q\u00eb ia kan\u00eb besuar qytetar\u00ebt dhe t\u00eb b\u00ebj\u00eb gjith\u00e7ka q\u00eb \u00ebsht\u00eb n\u00eb mandatin e tij apo saj q\u00eb, p\u00ebrfundimisht, t\u00eb dilet nga ky ng\u00ebr\u00e7 politik, t\u00eb konstituohen institucionet dhe t\u00eb vazhdojm\u00eb pun\u00ebn n\u00eb t\u00eb gjitha nivelet, dometh\u00ebn\u00eb edhe n\u00eb Kuvend dhe n\u00eb Qeveri, edhe n\u00eb Presidenc\u00eb, me mandate t\u00eb plota, me kandidat\u00ebt q\u00eb kan\u00eb marr\u00eb besimin e qytetar\u00ebve.\u201d<\/p>\n\n\n\n<p class=\"wp-block-paragraph\">Nagavci tha se mos thirrja e seanc\u00ebs gjat\u00eb k\u00ebtyre dit\u00ebve ka pasur p\u00ebr q\u00ebllim t\u2019u jepet hap\u00ebsir\u00eb diskutimeve dhe gjetjes s\u00eb nj\u00eb zgjidhjeje p\u00ebr presidentin.<\/p>\n\n\n\n<p class=\"wp-block-paragraph\">\u201cJu e dini q\u00eb mos thirrja e seanc\u00ebs gjat\u00eb k\u00ebtyre dit\u00ebve ka qen\u00eb n\u00eb tentimin ton\u00eb p\u00ebr t\u2019u dh\u00ebn\u00eb rrug\u00eb diskutimeve dhe gjetjes s\u00eb zgjidhjes s\u00eb presidentit, sepse thirrja e seanc\u00ebs pa nj\u00eb marr\u00ebveshje paraprake, faktikisht, \u00e7on deri te zgjedhje t\u00eb reja, gj\u00eb q\u00eb ne kemi synuar me \u00e7do kusht ta shmangim&#8221;, deklaoi ajo.<\/p>\n","protected":false},"excerpt":{"rendered":"<p>Para takimit t\u00eb Grupit Parlamentar t\u00eb VV-s\u00eb, deputetja Arb\u00ebrie Nagavci ka komentuar kund\u00ebrshtimin e gjasht\u00eb deputet\u00ebve t\u00eb LDK-s\u00eb ndaj kandidatur\u00ebs s\u00eb Bekim Sejdiut p\u00ebr president, duke th\u00ebn\u00eb se refuzimi i nj\u00eb propozimi q\u00eb synon shmangien e zgjedhjeve t\u00eb reja dhe konsolidimin e institucioneve nuk \u00ebsht\u00eb vendim i duhur dhe nuk \u00ebsht\u00eb n\u00eb interes t\u00eb qytetar\u00ebve. [&hellip;]<\/p>\n","protected":false},"author":4,"featured_media":30515,"comment_status":"open","ping_status":"open","sticky":false,"template":"","format":"standard","meta":{"footnotes":""},"categories":[31,30],"tags":[],"class_list":["post-30514","post","type-post","status-publish","format-standard","has-post-thumbnail","category-kosove","category-lajme"],"yoast_head":"<!-- This site is optimized with the Yoast SEO plugin v27.4 - https:\/\/yoast.com\/product\/yoast-seo-wordpress\/ -->\n<title>Nagavci: Refuzimi i Sejdiut p\u00ebr president nuk \u00ebsht\u00eb n\u00eb interes t\u00eb qytetar\u00ebve - Kosova Times<\/title>\n<meta name=\"robots\" content=\"index, follow, max-snippet:-1, max-image-preview:large, max-video-preview:-1\" \/>\n<link rel=\"canonical\" href=\"https:\/\/kosovatimes.info\/index.php\/2026\/09\/01\/nagavci-refuzimi-i-sejdiut-per-president-nuk-eshte-ne-interes-te-qytetareve\/\" \/>\n<meta property=\"og:locale\" content=\"en_US\" \/>\n<meta property=\"og:type\" content=\"article\" \/>\n<meta property=\"og:title\" content=\"Nagavci: Refuzimi i Sejdiut p\u00ebr president nuk \u00ebsht\u00eb n\u00eb interes t\u00eb qytetar\u00ebve - Kosova Times\" \/>\n<meta property=\"og:description\" content=\"Para takimit t\u00eb Grupit Parlamentar t\u00eb VV-s\u00eb, deputetja Arb\u00ebrie Nagavci ka komentuar kund\u00ebrshtimin e gjasht\u00eb deputet\u00ebve t\u00eb LDK-s\u00eb ndaj kandidatur\u00ebs s\u00eb Bekim Sejdiut p\u00ebr president, duke th\u00ebn\u00eb se refuzimi i nj\u00eb propozimi q\u00eb synon shmangien e zgjedhjeve t\u00eb reja dhe konsolidimin e institucioneve nuk \u00ebsht\u00eb vendim i duhur dhe nuk \u00ebsht\u00eb n\u00eb interes t\u00eb qytetar\u00ebve. [&hellip;]\" \/>\n<meta property=\"og:url\" content=\"https:\/\/kosovatimes.info\/index.php\/2026\/09\/01\/nagavci-refuzimi-i-sejdiut-per-president-nuk-eshte-ne-interes-te-qytetareve\/\" \/>\n<meta property=\"og:site_name\" content=\"Kosova Times\" \/>\n<meta property=\"article:published_time\" content=\"2026-09-01T17:18:00+00:00\" \/>\n<meta property=\"article:modified_time\" content=\"2026-09-01T21:22:01+00:00\" \/>\n<meta property=\"og:image\" content=\"https:\/\/kosovatimes.info\/wp-content\/uploads\/2026\/09\/Nagavci.jpg\" \/>\n\t<meta property=\"og:image:width\" content=\"780\" \/>\n\t<meta property=\"og:image:height\" content=\"500\" \/>\n\t<meta property=\"og:image:type\" content=\"image\/jpeg\" \/>\n<meta name=\"author\" content=\"i l\" \/>\n<meta name=\"twitter:card\" content=\"summary_large_image\" \/>\n<meta name=\"twitter:label1\" content=\"Written by\" \/>\n\t<meta name=\"twitter:data1\" content=\"i l\" \/>\n\t<meta name=\"twitter:label2\" content=\"Est. reading time\" \/>\n\t<meta name=\"twitter:data2\" content=\"2 minutes\" \/>\n<script type=\"application\/ld+json\" class=\"yoast-schema-graph\">{\"@context\":\"https:\\\/\\\/schema.org\",\"@graph\":[{\"@type\":\"Article\",\"@id\":\"https:\\\/\\\/kosovatimes.info\\\/index.php\\\/2026\\\/09\\\/01\\\/nagavci-refuzimi-i-sejdiut-per-president-nuk-eshte-ne-interes-te-qytetareve\\\/#article\",\"isPartOf\":{\"@id\":\"https:\\\/\\\/kosovatimes.info\\\/index.php\\\/2026\\\/09\\\/01\\\/nagavci-refuzimi-i-sejdiut-per-president-nuk-eshte-ne-interes-te-qytetareve\\\/\"},\"author\":{\"name\":\"i l\",\"@id\":\"https:\\\/\\\/kosovatimes.info\\\/#\\\/schema\\\/person\\\/7586712b9c512fe68085de007378c915\"},\"headline\":\"Nagavci: Refuzimi i Sejdiut p\u00ebr president nuk \u00ebsht\u00eb n\u00eb interes t\u00eb qytetar\u00ebve\",\"datePublished\":\"2026-09-01T17:18:00+00:00\",\"dateModified\":\"2026-09-01T21:22:01+00:00\",\"mainEntityOfPage\":{\"@id\":\"https:\\\/\\\/kosovatimes.info\\\/index.php\\\/2026\\\/09\\\/01\\\/nagavci-refuzimi-i-sejdiut-per-president-nuk-eshte-ne-interes-te-qytetareve\\\/\"},\"wordCount\":358,\"commentCount\":0,\"image\":{\"@id\":\"https:\\\/\\\/kosovatimes.info\\\/index.php\\\/2026\\\/09\\\/01\\\/nagavci-refuzimi-i-sejdiut-per-president-nuk-eshte-ne-interes-te-qytetareve\\\/#primaryimage\"},\"thumbnailUrl\":\"https:\\\/\\\/kosovatimes.info\\\/wp-content\\\/uploads\\\/2026\\\/09\\\/Nagavci.jpg\",\"articleSection\":[\"Kosov\u00eb\",\"Lajme\"],\"inLanguage\":\"en-US\",\"potentialAction\":[{\"@type\":\"CommentAction\",\"name\":\"Comment\",\"target\":[\"https:\\\/\\\/kosovatimes.info\\\/index.php\\\/2026\\\/09\\\/01\\\/nagavci-refuzimi-i-sejdiut-per-president-nuk-eshte-ne-interes-te-qytetareve\\\/#respond\"]}]},{\"@type\":\"WebPage\",\"@id\":\"https:\\\/\\\/kosovatimes.info\\\/index.php\\\/2026\\\/09\\\/01\\\/nagavci-refuzimi-i-sejdiut-per-president-nuk-eshte-ne-interes-te-qytetareve\\\/\",\"url\":\"https:\\\/\\\/kosovatimes.info\\\/index.php\\\/2026\\\/09\\\/01\\\/nagavci-refuzimi-i-sejdiut-per-president-nuk-eshte-ne-interes-te-qytetareve\\\/\",\"name\":\"Nagavci: Refuzimi i Sejdiut p\u00ebr president nuk \u00ebsht\u00eb n\u00eb interes t\u00eb qytetar\u00ebve - Kosova Times\",\"isPartOf\":{\"@id\":\"https:\\\/\\\/kosovatimes.info\\\/#website\"},\"primaryImageOfPage\":{\"@id\":\"https:\\\/\\\/kosovatimes.info\\\/index.php\\\/2026\\\/09\\\/01\\\/nagavci-refuzimi-i-sejdiut-per-president-nuk-eshte-ne-interes-te-qytetareve\\\/#primaryimage\"},\"image\":{\"@id\":\"https:\\\/\\\/kosovatimes.info\\\/index.php\\\/2026\\\/09\\\/01\\\/nagavci-refuzimi-i-sejdiut-per-president-nuk-eshte-ne-interes-te-qytetareve\\\/#primaryimage\"},\"thumbnailUrl\":\"https:\\\/\\\/kosovatimes.info\\\/wp-content\\\/uploads\\\/2026\\\/09\\\/Nagavci.jpg\",\"datePublished\":\"2026-09-01T17:18:00+00:00\",\"dateModified\":\"2026-09-01T21:22:01+00:00\",\"author\":{\"@id\":\"https:\\\/\\\/kosovatimes.info\\\/#\\\/schema\\\/person\\\/7586712b9c512fe68085de007378c915\"},\"breadcrumb\":{\"@id\":\"https:\\\/\\\/kosovatimes.info\\\/index.php\\\/2026\\\/09\\\/01\\\/nagavci-refuzimi-i-sejdiut-per-president-nuk-eshte-ne-interes-te-qytetareve\\\/#breadcrumb\"},\"inLanguage\":\"en-US\",\"potentialAction\":[{\"@type\":\"ReadAction\",\"target\":[\"https:\\\/\\\/kosovatimes.info\\\/index.php\\\/2026\\\/09\\\/01\\\/nagavci-refuzimi-i-sejdiut-per-president-nuk-eshte-ne-interes-te-qytetareve\\\/\"]}]},{\"@type\":\"ImageObject\",\"inLanguage\":\"en-US\",\"@id\":\"https:\\\/\\\/kosovatimes.info\\\/index.php\\\/2026\\\/09\\\/01\\\/nagavci-refuzimi-i-sejdiut-per-president-nuk-eshte-ne-interes-te-qytetareve\\\/#primaryimage\",\"url\":\"https:\\\/\\\/kosovatimes.info\\\/wp-content\\\/uploads\\\/2026\\\/09\\\/Nagavci.jpg\",\"contentUrl\":\"https:\\\/\\\/kosovatimes.info\\\/wp-content\\\/uploads\\\/2026\\\/09\\\/Nagavci.jpg\",\"width\":780,\"height\":500},{\"@type\":\"BreadcrumbList\",\"@id\":\"https:\\\/\\\/kosovatimes.info\\\/index.php\\\/2026\\\/09\\\/01\\\/nagavci-refuzimi-i-sejdiut-per-president-nuk-eshte-ne-interes-te-qytetareve\\\/#breadcrumb\",\"itemListElement\":[{\"@type\":\"ListItem\",\"position\":1,\"name\":\"Home\",\"item\":\"https:\\\/\\\/kosovatimes.info\\\/\"},{\"@type\":\"ListItem\",\"position\":2,\"name\":\"Nagavci: Refuzimi i Sejdiut p\u00ebr president nuk \u00ebsht\u00eb n\u00eb interes t\u00eb qytetar\u00ebve\"}]},{\"@type\":\"WebSite\",\"@id\":\"https:\\\/\\\/kosovatimes.info\\\/#website\",\"url\":\"https:\\\/\\\/kosovatimes.info\\\/\",\"name\":\"Kosova Times\",\"description\":\"\",\"potentialAction\":[{\"@type\":\"SearchAction\",\"target\":{\"@type\":\"EntryPoint\",\"urlTemplate\":\"https:\\\/\\\/kosovatimes.info\\\/?s={search_term_string}\"},\"query-input\":{\"@type\":\"PropertyValueSpecification\",\"valueRequired\":true,\"valueName\":\"search_term_string\"}}],\"inLanguage\":\"en-US\"},{\"@type\":\"Person\",\"@id\":\"https:\\\/\\\/kosovatimes.info\\\/#\\\/schema\\\/person\\\/7586712b9c512fe68085de007378c915\",\"name\":\"i l\",\"image\":{\"@type\":\"ImageObject\",\"inLanguage\":\"en-US\",\"@id\":\"https:\\\/\\\/secure.gravatar.com\\\/avatar\\\/bad9296e02816160ae2e2435beda58222022298d5625d49fea74d18816fbb31d?s=96&d=mm&r=g\",\"url\":\"https:\\\/\\\/secure.gravatar.com\\\/avatar\\\/bad9296e02816160ae2e2435beda58222022298d5625d49fea74d18816fbb31d?s=96&d=mm&r=g\",\"contentUrl\":\"https:\\\/\\\/secure.gravatar.com\\\/avatar\\\/bad9296e02816160ae2e2435beda58222022298d5625d49fea74d18816fbb31d?s=96&d=mm&r=g\",\"caption\":\"i l\"},\"url\":\"https:\\\/\\\/kosovatimes.info\\\/index.php\\\/author\\\/iliri\\\/\"}]}<\/script>\n<!-- \/ Yoast SEO plugin. -->","yoast_head_json":{"title":"Nagavci: Refuzimi i Sejdiut p\u00ebr president nuk \u00ebsht\u00eb n\u00eb interes t\u00eb qytetar\u00ebve - Kosova Times","robots":{"index":"index","follow":"follow","max-snippet":"max-snippet:-1","max-image-preview":"max-image-preview:large","max-video-preview":"max-video-preview:-1"},"canonical":"https:\/\/kosovatimes.info\/index.php\/2026\/09\/01\/nagavci-refuzimi-i-sejdiut-per-president-nuk-eshte-ne-interes-te-qytetareve\/","og_locale":"en_US","og_type":"article","og_title":"Nagavci: Refuzimi i Sejdiut p\u00ebr president nuk \u00ebsht\u00eb n\u00eb interes t\u00eb qytetar\u00ebve - Kosova Times","og_description":"Para takimit t\u00eb Grupit Parlamentar t\u00eb VV-s\u00eb, deputetja Arb\u00ebrie Nagavci ka komentuar kund\u00ebrshtimin e gjasht\u00eb deputet\u00ebve t\u00eb LDK-s\u00eb ndaj kandidatur\u00ebs s\u00eb Bekim Sejdiut p\u00ebr president, duke th\u00ebn\u00eb se refuzimi i nj\u00eb propozimi q\u00eb synon shmangien e zgjedhjeve t\u00eb reja dhe konsolidimin e institucioneve nuk \u00ebsht\u00eb vendim i duhur dhe nuk \u00ebsht\u00eb n\u00eb interes t\u00eb qytetar\u00ebve. [&hellip;]","og_url":"https:\/\/kosovatimes.info\/index.php\/2026\/09\/01\/nagavci-refuzimi-i-sejdiut-per-president-nuk-eshte-ne-interes-te-qytetareve\/","og_site_name":"Kosova Times","article_published_time":"2026-09-01T17:18:00+00:00","article_modified_time":"2026-09-01T21:22:01+00:00","og_image":[{"width":780,"height":500,"url":"https:\/\/kosovatimes.info\/wp-content\/uploads\/2026\/09\/Nagavci.jpg","type":"image\/jpeg"}],"author":"i l","twitter_card":"summary_large_image","twitter_misc":{"Written by":"i l","Est. reading time":"2 minutes"},"schema":{"@context":"https:\/\/schema.org","@graph":[{"@type":"Article","@id":"https:\/\/kosovatimes.info\/index.php\/2026\/09\/01\/nagavci-refuzimi-i-sejdiut-per-president-nuk-eshte-ne-interes-te-qytetareve\/#article","isPartOf":{"@id":"https:\/\/kosovatimes.info\/index.php\/2026\/09\/01\/nagavci-refuzimi-i-sejdiut-per-president-nuk-eshte-ne-interes-te-qytetareve\/"},"author":{"name":"i l","@id":"https:\/\/kosovatimes.info\/#\/schema\/person\/7586712b9c512fe68085de007378c915"},"headline":"Nagavci: Refuzimi i Sejdiut p\u00ebr president nuk \u00ebsht\u00eb n\u00eb interes t\u00eb qytetar\u00ebve","datePublished":"2026-09-01T17:18:00+00:00","dateModified":"2026-09-01T21:22:01+00:00","mainEntityOfPage":{"@id":"https:\/\/kosovatimes.info\/index.php\/2026\/09\/01\/nagavci-refuzimi-i-sejdiut-per-president-nuk-eshte-ne-interes-te-qytetareve\/"},"wordCount":358,"commentCount":0,"image":{"@id":"https:\/\/kosovatimes.info\/index.php\/2026\/09\/01\/nagavci-refuzimi-i-sejdiut-per-president-nuk-eshte-ne-interes-te-qytetareve\/#primaryimage"},"thumbnailUrl":"https:\/\/kosovatimes.info\/wp-content\/uploads\/2026\/09\/Nagavci.jpg","articleSection":["Kosov\u00eb","Lajme"],"inLanguage":"en-US","potentialAction":[{"@type":"CommentAction","name":"Comment","target":["https:\/\/kosovatimes.info\/index.php\/2026\/09\/01\/nagavci-refuzimi-i-sejdiut-per-president-nuk-eshte-ne-interes-te-qytetareve\/#respond"]}]},{"@type":"WebPage","@id":"https:\/\/kosovatimes.info\/index.php\/2026\/09\/01\/nagavci-refuzimi-i-sejdiut-per-president-nuk-eshte-ne-interes-te-qytetareve\/","url":"https:\/\/kosovatimes.info\/index.php\/2026\/09\/01\/nagavci-refuzimi-i-sejdiut-per-president-nuk-eshte-ne-interes-te-qytetareve\/","name":"Nagavci: Refuzimi i Sejdiut p\u00ebr president nuk \u00ebsht\u00eb n\u00eb interes t\u00eb qytetar\u00ebve - Kosova Times","isPartOf":{"@id":"https:\/\/kosovatimes.info\/#website"},"primaryImageOfPage":{"@id":"https:\/\/kosovatimes.info\/index.php\/2026\/09\/01\/nagavci-refuzimi-i-sejdiut-per-president-nuk-eshte-ne-interes-te-qytetareve\/#primaryimage"},"image":{"@id":"https:\/\/kosovatimes.info\/index.php\/2026\/09\/01\/nagavci-refuzimi-i-sejdiut-per-president-nuk-eshte-ne-interes-te-qytetareve\/#primaryimage"},"thumbnailUrl":"https:\/\/kosovatimes.info\/wp-content\/uploads\/2026\/09\/Nagavci.jpg","datePublished":"2026-09-01T17:18:00+00:00","dateModified":"2026-09-01T21:22:01+00:00","author":{"@id":"https:\/\/kosovatimes.info\/#\/schema\/person\/7586712b9c512fe68085de007378c915"},"breadcrumb":{"@id":"https:\/\/kosovatimes.info\/index.php\/2026\/09\/01\/nagavci-refuzimi-i-sejdiut-per-president-nuk-eshte-ne-interes-te-qytetareve\/#breadcrumb"},"inLanguage":"en-US","potentialAction":[{"@type":"ReadAction","target":["https:\/\/kosovatimes.info\/index.php\/2026\/09\/01\/nagavci-refuzimi-i-sejdiut-per-president-nuk-eshte-ne-interes-te-qytetareve\/"]}]},{"@type":"ImageObject","inLanguage":"en-US","@id":"https:\/\/kosovatimes.info\/index.php\/2026\/09\/01\/nagavci-refuzimi-i-sejdiut-per-president-nuk-eshte-ne-interes-te-qytetareve\/#primaryimage","url":"https:\/\/kosovatimes.info\/wp-content\/uploads\/2026\/09\/Nagavci.jpg","contentUrl":"https:\/\/kosovatimes.info\/wp-content\/uploads\/2026\/09\/Nagavci.jpg","width":780,"height":500},{"@type":"BreadcrumbList","@id":"https:\/\/kosovatimes.info\/index.php\/2026\/09\/01\/nagavci-refuzimi-i-sejdiut-per-president-nuk-eshte-ne-interes-te-qytetareve\/#breadcrumb","itemListElement":[{"@type":"ListItem","position":1,"name":"Home","item":"https:\/\/kosovatimes.info\/"},{"@type":"ListItem","position":2,"name":"Nagavci: Refuzimi i Sejdiut p\u00ebr president nuk \u00ebsht\u00eb n\u00eb interes t\u00eb qytetar\u00ebve"}]},{"@type":"WebSite","@id":"https:\/\/kosovatimes.info\/#website","url":"https:\/\/kosovatimes.info\/","name":"Kosova Times","description":"","potentialAction":[{"@type":"SearchAction","target":{"@type":"EntryPoint","urlTemplate":"https:\/\/kosovatimes.info\/?s={search_term_string}"},"query-input":{"@type":"PropertyValueSpecification","valueRequired":true,"valueName":"search_term_string"}}],"inLanguage":"en-US"},{"@type":"Person","@id":"https:\/\/kosovatimes.info\/#\/schema\/person\/7586712b9c512fe68085de007378c915","name":"i l","image":{"@type":"ImageObject","inLanguage":"en-US","@id":"https:\/\/secure.gravatar.com\/avatar\/bad9296e02816160ae2e2435beda58222022298d5625d49fea74d18816fbb31d?s=96&d=mm&r=g","url":"https:\/\/secure.gravatar.com\/avatar\/bad9296e02816160ae2e2435beda58222022298d5625d49fea74d18816fbb31d?s=96&d=mm&r=g","contentUrl":"https:\/\/secure.gravatar.com\/avatar\/bad9296e02816160ae2e2435beda58222022298d5625d49fea74d18816fbb31d?s=96&d=mm&r=g","caption":"i l"},"url":"https:\/\/kosovatimes.info\/index.php\/author\/iliri\/"}]}},"_links":{"self":[{"href":"https:\/\/kosovatimes.info\/index.php\/wp-json\/wp\/v2\/posts\/30514","targetHints":{"allow":["GET"]}}],"collection":[{"href":"https:\/\/kosovatimes.info\/index.php\/wp-json\/wp\/v2\/posts"}],"about":[{"href":"https:\/\/kosovatimes.info\/index.php\/wp-json\/wp\/v2\/types\/post"}],"author":[{"embeddable":true,"href":"https:\/\/kosovatimes.info\/index.php\/wp-json\/wp\/v2\/users\/4"}],"replies":[{"embeddable":true,"href":"https:\/\/kosovatimes.info\/index.php\/wp-json\/wp\/v2\/comments?post=30514"}],"version-history":[{"count":1,"href":"https:\/\/kosovatimes.info\/index.php\/wp-json\/wp\/v2\/posts\/30514\/revisions"}],"predecessor-version":[{"id":30516,"href":"https:\/\/kosovatimes.info\/index.php\/wp-json\/wp\/v2\/posts\/30514\/revisions\/30516"}],"wp:featuredmedia":[{"embeddable":true,"href":"https:\/\/kosovatimes.info\/index.php\/wp-json\/wp\/v2\/media\/30515"}],"wp:attachment":[{"href":"https:\/\/kosovatimes.info\/index.php\/wp-json\/wp\/v2\/media?parent=30514"}],"wp:term":[{"taxonomy":"category","embeddable":true,"href":"https:\/\/kosovatimes.info\/index.php\/wp-json\/wp\/v2\/categories?post=30514"},{"taxonomy":"post_tag","embeddable":true,"href":"https:\/\/kosovatimes.info\/index.php\/wp-json\/wp\/v2\/tags?post=30514"}],"curies":[{"name":"wp","href":"https:\/\/api.w.org\/{rel}","templated":true}]}}