{"id":30517,"date":"2026-09-01T18:20:00","date_gmt":"2026-09-01T16:20:00","guid":{"rendered":"https:\/\/kosovatimes.info\/?p=30517"},"modified":"2026-09-01T23:22:56","modified_gmt":"2026-09-01T21:22:56","slug":"gjashte-deputete-te-ldk-se-votojne-kunder-bekim-sejdiut-per-president","status":"publish","type":"post","link":"https:\/\/kosovatimes.info\/index.php\/2026\/09\/01\/gjashte-deputete-te-ldk-se-votojne-kunder-bekim-sejdiut-per-president\/","title":{"rendered":"Gjasht\u00eb deputet\u00eb t\u00eb LDK-s\u00eb votojn\u00eb kund\u00ebr Bekim Sejdiut p\u00ebr president"},"content":{"rendered":"\n<p class=\"wp-block-paragraph\"><strong>6 deputet\u00eb t\u00eb LDK-s\u00eb kan\u00eb kund\u00ebrshtuar kandidatur\u00ebn e Bekim Sejdiut p\u00ebr pozit\u00ebn e kryetarit t\u00eb shtetit.<\/strong><\/p>\n\n\n\n<p class=\"wp-block-paragraph\">Pas takimit t\u00eb grupit parlamentar t\u00eb LDK-s\u00eb, kryetari i k\u00ebtij subjekti ka b\u00ebr\u00eb t\u00eb ditur se nuk ka unanimitet brenda partis\u00eb p\u00ebr Bekim Sejdiun. Abdixhiku tha se k\u00ebsisoj po i b\u00ebhet d\u00ebm Kosov\u00ebs.<\/p>\n\n\n\n<p class=\"wp-block-paragraph\">\u201cBekim Sejdiu njihej si rugovist i jasht\u00ebzakonsh\u00ebm. Si njeri q\u00eb ka punuar me dinjitet. N\u00eb m\u00ebnyr\u00eb unanime e gjith\u00eb kryesia votuan p\u00ebr kandidatur\u00ebn e profesor doktor Bekim Sejdiut. Menj\u00ebher\u00eb pas k\u00ebsaj mbledhjeje ne i b\u00ebm\u00eb ftes\u00eb deputet\u00ebve t\u00eb LDK-s\u00eb q\u00eb ta mb\u00ebshtesin at\u00eb. Me keqardhje t\u00eb madhe, 6 deputet\u00eb t\u00eb LDK-s\u00eb kan\u00eb vendosur kund\u00ebr vendimit. N\u00eb k\u00ebt\u00eb faz\u00eb mendoj se i b\u00ebjn\u00eb d\u00ebm t\u00eb gjith\u00eb procesit dhe n\u00eb k\u00ebt\u00eb m\u00ebnyr\u00eb e d\u00ebrgojn\u00eb vendin n\u00eb zgjedhje t\u00eb jasht\u00ebzakonshme. \u00c7do pal\u00eb zgjedhje q\u00eb shkaktohen p\u00ebr shkak t\u00eb k\u00ebsaj do t\u00eb jen\u00eb me pasoja. N\u00eb k\u00ebt\u00eb faz\u00eb deklarimi \u00ebsht\u00eb p\u00ebr figur\u00ebn. Kam p\u00ebrshtypje se \u00e7do em\u00ebr q\u00eb do t\u00eb sillnim do t\u00eb kishim nj\u00eb reagim t\u00eb till\u00eb\u201d, ka shtuar ai.<\/p>\n\n\n\n<p class=\"wp-block-paragraph\">M\u00ebsohet se,&nbsp;Avdullah Hoti, Hykmete Bajrami, Arben Gashi, Armend Zemaj, Kujtim Shala dhe Janina Ymeri jan\u00eb deputet\u00ebt q\u00eb votuan kund\u00ebr.<\/p>\n","protected":false},"excerpt":{"rendered":"<p>6 deputet\u00eb t\u00eb LDK-s\u00eb kan\u00eb kund\u00ebrshtuar kandidatur\u00ebn e Bekim Sejdiut p\u00ebr pozit\u00ebn e kryetarit t\u00eb shtetit. Pas takimit t\u00eb grupit parlamentar t\u00eb LDK-s\u00eb, kryetari i k\u00ebtij subjekti ka b\u00ebr\u00eb t\u00eb ditur se nuk ka unanimitet brenda partis\u00eb p\u00ebr Bekim Sejdiun. Abdixhiku tha se k\u00ebsisoj po i b\u00ebhet d\u00ebm Kosov\u00ebs. \u201cBekim Sejdiu njihej si rugovist i [&hellip;]<\/p>\n","protected":false},"author":4,"featured_media":30518,"comment_status":"open","ping_status":"open","sticky":false,"template":"","format":"standard","meta":{"footnotes":""},"categories":[31,30],"tags":[],"class_list":["post-30517","post","type-post","status-publish","format-standard","has-post-thumbnail","category-kosove","category-lajme"],"yoast_head":"<!-- This site is optimized with the Yoast SEO plugin v27.4 - https:\/\/yoast.com\/product\/yoast-seo-wordpress\/ -->\n<title>Gjasht\u00eb deputet\u00eb t\u00eb LDK-s\u00eb votojn\u00eb kund\u00ebr Bekim Sejdiut p\u00ebr president - Kosova Times<\/title>\n<meta name=\"robots\" content=\"index, follow, max-snippet:-1, max-image-preview:large, max-video-preview:-1\" \/>\n<link rel=\"canonical\" href=\"https:\/\/kosovatimes.info\/index.php\/2026\/09\/01\/gjashte-deputete-te-ldk-se-votojne-kunder-bekim-sejdiut-per-president\/\" \/>\n<meta property=\"og:locale\" content=\"en_US\" \/>\n<meta property=\"og:type\" content=\"article\" \/>\n<meta property=\"og:title\" content=\"Gjasht\u00eb deputet\u00eb t\u00eb LDK-s\u00eb votojn\u00eb kund\u00ebr Bekim Sejdiut p\u00ebr president - Kosova Times\" \/>\n<meta property=\"og:description\" content=\"6 deputet\u00eb t\u00eb LDK-s\u00eb kan\u00eb kund\u00ebrshtuar kandidatur\u00ebn e Bekim Sejdiut p\u00ebr pozit\u00ebn e kryetarit t\u00eb shtetit. Pas takimit t\u00eb grupit parlamentar t\u00eb LDK-s\u00eb, kryetari i k\u00ebtij subjekti ka b\u00ebr\u00eb t\u00eb ditur se nuk ka unanimitet brenda partis\u00eb p\u00ebr Bekim Sejdiun. Abdixhiku tha se k\u00ebsisoj po i b\u00ebhet d\u00ebm Kosov\u00ebs. \u201cBekim Sejdiu njihej si rugovist i [&hellip;]\" \/>\n<meta property=\"og:url\" content=\"https:\/\/kosovatimes.info\/index.php\/2026\/09\/01\/gjashte-deputete-te-ldk-se-votojne-kunder-bekim-sejdiut-per-president\/\" \/>\n<meta property=\"og:site_name\" content=\"Kosova Times\" \/>\n<meta property=\"article:published_time\" content=\"2026-09-01T16:20:00+00:00\" \/>\n<meta property=\"article:modified_time\" content=\"2026-09-01T21:22:56+00:00\" \/>\n<meta property=\"og:image\" content=\"https:\/\/kosovatimes.info\/wp-content\/uploads\/2026\/09\/Abdixhiku.jpg\" \/>\n\t<meta property=\"og:image:width\" content=\"780\" \/>\n\t<meta property=\"og:image:height\" content=\"500\" \/>\n\t<meta property=\"og:image:type\" content=\"image\/jpeg\" \/>\n<meta name=\"author\" content=\"i l\" \/>\n<meta name=\"twitter:card\" content=\"summary_large_image\" \/>\n<meta name=\"twitter:label1\" content=\"Written by\" \/>\n\t<meta name=\"twitter:data1\" content=\"i l\" \/>\n\t<meta name=\"twitter:label2\" content=\"Est. reading time\" \/>\n\t<meta name=\"twitter:data2\" content=\"1 minute\" \/>\n<script type=\"application\/ld+json\" class=\"yoast-schema-graph\">{\"@context\":\"https:\\\/\\\/schema.org\",\"@graph\":[{\"@type\":\"Article\",\"@id\":\"https:\\\/\\\/kosovatimes.info\\\/index.php\\\/2026\\\/09\\\/01\\\/gjashte-deputete-te-ldk-se-votojne-kunder-bekim-sejdiut-per-president\\\/#article\",\"isPartOf\":{\"@id\":\"https:\\\/\\\/kosovatimes.info\\\/index.php\\\/2026\\\/09\\\/01\\\/gjashte-deputete-te-ldk-se-votojne-kunder-bekim-sejdiut-per-president\\\/\"},\"author\":{\"name\":\"i l\",\"@id\":\"https:\\\/\\\/kosovatimes.info\\\/#\\\/schema\\\/person\\\/7586712b9c512fe68085de007378c915\"},\"headline\":\"Gjasht\u00eb deputet\u00eb t\u00eb LDK-s\u00eb votojn\u00eb kund\u00ebr Bekim Sejdiut p\u00ebr president\",\"datePublished\":\"2026-09-01T16:20:00+00:00\",\"dateModified\":\"2026-09-01T21:22:56+00:00\",\"mainEntityOfPage\":{\"@id\":\"https:\\\/\\\/kosovatimes.info\\\/index.php\\\/2026\\\/09\\\/01\\\/gjashte-deputete-te-ldk-se-votojne-kunder-bekim-sejdiut-per-president\\\/\"},\"wordCount\":236,\"commentCount\":0,\"image\":{\"@id\":\"https:\\\/\\\/kosovatimes.info\\\/index.php\\\/2026\\\/09\\\/01\\\/gjashte-deputete-te-ldk-se-votojne-kunder-bekim-sejdiut-per-president\\\/#primaryimage\"},\"thumbnailUrl\":\"https:\\\/\\\/kosovatimes.info\\\/wp-content\\\/uploads\\\/2026\\\/09\\\/Abdixhiku.jpg\",\"articleSection\":[\"Kosov\u00eb\",\"Lajme\"],\"inLanguage\":\"en-US\",\"potentialAction\":[{\"@type\":\"CommentAction\",\"name\":\"Comment\",\"target\":[\"https:\\\/\\\/kosovatimes.info\\\/index.php\\\/2026\\\/09\\\/01\\\/gjashte-deputete-te-ldk-se-votojne-kunder-bekim-sejdiut-per-president\\\/#respond\"]}]},{\"@type\":\"WebPage\",\"@id\":\"https:\\\/\\\/kosovatimes.info\\\/index.php\\\/2026\\\/09\\\/01\\\/gjashte-deputete-te-ldk-se-votojne-kunder-bekim-sejdiut-per-president\\\/\",\"url\":\"https:\\\/\\\/kosovatimes.info\\\/index.php\\\/2026\\\/09\\\/01\\\/gjashte-deputete-te-ldk-se-votojne-kunder-bekim-sejdiut-per-president\\\/\",\"name\":\"Gjasht\u00eb deputet\u00eb t\u00eb LDK-s\u00eb votojn\u00eb kund\u00ebr Bekim Sejdiut p\u00ebr president - Kosova Times\",\"isPartOf\":{\"@id\":\"https:\\\/\\\/kosovatimes.info\\\/#website\"},\"primaryImageOfPage\":{\"@id\":\"https:\\\/\\\/kosovatimes.info\\\/index.php\\\/2026\\\/09\\\/01\\\/gjashte-deputete-te-ldk-se-votojne-kunder-bekim-sejdiut-per-president\\\/#primaryimage\"},\"image\":{\"@id\":\"https:\\\/\\\/kosovatimes.info\\\/index.php\\\/2026\\\/09\\\/01\\\/gjashte-deputete-te-ldk-se-votojne-kunder-bekim-sejdiut-per-president\\\/#primaryimage\"},\"thumbnailUrl\":\"https:\\\/\\\/kosovatimes.info\\\/wp-content\\\/uploads\\\/2026\\\/09\\\/Abdixhiku.jpg\",\"datePublished\":\"2026-09-01T16:20:00+00:00\",\"dateModified\":\"2026-09-01T21:22:56+00:00\",\"author\":{\"@id\":\"https:\\\/\\\/kosovatimes.info\\\/#\\\/schema\\\/person\\\/7586712b9c512fe68085de007378c915\"},\"breadcrumb\":{\"@id\":\"https:\\\/\\\/kosovatimes.info\\\/index.php\\\/2026\\\/09\\\/01\\\/gjashte-deputete-te-ldk-se-votojne-kunder-bekim-sejdiut-per-president\\\/#breadcrumb\"},\"inLanguage\":\"en-US\",\"potentialAction\":[{\"@type\":\"ReadAction\",\"target\":[\"https:\\\/\\\/kosovatimes.info\\\/index.php\\\/2026\\\/09\\\/01\\\/gjashte-deputete-te-ldk-se-votojne-kunder-bekim-sejdiut-per-president\\\/\"]}]},{\"@type\":\"ImageObject\",\"inLanguage\":\"en-US\",\"@id\":\"https:\\\/\\\/kosovatimes.info\\\/index.php\\\/2026\\\/09\\\/01\\\/gjashte-deputete-te-ldk-se-votojne-kunder-bekim-sejdiut-per-president\\\/#primaryimage\",\"url\":\"https:\\\/\\\/kosovatimes.info\\\/wp-content\\\/uploads\\\/2026\\\/09\\\/Abdixhiku.jpg\",\"contentUrl\":\"https:\\\/\\\/kosovatimes.info\\\/wp-content\\\/uploads\\\/2026\\\/09\\\/Abdixhiku.jpg\",\"width\":780,\"height\":500},{\"@type\":\"BreadcrumbList\",\"@id\":\"https:\\\/\\\/kosovatimes.info\\\/index.php\\\/2026\\\/09\\\/01\\\/gjashte-deputete-te-ldk-se-votojne-kunder-bekim-sejdiut-per-president\\\/#breadcrumb\",\"itemListElement\":[{\"@type\":\"ListItem\",\"position\":1,\"name\":\"Home\",\"item\":\"https:\\\/\\\/kosovatimes.info\\\/\"},{\"@type\":\"ListItem\",\"position\":2,\"name\":\"Gjasht\u00eb deputet\u00eb t\u00eb LDK-s\u00eb votojn\u00eb kund\u00ebr Bekim Sejdiut p\u00ebr president\"}]},{\"@type\":\"WebSite\",\"@id\":\"https:\\\/\\\/kosovatimes.info\\\/#website\",\"url\":\"https:\\\/\\\/kosovatimes.info\\\/\",\"name\":\"Kosova Times\",\"description\":\"\",\"potentialAction\":[{\"@type\":\"SearchAction\",\"target\":{\"@type\":\"EntryPoint\",\"urlTemplate\":\"https:\\\/\\\/kosovatimes.info\\\/?s={search_term_string}\"},\"query-input\":{\"@type\":\"PropertyValueSpecification\",\"valueRequired\":true,\"valueName\":\"search_term_string\"}}],\"inLanguage\":\"en-US\"},{\"@type\":\"Person\",\"@id\":\"https:\\\/\\\/kosovatimes.info\\\/#\\\/schema\\\/person\\\/7586712b9c512fe68085de007378c915\",\"name\":\"i l\",\"image\":{\"@type\":\"ImageObject\",\"inLanguage\":\"en-US\",\"@id\":\"https:\\\/\\\/secure.gravatar.com\\\/avatar\\\/bad9296e02816160ae2e2435beda58222022298d5625d49fea74d18816fbb31d?s=96&d=mm&r=g\",\"url\":\"https:\\\/\\\/secure.gravatar.com\\\/avatar\\\/bad9296e02816160ae2e2435beda58222022298d5625d49fea74d18816fbb31d?s=96&d=mm&r=g\",\"contentUrl\":\"https:\\\/\\\/secure.gravatar.com\\\/avatar\\\/bad9296e02816160ae2e2435beda58222022298d5625d49fea74d18816fbb31d?s=96&d=mm&r=g\",\"caption\":\"i l\"},\"url\":\"https:\\\/\\\/kosovatimes.info\\\/index.php\\\/author\\\/iliri\\\/\"}]}<\/script>\n<!-- \/ Yoast SEO plugin. -->","yoast_head_json":{"title":"Gjasht\u00eb deputet\u00eb t\u00eb LDK-s\u00eb votojn\u00eb kund\u00ebr Bekim Sejdiut p\u00ebr president - Kosova Times","robots":{"index":"index","follow":"follow","max-snippet":"max-snippet:-1","max-image-preview":"max-image-preview:large","max-video-preview":"max-video-preview:-1"},"canonical":"https:\/\/kosovatimes.info\/index.php\/2026\/09\/01\/gjashte-deputete-te-ldk-se-votojne-kunder-bekim-sejdiut-per-president\/","og_locale":"en_US","og_type":"article","og_title":"Gjasht\u00eb deputet\u00eb t\u00eb LDK-s\u00eb votojn\u00eb kund\u00ebr Bekim Sejdiut p\u00ebr president - Kosova Times","og_description":"6 deputet\u00eb t\u00eb LDK-s\u00eb kan\u00eb kund\u00ebrshtuar kandidatur\u00ebn e Bekim Sejdiut p\u00ebr pozit\u00ebn e kryetarit t\u00eb shtetit. Pas takimit t\u00eb grupit parlamentar t\u00eb LDK-s\u00eb, kryetari i k\u00ebtij subjekti ka b\u00ebr\u00eb t\u00eb ditur se nuk ka unanimitet brenda partis\u00eb p\u00ebr Bekim Sejdiun. Abdixhiku tha se k\u00ebsisoj po i b\u00ebhet d\u00ebm Kosov\u00ebs. \u201cBekim Sejdiu njihej si rugovist i [&hellip;]","og_url":"https:\/\/kosovatimes.info\/index.php\/2026\/09\/01\/gjashte-deputete-te-ldk-se-votojne-kunder-bekim-sejdiut-per-president\/","og_site_name":"Kosova Times","article_published_time":"2026-09-01T16:20:00+00:00","article_modified_time":"2026-09-01T21:22:56+00:00","og_image":[{"width":780,"height":500,"url":"https:\/\/kosovatimes.info\/wp-content\/uploads\/2026\/09\/Abdixhiku.jpg","type":"image\/jpeg"}],"author":"i l","twitter_card":"summary_large_image","twitter_misc":{"Written by":"i l","Est. reading time":"1 minute"},"schema":{"@context":"https:\/\/schema.org","@graph":[{"@type":"Article","@id":"https:\/\/kosovatimes.info\/index.php\/2026\/09\/01\/gjashte-deputete-te-ldk-se-votojne-kunder-bekim-sejdiut-per-president\/#article","isPartOf":{"@id":"https:\/\/kosovatimes.info\/index.php\/2026\/09\/01\/gjashte-deputete-te-ldk-se-votojne-kunder-bekim-sejdiut-per-president\/"},"author":{"name":"i l","@id":"https:\/\/kosovatimes.info\/#\/schema\/person\/7586712b9c512fe68085de007378c915"},"headline":"Gjasht\u00eb deputet\u00eb t\u00eb LDK-s\u00eb votojn\u00eb kund\u00ebr Bekim Sejdiut p\u00ebr president","datePublished":"2026-09-01T16:20:00+00:00","dateModified":"2026-09-01T21:22:56+00:00","mainEntityOfPage":{"@id":"https:\/\/kosovatimes.info\/index.php\/2026\/09\/01\/gjashte-deputete-te-ldk-se-votojne-kunder-bekim-sejdiut-per-president\/"},"wordCount":236,"commentCount":0,"image":{"@id":"https:\/\/kosovatimes.info\/index.php\/2026\/09\/01\/gjashte-deputete-te-ldk-se-votojne-kunder-bekim-sejdiut-per-president\/#primaryimage"},"thumbnailUrl":"https:\/\/kosovatimes.info\/wp-content\/uploads\/2026\/09\/Abdixhiku.jpg","articleSection":["Kosov\u00eb","Lajme"],"inLanguage":"en-US","potentialAction":[{"@type":"CommentAction","name":"Comment","target":["https:\/\/kosovatimes.info\/index.php\/2026\/09\/01\/gjashte-deputete-te-ldk-se-votojne-kunder-bekim-sejdiut-per-president\/#respond"]}]},{"@type":"WebPage","@id":"https:\/\/kosovatimes.info\/index.php\/2026\/09\/01\/gjashte-deputete-te-ldk-se-votojne-kunder-bekim-sejdiut-per-president\/","url":"https:\/\/kosovatimes.info\/index.php\/2026\/09\/01\/gjashte-deputete-te-ldk-se-votojne-kunder-bekim-sejdiut-per-president\/","name":"Gjasht\u00eb deputet\u00eb t\u00eb LDK-s\u00eb votojn\u00eb kund\u00ebr Bekim Sejdiut p\u00ebr president - Kosova Times","isPartOf":{"@id":"https:\/\/kosovatimes.info\/#website"},"primaryImageOfPage":{"@id":"https:\/\/kosovatimes.info\/index.php\/2026\/09\/01\/gjashte-deputete-te-ldk-se-votojne-kunder-bekim-sejdiut-per-president\/#primaryimage"},"image":{"@id":"https:\/\/kosovatimes.info\/index.php\/2026\/09\/01\/gjashte-deputete-te-ldk-se-votojne-kunder-bekim-sejdiut-per-president\/#primaryimage"},"thumbnailUrl":"https:\/\/kosovatimes.info\/wp-content\/uploads\/2026\/09\/Abdixhiku.jpg","datePublished":"2026-09-01T16:20:00+00:00","dateModified":"2026-09-01T21:22:56+00:00","author":{"@id":"https:\/\/kosovatimes.info\/#\/schema\/person\/7586712b9c512fe68085de007378c915"},"breadcrumb":{"@id":"https:\/\/kosovatimes.info\/index.php\/2026\/09\/01\/gjashte-deputete-te-ldk-se-votojne-kunder-bekim-sejdiut-per-president\/#breadcrumb"},"inLanguage":"en-US","potentialAction":[{"@type":"ReadAction","target":["https:\/\/kosovatimes.info\/index.php\/2026\/09\/01\/gjashte-deputete-te-ldk-se-votojne-kunder-bekim-sejdiut-per-president\/"]}]},{"@type":"ImageObject","inLanguage":"en-US","@id":"https:\/\/kosovatimes.info\/index.php\/2026\/09\/01\/gjashte-deputete-te-ldk-se-votojne-kunder-bekim-sejdiut-per-president\/#primaryimage","url":"https:\/\/kosovatimes.info\/wp-content\/uploads\/2026\/09\/Abdixhiku.jpg","contentUrl":"https:\/\/kosovatimes.info\/wp-content\/uploads\/2026\/09\/Abdixhiku.jpg","width":780,"height":500},{"@type":"BreadcrumbList","@id":"https:\/\/kosovatimes.info\/index.php\/2026\/09\/01\/gjashte-deputete-te-ldk-se-votojne-kunder-bekim-sejdiut-per-president\/#breadcrumb","itemListElement":[{"@type":"ListItem","position":1,"name":"Home","item":"https:\/\/kosovatimes.info\/"},{"@type":"ListItem","position":2,"name":"Gjasht\u00eb deputet\u00eb t\u00eb LDK-s\u00eb votojn\u00eb kund\u00ebr Bekim Sejdiut p\u00ebr president"}]},{"@type":"WebSite","@id":"https:\/\/kosovatimes.info\/#website","url":"https:\/\/kosovatimes.info\/","name":"Kosova Times","description":"","potentialAction":[{"@type":"SearchAction","target":{"@type":"EntryPoint","urlTemplate":"https:\/\/kosovatimes.info\/?s={search_term_string}"},"query-input":{"@type":"PropertyValueSpecification","valueRequired":true,"valueName":"search_term_string"}}],"inLanguage":"en-US"},{"@type":"Person","@id":"https:\/\/kosovatimes.info\/#\/schema\/person\/7586712b9c512fe68085de007378c915","name":"i l","image":{"@type":"ImageObject","inLanguage":"en-US","@id":"https:\/\/secure.gravatar.com\/avatar\/bad9296e02816160ae2e2435beda58222022298d5625d49fea74d18816fbb31d?s=96&d=mm&r=g","url":"https:\/\/secure.gravatar.com\/avatar\/bad9296e02816160ae2e2435beda58222022298d5625d49fea74d18816fbb31d?s=96&d=mm&r=g","contentUrl":"https:\/\/secure.gravatar.com\/avatar\/bad9296e02816160ae2e2435beda58222022298d5625d49fea74d18816fbb31d?s=96&d=mm&r=g","caption":"i l"},"url":"https:\/\/kosovatimes.info\/index.php\/author\/iliri\/"}]}},"_links":{"self":[{"href":"https:\/\/kosovatimes.info\/index.php\/wp-json\/wp\/v2\/posts\/30517","targetHints":{"allow":["GET"]}}],"collection":[{"href":"https:\/\/kosovatimes.info\/index.php\/wp-json\/wp\/v2\/posts"}],"about":[{"href":"https:\/\/kosovatimes.info\/index.php\/wp-json\/wp\/v2\/types\/post"}],"author":[{"embeddable":true,"href":"https:\/\/kosovatimes.info\/index.php\/wp-json\/wp\/v2\/users\/4"}],"replies":[{"embeddable":true,"href":"https:\/\/kosovatimes.info\/index.php\/wp-json\/wp\/v2\/comments?post=30517"}],"version-history":[{"count":1,"href":"https:\/\/kosovatimes.info\/index.php\/wp-json\/wp\/v2\/posts\/30517\/revisions"}],"predecessor-version":[{"id":30519,"href":"https:\/\/kosovatimes.info\/index.php\/wp-json\/wp\/v2\/posts\/30517\/revisions\/30519"}],"wp:featuredmedia":[{"embeddable":true,"href":"https:\/\/kosovatimes.info\/index.php\/wp-json\/wp\/v2\/media\/30518"}],"wp:attachment":[{"href":"https:\/\/kosovatimes.info\/index.php\/wp-json\/wp\/v2\/media?parent=30517"}],"wp:term":[{"taxonomy":"category","embeddable":true,"href":"https:\/\/kosovatimes.info\/index.php\/wp-json\/wp\/v2\/categories?post=30517"},{"taxonomy":"post_tag","embeddable":true,"href":"https:\/\/kosovatimes.info\/index.php\/wp-json\/wp\/v2\/tags?post=30517"}],"curies":[{"name":"wp","href":"https:\/\/api.w.org\/{rel}","templated":true}]}}