{"id":30523,"date":"2026-09-01T23:33:31","date_gmt":"2026-09-01T21:33:31","guid":{"rendered":"https:\/\/kosovatimes.info\/?p=30523"},"modified":"2026-09-01T23:33:33","modified_gmt":"2026-09-01T21:33:33","slug":"publikohet-videoja-e-aksidentit-me-makine-ku-vdiq-presidenti-slloven","status":"publish","type":"post","link":"https:\/\/kosovatimes.info\/index.php\/2026\/09\/01\/publikohet-videoja-e-aksidentit-me-makine-ku-vdiq-presidenti-slloven\/","title":{"rendered":"Publikohet videoja e aksidentit me makin\u00eb ku vdiq presidenti slloven"},"content":{"rendered":"\n<p class=\"wp-block-paragraph\">Emisioni \u201cTar\u010da\u201d i Radiotelevizionit t\u00eb Sllovenis\u00eb publikoi t\u00eb mart\u00ebn n\u00eb profilin e tij n\u00eb rrjetin social Facebook nj\u00eb video t\u00eb nj\u00eb aksidenti trafiku n\u00eb t\u00eb cilin u l\u00ebndua Presidentja e Sllovenis\u00eb,&nbsp;<strong>Nata\u0161a Pirc Musar<\/strong>&nbsp;.\u201cNj\u00eb muaj pas aksidentit t\u00eb Presidentit t\u00eb Republik\u00ebs, po publikojm\u00eb pamje ekskluzive t\u00eb kamerave t\u00eb siguris\u00eb nga tuneli i Kastelecit. Furgoni zyrtar, n\u00eb t\u00eb cilin udh\u00ebtonte Presidentja s\u00eb bashku me shoqet e saj&nbsp;<strong>Viktorija Krivolucka<\/strong>&nbsp;dhe&nbsp;<strong>Ur\u0161ka Repov\u017e<\/strong>&nbsp;, u p\u00ebrplas me nj\u00eb automjet zyrtar n\u00eb krye t\u00eb konvojit\u201d, tha Tar\u010da.<\/p>\n\n\n\n<iframe loading=\"lazy\" src=\"https:\/\/www.facebook.com\/plugins\/video.php?height=314&#038;href=https%3A%2F%2Fwww.facebook.com%2Freel%2F1337074078267684%2F&#038;show_text=false&#038;width=560&#038;t=0\" width=\"560\" height=\"314\" style=\"border:none;overflow:hidden\" scrolling=\"no\" frameborder=\"0\" allowfullscreen=\"true\" allow=\"autoplay; clipboard-write; encrypted-media; picture-in-picture; web-share\" allowFullScreen=\"true\"><\/iframe>\n\n\n\n<p class=\"wp-block-paragraph\">Eksperti i l\u00ebvizshm\u00ebris\u00eb dhe ish-shoferi i personave t\u00eb mbrojtur\u00a0<br><strong>Andrej Brglez<\/strong>\u00a0vuri n\u00eb dukje se shofer\u00ebve n\u00eb konvoj u lejohet t\u00eb ngasin m\u00eb shpejt dhe n\u00eb nj\u00eb distanc\u00eb m\u00eb t\u00eb shkurt\u00ebr, por ai theksoi se l\u00ebndimet e pasagjer\u00ebve nuk do t\u00eb kishin qen\u00eb t\u00eb m\u00ebdha n\u00ebse t\u00eb gjith\u00eb do t\u00eb ishin t\u00eb lidhur. Nd\u00ebrkoh\u00eb, Presidentja Pirc Musar shprehu publikisht keqardhjen e saj q\u00eb nuk kishte vendosur rripin e sigurimit.<\/p>\n","protected":false},"excerpt":{"rendered":"<p>Emisioni \u201cTar\u010da\u201d i Radiotelevizionit t\u00eb Sllovenis\u00eb publikoi t\u00eb mart\u00ebn n\u00eb profilin e tij n\u00eb rrjetin social Facebook nj\u00eb video t\u00eb nj\u00eb aksidenti trafiku n\u00eb t\u00eb cilin u l\u00ebndua Presidentja e Sllovenis\u00eb,&nbsp;Nata\u0161a Pirc Musar&nbsp;.\u201cNj\u00eb muaj pas aksidentit t\u00eb Presidentit t\u00eb Republik\u00ebs, po publikojm\u00eb pamje ekskluzive t\u00eb kamerave t\u00eb siguris\u00eb nga tuneli i Kastelecit. Furgoni zyrtar, n\u00eb [&hellip;]<\/p>\n","protected":false},"author":4,"featured_media":30524,"comment_status":"open","ping_status":"open","sticky":false,"template":"","format":"standard","meta":{"footnotes":""},"categories":[30,32],"tags":[],"class_list":["post-30523","post","type-post","status-publish","format-standard","has-post-thumbnail","category-lajme","category-rajon"],"yoast_head":"<!-- This site is optimized with the Yoast SEO plugin v27.4 - https:\/\/yoast.com\/product\/yoast-seo-wordpress\/ -->\n<title>Publikohet videoja e aksidentit me makin\u00eb ku vdiq presidenti slloven - Kosova Times<\/title>\n<meta name=\"robots\" content=\"index, follow, max-snippet:-1, max-image-preview:large, max-video-preview:-1\" \/>\n<link rel=\"canonical\" href=\"https:\/\/kosovatimes.info\/index.php\/2026\/09\/01\/publikohet-videoja-e-aksidentit-me-makine-ku-vdiq-presidenti-slloven\/\" \/>\n<meta property=\"og:locale\" content=\"en_US\" \/>\n<meta property=\"og:type\" content=\"article\" \/>\n<meta property=\"og:title\" content=\"Publikohet videoja e aksidentit me makin\u00eb ku vdiq presidenti slloven - Kosova Times\" \/>\n<meta property=\"og:description\" content=\"Emisioni \u201cTar\u010da\u201d i Radiotelevizionit t\u00eb Sllovenis\u00eb publikoi t\u00eb mart\u00ebn n\u00eb profilin e tij n\u00eb rrjetin social Facebook nj\u00eb video t\u00eb nj\u00eb aksidenti trafiku n\u00eb t\u00eb cilin u l\u00ebndua Presidentja e Sllovenis\u00eb,&nbsp;Nata\u0161a Pirc Musar&nbsp;.\u201cNj\u00eb muaj pas aksidentit t\u00eb Presidentit t\u00eb Republik\u00ebs, po publikojm\u00eb pamje ekskluzive t\u00eb kamerave t\u00eb siguris\u00eb nga tuneli i Kastelecit. Furgoni zyrtar, n\u00eb [&hellip;]\" \/>\n<meta property=\"og:url\" content=\"https:\/\/kosovatimes.info\/index.php\/2026\/09\/01\/publikohet-videoja-e-aksidentit-me-makine-ku-vdiq-presidenti-slloven\/\" \/>\n<meta property=\"og:site_name\" content=\"Kosova Times\" \/>\n<meta property=\"article:published_time\" content=\"2026-09-01T21:33:31+00:00\" \/>\n<meta property=\"article:modified_time\" content=\"2026-09-01T21:33:33+00:00\" \/>\n<meta property=\"og:image\" content=\"https:\/\/kosovatimes.info\/wp-content\/uploads\/2026\/09\/Pirc.jpg\" \/>\n\t<meta property=\"og:image:width\" content=\"1280\" \/>\n\t<meta property=\"og:image:height\" content=\"852\" \/>\n\t<meta property=\"og:image:type\" content=\"image\/jpeg\" \/>\n<meta name=\"author\" content=\"i l\" \/>\n<meta name=\"twitter:card\" content=\"summary_large_image\" \/>\n<meta name=\"twitter:label1\" content=\"Written by\" \/>\n\t<meta name=\"twitter:data1\" content=\"i l\" \/>\n\t<meta name=\"twitter:label2\" content=\"Est. reading time\" \/>\n\t<meta name=\"twitter:data2\" content=\"1 minute\" \/>\n<script type=\"application\/ld+json\" class=\"yoast-schema-graph\">{\"@context\":\"https:\\\/\\\/schema.org\",\"@graph\":[{\"@type\":\"Article\",\"@id\":\"https:\\\/\\\/kosovatimes.info\\\/index.php\\\/2026\\\/09\\\/01\\\/publikohet-videoja-e-aksidentit-me-makine-ku-vdiq-presidenti-slloven\\\/#article\",\"isPartOf\":{\"@id\":\"https:\\\/\\\/kosovatimes.info\\\/index.php\\\/2026\\\/09\\\/01\\\/publikohet-videoja-e-aksidentit-me-makine-ku-vdiq-presidenti-slloven\\\/\"},\"author\":{\"name\":\"i l\",\"@id\":\"https:\\\/\\\/kosovatimes.info\\\/#\\\/schema\\\/person\\\/7586712b9c512fe68085de007378c915\"},\"headline\":\"Publikohet videoja e aksidentit me makin\u00eb ku vdiq presidenti slloven\",\"datePublished\":\"2026-09-01T21:33:31+00:00\",\"dateModified\":\"2026-09-01T21:33:33+00:00\",\"mainEntityOfPage\":{\"@id\":\"https:\\\/\\\/kosovatimes.info\\\/index.php\\\/2026\\\/09\\\/01\\\/publikohet-videoja-e-aksidentit-me-makine-ku-vdiq-presidenti-slloven\\\/\"},\"wordCount\":187,\"commentCount\":0,\"image\":{\"@id\":\"https:\\\/\\\/kosovatimes.info\\\/index.php\\\/2026\\\/09\\\/01\\\/publikohet-videoja-e-aksidentit-me-makine-ku-vdiq-presidenti-slloven\\\/#primaryimage\"},\"thumbnailUrl\":\"https:\\\/\\\/kosovatimes.info\\\/wp-content\\\/uploads\\\/2026\\\/09\\\/Pirc.jpg\",\"articleSection\":[\"Lajme\",\"Rajon\"],\"inLanguage\":\"en-US\",\"potentialAction\":[{\"@type\":\"CommentAction\",\"name\":\"Comment\",\"target\":[\"https:\\\/\\\/kosovatimes.info\\\/index.php\\\/2026\\\/09\\\/01\\\/publikohet-videoja-e-aksidentit-me-makine-ku-vdiq-presidenti-slloven\\\/#respond\"]}]},{\"@type\":\"WebPage\",\"@id\":\"https:\\\/\\\/kosovatimes.info\\\/index.php\\\/2026\\\/09\\\/01\\\/publikohet-videoja-e-aksidentit-me-makine-ku-vdiq-presidenti-slloven\\\/\",\"url\":\"https:\\\/\\\/kosovatimes.info\\\/index.php\\\/2026\\\/09\\\/01\\\/publikohet-videoja-e-aksidentit-me-makine-ku-vdiq-presidenti-slloven\\\/\",\"name\":\"Publikohet videoja e aksidentit me makin\u00eb ku vdiq presidenti slloven - Kosova Times\",\"isPartOf\":{\"@id\":\"https:\\\/\\\/kosovatimes.info\\\/#website\"},\"primaryImageOfPage\":{\"@id\":\"https:\\\/\\\/kosovatimes.info\\\/index.php\\\/2026\\\/09\\\/01\\\/publikohet-videoja-e-aksidentit-me-makine-ku-vdiq-presidenti-slloven\\\/#primaryimage\"},\"image\":{\"@id\":\"https:\\\/\\\/kosovatimes.info\\\/index.php\\\/2026\\\/09\\\/01\\\/publikohet-videoja-e-aksidentit-me-makine-ku-vdiq-presidenti-slloven\\\/#primaryimage\"},\"thumbnailUrl\":\"https:\\\/\\\/kosovatimes.info\\\/wp-content\\\/uploads\\\/2026\\\/09\\\/Pirc.jpg\",\"datePublished\":\"2026-09-01T21:33:31+00:00\",\"dateModified\":\"2026-09-01T21:33:33+00:00\",\"author\":{\"@id\":\"https:\\\/\\\/kosovatimes.info\\\/#\\\/schema\\\/person\\\/7586712b9c512fe68085de007378c915\"},\"breadcrumb\":{\"@id\":\"https:\\\/\\\/kosovatimes.info\\\/index.php\\\/2026\\\/09\\\/01\\\/publikohet-videoja-e-aksidentit-me-makine-ku-vdiq-presidenti-slloven\\\/#breadcrumb\"},\"inLanguage\":\"en-US\",\"potentialAction\":[{\"@type\":\"ReadAction\",\"target\":[\"https:\\\/\\\/kosovatimes.info\\\/index.php\\\/2026\\\/09\\\/01\\\/publikohet-videoja-e-aksidentit-me-makine-ku-vdiq-presidenti-slloven\\\/\"]}]},{\"@type\":\"ImageObject\",\"inLanguage\":\"en-US\",\"@id\":\"https:\\\/\\\/kosovatimes.info\\\/index.php\\\/2026\\\/09\\\/01\\\/publikohet-videoja-e-aksidentit-me-makine-ku-vdiq-presidenti-slloven\\\/#primaryimage\",\"url\":\"https:\\\/\\\/kosovatimes.info\\\/wp-content\\\/uploads\\\/2026\\\/09\\\/Pirc.jpg\",\"contentUrl\":\"https:\\\/\\\/kosovatimes.info\\\/wp-content\\\/uploads\\\/2026\\\/09\\\/Pirc.jpg\",\"width\":1280,\"height\":852},{\"@type\":\"BreadcrumbList\",\"@id\":\"https:\\\/\\\/kosovatimes.info\\\/index.php\\\/2026\\\/09\\\/01\\\/publikohet-videoja-e-aksidentit-me-makine-ku-vdiq-presidenti-slloven\\\/#breadcrumb\",\"itemListElement\":[{\"@type\":\"ListItem\",\"position\":1,\"name\":\"Home\",\"item\":\"https:\\\/\\\/kosovatimes.info\\\/\"},{\"@type\":\"ListItem\",\"position\":2,\"name\":\"Publikohet videoja e aksidentit me makin\u00eb ku vdiq presidenti slloven\"}]},{\"@type\":\"WebSite\",\"@id\":\"https:\\\/\\\/kosovatimes.info\\\/#website\",\"url\":\"https:\\\/\\\/kosovatimes.info\\\/\",\"name\":\"Kosova Times\",\"description\":\"\",\"potentialAction\":[{\"@type\":\"SearchAction\",\"target\":{\"@type\":\"EntryPoint\",\"urlTemplate\":\"https:\\\/\\\/kosovatimes.info\\\/?s={search_term_string}\"},\"query-input\":{\"@type\":\"PropertyValueSpecification\",\"valueRequired\":true,\"valueName\":\"search_term_string\"}}],\"inLanguage\":\"en-US\"},{\"@type\":\"Person\",\"@id\":\"https:\\\/\\\/kosovatimes.info\\\/#\\\/schema\\\/person\\\/7586712b9c512fe68085de007378c915\",\"name\":\"i l\",\"image\":{\"@type\":\"ImageObject\",\"inLanguage\":\"en-US\",\"@id\":\"https:\\\/\\\/secure.gravatar.com\\\/avatar\\\/bad9296e02816160ae2e2435beda58222022298d5625d49fea74d18816fbb31d?s=96&d=mm&r=g\",\"url\":\"https:\\\/\\\/secure.gravatar.com\\\/avatar\\\/bad9296e02816160ae2e2435beda58222022298d5625d49fea74d18816fbb31d?s=96&d=mm&r=g\",\"contentUrl\":\"https:\\\/\\\/secure.gravatar.com\\\/avatar\\\/bad9296e02816160ae2e2435beda58222022298d5625d49fea74d18816fbb31d?s=96&d=mm&r=g\",\"caption\":\"i l\"},\"url\":\"https:\\\/\\\/kosovatimes.info\\\/index.php\\\/author\\\/iliri\\\/\"}]}<\/script>\n<!-- \/ Yoast SEO plugin. -->","yoast_head_json":{"title":"Publikohet videoja e aksidentit me makin\u00eb ku vdiq presidenti slloven - Kosova Times","robots":{"index":"index","follow":"follow","max-snippet":"max-snippet:-1","max-image-preview":"max-image-preview:large","max-video-preview":"max-video-preview:-1"},"canonical":"https:\/\/kosovatimes.info\/index.php\/2026\/09\/01\/publikohet-videoja-e-aksidentit-me-makine-ku-vdiq-presidenti-slloven\/","og_locale":"en_US","og_type":"article","og_title":"Publikohet videoja e aksidentit me makin\u00eb ku vdiq presidenti slloven - Kosova Times","og_description":"Emisioni \u201cTar\u010da\u201d i Radiotelevizionit t\u00eb Sllovenis\u00eb publikoi t\u00eb mart\u00ebn n\u00eb profilin e tij n\u00eb rrjetin social Facebook nj\u00eb video t\u00eb nj\u00eb aksidenti trafiku n\u00eb t\u00eb cilin u l\u00ebndua Presidentja e Sllovenis\u00eb,&nbsp;Nata\u0161a Pirc Musar&nbsp;.\u201cNj\u00eb muaj pas aksidentit t\u00eb Presidentit t\u00eb Republik\u00ebs, po publikojm\u00eb pamje ekskluzive t\u00eb kamerave t\u00eb siguris\u00eb nga tuneli i Kastelecit. Furgoni zyrtar, n\u00eb [&hellip;]","og_url":"https:\/\/kosovatimes.info\/index.php\/2026\/09\/01\/publikohet-videoja-e-aksidentit-me-makine-ku-vdiq-presidenti-slloven\/","og_site_name":"Kosova Times","article_published_time":"2026-09-01T21:33:31+00:00","article_modified_time":"2026-09-01T21:33:33+00:00","og_image":[{"width":1280,"height":852,"url":"https:\/\/kosovatimes.info\/wp-content\/uploads\/2026\/09\/Pirc.jpg","type":"image\/jpeg"}],"author":"i l","twitter_card":"summary_large_image","twitter_misc":{"Written by":"i l","Est. reading time":"1 minute"},"schema":{"@context":"https:\/\/schema.org","@graph":[{"@type":"Article","@id":"https:\/\/kosovatimes.info\/index.php\/2026\/09\/01\/publikohet-videoja-e-aksidentit-me-makine-ku-vdiq-presidenti-slloven\/#article","isPartOf":{"@id":"https:\/\/kosovatimes.info\/index.php\/2026\/09\/01\/publikohet-videoja-e-aksidentit-me-makine-ku-vdiq-presidenti-slloven\/"},"author":{"name":"i l","@id":"https:\/\/kosovatimes.info\/#\/schema\/person\/7586712b9c512fe68085de007378c915"},"headline":"Publikohet videoja e aksidentit me makin\u00eb ku vdiq presidenti slloven","datePublished":"2026-09-01T21:33:31+00:00","dateModified":"2026-09-01T21:33:33+00:00","mainEntityOfPage":{"@id":"https:\/\/kosovatimes.info\/index.php\/2026\/09\/01\/publikohet-videoja-e-aksidentit-me-makine-ku-vdiq-presidenti-slloven\/"},"wordCount":187,"commentCount":0,"image":{"@id":"https:\/\/kosovatimes.info\/index.php\/2026\/09\/01\/publikohet-videoja-e-aksidentit-me-makine-ku-vdiq-presidenti-slloven\/#primaryimage"},"thumbnailUrl":"https:\/\/kosovatimes.info\/wp-content\/uploads\/2026\/09\/Pirc.jpg","articleSection":["Lajme","Rajon"],"inLanguage":"en-US","potentialAction":[{"@type":"CommentAction","name":"Comment","target":["https:\/\/kosovatimes.info\/index.php\/2026\/09\/01\/publikohet-videoja-e-aksidentit-me-makine-ku-vdiq-presidenti-slloven\/#respond"]}]},{"@type":"WebPage","@id":"https:\/\/kosovatimes.info\/index.php\/2026\/09\/01\/publikohet-videoja-e-aksidentit-me-makine-ku-vdiq-presidenti-slloven\/","url":"https:\/\/kosovatimes.info\/index.php\/2026\/09\/01\/publikohet-videoja-e-aksidentit-me-makine-ku-vdiq-presidenti-slloven\/","name":"Publikohet videoja e aksidentit me makin\u00eb ku vdiq presidenti slloven - Kosova Times","isPartOf":{"@id":"https:\/\/kosovatimes.info\/#website"},"primaryImageOfPage":{"@id":"https:\/\/kosovatimes.info\/index.php\/2026\/09\/01\/publikohet-videoja-e-aksidentit-me-makine-ku-vdiq-presidenti-slloven\/#primaryimage"},"image":{"@id":"https:\/\/kosovatimes.info\/index.php\/2026\/09\/01\/publikohet-videoja-e-aksidentit-me-makine-ku-vdiq-presidenti-slloven\/#primaryimage"},"thumbnailUrl":"https:\/\/kosovatimes.info\/wp-content\/uploads\/2026\/09\/Pirc.jpg","datePublished":"2026-09-01T21:33:31+00:00","dateModified":"2026-09-01T21:33:33+00:00","author":{"@id":"https:\/\/kosovatimes.info\/#\/schema\/person\/7586712b9c512fe68085de007378c915"},"breadcrumb":{"@id":"https:\/\/kosovatimes.info\/index.php\/2026\/09\/01\/publikohet-videoja-e-aksidentit-me-makine-ku-vdiq-presidenti-slloven\/#breadcrumb"},"inLanguage":"en-US","potentialAction":[{"@type":"ReadAction","target":["https:\/\/kosovatimes.info\/index.php\/2026\/09\/01\/publikohet-videoja-e-aksidentit-me-makine-ku-vdiq-presidenti-slloven\/"]}]},{"@type":"ImageObject","inLanguage":"en-US","@id":"https:\/\/kosovatimes.info\/index.php\/2026\/09\/01\/publikohet-videoja-e-aksidentit-me-makine-ku-vdiq-presidenti-slloven\/#primaryimage","url":"https:\/\/kosovatimes.info\/wp-content\/uploads\/2026\/09\/Pirc.jpg","contentUrl":"https:\/\/kosovatimes.info\/wp-content\/uploads\/2026\/09\/Pirc.jpg","width":1280,"height":852},{"@type":"BreadcrumbList","@id":"https:\/\/kosovatimes.info\/index.php\/2026\/09\/01\/publikohet-videoja-e-aksidentit-me-makine-ku-vdiq-presidenti-slloven\/#breadcrumb","itemListElement":[{"@type":"ListItem","position":1,"name":"Home","item":"https:\/\/kosovatimes.info\/"},{"@type":"ListItem","position":2,"name":"Publikohet videoja e aksidentit me makin\u00eb ku vdiq presidenti slloven"}]},{"@type":"WebSite","@id":"https:\/\/kosovatimes.info\/#website","url":"https:\/\/kosovatimes.info\/","name":"Kosova Times","description":"","potentialAction":[{"@type":"SearchAction","target":{"@type":"EntryPoint","urlTemplate":"https:\/\/kosovatimes.info\/?s={search_term_string}"},"query-input":{"@type":"PropertyValueSpecification","valueRequired":true,"valueName":"search_term_string"}}],"inLanguage":"en-US"},{"@type":"Person","@id":"https:\/\/kosovatimes.info\/#\/schema\/person\/7586712b9c512fe68085de007378c915","name":"i l","image":{"@type":"ImageObject","inLanguage":"en-US","@id":"https:\/\/secure.gravatar.com\/avatar\/bad9296e02816160ae2e2435beda58222022298d5625d49fea74d18816fbb31d?s=96&d=mm&r=g","url":"https:\/\/secure.gravatar.com\/avatar\/bad9296e02816160ae2e2435beda58222022298d5625d49fea74d18816fbb31d?s=96&d=mm&r=g","contentUrl":"https:\/\/secure.gravatar.com\/avatar\/bad9296e02816160ae2e2435beda58222022298d5625d49fea74d18816fbb31d?s=96&d=mm&r=g","caption":"i l"},"url":"https:\/\/kosovatimes.info\/index.php\/author\/iliri\/"}]}},"_links":{"self":[{"href":"https:\/\/kosovatimes.info\/index.php\/wp-json\/wp\/v2\/posts\/30523","targetHints":{"allow":["GET"]}}],"collection":[{"href":"https:\/\/kosovatimes.info\/index.php\/wp-json\/wp\/v2\/posts"}],"about":[{"href":"https:\/\/kosovatimes.info\/index.php\/wp-json\/wp\/v2\/types\/post"}],"author":[{"embeddable":true,"href":"https:\/\/kosovatimes.info\/index.php\/wp-json\/wp\/v2\/users\/4"}],"replies":[{"embeddable":true,"href":"https:\/\/kosovatimes.info\/index.php\/wp-json\/wp\/v2\/comments?post=30523"}],"version-history":[{"count":1,"href":"https:\/\/kosovatimes.info\/index.php\/wp-json\/wp\/v2\/posts\/30523\/revisions"}],"predecessor-version":[{"id":30525,"href":"https:\/\/kosovatimes.info\/index.php\/wp-json\/wp\/v2\/posts\/30523\/revisions\/30525"}],"wp:featuredmedia":[{"embeddable":true,"href":"https:\/\/kosovatimes.info\/index.php\/wp-json\/wp\/v2\/media\/30524"}],"wp:attachment":[{"href":"https:\/\/kosovatimes.info\/index.php\/wp-json\/wp\/v2\/media?parent=30523"}],"wp:term":[{"taxonomy":"category","embeddable":true,"href":"https:\/\/kosovatimes.info\/index.php\/wp-json\/wp\/v2\/categories?post=30523"},{"taxonomy":"post_tag","embeddable":true,"href":"https:\/\/kosovatimes.info\/index.php\/wp-json\/wp\/v2\/tags?post=30523"}],"curies":[{"name":"wp","href":"https:\/\/api.w.org\/{rel}","templated":true}]}}