{"id":30526,"date":"2026-09-01T23:40:14","date_gmt":"2026-09-01T21:40:14","guid":{"rendered":"https:\/\/kosovatimes.info\/?p=30526"},"modified":"2026-09-01T23:40:16","modified_gmt":"2026-09-01T21:40:16","slug":"ratko-mladiqit-i-bejne-homazhe-ne-banja-luka-komandant-faleminderit-per-gjithcka","status":"publish","type":"post","link":"https:\/\/kosovatimes.info\/index.php\/2026\/09\/01\/ratko-mladiqit-i-bejne-homazhe-ne-banja-luka-komandant-faleminderit-per-gjithcka\/","title":{"rendered":"Ratko Mladiqit i b\u00ebjne homazhe n\u00eb Banja Luka. &#8220;Komandant, faleminderit p\u00ebr gjith\u00e7ka&#8221;"},"content":{"rendered":"\n<p class=\"wp-block-paragraph\">M\u00eb shum\u00eb se nj\u00eb mij\u00eb njer\u00ebz u mblodh\u00ebn n\u00eb qend\u00ebr t\u00eb Banja Luk\u00ebs p\u00ebr t\u00eb p\u00ebrkujtuar Ratko Mladi\u00e7in, nj\u00eb t\u00eb d\u00ebnuar p\u00ebr krime lufte i cili vdiq n\u00eb Hag\u00eb t\u00eb enjten e kaluar, raporton&nbsp;<a href=\"https:\/\/www.slobodnaevropa.org\/a\/bih-banja-luka-ratko-mladic\/33845008.html\" target=\"_blank\" rel=\"noopener\">Radio Evropa e Lir\u00eb<\/a>&nbsp;.<\/p>\n\n\n\n<p class=\"wp-block-paragraph\">Luft\u00ebtar\u00ebt e demobilizuar dhe qytetar\u00eb t\u00eb tjer\u00eb u nis\u00ebn nga Sheshi Krajina n\u00eb qend\u00ebr t\u00eb qytetit drejt memorialit t\u00eb ushtar\u00ebve t\u00eb Ushtris\u00eb s\u00eb Republik\u00ebs Srpska, disa qindra metra larg. Ata mbanin banderola dhe flamuj me imazhin e Mladi\u0107-it. U ndez\u00ebn pishtar\u00eb. Radan Ostoji\u0107, Ministri i Pun\u00ebs dhe Mbrojtjes s\u00eb Veteran\u00ebve dhe Personave me Aft\u00ebsi t\u00eb Kufizuara i Republik\u00ebs Srpska, ishte midis t\u00eb mbledhurve.<\/p>\n\n\n\n<figure class=\"wp-block-image size-full\"><img loading=\"lazy\" decoding=\"async\" width=\"243\" height=\"220\" src=\"https:\/\/kosovatimes.info\/wp-content\/uploads\/2026\/09\/banjalluke.webp\" alt=\"\" class=\"wp-image-30528\" srcset=\"https:\/\/kosovatimes.info\/wp-content\/uploads\/2026\/09\/banjalluke.webp 243w, https:\/\/kosovatimes.info\/wp-content\/uploads\/2026\/09\/banjalluke-66x60.webp 66w, https:\/\/kosovatimes.info\/wp-content\/uploads\/2026\/09\/banjalluke-149x135.webp 149w, https:\/\/kosovatimes.info\/wp-content\/uploads\/2026\/09\/banjalluke-165x149.webp 165w\" sizes=\"auto, (max-width: 243px) 100vw, 243px\" \/><\/figure>\n\n\n\n<h3 class=\"wp-block-heading\">Ostojiq: P\u00ebrshtypjen m\u00eb t\u00eb thell\u00eb e l\u00ebn\u00eb t\u00eb rinjt\u00eb q\u00eb i jan\u00eb mir\u00ebnjoh\u00ebs Mladiq-it<\/h3>\n\n\n\n<p class=\"wp-block-paragraph\">Ostojiq tha se Banja Luka \u00ebsht\u00eb nj\u00eb nga nj\u00eb num\u00ebr qytetesh q\u00eb, p\u00ebrmes aktiviteteve t\u00eb ndryshme, shprehin mir\u00ebnjohje ndaj Mladi\u0107-it p\u00ebr krijimin e Republik\u00ebs Srpska dhe lirin\u00eb. &#8220;K\u00ebtu nuk shihni vet\u00ebm luft\u00ebtar\u00eb, invalid\u00eb lufte, familje t\u00eb luft\u00ebtar\u00ebve t\u00eb r\u00ebn\u00eb, ja \u00e7far\u00eb l\u00eb emocionin dhe p\u00ebrshtypjen m\u00eb t\u00eb thell\u00eb, dhe k\u00ebta jan\u00eb t\u00eb rinj q\u00eb jan\u00eb mir\u00ebnjoh\u00ebs ndaj Mladi\u0107-it, por edhe ndaj t\u00eb gjith\u00eb luft\u00ebtar\u00ebve t\u00eb r\u00ebn\u00eb&#8221;, tha Ostoji\u0107.<\/p>\n\n\n\n<p class=\"wp-block-paragraph\">Ai njoftoi se aktivitete t\u00eb tilla do t\u00eb vazhdojn\u00eb n\u00eb t\u00eb gjith\u00eb Republik\u00ebn Srpska derisa Mladi\u0107 t\u00eb varroset me dinjitet.<\/p>\n\n\n\n<p class=\"wp-block-paragraph\">Homazhi p\u00ebr Ratko Mladi\u0107 u mbajt n\u00eb nj\u00eb koh\u00eb kur n\u00eb Bosnj\u00eb dhe Hercegovin\u00eb, mohimi publik i gjenocidit, krimeve kund\u00ebr njer\u00ebzimit dhe krimeve t\u00eb luft\u00ebs t\u00eb p\u00ebrcaktuara me vendime p\u00ebrfundimtare, si dhe glorifikimi i kriminel\u00ebve t\u00eb luft\u00ebs t\u00eb d\u00ebnuar p\u00ebrfundimisht, jan\u00eb t\u00eb d\u00ebnueshme me Kodin Penal. K\u00ebto veprime jan\u00eb t\u00eb d\u00ebnueshme deri n\u00eb pes\u00eb vjet burg.<\/p>\n\n\n\n<p class=\"wp-block-paragraph\">Zyra e P\u00ebrfaq\u00ebsuesit t\u00eb Lart\u00eb n\u00eb Bosnj\u00eb dhe Hercegovin\u00eb njoftoi t\u00eb shtun\u00ebn se autoritetet n\u00eb Bosnj\u00eb dhe Hercegovin\u00eb kan\u00eb detyrimin t\u00eb sigurojn\u00eb sundimin e ligjit dhe t\u00eb sanksionojn\u00eb mohimin e gjenocidit dhe glorifikimin e kriminel\u00ebve t\u00eb luft\u00ebs.<\/p>\n","protected":false},"excerpt":{"rendered":"<p>M\u00eb shum\u00eb se nj\u00eb mij\u00eb njer\u00ebz u mblodh\u00ebn n\u00eb qend\u00ebr t\u00eb Banja Luk\u00ebs p\u00ebr t\u00eb p\u00ebrkujtuar Ratko Mladi\u00e7in, nj\u00eb t\u00eb d\u00ebnuar p\u00ebr krime lufte i cili vdiq n\u00eb Hag\u00eb t\u00eb enjten e kaluar, raporton&nbsp;Radio Evropa e Lir\u00eb&nbsp;. Luft\u00ebtar\u00ebt e demobilizuar dhe qytetar\u00eb t\u00eb tjer\u00eb u nis\u00ebn nga Sheshi Krajina n\u00eb qend\u00ebr t\u00eb qytetit drejt memorialit [&hellip;]<\/p>\n","protected":false},"author":4,"featured_media":30527,"comment_status":"open","ping_status":"open","sticky":false,"template":"","format":"standard","meta":{"footnotes":""},"categories":[30,32],"tags":[],"class_list":["post-30526","post","type-post","status-publish","format-standard","has-post-thumbnail","category-lajme","category-rajon"],"yoast_head":"<!-- This site is optimized with the Yoast SEO plugin v27.4 - https:\/\/yoast.com\/product\/yoast-seo-wordpress\/ -->\n<title>Ratko Mladiqit i b\u00ebjne homazhe n\u00eb Banja Luka. &quot;Komandant, faleminderit p\u00ebr gjith\u00e7ka&quot; - Kosova Times<\/title>\n<meta name=\"robots\" content=\"index, follow, max-snippet:-1, max-image-preview:large, max-video-preview:-1\" \/>\n<link rel=\"canonical\" href=\"https:\/\/kosovatimes.info\/index.php\/2026\/09\/01\/ratko-mladiqit-i-bejne-homazhe-ne-banja-luka-komandant-faleminderit-per-gjithcka\/\" \/>\n<meta property=\"og:locale\" content=\"en_US\" \/>\n<meta property=\"og:type\" content=\"article\" \/>\n<meta property=\"og:title\" content=\"Ratko Mladiqit i b\u00ebjne homazhe n\u00eb Banja Luka. &quot;Komandant, faleminderit p\u00ebr gjith\u00e7ka&quot; - Kosova Times\" \/>\n<meta property=\"og:description\" content=\"M\u00eb shum\u00eb se nj\u00eb mij\u00eb njer\u00ebz u mblodh\u00ebn n\u00eb qend\u00ebr t\u00eb Banja Luk\u00ebs p\u00ebr t\u00eb p\u00ebrkujtuar Ratko Mladi\u00e7in, nj\u00eb t\u00eb d\u00ebnuar p\u00ebr krime lufte i cili vdiq n\u00eb Hag\u00eb t\u00eb enjten e kaluar, raporton&nbsp;Radio Evropa e Lir\u00eb&nbsp;. Luft\u00ebtar\u00ebt e demobilizuar dhe qytetar\u00eb t\u00eb tjer\u00eb u nis\u00ebn nga Sheshi Krajina n\u00eb qend\u00ebr t\u00eb qytetit drejt memorialit [&hellip;]\" \/>\n<meta property=\"og:url\" content=\"https:\/\/kosovatimes.info\/index.php\/2026\/09\/01\/ratko-mladiqit-i-bejne-homazhe-ne-banja-luka-komandant-faleminderit-per-gjithcka\/\" \/>\n<meta property=\"og:site_name\" content=\"Kosova Times\" \/>\n<meta property=\"article:published_time\" content=\"2026-09-01T21:40:14+00:00\" \/>\n<meta property=\"article:modified_time\" content=\"2026-09-01T21:40:16+00:00\" \/>\n<meta property=\"og:image\" content=\"https:\/\/kosovatimes.info\/wp-content\/uploads\/2026\/09\/Mladiq.webp\" \/>\n\t<meta property=\"og:image:width\" content=\"243\" \/>\n\t<meta property=\"og:image:height\" content=\"220\" \/>\n\t<meta property=\"og:image:type\" content=\"image\/webp\" \/>\n<meta name=\"author\" content=\"i l\" \/>\n<meta name=\"twitter:card\" content=\"summary_large_image\" \/>\n<meta name=\"twitter:label1\" content=\"Written by\" \/>\n\t<meta name=\"twitter:data1\" content=\"i l\" \/>\n\t<meta name=\"twitter:label2\" content=\"Est. reading time\" \/>\n\t<meta name=\"twitter:data2\" content=\"2 minutes\" \/>\n<script type=\"application\/ld+json\" class=\"yoast-schema-graph\">{\"@context\":\"https:\\\/\\\/schema.org\",\"@graph\":[{\"@type\":\"Article\",\"@id\":\"https:\\\/\\\/kosovatimes.info\\\/index.php\\\/2026\\\/09\\\/01\\\/ratko-mladiqit-i-bejne-homazhe-ne-banja-luka-komandant-faleminderit-per-gjithcka\\\/#article\",\"isPartOf\":{\"@id\":\"https:\\\/\\\/kosovatimes.info\\\/index.php\\\/2026\\\/09\\\/01\\\/ratko-mladiqit-i-bejne-homazhe-ne-banja-luka-komandant-faleminderit-per-gjithcka\\\/\"},\"author\":{\"name\":\"i l\",\"@id\":\"https:\\\/\\\/kosovatimes.info\\\/#\\\/schema\\\/person\\\/7586712b9c512fe68085de007378c915\"},\"headline\":\"Ratko Mladiqit i b\u00ebjne homazhe n\u00eb Banja Luka. &#8220;Komandant, faleminderit p\u00ebr gjith\u00e7ka&#8221;\",\"datePublished\":\"2026-09-01T21:40:14+00:00\",\"dateModified\":\"2026-09-01T21:40:16+00:00\",\"mainEntityOfPage\":{\"@id\":\"https:\\\/\\\/kosovatimes.info\\\/index.php\\\/2026\\\/09\\\/01\\\/ratko-mladiqit-i-bejne-homazhe-ne-banja-luka-komandant-faleminderit-per-gjithcka\\\/\"},\"wordCount\":377,\"commentCount\":0,\"image\":{\"@id\":\"https:\\\/\\\/kosovatimes.info\\\/index.php\\\/2026\\\/09\\\/01\\\/ratko-mladiqit-i-bejne-homazhe-ne-banja-luka-komandant-faleminderit-per-gjithcka\\\/#primaryimage\"},\"thumbnailUrl\":\"https:\\\/\\\/kosovatimes.info\\\/wp-content\\\/uploads\\\/2026\\\/09\\\/Mladiq.webp\",\"articleSection\":[\"Lajme\",\"Rajon\"],\"inLanguage\":\"en-US\",\"potentialAction\":[{\"@type\":\"CommentAction\",\"name\":\"Comment\",\"target\":[\"https:\\\/\\\/kosovatimes.info\\\/index.php\\\/2026\\\/09\\\/01\\\/ratko-mladiqit-i-bejne-homazhe-ne-banja-luka-komandant-faleminderit-per-gjithcka\\\/#respond\"]}]},{\"@type\":\"WebPage\",\"@id\":\"https:\\\/\\\/kosovatimes.info\\\/index.php\\\/2026\\\/09\\\/01\\\/ratko-mladiqit-i-bejne-homazhe-ne-banja-luka-komandant-faleminderit-per-gjithcka\\\/\",\"url\":\"https:\\\/\\\/kosovatimes.info\\\/index.php\\\/2026\\\/09\\\/01\\\/ratko-mladiqit-i-bejne-homazhe-ne-banja-luka-komandant-faleminderit-per-gjithcka\\\/\",\"name\":\"Ratko Mladiqit i b\u00ebjne homazhe n\u00eb Banja Luka. \\\"Komandant, faleminderit p\u00ebr gjith\u00e7ka\\\" - Kosova Times\",\"isPartOf\":{\"@id\":\"https:\\\/\\\/kosovatimes.info\\\/#website\"},\"primaryImageOfPage\":{\"@id\":\"https:\\\/\\\/kosovatimes.info\\\/index.php\\\/2026\\\/09\\\/01\\\/ratko-mladiqit-i-bejne-homazhe-ne-banja-luka-komandant-faleminderit-per-gjithcka\\\/#primaryimage\"},\"image\":{\"@id\":\"https:\\\/\\\/kosovatimes.info\\\/index.php\\\/2026\\\/09\\\/01\\\/ratko-mladiqit-i-bejne-homazhe-ne-banja-luka-komandant-faleminderit-per-gjithcka\\\/#primaryimage\"},\"thumbnailUrl\":\"https:\\\/\\\/kosovatimes.info\\\/wp-content\\\/uploads\\\/2026\\\/09\\\/Mladiq.webp\",\"datePublished\":\"2026-09-01T21:40:14+00:00\",\"dateModified\":\"2026-09-01T21:40:16+00:00\",\"author\":{\"@id\":\"https:\\\/\\\/kosovatimes.info\\\/#\\\/schema\\\/person\\\/7586712b9c512fe68085de007378c915\"},\"breadcrumb\":{\"@id\":\"https:\\\/\\\/kosovatimes.info\\\/index.php\\\/2026\\\/09\\\/01\\\/ratko-mladiqit-i-bejne-homazhe-ne-banja-luka-komandant-faleminderit-per-gjithcka\\\/#breadcrumb\"},\"inLanguage\":\"en-US\",\"potentialAction\":[{\"@type\":\"ReadAction\",\"target\":[\"https:\\\/\\\/kosovatimes.info\\\/index.php\\\/2026\\\/09\\\/01\\\/ratko-mladiqit-i-bejne-homazhe-ne-banja-luka-komandant-faleminderit-per-gjithcka\\\/\"]}]},{\"@type\":\"ImageObject\",\"inLanguage\":\"en-US\",\"@id\":\"https:\\\/\\\/kosovatimes.info\\\/index.php\\\/2026\\\/09\\\/01\\\/ratko-mladiqit-i-bejne-homazhe-ne-banja-luka-komandant-faleminderit-per-gjithcka\\\/#primaryimage\",\"url\":\"https:\\\/\\\/kosovatimes.info\\\/wp-content\\\/uploads\\\/2026\\\/09\\\/Mladiq.webp\",\"contentUrl\":\"https:\\\/\\\/kosovatimes.info\\\/wp-content\\\/uploads\\\/2026\\\/09\\\/Mladiq.webp\",\"width\":243,\"height\":220},{\"@type\":\"BreadcrumbList\",\"@id\":\"https:\\\/\\\/kosovatimes.info\\\/index.php\\\/2026\\\/09\\\/01\\\/ratko-mladiqit-i-bejne-homazhe-ne-banja-luka-komandant-faleminderit-per-gjithcka\\\/#breadcrumb\",\"itemListElement\":[{\"@type\":\"ListItem\",\"position\":1,\"name\":\"Home\",\"item\":\"https:\\\/\\\/kosovatimes.info\\\/\"},{\"@type\":\"ListItem\",\"position\":2,\"name\":\"Ratko Mladiqit i b\u00ebjne homazhe n\u00eb Banja Luka. &#8220;Komandant, faleminderit p\u00ebr gjith\u00e7ka&#8221;\"}]},{\"@type\":\"WebSite\",\"@id\":\"https:\\\/\\\/kosovatimes.info\\\/#website\",\"url\":\"https:\\\/\\\/kosovatimes.info\\\/\",\"name\":\"Kosova Times\",\"description\":\"\",\"potentialAction\":[{\"@type\":\"SearchAction\",\"target\":{\"@type\":\"EntryPoint\",\"urlTemplate\":\"https:\\\/\\\/kosovatimes.info\\\/?s={search_term_string}\"},\"query-input\":{\"@type\":\"PropertyValueSpecification\",\"valueRequired\":true,\"valueName\":\"search_term_string\"}}],\"inLanguage\":\"en-US\"},{\"@type\":\"Person\",\"@id\":\"https:\\\/\\\/kosovatimes.info\\\/#\\\/schema\\\/person\\\/7586712b9c512fe68085de007378c915\",\"name\":\"i l\",\"image\":{\"@type\":\"ImageObject\",\"inLanguage\":\"en-US\",\"@id\":\"https:\\\/\\\/secure.gravatar.com\\\/avatar\\\/bad9296e02816160ae2e2435beda58222022298d5625d49fea74d18816fbb31d?s=96&d=mm&r=g\",\"url\":\"https:\\\/\\\/secure.gravatar.com\\\/avatar\\\/bad9296e02816160ae2e2435beda58222022298d5625d49fea74d18816fbb31d?s=96&d=mm&r=g\",\"contentUrl\":\"https:\\\/\\\/secure.gravatar.com\\\/avatar\\\/bad9296e02816160ae2e2435beda58222022298d5625d49fea74d18816fbb31d?s=96&d=mm&r=g\",\"caption\":\"i l\"},\"url\":\"https:\\\/\\\/kosovatimes.info\\\/index.php\\\/author\\\/iliri\\\/\"}]}<\/script>\n<!-- \/ Yoast SEO plugin. -->","yoast_head_json":{"title":"Ratko Mladiqit i b\u00ebjne homazhe n\u00eb Banja Luka. \"Komandant, faleminderit p\u00ebr gjith\u00e7ka\" - Kosova Times","robots":{"index":"index","follow":"follow","max-snippet":"max-snippet:-1","max-image-preview":"max-image-preview:large","max-video-preview":"max-video-preview:-1"},"canonical":"https:\/\/kosovatimes.info\/index.php\/2026\/09\/01\/ratko-mladiqit-i-bejne-homazhe-ne-banja-luka-komandant-faleminderit-per-gjithcka\/","og_locale":"en_US","og_type":"article","og_title":"Ratko Mladiqit i b\u00ebjne homazhe n\u00eb Banja Luka. \"Komandant, faleminderit p\u00ebr gjith\u00e7ka\" - Kosova Times","og_description":"M\u00eb shum\u00eb se nj\u00eb mij\u00eb njer\u00ebz u mblodh\u00ebn n\u00eb qend\u00ebr t\u00eb Banja Luk\u00ebs p\u00ebr t\u00eb p\u00ebrkujtuar Ratko Mladi\u00e7in, nj\u00eb t\u00eb d\u00ebnuar p\u00ebr krime lufte i cili vdiq n\u00eb Hag\u00eb t\u00eb enjten e kaluar, raporton&nbsp;Radio Evropa e Lir\u00eb&nbsp;. Luft\u00ebtar\u00ebt e demobilizuar dhe qytetar\u00eb t\u00eb tjer\u00eb u nis\u00ebn nga Sheshi Krajina n\u00eb qend\u00ebr t\u00eb qytetit drejt memorialit [&hellip;]","og_url":"https:\/\/kosovatimes.info\/index.php\/2026\/09\/01\/ratko-mladiqit-i-bejne-homazhe-ne-banja-luka-komandant-faleminderit-per-gjithcka\/","og_site_name":"Kosova Times","article_published_time":"2026-09-01T21:40:14+00:00","article_modified_time":"2026-09-01T21:40:16+00:00","og_image":[{"width":243,"height":220,"url":"https:\/\/kosovatimes.info\/wp-content\/uploads\/2026\/09\/Mladiq.webp","type":"image\/webp"}],"author":"i l","twitter_card":"summary_large_image","twitter_misc":{"Written by":"i l","Est. reading time":"2 minutes"},"schema":{"@context":"https:\/\/schema.org","@graph":[{"@type":"Article","@id":"https:\/\/kosovatimes.info\/index.php\/2026\/09\/01\/ratko-mladiqit-i-bejne-homazhe-ne-banja-luka-komandant-faleminderit-per-gjithcka\/#article","isPartOf":{"@id":"https:\/\/kosovatimes.info\/index.php\/2026\/09\/01\/ratko-mladiqit-i-bejne-homazhe-ne-banja-luka-komandant-faleminderit-per-gjithcka\/"},"author":{"name":"i l","@id":"https:\/\/kosovatimes.info\/#\/schema\/person\/7586712b9c512fe68085de007378c915"},"headline":"Ratko Mladiqit i b\u00ebjne homazhe n\u00eb Banja Luka. &#8220;Komandant, faleminderit p\u00ebr gjith\u00e7ka&#8221;","datePublished":"2026-09-01T21:40:14+00:00","dateModified":"2026-09-01T21:40:16+00:00","mainEntityOfPage":{"@id":"https:\/\/kosovatimes.info\/index.php\/2026\/09\/01\/ratko-mladiqit-i-bejne-homazhe-ne-banja-luka-komandant-faleminderit-per-gjithcka\/"},"wordCount":377,"commentCount":0,"image":{"@id":"https:\/\/kosovatimes.info\/index.php\/2026\/09\/01\/ratko-mladiqit-i-bejne-homazhe-ne-banja-luka-komandant-faleminderit-per-gjithcka\/#primaryimage"},"thumbnailUrl":"https:\/\/kosovatimes.info\/wp-content\/uploads\/2026\/09\/Mladiq.webp","articleSection":["Lajme","Rajon"],"inLanguage":"en-US","potentialAction":[{"@type":"CommentAction","name":"Comment","target":["https:\/\/kosovatimes.info\/index.php\/2026\/09\/01\/ratko-mladiqit-i-bejne-homazhe-ne-banja-luka-komandant-faleminderit-per-gjithcka\/#respond"]}]},{"@type":"WebPage","@id":"https:\/\/kosovatimes.info\/index.php\/2026\/09\/01\/ratko-mladiqit-i-bejne-homazhe-ne-banja-luka-komandant-faleminderit-per-gjithcka\/","url":"https:\/\/kosovatimes.info\/index.php\/2026\/09\/01\/ratko-mladiqit-i-bejne-homazhe-ne-banja-luka-komandant-faleminderit-per-gjithcka\/","name":"Ratko Mladiqit i b\u00ebjne homazhe n\u00eb Banja Luka. \"Komandant, faleminderit p\u00ebr gjith\u00e7ka\" - Kosova Times","isPartOf":{"@id":"https:\/\/kosovatimes.info\/#website"},"primaryImageOfPage":{"@id":"https:\/\/kosovatimes.info\/index.php\/2026\/09\/01\/ratko-mladiqit-i-bejne-homazhe-ne-banja-luka-komandant-faleminderit-per-gjithcka\/#primaryimage"},"image":{"@id":"https:\/\/kosovatimes.info\/index.php\/2026\/09\/01\/ratko-mladiqit-i-bejne-homazhe-ne-banja-luka-komandant-faleminderit-per-gjithcka\/#primaryimage"},"thumbnailUrl":"https:\/\/kosovatimes.info\/wp-content\/uploads\/2026\/09\/Mladiq.webp","datePublished":"2026-09-01T21:40:14+00:00","dateModified":"2026-09-01T21:40:16+00:00","author":{"@id":"https:\/\/kosovatimes.info\/#\/schema\/person\/7586712b9c512fe68085de007378c915"},"breadcrumb":{"@id":"https:\/\/kosovatimes.info\/index.php\/2026\/09\/01\/ratko-mladiqit-i-bejne-homazhe-ne-banja-luka-komandant-faleminderit-per-gjithcka\/#breadcrumb"},"inLanguage":"en-US","potentialAction":[{"@type":"ReadAction","target":["https:\/\/kosovatimes.info\/index.php\/2026\/09\/01\/ratko-mladiqit-i-bejne-homazhe-ne-banja-luka-komandant-faleminderit-per-gjithcka\/"]}]},{"@type":"ImageObject","inLanguage":"en-US","@id":"https:\/\/kosovatimes.info\/index.php\/2026\/09\/01\/ratko-mladiqit-i-bejne-homazhe-ne-banja-luka-komandant-faleminderit-per-gjithcka\/#primaryimage","url":"https:\/\/kosovatimes.info\/wp-content\/uploads\/2026\/09\/Mladiq.webp","contentUrl":"https:\/\/kosovatimes.info\/wp-content\/uploads\/2026\/09\/Mladiq.webp","width":243,"height":220},{"@type":"BreadcrumbList","@id":"https:\/\/kosovatimes.info\/index.php\/2026\/09\/01\/ratko-mladiqit-i-bejne-homazhe-ne-banja-luka-komandant-faleminderit-per-gjithcka\/#breadcrumb","itemListElement":[{"@type":"ListItem","position":1,"name":"Home","item":"https:\/\/kosovatimes.info\/"},{"@type":"ListItem","position":2,"name":"Ratko Mladiqit i b\u00ebjne homazhe n\u00eb Banja Luka. &#8220;Komandant, faleminderit p\u00ebr gjith\u00e7ka&#8221;"}]},{"@type":"WebSite","@id":"https:\/\/kosovatimes.info\/#website","url":"https:\/\/kosovatimes.info\/","name":"Kosova Times","description":"","potentialAction":[{"@type":"SearchAction","target":{"@type":"EntryPoint","urlTemplate":"https:\/\/kosovatimes.info\/?s={search_term_string}"},"query-input":{"@type":"PropertyValueSpecification","valueRequired":true,"valueName":"search_term_string"}}],"inLanguage":"en-US"},{"@type":"Person","@id":"https:\/\/kosovatimes.info\/#\/schema\/person\/7586712b9c512fe68085de007378c915","name":"i l","image":{"@type":"ImageObject","inLanguage":"en-US","@id":"https:\/\/secure.gravatar.com\/avatar\/bad9296e02816160ae2e2435beda58222022298d5625d49fea74d18816fbb31d?s=96&d=mm&r=g","url":"https:\/\/secure.gravatar.com\/avatar\/bad9296e02816160ae2e2435beda58222022298d5625d49fea74d18816fbb31d?s=96&d=mm&r=g","contentUrl":"https:\/\/secure.gravatar.com\/avatar\/bad9296e02816160ae2e2435beda58222022298d5625d49fea74d18816fbb31d?s=96&d=mm&r=g","caption":"i l"},"url":"https:\/\/kosovatimes.info\/index.php\/author\/iliri\/"}]}},"_links":{"self":[{"href":"https:\/\/kosovatimes.info\/index.php\/wp-json\/wp\/v2\/posts\/30526","targetHints":{"allow":["GET"]}}],"collection":[{"href":"https:\/\/kosovatimes.info\/index.php\/wp-json\/wp\/v2\/posts"}],"about":[{"href":"https:\/\/kosovatimes.info\/index.php\/wp-json\/wp\/v2\/types\/post"}],"author":[{"embeddable":true,"href":"https:\/\/kosovatimes.info\/index.php\/wp-json\/wp\/v2\/users\/4"}],"replies":[{"embeddable":true,"href":"https:\/\/kosovatimes.info\/index.php\/wp-json\/wp\/v2\/comments?post=30526"}],"version-history":[{"count":1,"href":"https:\/\/kosovatimes.info\/index.php\/wp-json\/wp\/v2\/posts\/30526\/revisions"}],"predecessor-version":[{"id":30529,"href":"https:\/\/kosovatimes.info\/index.php\/wp-json\/wp\/v2\/posts\/30526\/revisions\/30529"}],"wp:featuredmedia":[{"embeddable":true,"href":"https:\/\/kosovatimes.info\/index.php\/wp-json\/wp\/v2\/media\/30527"}],"wp:attachment":[{"href":"https:\/\/kosovatimes.info\/index.php\/wp-json\/wp\/v2\/media?parent=30526"}],"wp:term":[{"taxonomy":"category","embeddable":true,"href":"https:\/\/kosovatimes.info\/index.php\/wp-json\/wp\/v2\/categories?post=30526"},{"taxonomy":"post_tag","embeddable":true,"href":"https:\/\/kosovatimes.info\/index.php\/wp-json\/wp\/v2\/tags?post=30526"}],"curies":[{"name":"wp","href":"https:\/\/api.w.org\/{rel}","templated":true}]}}