{"id":30549,"date":"2026-09-02T08:24:24","date_gmt":"2026-09-02T06:24:24","guid":{"rendered":"https:\/\/kosovatimes.info\/?p=30549"},"modified":"2026-09-02T08:24:25","modified_gmt":"2026-09-02T06:24:25","slug":"video-reagimi-i-pare-i-putinit-ndaj-njoftimit-dramatik-te-zelenskit-se-do-te-mbylle-qiellin-mbi-rusine-ka-mberritur","status":"publish","type":"post","link":"https:\/\/kosovatimes.info\/index.php\/2026\/09\/02\/video-reagimi-i-pare-i-putinit-ndaj-njoftimit-dramatik-te-zelenskit-se-do-te-mbylle-qiellin-mbi-rusine-ka-mberritur\/","title":{"rendered":"VIDEO Reagimi i par\u00eb i Putinit ndaj njoftimit dramatik t\u00eb Zelenskit se do t\u00eb &#8216;mbyll\u00eb qiellin mbi Rusin\u00eb&#8217; ka mb\u00ebrritur"},"content":{"rendered":"\n<figure class=\"wp-block-embed is-type-rich is-provider-x wp-block-embed-x\"><div class=\"wp-block-embed__wrapper\">\n<blockquote class=\"twitter-tweet\" data-width=\"550\" data-dnt=\"true\"><p lang=\"en\" dir=\"ltr\">putin\u2019s public reaction to Zelenskyy\u2019s statement about closing russian airspace.<br><br>Pay close attention to his body language. <a href=\"https:\/\/t.co\/1kJQhSzTQV\">pic.twitter.com\/1kJQhSzTQV<\/a><\/p>&mdash; Alex Bond (@AlexBondODUA) <a href=\"https:\/\/x.com\/AlexBondODUA\/status\/2094899166820397404?ref_src=twsrc%5Etfw\">September 1, 2026<\/a><\/blockquote><script async src=\"https:\/\/platform.x.com\/widgets.js\" charset=\"utf-8\"><\/script>\n<\/div><\/figure>\n\n\n\n<p class=\"wp-block-paragraph\">N\u00ebse nj\u00eb gj\u00eb e till\u00eb thuhet publikisht, at\u00ebher\u00eb kjo \u00ebsht\u00eb nj\u00eb njoftim p\u00ebr terroriz\u00ebm shtet\u00ebror. Ne nuk negociojm\u00eb me terrorist\u00eb &#8211; tha Putin, duke komentuar deklarat\u00ebn e Zelensky-t p\u00ebr mbylljen e qiellit rus.<\/p>\n\n\n\n<p class=\"wp-block-paragraph\">Udh\u00ebheq\u00ebsi rus shtoi se Moska do t\u00eb gjente nj\u00eb m\u00ebnyr\u00eb p\u00ebr t&#8217;iu p\u00ebrgjigjur mesazheve t\u00eb tilla.<\/p>\n\n\n\n<p class=\"wp-block-paragraph\">Putin njoftoi gjithashtu se forcat e armatosura ruse kishin marr\u00eb urdh\u00ebr t\u00eb p\u00ebrgatiteshin dhe t\u00eb kryenin sulme masive ndaj sektorit energjetik t\u00eb Ukrain\u00ebs.<\/p>\n\n\n\n<p class=\"wp-block-paragraph\">&#8220;Ata po sulmojn\u00eb objektet tona dhe do t\u00eb marrin nj\u00eb p\u00ebrgjigje,&#8221; tha ai.<\/p>\n\n\n\n<h3 class=\"wp-block-heading\">\u00c7far\u00eb tha Zelensky?<\/h3>\n\n\n\n<p class=\"wp-block-paragraph\">Presidenti ukrainas Volodymyr Zelensky njoftoi m\u00eb par\u00eb se Ukraina po fillon t\u00eb mbyll\u00eb qiellin mbi Rusin\u00eb. Sipas tij, hap\u00ebsira ajrore ruse po b\u00ebhet e rrezikshme p\u00ebr aviacionin civil p\u00ebr shkak t\u00eb pranis\u00eb masive t\u00eb dron\u00ebve.<\/p>\n\n\n\n<p class=\"wp-block-paragraph\">N\u00eb t\u00eb nj\u00ebjt\u00ebn koh\u00eb, Zelenski theksoi se Kievi nuk k\u00ebrc\u00ebnon avion\u00ebt civil\u00eb, por paralajm\u00ebron linjat ajrore nd\u00ebrkomb\u00ebtare dhe siguruesit se duhet t\u00eb marrin parasysh rreziqet n\u00eb rritje t\u00eb siguris\u00eb kur marrin vendime.<\/p>\n\n\n\n<p class=\"wp-block-paragraph\">Mediat raportuan m\u00eb par\u00eb se zyrtar\u00ebt ukrainas dyshohet se i kishin propozuar Zelensky-t sulme me dron\u00eb n\u00eb aeroportet e Mosk\u00ebs n\u00eb fillim t\u00eb vitit, por ky plan u pezullua.<\/p>\n\n\n\n<p class=\"wp-block-paragraph\">Sipas k\u00ebtij propozimi, deri n\u00eb 1,000 dron\u00eb autonom\u00eb me kosto t\u00eb ul\u00ebt do t\u00eb l\u00ebshoheshin \u00e7do dit\u00eb n\u00eb aeroportet n\u00eb Mosk\u00eb dhe p\u00ebrreth saj, t\u00eb cil\u00ebt do t\u00eb ishin n\u00eb gjendje t\u00eb gjenin dhe t\u00eb godisnin objektivat n\u00eb m\u00ebnyr\u00eb t\u00eb pavarur pa udh\u00ebzimin e operatorit.<\/p>\n","protected":false},"excerpt":{"rendered":"<p>N\u00ebse nj\u00eb gj\u00eb e till\u00eb thuhet publikisht, at\u00ebher\u00eb kjo \u00ebsht\u00eb nj\u00eb njoftim p\u00ebr terroriz\u00ebm shtet\u00ebror. Ne nuk negociojm\u00eb me terrorist\u00eb &#8211; tha Putin, duke komentuar deklarat\u00ebn e Zelensky-t p\u00ebr mbylljen e qiellit rus. Udh\u00ebheq\u00ebsi rus shtoi se Moska do t\u00eb gjente nj\u00eb m\u00ebnyr\u00eb p\u00ebr t&#8217;iu p\u00ebrgjigjur mesazheve t\u00eb tilla. Putin njoftoi gjithashtu se forcat e [&hellip;]<\/p>\n","protected":false},"author":4,"featured_media":0,"comment_status":"open","ping_status":"open","sticky":false,"template":"","format":"standard","meta":{"footnotes":""},"categories":[33,30],"tags":[],"class_list":["post-30549","post","type-post","status-publish","format-standard","category-bote","category-lajme"],"yoast_head":"<!-- This site is optimized with the Yoast SEO plugin v27.4 - https:\/\/yoast.com\/product\/yoast-seo-wordpress\/ -->\n<title>VIDEO Reagimi i par\u00eb i Putinit ndaj njoftimit dramatik t\u00eb Zelenskit se do t\u00eb &#039;mbyll\u00eb qiellin mbi Rusin\u00eb&#039; ka mb\u00ebrritur - Kosova Times<\/title>\n<meta name=\"robots\" content=\"index, follow, max-snippet:-1, max-image-preview:large, max-video-preview:-1\" \/>\n<link rel=\"canonical\" href=\"https:\/\/kosovatimes.info\/index.php\/2026\/09\/02\/video-reagimi-i-pare-i-putinit-ndaj-njoftimit-dramatik-te-zelenskit-se-do-te-mbylle-qiellin-mbi-rusine-ka-mberritur\/\" \/>\n<meta property=\"og:locale\" content=\"en_US\" \/>\n<meta property=\"og:type\" content=\"article\" \/>\n<meta property=\"og:title\" content=\"VIDEO Reagimi i par\u00eb i Putinit ndaj njoftimit dramatik t\u00eb Zelenskit se do t\u00eb &#039;mbyll\u00eb qiellin mbi Rusin\u00eb&#039; ka mb\u00ebrritur - Kosova Times\" \/>\n<meta property=\"og:description\" content=\"N\u00ebse nj\u00eb gj\u00eb e till\u00eb thuhet publikisht, at\u00ebher\u00eb kjo \u00ebsht\u00eb nj\u00eb njoftim p\u00ebr terroriz\u00ebm shtet\u00ebror. Ne nuk negociojm\u00eb me terrorist\u00eb &#8211; tha Putin, duke komentuar deklarat\u00ebn e Zelensky-t p\u00ebr mbylljen e qiellit rus. Udh\u00ebheq\u00ebsi rus shtoi se Moska do t\u00eb gjente nj\u00eb m\u00ebnyr\u00eb p\u00ebr t&#8217;iu p\u00ebrgjigjur mesazheve t\u00eb tilla. Putin njoftoi gjithashtu se forcat e [&hellip;]\" \/>\n<meta property=\"og:url\" content=\"https:\/\/kosovatimes.info\/index.php\/2026\/09\/02\/video-reagimi-i-pare-i-putinit-ndaj-njoftimit-dramatik-te-zelenskit-se-do-te-mbylle-qiellin-mbi-rusine-ka-mberritur\/\" \/>\n<meta property=\"og:site_name\" content=\"Kosova Times\" \/>\n<meta property=\"article:published_time\" content=\"2026-09-02T06:24:24+00:00\" \/>\n<meta property=\"article:modified_time\" content=\"2026-09-02T06:24:25+00:00\" \/>\n<meta name=\"author\" content=\"i l\" \/>\n<meta name=\"twitter:card\" content=\"summary_large_image\" \/>\n<meta name=\"twitter:label1\" content=\"Written by\" \/>\n\t<meta name=\"twitter:data1\" content=\"i l\" \/>\n\t<meta name=\"twitter:label2\" content=\"Est. reading time\" \/>\n\t<meta name=\"twitter:data2\" content=\"1 minute\" \/>\n<script type=\"application\/ld+json\" class=\"yoast-schema-graph\">{\"@context\":\"https:\\\/\\\/schema.org\",\"@graph\":[{\"@type\":\"Article\",\"@id\":\"https:\\\/\\\/kosovatimes.info\\\/index.php\\\/2026\\\/09\\\/02\\\/video-reagimi-i-pare-i-putinit-ndaj-njoftimit-dramatik-te-zelenskit-se-do-te-mbylle-qiellin-mbi-rusine-ka-mberritur\\\/#article\",\"isPartOf\":{\"@id\":\"https:\\\/\\\/kosovatimes.info\\\/index.php\\\/2026\\\/09\\\/02\\\/video-reagimi-i-pare-i-putinit-ndaj-njoftimit-dramatik-te-zelenskit-se-do-te-mbylle-qiellin-mbi-rusine-ka-mberritur\\\/\"},\"author\":{\"name\":\"i l\",\"@id\":\"https:\\\/\\\/kosovatimes.info\\\/#\\\/schema\\\/person\\\/7586712b9c512fe68085de007378c915\"},\"headline\":\"VIDEO Reagimi i par\u00eb i Putinit ndaj njoftimit dramatik t\u00eb Zelenskit se do t\u00eb &#8216;mbyll\u00eb qiellin mbi Rusin\u00eb&#8217; ka mb\u00ebrritur\",\"datePublished\":\"2026-09-02T06:24:24+00:00\",\"dateModified\":\"2026-09-02T06:24:25+00:00\",\"mainEntityOfPage\":{\"@id\":\"https:\\\/\\\/kosovatimes.info\\\/index.php\\\/2026\\\/09\\\/02\\\/video-reagimi-i-pare-i-putinit-ndaj-njoftimit-dramatik-te-zelenskit-se-do-te-mbylle-qiellin-mbi-rusine-ka-mberritur\\\/\"},\"wordCount\":327,\"commentCount\":0,\"articleSection\":[\"Bot\u00eb\",\"Lajme\"],\"inLanguage\":\"en-US\",\"potentialAction\":[{\"@type\":\"CommentAction\",\"name\":\"Comment\",\"target\":[\"https:\\\/\\\/kosovatimes.info\\\/index.php\\\/2026\\\/09\\\/02\\\/video-reagimi-i-pare-i-putinit-ndaj-njoftimit-dramatik-te-zelenskit-se-do-te-mbylle-qiellin-mbi-rusine-ka-mberritur\\\/#respond\"]}]},{\"@type\":\"WebPage\",\"@id\":\"https:\\\/\\\/kosovatimes.info\\\/index.php\\\/2026\\\/09\\\/02\\\/video-reagimi-i-pare-i-putinit-ndaj-njoftimit-dramatik-te-zelenskit-se-do-te-mbylle-qiellin-mbi-rusine-ka-mberritur\\\/\",\"url\":\"https:\\\/\\\/kosovatimes.info\\\/index.php\\\/2026\\\/09\\\/02\\\/video-reagimi-i-pare-i-putinit-ndaj-njoftimit-dramatik-te-zelenskit-se-do-te-mbylle-qiellin-mbi-rusine-ka-mberritur\\\/\",\"name\":\"VIDEO Reagimi i par\u00eb i Putinit ndaj njoftimit dramatik t\u00eb Zelenskit se do t\u00eb 'mbyll\u00eb qiellin mbi Rusin\u00eb' ka mb\u00ebrritur - Kosova Times\",\"isPartOf\":{\"@id\":\"https:\\\/\\\/kosovatimes.info\\\/#website\"},\"datePublished\":\"2026-09-02T06:24:24+00:00\",\"dateModified\":\"2026-09-02T06:24:25+00:00\",\"author\":{\"@id\":\"https:\\\/\\\/kosovatimes.info\\\/#\\\/schema\\\/person\\\/7586712b9c512fe68085de007378c915\"},\"breadcrumb\":{\"@id\":\"https:\\\/\\\/kosovatimes.info\\\/index.php\\\/2026\\\/09\\\/02\\\/video-reagimi-i-pare-i-putinit-ndaj-njoftimit-dramatik-te-zelenskit-se-do-te-mbylle-qiellin-mbi-rusine-ka-mberritur\\\/#breadcrumb\"},\"inLanguage\":\"en-US\",\"potentialAction\":[{\"@type\":\"ReadAction\",\"target\":[\"https:\\\/\\\/kosovatimes.info\\\/index.php\\\/2026\\\/09\\\/02\\\/video-reagimi-i-pare-i-putinit-ndaj-njoftimit-dramatik-te-zelenskit-se-do-te-mbylle-qiellin-mbi-rusine-ka-mberritur\\\/\"]}]},{\"@type\":\"BreadcrumbList\",\"@id\":\"https:\\\/\\\/kosovatimes.info\\\/index.php\\\/2026\\\/09\\\/02\\\/video-reagimi-i-pare-i-putinit-ndaj-njoftimit-dramatik-te-zelenskit-se-do-te-mbylle-qiellin-mbi-rusine-ka-mberritur\\\/#breadcrumb\",\"itemListElement\":[{\"@type\":\"ListItem\",\"position\":1,\"name\":\"Home\",\"item\":\"https:\\\/\\\/kosovatimes.info\\\/\"},{\"@type\":\"ListItem\",\"position\":2,\"name\":\"VIDEO Reagimi i par\u00eb i Putinit ndaj njoftimit dramatik t\u00eb Zelenskit se do t\u00eb &#8216;mbyll\u00eb qiellin mbi Rusin\u00eb&#8217; ka mb\u00ebrritur\"}]},{\"@type\":\"WebSite\",\"@id\":\"https:\\\/\\\/kosovatimes.info\\\/#website\",\"url\":\"https:\\\/\\\/kosovatimes.info\\\/\",\"name\":\"Kosova Times\",\"description\":\"\",\"potentialAction\":[{\"@type\":\"SearchAction\",\"target\":{\"@type\":\"EntryPoint\",\"urlTemplate\":\"https:\\\/\\\/kosovatimes.info\\\/?s={search_term_string}\"},\"query-input\":{\"@type\":\"PropertyValueSpecification\",\"valueRequired\":true,\"valueName\":\"search_term_string\"}}],\"inLanguage\":\"en-US\"},{\"@type\":\"Person\",\"@id\":\"https:\\\/\\\/kosovatimes.info\\\/#\\\/schema\\\/person\\\/7586712b9c512fe68085de007378c915\",\"name\":\"i l\",\"image\":{\"@type\":\"ImageObject\",\"inLanguage\":\"en-US\",\"@id\":\"https:\\\/\\\/secure.gravatar.com\\\/avatar\\\/bad9296e02816160ae2e2435beda58222022298d5625d49fea74d18816fbb31d?s=96&d=mm&r=g\",\"url\":\"https:\\\/\\\/secure.gravatar.com\\\/avatar\\\/bad9296e02816160ae2e2435beda58222022298d5625d49fea74d18816fbb31d?s=96&d=mm&r=g\",\"contentUrl\":\"https:\\\/\\\/secure.gravatar.com\\\/avatar\\\/bad9296e02816160ae2e2435beda58222022298d5625d49fea74d18816fbb31d?s=96&d=mm&r=g\",\"caption\":\"i l\"},\"url\":\"https:\\\/\\\/kosovatimes.info\\\/index.php\\\/author\\\/iliri\\\/\"}]}<\/script>\n<!-- \/ Yoast SEO plugin. -->","yoast_head_json":{"title":"VIDEO Reagimi i par\u00eb i Putinit ndaj njoftimit dramatik t\u00eb Zelenskit se do t\u00eb 'mbyll\u00eb qiellin mbi Rusin\u00eb' ka mb\u00ebrritur - Kosova Times","robots":{"index":"index","follow":"follow","max-snippet":"max-snippet:-1","max-image-preview":"max-image-preview:large","max-video-preview":"max-video-preview:-1"},"canonical":"https:\/\/kosovatimes.info\/index.php\/2026\/09\/02\/video-reagimi-i-pare-i-putinit-ndaj-njoftimit-dramatik-te-zelenskit-se-do-te-mbylle-qiellin-mbi-rusine-ka-mberritur\/","og_locale":"en_US","og_type":"article","og_title":"VIDEO Reagimi i par\u00eb i Putinit ndaj njoftimit dramatik t\u00eb Zelenskit se do t\u00eb 'mbyll\u00eb qiellin mbi Rusin\u00eb' ka mb\u00ebrritur - Kosova Times","og_description":"N\u00ebse nj\u00eb gj\u00eb e till\u00eb thuhet publikisht, at\u00ebher\u00eb kjo \u00ebsht\u00eb nj\u00eb njoftim p\u00ebr terroriz\u00ebm shtet\u00ebror. Ne nuk negociojm\u00eb me terrorist\u00eb &#8211; tha Putin, duke komentuar deklarat\u00ebn e Zelensky-t p\u00ebr mbylljen e qiellit rus. Udh\u00ebheq\u00ebsi rus shtoi se Moska do t\u00eb gjente nj\u00eb m\u00ebnyr\u00eb p\u00ebr t&#8217;iu p\u00ebrgjigjur mesazheve t\u00eb tilla. Putin njoftoi gjithashtu se forcat e [&hellip;]","og_url":"https:\/\/kosovatimes.info\/index.php\/2026\/09\/02\/video-reagimi-i-pare-i-putinit-ndaj-njoftimit-dramatik-te-zelenskit-se-do-te-mbylle-qiellin-mbi-rusine-ka-mberritur\/","og_site_name":"Kosova Times","article_published_time":"2026-09-02T06:24:24+00:00","article_modified_time":"2026-09-02T06:24:25+00:00","author":"i l","twitter_card":"summary_large_image","twitter_misc":{"Written by":"i l","Est. reading time":"1 minute"},"schema":{"@context":"https:\/\/schema.org","@graph":[{"@type":"Article","@id":"https:\/\/kosovatimes.info\/index.php\/2026\/09\/02\/video-reagimi-i-pare-i-putinit-ndaj-njoftimit-dramatik-te-zelenskit-se-do-te-mbylle-qiellin-mbi-rusine-ka-mberritur\/#article","isPartOf":{"@id":"https:\/\/kosovatimes.info\/index.php\/2026\/09\/02\/video-reagimi-i-pare-i-putinit-ndaj-njoftimit-dramatik-te-zelenskit-se-do-te-mbylle-qiellin-mbi-rusine-ka-mberritur\/"},"author":{"name":"i l","@id":"https:\/\/kosovatimes.info\/#\/schema\/person\/7586712b9c512fe68085de007378c915"},"headline":"VIDEO Reagimi i par\u00eb i Putinit ndaj njoftimit dramatik t\u00eb Zelenskit se do t\u00eb &#8216;mbyll\u00eb qiellin mbi Rusin\u00eb&#8217; ka mb\u00ebrritur","datePublished":"2026-09-02T06:24:24+00:00","dateModified":"2026-09-02T06:24:25+00:00","mainEntityOfPage":{"@id":"https:\/\/kosovatimes.info\/index.php\/2026\/09\/02\/video-reagimi-i-pare-i-putinit-ndaj-njoftimit-dramatik-te-zelenskit-se-do-te-mbylle-qiellin-mbi-rusine-ka-mberritur\/"},"wordCount":327,"commentCount":0,"articleSection":["Bot\u00eb","Lajme"],"inLanguage":"en-US","potentialAction":[{"@type":"CommentAction","name":"Comment","target":["https:\/\/kosovatimes.info\/index.php\/2026\/09\/02\/video-reagimi-i-pare-i-putinit-ndaj-njoftimit-dramatik-te-zelenskit-se-do-te-mbylle-qiellin-mbi-rusine-ka-mberritur\/#respond"]}]},{"@type":"WebPage","@id":"https:\/\/kosovatimes.info\/index.php\/2026\/09\/02\/video-reagimi-i-pare-i-putinit-ndaj-njoftimit-dramatik-te-zelenskit-se-do-te-mbylle-qiellin-mbi-rusine-ka-mberritur\/","url":"https:\/\/kosovatimes.info\/index.php\/2026\/09\/02\/video-reagimi-i-pare-i-putinit-ndaj-njoftimit-dramatik-te-zelenskit-se-do-te-mbylle-qiellin-mbi-rusine-ka-mberritur\/","name":"VIDEO Reagimi i par\u00eb i Putinit ndaj njoftimit dramatik t\u00eb Zelenskit se do t\u00eb 'mbyll\u00eb qiellin mbi Rusin\u00eb' ka mb\u00ebrritur - Kosova Times","isPartOf":{"@id":"https:\/\/kosovatimes.info\/#website"},"datePublished":"2026-09-02T06:24:24+00:00","dateModified":"2026-09-02T06:24:25+00:00","author":{"@id":"https:\/\/kosovatimes.info\/#\/schema\/person\/7586712b9c512fe68085de007378c915"},"breadcrumb":{"@id":"https:\/\/kosovatimes.info\/index.php\/2026\/09\/02\/video-reagimi-i-pare-i-putinit-ndaj-njoftimit-dramatik-te-zelenskit-se-do-te-mbylle-qiellin-mbi-rusine-ka-mberritur\/#breadcrumb"},"inLanguage":"en-US","potentialAction":[{"@type":"ReadAction","target":["https:\/\/kosovatimes.info\/index.php\/2026\/09\/02\/video-reagimi-i-pare-i-putinit-ndaj-njoftimit-dramatik-te-zelenskit-se-do-te-mbylle-qiellin-mbi-rusine-ka-mberritur\/"]}]},{"@type":"BreadcrumbList","@id":"https:\/\/kosovatimes.info\/index.php\/2026\/09\/02\/video-reagimi-i-pare-i-putinit-ndaj-njoftimit-dramatik-te-zelenskit-se-do-te-mbylle-qiellin-mbi-rusine-ka-mberritur\/#breadcrumb","itemListElement":[{"@type":"ListItem","position":1,"name":"Home","item":"https:\/\/kosovatimes.info\/"},{"@type":"ListItem","position":2,"name":"VIDEO Reagimi i par\u00eb i Putinit ndaj njoftimit dramatik t\u00eb Zelenskit se do t\u00eb &#8216;mbyll\u00eb qiellin mbi Rusin\u00eb&#8217; ka mb\u00ebrritur"}]},{"@type":"WebSite","@id":"https:\/\/kosovatimes.info\/#website","url":"https:\/\/kosovatimes.info\/","name":"Kosova Times","description":"","potentialAction":[{"@type":"SearchAction","target":{"@type":"EntryPoint","urlTemplate":"https:\/\/kosovatimes.info\/?s={search_term_string}"},"query-input":{"@type":"PropertyValueSpecification","valueRequired":true,"valueName":"search_term_string"}}],"inLanguage":"en-US"},{"@type":"Person","@id":"https:\/\/kosovatimes.info\/#\/schema\/person\/7586712b9c512fe68085de007378c915","name":"i l","image":{"@type":"ImageObject","inLanguage":"en-US","@id":"https:\/\/secure.gravatar.com\/avatar\/bad9296e02816160ae2e2435beda58222022298d5625d49fea74d18816fbb31d?s=96&d=mm&r=g","url":"https:\/\/secure.gravatar.com\/avatar\/bad9296e02816160ae2e2435beda58222022298d5625d49fea74d18816fbb31d?s=96&d=mm&r=g","contentUrl":"https:\/\/secure.gravatar.com\/avatar\/bad9296e02816160ae2e2435beda58222022298d5625d49fea74d18816fbb31d?s=96&d=mm&r=g","caption":"i l"},"url":"https:\/\/kosovatimes.info\/index.php\/author\/iliri\/"}]}},"_links":{"self":[{"href":"https:\/\/kosovatimes.info\/index.php\/wp-json\/wp\/v2\/posts\/30549","targetHints":{"allow":["GET"]}}],"collection":[{"href":"https:\/\/kosovatimes.info\/index.php\/wp-json\/wp\/v2\/posts"}],"about":[{"href":"https:\/\/kosovatimes.info\/index.php\/wp-json\/wp\/v2\/types\/post"}],"author":[{"embeddable":true,"href":"https:\/\/kosovatimes.info\/index.php\/wp-json\/wp\/v2\/users\/4"}],"replies":[{"embeddable":true,"href":"https:\/\/kosovatimes.info\/index.php\/wp-json\/wp\/v2\/comments?post=30549"}],"version-history":[{"count":1,"href":"https:\/\/kosovatimes.info\/index.php\/wp-json\/wp\/v2\/posts\/30549\/revisions"}],"predecessor-version":[{"id":30550,"href":"https:\/\/kosovatimes.info\/index.php\/wp-json\/wp\/v2\/posts\/30549\/revisions\/30550"}],"wp:attachment":[{"href":"https:\/\/kosovatimes.info\/index.php\/wp-json\/wp\/v2\/media?parent=30549"}],"wp:term":[{"taxonomy":"category","embeddable":true,"href":"https:\/\/kosovatimes.info\/index.php\/wp-json\/wp\/v2\/categories?post=30549"},{"taxonomy":"post_tag","embeddable":true,"href":"https:\/\/kosovatimes.info\/index.php\/wp-json\/wp\/v2\/tags?post=30549"}],"curies":[{"name":"wp","href":"https:\/\/api.w.org\/{rel}","templated":true}]}}