{"id":30554,"date":"2026-09-02T07:30:00","date_gmt":"2026-09-02T05:30:00","guid":{"rendered":"https:\/\/kosovatimes.info\/?p=30554"},"modified":"2026-09-02T08:33:27","modified_gmt":"2026-09-02T06:33:27","slug":"mot-me-diell-ne-pjesen-e-pare-te-dites-pasdite-reshje-shiu","status":"publish","type":"post","link":"https:\/\/kosovatimes.info\/index.php\/2026\/09\/02\/mot-me-diell-ne-pjesen-e-pare-te-dites-pasdite-reshje-shiu\/","title":{"rendered":"Mot me diell n\u00eb pjes\u00ebn e par\u00eb t\u00eb dit\u00ebs, pasdite reshje shiu"},"content":{"rendered":"\n<p class=\"wp-block-paragraph\"><strong>Sot n\u00eb vendin ton\u00eb pritet t\u00eb mbaj\u00eb mot me diell dhe vran\u00ebsira. Sipas Institutit Hidrometeorologjik t\u00eb Kosov\u00ebs gjat\u00eb pjes\u00ebs s\u00eb dyt\u00eb t\u00eb dit\u00ebs, vran\u00ebsirat do t\u00eb shtohen, nd\u00ebrsa lokalisht priten reshje shiu t\u00eb shoq\u00ebruara me shkarkime rrufesh.<\/strong><\/p>\n\n\n\n<p class=\"wp-block-paragraph\">Temperaturat minimale do t\u00eb l\u00ebvizin nd\u00ebrmjet 13 dhe 17 grad\u00eb Celsius, nd\u00ebrsa maksimalet pritet t\u00eb arrijn\u00eb nga 28 deri n\u00eb 32 grad\u00eb Celsius.<\/p>\n\n\n\n<p class=\"wp-block-paragraph\">Era do t\u00eb fryj\u00eb nga veriper\u00ebndimi, me shpejt\u00ebsi prej 1 deri n\u00eb 8 metra p\u00ebr sekond\u00eb.<\/p>\n","protected":false},"excerpt":{"rendered":"<p>Sot n\u00eb vendin ton\u00eb pritet t\u00eb mbaj\u00eb mot me diell dhe vran\u00ebsira. Sipas Institutit Hidrometeorologjik t\u00eb Kosov\u00ebs gjat\u00eb pjes\u00ebs s\u00eb dyt\u00eb t\u00eb dit\u00ebs, vran\u00ebsirat do t\u00eb shtohen, nd\u00ebrsa lokalisht priten reshje shiu t\u00eb shoq\u00ebruara me shkarkime rrufesh. Temperaturat minimale do t\u00eb l\u00ebvizin nd\u00ebrmjet 13 dhe 17 grad\u00eb Celsius, nd\u00ebrsa maksimalet pritet t\u00eb arrijn\u00eb nga 28 [&hellip;]<\/p>\n","protected":false},"author":4,"featured_media":8341,"comment_status":"open","ping_status":"open","sticky":false,"template":"","format":"standard","meta":{"footnotes":""},"categories":[31,30],"tags":[],"class_list":["post-30554","post","type-post","status-publish","format-standard","has-post-thumbnail","category-kosove","category-lajme"],"yoast_head":"<!-- This site is optimized with the Yoast SEO plugin v27.4 - https:\/\/yoast.com\/product\/yoast-seo-wordpress\/ -->\n<title>Mot me diell n\u00eb pjes\u00ebn e par\u00eb t\u00eb dit\u00ebs, pasdite reshje shiu - Kosova Times<\/title>\n<meta name=\"robots\" content=\"index, follow, max-snippet:-1, max-image-preview:large, max-video-preview:-1\" \/>\n<link rel=\"canonical\" href=\"https:\/\/kosovatimes.info\/index.php\/2026\/09\/02\/mot-me-diell-ne-pjesen-e-pare-te-dites-pasdite-reshje-shiu\/\" \/>\n<meta property=\"og:locale\" content=\"en_US\" \/>\n<meta property=\"og:type\" content=\"article\" \/>\n<meta property=\"og:title\" content=\"Mot me diell n\u00eb pjes\u00ebn e par\u00eb t\u00eb dit\u00ebs, pasdite reshje shiu - Kosova Times\" \/>\n<meta property=\"og:description\" content=\"Sot n\u00eb vendin ton\u00eb pritet t\u00eb mbaj\u00eb mot me diell dhe vran\u00ebsira. Sipas Institutit Hidrometeorologjik t\u00eb Kosov\u00ebs gjat\u00eb pjes\u00ebs s\u00eb dyt\u00eb t\u00eb dit\u00ebs, vran\u00ebsirat do t\u00eb shtohen, nd\u00ebrsa lokalisht priten reshje shiu t\u00eb shoq\u00ebruara me shkarkime rrufesh. Temperaturat minimale do t\u00eb l\u00ebvizin nd\u00ebrmjet 13 dhe 17 grad\u00eb Celsius, nd\u00ebrsa maksimalet pritet t\u00eb arrijn\u00eb nga 28 [&hellip;]\" \/>\n<meta property=\"og:url\" content=\"https:\/\/kosovatimes.info\/index.php\/2026\/09\/02\/mot-me-diell-ne-pjesen-e-pare-te-dites-pasdite-reshje-shiu\/\" \/>\n<meta property=\"og:site_name\" content=\"Kosova Times\" \/>\n<meta property=\"article:published_time\" content=\"2026-09-02T05:30:00+00:00\" \/>\n<meta property=\"article:modified_time\" content=\"2026-09-02T06:33:27+00:00\" \/>\n<meta property=\"og:image\" content=\"https:\/\/kosovatimes.info\/wp-content\/uploads\/2026\/04\/Moti-1.jpg\" \/>\n\t<meta property=\"og:image:width\" content=\"780\" \/>\n\t<meta property=\"og:image:height\" content=\"500\" \/>\n\t<meta property=\"og:image:type\" content=\"image\/jpeg\" \/>\n<meta name=\"author\" content=\"i l\" \/>\n<meta name=\"twitter:card\" content=\"summary_large_image\" \/>\n<meta name=\"twitter:label1\" content=\"Written by\" \/>\n\t<meta name=\"twitter:data1\" content=\"i l\" \/>\n\t<meta name=\"twitter:label2\" content=\"Est. reading time\" \/>\n\t<meta name=\"twitter:data2\" content=\"1 minute\" \/>\n<script type=\"application\/ld+json\" class=\"yoast-schema-graph\">{\"@context\":\"https:\\\/\\\/schema.org\",\"@graph\":[{\"@type\":\"Article\",\"@id\":\"https:\\\/\\\/kosovatimes.info\\\/index.php\\\/2026\\\/09\\\/02\\\/mot-me-diell-ne-pjesen-e-pare-te-dites-pasdite-reshje-shiu\\\/#article\",\"isPartOf\":{\"@id\":\"https:\\\/\\\/kosovatimes.info\\\/index.php\\\/2026\\\/09\\\/02\\\/mot-me-diell-ne-pjesen-e-pare-te-dites-pasdite-reshje-shiu\\\/\"},\"author\":{\"name\":\"i l\",\"@id\":\"https:\\\/\\\/kosovatimes.info\\\/#\\\/schema\\\/person\\\/7586712b9c512fe68085de007378c915\"},\"headline\":\"Mot me diell n\u00eb pjes\u00ebn e par\u00eb t\u00eb dit\u00ebs, pasdite reshje shiu\",\"datePublished\":\"2026-09-02T05:30:00+00:00\",\"dateModified\":\"2026-09-02T06:33:27+00:00\",\"mainEntityOfPage\":{\"@id\":\"https:\\\/\\\/kosovatimes.info\\\/index.php\\\/2026\\\/09\\\/02\\\/mot-me-diell-ne-pjesen-e-pare-te-dites-pasdite-reshje-shiu\\\/\"},\"wordCount\":97,\"commentCount\":0,\"image\":{\"@id\":\"https:\\\/\\\/kosovatimes.info\\\/index.php\\\/2026\\\/09\\\/02\\\/mot-me-diell-ne-pjesen-e-pare-te-dites-pasdite-reshje-shiu\\\/#primaryimage\"},\"thumbnailUrl\":\"https:\\\/\\\/kosovatimes.info\\\/wp-content\\\/uploads\\\/2026\\\/04\\\/Moti-1.jpg\",\"articleSection\":[\"Kosov\u00eb\",\"Lajme\"],\"inLanguage\":\"en-US\",\"potentialAction\":[{\"@type\":\"CommentAction\",\"name\":\"Comment\",\"target\":[\"https:\\\/\\\/kosovatimes.info\\\/index.php\\\/2026\\\/09\\\/02\\\/mot-me-diell-ne-pjesen-e-pare-te-dites-pasdite-reshje-shiu\\\/#respond\"]}]},{\"@type\":\"WebPage\",\"@id\":\"https:\\\/\\\/kosovatimes.info\\\/index.php\\\/2026\\\/09\\\/02\\\/mot-me-diell-ne-pjesen-e-pare-te-dites-pasdite-reshje-shiu\\\/\",\"url\":\"https:\\\/\\\/kosovatimes.info\\\/index.php\\\/2026\\\/09\\\/02\\\/mot-me-diell-ne-pjesen-e-pare-te-dites-pasdite-reshje-shiu\\\/\",\"name\":\"Mot me diell n\u00eb pjes\u00ebn e par\u00eb t\u00eb dit\u00ebs, pasdite reshje shiu - Kosova Times\",\"isPartOf\":{\"@id\":\"https:\\\/\\\/kosovatimes.info\\\/#website\"},\"primaryImageOfPage\":{\"@id\":\"https:\\\/\\\/kosovatimes.info\\\/index.php\\\/2026\\\/09\\\/02\\\/mot-me-diell-ne-pjesen-e-pare-te-dites-pasdite-reshje-shiu\\\/#primaryimage\"},\"image\":{\"@id\":\"https:\\\/\\\/kosovatimes.info\\\/index.php\\\/2026\\\/09\\\/02\\\/mot-me-diell-ne-pjesen-e-pare-te-dites-pasdite-reshje-shiu\\\/#primaryimage\"},\"thumbnailUrl\":\"https:\\\/\\\/kosovatimes.info\\\/wp-content\\\/uploads\\\/2026\\\/04\\\/Moti-1.jpg\",\"datePublished\":\"2026-09-02T05:30:00+00:00\",\"dateModified\":\"2026-09-02T06:33:27+00:00\",\"author\":{\"@id\":\"https:\\\/\\\/kosovatimes.info\\\/#\\\/schema\\\/person\\\/7586712b9c512fe68085de007378c915\"},\"breadcrumb\":{\"@id\":\"https:\\\/\\\/kosovatimes.info\\\/index.php\\\/2026\\\/09\\\/02\\\/mot-me-diell-ne-pjesen-e-pare-te-dites-pasdite-reshje-shiu\\\/#breadcrumb\"},\"inLanguage\":\"en-US\",\"potentialAction\":[{\"@type\":\"ReadAction\",\"target\":[\"https:\\\/\\\/kosovatimes.info\\\/index.php\\\/2026\\\/09\\\/02\\\/mot-me-diell-ne-pjesen-e-pare-te-dites-pasdite-reshje-shiu\\\/\"]}]},{\"@type\":\"ImageObject\",\"inLanguage\":\"en-US\",\"@id\":\"https:\\\/\\\/kosovatimes.info\\\/index.php\\\/2026\\\/09\\\/02\\\/mot-me-diell-ne-pjesen-e-pare-te-dites-pasdite-reshje-shiu\\\/#primaryimage\",\"url\":\"https:\\\/\\\/kosovatimes.info\\\/wp-content\\\/uploads\\\/2026\\\/04\\\/Moti-1.jpg\",\"contentUrl\":\"https:\\\/\\\/kosovatimes.info\\\/wp-content\\\/uploads\\\/2026\\\/04\\\/Moti-1.jpg\",\"width\":780,\"height\":500},{\"@type\":\"BreadcrumbList\",\"@id\":\"https:\\\/\\\/kosovatimes.info\\\/index.php\\\/2026\\\/09\\\/02\\\/mot-me-diell-ne-pjesen-e-pare-te-dites-pasdite-reshje-shiu\\\/#breadcrumb\",\"itemListElement\":[{\"@type\":\"ListItem\",\"position\":1,\"name\":\"Home\",\"item\":\"https:\\\/\\\/kosovatimes.info\\\/\"},{\"@type\":\"ListItem\",\"position\":2,\"name\":\"Mot me diell n\u00eb pjes\u00ebn e par\u00eb t\u00eb dit\u00ebs, pasdite reshje shiu\"}]},{\"@type\":\"WebSite\",\"@id\":\"https:\\\/\\\/kosovatimes.info\\\/#website\",\"url\":\"https:\\\/\\\/kosovatimes.info\\\/\",\"name\":\"Kosova Times\",\"description\":\"\",\"potentialAction\":[{\"@type\":\"SearchAction\",\"target\":{\"@type\":\"EntryPoint\",\"urlTemplate\":\"https:\\\/\\\/kosovatimes.info\\\/?s={search_term_string}\"},\"query-input\":{\"@type\":\"PropertyValueSpecification\",\"valueRequired\":true,\"valueName\":\"search_term_string\"}}],\"inLanguage\":\"en-US\"},{\"@type\":\"Person\",\"@id\":\"https:\\\/\\\/kosovatimes.info\\\/#\\\/schema\\\/person\\\/7586712b9c512fe68085de007378c915\",\"name\":\"i l\",\"image\":{\"@type\":\"ImageObject\",\"inLanguage\":\"en-US\",\"@id\":\"https:\\\/\\\/secure.gravatar.com\\\/avatar\\\/bad9296e02816160ae2e2435beda58222022298d5625d49fea74d18816fbb31d?s=96&d=mm&r=g\",\"url\":\"https:\\\/\\\/secure.gravatar.com\\\/avatar\\\/bad9296e02816160ae2e2435beda58222022298d5625d49fea74d18816fbb31d?s=96&d=mm&r=g\",\"contentUrl\":\"https:\\\/\\\/secure.gravatar.com\\\/avatar\\\/bad9296e02816160ae2e2435beda58222022298d5625d49fea74d18816fbb31d?s=96&d=mm&r=g\",\"caption\":\"i l\"},\"url\":\"https:\\\/\\\/kosovatimes.info\\\/index.php\\\/author\\\/iliri\\\/\"}]}<\/script>\n<!-- \/ Yoast SEO plugin. -->","yoast_head_json":{"title":"Mot me diell n\u00eb pjes\u00ebn e par\u00eb t\u00eb dit\u00ebs, pasdite reshje shiu - Kosova Times","robots":{"index":"index","follow":"follow","max-snippet":"max-snippet:-1","max-image-preview":"max-image-preview:large","max-video-preview":"max-video-preview:-1"},"canonical":"https:\/\/kosovatimes.info\/index.php\/2026\/09\/02\/mot-me-diell-ne-pjesen-e-pare-te-dites-pasdite-reshje-shiu\/","og_locale":"en_US","og_type":"article","og_title":"Mot me diell n\u00eb pjes\u00ebn e par\u00eb t\u00eb dit\u00ebs, pasdite reshje shiu - Kosova Times","og_description":"Sot n\u00eb vendin ton\u00eb pritet t\u00eb mbaj\u00eb mot me diell dhe vran\u00ebsira. Sipas Institutit Hidrometeorologjik t\u00eb Kosov\u00ebs gjat\u00eb pjes\u00ebs s\u00eb dyt\u00eb t\u00eb dit\u00ebs, vran\u00ebsirat do t\u00eb shtohen, nd\u00ebrsa lokalisht priten reshje shiu t\u00eb shoq\u00ebruara me shkarkime rrufesh. Temperaturat minimale do t\u00eb l\u00ebvizin nd\u00ebrmjet 13 dhe 17 grad\u00eb Celsius, nd\u00ebrsa maksimalet pritet t\u00eb arrijn\u00eb nga 28 [&hellip;]","og_url":"https:\/\/kosovatimes.info\/index.php\/2026\/09\/02\/mot-me-diell-ne-pjesen-e-pare-te-dites-pasdite-reshje-shiu\/","og_site_name":"Kosova Times","article_published_time":"2026-09-02T05:30:00+00:00","article_modified_time":"2026-09-02T06:33:27+00:00","og_image":[{"width":780,"height":500,"url":"https:\/\/kosovatimes.info\/wp-content\/uploads\/2026\/04\/Moti-1.jpg","type":"image\/jpeg"}],"author":"i l","twitter_card":"summary_large_image","twitter_misc":{"Written by":"i l","Est. reading time":"1 minute"},"schema":{"@context":"https:\/\/schema.org","@graph":[{"@type":"Article","@id":"https:\/\/kosovatimes.info\/index.php\/2026\/09\/02\/mot-me-diell-ne-pjesen-e-pare-te-dites-pasdite-reshje-shiu\/#article","isPartOf":{"@id":"https:\/\/kosovatimes.info\/index.php\/2026\/09\/02\/mot-me-diell-ne-pjesen-e-pare-te-dites-pasdite-reshje-shiu\/"},"author":{"name":"i l","@id":"https:\/\/kosovatimes.info\/#\/schema\/person\/7586712b9c512fe68085de007378c915"},"headline":"Mot me diell n\u00eb pjes\u00ebn e par\u00eb t\u00eb dit\u00ebs, pasdite reshje shiu","datePublished":"2026-09-02T05:30:00+00:00","dateModified":"2026-09-02T06:33:27+00:00","mainEntityOfPage":{"@id":"https:\/\/kosovatimes.info\/index.php\/2026\/09\/02\/mot-me-diell-ne-pjesen-e-pare-te-dites-pasdite-reshje-shiu\/"},"wordCount":97,"commentCount":0,"image":{"@id":"https:\/\/kosovatimes.info\/index.php\/2026\/09\/02\/mot-me-diell-ne-pjesen-e-pare-te-dites-pasdite-reshje-shiu\/#primaryimage"},"thumbnailUrl":"https:\/\/kosovatimes.info\/wp-content\/uploads\/2026\/04\/Moti-1.jpg","articleSection":["Kosov\u00eb","Lajme"],"inLanguage":"en-US","potentialAction":[{"@type":"CommentAction","name":"Comment","target":["https:\/\/kosovatimes.info\/index.php\/2026\/09\/02\/mot-me-diell-ne-pjesen-e-pare-te-dites-pasdite-reshje-shiu\/#respond"]}]},{"@type":"WebPage","@id":"https:\/\/kosovatimes.info\/index.php\/2026\/09\/02\/mot-me-diell-ne-pjesen-e-pare-te-dites-pasdite-reshje-shiu\/","url":"https:\/\/kosovatimes.info\/index.php\/2026\/09\/02\/mot-me-diell-ne-pjesen-e-pare-te-dites-pasdite-reshje-shiu\/","name":"Mot me diell n\u00eb pjes\u00ebn e par\u00eb t\u00eb dit\u00ebs, pasdite reshje shiu - Kosova Times","isPartOf":{"@id":"https:\/\/kosovatimes.info\/#website"},"primaryImageOfPage":{"@id":"https:\/\/kosovatimes.info\/index.php\/2026\/09\/02\/mot-me-diell-ne-pjesen-e-pare-te-dites-pasdite-reshje-shiu\/#primaryimage"},"image":{"@id":"https:\/\/kosovatimes.info\/index.php\/2026\/09\/02\/mot-me-diell-ne-pjesen-e-pare-te-dites-pasdite-reshje-shiu\/#primaryimage"},"thumbnailUrl":"https:\/\/kosovatimes.info\/wp-content\/uploads\/2026\/04\/Moti-1.jpg","datePublished":"2026-09-02T05:30:00+00:00","dateModified":"2026-09-02T06:33:27+00:00","author":{"@id":"https:\/\/kosovatimes.info\/#\/schema\/person\/7586712b9c512fe68085de007378c915"},"breadcrumb":{"@id":"https:\/\/kosovatimes.info\/index.php\/2026\/09\/02\/mot-me-diell-ne-pjesen-e-pare-te-dites-pasdite-reshje-shiu\/#breadcrumb"},"inLanguage":"en-US","potentialAction":[{"@type":"ReadAction","target":["https:\/\/kosovatimes.info\/index.php\/2026\/09\/02\/mot-me-diell-ne-pjesen-e-pare-te-dites-pasdite-reshje-shiu\/"]}]},{"@type":"ImageObject","inLanguage":"en-US","@id":"https:\/\/kosovatimes.info\/index.php\/2026\/09\/02\/mot-me-diell-ne-pjesen-e-pare-te-dites-pasdite-reshje-shiu\/#primaryimage","url":"https:\/\/kosovatimes.info\/wp-content\/uploads\/2026\/04\/Moti-1.jpg","contentUrl":"https:\/\/kosovatimes.info\/wp-content\/uploads\/2026\/04\/Moti-1.jpg","width":780,"height":500},{"@type":"BreadcrumbList","@id":"https:\/\/kosovatimes.info\/index.php\/2026\/09\/02\/mot-me-diell-ne-pjesen-e-pare-te-dites-pasdite-reshje-shiu\/#breadcrumb","itemListElement":[{"@type":"ListItem","position":1,"name":"Home","item":"https:\/\/kosovatimes.info\/"},{"@type":"ListItem","position":2,"name":"Mot me diell n\u00eb pjes\u00ebn e par\u00eb t\u00eb dit\u00ebs, pasdite reshje shiu"}]},{"@type":"WebSite","@id":"https:\/\/kosovatimes.info\/#website","url":"https:\/\/kosovatimes.info\/","name":"Kosova Times","description":"","potentialAction":[{"@type":"SearchAction","target":{"@type":"EntryPoint","urlTemplate":"https:\/\/kosovatimes.info\/?s={search_term_string}"},"query-input":{"@type":"PropertyValueSpecification","valueRequired":true,"valueName":"search_term_string"}}],"inLanguage":"en-US"},{"@type":"Person","@id":"https:\/\/kosovatimes.info\/#\/schema\/person\/7586712b9c512fe68085de007378c915","name":"i l","image":{"@type":"ImageObject","inLanguage":"en-US","@id":"https:\/\/secure.gravatar.com\/avatar\/bad9296e02816160ae2e2435beda58222022298d5625d49fea74d18816fbb31d?s=96&d=mm&r=g","url":"https:\/\/secure.gravatar.com\/avatar\/bad9296e02816160ae2e2435beda58222022298d5625d49fea74d18816fbb31d?s=96&d=mm&r=g","contentUrl":"https:\/\/secure.gravatar.com\/avatar\/bad9296e02816160ae2e2435beda58222022298d5625d49fea74d18816fbb31d?s=96&d=mm&r=g","caption":"i l"},"url":"https:\/\/kosovatimes.info\/index.php\/author\/iliri\/"}]}},"_links":{"self":[{"href":"https:\/\/kosovatimes.info\/index.php\/wp-json\/wp\/v2\/posts\/30554","targetHints":{"allow":["GET"]}}],"collection":[{"href":"https:\/\/kosovatimes.info\/index.php\/wp-json\/wp\/v2\/posts"}],"about":[{"href":"https:\/\/kosovatimes.info\/index.php\/wp-json\/wp\/v2\/types\/post"}],"author":[{"embeddable":true,"href":"https:\/\/kosovatimes.info\/index.php\/wp-json\/wp\/v2\/users\/4"}],"replies":[{"embeddable":true,"href":"https:\/\/kosovatimes.info\/index.php\/wp-json\/wp\/v2\/comments?post=30554"}],"version-history":[{"count":1,"href":"https:\/\/kosovatimes.info\/index.php\/wp-json\/wp\/v2\/posts\/30554\/revisions"}],"predecessor-version":[{"id":30555,"href":"https:\/\/kosovatimes.info\/index.php\/wp-json\/wp\/v2\/posts\/30554\/revisions\/30555"}],"wp:featuredmedia":[{"embeddable":true,"href":"https:\/\/kosovatimes.info\/index.php\/wp-json\/wp\/v2\/media\/8341"}],"wp:attachment":[{"href":"https:\/\/kosovatimes.info\/index.php\/wp-json\/wp\/v2\/media?parent=30554"}],"wp:term":[{"taxonomy":"category","embeddable":true,"href":"https:\/\/kosovatimes.info\/index.php\/wp-json\/wp\/v2\/categories?post=30554"},{"taxonomy":"post_tag","embeddable":true,"href":"https:\/\/kosovatimes.info\/index.php\/wp-json\/wp\/v2\/tags?post=30554"}],"curies":[{"name":"wp","href":"https:\/\/api.w.org\/{rel}","templated":true}]}}