{"id":30556,"date":"2026-09-02T08:41:16","date_gmt":"2026-09-02T06:41:16","guid":{"rendered":"https:\/\/kosovatimes.info\/?p=30556"},"modified":"2026-09-02T08:41:24","modified_gmt":"2026-09-02T06:41:24","slug":"shperthim-ne-stacionin-e-trenit-ne-gjermani-te-pakten-dy-te-plagosur","status":"publish","type":"post","link":"https:\/\/kosovatimes.info\/index.php\/2026\/09\/02\/shperthim-ne-stacionin-e-trenit-ne-gjermani-te-pakten-dy-te-plagosur\/","title":{"rendered":"Shp\u00ebrthim n\u00eb stacionin e trenit n\u00eb Gjermani, t\u00eb pakt\u00ebn dy t\u00eb plagosur"},"content":{"rendered":"\n<p class=\"wp-block-paragraph\">T\u00eb pakt\u00ebn dy persona jan\u00eb plagosur n\u00eb nj\u00eb shp\u00ebrthim n\u00eb stacionin kryesor t\u00eb trenit n\u00eb Augsburg, ku policia po heton aktualisht. Incidenti ndodhi n\u00eb nj\u00eb korridor t\u00eb nd\u00ebrtes\u00ebs s\u00eb stacionit n\u00eb qytetin jugor gjerman, raporton&nbsp;<a href=\"https:\/\/www.euronews.com\/my-europe\/2026\/09\/02\/at-least-two-people-injured-in-explosion-at-german-train-station-police-say\">Euronews<\/a>&nbsp;.<\/p>\n\n\n\n<p class=\"wp-block-paragraph\">Policia u thirr n\u00eb or\u00ebn 5:14 t\u00eb m\u00ebngjesit t\u00eb sot\u00ebm. Mediat gjermane raportuan se nj\u00eb objekt shp\u00ebrtheu, duke shkaktuar l\u00ebndime t\u00eb lehta dhe duke d\u00ebmtuar dritaret aty pran\u00eb. Ende nuk \u00ebsht\u00eb p\u00ebrcaktuar se \u00e7far\u00eb lloj mjeti ishte.<\/p>\n\n\n\n<figure class=\"wp-block-embed is-type-rich is-provider-x wp-block-embed-x\"><div class=\"wp-block-embed__wrapper\">\n<blockquote class=\"twitter-tweet\" data-width=\"550\" data-dnt=\"true\"><p lang=\"de\" dir=\"ltr\">+++ Update, 06:10 Uhr +++<br><br>In einem Geb\u00e4udedurchgang kam es zur Explosion eines unbekannten Gegenstandes.<br><br>Es kommt zu Beeintr\u00e4chtigungen im Stra\u00dfenverkehr und im \u00d6PNV. Bitte umfahrt den Bereich weitr\u00e4umig.<a href=\"https:\/\/x.com\/hashtag\/PolizeiSWN?src=hash&amp;ref_src=twsrc%5Etfw\">#PolizeiSWN<\/a> <a href=\"https:\/\/x.com\/hashtag\/Polizeieinsatz?src=hash&amp;ref_src=twsrc%5Etfw\">#Polizeieinsatz<\/a> <a href=\"https:\/\/x.com\/hashtag\/Augsburg?src=hash&amp;ref_src=twsrc%5Etfw\">#Augsburg<\/a> <a href=\"https:\/\/t.co\/68tpe2qx4F\">https:\/\/t.co\/68tpe2qx4F<\/a> <a href=\"https:\/\/t.co\/Y7jllPHSS1\">pic.twitter.com\/Y7jllPHSS1<\/a><\/p>&mdash; Polizei Schwaben Nord (@polizeiSWN) <a href=\"https:\/\/x.com\/polizeiSWN\/status\/2095002619282333866?ref_src=twsrc%5Etfw\">September 2, 2026<\/a><\/blockquote><script async src=\"https:\/\/platform.x.com\/widgets.js\" charset=\"utf-8\"><\/script>\n<\/div><\/figure>\n\n\n\n<p class=\"wp-block-paragraph\">Policia tha se nd\u00ebrtesa e stacionit dhe nj\u00eb shin\u00eb ishin t\u00eb mbyllura, dhe trafiku ishte i kufizuar n\u00eb pjes\u00ebn tjet\u00ebr t\u00eb stacionit. Incidenti ndikoi gjithashtu n\u00eb transportin publik n\u00eb zon\u00eb. Nj\u00eb hetim policor \u00ebsht\u00eb duke vazhduar dhe qytetar\u00ebve u k\u00ebrkohet t\u00eb shmangin zon\u00ebn p\u00ebrreth stacionit kryesor.<\/p>\n","protected":false},"excerpt":{"rendered":"<p>T\u00eb pakt\u00ebn dy persona jan\u00eb plagosur n\u00eb nj\u00eb shp\u00ebrthim n\u00eb stacionin kryesor t\u00eb trenit n\u00eb Augsburg, ku policia po heton aktualisht. Incidenti ndodhi n\u00eb nj\u00eb korridor t\u00eb nd\u00ebrtes\u00ebs s\u00eb stacionit n\u00eb qytetin jugor gjerman, raporton&nbsp;Euronews&nbsp;. Policia u thirr n\u00eb or\u00ebn 5:14 t\u00eb m\u00ebngjesit t\u00eb sot\u00ebm. Mediat gjermane raportuan se nj\u00eb objekt shp\u00ebrtheu, duke shkaktuar l\u00ebndime [&hellip;]<\/p>\n","protected":false},"author":4,"featured_media":30557,"comment_status":"open","ping_status":"open","sticky":false,"template":"","format":"standard","meta":{"footnotes":""},"categories":[33,30],"tags":[],"class_list":["post-30556","post","type-post","status-publish","format-standard","has-post-thumbnail","category-bote","category-lajme"],"yoast_head":"<!-- This site is optimized with the Yoast SEO plugin v27.4 - https:\/\/yoast.com\/product\/yoast-seo-wordpress\/ -->\n<title>Shp\u00ebrthim n\u00eb stacionin e trenit n\u00eb Gjermani, t\u00eb pakt\u00ebn dy t\u00eb plagosur - Kosova Times<\/title>\n<meta name=\"robots\" content=\"index, follow, max-snippet:-1, max-image-preview:large, max-video-preview:-1\" \/>\n<link rel=\"canonical\" href=\"https:\/\/kosovatimes.info\/index.php\/2026\/09\/02\/shperthim-ne-stacionin-e-trenit-ne-gjermani-te-pakten-dy-te-plagosur\/\" \/>\n<meta property=\"og:locale\" content=\"en_US\" \/>\n<meta property=\"og:type\" content=\"article\" \/>\n<meta property=\"og:title\" content=\"Shp\u00ebrthim n\u00eb stacionin e trenit n\u00eb Gjermani, t\u00eb pakt\u00ebn dy t\u00eb plagosur - Kosova Times\" \/>\n<meta property=\"og:description\" content=\"T\u00eb pakt\u00ebn dy persona jan\u00eb plagosur n\u00eb nj\u00eb shp\u00ebrthim n\u00eb stacionin kryesor t\u00eb trenit n\u00eb Augsburg, ku policia po heton aktualisht. Incidenti ndodhi n\u00eb nj\u00eb korridor t\u00eb nd\u00ebrtes\u00ebs s\u00eb stacionit n\u00eb qytetin jugor gjerman, raporton&nbsp;Euronews&nbsp;. Policia u thirr n\u00eb or\u00ebn 5:14 t\u00eb m\u00ebngjesit t\u00eb sot\u00ebm. Mediat gjermane raportuan se nj\u00eb objekt shp\u00ebrtheu, duke shkaktuar l\u00ebndime [&hellip;]\" \/>\n<meta property=\"og:url\" content=\"https:\/\/kosovatimes.info\/index.php\/2026\/09\/02\/shperthim-ne-stacionin-e-trenit-ne-gjermani-te-pakten-dy-te-plagosur\/\" \/>\n<meta property=\"og:site_name\" content=\"Kosova Times\" \/>\n<meta property=\"article:published_time\" content=\"2026-09-02T06:41:16+00:00\" \/>\n<meta property=\"article:modified_time\" content=\"2026-09-02T06:41:24+00:00\" \/>\n<meta property=\"og:image\" content=\"https:\/\/kosovatimes.info\/wp-content\/uploads\/2026\/09\/Makina.jpg\" \/>\n\t<meta property=\"og:image:width\" content=\"765\" \/>\n\t<meta property=\"og:image:height\" content=\"510\" \/>\n\t<meta property=\"og:image:type\" content=\"image\/jpeg\" \/>\n<meta name=\"author\" content=\"i l\" \/>\n<meta name=\"twitter:card\" content=\"summary_large_image\" \/>\n<meta name=\"twitter:label1\" content=\"Written by\" \/>\n\t<meta name=\"twitter:data1\" content=\"i l\" \/>\n\t<meta name=\"twitter:label2\" content=\"Est. reading time\" \/>\n\t<meta name=\"twitter:data2\" content=\"1 minute\" \/>\n<script type=\"application\/ld+json\" class=\"yoast-schema-graph\">{\"@context\":\"https:\\\/\\\/schema.org\",\"@graph\":[{\"@type\":\"Article\",\"@id\":\"https:\\\/\\\/kosovatimes.info\\\/index.php\\\/2026\\\/09\\\/02\\\/shperthim-ne-stacionin-e-trenit-ne-gjermani-te-pakten-dy-te-plagosur\\\/#article\",\"isPartOf\":{\"@id\":\"https:\\\/\\\/kosovatimes.info\\\/index.php\\\/2026\\\/09\\\/02\\\/shperthim-ne-stacionin-e-trenit-ne-gjermani-te-pakten-dy-te-plagosur\\\/\"},\"author\":{\"name\":\"i l\",\"@id\":\"https:\\\/\\\/kosovatimes.info\\\/#\\\/schema\\\/person\\\/7586712b9c512fe68085de007378c915\"},\"headline\":\"Shp\u00ebrthim n\u00eb stacionin e trenit n\u00eb Gjermani, t\u00eb pakt\u00ebn dy t\u00eb plagosur\",\"datePublished\":\"2026-09-02T06:41:16+00:00\",\"dateModified\":\"2026-09-02T06:41:24+00:00\",\"mainEntityOfPage\":{\"@id\":\"https:\\\/\\\/kosovatimes.info\\\/index.php\\\/2026\\\/09\\\/02\\\/shperthim-ne-stacionin-e-trenit-ne-gjermani-te-pakten-dy-te-plagosur\\\/\"},\"wordCount\":194,\"commentCount\":0,\"image\":{\"@id\":\"https:\\\/\\\/kosovatimes.info\\\/index.php\\\/2026\\\/09\\\/02\\\/shperthim-ne-stacionin-e-trenit-ne-gjermani-te-pakten-dy-te-plagosur\\\/#primaryimage\"},\"thumbnailUrl\":\"https:\\\/\\\/kosovatimes.info\\\/wp-content\\\/uploads\\\/2026\\\/09\\\/Makina.jpg\",\"articleSection\":[\"Bot\u00eb\",\"Lajme\"],\"inLanguage\":\"en-US\",\"potentialAction\":[{\"@type\":\"CommentAction\",\"name\":\"Comment\",\"target\":[\"https:\\\/\\\/kosovatimes.info\\\/index.php\\\/2026\\\/09\\\/02\\\/shperthim-ne-stacionin-e-trenit-ne-gjermani-te-pakten-dy-te-plagosur\\\/#respond\"]}]},{\"@type\":\"WebPage\",\"@id\":\"https:\\\/\\\/kosovatimes.info\\\/index.php\\\/2026\\\/09\\\/02\\\/shperthim-ne-stacionin-e-trenit-ne-gjermani-te-pakten-dy-te-plagosur\\\/\",\"url\":\"https:\\\/\\\/kosovatimes.info\\\/index.php\\\/2026\\\/09\\\/02\\\/shperthim-ne-stacionin-e-trenit-ne-gjermani-te-pakten-dy-te-plagosur\\\/\",\"name\":\"Shp\u00ebrthim n\u00eb stacionin e trenit n\u00eb Gjermani, t\u00eb pakt\u00ebn dy t\u00eb plagosur - Kosova Times\",\"isPartOf\":{\"@id\":\"https:\\\/\\\/kosovatimes.info\\\/#website\"},\"primaryImageOfPage\":{\"@id\":\"https:\\\/\\\/kosovatimes.info\\\/index.php\\\/2026\\\/09\\\/02\\\/shperthim-ne-stacionin-e-trenit-ne-gjermani-te-pakten-dy-te-plagosur\\\/#primaryimage\"},\"image\":{\"@id\":\"https:\\\/\\\/kosovatimes.info\\\/index.php\\\/2026\\\/09\\\/02\\\/shperthim-ne-stacionin-e-trenit-ne-gjermani-te-pakten-dy-te-plagosur\\\/#primaryimage\"},\"thumbnailUrl\":\"https:\\\/\\\/kosovatimes.info\\\/wp-content\\\/uploads\\\/2026\\\/09\\\/Makina.jpg\",\"datePublished\":\"2026-09-02T06:41:16+00:00\",\"dateModified\":\"2026-09-02T06:41:24+00:00\",\"author\":{\"@id\":\"https:\\\/\\\/kosovatimes.info\\\/#\\\/schema\\\/person\\\/7586712b9c512fe68085de007378c915\"},\"breadcrumb\":{\"@id\":\"https:\\\/\\\/kosovatimes.info\\\/index.php\\\/2026\\\/09\\\/02\\\/shperthim-ne-stacionin-e-trenit-ne-gjermani-te-pakten-dy-te-plagosur\\\/#breadcrumb\"},\"inLanguage\":\"en-US\",\"potentialAction\":[{\"@type\":\"ReadAction\",\"target\":[\"https:\\\/\\\/kosovatimes.info\\\/index.php\\\/2026\\\/09\\\/02\\\/shperthim-ne-stacionin-e-trenit-ne-gjermani-te-pakten-dy-te-plagosur\\\/\"]}]},{\"@type\":\"ImageObject\",\"inLanguage\":\"en-US\",\"@id\":\"https:\\\/\\\/kosovatimes.info\\\/index.php\\\/2026\\\/09\\\/02\\\/shperthim-ne-stacionin-e-trenit-ne-gjermani-te-pakten-dy-te-plagosur\\\/#primaryimage\",\"url\":\"https:\\\/\\\/kosovatimes.info\\\/wp-content\\\/uploads\\\/2026\\\/09\\\/Makina.jpg\",\"contentUrl\":\"https:\\\/\\\/kosovatimes.info\\\/wp-content\\\/uploads\\\/2026\\\/09\\\/Makina.jpg\",\"width\":765,\"height\":510},{\"@type\":\"BreadcrumbList\",\"@id\":\"https:\\\/\\\/kosovatimes.info\\\/index.php\\\/2026\\\/09\\\/02\\\/shperthim-ne-stacionin-e-trenit-ne-gjermani-te-pakten-dy-te-plagosur\\\/#breadcrumb\",\"itemListElement\":[{\"@type\":\"ListItem\",\"position\":1,\"name\":\"Home\",\"item\":\"https:\\\/\\\/kosovatimes.info\\\/\"},{\"@type\":\"ListItem\",\"position\":2,\"name\":\"Shp\u00ebrthim n\u00eb stacionin e trenit n\u00eb Gjermani, t\u00eb pakt\u00ebn dy t\u00eb plagosur\"}]},{\"@type\":\"WebSite\",\"@id\":\"https:\\\/\\\/kosovatimes.info\\\/#website\",\"url\":\"https:\\\/\\\/kosovatimes.info\\\/\",\"name\":\"Kosova Times\",\"description\":\"\",\"potentialAction\":[{\"@type\":\"SearchAction\",\"target\":{\"@type\":\"EntryPoint\",\"urlTemplate\":\"https:\\\/\\\/kosovatimes.info\\\/?s={search_term_string}\"},\"query-input\":{\"@type\":\"PropertyValueSpecification\",\"valueRequired\":true,\"valueName\":\"search_term_string\"}}],\"inLanguage\":\"en-US\"},{\"@type\":\"Person\",\"@id\":\"https:\\\/\\\/kosovatimes.info\\\/#\\\/schema\\\/person\\\/7586712b9c512fe68085de007378c915\",\"name\":\"i l\",\"image\":{\"@type\":\"ImageObject\",\"inLanguage\":\"en-US\",\"@id\":\"https:\\\/\\\/secure.gravatar.com\\\/avatar\\\/bad9296e02816160ae2e2435beda58222022298d5625d49fea74d18816fbb31d?s=96&d=mm&r=g\",\"url\":\"https:\\\/\\\/secure.gravatar.com\\\/avatar\\\/bad9296e02816160ae2e2435beda58222022298d5625d49fea74d18816fbb31d?s=96&d=mm&r=g\",\"contentUrl\":\"https:\\\/\\\/secure.gravatar.com\\\/avatar\\\/bad9296e02816160ae2e2435beda58222022298d5625d49fea74d18816fbb31d?s=96&d=mm&r=g\",\"caption\":\"i l\"},\"url\":\"https:\\\/\\\/kosovatimes.info\\\/index.php\\\/author\\\/iliri\\\/\"}]}<\/script>\n<!-- \/ Yoast SEO plugin. -->","yoast_head_json":{"title":"Shp\u00ebrthim n\u00eb stacionin e trenit n\u00eb Gjermani, t\u00eb pakt\u00ebn dy t\u00eb plagosur - Kosova Times","robots":{"index":"index","follow":"follow","max-snippet":"max-snippet:-1","max-image-preview":"max-image-preview:large","max-video-preview":"max-video-preview:-1"},"canonical":"https:\/\/kosovatimes.info\/index.php\/2026\/09\/02\/shperthim-ne-stacionin-e-trenit-ne-gjermani-te-pakten-dy-te-plagosur\/","og_locale":"en_US","og_type":"article","og_title":"Shp\u00ebrthim n\u00eb stacionin e trenit n\u00eb Gjermani, t\u00eb pakt\u00ebn dy t\u00eb plagosur - Kosova Times","og_description":"T\u00eb pakt\u00ebn dy persona jan\u00eb plagosur n\u00eb nj\u00eb shp\u00ebrthim n\u00eb stacionin kryesor t\u00eb trenit n\u00eb Augsburg, ku policia po heton aktualisht. Incidenti ndodhi n\u00eb nj\u00eb korridor t\u00eb nd\u00ebrtes\u00ebs s\u00eb stacionit n\u00eb qytetin jugor gjerman, raporton&nbsp;Euronews&nbsp;. Policia u thirr n\u00eb or\u00ebn 5:14 t\u00eb m\u00ebngjesit t\u00eb sot\u00ebm. Mediat gjermane raportuan se nj\u00eb objekt shp\u00ebrtheu, duke shkaktuar l\u00ebndime [&hellip;]","og_url":"https:\/\/kosovatimes.info\/index.php\/2026\/09\/02\/shperthim-ne-stacionin-e-trenit-ne-gjermani-te-pakten-dy-te-plagosur\/","og_site_name":"Kosova Times","article_published_time":"2026-09-02T06:41:16+00:00","article_modified_time":"2026-09-02T06:41:24+00:00","og_image":[{"width":765,"height":510,"url":"https:\/\/kosovatimes.info\/wp-content\/uploads\/2026\/09\/Makina.jpg","type":"image\/jpeg"}],"author":"i l","twitter_card":"summary_large_image","twitter_misc":{"Written by":"i l","Est. reading time":"1 minute"},"schema":{"@context":"https:\/\/schema.org","@graph":[{"@type":"Article","@id":"https:\/\/kosovatimes.info\/index.php\/2026\/09\/02\/shperthim-ne-stacionin-e-trenit-ne-gjermani-te-pakten-dy-te-plagosur\/#article","isPartOf":{"@id":"https:\/\/kosovatimes.info\/index.php\/2026\/09\/02\/shperthim-ne-stacionin-e-trenit-ne-gjermani-te-pakten-dy-te-plagosur\/"},"author":{"name":"i l","@id":"https:\/\/kosovatimes.info\/#\/schema\/person\/7586712b9c512fe68085de007378c915"},"headline":"Shp\u00ebrthim n\u00eb stacionin e trenit n\u00eb Gjermani, t\u00eb pakt\u00ebn dy t\u00eb plagosur","datePublished":"2026-09-02T06:41:16+00:00","dateModified":"2026-09-02T06:41:24+00:00","mainEntityOfPage":{"@id":"https:\/\/kosovatimes.info\/index.php\/2026\/09\/02\/shperthim-ne-stacionin-e-trenit-ne-gjermani-te-pakten-dy-te-plagosur\/"},"wordCount":194,"commentCount":0,"image":{"@id":"https:\/\/kosovatimes.info\/index.php\/2026\/09\/02\/shperthim-ne-stacionin-e-trenit-ne-gjermani-te-pakten-dy-te-plagosur\/#primaryimage"},"thumbnailUrl":"https:\/\/kosovatimes.info\/wp-content\/uploads\/2026\/09\/Makina.jpg","articleSection":["Bot\u00eb","Lajme"],"inLanguage":"en-US","potentialAction":[{"@type":"CommentAction","name":"Comment","target":["https:\/\/kosovatimes.info\/index.php\/2026\/09\/02\/shperthim-ne-stacionin-e-trenit-ne-gjermani-te-pakten-dy-te-plagosur\/#respond"]}]},{"@type":"WebPage","@id":"https:\/\/kosovatimes.info\/index.php\/2026\/09\/02\/shperthim-ne-stacionin-e-trenit-ne-gjermani-te-pakten-dy-te-plagosur\/","url":"https:\/\/kosovatimes.info\/index.php\/2026\/09\/02\/shperthim-ne-stacionin-e-trenit-ne-gjermani-te-pakten-dy-te-plagosur\/","name":"Shp\u00ebrthim n\u00eb stacionin e trenit n\u00eb Gjermani, t\u00eb pakt\u00ebn dy t\u00eb plagosur - Kosova Times","isPartOf":{"@id":"https:\/\/kosovatimes.info\/#website"},"primaryImageOfPage":{"@id":"https:\/\/kosovatimes.info\/index.php\/2026\/09\/02\/shperthim-ne-stacionin-e-trenit-ne-gjermani-te-pakten-dy-te-plagosur\/#primaryimage"},"image":{"@id":"https:\/\/kosovatimes.info\/index.php\/2026\/09\/02\/shperthim-ne-stacionin-e-trenit-ne-gjermani-te-pakten-dy-te-plagosur\/#primaryimage"},"thumbnailUrl":"https:\/\/kosovatimes.info\/wp-content\/uploads\/2026\/09\/Makina.jpg","datePublished":"2026-09-02T06:41:16+00:00","dateModified":"2026-09-02T06:41:24+00:00","author":{"@id":"https:\/\/kosovatimes.info\/#\/schema\/person\/7586712b9c512fe68085de007378c915"},"breadcrumb":{"@id":"https:\/\/kosovatimes.info\/index.php\/2026\/09\/02\/shperthim-ne-stacionin-e-trenit-ne-gjermani-te-pakten-dy-te-plagosur\/#breadcrumb"},"inLanguage":"en-US","potentialAction":[{"@type":"ReadAction","target":["https:\/\/kosovatimes.info\/index.php\/2026\/09\/02\/shperthim-ne-stacionin-e-trenit-ne-gjermani-te-pakten-dy-te-plagosur\/"]}]},{"@type":"ImageObject","inLanguage":"en-US","@id":"https:\/\/kosovatimes.info\/index.php\/2026\/09\/02\/shperthim-ne-stacionin-e-trenit-ne-gjermani-te-pakten-dy-te-plagosur\/#primaryimage","url":"https:\/\/kosovatimes.info\/wp-content\/uploads\/2026\/09\/Makina.jpg","contentUrl":"https:\/\/kosovatimes.info\/wp-content\/uploads\/2026\/09\/Makina.jpg","width":765,"height":510},{"@type":"BreadcrumbList","@id":"https:\/\/kosovatimes.info\/index.php\/2026\/09\/02\/shperthim-ne-stacionin-e-trenit-ne-gjermani-te-pakten-dy-te-plagosur\/#breadcrumb","itemListElement":[{"@type":"ListItem","position":1,"name":"Home","item":"https:\/\/kosovatimes.info\/"},{"@type":"ListItem","position":2,"name":"Shp\u00ebrthim n\u00eb stacionin e trenit n\u00eb Gjermani, t\u00eb pakt\u00ebn dy t\u00eb plagosur"}]},{"@type":"WebSite","@id":"https:\/\/kosovatimes.info\/#website","url":"https:\/\/kosovatimes.info\/","name":"Kosova Times","description":"","potentialAction":[{"@type":"SearchAction","target":{"@type":"EntryPoint","urlTemplate":"https:\/\/kosovatimes.info\/?s={search_term_string}"},"query-input":{"@type":"PropertyValueSpecification","valueRequired":true,"valueName":"search_term_string"}}],"inLanguage":"en-US"},{"@type":"Person","@id":"https:\/\/kosovatimes.info\/#\/schema\/person\/7586712b9c512fe68085de007378c915","name":"i l","image":{"@type":"ImageObject","inLanguage":"en-US","@id":"https:\/\/secure.gravatar.com\/avatar\/bad9296e02816160ae2e2435beda58222022298d5625d49fea74d18816fbb31d?s=96&d=mm&r=g","url":"https:\/\/secure.gravatar.com\/avatar\/bad9296e02816160ae2e2435beda58222022298d5625d49fea74d18816fbb31d?s=96&d=mm&r=g","contentUrl":"https:\/\/secure.gravatar.com\/avatar\/bad9296e02816160ae2e2435beda58222022298d5625d49fea74d18816fbb31d?s=96&d=mm&r=g","caption":"i l"},"url":"https:\/\/kosovatimes.info\/index.php\/author\/iliri\/"}]}},"_links":{"self":[{"href":"https:\/\/kosovatimes.info\/index.php\/wp-json\/wp\/v2\/posts\/30556","targetHints":{"allow":["GET"]}}],"collection":[{"href":"https:\/\/kosovatimes.info\/index.php\/wp-json\/wp\/v2\/posts"}],"about":[{"href":"https:\/\/kosovatimes.info\/index.php\/wp-json\/wp\/v2\/types\/post"}],"author":[{"embeddable":true,"href":"https:\/\/kosovatimes.info\/index.php\/wp-json\/wp\/v2\/users\/4"}],"replies":[{"embeddable":true,"href":"https:\/\/kosovatimes.info\/index.php\/wp-json\/wp\/v2\/comments?post=30556"}],"version-history":[{"count":1,"href":"https:\/\/kosovatimes.info\/index.php\/wp-json\/wp\/v2\/posts\/30556\/revisions"}],"predecessor-version":[{"id":30558,"href":"https:\/\/kosovatimes.info\/index.php\/wp-json\/wp\/v2\/posts\/30556\/revisions\/30558"}],"wp:featuredmedia":[{"embeddable":true,"href":"https:\/\/kosovatimes.info\/index.php\/wp-json\/wp\/v2\/media\/30557"}],"wp:attachment":[{"href":"https:\/\/kosovatimes.info\/index.php\/wp-json\/wp\/v2\/media?parent=30556"}],"wp:term":[{"taxonomy":"category","embeddable":true,"href":"https:\/\/kosovatimes.info\/index.php\/wp-json\/wp\/v2\/categories?post=30556"},{"taxonomy":"post_tag","embeddable":true,"href":"https:\/\/kosovatimes.info\/index.php\/wp-json\/wp\/v2\/tags?post=30556"}],"curies":[{"name":"wp","href":"https:\/\/api.w.org\/{rel}","templated":true}]}}