{"id":30559,"date":"2026-09-02T08:44:02","date_gmt":"2026-09-02T06:44:02","guid":{"rendered":"https:\/\/kosovatimes.info\/?p=30559"},"modified":"2026-09-02T08:44:04","modified_gmt":"2026-09-02T06:44:04","slug":"dy-anije-tregtare-perplasen-prane-stambollit-dhjete-anetare-te-ekuipazhit-jane-ne-kerkim","status":"publish","type":"post","link":"https:\/\/kosovatimes.info\/index.php\/2026\/09\/02\/dy-anije-tregtare-perplasen-prane-stambollit-dhjete-anetare-te-ekuipazhit-jane-ne-kerkim\/","title":{"rendered":"Dy anije tregtare p\u00ebrplasen pran\u00eb Stambollit. Dhjet\u00eb an\u00ebtar\u00eb t\u00eb ekuipazhit jan\u00eb n\u00eb k\u00ebrkim"},"content":{"rendered":"\n<p class=\"wp-block-paragraph\">Dy anije tregtare me flamur turk u p\u00ebrplas\u00ebn sot n\u00eb Detin e Marmaras\u00eb pran\u00eb Stambollit dhe kontakti me nj\u00ebr\u00ebn prej anijeve u humb, njoftoi Zyra e Guvernatorit t\u00eb Stambollit.<\/p>\n\n\n\n<p class=\"wp-block-paragraph\">Anija Alsu n\u00ebn flamurin turk, e cila po lundronte drejt portit Aliaga n\u00eb Egje, dhe anija Tugberk Imamoglu, gjithashtu n\u00ebn flamurin turk, n\u00eb rrug\u00ebn e saj drejt portit Karadeniz Ere\u011fli n\u00eb Detin e Zi, u p\u00ebrplas\u00ebn mbr\u00ebm\u00eb pran\u00eb lagjes Silivri t\u00eb Stambollit, sipas nj\u00eb deklarate nga zyra e guvernatorit.Anije dhe helikopter\u00eb t\u00eb Roj\u00ebs Bregdetare u d\u00ebrguan n\u00eb vendin e aksidentit p\u00ebr k\u00ebrkim-shp\u00ebtim, dhe nuk kishte d\u00ebme t\u00eb dukshme n\u00eb anijen Alsu, thuhet n\u00eb deklarat\u00eb. Megjithat\u00eb, autoritetet nuk ishin n\u00eb gjendje t\u00eb vendosnin kontakt me Tugberk Imamoglu dhe dhjet\u00eb an\u00ebtar\u00ebt e ekuipazhit t\u00eb saj.<\/p>\n\n\n\n<h3 class=\"wp-block-heading\">Shp\u00ebtimi \u00ebsht\u00eb duke u zhvilluar.<\/h3>\n\n\n\n<p class=\"wp-block-paragraph\">Sipas Dhom\u00ebs s\u00eb Tregtis\u00eb p\u00ebr Tregti Detare t\u00eb Stambollit, anija Tugberk Imamoglu, n\u00eb pron\u00ebsi t\u00eb kompanis\u00eb Zeybe Denizcilik, lundron si nj\u00eb transportues me shumic\u00eb, nd\u00ebrsa Alsu, n\u00eb pron\u00ebsi t\u00eb kompanis\u00eb Ozpulathane Deniz Tasimaciligi, \u00ebsht\u00eb nj\u00eb cistern\u00eb kimike.<\/p>\n\n\n\n<p class=\"wp-block-paragraph\">Operacioni i k\u00ebrkim-shp\u00ebtimit \u00ebsht\u00eb ende duke vazhduar, sipas nj\u00eb deklarate nga zyra e guvernatorit.<\/p>\n","protected":false},"excerpt":{"rendered":"<p>Dy anije tregtare me flamur turk u p\u00ebrplas\u00ebn sot n\u00eb Detin e Marmaras\u00eb pran\u00eb Stambollit dhe kontakti me nj\u00ebr\u00ebn prej anijeve u humb, njoftoi Zyra e Guvernatorit t\u00eb Stambollit. Anija Alsu n\u00ebn flamurin turk, e cila po lundronte drejt portit Aliaga n\u00eb Egje, dhe anija Tugberk Imamoglu, gjithashtu n\u00ebn flamurin turk, n\u00eb rrug\u00ebn e saj [&hellip;]<\/p>\n","protected":false},"author":4,"featured_media":30560,"comment_status":"open","ping_status":"open","sticky":false,"template":"","format":"standard","meta":{"footnotes":""},"categories":[33,30],"tags":[],"class_list":["post-30559","post","type-post","status-publish","format-standard","has-post-thumbnail","category-bote","category-lajme"],"yoast_head":"<!-- This site is optimized with the Yoast SEO plugin v27.4 - https:\/\/yoast.com\/product\/yoast-seo-wordpress\/ -->\n<title>Dy anije tregtare p\u00ebrplasen pran\u00eb Stambollit. Dhjet\u00eb an\u00ebtar\u00eb t\u00eb ekuipazhit jan\u00eb n\u00eb k\u00ebrkim - Kosova Times<\/title>\n<meta name=\"robots\" content=\"index, follow, max-snippet:-1, max-image-preview:large, max-video-preview:-1\" \/>\n<link rel=\"canonical\" href=\"https:\/\/kosovatimes.info\/index.php\/2026\/09\/02\/dy-anije-tregtare-perplasen-prane-stambollit-dhjete-anetare-te-ekuipazhit-jane-ne-kerkim\/\" \/>\n<meta property=\"og:locale\" content=\"en_US\" \/>\n<meta property=\"og:type\" content=\"article\" \/>\n<meta property=\"og:title\" content=\"Dy anije tregtare p\u00ebrplasen pran\u00eb Stambollit. Dhjet\u00eb an\u00ebtar\u00eb t\u00eb ekuipazhit jan\u00eb n\u00eb k\u00ebrkim - Kosova Times\" \/>\n<meta property=\"og:description\" content=\"Dy anije tregtare me flamur turk u p\u00ebrplas\u00ebn sot n\u00eb Detin e Marmaras\u00eb pran\u00eb Stambollit dhe kontakti me nj\u00ebr\u00ebn prej anijeve u humb, njoftoi Zyra e Guvernatorit t\u00eb Stambollit. Anija Alsu n\u00ebn flamurin turk, e cila po lundronte drejt portit Aliaga n\u00eb Egje, dhe anija Tugberk Imamoglu, gjithashtu n\u00ebn flamurin turk, n\u00eb rrug\u00ebn e saj [&hellip;]\" \/>\n<meta property=\"og:url\" content=\"https:\/\/kosovatimes.info\/index.php\/2026\/09\/02\/dy-anije-tregtare-perplasen-prane-stambollit-dhjete-anetare-te-ekuipazhit-jane-ne-kerkim\/\" \/>\n<meta property=\"og:site_name\" content=\"Kosova Times\" \/>\n<meta property=\"article:published_time\" content=\"2026-09-02T06:44:02+00:00\" \/>\n<meta property=\"article:modified_time\" content=\"2026-09-02T06:44:04+00:00\" \/>\n<meta property=\"og:image\" content=\"https:\/\/kosovatimes.info\/wp-content\/uploads\/2026\/09\/helikopter.jpg\" \/>\n\t<meta property=\"og:image:width\" content=\"765\" \/>\n\t<meta property=\"og:image:height\" content=\"510\" \/>\n\t<meta property=\"og:image:type\" content=\"image\/jpeg\" \/>\n<meta name=\"author\" content=\"i l\" \/>\n<meta name=\"twitter:card\" content=\"summary_large_image\" \/>\n<meta name=\"twitter:label1\" content=\"Written by\" \/>\n\t<meta name=\"twitter:data1\" content=\"i l\" \/>\n\t<meta name=\"twitter:label2\" content=\"Est. reading time\" \/>\n\t<meta name=\"twitter:data2\" content=\"1 minute\" \/>\n<script type=\"application\/ld+json\" class=\"yoast-schema-graph\">{\"@context\":\"https:\\\/\\\/schema.org\",\"@graph\":[{\"@type\":\"Article\",\"@id\":\"https:\\\/\\\/kosovatimes.info\\\/index.php\\\/2026\\\/09\\\/02\\\/dy-anije-tregtare-perplasen-prane-stambollit-dhjete-anetare-te-ekuipazhit-jane-ne-kerkim\\\/#article\",\"isPartOf\":{\"@id\":\"https:\\\/\\\/kosovatimes.info\\\/index.php\\\/2026\\\/09\\\/02\\\/dy-anije-tregtare-perplasen-prane-stambollit-dhjete-anetare-te-ekuipazhit-jane-ne-kerkim\\\/\"},\"author\":{\"name\":\"i l\",\"@id\":\"https:\\\/\\\/kosovatimes.info\\\/#\\\/schema\\\/person\\\/7586712b9c512fe68085de007378c915\"},\"headline\":\"Dy anije tregtare p\u00ebrplasen pran\u00eb Stambollit. Dhjet\u00eb an\u00ebtar\u00eb t\u00eb ekuipazhit jan\u00eb n\u00eb k\u00ebrkim\",\"datePublished\":\"2026-09-02T06:44:02+00:00\",\"dateModified\":\"2026-09-02T06:44:04+00:00\",\"mainEntityOfPage\":{\"@id\":\"https:\\\/\\\/kosovatimes.info\\\/index.php\\\/2026\\\/09\\\/02\\\/dy-anije-tregtare-perplasen-prane-stambollit-dhjete-anetare-te-ekuipazhit-jane-ne-kerkim\\\/\"},\"wordCount\":222,\"commentCount\":0,\"image\":{\"@id\":\"https:\\\/\\\/kosovatimes.info\\\/index.php\\\/2026\\\/09\\\/02\\\/dy-anije-tregtare-perplasen-prane-stambollit-dhjete-anetare-te-ekuipazhit-jane-ne-kerkim\\\/#primaryimage\"},\"thumbnailUrl\":\"https:\\\/\\\/kosovatimes.info\\\/wp-content\\\/uploads\\\/2026\\\/09\\\/helikopter.jpg\",\"articleSection\":[\"Bot\u00eb\",\"Lajme\"],\"inLanguage\":\"en-US\",\"potentialAction\":[{\"@type\":\"CommentAction\",\"name\":\"Comment\",\"target\":[\"https:\\\/\\\/kosovatimes.info\\\/index.php\\\/2026\\\/09\\\/02\\\/dy-anije-tregtare-perplasen-prane-stambollit-dhjete-anetare-te-ekuipazhit-jane-ne-kerkim\\\/#respond\"]}]},{\"@type\":\"WebPage\",\"@id\":\"https:\\\/\\\/kosovatimes.info\\\/index.php\\\/2026\\\/09\\\/02\\\/dy-anije-tregtare-perplasen-prane-stambollit-dhjete-anetare-te-ekuipazhit-jane-ne-kerkim\\\/\",\"url\":\"https:\\\/\\\/kosovatimes.info\\\/index.php\\\/2026\\\/09\\\/02\\\/dy-anije-tregtare-perplasen-prane-stambollit-dhjete-anetare-te-ekuipazhit-jane-ne-kerkim\\\/\",\"name\":\"Dy anije tregtare p\u00ebrplasen pran\u00eb Stambollit. Dhjet\u00eb an\u00ebtar\u00eb t\u00eb ekuipazhit jan\u00eb n\u00eb k\u00ebrkim - Kosova Times\",\"isPartOf\":{\"@id\":\"https:\\\/\\\/kosovatimes.info\\\/#website\"},\"primaryImageOfPage\":{\"@id\":\"https:\\\/\\\/kosovatimes.info\\\/index.php\\\/2026\\\/09\\\/02\\\/dy-anije-tregtare-perplasen-prane-stambollit-dhjete-anetare-te-ekuipazhit-jane-ne-kerkim\\\/#primaryimage\"},\"image\":{\"@id\":\"https:\\\/\\\/kosovatimes.info\\\/index.php\\\/2026\\\/09\\\/02\\\/dy-anije-tregtare-perplasen-prane-stambollit-dhjete-anetare-te-ekuipazhit-jane-ne-kerkim\\\/#primaryimage\"},\"thumbnailUrl\":\"https:\\\/\\\/kosovatimes.info\\\/wp-content\\\/uploads\\\/2026\\\/09\\\/helikopter.jpg\",\"datePublished\":\"2026-09-02T06:44:02+00:00\",\"dateModified\":\"2026-09-02T06:44:04+00:00\",\"author\":{\"@id\":\"https:\\\/\\\/kosovatimes.info\\\/#\\\/schema\\\/person\\\/7586712b9c512fe68085de007378c915\"},\"breadcrumb\":{\"@id\":\"https:\\\/\\\/kosovatimes.info\\\/index.php\\\/2026\\\/09\\\/02\\\/dy-anije-tregtare-perplasen-prane-stambollit-dhjete-anetare-te-ekuipazhit-jane-ne-kerkim\\\/#breadcrumb\"},\"inLanguage\":\"en-US\",\"potentialAction\":[{\"@type\":\"ReadAction\",\"target\":[\"https:\\\/\\\/kosovatimes.info\\\/index.php\\\/2026\\\/09\\\/02\\\/dy-anije-tregtare-perplasen-prane-stambollit-dhjete-anetare-te-ekuipazhit-jane-ne-kerkim\\\/\"]}]},{\"@type\":\"ImageObject\",\"inLanguage\":\"en-US\",\"@id\":\"https:\\\/\\\/kosovatimes.info\\\/index.php\\\/2026\\\/09\\\/02\\\/dy-anije-tregtare-perplasen-prane-stambollit-dhjete-anetare-te-ekuipazhit-jane-ne-kerkim\\\/#primaryimage\",\"url\":\"https:\\\/\\\/kosovatimes.info\\\/wp-content\\\/uploads\\\/2026\\\/09\\\/helikopter.jpg\",\"contentUrl\":\"https:\\\/\\\/kosovatimes.info\\\/wp-content\\\/uploads\\\/2026\\\/09\\\/helikopter.jpg\",\"width\":765,\"height\":510},{\"@type\":\"BreadcrumbList\",\"@id\":\"https:\\\/\\\/kosovatimes.info\\\/index.php\\\/2026\\\/09\\\/02\\\/dy-anije-tregtare-perplasen-prane-stambollit-dhjete-anetare-te-ekuipazhit-jane-ne-kerkim\\\/#breadcrumb\",\"itemListElement\":[{\"@type\":\"ListItem\",\"position\":1,\"name\":\"Home\",\"item\":\"https:\\\/\\\/kosovatimes.info\\\/\"},{\"@type\":\"ListItem\",\"position\":2,\"name\":\"Dy anije tregtare p\u00ebrplasen pran\u00eb Stambollit. Dhjet\u00eb an\u00ebtar\u00eb t\u00eb ekuipazhit jan\u00eb n\u00eb k\u00ebrkim\"}]},{\"@type\":\"WebSite\",\"@id\":\"https:\\\/\\\/kosovatimes.info\\\/#website\",\"url\":\"https:\\\/\\\/kosovatimes.info\\\/\",\"name\":\"Kosova Times\",\"description\":\"\",\"potentialAction\":[{\"@type\":\"SearchAction\",\"target\":{\"@type\":\"EntryPoint\",\"urlTemplate\":\"https:\\\/\\\/kosovatimes.info\\\/?s={search_term_string}\"},\"query-input\":{\"@type\":\"PropertyValueSpecification\",\"valueRequired\":true,\"valueName\":\"search_term_string\"}}],\"inLanguage\":\"en-US\"},{\"@type\":\"Person\",\"@id\":\"https:\\\/\\\/kosovatimes.info\\\/#\\\/schema\\\/person\\\/7586712b9c512fe68085de007378c915\",\"name\":\"i l\",\"image\":{\"@type\":\"ImageObject\",\"inLanguage\":\"en-US\",\"@id\":\"https:\\\/\\\/secure.gravatar.com\\\/avatar\\\/bad9296e02816160ae2e2435beda58222022298d5625d49fea74d18816fbb31d?s=96&d=mm&r=g\",\"url\":\"https:\\\/\\\/secure.gravatar.com\\\/avatar\\\/bad9296e02816160ae2e2435beda58222022298d5625d49fea74d18816fbb31d?s=96&d=mm&r=g\",\"contentUrl\":\"https:\\\/\\\/secure.gravatar.com\\\/avatar\\\/bad9296e02816160ae2e2435beda58222022298d5625d49fea74d18816fbb31d?s=96&d=mm&r=g\",\"caption\":\"i l\"},\"url\":\"https:\\\/\\\/kosovatimes.info\\\/index.php\\\/author\\\/iliri\\\/\"}]}<\/script>\n<!-- \/ Yoast SEO plugin. -->","yoast_head_json":{"title":"Dy anije tregtare p\u00ebrplasen pran\u00eb Stambollit. Dhjet\u00eb an\u00ebtar\u00eb t\u00eb ekuipazhit jan\u00eb n\u00eb k\u00ebrkim - Kosova Times","robots":{"index":"index","follow":"follow","max-snippet":"max-snippet:-1","max-image-preview":"max-image-preview:large","max-video-preview":"max-video-preview:-1"},"canonical":"https:\/\/kosovatimes.info\/index.php\/2026\/09\/02\/dy-anije-tregtare-perplasen-prane-stambollit-dhjete-anetare-te-ekuipazhit-jane-ne-kerkim\/","og_locale":"en_US","og_type":"article","og_title":"Dy anije tregtare p\u00ebrplasen pran\u00eb Stambollit. Dhjet\u00eb an\u00ebtar\u00eb t\u00eb ekuipazhit jan\u00eb n\u00eb k\u00ebrkim - Kosova Times","og_description":"Dy anije tregtare me flamur turk u p\u00ebrplas\u00ebn sot n\u00eb Detin e Marmaras\u00eb pran\u00eb Stambollit dhe kontakti me nj\u00ebr\u00ebn prej anijeve u humb, njoftoi Zyra e Guvernatorit t\u00eb Stambollit. Anija Alsu n\u00ebn flamurin turk, e cila po lundronte drejt portit Aliaga n\u00eb Egje, dhe anija Tugberk Imamoglu, gjithashtu n\u00ebn flamurin turk, n\u00eb rrug\u00ebn e saj [&hellip;]","og_url":"https:\/\/kosovatimes.info\/index.php\/2026\/09\/02\/dy-anije-tregtare-perplasen-prane-stambollit-dhjete-anetare-te-ekuipazhit-jane-ne-kerkim\/","og_site_name":"Kosova Times","article_published_time":"2026-09-02T06:44:02+00:00","article_modified_time":"2026-09-02T06:44:04+00:00","og_image":[{"width":765,"height":510,"url":"https:\/\/kosovatimes.info\/wp-content\/uploads\/2026\/09\/helikopter.jpg","type":"image\/jpeg"}],"author":"i l","twitter_card":"summary_large_image","twitter_misc":{"Written by":"i l","Est. reading time":"1 minute"},"schema":{"@context":"https:\/\/schema.org","@graph":[{"@type":"Article","@id":"https:\/\/kosovatimes.info\/index.php\/2026\/09\/02\/dy-anije-tregtare-perplasen-prane-stambollit-dhjete-anetare-te-ekuipazhit-jane-ne-kerkim\/#article","isPartOf":{"@id":"https:\/\/kosovatimes.info\/index.php\/2026\/09\/02\/dy-anije-tregtare-perplasen-prane-stambollit-dhjete-anetare-te-ekuipazhit-jane-ne-kerkim\/"},"author":{"name":"i l","@id":"https:\/\/kosovatimes.info\/#\/schema\/person\/7586712b9c512fe68085de007378c915"},"headline":"Dy anije tregtare p\u00ebrplasen pran\u00eb Stambollit. Dhjet\u00eb an\u00ebtar\u00eb t\u00eb ekuipazhit jan\u00eb n\u00eb k\u00ebrkim","datePublished":"2026-09-02T06:44:02+00:00","dateModified":"2026-09-02T06:44:04+00:00","mainEntityOfPage":{"@id":"https:\/\/kosovatimes.info\/index.php\/2026\/09\/02\/dy-anije-tregtare-perplasen-prane-stambollit-dhjete-anetare-te-ekuipazhit-jane-ne-kerkim\/"},"wordCount":222,"commentCount":0,"image":{"@id":"https:\/\/kosovatimes.info\/index.php\/2026\/09\/02\/dy-anije-tregtare-perplasen-prane-stambollit-dhjete-anetare-te-ekuipazhit-jane-ne-kerkim\/#primaryimage"},"thumbnailUrl":"https:\/\/kosovatimes.info\/wp-content\/uploads\/2026\/09\/helikopter.jpg","articleSection":["Bot\u00eb","Lajme"],"inLanguage":"en-US","potentialAction":[{"@type":"CommentAction","name":"Comment","target":["https:\/\/kosovatimes.info\/index.php\/2026\/09\/02\/dy-anije-tregtare-perplasen-prane-stambollit-dhjete-anetare-te-ekuipazhit-jane-ne-kerkim\/#respond"]}]},{"@type":"WebPage","@id":"https:\/\/kosovatimes.info\/index.php\/2026\/09\/02\/dy-anije-tregtare-perplasen-prane-stambollit-dhjete-anetare-te-ekuipazhit-jane-ne-kerkim\/","url":"https:\/\/kosovatimes.info\/index.php\/2026\/09\/02\/dy-anije-tregtare-perplasen-prane-stambollit-dhjete-anetare-te-ekuipazhit-jane-ne-kerkim\/","name":"Dy anije tregtare p\u00ebrplasen pran\u00eb Stambollit. Dhjet\u00eb an\u00ebtar\u00eb t\u00eb ekuipazhit jan\u00eb n\u00eb k\u00ebrkim - Kosova Times","isPartOf":{"@id":"https:\/\/kosovatimes.info\/#website"},"primaryImageOfPage":{"@id":"https:\/\/kosovatimes.info\/index.php\/2026\/09\/02\/dy-anije-tregtare-perplasen-prane-stambollit-dhjete-anetare-te-ekuipazhit-jane-ne-kerkim\/#primaryimage"},"image":{"@id":"https:\/\/kosovatimes.info\/index.php\/2026\/09\/02\/dy-anije-tregtare-perplasen-prane-stambollit-dhjete-anetare-te-ekuipazhit-jane-ne-kerkim\/#primaryimage"},"thumbnailUrl":"https:\/\/kosovatimes.info\/wp-content\/uploads\/2026\/09\/helikopter.jpg","datePublished":"2026-09-02T06:44:02+00:00","dateModified":"2026-09-02T06:44:04+00:00","author":{"@id":"https:\/\/kosovatimes.info\/#\/schema\/person\/7586712b9c512fe68085de007378c915"},"breadcrumb":{"@id":"https:\/\/kosovatimes.info\/index.php\/2026\/09\/02\/dy-anije-tregtare-perplasen-prane-stambollit-dhjete-anetare-te-ekuipazhit-jane-ne-kerkim\/#breadcrumb"},"inLanguage":"en-US","potentialAction":[{"@type":"ReadAction","target":["https:\/\/kosovatimes.info\/index.php\/2026\/09\/02\/dy-anije-tregtare-perplasen-prane-stambollit-dhjete-anetare-te-ekuipazhit-jane-ne-kerkim\/"]}]},{"@type":"ImageObject","inLanguage":"en-US","@id":"https:\/\/kosovatimes.info\/index.php\/2026\/09\/02\/dy-anije-tregtare-perplasen-prane-stambollit-dhjete-anetare-te-ekuipazhit-jane-ne-kerkim\/#primaryimage","url":"https:\/\/kosovatimes.info\/wp-content\/uploads\/2026\/09\/helikopter.jpg","contentUrl":"https:\/\/kosovatimes.info\/wp-content\/uploads\/2026\/09\/helikopter.jpg","width":765,"height":510},{"@type":"BreadcrumbList","@id":"https:\/\/kosovatimes.info\/index.php\/2026\/09\/02\/dy-anije-tregtare-perplasen-prane-stambollit-dhjete-anetare-te-ekuipazhit-jane-ne-kerkim\/#breadcrumb","itemListElement":[{"@type":"ListItem","position":1,"name":"Home","item":"https:\/\/kosovatimes.info\/"},{"@type":"ListItem","position":2,"name":"Dy anije tregtare p\u00ebrplasen pran\u00eb Stambollit. Dhjet\u00eb an\u00ebtar\u00eb t\u00eb ekuipazhit jan\u00eb n\u00eb k\u00ebrkim"}]},{"@type":"WebSite","@id":"https:\/\/kosovatimes.info\/#website","url":"https:\/\/kosovatimes.info\/","name":"Kosova Times","description":"","potentialAction":[{"@type":"SearchAction","target":{"@type":"EntryPoint","urlTemplate":"https:\/\/kosovatimes.info\/?s={search_term_string}"},"query-input":{"@type":"PropertyValueSpecification","valueRequired":true,"valueName":"search_term_string"}}],"inLanguage":"en-US"},{"@type":"Person","@id":"https:\/\/kosovatimes.info\/#\/schema\/person\/7586712b9c512fe68085de007378c915","name":"i l","image":{"@type":"ImageObject","inLanguage":"en-US","@id":"https:\/\/secure.gravatar.com\/avatar\/bad9296e02816160ae2e2435beda58222022298d5625d49fea74d18816fbb31d?s=96&d=mm&r=g","url":"https:\/\/secure.gravatar.com\/avatar\/bad9296e02816160ae2e2435beda58222022298d5625d49fea74d18816fbb31d?s=96&d=mm&r=g","contentUrl":"https:\/\/secure.gravatar.com\/avatar\/bad9296e02816160ae2e2435beda58222022298d5625d49fea74d18816fbb31d?s=96&d=mm&r=g","caption":"i l"},"url":"https:\/\/kosovatimes.info\/index.php\/author\/iliri\/"}]}},"_links":{"self":[{"href":"https:\/\/kosovatimes.info\/index.php\/wp-json\/wp\/v2\/posts\/30559","targetHints":{"allow":["GET"]}}],"collection":[{"href":"https:\/\/kosovatimes.info\/index.php\/wp-json\/wp\/v2\/posts"}],"about":[{"href":"https:\/\/kosovatimes.info\/index.php\/wp-json\/wp\/v2\/types\/post"}],"author":[{"embeddable":true,"href":"https:\/\/kosovatimes.info\/index.php\/wp-json\/wp\/v2\/users\/4"}],"replies":[{"embeddable":true,"href":"https:\/\/kosovatimes.info\/index.php\/wp-json\/wp\/v2\/comments?post=30559"}],"version-history":[{"count":1,"href":"https:\/\/kosovatimes.info\/index.php\/wp-json\/wp\/v2\/posts\/30559\/revisions"}],"predecessor-version":[{"id":30561,"href":"https:\/\/kosovatimes.info\/index.php\/wp-json\/wp\/v2\/posts\/30559\/revisions\/30561"}],"wp:featuredmedia":[{"embeddable":true,"href":"https:\/\/kosovatimes.info\/index.php\/wp-json\/wp\/v2\/media\/30560"}],"wp:attachment":[{"href":"https:\/\/kosovatimes.info\/index.php\/wp-json\/wp\/v2\/media?parent=30559"}],"wp:term":[{"taxonomy":"category","embeddable":true,"href":"https:\/\/kosovatimes.info\/index.php\/wp-json\/wp\/v2\/categories?post=30559"},{"taxonomy":"post_tag","embeddable":true,"href":"https:\/\/kosovatimes.info\/index.php\/wp-json\/wp\/v2\/tags?post=30559"}],"curies":[{"name":"wp","href":"https:\/\/api.w.org\/{rel}","templated":true}]}}