{"id":30565,"date":"2026-09-02T08:49:00","date_gmt":"2026-09-02T06:49:00","guid":{"rendered":"https:\/\/kosovatimes.info\/?p=30565"},"modified":"2026-09-02T09:19:27","modified_gmt":"2026-09-02T07:19:27","slug":"oek-dhe-woba-bashkepunojne-per-rritjen-e-perfaqesimit-te-grave-ne-borde","status":"publish","type":"post","link":"https:\/\/kosovatimes.info\/index.php\/2026\/09\/02\/oek-dhe-woba-bashkepunojne-per-rritjen-e-perfaqesimit-te-grave-ne-borde\/","title":{"rendered":"OEK dhe WOBA bashk\u00ebpunojn\u00eb p\u00ebr rritjen e p\u00ebrfaq\u00ebsimit t\u00eb grave n\u00eb borde"},"content":{"rendered":"\n<p class=\"wp-block-paragraph\"><strong>Oda Ekonomike e Kosov\u00ebs dhe Women on Boards Adria (WOBA) do t\u00eb bashk\u00ebpunojn\u00eb p\u00ebr t\u00eb rritur p\u00ebrfshirjen e grave n\u00eb bordet drejtuese dhe p\u00ebr t\u00eb avancuar praktikat e qeverisjes korporative n\u00eb Kosov\u00eb.<\/strong><\/p>\n\n\n\n<p class=\"wp-block-paragraph\">Kryetari i OEK-ut, Lulzim Rafuna, u takua me Tanja Mihajlovska Dimitrievska, Ambasadore Rajonale dhe udh\u00ebheq\u00ebse e WOBA-s, dhe Katerina Boshevska, Drejtoresh\u00eb Menaxhuese e EOS n\u00eb Maqedonin\u00eb e Veriut dhe Kosov\u00eb dhe Ambasadore e WOBA-s.<\/p>\n\n\n\n<p class=\"wp-block-paragraph\">Sipas njoftimit nga OEK, n\u00eb takim u diskutua p\u00ebr aktivitetet e WOBA-s n\u00eb Kosov\u00eb, bashk\u00ebpunimin me kompanit\u00eb dhe institucionet, si dhe p\u00ebrfshirjen e profesionist\u00ebve kosovar\u00eb n\u00eb rrjetin rajonal t\u00eb k\u00ebsaj organizate.<\/p>\n\n\n\n<p class=\"wp-block-paragraph\">\u201cKjo nuk \u00ebsht\u00eb vet\u00ebm nj\u00eb fushat\u00eb nd\u00ebrgjegj\u00ebsimi, por pun\u00eb konkrete p\u00ebr qeverisjen korporative \u2013 p\u00ebrgatitjen e kandidateve, profesionalizimin e p\u00ebrzgjedhjes dhe krijimin e mund\u00ebsive p\u00ebr grat\u00eb e kualifikuara. OEK-u d\u00ebshiron q\u00eb bizneset kosovare t\u00eb jen\u00eb pjes\u00eb e k\u00ebtij procesi dhe t\u00eb ndihmojn\u00eb n\u00eb form\u00ebsimin e k\u00ebsaj reforme\u201d, tha Rafuna.<\/p>\n\n\n\n<p class=\"wp-block-paragraph\">Kosova ka tashm\u00eb baz\u00eb ligjore p\u00ebr p\u00ebrfaq\u00ebsimin gjinor n\u00eb bordet e drejtor\u00ebve. Ligji p\u00ebr Shoq\u00ebrit\u00eb Tregtare i vitit 2018 p\u00ebrcaktonte kuot\u00ebn prej 40 p\u00ebr qind p\u00ebr gjinin\u00eb m\u00eb pak t\u00eb p\u00ebrfaq\u00ebsuar, me synim rritjen n\u00eb 50 p\u00ebr qind. Megjithat\u00eb, kjo dispozit\u00eb mbulon vet\u00ebm shoq\u00ebrit\u00eb aksionare dhe rregullat p\u00ebr zbatimin e saj nuk jan\u00eb miratuar, theksohet n\u00eb njoftimin e OEK-ut.<\/p>\n\n\n\n<p class=\"wp-block-paragraph\">N\u00eb takim u theksua se rritja e p\u00ebrfaq\u00ebsimit t\u00eb grave n\u00eb pozitat drejtuese lidhet edhe me procesin e p\u00ebrafrimit t\u00eb Kosov\u00ebs me standardet e Bashkimit Evropian.<\/p>\n\n\n\n<p class=\"wp-block-paragraph\">WOBA synon t\u00eb sjell\u00eb n\u00eb Kosov\u00eb programe p\u00ebr lidership dhe p\u00ebrgatitje p\u00ebr an\u00ebtar\u00ebsim n\u00eb borde, si dhe t\u00eb krijoj\u00eb nj\u00eb rrjet t\u00eb profesionist\u00ebve dhe kandidateve t\u00eb p\u00ebrgatitura p\u00ebr pozita drejtuese.<\/p>\n\n\n\n<p class=\"wp-block-paragraph\">Gjat\u00eb takimit u b\u00eb e ditur edhe rikthimi i EOS Matrix n\u00eb tregun e Kosov\u00ebs, me aktivitet n\u00eb fush\u00ebn e menaxhimit t\u00eb ark\u00ebtimeve dhe blerjes s\u00eb portofol\u00ebve t\u00eb kredive me probleme, pas ndryshimeve n\u00eb kuadrin ligjor p\u00ebr sektorin bankar.<\/p>\n\n\n\n<p class=\"wp-block-paragraph\">OEK dhe WOBA do t\u00eb koordinojn\u00eb hapat e ardhsh\u00ebm p\u00ebr bashk\u00ebpunimin me kompanit\u00eb kosovare, p\u00ebrfshirjen e drejtuesve nga Kosova n\u00eb rrjetin rajonal dhe angazhimin me institucionet p\u00ebr \u00e7\u00ebshtjet e qeverisjes korporative.<\/p>\n","protected":false},"excerpt":{"rendered":"<p>Oda Ekonomike e Kosov\u00ebs dhe Women on Boards Adria (WOBA) do t\u00eb bashk\u00ebpunojn\u00eb p\u00ebr t\u00eb rritur p\u00ebrfshirjen e grave n\u00eb bordet drejtuese dhe p\u00ebr t\u00eb avancuar praktikat e qeverisjes korporative n\u00eb Kosov\u00eb. Kryetari i OEK-ut, Lulzim Rafuna, u takua me Tanja Mihajlovska Dimitrievska, Ambasadore Rajonale dhe udh\u00ebheq\u00ebse e WOBA-s, dhe Katerina Boshevska, Drejtoresh\u00eb Menaxhuese e [&hellip;]<\/p>\n","protected":false},"author":4,"featured_media":0,"comment_status":"open","ping_status":"open","sticky":false,"template":"","format":"standard","meta":{"footnotes":""},"categories":[37],"tags":[],"class_list":["post-30565","post","type-post","status-publish","format-standard","category-ekonomi"],"yoast_head":"<!-- This site is optimized with the Yoast SEO plugin v27.4 - https:\/\/yoast.com\/product\/yoast-seo-wordpress\/ -->\n<title>OEK dhe WOBA bashk\u00ebpunojn\u00eb p\u00ebr rritjen e p\u00ebrfaq\u00ebsimit t\u00eb grave n\u00eb borde - Kosova Times<\/title>\n<meta name=\"robots\" content=\"index, follow, max-snippet:-1, max-image-preview:large, max-video-preview:-1\" \/>\n<link rel=\"canonical\" href=\"https:\/\/kosovatimes.info\/index.php\/2026\/09\/02\/oek-dhe-woba-bashkepunojne-per-rritjen-e-perfaqesimit-te-grave-ne-borde\/\" \/>\n<meta property=\"og:locale\" content=\"en_US\" \/>\n<meta property=\"og:type\" content=\"article\" \/>\n<meta property=\"og:title\" content=\"OEK dhe WOBA bashk\u00ebpunojn\u00eb p\u00ebr rritjen e p\u00ebrfaq\u00ebsimit t\u00eb grave n\u00eb borde - Kosova Times\" \/>\n<meta property=\"og:description\" content=\"Oda Ekonomike e Kosov\u00ebs dhe Women on Boards Adria (WOBA) do t\u00eb bashk\u00ebpunojn\u00eb p\u00ebr t\u00eb rritur p\u00ebrfshirjen e grave n\u00eb bordet drejtuese dhe p\u00ebr t\u00eb avancuar praktikat e qeverisjes korporative n\u00eb Kosov\u00eb. Kryetari i OEK-ut, Lulzim Rafuna, u takua me Tanja Mihajlovska Dimitrievska, Ambasadore Rajonale dhe udh\u00ebheq\u00ebse e WOBA-s, dhe Katerina Boshevska, Drejtoresh\u00eb Menaxhuese e [&hellip;]\" \/>\n<meta property=\"og:url\" content=\"https:\/\/kosovatimes.info\/index.php\/2026\/09\/02\/oek-dhe-woba-bashkepunojne-per-rritjen-e-perfaqesimit-te-grave-ne-borde\/\" \/>\n<meta property=\"og:site_name\" content=\"Kosova Times\" \/>\n<meta property=\"article:published_time\" content=\"2026-09-02T06:49:00+00:00\" \/>\n<meta property=\"article:modified_time\" content=\"2026-09-02T07:19:27+00:00\" \/>\n<meta name=\"author\" content=\"i l\" \/>\n<meta name=\"twitter:card\" content=\"summary_large_image\" \/>\n<meta name=\"twitter:label1\" content=\"Written by\" \/>\n\t<meta name=\"twitter:data1\" content=\"i l\" \/>\n\t<meta name=\"twitter:label2\" content=\"Est. reading time\" \/>\n\t<meta name=\"twitter:data2\" content=\"2 minutes\" \/>\n<script type=\"application\/ld+json\" class=\"yoast-schema-graph\">{\"@context\":\"https:\\\/\\\/schema.org\",\"@graph\":[{\"@type\":\"Article\",\"@id\":\"https:\\\/\\\/kosovatimes.info\\\/index.php\\\/2026\\\/09\\\/02\\\/oek-dhe-woba-bashkepunojne-per-rritjen-e-perfaqesimit-te-grave-ne-borde\\\/#article\",\"isPartOf\":{\"@id\":\"https:\\\/\\\/kosovatimes.info\\\/index.php\\\/2026\\\/09\\\/02\\\/oek-dhe-woba-bashkepunojne-per-rritjen-e-perfaqesimit-te-grave-ne-borde\\\/\"},\"author\":{\"name\":\"i l\",\"@id\":\"https:\\\/\\\/kosovatimes.info\\\/#\\\/schema\\\/person\\\/7586712b9c512fe68085de007378c915\"},\"headline\":\"OEK dhe WOBA bashk\u00ebpunojn\u00eb p\u00ebr rritjen e p\u00ebrfaq\u00ebsimit t\u00eb grave n\u00eb borde\",\"datePublished\":\"2026-09-02T06:49:00+00:00\",\"dateModified\":\"2026-09-02T07:19:27+00:00\",\"mainEntityOfPage\":{\"@id\":\"https:\\\/\\\/kosovatimes.info\\\/index.php\\\/2026\\\/09\\\/02\\\/oek-dhe-woba-bashkepunojne-per-rritjen-e-perfaqesimit-te-grave-ne-borde\\\/\"},\"wordCount\":405,\"commentCount\":0,\"articleSection\":[\"Ekonomi\"],\"inLanguage\":\"en-US\",\"potentialAction\":[{\"@type\":\"CommentAction\",\"name\":\"Comment\",\"target\":[\"https:\\\/\\\/kosovatimes.info\\\/index.php\\\/2026\\\/09\\\/02\\\/oek-dhe-woba-bashkepunojne-per-rritjen-e-perfaqesimit-te-grave-ne-borde\\\/#respond\"]}]},{\"@type\":\"WebPage\",\"@id\":\"https:\\\/\\\/kosovatimes.info\\\/index.php\\\/2026\\\/09\\\/02\\\/oek-dhe-woba-bashkepunojne-per-rritjen-e-perfaqesimit-te-grave-ne-borde\\\/\",\"url\":\"https:\\\/\\\/kosovatimes.info\\\/index.php\\\/2026\\\/09\\\/02\\\/oek-dhe-woba-bashkepunojne-per-rritjen-e-perfaqesimit-te-grave-ne-borde\\\/\",\"name\":\"OEK dhe WOBA bashk\u00ebpunojn\u00eb p\u00ebr rritjen e p\u00ebrfaq\u00ebsimit t\u00eb grave n\u00eb borde - Kosova Times\",\"isPartOf\":{\"@id\":\"https:\\\/\\\/kosovatimes.info\\\/#website\"},\"datePublished\":\"2026-09-02T06:49:00+00:00\",\"dateModified\":\"2026-09-02T07:19:27+00:00\",\"author\":{\"@id\":\"https:\\\/\\\/kosovatimes.info\\\/#\\\/schema\\\/person\\\/7586712b9c512fe68085de007378c915\"},\"breadcrumb\":{\"@id\":\"https:\\\/\\\/kosovatimes.info\\\/index.php\\\/2026\\\/09\\\/02\\\/oek-dhe-woba-bashkepunojne-per-rritjen-e-perfaqesimit-te-grave-ne-borde\\\/#breadcrumb\"},\"inLanguage\":\"en-US\",\"potentialAction\":[{\"@type\":\"ReadAction\",\"target\":[\"https:\\\/\\\/kosovatimes.info\\\/index.php\\\/2026\\\/09\\\/02\\\/oek-dhe-woba-bashkepunojne-per-rritjen-e-perfaqesimit-te-grave-ne-borde\\\/\"]}]},{\"@type\":\"BreadcrumbList\",\"@id\":\"https:\\\/\\\/kosovatimes.info\\\/index.php\\\/2026\\\/09\\\/02\\\/oek-dhe-woba-bashkepunojne-per-rritjen-e-perfaqesimit-te-grave-ne-borde\\\/#breadcrumb\",\"itemListElement\":[{\"@type\":\"ListItem\",\"position\":1,\"name\":\"Home\",\"item\":\"https:\\\/\\\/kosovatimes.info\\\/\"},{\"@type\":\"ListItem\",\"position\":2,\"name\":\"OEK dhe WOBA bashk\u00ebpunojn\u00eb p\u00ebr rritjen e p\u00ebrfaq\u00ebsimit t\u00eb grave n\u00eb borde\"}]},{\"@type\":\"WebSite\",\"@id\":\"https:\\\/\\\/kosovatimes.info\\\/#website\",\"url\":\"https:\\\/\\\/kosovatimes.info\\\/\",\"name\":\"Kosova Times\",\"description\":\"\",\"potentialAction\":[{\"@type\":\"SearchAction\",\"target\":{\"@type\":\"EntryPoint\",\"urlTemplate\":\"https:\\\/\\\/kosovatimes.info\\\/?s={search_term_string}\"},\"query-input\":{\"@type\":\"PropertyValueSpecification\",\"valueRequired\":true,\"valueName\":\"search_term_string\"}}],\"inLanguage\":\"en-US\"},{\"@type\":\"Person\",\"@id\":\"https:\\\/\\\/kosovatimes.info\\\/#\\\/schema\\\/person\\\/7586712b9c512fe68085de007378c915\",\"name\":\"i l\",\"image\":{\"@type\":\"ImageObject\",\"inLanguage\":\"en-US\",\"@id\":\"https:\\\/\\\/secure.gravatar.com\\\/avatar\\\/bad9296e02816160ae2e2435beda58222022298d5625d49fea74d18816fbb31d?s=96&d=mm&r=g\",\"url\":\"https:\\\/\\\/secure.gravatar.com\\\/avatar\\\/bad9296e02816160ae2e2435beda58222022298d5625d49fea74d18816fbb31d?s=96&d=mm&r=g\",\"contentUrl\":\"https:\\\/\\\/secure.gravatar.com\\\/avatar\\\/bad9296e02816160ae2e2435beda58222022298d5625d49fea74d18816fbb31d?s=96&d=mm&r=g\",\"caption\":\"i l\"},\"url\":\"https:\\\/\\\/kosovatimes.info\\\/index.php\\\/author\\\/iliri\\\/\"}]}<\/script>\n<!-- \/ Yoast SEO plugin. -->","yoast_head_json":{"title":"OEK dhe WOBA bashk\u00ebpunojn\u00eb p\u00ebr rritjen e p\u00ebrfaq\u00ebsimit t\u00eb grave n\u00eb borde - Kosova Times","robots":{"index":"index","follow":"follow","max-snippet":"max-snippet:-1","max-image-preview":"max-image-preview:large","max-video-preview":"max-video-preview:-1"},"canonical":"https:\/\/kosovatimes.info\/index.php\/2026\/09\/02\/oek-dhe-woba-bashkepunojne-per-rritjen-e-perfaqesimit-te-grave-ne-borde\/","og_locale":"en_US","og_type":"article","og_title":"OEK dhe WOBA bashk\u00ebpunojn\u00eb p\u00ebr rritjen e p\u00ebrfaq\u00ebsimit t\u00eb grave n\u00eb borde - Kosova Times","og_description":"Oda Ekonomike e Kosov\u00ebs dhe Women on Boards Adria (WOBA) do t\u00eb bashk\u00ebpunojn\u00eb p\u00ebr t\u00eb rritur p\u00ebrfshirjen e grave n\u00eb bordet drejtuese dhe p\u00ebr t\u00eb avancuar praktikat e qeverisjes korporative n\u00eb Kosov\u00eb. Kryetari i OEK-ut, Lulzim Rafuna, u takua me Tanja Mihajlovska Dimitrievska, Ambasadore Rajonale dhe udh\u00ebheq\u00ebse e WOBA-s, dhe Katerina Boshevska, Drejtoresh\u00eb Menaxhuese e [&hellip;]","og_url":"https:\/\/kosovatimes.info\/index.php\/2026\/09\/02\/oek-dhe-woba-bashkepunojne-per-rritjen-e-perfaqesimit-te-grave-ne-borde\/","og_site_name":"Kosova Times","article_published_time":"2026-09-02T06:49:00+00:00","article_modified_time":"2026-09-02T07:19:27+00:00","author":"i l","twitter_card":"summary_large_image","twitter_misc":{"Written by":"i l","Est. reading time":"2 minutes"},"schema":{"@context":"https:\/\/schema.org","@graph":[{"@type":"Article","@id":"https:\/\/kosovatimes.info\/index.php\/2026\/09\/02\/oek-dhe-woba-bashkepunojne-per-rritjen-e-perfaqesimit-te-grave-ne-borde\/#article","isPartOf":{"@id":"https:\/\/kosovatimes.info\/index.php\/2026\/09\/02\/oek-dhe-woba-bashkepunojne-per-rritjen-e-perfaqesimit-te-grave-ne-borde\/"},"author":{"name":"i l","@id":"https:\/\/kosovatimes.info\/#\/schema\/person\/7586712b9c512fe68085de007378c915"},"headline":"OEK dhe WOBA bashk\u00ebpunojn\u00eb p\u00ebr rritjen e p\u00ebrfaq\u00ebsimit t\u00eb grave n\u00eb borde","datePublished":"2026-09-02T06:49:00+00:00","dateModified":"2026-09-02T07:19:27+00:00","mainEntityOfPage":{"@id":"https:\/\/kosovatimes.info\/index.php\/2026\/09\/02\/oek-dhe-woba-bashkepunojne-per-rritjen-e-perfaqesimit-te-grave-ne-borde\/"},"wordCount":405,"commentCount":0,"articleSection":["Ekonomi"],"inLanguage":"en-US","potentialAction":[{"@type":"CommentAction","name":"Comment","target":["https:\/\/kosovatimes.info\/index.php\/2026\/09\/02\/oek-dhe-woba-bashkepunojne-per-rritjen-e-perfaqesimit-te-grave-ne-borde\/#respond"]}]},{"@type":"WebPage","@id":"https:\/\/kosovatimes.info\/index.php\/2026\/09\/02\/oek-dhe-woba-bashkepunojne-per-rritjen-e-perfaqesimit-te-grave-ne-borde\/","url":"https:\/\/kosovatimes.info\/index.php\/2026\/09\/02\/oek-dhe-woba-bashkepunojne-per-rritjen-e-perfaqesimit-te-grave-ne-borde\/","name":"OEK dhe WOBA bashk\u00ebpunojn\u00eb p\u00ebr rritjen e p\u00ebrfaq\u00ebsimit t\u00eb grave n\u00eb borde - Kosova Times","isPartOf":{"@id":"https:\/\/kosovatimes.info\/#website"},"datePublished":"2026-09-02T06:49:00+00:00","dateModified":"2026-09-02T07:19:27+00:00","author":{"@id":"https:\/\/kosovatimes.info\/#\/schema\/person\/7586712b9c512fe68085de007378c915"},"breadcrumb":{"@id":"https:\/\/kosovatimes.info\/index.php\/2026\/09\/02\/oek-dhe-woba-bashkepunojne-per-rritjen-e-perfaqesimit-te-grave-ne-borde\/#breadcrumb"},"inLanguage":"en-US","potentialAction":[{"@type":"ReadAction","target":["https:\/\/kosovatimes.info\/index.php\/2026\/09\/02\/oek-dhe-woba-bashkepunojne-per-rritjen-e-perfaqesimit-te-grave-ne-borde\/"]}]},{"@type":"BreadcrumbList","@id":"https:\/\/kosovatimes.info\/index.php\/2026\/09\/02\/oek-dhe-woba-bashkepunojne-per-rritjen-e-perfaqesimit-te-grave-ne-borde\/#breadcrumb","itemListElement":[{"@type":"ListItem","position":1,"name":"Home","item":"https:\/\/kosovatimes.info\/"},{"@type":"ListItem","position":2,"name":"OEK dhe WOBA bashk\u00ebpunojn\u00eb p\u00ebr rritjen e p\u00ebrfaq\u00ebsimit t\u00eb grave n\u00eb borde"}]},{"@type":"WebSite","@id":"https:\/\/kosovatimes.info\/#website","url":"https:\/\/kosovatimes.info\/","name":"Kosova Times","description":"","potentialAction":[{"@type":"SearchAction","target":{"@type":"EntryPoint","urlTemplate":"https:\/\/kosovatimes.info\/?s={search_term_string}"},"query-input":{"@type":"PropertyValueSpecification","valueRequired":true,"valueName":"search_term_string"}}],"inLanguage":"en-US"},{"@type":"Person","@id":"https:\/\/kosovatimes.info\/#\/schema\/person\/7586712b9c512fe68085de007378c915","name":"i l","image":{"@type":"ImageObject","inLanguage":"en-US","@id":"https:\/\/secure.gravatar.com\/avatar\/bad9296e02816160ae2e2435beda58222022298d5625d49fea74d18816fbb31d?s=96&d=mm&r=g","url":"https:\/\/secure.gravatar.com\/avatar\/bad9296e02816160ae2e2435beda58222022298d5625d49fea74d18816fbb31d?s=96&d=mm&r=g","contentUrl":"https:\/\/secure.gravatar.com\/avatar\/bad9296e02816160ae2e2435beda58222022298d5625d49fea74d18816fbb31d?s=96&d=mm&r=g","caption":"i l"},"url":"https:\/\/kosovatimes.info\/index.php\/author\/iliri\/"}]}},"_links":{"self":[{"href":"https:\/\/kosovatimes.info\/index.php\/wp-json\/wp\/v2\/posts\/30565","targetHints":{"allow":["GET"]}}],"collection":[{"href":"https:\/\/kosovatimes.info\/index.php\/wp-json\/wp\/v2\/posts"}],"about":[{"href":"https:\/\/kosovatimes.info\/index.php\/wp-json\/wp\/v2\/types\/post"}],"author":[{"embeddable":true,"href":"https:\/\/kosovatimes.info\/index.php\/wp-json\/wp\/v2\/users\/4"}],"replies":[{"embeddable":true,"href":"https:\/\/kosovatimes.info\/index.php\/wp-json\/wp\/v2\/comments?post=30565"}],"version-history":[{"count":1,"href":"https:\/\/kosovatimes.info\/index.php\/wp-json\/wp\/v2\/posts\/30565\/revisions"}],"predecessor-version":[{"id":30566,"href":"https:\/\/kosovatimes.info\/index.php\/wp-json\/wp\/v2\/posts\/30565\/revisions\/30566"}],"wp:attachment":[{"href":"https:\/\/kosovatimes.info\/index.php\/wp-json\/wp\/v2\/media?parent=30565"}],"wp:term":[{"taxonomy":"category","embeddable":true,"href":"https:\/\/kosovatimes.info\/index.php\/wp-json\/wp\/v2\/categories?post=30565"},{"taxonomy":"post_tag","embeddable":true,"href":"https:\/\/kosovatimes.info\/index.php\/wp-json\/wp\/v2\/tags?post=30565"}],"curies":[{"name":"wp","href":"https:\/\/api.w.org\/{rel}","templated":true}]}}