{"id":30579,"date":"2026-09-02T09:52:13","date_gmt":"2026-09-02T07:52:13","guid":{"rendered":"https:\/\/kosovatimes.info\/?p=30579"},"modified":"2026-09-02T09:52:13","modified_gmt":"2026-09-02T07:52:13","slug":"receta-per-sallaten-me-te-mire-me-domate-eshte-aq-e-shijshme-sa-mund-ta-hani-edhe-pa-mish","status":"publish","type":"post","link":"https:\/\/kosovatimes.info\/index.php\/2026\/09\/02\/receta-per-sallaten-me-te-mire-me-domate-eshte-aq-e-shijshme-sa-mund-ta-hani-edhe-pa-mish\/","title":{"rendered":"Receta p\u00ebr sallat\u00ebn m\u00eb t\u00eb mir\u00eb me domate! \u00cbsht\u00eb aq e shijshme sa mund ta hani edhe pa mish"},"content":{"rendered":"\n<p class=\"wp-block-paragraph\">Nuk duhen shum\u00eb p\u00ebrb\u00ebr\u00ebs ose koh\u00eb p\u00ebr ta p\u00ebrgatitur. Mbani mend se shija m\u00eb e mir\u00eb do t\u00eb vij\u00eb nga frutat e rritura n\u00eb sht\u00ebpi q\u00eb jan\u00eb mbajtur n\u00eb temperatur\u00eb ambienti, jo n\u00eb frigorifer.<\/p>\n\n\n\n<p class=\"wp-block-paragraph\"><strong>Sallata me domate<\/strong>&nbsp;\u00ebsht\u00eb nj\u00eb pjat\u00eb klasike verore q\u00eb hahet n\u00eb shum\u00eb familje kroate si pjat\u00eb an\u00ebsore p\u00ebr pjata t\u00eb tjera &#8211; me mish, peshk dhe perime.<br><br>P\u00ebr ta p\u00ebrgatitur, nuk keni nevoj\u00eb p\u00ebr shum\u00eb p\u00ebrb\u00ebr\u00ebs ose koh\u00eb. Mbani mend se frutat e rritura n\u00eb sht\u00ebpi q\u00eb jan\u00eb mbajtur n\u00eb temperatur\u00eb ambienti, jo n\u00eb frigorifer, do t\u00eb ken\u00eb shijen m\u00eb t\u00eb mir\u00eb.<br><br><a href=\"https:\/\/punkufer.dnevnik.hr\/tema\/rajcice\/\" target=\"_blank\" rel=\"noopener\"><u><strong>Kombinoni domatet<\/strong><\/u><\/a><em>&nbsp;me nj\u00eb salc\u00eb<\/em>&nbsp;t\u00eb thjesht\u00eb&nbsp;t\u00eb bazuar n\u00eb vaj ulliri ekstra t\u00eb virgj\u00ebr, uthull, krip\u00eb dhe piper, t\u00eb cil\u00ebn e keni plot\u00ebsuar gjithashtu me pak mjalt\u00eb dhe mustard\u00eb.<br><br>Bim\u00ebt e fresk\u00ebta si majdanozi, menta dhe\/ose borziloku do t&#8217;i japin sallat\u00ebs \u00ebmb\u00eblsi shtes\u00eb. Shtoni pak qep\u00eb t\u00eb skuqura dhe djath\u00eb feta n\u00eb sallat\u00eb p\u00ebr t\u00eb p\u00ebrmir\u00ebsuar shijen e saj.<\/p>\n\n\n\n<h2 class=\"wp-block-heading\">Sallat\u00eb me domate &#8211; p\u00ebrb\u00ebr\u00ebsit:<\/h2>\n\n\n\n<ul class=\"wp-block-list\">\n<li>1 kg domate t\u00eb fresk\u00ebta<\/li>\n\n\n\n<li>120 g djath\u00eb feta<\/li>\n\n\n\n<li>50 ml vaj ulliri ekstra i virgj\u00ebr<\/li>\n\n\n\n<li>2 lug\u00eb gjelle mjalt\u00eb<\/li>\n\n\n\n<li>1 qep\u00eb e vog\u00ebl<\/li>\n\n\n\n<li>1 lug\u00eb gjelle uthull vere<\/li>\n\n\n\n<li>\u00bd lug\u00eb \u00e7aji mustard\u00eb Dijon<\/li>\n\n\n\n<li>krip\u00eb dhe piper sipas d\u00ebshir\u00ebs<\/li>\n\n\n\n<li>barishte sipas d\u00ebshir\u00ebs<\/li>\n<\/ul>\n\n\n\n<h2 class=\"wp-block-heading\">Sallat\u00eb me domate &#8211; p\u00ebrgatitja:<\/h2>\n\n\n\n<ol class=\"wp-block-list\">\n<li>N\u00ebse nuk ju p\u00eblqen pika e fort\u00eb e qep\u00ebve t\u00eb gjalla n\u00eb sallat\u00eb, pastrojini, pritini n\u00eb feta t\u00eb holla dhe vendosini n\u00eb uj\u00eb me akull p\u00ebr rreth 10 minuta. Pastaj kullojini dhe thajini mir\u00eb me nj\u00eb peshqir letre.<\/li>\n\n\n\n<li>N\u00eb nj\u00eb tas t\u00eb madh, p\u00ebrzieni uthull\u00ebn, mjaltin dhe mustard\u00ebn, pastaj shtoni gradualisht vajin e ullirit ekstra t\u00eb virgj\u00ebr, duke e p\u00ebrzier vazhdimisht derisa t\u00eb p\u00ebrftoni nj\u00eb emulsion. Kriposeni dhe piperosni sipas d\u00ebshir\u00ebs.<\/li>\n\n\n\n<li>N\u00eb nj\u00eb tas t\u00eb madh, shtoni domatet q\u00eb i keni lar\u00eb, thar\u00eb dhe prer\u00eb n\u00eb feta t\u00eb trasha. P\u00ebrziejini mir\u00eb t\u00eb gjitha dhe l\u00ebrini domatet t\u00eb marinohen n\u00eb temperatur\u00eb ambienti p\u00ebr rreth pes\u00eb minuta.<\/li>\n\n\n\n<li>Kombinoni sallat\u00ebn e domates me qep\u00ebn, djathin feta t\u00eb th\u00ebrrmuar dhe er\u00ebzat sipas zgjedhjes suaj. P\u00ebrzieni dhe sh\u00ebrbejeni. Shijojeni!<\/li>\n<\/ol>\n","protected":false},"excerpt":{"rendered":"<p>Nuk duhen shum\u00eb p\u00ebrb\u00ebr\u00ebs ose koh\u00eb p\u00ebr ta p\u00ebrgatitur. Mbani mend se shija m\u00eb e mir\u00eb do t\u00eb vij\u00eb nga frutat e rritura n\u00eb sht\u00ebpi q\u00eb jan\u00eb mbajtur n\u00eb temperatur\u00eb ambienti, jo n\u00eb frigorifer. Sallata me domate&nbsp;\u00ebsht\u00eb nj\u00eb pjat\u00eb klasike verore q\u00eb hahet n\u00eb shum\u00eb familje kroate si pjat\u00eb an\u00ebsore p\u00ebr pjata t\u00eb tjera &#8211; [&hellip;]<\/p>\n","protected":false},"author":4,"featured_media":30580,"comment_status":"open","ping_status":"open","sticky":false,"template":"","format":"standard","meta":{"footnotes":""},"categories":[39],"tags":[],"class_list":["post-30579","post","type-post","status-publish","format-standard","has-post-thumbnail","category-receta"],"yoast_head":"<!-- This site is optimized with the Yoast SEO plugin v27.4 - https:\/\/yoast.com\/product\/yoast-seo-wordpress\/ -->\n<title>Receta p\u00ebr sallat\u00ebn m\u00eb t\u00eb mir\u00eb me domate! \u00cbsht\u00eb aq e shijshme sa mund ta hani edhe pa mish - Kosova Times<\/title>\n<meta name=\"robots\" content=\"index, follow, max-snippet:-1, max-image-preview:large, max-video-preview:-1\" \/>\n<link rel=\"canonical\" href=\"https:\/\/kosovatimes.info\/index.php\/2026\/09\/02\/receta-per-sallaten-me-te-mire-me-domate-eshte-aq-e-shijshme-sa-mund-ta-hani-edhe-pa-mish\/\" \/>\n<meta property=\"og:locale\" content=\"en_US\" \/>\n<meta property=\"og:type\" content=\"article\" \/>\n<meta property=\"og:title\" content=\"Receta p\u00ebr sallat\u00ebn m\u00eb t\u00eb mir\u00eb me domate! \u00cbsht\u00eb aq e shijshme sa mund ta hani edhe pa mish - Kosova Times\" \/>\n<meta property=\"og:description\" content=\"Nuk duhen shum\u00eb p\u00ebrb\u00ebr\u00ebs ose koh\u00eb p\u00ebr ta p\u00ebrgatitur. Mbani mend se shija m\u00eb e mir\u00eb do t\u00eb vij\u00eb nga frutat e rritura n\u00eb sht\u00ebpi q\u00eb jan\u00eb mbajtur n\u00eb temperatur\u00eb ambienti, jo n\u00eb frigorifer. Sallata me domate&nbsp;\u00ebsht\u00eb nj\u00eb pjat\u00eb klasike verore q\u00eb hahet n\u00eb shum\u00eb familje kroate si pjat\u00eb an\u00ebsore p\u00ebr pjata t\u00eb tjera &#8211; [&hellip;]\" \/>\n<meta property=\"og:url\" content=\"https:\/\/kosovatimes.info\/index.php\/2026\/09\/02\/receta-per-sallaten-me-te-mire-me-domate-eshte-aq-e-shijshme-sa-mund-ta-hani-edhe-pa-mish\/\" \/>\n<meta property=\"og:site_name\" content=\"Kosova Times\" \/>\n<meta property=\"article:published_time\" content=\"2026-09-02T07:52:13+00:00\" \/>\n<meta property=\"og:image\" content=\"https:\/\/kosovatimes.info\/wp-content\/uploads\/2026\/09\/sallate.jpg\" \/>\n\t<meta property=\"og:image:width\" content=\"920\" \/>\n\t<meta property=\"og:image:height\" content=\"695\" \/>\n\t<meta property=\"og:image:type\" content=\"image\/jpeg\" \/>\n<meta name=\"author\" content=\"i l\" \/>\n<meta name=\"twitter:card\" content=\"summary_large_image\" \/>\n<meta name=\"twitter:label1\" content=\"Written by\" \/>\n\t<meta name=\"twitter:data1\" content=\"i l\" \/>\n\t<meta name=\"twitter:label2\" content=\"Est. reading time\" \/>\n\t<meta name=\"twitter:data2\" content=\"2 minutes\" \/>\n<script type=\"application\/ld+json\" class=\"yoast-schema-graph\">{\"@context\":\"https:\\\/\\\/schema.org\",\"@graph\":[{\"@type\":\"Article\",\"@id\":\"https:\\\/\\\/kosovatimes.info\\\/index.php\\\/2026\\\/09\\\/02\\\/receta-per-sallaten-me-te-mire-me-domate-eshte-aq-e-shijshme-sa-mund-ta-hani-edhe-pa-mish\\\/#article\",\"isPartOf\":{\"@id\":\"https:\\\/\\\/kosovatimes.info\\\/index.php\\\/2026\\\/09\\\/02\\\/receta-per-sallaten-me-te-mire-me-domate-eshte-aq-e-shijshme-sa-mund-ta-hani-edhe-pa-mish\\\/\"},\"author\":{\"name\":\"i l\",\"@id\":\"https:\\\/\\\/kosovatimes.info\\\/#\\\/schema\\\/person\\\/7586712b9c512fe68085de007378c915\"},\"headline\":\"Receta p\u00ebr sallat\u00ebn m\u00eb t\u00eb mir\u00eb me domate! \u00cbsht\u00eb aq e shijshme sa mund ta hani edhe pa mish\",\"datePublished\":\"2026-09-02T07:52:13+00:00\",\"mainEntityOfPage\":{\"@id\":\"https:\\\/\\\/kosovatimes.info\\\/index.php\\\/2026\\\/09\\\/02\\\/receta-per-sallaten-me-te-mire-me-domate-eshte-aq-e-shijshme-sa-mund-ta-hani-edhe-pa-mish\\\/\"},\"wordCount\":408,\"commentCount\":0,\"image\":{\"@id\":\"https:\\\/\\\/kosovatimes.info\\\/index.php\\\/2026\\\/09\\\/02\\\/receta-per-sallaten-me-te-mire-me-domate-eshte-aq-e-shijshme-sa-mund-ta-hani-edhe-pa-mish\\\/#primaryimage\"},\"thumbnailUrl\":\"https:\\\/\\\/kosovatimes.info\\\/wp-content\\\/uploads\\\/2026\\\/09\\\/sallate.jpg\",\"articleSection\":[\"Receta\"],\"inLanguage\":\"en-US\",\"potentialAction\":[{\"@type\":\"CommentAction\",\"name\":\"Comment\",\"target\":[\"https:\\\/\\\/kosovatimes.info\\\/index.php\\\/2026\\\/09\\\/02\\\/receta-per-sallaten-me-te-mire-me-domate-eshte-aq-e-shijshme-sa-mund-ta-hani-edhe-pa-mish\\\/#respond\"]}]},{\"@type\":\"WebPage\",\"@id\":\"https:\\\/\\\/kosovatimes.info\\\/index.php\\\/2026\\\/09\\\/02\\\/receta-per-sallaten-me-te-mire-me-domate-eshte-aq-e-shijshme-sa-mund-ta-hani-edhe-pa-mish\\\/\",\"url\":\"https:\\\/\\\/kosovatimes.info\\\/index.php\\\/2026\\\/09\\\/02\\\/receta-per-sallaten-me-te-mire-me-domate-eshte-aq-e-shijshme-sa-mund-ta-hani-edhe-pa-mish\\\/\",\"name\":\"Receta p\u00ebr sallat\u00ebn m\u00eb t\u00eb mir\u00eb me domate! \u00cbsht\u00eb aq e shijshme sa mund ta hani edhe pa mish - Kosova Times\",\"isPartOf\":{\"@id\":\"https:\\\/\\\/kosovatimes.info\\\/#website\"},\"primaryImageOfPage\":{\"@id\":\"https:\\\/\\\/kosovatimes.info\\\/index.php\\\/2026\\\/09\\\/02\\\/receta-per-sallaten-me-te-mire-me-domate-eshte-aq-e-shijshme-sa-mund-ta-hani-edhe-pa-mish\\\/#primaryimage\"},\"image\":{\"@id\":\"https:\\\/\\\/kosovatimes.info\\\/index.php\\\/2026\\\/09\\\/02\\\/receta-per-sallaten-me-te-mire-me-domate-eshte-aq-e-shijshme-sa-mund-ta-hani-edhe-pa-mish\\\/#primaryimage\"},\"thumbnailUrl\":\"https:\\\/\\\/kosovatimes.info\\\/wp-content\\\/uploads\\\/2026\\\/09\\\/sallate.jpg\",\"datePublished\":\"2026-09-02T07:52:13+00:00\",\"author\":{\"@id\":\"https:\\\/\\\/kosovatimes.info\\\/#\\\/schema\\\/person\\\/7586712b9c512fe68085de007378c915\"},\"breadcrumb\":{\"@id\":\"https:\\\/\\\/kosovatimes.info\\\/index.php\\\/2026\\\/09\\\/02\\\/receta-per-sallaten-me-te-mire-me-domate-eshte-aq-e-shijshme-sa-mund-ta-hani-edhe-pa-mish\\\/#breadcrumb\"},\"inLanguage\":\"en-US\",\"potentialAction\":[{\"@type\":\"ReadAction\",\"target\":[\"https:\\\/\\\/kosovatimes.info\\\/index.php\\\/2026\\\/09\\\/02\\\/receta-per-sallaten-me-te-mire-me-domate-eshte-aq-e-shijshme-sa-mund-ta-hani-edhe-pa-mish\\\/\"]}]},{\"@type\":\"ImageObject\",\"inLanguage\":\"en-US\",\"@id\":\"https:\\\/\\\/kosovatimes.info\\\/index.php\\\/2026\\\/09\\\/02\\\/receta-per-sallaten-me-te-mire-me-domate-eshte-aq-e-shijshme-sa-mund-ta-hani-edhe-pa-mish\\\/#primaryimage\",\"url\":\"https:\\\/\\\/kosovatimes.info\\\/wp-content\\\/uploads\\\/2026\\\/09\\\/sallate.jpg\",\"contentUrl\":\"https:\\\/\\\/kosovatimes.info\\\/wp-content\\\/uploads\\\/2026\\\/09\\\/sallate.jpg\",\"width\":920,\"height\":695},{\"@type\":\"BreadcrumbList\",\"@id\":\"https:\\\/\\\/kosovatimes.info\\\/index.php\\\/2026\\\/09\\\/02\\\/receta-per-sallaten-me-te-mire-me-domate-eshte-aq-e-shijshme-sa-mund-ta-hani-edhe-pa-mish\\\/#breadcrumb\",\"itemListElement\":[{\"@type\":\"ListItem\",\"position\":1,\"name\":\"Home\",\"item\":\"https:\\\/\\\/kosovatimes.info\\\/\"},{\"@type\":\"ListItem\",\"position\":2,\"name\":\"Receta p\u00ebr sallat\u00ebn m\u00eb t\u00eb mir\u00eb me domate! \u00cbsht\u00eb aq e shijshme sa mund ta hani edhe pa mish\"}]},{\"@type\":\"WebSite\",\"@id\":\"https:\\\/\\\/kosovatimes.info\\\/#website\",\"url\":\"https:\\\/\\\/kosovatimes.info\\\/\",\"name\":\"Kosova Times\",\"description\":\"\",\"potentialAction\":[{\"@type\":\"SearchAction\",\"target\":{\"@type\":\"EntryPoint\",\"urlTemplate\":\"https:\\\/\\\/kosovatimes.info\\\/?s={search_term_string}\"},\"query-input\":{\"@type\":\"PropertyValueSpecification\",\"valueRequired\":true,\"valueName\":\"search_term_string\"}}],\"inLanguage\":\"en-US\"},{\"@type\":\"Person\",\"@id\":\"https:\\\/\\\/kosovatimes.info\\\/#\\\/schema\\\/person\\\/7586712b9c512fe68085de007378c915\",\"name\":\"i l\",\"image\":{\"@type\":\"ImageObject\",\"inLanguage\":\"en-US\",\"@id\":\"https:\\\/\\\/secure.gravatar.com\\\/avatar\\\/bad9296e02816160ae2e2435beda58222022298d5625d49fea74d18816fbb31d?s=96&d=mm&r=g\",\"url\":\"https:\\\/\\\/secure.gravatar.com\\\/avatar\\\/bad9296e02816160ae2e2435beda58222022298d5625d49fea74d18816fbb31d?s=96&d=mm&r=g\",\"contentUrl\":\"https:\\\/\\\/secure.gravatar.com\\\/avatar\\\/bad9296e02816160ae2e2435beda58222022298d5625d49fea74d18816fbb31d?s=96&d=mm&r=g\",\"caption\":\"i l\"},\"url\":\"https:\\\/\\\/kosovatimes.info\\\/index.php\\\/author\\\/iliri\\\/\"}]}<\/script>\n<!-- \/ Yoast SEO plugin. -->","yoast_head_json":{"title":"Receta p\u00ebr sallat\u00ebn m\u00eb t\u00eb mir\u00eb me domate! \u00cbsht\u00eb aq e shijshme sa mund ta hani edhe pa mish - Kosova Times","robots":{"index":"index","follow":"follow","max-snippet":"max-snippet:-1","max-image-preview":"max-image-preview:large","max-video-preview":"max-video-preview:-1"},"canonical":"https:\/\/kosovatimes.info\/index.php\/2026\/09\/02\/receta-per-sallaten-me-te-mire-me-domate-eshte-aq-e-shijshme-sa-mund-ta-hani-edhe-pa-mish\/","og_locale":"en_US","og_type":"article","og_title":"Receta p\u00ebr sallat\u00ebn m\u00eb t\u00eb mir\u00eb me domate! \u00cbsht\u00eb aq e shijshme sa mund ta hani edhe pa mish - Kosova Times","og_description":"Nuk duhen shum\u00eb p\u00ebrb\u00ebr\u00ebs ose koh\u00eb p\u00ebr ta p\u00ebrgatitur. Mbani mend se shija m\u00eb e mir\u00eb do t\u00eb vij\u00eb nga frutat e rritura n\u00eb sht\u00ebpi q\u00eb jan\u00eb mbajtur n\u00eb temperatur\u00eb ambienti, jo n\u00eb frigorifer. Sallata me domate&nbsp;\u00ebsht\u00eb nj\u00eb pjat\u00eb klasike verore q\u00eb hahet n\u00eb shum\u00eb familje kroate si pjat\u00eb an\u00ebsore p\u00ebr pjata t\u00eb tjera &#8211; [&hellip;]","og_url":"https:\/\/kosovatimes.info\/index.php\/2026\/09\/02\/receta-per-sallaten-me-te-mire-me-domate-eshte-aq-e-shijshme-sa-mund-ta-hani-edhe-pa-mish\/","og_site_name":"Kosova Times","article_published_time":"2026-09-02T07:52:13+00:00","og_image":[{"width":920,"height":695,"url":"https:\/\/kosovatimes.info\/wp-content\/uploads\/2026\/09\/sallate.jpg","type":"image\/jpeg"}],"author":"i l","twitter_card":"summary_large_image","twitter_misc":{"Written by":"i l","Est. reading time":"2 minutes"},"schema":{"@context":"https:\/\/schema.org","@graph":[{"@type":"Article","@id":"https:\/\/kosovatimes.info\/index.php\/2026\/09\/02\/receta-per-sallaten-me-te-mire-me-domate-eshte-aq-e-shijshme-sa-mund-ta-hani-edhe-pa-mish\/#article","isPartOf":{"@id":"https:\/\/kosovatimes.info\/index.php\/2026\/09\/02\/receta-per-sallaten-me-te-mire-me-domate-eshte-aq-e-shijshme-sa-mund-ta-hani-edhe-pa-mish\/"},"author":{"name":"i l","@id":"https:\/\/kosovatimes.info\/#\/schema\/person\/7586712b9c512fe68085de007378c915"},"headline":"Receta p\u00ebr sallat\u00ebn m\u00eb t\u00eb mir\u00eb me domate! \u00cbsht\u00eb aq e shijshme sa mund ta hani edhe pa mish","datePublished":"2026-09-02T07:52:13+00:00","mainEntityOfPage":{"@id":"https:\/\/kosovatimes.info\/index.php\/2026\/09\/02\/receta-per-sallaten-me-te-mire-me-domate-eshte-aq-e-shijshme-sa-mund-ta-hani-edhe-pa-mish\/"},"wordCount":408,"commentCount":0,"image":{"@id":"https:\/\/kosovatimes.info\/index.php\/2026\/09\/02\/receta-per-sallaten-me-te-mire-me-domate-eshte-aq-e-shijshme-sa-mund-ta-hani-edhe-pa-mish\/#primaryimage"},"thumbnailUrl":"https:\/\/kosovatimes.info\/wp-content\/uploads\/2026\/09\/sallate.jpg","articleSection":["Receta"],"inLanguage":"en-US","potentialAction":[{"@type":"CommentAction","name":"Comment","target":["https:\/\/kosovatimes.info\/index.php\/2026\/09\/02\/receta-per-sallaten-me-te-mire-me-domate-eshte-aq-e-shijshme-sa-mund-ta-hani-edhe-pa-mish\/#respond"]}]},{"@type":"WebPage","@id":"https:\/\/kosovatimes.info\/index.php\/2026\/09\/02\/receta-per-sallaten-me-te-mire-me-domate-eshte-aq-e-shijshme-sa-mund-ta-hani-edhe-pa-mish\/","url":"https:\/\/kosovatimes.info\/index.php\/2026\/09\/02\/receta-per-sallaten-me-te-mire-me-domate-eshte-aq-e-shijshme-sa-mund-ta-hani-edhe-pa-mish\/","name":"Receta p\u00ebr sallat\u00ebn m\u00eb t\u00eb mir\u00eb me domate! \u00cbsht\u00eb aq e shijshme sa mund ta hani edhe pa mish - Kosova Times","isPartOf":{"@id":"https:\/\/kosovatimes.info\/#website"},"primaryImageOfPage":{"@id":"https:\/\/kosovatimes.info\/index.php\/2026\/09\/02\/receta-per-sallaten-me-te-mire-me-domate-eshte-aq-e-shijshme-sa-mund-ta-hani-edhe-pa-mish\/#primaryimage"},"image":{"@id":"https:\/\/kosovatimes.info\/index.php\/2026\/09\/02\/receta-per-sallaten-me-te-mire-me-domate-eshte-aq-e-shijshme-sa-mund-ta-hani-edhe-pa-mish\/#primaryimage"},"thumbnailUrl":"https:\/\/kosovatimes.info\/wp-content\/uploads\/2026\/09\/sallate.jpg","datePublished":"2026-09-02T07:52:13+00:00","author":{"@id":"https:\/\/kosovatimes.info\/#\/schema\/person\/7586712b9c512fe68085de007378c915"},"breadcrumb":{"@id":"https:\/\/kosovatimes.info\/index.php\/2026\/09\/02\/receta-per-sallaten-me-te-mire-me-domate-eshte-aq-e-shijshme-sa-mund-ta-hani-edhe-pa-mish\/#breadcrumb"},"inLanguage":"en-US","potentialAction":[{"@type":"ReadAction","target":["https:\/\/kosovatimes.info\/index.php\/2026\/09\/02\/receta-per-sallaten-me-te-mire-me-domate-eshte-aq-e-shijshme-sa-mund-ta-hani-edhe-pa-mish\/"]}]},{"@type":"ImageObject","inLanguage":"en-US","@id":"https:\/\/kosovatimes.info\/index.php\/2026\/09\/02\/receta-per-sallaten-me-te-mire-me-domate-eshte-aq-e-shijshme-sa-mund-ta-hani-edhe-pa-mish\/#primaryimage","url":"https:\/\/kosovatimes.info\/wp-content\/uploads\/2026\/09\/sallate.jpg","contentUrl":"https:\/\/kosovatimes.info\/wp-content\/uploads\/2026\/09\/sallate.jpg","width":920,"height":695},{"@type":"BreadcrumbList","@id":"https:\/\/kosovatimes.info\/index.php\/2026\/09\/02\/receta-per-sallaten-me-te-mire-me-domate-eshte-aq-e-shijshme-sa-mund-ta-hani-edhe-pa-mish\/#breadcrumb","itemListElement":[{"@type":"ListItem","position":1,"name":"Home","item":"https:\/\/kosovatimes.info\/"},{"@type":"ListItem","position":2,"name":"Receta p\u00ebr sallat\u00ebn m\u00eb t\u00eb mir\u00eb me domate! \u00cbsht\u00eb aq e shijshme sa mund ta hani edhe pa mish"}]},{"@type":"WebSite","@id":"https:\/\/kosovatimes.info\/#website","url":"https:\/\/kosovatimes.info\/","name":"Kosova Times","description":"","potentialAction":[{"@type":"SearchAction","target":{"@type":"EntryPoint","urlTemplate":"https:\/\/kosovatimes.info\/?s={search_term_string}"},"query-input":{"@type":"PropertyValueSpecification","valueRequired":true,"valueName":"search_term_string"}}],"inLanguage":"en-US"},{"@type":"Person","@id":"https:\/\/kosovatimes.info\/#\/schema\/person\/7586712b9c512fe68085de007378c915","name":"i l","image":{"@type":"ImageObject","inLanguage":"en-US","@id":"https:\/\/secure.gravatar.com\/avatar\/bad9296e02816160ae2e2435beda58222022298d5625d49fea74d18816fbb31d?s=96&d=mm&r=g","url":"https:\/\/secure.gravatar.com\/avatar\/bad9296e02816160ae2e2435beda58222022298d5625d49fea74d18816fbb31d?s=96&d=mm&r=g","contentUrl":"https:\/\/secure.gravatar.com\/avatar\/bad9296e02816160ae2e2435beda58222022298d5625d49fea74d18816fbb31d?s=96&d=mm&r=g","caption":"i l"},"url":"https:\/\/kosovatimes.info\/index.php\/author\/iliri\/"}]}},"_links":{"self":[{"href":"https:\/\/kosovatimes.info\/index.php\/wp-json\/wp\/v2\/posts\/30579","targetHints":{"allow":["GET"]}}],"collection":[{"href":"https:\/\/kosovatimes.info\/index.php\/wp-json\/wp\/v2\/posts"}],"about":[{"href":"https:\/\/kosovatimes.info\/index.php\/wp-json\/wp\/v2\/types\/post"}],"author":[{"embeddable":true,"href":"https:\/\/kosovatimes.info\/index.php\/wp-json\/wp\/v2\/users\/4"}],"replies":[{"embeddable":true,"href":"https:\/\/kosovatimes.info\/index.php\/wp-json\/wp\/v2\/comments?post=30579"}],"version-history":[{"count":1,"href":"https:\/\/kosovatimes.info\/index.php\/wp-json\/wp\/v2\/posts\/30579\/revisions"}],"predecessor-version":[{"id":30581,"href":"https:\/\/kosovatimes.info\/index.php\/wp-json\/wp\/v2\/posts\/30579\/revisions\/30581"}],"wp:featuredmedia":[{"embeddable":true,"href":"https:\/\/kosovatimes.info\/index.php\/wp-json\/wp\/v2\/media\/30580"}],"wp:attachment":[{"href":"https:\/\/kosovatimes.info\/index.php\/wp-json\/wp\/v2\/media?parent=30579"}],"wp:term":[{"taxonomy":"category","embeddable":true,"href":"https:\/\/kosovatimes.info\/index.php\/wp-json\/wp\/v2\/categories?post=30579"},{"taxonomy":"post_tag","embeddable":true,"href":"https:\/\/kosovatimes.info\/index.php\/wp-json\/wp\/v2\/tags?post=30579"}],"curies":[{"name":"wp","href":"https:\/\/api.w.org\/{rel}","templated":true}]}}