{"id":30596,"date":"2026-09-02T10:44:11","date_gmt":"2026-09-02T08:44:11","guid":{"rendered":"https:\/\/kosovatimes.info\/?p=30596"},"modified":"2026-09-02T10:44:12","modified_gmt":"2026-09-02T08:44:12","slug":"aksident-i-tmerrshem-ne-nje-destinacion-turistik-te-popullar-nje-numer-i-madh-i-te-vdekurve-dhe-te-plagosurve","status":"publish","type":"post","link":"https:\/\/kosovatimes.info\/index.php\/2026\/09\/02\/aksident-i-tmerrshem-ne-nje-destinacion-turistik-te-popullar-nje-numer-i-madh-i-te-vdekurve-dhe-te-plagosurve\/","title":{"rendered":"AKSIDENT I TMERRSH\u00cbM N\u00cb NJ\u00cb DESTINACION TURISTIK T\u00cb POPULLAR: Nj\u00eb num\u00ebr i madh i t\u00eb vdekurve dhe t\u00eb plagosurve"},"content":{"rendered":"\n<p class=\"wp-block-paragraph\">Aksidenti me autobus ndodhi n\u00eb rrug\u00ebn midis qyteteve Dahab dhe Nuweiba n\u00eb Detin e Kuq.<\/p>\n\n\n\n<p class=\"wp-block-paragraph\">Ministria njoftoi se rreth 20 ambulanca u d\u00ebrguan n\u00eb vendin e aksidentit p\u00ebr t\u00eb ofruar ndihm\u00ebn e par\u00eb dhe p\u00ebr t\u00eb evakuuar t\u00eb plagosurit. Shkaku i aksidentit nuk dihet ende, shkruan\u00a0\u00a0<br><a href=\"https:\/\/www.bbc.com\/news\/articles\/cn8mr1myy2ko\" target=\"_blank\" rel=\"noopener\">BBC<\/a>\u00a0.Komb\u00ebsit\u00eb e t\u00eb vdekurve nuk jan\u00eb b\u00ebr\u00eb ende t\u00eb ditura.<\/p>\n\n\n\n<figure class=\"wp-block-embed is-type-rich is-provider-x wp-block-embed-x\"><div class=\"wp-block-embed__wrapper\">\n<blockquote class=\"twitter-tweet\" data-width=\"550\" data-dnt=\"true\"><p lang=\"en\" dir=\"ltr\">\ud83d\udea8 BREAKING: \ud83c\uddea\ud83c\uddec At least 16 people have been killed and 28 injured in a bus crash on the Dahab\u2013Nuweibaa road in Egypt\u2019s South Sinai, the Health Ministry says.<br><br>The cause has not yet been disclosed. This is a developing story.<br><br>Follow <a href=\"https:\/\/x.com\/TheRawWire?ref_src=twsrc%5Etfw\">@TheRawWire<\/a> for verified updates. <a href=\"https:\/\/x.com\/hashtag\/Egypt?src=hash&amp;ref_src=twsrc%5Etfw\">#Egypt<\/a> <a href=\"https:\/\/t.co\/TVU6wDa8ca\">pic.twitter.com\/TVU6wDa8ca<\/a><\/p>&mdash; The Raw Wire \ud83d\udea8 (@TheRawWire) <a href=\"https:\/\/x.com\/TheRawWire\/status\/2095035974312927251?ref_src=twsrc%5Etfw\">September 2, 2026<\/a><\/blockquote><script async src=\"https:\/\/platform.x.com\/widgets.js\" charset=\"utf-8\"><\/script>\n<\/div><\/figure>\n\n\n\n<p class=\"wp-block-paragraph\">Zona \u00ebsht\u00eb\u00a0\u00a0<br><strong>nj\u00eb destinacion i njohur turistik<\/strong>\u00a0\u00a0q\u00eb t\u00ebrheq vizitor\u00eb nga e gjith\u00eb bota.<\/p>\n","protected":false},"excerpt":{"rendered":"<p>Aksidenti me autobus ndodhi n\u00eb rrug\u00ebn midis qyteteve Dahab dhe Nuweiba n\u00eb Detin e Kuq. Ministria njoftoi se rreth 20 ambulanca u d\u00ebrguan n\u00eb vendin e aksidentit p\u00ebr t\u00eb ofruar ndihm\u00ebn e par\u00eb dhe p\u00ebr t\u00eb evakuuar t\u00eb plagosurit. Shkaku i aksidentit nuk dihet ende, shkruan\u00a0\u00a0BBC\u00a0.Komb\u00ebsit\u00eb e t\u00eb vdekurve nuk jan\u00eb b\u00ebr\u00eb ende t\u00eb ditura. [&hellip;]<\/p>\n","protected":false},"author":4,"featured_media":30597,"comment_status":"open","ping_status":"open","sticky":false,"template":"","format":"standard","meta":{"footnotes":""},"categories":[33,30],"tags":[],"class_list":["post-30596","post","type-post","status-publish","format-standard","has-post-thumbnail","category-bote","category-lajme"],"yoast_head":"<!-- This site is optimized with the Yoast SEO plugin v27.4 - https:\/\/yoast.com\/product\/yoast-seo-wordpress\/ -->\n<title>AKSIDENT I TMERRSH\u00cbM N\u00cb NJ\u00cb DESTINACION TURISTIK T\u00cb POPULLAR: Nj\u00eb num\u00ebr i madh i t\u00eb vdekurve dhe t\u00eb plagosurve - Kosova Times<\/title>\n<meta name=\"robots\" content=\"index, follow, max-snippet:-1, max-image-preview:large, max-video-preview:-1\" \/>\n<link rel=\"canonical\" href=\"https:\/\/kosovatimes.info\/index.php\/2026\/09\/02\/aksident-i-tmerrshem-ne-nje-destinacion-turistik-te-popullar-nje-numer-i-madh-i-te-vdekurve-dhe-te-plagosurve\/\" \/>\n<meta property=\"og:locale\" content=\"en_US\" \/>\n<meta property=\"og:type\" content=\"article\" \/>\n<meta property=\"og:title\" content=\"AKSIDENT I TMERRSH\u00cbM N\u00cb NJ\u00cb DESTINACION TURISTIK T\u00cb POPULLAR: Nj\u00eb num\u00ebr i madh i t\u00eb vdekurve dhe t\u00eb plagosurve - Kosova Times\" \/>\n<meta property=\"og:description\" content=\"Aksidenti me autobus ndodhi n\u00eb rrug\u00ebn midis qyteteve Dahab dhe Nuweiba n\u00eb Detin e Kuq. Ministria njoftoi se rreth 20 ambulanca u d\u00ebrguan n\u00eb vendin e aksidentit p\u00ebr t\u00eb ofruar ndihm\u00ebn e par\u00eb dhe p\u00ebr t\u00eb evakuuar t\u00eb plagosurit. Shkaku i aksidentit nuk dihet ende, shkruan\u00a0\u00a0BBC\u00a0.Komb\u00ebsit\u00eb e t\u00eb vdekurve nuk jan\u00eb b\u00ebr\u00eb ende t\u00eb ditura. [&hellip;]\" \/>\n<meta property=\"og:url\" content=\"https:\/\/kosovatimes.info\/index.php\/2026\/09\/02\/aksident-i-tmerrshem-ne-nje-destinacion-turistik-te-popullar-nje-numer-i-madh-i-te-vdekurve-dhe-te-plagosurve\/\" \/>\n<meta property=\"og:site_name\" content=\"Kosova Times\" \/>\n<meta property=\"article:published_time\" content=\"2026-09-02T08:44:11+00:00\" \/>\n<meta property=\"article:modified_time\" content=\"2026-09-02T08:44:12+00:00\" \/>\n<meta property=\"og:image\" content=\"https:\/\/kosovatimes.info\/wp-content\/uploads\/2026\/09\/aksident.png\" \/>\n\t<meta property=\"og:image:width\" content=\"900\" \/>\n\t<meta property=\"og:image:height\" content=\"600\" \/>\n\t<meta property=\"og:image:type\" content=\"image\/png\" \/>\n<meta name=\"author\" content=\"i l\" \/>\n<meta name=\"twitter:card\" content=\"summary_large_image\" \/>\n<meta name=\"twitter:label1\" content=\"Written by\" \/>\n\t<meta name=\"twitter:data1\" content=\"i l\" \/>\n\t<meta name=\"twitter:label2\" content=\"Est. reading time\" \/>\n\t<meta name=\"twitter:data2\" content=\"1 minute\" \/>\n<script type=\"application\/ld+json\" class=\"yoast-schema-graph\">{\"@context\":\"https:\\\/\\\/schema.org\",\"@graph\":[{\"@type\":\"Article\",\"@id\":\"https:\\\/\\\/kosovatimes.info\\\/index.php\\\/2026\\\/09\\\/02\\\/aksident-i-tmerrshem-ne-nje-destinacion-turistik-te-popullar-nje-numer-i-madh-i-te-vdekurve-dhe-te-plagosurve\\\/#article\",\"isPartOf\":{\"@id\":\"https:\\\/\\\/kosovatimes.info\\\/index.php\\\/2026\\\/09\\\/02\\\/aksident-i-tmerrshem-ne-nje-destinacion-turistik-te-popullar-nje-numer-i-madh-i-te-vdekurve-dhe-te-plagosurve\\\/\"},\"author\":{\"name\":\"i l\",\"@id\":\"https:\\\/\\\/kosovatimes.info\\\/#\\\/schema\\\/person\\\/7586712b9c512fe68085de007378c915\"},\"headline\":\"AKSIDENT I TMERRSH\u00cbM N\u00cb NJ\u00cb DESTINACION TURISTIK T\u00cb POPULLAR: Nj\u00eb num\u00ebr i madh i t\u00eb vdekurve dhe t\u00eb plagosurve\",\"datePublished\":\"2026-09-02T08:44:11+00:00\",\"dateModified\":\"2026-09-02T08:44:12+00:00\",\"mainEntityOfPage\":{\"@id\":\"https:\\\/\\\/kosovatimes.info\\\/index.php\\\/2026\\\/09\\\/02\\\/aksident-i-tmerrshem-ne-nje-destinacion-turistik-te-popullar-nje-numer-i-madh-i-te-vdekurve-dhe-te-plagosurve\\\/\"},\"wordCount\":149,\"commentCount\":0,\"image\":{\"@id\":\"https:\\\/\\\/kosovatimes.info\\\/index.php\\\/2026\\\/09\\\/02\\\/aksident-i-tmerrshem-ne-nje-destinacion-turistik-te-popullar-nje-numer-i-madh-i-te-vdekurve-dhe-te-plagosurve\\\/#primaryimage\"},\"thumbnailUrl\":\"https:\\\/\\\/kosovatimes.info\\\/wp-content\\\/uploads\\\/2026\\\/09\\\/aksident.png\",\"articleSection\":[\"Bot\u00eb\",\"Lajme\"],\"inLanguage\":\"en-US\",\"potentialAction\":[{\"@type\":\"CommentAction\",\"name\":\"Comment\",\"target\":[\"https:\\\/\\\/kosovatimes.info\\\/index.php\\\/2026\\\/09\\\/02\\\/aksident-i-tmerrshem-ne-nje-destinacion-turistik-te-popullar-nje-numer-i-madh-i-te-vdekurve-dhe-te-plagosurve\\\/#respond\"]}]},{\"@type\":\"WebPage\",\"@id\":\"https:\\\/\\\/kosovatimes.info\\\/index.php\\\/2026\\\/09\\\/02\\\/aksident-i-tmerrshem-ne-nje-destinacion-turistik-te-popullar-nje-numer-i-madh-i-te-vdekurve-dhe-te-plagosurve\\\/\",\"url\":\"https:\\\/\\\/kosovatimes.info\\\/index.php\\\/2026\\\/09\\\/02\\\/aksident-i-tmerrshem-ne-nje-destinacion-turistik-te-popullar-nje-numer-i-madh-i-te-vdekurve-dhe-te-plagosurve\\\/\",\"name\":\"AKSIDENT I TMERRSH\u00cbM N\u00cb NJ\u00cb DESTINACION TURISTIK T\u00cb POPULLAR: Nj\u00eb num\u00ebr i madh i t\u00eb vdekurve dhe t\u00eb plagosurve - Kosova Times\",\"isPartOf\":{\"@id\":\"https:\\\/\\\/kosovatimes.info\\\/#website\"},\"primaryImageOfPage\":{\"@id\":\"https:\\\/\\\/kosovatimes.info\\\/index.php\\\/2026\\\/09\\\/02\\\/aksident-i-tmerrshem-ne-nje-destinacion-turistik-te-popullar-nje-numer-i-madh-i-te-vdekurve-dhe-te-plagosurve\\\/#primaryimage\"},\"image\":{\"@id\":\"https:\\\/\\\/kosovatimes.info\\\/index.php\\\/2026\\\/09\\\/02\\\/aksident-i-tmerrshem-ne-nje-destinacion-turistik-te-popullar-nje-numer-i-madh-i-te-vdekurve-dhe-te-plagosurve\\\/#primaryimage\"},\"thumbnailUrl\":\"https:\\\/\\\/kosovatimes.info\\\/wp-content\\\/uploads\\\/2026\\\/09\\\/aksident.png\",\"datePublished\":\"2026-09-02T08:44:11+00:00\",\"dateModified\":\"2026-09-02T08:44:12+00:00\",\"author\":{\"@id\":\"https:\\\/\\\/kosovatimes.info\\\/#\\\/schema\\\/person\\\/7586712b9c512fe68085de007378c915\"},\"breadcrumb\":{\"@id\":\"https:\\\/\\\/kosovatimes.info\\\/index.php\\\/2026\\\/09\\\/02\\\/aksident-i-tmerrshem-ne-nje-destinacion-turistik-te-popullar-nje-numer-i-madh-i-te-vdekurve-dhe-te-plagosurve\\\/#breadcrumb\"},\"inLanguage\":\"en-US\",\"potentialAction\":[{\"@type\":\"ReadAction\",\"target\":[\"https:\\\/\\\/kosovatimes.info\\\/index.php\\\/2026\\\/09\\\/02\\\/aksident-i-tmerrshem-ne-nje-destinacion-turistik-te-popullar-nje-numer-i-madh-i-te-vdekurve-dhe-te-plagosurve\\\/\"]}]},{\"@type\":\"ImageObject\",\"inLanguage\":\"en-US\",\"@id\":\"https:\\\/\\\/kosovatimes.info\\\/index.php\\\/2026\\\/09\\\/02\\\/aksident-i-tmerrshem-ne-nje-destinacion-turistik-te-popullar-nje-numer-i-madh-i-te-vdekurve-dhe-te-plagosurve\\\/#primaryimage\",\"url\":\"https:\\\/\\\/kosovatimes.info\\\/wp-content\\\/uploads\\\/2026\\\/09\\\/aksident.png\",\"contentUrl\":\"https:\\\/\\\/kosovatimes.info\\\/wp-content\\\/uploads\\\/2026\\\/09\\\/aksident.png\",\"width\":900,\"height\":600},{\"@type\":\"BreadcrumbList\",\"@id\":\"https:\\\/\\\/kosovatimes.info\\\/index.php\\\/2026\\\/09\\\/02\\\/aksident-i-tmerrshem-ne-nje-destinacion-turistik-te-popullar-nje-numer-i-madh-i-te-vdekurve-dhe-te-plagosurve\\\/#breadcrumb\",\"itemListElement\":[{\"@type\":\"ListItem\",\"position\":1,\"name\":\"Home\",\"item\":\"https:\\\/\\\/kosovatimes.info\\\/\"},{\"@type\":\"ListItem\",\"position\":2,\"name\":\"AKSIDENT I TMERRSH\u00cbM N\u00cb NJ\u00cb DESTINACION TURISTIK T\u00cb POPULLAR: Nj\u00eb num\u00ebr i madh i t\u00eb vdekurve dhe t\u00eb plagosurve\"}]},{\"@type\":\"WebSite\",\"@id\":\"https:\\\/\\\/kosovatimes.info\\\/#website\",\"url\":\"https:\\\/\\\/kosovatimes.info\\\/\",\"name\":\"Kosova Times\",\"description\":\"\",\"potentialAction\":[{\"@type\":\"SearchAction\",\"target\":{\"@type\":\"EntryPoint\",\"urlTemplate\":\"https:\\\/\\\/kosovatimes.info\\\/?s={search_term_string}\"},\"query-input\":{\"@type\":\"PropertyValueSpecification\",\"valueRequired\":true,\"valueName\":\"search_term_string\"}}],\"inLanguage\":\"en-US\"},{\"@type\":\"Person\",\"@id\":\"https:\\\/\\\/kosovatimes.info\\\/#\\\/schema\\\/person\\\/7586712b9c512fe68085de007378c915\",\"name\":\"i l\",\"image\":{\"@type\":\"ImageObject\",\"inLanguage\":\"en-US\",\"@id\":\"https:\\\/\\\/secure.gravatar.com\\\/avatar\\\/bad9296e02816160ae2e2435beda58222022298d5625d49fea74d18816fbb31d?s=96&d=mm&r=g\",\"url\":\"https:\\\/\\\/secure.gravatar.com\\\/avatar\\\/bad9296e02816160ae2e2435beda58222022298d5625d49fea74d18816fbb31d?s=96&d=mm&r=g\",\"contentUrl\":\"https:\\\/\\\/secure.gravatar.com\\\/avatar\\\/bad9296e02816160ae2e2435beda58222022298d5625d49fea74d18816fbb31d?s=96&d=mm&r=g\",\"caption\":\"i l\"},\"url\":\"https:\\\/\\\/kosovatimes.info\\\/index.php\\\/author\\\/iliri\\\/\"}]}<\/script>\n<!-- \/ Yoast SEO plugin. -->","yoast_head_json":{"title":"AKSIDENT I TMERRSH\u00cbM N\u00cb NJ\u00cb DESTINACION TURISTIK T\u00cb POPULLAR: Nj\u00eb num\u00ebr i madh i t\u00eb vdekurve dhe t\u00eb plagosurve - Kosova Times","robots":{"index":"index","follow":"follow","max-snippet":"max-snippet:-1","max-image-preview":"max-image-preview:large","max-video-preview":"max-video-preview:-1"},"canonical":"https:\/\/kosovatimes.info\/index.php\/2026\/09\/02\/aksident-i-tmerrshem-ne-nje-destinacion-turistik-te-popullar-nje-numer-i-madh-i-te-vdekurve-dhe-te-plagosurve\/","og_locale":"en_US","og_type":"article","og_title":"AKSIDENT I TMERRSH\u00cbM N\u00cb NJ\u00cb DESTINACION TURISTIK T\u00cb POPULLAR: Nj\u00eb num\u00ebr i madh i t\u00eb vdekurve dhe t\u00eb plagosurve - Kosova Times","og_description":"Aksidenti me autobus ndodhi n\u00eb rrug\u00ebn midis qyteteve Dahab dhe Nuweiba n\u00eb Detin e Kuq. Ministria njoftoi se rreth 20 ambulanca u d\u00ebrguan n\u00eb vendin e aksidentit p\u00ebr t\u00eb ofruar ndihm\u00ebn e par\u00eb dhe p\u00ebr t\u00eb evakuuar t\u00eb plagosurit. Shkaku i aksidentit nuk dihet ende, shkruan\u00a0\u00a0BBC\u00a0.Komb\u00ebsit\u00eb e t\u00eb vdekurve nuk jan\u00eb b\u00ebr\u00eb ende t\u00eb ditura. [&hellip;]","og_url":"https:\/\/kosovatimes.info\/index.php\/2026\/09\/02\/aksident-i-tmerrshem-ne-nje-destinacion-turistik-te-popullar-nje-numer-i-madh-i-te-vdekurve-dhe-te-plagosurve\/","og_site_name":"Kosova Times","article_published_time":"2026-09-02T08:44:11+00:00","article_modified_time":"2026-09-02T08:44:12+00:00","og_image":[{"width":900,"height":600,"url":"https:\/\/kosovatimes.info\/wp-content\/uploads\/2026\/09\/aksident.png","type":"image\/png"}],"author":"i l","twitter_card":"summary_large_image","twitter_misc":{"Written by":"i l","Est. reading time":"1 minute"},"schema":{"@context":"https:\/\/schema.org","@graph":[{"@type":"Article","@id":"https:\/\/kosovatimes.info\/index.php\/2026\/09\/02\/aksident-i-tmerrshem-ne-nje-destinacion-turistik-te-popullar-nje-numer-i-madh-i-te-vdekurve-dhe-te-plagosurve\/#article","isPartOf":{"@id":"https:\/\/kosovatimes.info\/index.php\/2026\/09\/02\/aksident-i-tmerrshem-ne-nje-destinacion-turistik-te-popullar-nje-numer-i-madh-i-te-vdekurve-dhe-te-plagosurve\/"},"author":{"name":"i l","@id":"https:\/\/kosovatimes.info\/#\/schema\/person\/7586712b9c512fe68085de007378c915"},"headline":"AKSIDENT I TMERRSH\u00cbM N\u00cb NJ\u00cb DESTINACION TURISTIK T\u00cb POPULLAR: Nj\u00eb num\u00ebr i madh i t\u00eb vdekurve dhe t\u00eb plagosurve","datePublished":"2026-09-02T08:44:11+00:00","dateModified":"2026-09-02T08:44:12+00:00","mainEntityOfPage":{"@id":"https:\/\/kosovatimes.info\/index.php\/2026\/09\/02\/aksident-i-tmerrshem-ne-nje-destinacion-turistik-te-popullar-nje-numer-i-madh-i-te-vdekurve-dhe-te-plagosurve\/"},"wordCount":149,"commentCount":0,"image":{"@id":"https:\/\/kosovatimes.info\/index.php\/2026\/09\/02\/aksident-i-tmerrshem-ne-nje-destinacion-turistik-te-popullar-nje-numer-i-madh-i-te-vdekurve-dhe-te-plagosurve\/#primaryimage"},"thumbnailUrl":"https:\/\/kosovatimes.info\/wp-content\/uploads\/2026\/09\/aksident.png","articleSection":["Bot\u00eb","Lajme"],"inLanguage":"en-US","potentialAction":[{"@type":"CommentAction","name":"Comment","target":["https:\/\/kosovatimes.info\/index.php\/2026\/09\/02\/aksident-i-tmerrshem-ne-nje-destinacion-turistik-te-popullar-nje-numer-i-madh-i-te-vdekurve-dhe-te-plagosurve\/#respond"]}]},{"@type":"WebPage","@id":"https:\/\/kosovatimes.info\/index.php\/2026\/09\/02\/aksident-i-tmerrshem-ne-nje-destinacion-turistik-te-popullar-nje-numer-i-madh-i-te-vdekurve-dhe-te-plagosurve\/","url":"https:\/\/kosovatimes.info\/index.php\/2026\/09\/02\/aksident-i-tmerrshem-ne-nje-destinacion-turistik-te-popullar-nje-numer-i-madh-i-te-vdekurve-dhe-te-plagosurve\/","name":"AKSIDENT I TMERRSH\u00cbM N\u00cb NJ\u00cb DESTINACION TURISTIK T\u00cb POPULLAR: Nj\u00eb num\u00ebr i madh i t\u00eb vdekurve dhe t\u00eb plagosurve - Kosova Times","isPartOf":{"@id":"https:\/\/kosovatimes.info\/#website"},"primaryImageOfPage":{"@id":"https:\/\/kosovatimes.info\/index.php\/2026\/09\/02\/aksident-i-tmerrshem-ne-nje-destinacion-turistik-te-popullar-nje-numer-i-madh-i-te-vdekurve-dhe-te-plagosurve\/#primaryimage"},"image":{"@id":"https:\/\/kosovatimes.info\/index.php\/2026\/09\/02\/aksident-i-tmerrshem-ne-nje-destinacion-turistik-te-popullar-nje-numer-i-madh-i-te-vdekurve-dhe-te-plagosurve\/#primaryimage"},"thumbnailUrl":"https:\/\/kosovatimes.info\/wp-content\/uploads\/2026\/09\/aksident.png","datePublished":"2026-09-02T08:44:11+00:00","dateModified":"2026-09-02T08:44:12+00:00","author":{"@id":"https:\/\/kosovatimes.info\/#\/schema\/person\/7586712b9c512fe68085de007378c915"},"breadcrumb":{"@id":"https:\/\/kosovatimes.info\/index.php\/2026\/09\/02\/aksident-i-tmerrshem-ne-nje-destinacion-turistik-te-popullar-nje-numer-i-madh-i-te-vdekurve-dhe-te-plagosurve\/#breadcrumb"},"inLanguage":"en-US","potentialAction":[{"@type":"ReadAction","target":["https:\/\/kosovatimes.info\/index.php\/2026\/09\/02\/aksident-i-tmerrshem-ne-nje-destinacion-turistik-te-popullar-nje-numer-i-madh-i-te-vdekurve-dhe-te-plagosurve\/"]}]},{"@type":"ImageObject","inLanguage":"en-US","@id":"https:\/\/kosovatimes.info\/index.php\/2026\/09\/02\/aksident-i-tmerrshem-ne-nje-destinacion-turistik-te-popullar-nje-numer-i-madh-i-te-vdekurve-dhe-te-plagosurve\/#primaryimage","url":"https:\/\/kosovatimes.info\/wp-content\/uploads\/2026\/09\/aksident.png","contentUrl":"https:\/\/kosovatimes.info\/wp-content\/uploads\/2026\/09\/aksident.png","width":900,"height":600},{"@type":"BreadcrumbList","@id":"https:\/\/kosovatimes.info\/index.php\/2026\/09\/02\/aksident-i-tmerrshem-ne-nje-destinacion-turistik-te-popullar-nje-numer-i-madh-i-te-vdekurve-dhe-te-plagosurve\/#breadcrumb","itemListElement":[{"@type":"ListItem","position":1,"name":"Home","item":"https:\/\/kosovatimes.info\/"},{"@type":"ListItem","position":2,"name":"AKSIDENT I TMERRSH\u00cbM N\u00cb NJ\u00cb DESTINACION TURISTIK T\u00cb POPULLAR: Nj\u00eb num\u00ebr i madh i t\u00eb vdekurve dhe t\u00eb plagosurve"}]},{"@type":"WebSite","@id":"https:\/\/kosovatimes.info\/#website","url":"https:\/\/kosovatimes.info\/","name":"Kosova Times","description":"","potentialAction":[{"@type":"SearchAction","target":{"@type":"EntryPoint","urlTemplate":"https:\/\/kosovatimes.info\/?s={search_term_string}"},"query-input":{"@type":"PropertyValueSpecification","valueRequired":true,"valueName":"search_term_string"}}],"inLanguage":"en-US"},{"@type":"Person","@id":"https:\/\/kosovatimes.info\/#\/schema\/person\/7586712b9c512fe68085de007378c915","name":"i l","image":{"@type":"ImageObject","inLanguage":"en-US","@id":"https:\/\/secure.gravatar.com\/avatar\/bad9296e02816160ae2e2435beda58222022298d5625d49fea74d18816fbb31d?s=96&d=mm&r=g","url":"https:\/\/secure.gravatar.com\/avatar\/bad9296e02816160ae2e2435beda58222022298d5625d49fea74d18816fbb31d?s=96&d=mm&r=g","contentUrl":"https:\/\/secure.gravatar.com\/avatar\/bad9296e02816160ae2e2435beda58222022298d5625d49fea74d18816fbb31d?s=96&d=mm&r=g","caption":"i l"},"url":"https:\/\/kosovatimes.info\/index.php\/author\/iliri\/"}]}},"_links":{"self":[{"href":"https:\/\/kosovatimes.info\/index.php\/wp-json\/wp\/v2\/posts\/30596","targetHints":{"allow":["GET"]}}],"collection":[{"href":"https:\/\/kosovatimes.info\/index.php\/wp-json\/wp\/v2\/posts"}],"about":[{"href":"https:\/\/kosovatimes.info\/index.php\/wp-json\/wp\/v2\/types\/post"}],"author":[{"embeddable":true,"href":"https:\/\/kosovatimes.info\/index.php\/wp-json\/wp\/v2\/users\/4"}],"replies":[{"embeddable":true,"href":"https:\/\/kosovatimes.info\/index.php\/wp-json\/wp\/v2\/comments?post=30596"}],"version-history":[{"count":1,"href":"https:\/\/kosovatimes.info\/index.php\/wp-json\/wp\/v2\/posts\/30596\/revisions"}],"predecessor-version":[{"id":30598,"href":"https:\/\/kosovatimes.info\/index.php\/wp-json\/wp\/v2\/posts\/30596\/revisions\/30598"}],"wp:featuredmedia":[{"embeddable":true,"href":"https:\/\/kosovatimes.info\/index.php\/wp-json\/wp\/v2\/media\/30597"}],"wp:attachment":[{"href":"https:\/\/kosovatimes.info\/index.php\/wp-json\/wp\/v2\/media?parent=30596"}],"wp:term":[{"taxonomy":"category","embeddable":true,"href":"https:\/\/kosovatimes.info\/index.php\/wp-json\/wp\/v2\/categories?post=30596"},{"taxonomy":"post_tag","embeddable":true,"href":"https:\/\/kosovatimes.info\/index.php\/wp-json\/wp\/v2\/tags?post=30596"}],"curies":[{"name":"wp","href":"https:\/\/api.w.org\/{rel}","templated":true}]}}