{"id":30602,"date":"2026-09-02T10:45:00","date_gmt":"2026-09-02T08:45:00","guid":{"rendered":"https:\/\/kosovatimes.info\/?p=30602"},"modified":"2026-09-02T10:54:00","modified_gmt":"2026-09-02T08:54:00","slug":"hoxha-sorensen-ne-bled-dialogu-kosove-serbi-i-domosdoshem-per-paqen","status":"publish","type":"post","link":"https:\/\/kosovatimes.info\/index.php\/2026\/09\/02\/hoxha-sorensen-ne-bled-dialogu-kosove-serbi-i-domosdoshem-per-paqen\/","title":{"rendered":"Hoxha-S\u00f8rensen n\u00eb Bled: Dialogu Kosov\u00eb-Serbi, i domosdosh\u00ebm p\u00ebr paqen"},"content":{"rendered":"\n<p class=\"wp-block-paragraph\">atsh<\/p>\n\n\n\n<p class=\"wp-block-paragraph\"><strong>Ministri p\u00ebr Evrop\u00ebn dhe Pun\u00ebt e Jashtme i Shqip\u00ebris\u00eb, Ferit Hoxha zhvilloi takime t\u00eb ve\u00e7anta n\u00eb Bled t\u00eb Sllovenis\u00eb, me P\u00ebrfaq\u00ebsuesin e Posa\u00e7\u00ebm t\u00eb Bashkimit Evropian p\u00ebr Dialogun Prishtin\u00eb\u2013Beograd, Peter S\u00f8rensen, Sekretarin e P\u00ebrgjithsh\u00ebm n\u00eb detyr\u00eb t\u00eb Bashkimit p\u00ebr Mesdheun, Fadi Hajli, si dhe me drejtorin e Sekretariatit t\u00eb P\u00ebrhersh\u00ebm t\u00eb Komunitetit t\u00eb Transportit, T\u0101lis Linkaits.<\/strong><\/p>\n\n\n\n<p class=\"wp-block-paragraph\">Takimet u zhvilluan n\u00eb kuad\u00ebr t\u00eb punimeve t\u00eb Forumit Strategjik t\u00eb Bledit, nd\u00ebrsa Hoxha vler\u00ebsoi se \u201caktivitete t\u00eb tilla ofrojn\u00eb mund\u00ebsi t\u00eb vyera p\u00ebr takime dhe shk\u00ebmbime me aktor\u00eb t\u00eb ndrysh\u00ebm, ve\u00e7an\u00ebrisht p\u00ebr \u00e7\u00ebshtje me r\u00ebnd\u00ebsi jo vet\u00ebm p\u00ebr Shqip\u00ebrin\u00eb por edhe p\u00ebr rajonin\u201d.<\/p>\n\n\n\n<p class=\"wp-block-paragraph\">Ministri informoi se n\u00eb qend\u00ebr t\u00eb diskutimeve ishin dialogu, stabiliteti dhe bashk\u00ebpunimi rajonal, si dhe r\u00ebnd\u00ebsia e p\u00ebrshpejtimit t\u00eb nd\u00ebrlidhjes dhe integrimit t\u00eb Ballkanit Per\u00ebndimor n\u00eb hap\u00ebsir\u00ebn evropiane.<\/p>\n\n\n\n<p class=\"wp-block-paragraph\">N\u00eb takimin me S\u00f8rensen, ministri Hoxha theksoi r\u00ebnd\u00ebsin\u00eb e nj\u00eb dialogu t\u00eb q\u00ebndruesh\u00ebm, t\u00eb orientuar drejt rezultateve konkrete e t\u00eb prekshme, p\u00ebr t\u00eb avancuar m\u00eb shpejt drejt normalizimit t\u00eb marr\u00ebdh\u00ebnieve mes Kosov\u00ebs dhe Serbis\u00eb, si nj\u00eb kontribut i domosdosh\u00ebm p\u00ebr paqen dhe stabilitetin n\u00eb rajon.<\/p>\n\n\n\n<p class=\"wp-block-paragraph\">Nd\u00ebrsa n\u00eb qend\u00ebr t\u00eb takimit me me Sekretarin e P\u00ebrgjithsh\u00ebm n\u00eb detyr\u00eb t\u00eb Bashkimit p\u00ebr Mesdheun, Fadi Hajli ishte forcimi i bashk\u00ebpunimit euro-mesdhetar dhe mund\u00ebsit\u00eb p\u00ebr t\u00eb avancuar projekte konkrete n\u00eb fusha me r\u00ebnd\u00ebsi p\u00ebr zhvillimin dhe prosperitetin e rajonit.<\/p>\n\n\n\n<p class=\"wp-block-paragraph\">N\u00eb takimin me drejtorin e Sekretariatit t\u00eb P\u00ebrhersh\u00ebm t\u00eb Komunitetit t\u00eb Transportit, T\u0101lis Linkaits, ministri Hoxha diskutoi mbi nd\u00ebrlidhjen, infrastruktur\u00ebn dhe mobilitetin, si element\u00eb ky\u00e7 p\u00ebr nj\u00eb Ballkan Per\u00ebndimor m\u00eb t\u00eb integruar dhe m\u00eb pran\u00eb tregut dhe hap\u00ebsir\u00ebs evropiane.<\/p>\n\n\n\n<p class=\"wp-block-paragraph\">\u201cDialogu, nd\u00ebrlidhja dhe bashk\u00ebpunimi jan\u00eb tre shtylla t\u00eb nj\u00eb rajoni m\u00eb t\u00eb q\u00ebndruesh\u00ebm, m\u00eb t\u00eb integruar dhe m\u00eb evropian\u201d, u shpreh Hoxha.<\/p>\n","protected":false},"excerpt":{"rendered":"<p>atsh Ministri p\u00ebr Evrop\u00ebn dhe Pun\u00ebt e Jashtme i Shqip\u00ebris\u00eb, Ferit Hoxha zhvilloi takime t\u00eb ve\u00e7anta n\u00eb Bled t\u00eb Sllovenis\u00eb, me P\u00ebrfaq\u00ebsuesin e Posa\u00e7\u00ebm t\u00eb Bashkimit Evropian p\u00ebr Dialogun Prishtin\u00eb\u2013Beograd, Peter S\u00f8rensen, Sekretarin e P\u00ebrgjithsh\u00ebm n\u00eb detyr\u00eb t\u00eb Bashkimit p\u00ebr Mesdheun, Fadi Hajli, si dhe me drejtorin e Sekretariatit t\u00eb P\u00ebrhersh\u00ebm t\u00eb Komunitetit t\u00eb Transportit, [&hellip;]<\/p>\n","protected":false},"author":4,"featured_media":30603,"comment_status":"open","ping_status":"open","sticky":false,"template":"","format":"standard","meta":{"footnotes":""},"categories":[31,30],"tags":[],"class_list":["post-30602","post","type-post","status-publish","format-standard","has-post-thumbnail","category-kosove","category-lajme"],"yoast_head":"<!-- This site is optimized with the Yoast SEO plugin v27.4 - https:\/\/yoast.com\/product\/yoast-seo-wordpress\/ -->\n<title>Hoxha-S\u00f8rensen n\u00eb Bled: Dialogu Kosov\u00eb-Serbi, i domosdosh\u00ebm p\u00ebr paqen - Kosova Times<\/title>\n<meta name=\"robots\" content=\"index, follow, max-snippet:-1, max-image-preview:large, max-video-preview:-1\" \/>\n<link rel=\"canonical\" href=\"https:\/\/kosovatimes.info\/index.php\/2026\/09\/02\/hoxha-sorensen-ne-bled-dialogu-kosove-serbi-i-domosdoshem-per-paqen\/\" \/>\n<meta property=\"og:locale\" content=\"en_US\" \/>\n<meta property=\"og:type\" content=\"article\" \/>\n<meta property=\"og:title\" content=\"Hoxha-S\u00f8rensen n\u00eb Bled: Dialogu Kosov\u00eb-Serbi, i domosdosh\u00ebm p\u00ebr paqen - Kosova Times\" \/>\n<meta property=\"og:description\" content=\"atsh Ministri p\u00ebr Evrop\u00ebn dhe Pun\u00ebt e Jashtme i Shqip\u00ebris\u00eb, Ferit Hoxha zhvilloi takime t\u00eb ve\u00e7anta n\u00eb Bled t\u00eb Sllovenis\u00eb, me P\u00ebrfaq\u00ebsuesin e Posa\u00e7\u00ebm t\u00eb Bashkimit Evropian p\u00ebr Dialogun Prishtin\u00eb\u2013Beograd, Peter S\u00f8rensen, Sekretarin e P\u00ebrgjithsh\u00ebm n\u00eb detyr\u00eb t\u00eb Bashkimit p\u00ebr Mesdheun, Fadi Hajli, si dhe me drejtorin e Sekretariatit t\u00eb P\u00ebrhersh\u00ebm t\u00eb Komunitetit t\u00eb Transportit, [&hellip;]\" \/>\n<meta property=\"og:url\" content=\"https:\/\/kosovatimes.info\/index.php\/2026\/09\/02\/hoxha-sorensen-ne-bled-dialogu-kosove-serbi-i-domosdoshem-per-paqen\/\" \/>\n<meta property=\"og:site_name\" content=\"Kosova Times\" \/>\n<meta property=\"article:published_time\" content=\"2026-09-02T08:45:00+00:00\" \/>\n<meta property=\"article:modified_time\" content=\"2026-09-02T08:54:00+00:00\" \/>\n<meta property=\"og:image\" content=\"https:\/\/kosovatimes.info\/wp-content\/uploads\/2026\/09\/hoxha.jpg\" \/>\n\t<meta property=\"og:image:width\" content=\"780\" \/>\n\t<meta property=\"og:image:height\" content=\"500\" \/>\n\t<meta property=\"og:image:type\" content=\"image\/jpeg\" \/>\n<meta name=\"author\" content=\"i l\" \/>\n<meta name=\"twitter:card\" content=\"summary_large_image\" \/>\n<meta name=\"twitter:label1\" content=\"Written by\" \/>\n\t<meta name=\"twitter:data1\" content=\"i l\" \/>\n\t<meta name=\"twitter:label2\" content=\"Est. reading time\" \/>\n\t<meta name=\"twitter:data2\" content=\"2 minutes\" \/>\n<script type=\"application\/ld+json\" class=\"yoast-schema-graph\">{\"@context\":\"https:\\\/\\\/schema.org\",\"@graph\":[{\"@type\":\"Article\",\"@id\":\"https:\\\/\\\/kosovatimes.info\\\/index.php\\\/2026\\\/09\\\/02\\\/hoxha-sorensen-ne-bled-dialogu-kosove-serbi-i-domosdoshem-per-paqen\\\/#article\",\"isPartOf\":{\"@id\":\"https:\\\/\\\/kosovatimes.info\\\/index.php\\\/2026\\\/09\\\/02\\\/hoxha-sorensen-ne-bled-dialogu-kosove-serbi-i-domosdoshem-per-paqen\\\/\"},\"author\":{\"name\":\"i l\",\"@id\":\"https:\\\/\\\/kosovatimes.info\\\/#\\\/schema\\\/person\\\/7586712b9c512fe68085de007378c915\"},\"headline\":\"Hoxha-S\u00f8rensen n\u00eb Bled: Dialogu Kosov\u00eb-Serbi, i domosdosh\u00ebm p\u00ebr paqen\",\"datePublished\":\"2026-09-02T08:45:00+00:00\",\"dateModified\":\"2026-09-02T08:54:00+00:00\",\"mainEntityOfPage\":{\"@id\":\"https:\\\/\\\/kosovatimes.info\\\/index.php\\\/2026\\\/09\\\/02\\\/hoxha-sorensen-ne-bled-dialogu-kosove-serbi-i-domosdoshem-per-paqen\\\/\"},\"wordCount\":365,\"commentCount\":0,\"image\":{\"@id\":\"https:\\\/\\\/kosovatimes.info\\\/index.php\\\/2026\\\/09\\\/02\\\/hoxha-sorensen-ne-bled-dialogu-kosove-serbi-i-domosdoshem-per-paqen\\\/#primaryimage\"},\"thumbnailUrl\":\"https:\\\/\\\/kosovatimes.info\\\/wp-content\\\/uploads\\\/2026\\\/09\\\/hoxha.jpg\",\"articleSection\":[\"Kosov\u00eb\",\"Lajme\"],\"inLanguage\":\"en-US\",\"potentialAction\":[{\"@type\":\"CommentAction\",\"name\":\"Comment\",\"target\":[\"https:\\\/\\\/kosovatimes.info\\\/index.php\\\/2026\\\/09\\\/02\\\/hoxha-sorensen-ne-bled-dialogu-kosove-serbi-i-domosdoshem-per-paqen\\\/#respond\"]}]},{\"@type\":\"WebPage\",\"@id\":\"https:\\\/\\\/kosovatimes.info\\\/index.php\\\/2026\\\/09\\\/02\\\/hoxha-sorensen-ne-bled-dialogu-kosove-serbi-i-domosdoshem-per-paqen\\\/\",\"url\":\"https:\\\/\\\/kosovatimes.info\\\/index.php\\\/2026\\\/09\\\/02\\\/hoxha-sorensen-ne-bled-dialogu-kosove-serbi-i-domosdoshem-per-paqen\\\/\",\"name\":\"Hoxha-S\u00f8rensen n\u00eb Bled: Dialogu Kosov\u00eb-Serbi, i domosdosh\u00ebm p\u00ebr paqen - Kosova Times\",\"isPartOf\":{\"@id\":\"https:\\\/\\\/kosovatimes.info\\\/#website\"},\"primaryImageOfPage\":{\"@id\":\"https:\\\/\\\/kosovatimes.info\\\/index.php\\\/2026\\\/09\\\/02\\\/hoxha-sorensen-ne-bled-dialogu-kosove-serbi-i-domosdoshem-per-paqen\\\/#primaryimage\"},\"image\":{\"@id\":\"https:\\\/\\\/kosovatimes.info\\\/index.php\\\/2026\\\/09\\\/02\\\/hoxha-sorensen-ne-bled-dialogu-kosove-serbi-i-domosdoshem-per-paqen\\\/#primaryimage\"},\"thumbnailUrl\":\"https:\\\/\\\/kosovatimes.info\\\/wp-content\\\/uploads\\\/2026\\\/09\\\/hoxha.jpg\",\"datePublished\":\"2026-09-02T08:45:00+00:00\",\"dateModified\":\"2026-09-02T08:54:00+00:00\",\"author\":{\"@id\":\"https:\\\/\\\/kosovatimes.info\\\/#\\\/schema\\\/person\\\/7586712b9c512fe68085de007378c915\"},\"breadcrumb\":{\"@id\":\"https:\\\/\\\/kosovatimes.info\\\/index.php\\\/2026\\\/09\\\/02\\\/hoxha-sorensen-ne-bled-dialogu-kosove-serbi-i-domosdoshem-per-paqen\\\/#breadcrumb\"},\"inLanguage\":\"en-US\",\"potentialAction\":[{\"@type\":\"ReadAction\",\"target\":[\"https:\\\/\\\/kosovatimes.info\\\/index.php\\\/2026\\\/09\\\/02\\\/hoxha-sorensen-ne-bled-dialogu-kosove-serbi-i-domosdoshem-per-paqen\\\/\"]}]},{\"@type\":\"ImageObject\",\"inLanguage\":\"en-US\",\"@id\":\"https:\\\/\\\/kosovatimes.info\\\/index.php\\\/2026\\\/09\\\/02\\\/hoxha-sorensen-ne-bled-dialogu-kosove-serbi-i-domosdoshem-per-paqen\\\/#primaryimage\",\"url\":\"https:\\\/\\\/kosovatimes.info\\\/wp-content\\\/uploads\\\/2026\\\/09\\\/hoxha.jpg\",\"contentUrl\":\"https:\\\/\\\/kosovatimes.info\\\/wp-content\\\/uploads\\\/2026\\\/09\\\/hoxha.jpg\",\"width\":780,\"height\":500},{\"@type\":\"BreadcrumbList\",\"@id\":\"https:\\\/\\\/kosovatimes.info\\\/index.php\\\/2026\\\/09\\\/02\\\/hoxha-sorensen-ne-bled-dialogu-kosove-serbi-i-domosdoshem-per-paqen\\\/#breadcrumb\",\"itemListElement\":[{\"@type\":\"ListItem\",\"position\":1,\"name\":\"Home\",\"item\":\"https:\\\/\\\/kosovatimes.info\\\/\"},{\"@type\":\"ListItem\",\"position\":2,\"name\":\"Hoxha-S\u00f8rensen n\u00eb Bled: Dialogu Kosov\u00eb-Serbi, i domosdosh\u00ebm p\u00ebr paqen\"}]},{\"@type\":\"WebSite\",\"@id\":\"https:\\\/\\\/kosovatimes.info\\\/#website\",\"url\":\"https:\\\/\\\/kosovatimes.info\\\/\",\"name\":\"Kosova Times\",\"description\":\"\",\"potentialAction\":[{\"@type\":\"SearchAction\",\"target\":{\"@type\":\"EntryPoint\",\"urlTemplate\":\"https:\\\/\\\/kosovatimes.info\\\/?s={search_term_string}\"},\"query-input\":{\"@type\":\"PropertyValueSpecification\",\"valueRequired\":true,\"valueName\":\"search_term_string\"}}],\"inLanguage\":\"en-US\"},{\"@type\":\"Person\",\"@id\":\"https:\\\/\\\/kosovatimes.info\\\/#\\\/schema\\\/person\\\/7586712b9c512fe68085de007378c915\",\"name\":\"i l\",\"image\":{\"@type\":\"ImageObject\",\"inLanguage\":\"en-US\",\"@id\":\"https:\\\/\\\/secure.gravatar.com\\\/avatar\\\/bad9296e02816160ae2e2435beda58222022298d5625d49fea74d18816fbb31d?s=96&d=mm&r=g\",\"url\":\"https:\\\/\\\/secure.gravatar.com\\\/avatar\\\/bad9296e02816160ae2e2435beda58222022298d5625d49fea74d18816fbb31d?s=96&d=mm&r=g\",\"contentUrl\":\"https:\\\/\\\/secure.gravatar.com\\\/avatar\\\/bad9296e02816160ae2e2435beda58222022298d5625d49fea74d18816fbb31d?s=96&d=mm&r=g\",\"caption\":\"i l\"},\"url\":\"https:\\\/\\\/kosovatimes.info\\\/index.php\\\/author\\\/iliri\\\/\"}]}<\/script>\n<!-- \/ Yoast SEO plugin. -->","yoast_head_json":{"title":"Hoxha-S\u00f8rensen n\u00eb Bled: Dialogu Kosov\u00eb-Serbi, i domosdosh\u00ebm p\u00ebr paqen - Kosova Times","robots":{"index":"index","follow":"follow","max-snippet":"max-snippet:-1","max-image-preview":"max-image-preview:large","max-video-preview":"max-video-preview:-1"},"canonical":"https:\/\/kosovatimes.info\/index.php\/2026\/09\/02\/hoxha-sorensen-ne-bled-dialogu-kosove-serbi-i-domosdoshem-per-paqen\/","og_locale":"en_US","og_type":"article","og_title":"Hoxha-S\u00f8rensen n\u00eb Bled: Dialogu Kosov\u00eb-Serbi, i domosdosh\u00ebm p\u00ebr paqen - Kosova Times","og_description":"atsh Ministri p\u00ebr Evrop\u00ebn dhe Pun\u00ebt e Jashtme i Shqip\u00ebris\u00eb, Ferit Hoxha zhvilloi takime t\u00eb ve\u00e7anta n\u00eb Bled t\u00eb Sllovenis\u00eb, me P\u00ebrfaq\u00ebsuesin e Posa\u00e7\u00ebm t\u00eb Bashkimit Evropian p\u00ebr Dialogun Prishtin\u00eb\u2013Beograd, Peter S\u00f8rensen, Sekretarin e P\u00ebrgjithsh\u00ebm n\u00eb detyr\u00eb t\u00eb Bashkimit p\u00ebr Mesdheun, Fadi Hajli, si dhe me drejtorin e Sekretariatit t\u00eb P\u00ebrhersh\u00ebm t\u00eb Komunitetit t\u00eb Transportit, [&hellip;]","og_url":"https:\/\/kosovatimes.info\/index.php\/2026\/09\/02\/hoxha-sorensen-ne-bled-dialogu-kosove-serbi-i-domosdoshem-per-paqen\/","og_site_name":"Kosova Times","article_published_time":"2026-09-02T08:45:00+00:00","article_modified_time":"2026-09-02T08:54:00+00:00","og_image":[{"width":780,"height":500,"url":"https:\/\/kosovatimes.info\/wp-content\/uploads\/2026\/09\/hoxha.jpg","type":"image\/jpeg"}],"author":"i l","twitter_card":"summary_large_image","twitter_misc":{"Written by":"i l","Est. reading time":"2 minutes"},"schema":{"@context":"https:\/\/schema.org","@graph":[{"@type":"Article","@id":"https:\/\/kosovatimes.info\/index.php\/2026\/09\/02\/hoxha-sorensen-ne-bled-dialogu-kosove-serbi-i-domosdoshem-per-paqen\/#article","isPartOf":{"@id":"https:\/\/kosovatimes.info\/index.php\/2026\/09\/02\/hoxha-sorensen-ne-bled-dialogu-kosove-serbi-i-domosdoshem-per-paqen\/"},"author":{"name":"i l","@id":"https:\/\/kosovatimes.info\/#\/schema\/person\/7586712b9c512fe68085de007378c915"},"headline":"Hoxha-S\u00f8rensen n\u00eb Bled: Dialogu Kosov\u00eb-Serbi, i domosdosh\u00ebm p\u00ebr paqen","datePublished":"2026-09-02T08:45:00+00:00","dateModified":"2026-09-02T08:54:00+00:00","mainEntityOfPage":{"@id":"https:\/\/kosovatimes.info\/index.php\/2026\/09\/02\/hoxha-sorensen-ne-bled-dialogu-kosove-serbi-i-domosdoshem-per-paqen\/"},"wordCount":365,"commentCount":0,"image":{"@id":"https:\/\/kosovatimes.info\/index.php\/2026\/09\/02\/hoxha-sorensen-ne-bled-dialogu-kosove-serbi-i-domosdoshem-per-paqen\/#primaryimage"},"thumbnailUrl":"https:\/\/kosovatimes.info\/wp-content\/uploads\/2026\/09\/hoxha.jpg","articleSection":["Kosov\u00eb","Lajme"],"inLanguage":"en-US","potentialAction":[{"@type":"CommentAction","name":"Comment","target":["https:\/\/kosovatimes.info\/index.php\/2026\/09\/02\/hoxha-sorensen-ne-bled-dialogu-kosove-serbi-i-domosdoshem-per-paqen\/#respond"]}]},{"@type":"WebPage","@id":"https:\/\/kosovatimes.info\/index.php\/2026\/09\/02\/hoxha-sorensen-ne-bled-dialogu-kosove-serbi-i-domosdoshem-per-paqen\/","url":"https:\/\/kosovatimes.info\/index.php\/2026\/09\/02\/hoxha-sorensen-ne-bled-dialogu-kosove-serbi-i-domosdoshem-per-paqen\/","name":"Hoxha-S\u00f8rensen n\u00eb Bled: Dialogu Kosov\u00eb-Serbi, i domosdosh\u00ebm p\u00ebr paqen - Kosova Times","isPartOf":{"@id":"https:\/\/kosovatimes.info\/#website"},"primaryImageOfPage":{"@id":"https:\/\/kosovatimes.info\/index.php\/2026\/09\/02\/hoxha-sorensen-ne-bled-dialogu-kosove-serbi-i-domosdoshem-per-paqen\/#primaryimage"},"image":{"@id":"https:\/\/kosovatimes.info\/index.php\/2026\/09\/02\/hoxha-sorensen-ne-bled-dialogu-kosove-serbi-i-domosdoshem-per-paqen\/#primaryimage"},"thumbnailUrl":"https:\/\/kosovatimes.info\/wp-content\/uploads\/2026\/09\/hoxha.jpg","datePublished":"2026-09-02T08:45:00+00:00","dateModified":"2026-09-02T08:54:00+00:00","author":{"@id":"https:\/\/kosovatimes.info\/#\/schema\/person\/7586712b9c512fe68085de007378c915"},"breadcrumb":{"@id":"https:\/\/kosovatimes.info\/index.php\/2026\/09\/02\/hoxha-sorensen-ne-bled-dialogu-kosove-serbi-i-domosdoshem-per-paqen\/#breadcrumb"},"inLanguage":"en-US","potentialAction":[{"@type":"ReadAction","target":["https:\/\/kosovatimes.info\/index.php\/2026\/09\/02\/hoxha-sorensen-ne-bled-dialogu-kosove-serbi-i-domosdoshem-per-paqen\/"]}]},{"@type":"ImageObject","inLanguage":"en-US","@id":"https:\/\/kosovatimes.info\/index.php\/2026\/09\/02\/hoxha-sorensen-ne-bled-dialogu-kosove-serbi-i-domosdoshem-per-paqen\/#primaryimage","url":"https:\/\/kosovatimes.info\/wp-content\/uploads\/2026\/09\/hoxha.jpg","contentUrl":"https:\/\/kosovatimes.info\/wp-content\/uploads\/2026\/09\/hoxha.jpg","width":780,"height":500},{"@type":"BreadcrumbList","@id":"https:\/\/kosovatimes.info\/index.php\/2026\/09\/02\/hoxha-sorensen-ne-bled-dialogu-kosove-serbi-i-domosdoshem-per-paqen\/#breadcrumb","itemListElement":[{"@type":"ListItem","position":1,"name":"Home","item":"https:\/\/kosovatimes.info\/"},{"@type":"ListItem","position":2,"name":"Hoxha-S\u00f8rensen n\u00eb Bled: Dialogu Kosov\u00eb-Serbi, i domosdosh\u00ebm p\u00ebr paqen"}]},{"@type":"WebSite","@id":"https:\/\/kosovatimes.info\/#website","url":"https:\/\/kosovatimes.info\/","name":"Kosova Times","description":"","potentialAction":[{"@type":"SearchAction","target":{"@type":"EntryPoint","urlTemplate":"https:\/\/kosovatimes.info\/?s={search_term_string}"},"query-input":{"@type":"PropertyValueSpecification","valueRequired":true,"valueName":"search_term_string"}}],"inLanguage":"en-US"},{"@type":"Person","@id":"https:\/\/kosovatimes.info\/#\/schema\/person\/7586712b9c512fe68085de007378c915","name":"i l","image":{"@type":"ImageObject","inLanguage":"en-US","@id":"https:\/\/secure.gravatar.com\/avatar\/bad9296e02816160ae2e2435beda58222022298d5625d49fea74d18816fbb31d?s=96&d=mm&r=g","url":"https:\/\/secure.gravatar.com\/avatar\/bad9296e02816160ae2e2435beda58222022298d5625d49fea74d18816fbb31d?s=96&d=mm&r=g","contentUrl":"https:\/\/secure.gravatar.com\/avatar\/bad9296e02816160ae2e2435beda58222022298d5625d49fea74d18816fbb31d?s=96&d=mm&r=g","caption":"i l"},"url":"https:\/\/kosovatimes.info\/index.php\/author\/iliri\/"}]}},"_links":{"self":[{"href":"https:\/\/kosovatimes.info\/index.php\/wp-json\/wp\/v2\/posts\/30602","targetHints":{"allow":["GET"]}}],"collection":[{"href":"https:\/\/kosovatimes.info\/index.php\/wp-json\/wp\/v2\/posts"}],"about":[{"href":"https:\/\/kosovatimes.info\/index.php\/wp-json\/wp\/v2\/types\/post"}],"author":[{"embeddable":true,"href":"https:\/\/kosovatimes.info\/index.php\/wp-json\/wp\/v2\/users\/4"}],"replies":[{"embeddable":true,"href":"https:\/\/kosovatimes.info\/index.php\/wp-json\/wp\/v2\/comments?post=30602"}],"version-history":[{"count":1,"href":"https:\/\/kosovatimes.info\/index.php\/wp-json\/wp\/v2\/posts\/30602\/revisions"}],"predecessor-version":[{"id":30604,"href":"https:\/\/kosovatimes.info\/index.php\/wp-json\/wp\/v2\/posts\/30602\/revisions\/30604"}],"wp:featuredmedia":[{"embeddable":true,"href":"https:\/\/kosovatimes.info\/index.php\/wp-json\/wp\/v2\/media\/30603"}],"wp:attachment":[{"href":"https:\/\/kosovatimes.info\/index.php\/wp-json\/wp\/v2\/media?parent=30602"}],"wp:term":[{"taxonomy":"category","embeddable":true,"href":"https:\/\/kosovatimes.info\/index.php\/wp-json\/wp\/v2\/categories?post=30602"},{"taxonomy":"post_tag","embeddable":true,"href":"https:\/\/kosovatimes.info\/index.php\/wp-json\/wp\/v2\/tags?post=30602"}],"curies":[{"name":"wp","href":"https:\/\/api.w.org\/{rel}","templated":true}]}}