{"id":30605,"date":"2026-09-02T11:02:14","date_gmt":"2026-09-02T09:02:14","guid":{"rendered":"https:\/\/kosovatimes.info\/?p=30605"},"modified":"2026-09-02T11:02:15","modified_gmt":"2026-09-02T09:02:15","slug":"nje-bar-legjendar-ne-budapest-eshte-shpallur-bari-me-i-mire-ne-evrope-per-vitin-2026","status":"publish","type":"post","link":"https:\/\/kosovatimes.info\/index.php\/2026\/09\/02\/nje-bar-legjendar-ne-budapest-eshte-shpallur-bari-me-i-mire-ne-evrope-per-vitin-2026\/","title":{"rendered":"Nj\u00eb bar legjendar n\u00eb Budapest \u00ebsht\u00eb shpallur bari m\u00eb i mir\u00eb n\u00eb Evrop\u00eb p\u00ebr vitin 2026"},"content":{"rendered":"\n<p class=\"wp-block-paragraph\">Sigurisht, mund ta p\u00ebrjetosh atmosfer\u00ebn e nj\u00eb qyteti thjesht duke bredhur n\u00ebp\u00ebr rrug\u00ebt e tij dhe duke vizituar vendet e para q\u00eb duhen par\u00eb patjet\u00ebr, por p\u00ebr nj\u00eb pamje t\u00eb mir\u00ebfillt\u00eb dhe autentike t\u00eb jet\u00ebs s\u00eb k\u00ebtij vendi, duhet t\u00eb vizitosh baret e tij.&nbsp;<\/p>\n\n\n\n<p class=\"wp-block-paragraph\">Por, baret&nbsp;<em>m\u00eb t\u00eb mira<\/em>&nbsp;? Epo, nj\u00eb nga vendet m\u00eb t\u00eb mira ku mund t\u00eb drejtoheni p\u00ebr k\u00ebshilla \u00ebsht\u00eb&nbsp;<a href=\"https:\/\/theeuropeanbarguide.com\/top-100-bars-in-europe-2026\/\" target=\"_blank\" rel=\"noopener\">European Bar Guide<\/a>&nbsp;, me emrin e p\u00ebrshtatsh\u00ebm , i cili sapo ka publikuar renditjen e tij vjetore t\u00eb 100 bareve m\u00eb t\u00eb mira n\u00eb t\u00eb gjith\u00eb kontinentin.&nbsp;<\/p>\n\n\n\n<p class=\"wp-block-paragraph\">Faqja e internetit shkruan se ata i vler\u00ebsojn\u00eb baret &#8220;thjesht nga sa mir\u00eb e b\u00ebjn\u00eb at\u00eb q\u00eb po p\u00ebrpiqen t\u00eb b\u00ebjn\u00eb: spektaklin, atmosfer\u00ebn, sken\u00ebn shoq\u00ebrore, zakonet interesante, kultur\u00ebn lokale dhe po, cil\u00ebsin\u00eb dhe zgjedhjen e pijeve&#8221;, dhe nj\u00eb vend k\u00ebndsh\u00ebm i rast\u00ebsish\u00ebm ka vjedhur vendin e par\u00eb.&nbsp;<\/p>\n\n\n\n<p class=\"wp-block-paragraph\"><strong>Szimpla Kert<\/strong>&nbsp;, bari origjinal i Budapestit, kryeson list\u00ebn k\u00ebt\u00eb vit. I vendosur brenda nj\u00eb fabrike t\u00eb braktisur, ai filloi t\u00eb sh\u00ebrbente pije n\u00eb vitin 2002.&nbsp;<\/p>\n\n\n\n<figure class=\"wp-block-image\" id=\"image_459d2155-8b52-d4d6-b72d-66a82727b03c\"><img decoding=\"async\" src=\"https:\/\/media.timeout.com\/images\/105959318\/image.webp\" alt=\"Bar rr\u00ebnoja Szimpla Kert, Budapest\"\/><figcaption class=\"wp-element-caption\">Fotografia: Pedro Rufo \/ Shutterstock.com&nbsp;Bar rr\u00ebnojat Szimpla Kert, Budapest<\/figcaption><\/figure>\n\n\n\n<p class=\"wp-block-paragraph\">Budapesti \u00ebsht\u00eb i famsh\u00ebm p\u00ebr baret e tij t\u00eb rr\u00ebnuara \u2013 lokale ku pihet alkool brenda nd\u00ebrtesave t\u00eb braktisura ose t\u00eb rr\u00ebnuara, me dekor eklektik dhe nj\u00eb atmosfer\u00eb dalluese t\u00eb pazakont\u00eb \u2013 dhe ky vend ecte n\u00eb k\u00ebmb\u00eb n\u00eb m\u00ebnyr\u00eb q\u00eb t\u00eb gjitha baret e tjera t\u00eb rr\u00ebnuara t\u00eb mund t\u00eb hapeshin. Si\u00e7 e thot\u00eb guida e barit, vizita n\u00eb Szimpla Kert t\u00eb jep ndjesin\u00eb \u201csi t\u00eb hysh n\u00eb nj\u00eb portal n\u00eb nj\u00eb dimension tjet\u00ebr\u201d. Topa diskotekash dhe drita zanash jan\u00eb hedhur mbi \u00e7do krah ose sip\u00ebrfaqe t\u00eb mundshme, muzika bubullon dhe njer\u00ebzit ulen n\u00eb gjith\u00e7ka, nga stolat e holl\u00eb dhe divanet e fryr\u00eb deri te makinat e konvertuara n\u00eb t\u00eb gjith\u00eb hap\u00ebsir\u00ebn q\u00eb i ngjan nj\u00eb labirinti.&nbsp;<\/p>\n\n\n\n<p class=\"wp-block-paragraph\"><strong>Rekomandohet: Lexoni udh\u00ebzuesit tan\u00eb ekspert\u00eb vendas p\u00ebr&nbsp;<\/strong><a href=\"https:\/\/www.timeout.com\/budapest\/bars\/best-cocktail-bars-in-budapest\"><strong>baret m\u00eb t\u00eb mira t\u00eb koktejleve<\/strong><\/a><strong>&nbsp;dhe&nbsp;<\/strong><a href=\"https:\/\/www.timeout.com\/budapest\/bars\/best-wine-bars-in-budapest\"><strong>baret e ver\u00ebs n\u00eb Budapest<\/strong><\/a><strong>&nbsp;.&nbsp;<\/strong><\/p>\n\n\n\n<p class=\"wp-block-paragraph\">Po e z\u00eb vendin e dyt\u00eb? Ky do t\u00eb ishte&nbsp;<strong>Retsins Luciefernum<\/strong>&nbsp;, nj\u00eb bar i \u00e7uditsh\u00ebm dhe i \u00e7uditsh\u00ebm, pjes\u00ebrisht muze, por pjes\u00ebrisht bar brenda nj\u00eb rezidence t\u00eb vjet\u00ebr masonike n\u00eb Bruges. \u00cbsht\u00eb nj\u00eb vend intim, i kufizuar n\u00eb vet\u00ebm 20 persona n\u00eb t\u00eb nj\u00ebjt\u00ebn koh\u00eb, dhe orari i hapjes ndryshon, prandaj sigurohuni q\u00eb t\u00eb kontrolloni paraprakisht.&nbsp;<\/p>\n\n\n\n<p class=\"wp-block-paragraph\">N\u00eb vendin e tret\u00eb u rendit&nbsp;<strong>La Fleur en Papier Dor\u00e9<\/strong>&nbsp;n\u00eb Bruksel, dhe pes\u00eb vendet e para u plot\u00ebsuan nga&nbsp;<strong>Goupil Le Fol<\/strong>&nbsp;, gjithashtu n\u00eb kryeqytetin belg, dhe&nbsp;<strong>Zlatna Ribica<\/strong>&nbsp;n\u00eb Sarajev\u00eb. Shfletoni m\u00eb tej p\u00ebr pjes\u00ebn tjet\u00ebr t\u00eb 10 vendeve t\u00eb para.&nbsp;<\/p>\n\n\n\n<h3 class=\"wp-block-heading\"><strong>10 baret m\u00eb t\u00eb mira n\u00eb Evrop\u00eb<\/strong><\/h3>\n\n\n\n<ol class=\"wp-block-list\">\n<li>Szimpla Kert, Budapest<\/li>\n\n\n\n<li>Retsins Lucifernum, Brugge<\/li>\n\n\n\n<li>La Fleur en Papier Dor\u00e9, Bruksel<\/li>\n\n\n\n<li>Goupil Le Fol, Bruksel<\/li>\n\n\n\n<li>Zlatna Ribica, Sarajev\u00eb<\/li>\n\n\n\n<li>Papa Joe&#8217;s Jazzlocal, K\u00ebln<\/li>\n\n\n\n<li>t&#8217;Brugse Beertje, Bruges<\/li>\n\n\n\n<li>Bar Marsella, Barcelon\u00eb<\/li>\n\n\n\n<li>U Hrocha, Prag\u00eb\u00a0<\/li>\n\n\n\n<li>Le Pot Au Lait, Li\u00e8ge<\/li>\n<\/ol>\n\n\n\n<p class=\"wp-block-paragraph\"><\/p>\n","protected":false},"excerpt":{"rendered":"<p>Sigurisht, mund ta p\u00ebrjetosh atmosfer\u00ebn e nj\u00eb qyteti thjesht duke bredhur n\u00ebp\u00ebr rrug\u00ebt e tij dhe duke vizituar vendet e para q\u00eb duhen par\u00eb patjet\u00ebr, por p\u00ebr nj\u00eb pamje t\u00eb mir\u00ebfillt\u00eb dhe autentike t\u00eb jet\u00ebs s\u00eb k\u00ebtij vendi, duhet t\u00eb vizitosh baret e tij.&nbsp; Por, baret&nbsp;m\u00eb t\u00eb mira&nbsp;? Epo, nj\u00eb nga vendet m\u00eb t\u00eb mira [&hellip;]<\/p>\n","protected":false},"author":4,"featured_media":30606,"comment_status":"open","ping_status":"open","sticky":false,"template":"","format":"standard","meta":{"footnotes":""},"categories":[43],"tags":[],"class_list":["post-30605","post","type-post","status-publish","format-standard","has-post-thumbnail","category-turizem"],"yoast_head":"<!-- This site is optimized with the Yoast SEO plugin v27.4 - https:\/\/yoast.com\/product\/yoast-seo-wordpress\/ -->\n<title>Nj\u00eb bar legjendar n\u00eb Budapest \u00ebsht\u00eb shpallur bari m\u00eb i mir\u00eb n\u00eb Evrop\u00eb p\u00ebr vitin 2026 - Kosova Times<\/title>\n<meta name=\"robots\" content=\"index, follow, max-snippet:-1, max-image-preview:large, max-video-preview:-1\" \/>\n<link rel=\"canonical\" href=\"https:\/\/kosovatimes.info\/index.php\/2026\/09\/02\/nje-bar-legjendar-ne-budapest-eshte-shpallur-bari-me-i-mire-ne-evrope-per-vitin-2026\/\" \/>\n<meta property=\"og:locale\" content=\"en_US\" \/>\n<meta property=\"og:type\" content=\"article\" \/>\n<meta property=\"og:title\" content=\"Nj\u00eb bar legjendar n\u00eb Budapest \u00ebsht\u00eb shpallur bari m\u00eb i mir\u00eb n\u00eb Evrop\u00eb p\u00ebr vitin 2026 - Kosova Times\" \/>\n<meta property=\"og:description\" content=\"Sigurisht, mund ta p\u00ebrjetosh atmosfer\u00ebn e nj\u00eb qyteti thjesht duke bredhur n\u00ebp\u00ebr rrug\u00ebt e tij dhe duke vizituar vendet e para q\u00eb duhen par\u00eb patjet\u00ebr, por p\u00ebr nj\u00eb pamje t\u00eb mir\u00ebfillt\u00eb dhe autentike t\u00eb jet\u00ebs s\u00eb k\u00ebtij vendi, duhet t\u00eb vizitosh baret e tij.&nbsp; Por, baret&nbsp;m\u00eb t\u00eb mira&nbsp;? Epo, nj\u00eb nga vendet m\u00eb t\u00eb mira [&hellip;]\" \/>\n<meta property=\"og:url\" content=\"https:\/\/kosovatimes.info\/index.php\/2026\/09\/02\/nje-bar-legjendar-ne-budapest-eshte-shpallur-bari-me-i-mire-ne-evrope-per-vitin-2026\/\" \/>\n<meta property=\"og:site_name\" content=\"Kosova Times\" \/>\n<meta property=\"article:published_time\" content=\"2026-09-02T09:02:14+00:00\" \/>\n<meta property=\"article:modified_time\" content=\"2026-09-02T09:02:15+00:00\" \/>\n<meta property=\"og:image\" content=\"https:\/\/kosovatimes.info\/wp-content\/uploads\/2026\/09\/bari.webp\" \/>\n\t<meta property=\"og:image:width\" content=\"1372\" \/>\n\t<meta property=\"og:image:height\" content=\"772\" \/>\n\t<meta property=\"og:image:type\" content=\"image\/webp\" \/>\n<meta name=\"author\" content=\"i l\" \/>\n<meta name=\"twitter:card\" content=\"summary_large_image\" \/>\n<meta name=\"twitter:label1\" content=\"Written by\" \/>\n\t<meta name=\"twitter:data1\" content=\"i l\" \/>\n\t<meta name=\"twitter:label2\" content=\"Est. reading time\" \/>\n\t<meta name=\"twitter:data2\" content=\"3 minutes\" \/>\n<script type=\"application\/ld+json\" class=\"yoast-schema-graph\">{\"@context\":\"https:\\\/\\\/schema.org\",\"@graph\":[{\"@type\":\"Article\",\"@id\":\"https:\\\/\\\/kosovatimes.info\\\/index.php\\\/2026\\\/09\\\/02\\\/nje-bar-legjendar-ne-budapest-eshte-shpallur-bari-me-i-mire-ne-evrope-per-vitin-2026\\\/#article\",\"isPartOf\":{\"@id\":\"https:\\\/\\\/kosovatimes.info\\\/index.php\\\/2026\\\/09\\\/02\\\/nje-bar-legjendar-ne-budapest-eshte-shpallur-bari-me-i-mire-ne-evrope-per-vitin-2026\\\/\"},\"author\":{\"name\":\"i l\",\"@id\":\"https:\\\/\\\/kosovatimes.info\\\/#\\\/schema\\\/person\\\/7586712b9c512fe68085de007378c915\"},\"headline\":\"Nj\u00eb bar legjendar n\u00eb Budapest \u00ebsht\u00eb shpallur bari m\u00eb i mir\u00eb n\u00eb Evrop\u00eb p\u00ebr vitin 2026\",\"datePublished\":\"2026-09-02T09:02:14+00:00\",\"dateModified\":\"2026-09-02T09:02:15+00:00\",\"mainEntityOfPage\":{\"@id\":\"https:\\\/\\\/kosovatimes.info\\\/index.php\\\/2026\\\/09\\\/02\\\/nje-bar-legjendar-ne-budapest-eshte-shpallur-bari-me-i-mire-ne-evrope-per-vitin-2026\\\/\"},\"wordCount\":552,\"commentCount\":0,\"image\":{\"@id\":\"https:\\\/\\\/kosovatimes.info\\\/index.php\\\/2026\\\/09\\\/02\\\/nje-bar-legjendar-ne-budapest-eshte-shpallur-bari-me-i-mire-ne-evrope-per-vitin-2026\\\/#primaryimage\"},\"thumbnailUrl\":\"https:\\\/\\\/kosovatimes.info\\\/wp-content\\\/uploads\\\/2026\\\/09\\\/bari.webp\",\"articleSection\":[\"Turiz\u00ebm\"],\"inLanguage\":\"en-US\",\"potentialAction\":[{\"@type\":\"CommentAction\",\"name\":\"Comment\",\"target\":[\"https:\\\/\\\/kosovatimes.info\\\/index.php\\\/2026\\\/09\\\/02\\\/nje-bar-legjendar-ne-budapest-eshte-shpallur-bari-me-i-mire-ne-evrope-per-vitin-2026\\\/#respond\"]}]},{\"@type\":\"WebPage\",\"@id\":\"https:\\\/\\\/kosovatimes.info\\\/index.php\\\/2026\\\/09\\\/02\\\/nje-bar-legjendar-ne-budapest-eshte-shpallur-bari-me-i-mire-ne-evrope-per-vitin-2026\\\/\",\"url\":\"https:\\\/\\\/kosovatimes.info\\\/index.php\\\/2026\\\/09\\\/02\\\/nje-bar-legjendar-ne-budapest-eshte-shpallur-bari-me-i-mire-ne-evrope-per-vitin-2026\\\/\",\"name\":\"Nj\u00eb bar legjendar n\u00eb Budapest \u00ebsht\u00eb shpallur bari m\u00eb i mir\u00eb n\u00eb Evrop\u00eb p\u00ebr vitin 2026 - Kosova Times\",\"isPartOf\":{\"@id\":\"https:\\\/\\\/kosovatimes.info\\\/#website\"},\"primaryImageOfPage\":{\"@id\":\"https:\\\/\\\/kosovatimes.info\\\/index.php\\\/2026\\\/09\\\/02\\\/nje-bar-legjendar-ne-budapest-eshte-shpallur-bari-me-i-mire-ne-evrope-per-vitin-2026\\\/#primaryimage\"},\"image\":{\"@id\":\"https:\\\/\\\/kosovatimes.info\\\/index.php\\\/2026\\\/09\\\/02\\\/nje-bar-legjendar-ne-budapest-eshte-shpallur-bari-me-i-mire-ne-evrope-per-vitin-2026\\\/#primaryimage\"},\"thumbnailUrl\":\"https:\\\/\\\/kosovatimes.info\\\/wp-content\\\/uploads\\\/2026\\\/09\\\/bari.webp\",\"datePublished\":\"2026-09-02T09:02:14+00:00\",\"dateModified\":\"2026-09-02T09:02:15+00:00\",\"author\":{\"@id\":\"https:\\\/\\\/kosovatimes.info\\\/#\\\/schema\\\/person\\\/7586712b9c512fe68085de007378c915\"},\"breadcrumb\":{\"@id\":\"https:\\\/\\\/kosovatimes.info\\\/index.php\\\/2026\\\/09\\\/02\\\/nje-bar-legjendar-ne-budapest-eshte-shpallur-bari-me-i-mire-ne-evrope-per-vitin-2026\\\/#breadcrumb\"},\"inLanguage\":\"en-US\",\"potentialAction\":[{\"@type\":\"ReadAction\",\"target\":[\"https:\\\/\\\/kosovatimes.info\\\/index.php\\\/2026\\\/09\\\/02\\\/nje-bar-legjendar-ne-budapest-eshte-shpallur-bari-me-i-mire-ne-evrope-per-vitin-2026\\\/\"]}]},{\"@type\":\"ImageObject\",\"inLanguage\":\"en-US\",\"@id\":\"https:\\\/\\\/kosovatimes.info\\\/index.php\\\/2026\\\/09\\\/02\\\/nje-bar-legjendar-ne-budapest-eshte-shpallur-bari-me-i-mire-ne-evrope-per-vitin-2026\\\/#primaryimage\",\"url\":\"https:\\\/\\\/kosovatimes.info\\\/wp-content\\\/uploads\\\/2026\\\/09\\\/bari.webp\",\"contentUrl\":\"https:\\\/\\\/kosovatimes.info\\\/wp-content\\\/uploads\\\/2026\\\/09\\\/bari.webp\",\"width\":1372,\"height\":772},{\"@type\":\"BreadcrumbList\",\"@id\":\"https:\\\/\\\/kosovatimes.info\\\/index.php\\\/2026\\\/09\\\/02\\\/nje-bar-legjendar-ne-budapest-eshte-shpallur-bari-me-i-mire-ne-evrope-per-vitin-2026\\\/#breadcrumb\",\"itemListElement\":[{\"@type\":\"ListItem\",\"position\":1,\"name\":\"Home\",\"item\":\"https:\\\/\\\/kosovatimes.info\\\/\"},{\"@type\":\"ListItem\",\"position\":2,\"name\":\"Nj\u00eb bar legjendar n\u00eb Budapest \u00ebsht\u00eb shpallur bari m\u00eb i mir\u00eb n\u00eb Evrop\u00eb p\u00ebr vitin 2026\"}]},{\"@type\":\"WebSite\",\"@id\":\"https:\\\/\\\/kosovatimes.info\\\/#website\",\"url\":\"https:\\\/\\\/kosovatimes.info\\\/\",\"name\":\"Kosova Times\",\"description\":\"\",\"potentialAction\":[{\"@type\":\"SearchAction\",\"target\":{\"@type\":\"EntryPoint\",\"urlTemplate\":\"https:\\\/\\\/kosovatimes.info\\\/?s={search_term_string}\"},\"query-input\":{\"@type\":\"PropertyValueSpecification\",\"valueRequired\":true,\"valueName\":\"search_term_string\"}}],\"inLanguage\":\"en-US\"},{\"@type\":\"Person\",\"@id\":\"https:\\\/\\\/kosovatimes.info\\\/#\\\/schema\\\/person\\\/7586712b9c512fe68085de007378c915\",\"name\":\"i l\",\"image\":{\"@type\":\"ImageObject\",\"inLanguage\":\"en-US\",\"@id\":\"https:\\\/\\\/secure.gravatar.com\\\/avatar\\\/bad9296e02816160ae2e2435beda58222022298d5625d49fea74d18816fbb31d?s=96&d=mm&r=g\",\"url\":\"https:\\\/\\\/secure.gravatar.com\\\/avatar\\\/bad9296e02816160ae2e2435beda58222022298d5625d49fea74d18816fbb31d?s=96&d=mm&r=g\",\"contentUrl\":\"https:\\\/\\\/secure.gravatar.com\\\/avatar\\\/bad9296e02816160ae2e2435beda58222022298d5625d49fea74d18816fbb31d?s=96&d=mm&r=g\",\"caption\":\"i l\"},\"url\":\"https:\\\/\\\/kosovatimes.info\\\/index.php\\\/author\\\/iliri\\\/\"}]}<\/script>\n<!-- \/ Yoast SEO plugin. -->","yoast_head_json":{"title":"Nj\u00eb bar legjendar n\u00eb Budapest \u00ebsht\u00eb shpallur bari m\u00eb i mir\u00eb n\u00eb Evrop\u00eb p\u00ebr vitin 2026 - Kosova Times","robots":{"index":"index","follow":"follow","max-snippet":"max-snippet:-1","max-image-preview":"max-image-preview:large","max-video-preview":"max-video-preview:-1"},"canonical":"https:\/\/kosovatimes.info\/index.php\/2026\/09\/02\/nje-bar-legjendar-ne-budapest-eshte-shpallur-bari-me-i-mire-ne-evrope-per-vitin-2026\/","og_locale":"en_US","og_type":"article","og_title":"Nj\u00eb bar legjendar n\u00eb Budapest \u00ebsht\u00eb shpallur bari m\u00eb i mir\u00eb n\u00eb Evrop\u00eb p\u00ebr vitin 2026 - Kosova Times","og_description":"Sigurisht, mund ta p\u00ebrjetosh atmosfer\u00ebn e nj\u00eb qyteti thjesht duke bredhur n\u00ebp\u00ebr rrug\u00ebt e tij dhe duke vizituar vendet e para q\u00eb duhen par\u00eb patjet\u00ebr, por p\u00ebr nj\u00eb pamje t\u00eb mir\u00ebfillt\u00eb dhe autentike t\u00eb jet\u00ebs s\u00eb k\u00ebtij vendi, duhet t\u00eb vizitosh baret e tij.&nbsp; Por, baret&nbsp;m\u00eb t\u00eb mira&nbsp;? Epo, nj\u00eb nga vendet m\u00eb t\u00eb mira [&hellip;]","og_url":"https:\/\/kosovatimes.info\/index.php\/2026\/09\/02\/nje-bar-legjendar-ne-budapest-eshte-shpallur-bari-me-i-mire-ne-evrope-per-vitin-2026\/","og_site_name":"Kosova Times","article_published_time":"2026-09-02T09:02:14+00:00","article_modified_time":"2026-09-02T09:02:15+00:00","og_image":[{"width":1372,"height":772,"url":"https:\/\/kosovatimes.info\/wp-content\/uploads\/2026\/09\/bari.webp","type":"image\/webp"}],"author":"i l","twitter_card":"summary_large_image","twitter_misc":{"Written by":"i l","Est. reading time":"3 minutes"},"schema":{"@context":"https:\/\/schema.org","@graph":[{"@type":"Article","@id":"https:\/\/kosovatimes.info\/index.php\/2026\/09\/02\/nje-bar-legjendar-ne-budapest-eshte-shpallur-bari-me-i-mire-ne-evrope-per-vitin-2026\/#article","isPartOf":{"@id":"https:\/\/kosovatimes.info\/index.php\/2026\/09\/02\/nje-bar-legjendar-ne-budapest-eshte-shpallur-bari-me-i-mire-ne-evrope-per-vitin-2026\/"},"author":{"name":"i l","@id":"https:\/\/kosovatimes.info\/#\/schema\/person\/7586712b9c512fe68085de007378c915"},"headline":"Nj\u00eb bar legjendar n\u00eb Budapest \u00ebsht\u00eb shpallur bari m\u00eb i mir\u00eb n\u00eb Evrop\u00eb p\u00ebr vitin 2026","datePublished":"2026-09-02T09:02:14+00:00","dateModified":"2026-09-02T09:02:15+00:00","mainEntityOfPage":{"@id":"https:\/\/kosovatimes.info\/index.php\/2026\/09\/02\/nje-bar-legjendar-ne-budapest-eshte-shpallur-bari-me-i-mire-ne-evrope-per-vitin-2026\/"},"wordCount":552,"commentCount":0,"image":{"@id":"https:\/\/kosovatimes.info\/index.php\/2026\/09\/02\/nje-bar-legjendar-ne-budapest-eshte-shpallur-bari-me-i-mire-ne-evrope-per-vitin-2026\/#primaryimage"},"thumbnailUrl":"https:\/\/kosovatimes.info\/wp-content\/uploads\/2026\/09\/bari.webp","articleSection":["Turiz\u00ebm"],"inLanguage":"en-US","potentialAction":[{"@type":"CommentAction","name":"Comment","target":["https:\/\/kosovatimes.info\/index.php\/2026\/09\/02\/nje-bar-legjendar-ne-budapest-eshte-shpallur-bari-me-i-mire-ne-evrope-per-vitin-2026\/#respond"]}]},{"@type":"WebPage","@id":"https:\/\/kosovatimes.info\/index.php\/2026\/09\/02\/nje-bar-legjendar-ne-budapest-eshte-shpallur-bari-me-i-mire-ne-evrope-per-vitin-2026\/","url":"https:\/\/kosovatimes.info\/index.php\/2026\/09\/02\/nje-bar-legjendar-ne-budapest-eshte-shpallur-bari-me-i-mire-ne-evrope-per-vitin-2026\/","name":"Nj\u00eb bar legjendar n\u00eb Budapest \u00ebsht\u00eb shpallur bari m\u00eb i mir\u00eb n\u00eb Evrop\u00eb p\u00ebr vitin 2026 - Kosova Times","isPartOf":{"@id":"https:\/\/kosovatimes.info\/#website"},"primaryImageOfPage":{"@id":"https:\/\/kosovatimes.info\/index.php\/2026\/09\/02\/nje-bar-legjendar-ne-budapest-eshte-shpallur-bari-me-i-mire-ne-evrope-per-vitin-2026\/#primaryimage"},"image":{"@id":"https:\/\/kosovatimes.info\/index.php\/2026\/09\/02\/nje-bar-legjendar-ne-budapest-eshte-shpallur-bari-me-i-mire-ne-evrope-per-vitin-2026\/#primaryimage"},"thumbnailUrl":"https:\/\/kosovatimes.info\/wp-content\/uploads\/2026\/09\/bari.webp","datePublished":"2026-09-02T09:02:14+00:00","dateModified":"2026-09-02T09:02:15+00:00","author":{"@id":"https:\/\/kosovatimes.info\/#\/schema\/person\/7586712b9c512fe68085de007378c915"},"breadcrumb":{"@id":"https:\/\/kosovatimes.info\/index.php\/2026\/09\/02\/nje-bar-legjendar-ne-budapest-eshte-shpallur-bari-me-i-mire-ne-evrope-per-vitin-2026\/#breadcrumb"},"inLanguage":"en-US","potentialAction":[{"@type":"ReadAction","target":["https:\/\/kosovatimes.info\/index.php\/2026\/09\/02\/nje-bar-legjendar-ne-budapest-eshte-shpallur-bari-me-i-mire-ne-evrope-per-vitin-2026\/"]}]},{"@type":"ImageObject","inLanguage":"en-US","@id":"https:\/\/kosovatimes.info\/index.php\/2026\/09\/02\/nje-bar-legjendar-ne-budapest-eshte-shpallur-bari-me-i-mire-ne-evrope-per-vitin-2026\/#primaryimage","url":"https:\/\/kosovatimes.info\/wp-content\/uploads\/2026\/09\/bari.webp","contentUrl":"https:\/\/kosovatimes.info\/wp-content\/uploads\/2026\/09\/bari.webp","width":1372,"height":772},{"@type":"BreadcrumbList","@id":"https:\/\/kosovatimes.info\/index.php\/2026\/09\/02\/nje-bar-legjendar-ne-budapest-eshte-shpallur-bari-me-i-mire-ne-evrope-per-vitin-2026\/#breadcrumb","itemListElement":[{"@type":"ListItem","position":1,"name":"Home","item":"https:\/\/kosovatimes.info\/"},{"@type":"ListItem","position":2,"name":"Nj\u00eb bar legjendar n\u00eb Budapest \u00ebsht\u00eb shpallur bari m\u00eb i mir\u00eb n\u00eb Evrop\u00eb p\u00ebr vitin 2026"}]},{"@type":"WebSite","@id":"https:\/\/kosovatimes.info\/#website","url":"https:\/\/kosovatimes.info\/","name":"Kosova Times","description":"","potentialAction":[{"@type":"SearchAction","target":{"@type":"EntryPoint","urlTemplate":"https:\/\/kosovatimes.info\/?s={search_term_string}"},"query-input":{"@type":"PropertyValueSpecification","valueRequired":true,"valueName":"search_term_string"}}],"inLanguage":"en-US"},{"@type":"Person","@id":"https:\/\/kosovatimes.info\/#\/schema\/person\/7586712b9c512fe68085de007378c915","name":"i l","image":{"@type":"ImageObject","inLanguage":"en-US","@id":"https:\/\/secure.gravatar.com\/avatar\/bad9296e02816160ae2e2435beda58222022298d5625d49fea74d18816fbb31d?s=96&d=mm&r=g","url":"https:\/\/secure.gravatar.com\/avatar\/bad9296e02816160ae2e2435beda58222022298d5625d49fea74d18816fbb31d?s=96&d=mm&r=g","contentUrl":"https:\/\/secure.gravatar.com\/avatar\/bad9296e02816160ae2e2435beda58222022298d5625d49fea74d18816fbb31d?s=96&d=mm&r=g","caption":"i l"},"url":"https:\/\/kosovatimes.info\/index.php\/author\/iliri\/"}]}},"_links":{"self":[{"href":"https:\/\/kosovatimes.info\/index.php\/wp-json\/wp\/v2\/posts\/30605","targetHints":{"allow":["GET"]}}],"collection":[{"href":"https:\/\/kosovatimes.info\/index.php\/wp-json\/wp\/v2\/posts"}],"about":[{"href":"https:\/\/kosovatimes.info\/index.php\/wp-json\/wp\/v2\/types\/post"}],"author":[{"embeddable":true,"href":"https:\/\/kosovatimes.info\/index.php\/wp-json\/wp\/v2\/users\/4"}],"replies":[{"embeddable":true,"href":"https:\/\/kosovatimes.info\/index.php\/wp-json\/wp\/v2\/comments?post=30605"}],"version-history":[{"count":1,"href":"https:\/\/kosovatimes.info\/index.php\/wp-json\/wp\/v2\/posts\/30605\/revisions"}],"predecessor-version":[{"id":30607,"href":"https:\/\/kosovatimes.info\/index.php\/wp-json\/wp\/v2\/posts\/30605\/revisions\/30607"}],"wp:featuredmedia":[{"embeddable":true,"href":"https:\/\/kosovatimes.info\/index.php\/wp-json\/wp\/v2\/media\/30606"}],"wp:attachment":[{"href":"https:\/\/kosovatimes.info\/index.php\/wp-json\/wp\/v2\/media?parent=30605"}],"wp:term":[{"taxonomy":"category","embeddable":true,"href":"https:\/\/kosovatimes.info\/index.php\/wp-json\/wp\/v2\/categories?post=30605"},{"taxonomy":"post_tag","embeddable":true,"href":"https:\/\/kosovatimes.info\/index.php\/wp-json\/wp\/v2\/tags?post=30605"}],"curies":[{"name":"wp","href":"https:\/\/api.w.org\/{rel}","templated":true}]}}