{"id":30617,"date":"2026-09-02T13:47:00","date_gmt":"2026-09-02T11:47:00","guid":{"rendered":"https:\/\/kosovatimes.info\/?p=30617"},"modified":"2026-09-02T15:48:11","modified_gmt":"2026-09-02T13:48:11","slug":"rritet-per-83-3-numri-i-rasteve-te-raportuara-per-te-shtenat-festive","status":"publish","type":"post","link":"https:\/\/kosovatimes.info\/index.php\/2026\/09\/02\/rritet-per-83-3-numri-i-rasteve-te-raportuara-per-te-shtenat-festive\/","title":{"rendered":"Rritet p\u00ebr 83.3% numri i rasteve t\u00eb raportuara p\u00ebr t\u00eb sht\u00ebnat festive"},"content":{"rendered":"\n<p class=\"wp-block-paragraph\"><strong>Ministria e Pun\u00ebve t\u00eb Brendshme mbajti takim lidhur me zbatimin e fushat\u00ebs \u201cFesto me zem\u00ebr, jo me arm\u00eb\u201d dhe intensifikimin e aktiviteteve n\u00eb bashk\u00ebsi me an\u00ebtar\u00ebt e forumeve t\u00eb siguris\u00eb s\u00eb qyteteve t\u00eb rajonit t\u00eb Prishtin\u00ebs.<\/strong><\/p>\n\n\n\n<p class=\"wp-block-paragraph\">Sipas njoftimit, takimin e hapi z\u00ebvend\u00ebsministri i Pun\u00ebve t\u00eb Brendshme dhe Koordinatori Komb\u00ebtar i Strategjis\u00eb p\u00ebr Arm\u00eb t\u00eb Vogla dhe t\u00eb Lehta, Enver Dugolli, i cili b\u00ebri thirrje p\u00ebr angazhim t\u00eb p\u00ebrbashk\u00ebt t\u00eb institucioneve, shoq\u00ebris\u00eb civile, mediave dhe qytetar\u00ebve n\u00eb parandalimin e p\u00ebrdorimit t\u00eb arm\u00ebve n\u00eb festa dhe ahengje.<\/p>\n\n\n\n<p class=\"wp-block-paragraph\">\u201cVet\u00ebm p\u00ebrmes nj\u00eb qasjeje t\u00eb p\u00ebrbashk\u00ebt dhe t\u00eb koordinuar mund t\u00eb parandalojm\u00eb pasojat serioze q\u00eb mund t\u00eb vijn\u00eb nga posedimi i paligjsh\u00ebm i arm\u00ebve dhe veprimet e tjera kund\u00ebrligjore, duke kontribuar k\u00ebshtu n\u00eb rritjen e siguris\u00eb dhe mir\u00ebqenies s\u00eb p\u00ebrbashk\u00ebt\u201d, theksoi z\u00ebvend\u00ebsministri Dugolli.<\/p>\n\n\n\n<p class=\"wp-block-paragraph\">Dugolli tha se p\u00ebrdorimi i arm\u00ebve gjat\u00eb festimeve \u00ebsht\u00eb i kund\u00ebrligjsh\u00ebm dhe mund t\u00eb ket\u00eb pasoja fatale. Ai paralajm\u00ebroi se fushata do t\u00eb intensifikohet edhe gjat\u00eb muajve n\u00eb vijim, me fokus t\u00eb ve\u00e7ant\u00eb te t\u00eb rinjt\u00eb dhe shkollat.<\/p>\n\n\n\n<p class=\"wp-block-paragraph\">N\u00eb takim mor\u00ebn pjes\u00eb p\u00ebrfaq\u00ebsues t\u00eb UNDP-s\u00eb, Policis\u00eb s\u00eb Kosov\u00ebs, KKSB-s\u00eb dhe KLSP-ve.<\/p>\n\n\n\n<p class=\"wp-block-paragraph\">\u201cSipas t\u00eb dh\u00ebnave zyrtare t\u00eb Policis\u00eb s\u00eb Kosov\u00ebs, gjat\u00eb muajve&nbsp;qershor-korrik 2026&nbsp;\u00ebsht\u00eb sh\u00ebnuar rritje e rasteve t\u00eb lidhura me p\u00ebrdorimin e arm\u00ebve 83.3%&nbsp;rritje e raportimeve p\u00ebr t\u00eb sht\u00ebna me arm\u00eb gjat\u00eb ahengjeve dhe festave familjare, 41.2%&nbsp;rritje e personave t\u00eb ndaluar nga Policia, 56.7%&nbsp;rritje e numrit t\u00eb arm\u00ebve t\u00eb konfiskuara\u201d, thuhet n\u00eb njoftim.<\/p>\n\n\n\n<p class=\"wp-block-paragraph\">N\u00eb takim u theksua se raportimi i rasteve nga qytetar\u00ebt \u00ebsht\u00eb rritur si rezultat i fushatave nd\u00ebrgjegj\u00ebsuese, nd\u00ebrsa institucionet than\u00eb se bashk\u00ebpunimi me komunitetin mbetet ky\u00e7 p\u00ebr parandalimin e incidenteve me arm\u00eb.<\/p>\n","protected":false},"excerpt":{"rendered":"<p>Ministria e Pun\u00ebve t\u00eb Brendshme mbajti takim lidhur me zbatimin e fushat\u00ebs \u201cFesto me zem\u00ebr, jo me arm\u00eb\u201d dhe intensifikimin e aktiviteteve n\u00eb bashk\u00ebsi me an\u00ebtar\u00ebt e forumeve t\u00eb siguris\u00eb s\u00eb qyteteve t\u00eb rajonit t\u00eb Prishtin\u00ebs. Sipas njoftimit, takimin e hapi z\u00ebvend\u00ebsministri i Pun\u00ebve t\u00eb Brendshme dhe Koordinatori Komb\u00ebtar i Strategjis\u00eb p\u00ebr Arm\u00eb t\u00eb Vogla [&hellip;]<\/p>\n","protected":false},"author":4,"featured_media":30618,"comment_status":"open","ping_status":"open","sticky":false,"template":"","format":"standard","meta":{"footnotes":""},"categories":[31,30],"tags":[],"class_list":["post-30617","post","type-post","status-publish","format-standard","has-post-thumbnail","category-kosove","category-lajme"],"yoast_head":"<!-- This site is optimized with the Yoast SEO plugin v27.4 - https:\/\/yoast.com\/product\/yoast-seo-wordpress\/ -->\n<title>Rritet p\u00ebr 83.3% numri i rasteve t\u00eb raportuara p\u00ebr t\u00eb sht\u00ebnat festive - Kosova Times<\/title>\n<meta name=\"robots\" content=\"index, follow, max-snippet:-1, max-image-preview:large, max-video-preview:-1\" \/>\n<link rel=\"canonical\" href=\"https:\/\/kosovatimes.info\/index.php\/2026\/09\/02\/rritet-per-83-3-numri-i-rasteve-te-raportuara-per-te-shtenat-festive\/\" \/>\n<meta property=\"og:locale\" content=\"en_US\" \/>\n<meta property=\"og:type\" content=\"article\" \/>\n<meta property=\"og:title\" content=\"Rritet p\u00ebr 83.3% numri i rasteve t\u00eb raportuara p\u00ebr t\u00eb sht\u00ebnat festive - Kosova Times\" \/>\n<meta property=\"og:description\" content=\"Ministria e Pun\u00ebve t\u00eb Brendshme mbajti takim lidhur me zbatimin e fushat\u00ebs \u201cFesto me zem\u00ebr, jo me arm\u00eb\u201d dhe intensifikimin e aktiviteteve n\u00eb bashk\u00ebsi me an\u00ebtar\u00ebt e forumeve t\u00eb siguris\u00eb s\u00eb qyteteve t\u00eb rajonit t\u00eb Prishtin\u00ebs. Sipas njoftimit, takimin e hapi z\u00ebvend\u00ebsministri i Pun\u00ebve t\u00eb Brendshme dhe Koordinatori Komb\u00ebtar i Strategjis\u00eb p\u00ebr Arm\u00eb t\u00eb Vogla [&hellip;]\" \/>\n<meta property=\"og:url\" content=\"https:\/\/kosovatimes.info\/index.php\/2026\/09\/02\/rritet-per-83-3-numri-i-rasteve-te-raportuara-per-te-shtenat-festive\/\" \/>\n<meta property=\"og:site_name\" content=\"Kosova Times\" \/>\n<meta property=\"article:published_time\" content=\"2026-09-02T11:47:00+00:00\" \/>\n<meta property=\"article:modified_time\" content=\"2026-09-02T13:48:11+00:00\" \/>\n<meta property=\"og:image\" content=\"https:\/\/kosovatimes.info\/wp-content\/uploads\/2026\/09\/policia-2.jpg\" \/>\n\t<meta property=\"og:image:width\" content=\"780\" \/>\n\t<meta property=\"og:image:height\" content=\"500\" \/>\n\t<meta property=\"og:image:type\" content=\"image\/jpeg\" \/>\n<meta name=\"author\" content=\"i l\" \/>\n<meta name=\"twitter:card\" content=\"summary_large_image\" \/>\n<meta name=\"twitter:label1\" content=\"Written by\" \/>\n\t<meta name=\"twitter:data1\" content=\"i l\" \/>\n\t<meta name=\"twitter:label2\" content=\"Est. reading time\" \/>\n\t<meta name=\"twitter:data2\" content=\"2 minutes\" \/>\n<script type=\"application\/ld+json\" class=\"yoast-schema-graph\">{\"@context\":\"https:\\\/\\\/schema.org\",\"@graph\":[{\"@type\":\"Article\",\"@id\":\"https:\\\/\\\/kosovatimes.info\\\/index.php\\\/2026\\\/09\\\/02\\\/rritet-per-83-3-numri-i-rasteve-te-raportuara-per-te-shtenat-festive\\\/#article\",\"isPartOf\":{\"@id\":\"https:\\\/\\\/kosovatimes.info\\\/index.php\\\/2026\\\/09\\\/02\\\/rritet-per-83-3-numri-i-rasteve-te-raportuara-per-te-shtenat-festive\\\/\"},\"author\":{\"name\":\"i l\",\"@id\":\"https:\\\/\\\/kosovatimes.info\\\/#\\\/schema\\\/person\\\/7586712b9c512fe68085de007378c915\"},\"headline\":\"Rritet p\u00ebr 83.3% numri i rasteve t\u00eb raportuara p\u00ebr t\u00eb sht\u00ebnat festive\",\"datePublished\":\"2026-09-02T11:47:00+00:00\",\"dateModified\":\"2026-09-02T13:48:11+00:00\",\"mainEntityOfPage\":{\"@id\":\"https:\\\/\\\/kosovatimes.info\\\/index.php\\\/2026\\\/09\\\/02\\\/rritet-per-83-3-numri-i-rasteve-te-raportuara-per-te-shtenat-festive\\\/\"},\"wordCount\":339,\"commentCount\":0,\"image\":{\"@id\":\"https:\\\/\\\/kosovatimes.info\\\/index.php\\\/2026\\\/09\\\/02\\\/rritet-per-83-3-numri-i-rasteve-te-raportuara-per-te-shtenat-festive\\\/#primaryimage\"},\"thumbnailUrl\":\"https:\\\/\\\/kosovatimes.info\\\/wp-content\\\/uploads\\\/2026\\\/09\\\/policia-2.jpg\",\"articleSection\":[\"Kosov\u00eb\",\"Lajme\"],\"inLanguage\":\"en-US\",\"potentialAction\":[{\"@type\":\"CommentAction\",\"name\":\"Comment\",\"target\":[\"https:\\\/\\\/kosovatimes.info\\\/index.php\\\/2026\\\/09\\\/02\\\/rritet-per-83-3-numri-i-rasteve-te-raportuara-per-te-shtenat-festive\\\/#respond\"]}]},{\"@type\":\"WebPage\",\"@id\":\"https:\\\/\\\/kosovatimes.info\\\/index.php\\\/2026\\\/09\\\/02\\\/rritet-per-83-3-numri-i-rasteve-te-raportuara-per-te-shtenat-festive\\\/\",\"url\":\"https:\\\/\\\/kosovatimes.info\\\/index.php\\\/2026\\\/09\\\/02\\\/rritet-per-83-3-numri-i-rasteve-te-raportuara-per-te-shtenat-festive\\\/\",\"name\":\"Rritet p\u00ebr 83.3% numri i rasteve t\u00eb raportuara p\u00ebr t\u00eb sht\u00ebnat festive - Kosova Times\",\"isPartOf\":{\"@id\":\"https:\\\/\\\/kosovatimes.info\\\/#website\"},\"primaryImageOfPage\":{\"@id\":\"https:\\\/\\\/kosovatimes.info\\\/index.php\\\/2026\\\/09\\\/02\\\/rritet-per-83-3-numri-i-rasteve-te-raportuara-per-te-shtenat-festive\\\/#primaryimage\"},\"image\":{\"@id\":\"https:\\\/\\\/kosovatimes.info\\\/index.php\\\/2026\\\/09\\\/02\\\/rritet-per-83-3-numri-i-rasteve-te-raportuara-per-te-shtenat-festive\\\/#primaryimage\"},\"thumbnailUrl\":\"https:\\\/\\\/kosovatimes.info\\\/wp-content\\\/uploads\\\/2026\\\/09\\\/policia-2.jpg\",\"datePublished\":\"2026-09-02T11:47:00+00:00\",\"dateModified\":\"2026-09-02T13:48:11+00:00\",\"author\":{\"@id\":\"https:\\\/\\\/kosovatimes.info\\\/#\\\/schema\\\/person\\\/7586712b9c512fe68085de007378c915\"},\"breadcrumb\":{\"@id\":\"https:\\\/\\\/kosovatimes.info\\\/index.php\\\/2026\\\/09\\\/02\\\/rritet-per-83-3-numri-i-rasteve-te-raportuara-per-te-shtenat-festive\\\/#breadcrumb\"},\"inLanguage\":\"en-US\",\"potentialAction\":[{\"@type\":\"ReadAction\",\"target\":[\"https:\\\/\\\/kosovatimes.info\\\/index.php\\\/2026\\\/09\\\/02\\\/rritet-per-83-3-numri-i-rasteve-te-raportuara-per-te-shtenat-festive\\\/\"]}]},{\"@type\":\"ImageObject\",\"inLanguage\":\"en-US\",\"@id\":\"https:\\\/\\\/kosovatimes.info\\\/index.php\\\/2026\\\/09\\\/02\\\/rritet-per-83-3-numri-i-rasteve-te-raportuara-per-te-shtenat-festive\\\/#primaryimage\",\"url\":\"https:\\\/\\\/kosovatimes.info\\\/wp-content\\\/uploads\\\/2026\\\/09\\\/policia-2.jpg\",\"contentUrl\":\"https:\\\/\\\/kosovatimes.info\\\/wp-content\\\/uploads\\\/2026\\\/09\\\/policia-2.jpg\",\"width\":780,\"height\":500},{\"@type\":\"BreadcrumbList\",\"@id\":\"https:\\\/\\\/kosovatimes.info\\\/index.php\\\/2026\\\/09\\\/02\\\/rritet-per-83-3-numri-i-rasteve-te-raportuara-per-te-shtenat-festive\\\/#breadcrumb\",\"itemListElement\":[{\"@type\":\"ListItem\",\"position\":1,\"name\":\"Home\",\"item\":\"https:\\\/\\\/kosovatimes.info\\\/\"},{\"@type\":\"ListItem\",\"position\":2,\"name\":\"Rritet p\u00ebr 83.3% numri i rasteve t\u00eb raportuara p\u00ebr t\u00eb sht\u00ebnat festive\"}]},{\"@type\":\"WebSite\",\"@id\":\"https:\\\/\\\/kosovatimes.info\\\/#website\",\"url\":\"https:\\\/\\\/kosovatimes.info\\\/\",\"name\":\"Kosova Times\",\"description\":\"\",\"potentialAction\":[{\"@type\":\"SearchAction\",\"target\":{\"@type\":\"EntryPoint\",\"urlTemplate\":\"https:\\\/\\\/kosovatimes.info\\\/?s={search_term_string}\"},\"query-input\":{\"@type\":\"PropertyValueSpecification\",\"valueRequired\":true,\"valueName\":\"search_term_string\"}}],\"inLanguage\":\"en-US\"},{\"@type\":\"Person\",\"@id\":\"https:\\\/\\\/kosovatimes.info\\\/#\\\/schema\\\/person\\\/7586712b9c512fe68085de007378c915\",\"name\":\"i l\",\"image\":{\"@type\":\"ImageObject\",\"inLanguage\":\"en-US\",\"@id\":\"https:\\\/\\\/secure.gravatar.com\\\/avatar\\\/bad9296e02816160ae2e2435beda58222022298d5625d49fea74d18816fbb31d?s=96&d=mm&r=g\",\"url\":\"https:\\\/\\\/secure.gravatar.com\\\/avatar\\\/bad9296e02816160ae2e2435beda58222022298d5625d49fea74d18816fbb31d?s=96&d=mm&r=g\",\"contentUrl\":\"https:\\\/\\\/secure.gravatar.com\\\/avatar\\\/bad9296e02816160ae2e2435beda58222022298d5625d49fea74d18816fbb31d?s=96&d=mm&r=g\",\"caption\":\"i l\"},\"url\":\"https:\\\/\\\/kosovatimes.info\\\/index.php\\\/author\\\/iliri\\\/\"}]}<\/script>\n<!-- \/ Yoast SEO plugin. -->","yoast_head_json":{"title":"Rritet p\u00ebr 83.3% numri i rasteve t\u00eb raportuara p\u00ebr t\u00eb sht\u00ebnat festive - Kosova Times","robots":{"index":"index","follow":"follow","max-snippet":"max-snippet:-1","max-image-preview":"max-image-preview:large","max-video-preview":"max-video-preview:-1"},"canonical":"https:\/\/kosovatimes.info\/index.php\/2026\/09\/02\/rritet-per-83-3-numri-i-rasteve-te-raportuara-per-te-shtenat-festive\/","og_locale":"en_US","og_type":"article","og_title":"Rritet p\u00ebr 83.3% numri i rasteve t\u00eb raportuara p\u00ebr t\u00eb sht\u00ebnat festive - Kosova Times","og_description":"Ministria e Pun\u00ebve t\u00eb Brendshme mbajti takim lidhur me zbatimin e fushat\u00ebs \u201cFesto me zem\u00ebr, jo me arm\u00eb\u201d dhe intensifikimin e aktiviteteve n\u00eb bashk\u00ebsi me an\u00ebtar\u00ebt e forumeve t\u00eb siguris\u00eb s\u00eb qyteteve t\u00eb rajonit t\u00eb Prishtin\u00ebs. Sipas njoftimit, takimin e hapi z\u00ebvend\u00ebsministri i Pun\u00ebve t\u00eb Brendshme dhe Koordinatori Komb\u00ebtar i Strategjis\u00eb p\u00ebr Arm\u00eb t\u00eb Vogla [&hellip;]","og_url":"https:\/\/kosovatimes.info\/index.php\/2026\/09\/02\/rritet-per-83-3-numri-i-rasteve-te-raportuara-per-te-shtenat-festive\/","og_site_name":"Kosova Times","article_published_time":"2026-09-02T11:47:00+00:00","article_modified_time":"2026-09-02T13:48:11+00:00","og_image":[{"width":780,"height":500,"url":"https:\/\/kosovatimes.info\/wp-content\/uploads\/2026\/09\/policia-2.jpg","type":"image\/jpeg"}],"author":"i l","twitter_card":"summary_large_image","twitter_misc":{"Written by":"i l","Est. reading time":"2 minutes"},"schema":{"@context":"https:\/\/schema.org","@graph":[{"@type":"Article","@id":"https:\/\/kosovatimes.info\/index.php\/2026\/09\/02\/rritet-per-83-3-numri-i-rasteve-te-raportuara-per-te-shtenat-festive\/#article","isPartOf":{"@id":"https:\/\/kosovatimes.info\/index.php\/2026\/09\/02\/rritet-per-83-3-numri-i-rasteve-te-raportuara-per-te-shtenat-festive\/"},"author":{"name":"i l","@id":"https:\/\/kosovatimes.info\/#\/schema\/person\/7586712b9c512fe68085de007378c915"},"headline":"Rritet p\u00ebr 83.3% numri i rasteve t\u00eb raportuara p\u00ebr t\u00eb sht\u00ebnat festive","datePublished":"2026-09-02T11:47:00+00:00","dateModified":"2026-09-02T13:48:11+00:00","mainEntityOfPage":{"@id":"https:\/\/kosovatimes.info\/index.php\/2026\/09\/02\/rritet-per-83-3-numri-i-rasteve-te-raportuara-per-te-shtenat-festive\/"},"wordCount":339,"commentCount":0,"image":{"@id":"https:\/\/kosovatimes.info\/index.php\/2026\/09\/02\/rritet-per-83-3-numri-i-rasteve-te-raportuara-per-te-shtenat-festive\/#primaryimage"},"thumbnailUrl":"https:\/\/kosovatimes.info\/wp-content\/uploads\/2026\/09\/policia-2.jpg","articleSection":["Kosov\u00eb","Lajme"],"inLanguage":"en-US","potentialAction":[{"@type":"CommentAction","name":"Comment","target":["https:\/\/kosovatimes.info\/index.php\/2026\/09\/02\/rritet-per-83-3-numri-i-rasteve-te-raportuara-per-te-shtenat-festive\/#respond"]}]},{"@type":"WebPage","@id":"https:\/\/kosovatimes.info\/index.php\/2026\/09\/02\/rritet-per-83-3-numri-i-rasteve-te-raportuara-per-te-shtenat-festive\/","url":"https:\/\/kosovatimes.info\/index.php\/2026\/09\/02\/rritet-per-83-3-numri-i-rasteve-te-raportuara-per-te-shtenat-festive\/","name":"Rritet p\u00ebr 83.3% numri i rasteve t\u00eb raportuara p\u00ebr t\u00eb sht\u00ebnat festive - Kosova Times","isPartOf":{"@id":"https:\/\/kosovatimes.info\/#website"},"primaryImageOfPage":{"@id":"https:\/\/kosovatimes.info\/index.php\/2026\/09\/02\/rritet-per-83-3-numri-i-rasteve-te-raportuara-per-te-shtenat-festive\/#primaryimage"},"image":{"@id":"https:\/\/kosovatimes.info\/index.php\/2026\/09\/02\/rritet-per-83-3-numri-i-rasteve-te-raportuara-per-te-shtenat-festive\/#primaryimage"},"thumbnailUrl":"https:\/\/kosovatimes.info\/wp-content\/uploads\/2026\/09\/policia-2.jpg","datePublished":"2026-09-02T11:47:00+00:00","dateModified":"2026-09-02T13:48:11+00:00","author":{"@id":"https:\/\/kosovatimes.info\/#\/schema\/person\/7586712b9c512fe68085de007378c915"},"breadcrumb":{"@id":"https:\/\/kosovatimes.info\/index.php\/2026\/09\/02\/rritet-per-83-3-numri-i-rasteve-te-raportuara-per-te-shtenat-festive\/#breadcrumb"},"inLanguage":"en-US","potentialAction":[{"@type":"ReadAction","target":["https:\/\/kosovatimes.info\/index.php\/2026\/09\/02\/rritet-per-83-3-numri-i-rasteve-te-raportuara-per-te-shtenat-festive\/"]}]},{"@type":"ImageObject","inLanguage":"en-US","@id":"https:\/\/kosovatimes.info\/index.php\/2026\/09\/02\/rritet-per-83-3-numri-i-rasteve-te-raportuara-per-te-shtenat-festive\/#primaryimage","url":"https:\/\/kosovatimes.info\/wp-content\/uploads\/2026\/09\/policia-2.jpg","contentUrl":"https:\/\/kosovatimes.info\/wp-content\/uploads\/2026\/09\/policia-2.jpg","width":780,"height":500},{"@type":"BreadcrumbList","@id":"https:\/\/kosovatimes.info\/index.php\/2026\/09\/02\/rritet-per-83-3-numri-i-rasteve-te-raportuara-per-te-shtenat-festive\/#breadcrumb","itemListElement":[{"@type":"ListItem","position":1,"name":"Home","item":"https:\/\/kosovatimes.info\/"},{"@type":"ListItem","position":2,"name":"Rritet p\u00ebr 83.3% numri i rasteve t\u00eb raportuara p\u00ebr t\u00eb sht\u00ebnat festive"}]},{"@type":"WebSite","@id":"https:\/\/kosovatimes.info\/#website","url":"https:\/\/kosovatimes.info\/","name":"Kosova Times","description":"","potentialAction":[{"@type":"SearchAction","target":{"@type":"EntryPoint","urlTemplate":"https:\/\/kosovatimes.info\/?s={search_term_string}"},"query-input":{"@type":"PropertyValueSpecification","valueRequired":true,"valueName":"search_term_string"}}],"inLanguage":"en-US"},{"@type":"Person","@id":"https:\/\/kosovatimes.info\/#\/schema\/person\/7586712b9c512fe68085de007378c915","name":"i l","image":{"@type":"ImageObject","inLanguage":"en-US","@id":"https:\/\/secure.gravatar.com\/avatar\/bad9296e02816160ae2e2435beda58222022298d5625d49fea74d18816fbb31d?s=96&d=mm&r=g","url":"https:\/\/secure.gravatar.com\/avatar\/bad9296e02816160ae2e2435beda58222022298d5625d49fea74d18816fbb31d?s=96&d=mm&r=g","contentUrl":"https:\/\/secure.gravatar.com\/avatar\/bad9296e02816160ae2e2435beda58222022298d5625d49fea74d18816fbb31d?s=96&d=mm&r=g","caption":"i l"},"url":"https:\/\/kosovatimes.info\/index.php\/author\/iliri\/"}]}},"_links":{"self":[{"href":"https:\/\/kosovatimes.info\/index.php\/wp-json\/wp\/v2\/posts\/30617","targetHints":{"allow":["GET"]}}],"collection":[{"href":"https:\/\/kosovatimes.info\/index.php\/wp-json\/wp\/v2\/posts"}],"about":[{"href":"https:\/\/kosovatimes.info\/index.php\/wp-json\/wp\/v2\/types\/post"}],"author":[{"embeddable":true,"href":"https:\/\/kosovatimes.info\/index.php\/wp-json\/wp\/v2\/users\/4"}],"replies":[{"embeddable":true,"href":"https:\/\/kosovatimes.info\/index.php\/wp-json\/wp\/v2\/comments?post=30617"}],"version-history":[{"count":1,"href":"https:\/\/kosovatimes.info\/index.php\/wp-json\/wp\/v2\/posts\/30617\/revisions"}],"predecessor-version":[{"id":30619,"href":"https:\/\/kosovatimes.info\/index.php\/wp-json\/wp\/v2\/posts\/30617\/revisions\/30619"}],"wp:featuredmedia":[{"embeddable":true,"href":"https:\/\/kosovatimes.info\/index.php\/wp-json\/wp\/v2\/media\/30618"}],"wp:attachment":[{"href":"https:\/\/kosovatimes.info\/index.php\/wp-json\/wp\/v2\/media?parent=30617"}],"wp:term":[{"taxonomy":"category","embeddable":true,"href":"https:\/\/kosovatimes.info\/index.php\/wp-json\/wp\/v2\/categories?post=30617"},{"taxonomy":"post_tag","embeddable":true,"href":"https:\/\/kosovatimes.info\/index.php\/wp-json\/wp\/v2\/tags?post=30617"}],"curies":[{"name":"wp","href":"https:\/\/api.w.org\/{rel}","templated":true}]}}