{"id":30626,"date":"2026-09-02T11:18:00","date_gmt":"2026-09-02T09:18:00","guid":{"rendered":"https:\/\/kosovatimes.info\/?p=30626"},"modified":"2026-09-02T15:52:01","modified_gmt":"2026-09-02T13:52:01","slug":"abdixhiku-i-ashper-ndaj-6-deputeteve-veprimi-juaj-i-shkaktoi-dem-vetem-ldk-se","status":"publish","type":"post","link":"https:\/\/kosovatimes.info\/index.php\/2026\/09\/02\/abdixhiku-i-ashper-ndaj-6-deputeteve-veprimi-juaj-i-shkaktoi-dem-vetem-ldk-se\/","title":{"rendered":"Abdixhiku i ashp\u00ebr ndaj 6 deputet\u00ebve: Veprimi juaj i shkaktoi d\u00ebm vet\u00ebm LDK-s\u00eb"},"content":{"rendered":"\n<p class=\"wp-block-paragraph\"><strong>Kryetari i Lidhjes Demokratike t\u00eb Kosov\u00ebs, Lumir Abdixhiku, ka reaguar ndaj 6 deputet\u00ebve t\u00eb partis\u00eb s\u00eb tij, t\u00eb cil\u00ebt dje dol\u00ebn kund\u00ebr kandidatur\u00ebs s\u00eb Bekim Sejdiut p\u00ebr president t\u00eb vendit, kandidatur\u00eb e propozuar dhe dakorduar nga LDK n\u00eb negociatat me L\u00ebvizjen Vet\u00ebvendosje.<\/strong><\/p>\n\n\n\n<p class=\"wp-block-paragraph\">I pari i LDK-s\u00eb ka th\u00ebn\u00eb se LDK-ja kishte vendosur t\u00eb q\u00ebndronte n\u00eb opozit\u00eb dhe se, sipas tij, t\u00eb gjith\u00eb deputet\u00ebt e k\u00ebsaj partie ishin pajtuar me k\u00ebt\u00eb q\u00ebndrim.<\/p>\n\n\n\n<p class=\"wp-block-paragraph\">\u201cDje nuk u refuzua asnj\u00eb marr\u00ebveshje qeveris\u00ebse me VV-n\u00eb, sepse nj\u00eb marr\u00ebveshje e till\u00eb nuk ekzistonte. LDK-ja kishte vendosur t\u00eb q\u00ebndronte n\u00eb opozit\u00eb. T\u00eb gjith\u00eb deputet\u00ebt tan\u00eb ishin pajtuar me k\u00ebt\u00eb pozicion. Prandaj, p\u00ebr \u00e7far\u00eb po rrahin gjoks? \u00c7far\u00eb paskan shp\u00ebtuar? Dje u refuzua zgjidhja e Presidentit t\u00eb Kosov\u00ebs. U refuzua votimi i kandidatit t\u00eb propozuar nga LDK-ja dhe, me k\u00ebt\u00eb refuzim, u p\u00ebrcaktua edhe fati i vendit, zgjedhje t\u00eb reja\u201d, ka shkruar Abdixhiku.<\/p>\n\n\n\n<p class=\"wp-block-paragraph\">Ai ka kritikuar gjasht\u00eb deputet\u00eb e LDK-s\u00eb p\u00ebr q\u00ebndrimin e tyre, duke th\u00ebn\u00eb se veprimi i tyre, sipas tij, i ka shkaktuar d\u00ebm vet\u00eb partis\u00eb.<\/p>\n\n\n\n<p class=\"wp-block-paragraph\">\u201cD\u00ebm mund t\u00eb b\u00ebj\u00eb \u00e7do kush. P\u00ebr k\u00ebt\u00eb, ja dora! Por si\u00e7 ju kam th\u00ebn\u00eb n\u00eb vitin 2020, kur u verbuat dhe soll\u00ebt LDK-n\u00eb n\u00eb 12%; po ju them dhe tani, ky veprim \u00ebsht\u00eb d\u00ebm vet\u00ebm ndaj LDK-s\u00eb. Se si nuk e shihni k\u00ebt\u00eb, se si nuk ndjeni k\u00ebt\u00eb fat, se si ndiheni t\u00eb p\u00ebrmbushur nga l\u00ebvdatat e atyre q\u00eb gjith\u00eb jet\u00ebn jan\u00eb anti-LDK, k\u00ebt\u00eb nuk e kuptoj\u201d, ka shtuar Abdixhiku.<\/p>\n\n\n\n<p class=\"wp-block-paragraph\">Ai ka deklaruar gjithashtu se zgjedhjet e reja nuk kan\u00eb qen\u00eb pjes\u00eb e agjend\u00ebs s\u00eb LDK-s\u00eb dhe se ato nuk kan\u00eb qen\u00eb as k\u00ebrkes\u00eb e as vendim i an\u00ebtar\u00ebsis\u00eb s\u00eb k\u00ebsaj partie.<\/p>\n\n\n\n<p class=\"wp-block-paragraph\">\u201cPor tash e sa muaj, ato kan\u00eb qen\u00eb agjend\u00eb e qart\u00eb e grupeve t\u00eb tjera politike, t\u00eb cilat, si\u00e7 duket, tashm\u00eb po ndikojn\u00eb edhe n\u00eb rrjedhat tona me sukses. P\u00ebr k\u00ebt\u00eb ndiej vet\u00ebm keqardhje! Por jo dor\u00ebzim. Jemi shum\u00eb. Jemi n\u00eb t\u00eb drejt\u00eb. E kemi detyrim. Republika megjithat\u00eb do t\u00eb triumfoj\u00eb\u201d, ka n\u00ebnvizuar kreu i LDK-s\u00eb.<\/p>\n","protected":false},"excerpt":{"rendered":"<p>Kryetari i Lidhjes Demokratike t\u00eb Kosov\u00ebs, Lumir Abdixhiku, ka reaguar ndaj 6 deputet\u00ebve t\u00eb partis\u00eb s\u00eb tij, t\u00eb cil\u00ebt dje dol\u00ebn kund\u00ebr kandidatur\u00ebs s\u00eb Bekim Sejdiut p\u00ebr president t\u00eb vendit, kandidatur\u00eb e propozuar dhe dakorduar nga LDK n\u00eb negociatat me L\u00ebvizjen Vet\u00ebvendosje. I pari i LDK-s\u00eb ka th\u00ebn\u00eb se LDK-ja kishte vendosur t\u00eb q\u00ebndronte n\u00eb [&hellip;]<\/p>\n","protected":false},"author":4,"featured_media":30627,"comment_status":"open","ping_status":"open","sticky":false,"template":"","format":"standard","meta":{"footnotes":""},"categories":[31,30],"tags":[],"class_list":["post-30626","post","type-post","status-publish","format-standard","has-post-thumbnail","category-kosove","category-lajme"],"yoast_head":"<!-- This site is optimized with the Yoast SEO plugin v27.4 - https:\/\/yoast.com\/product\/yoast-seo-wordpress\/ -->\n<title>Abdixhiku i ashp\u00ebr ndaj 6 deputet\u00ebve: Veprimi juaj i shkaktoi d\u00ebm vet\u00ebm LDK-s\u00eb - Kosova Times<\/title>\n<meta name=\"robots\" content=\"index, follow, max-snippet:-1, max-image-preview:large, max-video-preview:-1\" \/>\n<link rel=\"canonical\" href=\"https:\/\/kosovatimes.info\/index.php\/2026\/09\/02\/abdixhiku-i-ashper-ndaj-6-deputeteve-veprimi-juaj-i-shkaktoi-dem-vetem-ldk-se\/\" \/>\n<meta property=\"og:locale\" content=\"en_US\" \/>\n<meta property=\"og:type\" content=\"article\" \/>\n<meta property=\"og:title\" content=\"Abdixhiku i ashp\u00ebr ndaj 6 deputet\u00ebve: Veprimi juaj i shkaktoi d\u00ebm vet\u00ebm LDK-s\u00eb - Kosova Times\" \/>\n<meta property=\"og:description\" content=\"Kryetari i Lidhjes Demokratike t\u00eb Kosov\u00ebs, Lumir Abdixhiku, ka reaguar ndaj 6 deputet\u00ebve t\u00eb partis\u00eb s\u00eb tij, t\u00eb cil\u00ebt dje dol\u00ebn kund\u00ebr kandidatur\u00ebs s\u00eb Bekim Sejdiut p\u00ebr president t\u00eb vendit, kandidatur\u00eb e propozuar dhe dakorduar nga LDK n\u00eb negociatat me L\u00ebvizjen Vet\u00ebvendosje. I pari i LDK-s\u00eb ka th\u00ebn\u00eb se LDK-ja kishte vendosur t\u00eb q\u00ebndronte n\u00eb [&hellip;]\" \/>\n<meta property=\"og:url\" content=\"https:\/\/kosovatimes.info\/index.php\/2026\/09\/02\/abdixhiku-i-ashper-ndaj-6-deputeteve-veprimi-juaj-i-shkaktoi-dem-vetem-ldk-se\/\" \/>\n<meta property=\"og:site_name\" content=\"Kosova Times\" \/>\n<meta property=\"article:published_time\" content=\"2026-09-02T09:18:00+00:00\" \/>\n<meta property=\"article:modified_time\" content=\"2026-09-02T13:52:01+00:00\" \/>\n<meta property=\"og:image\" content=\"https:\/\/kosovatimes.info\/wp-content\/uploads\/2026\/09\/Lumir.jpg\" \/>\n\t<meta property=\"og:image:width\" content=\"780\" \/>\n\t<meta property=\"og:image:height\" content=\"500\" \/>\n\t<meta property=\"og:image:type\" content=\"image\/jpeg\" \/>\n<meta name=\"author\" content=\"i l\" \/>\n<meta name=\"twitter:card\" content=\"summary_large_image\" \/>\n<meta name=\"twitter:label1\" content=\"Written by\" \/>\n\t<meta name=\"twitter:data1\" content=\"i l\" \/>\n\t<meta name=\"twitter:label2\" content=\"Est. reading time\" \/>\n\t<meta name=\"twitter:data2\" content=\"1 minute\" \/>\n<script type=\"application\/ld+json\" class=\"yoast-schema-graph\">{\"@context\":\"https:\\\/\\\/schema.org\",\"@graph\":[{\"@type\":\"Article\",\"@id\":\"https:\\\/\\\/kosovatimes.info\\\/index.php\\\/2026\\\/09\\\/02\\\/abdixhiku-i-ashper-ndaj-6-deputeteve-veprimi-juaj-i-shkaktoi-dem-vetem-ldk-se\\\/#article\",\"isPartOf\":{\"@id\":\"https:\\\/\\\/kosovatimes.info\\\/index.php\\\/2026\\\/09\\\/02\\\/abdixhiku-i-ashper-ndaj-6-deputeteve-veprimi-juaj-i-shkaktoi-dem-vetem-ldk-se\\\/\"},\"author\":{\"name\":\"i l\",\"@id\":\"https:\\\/\\\/kosovatimes.info\\\/#\\\/schema\\\/person\\\/7586712b9c512fe68085de007378c915\"},\"headline\":\"Abdixhiku i ashp\u00ebr ndaj 6 deputet\u00ebve: Veprimi juaj i shkaktoi d\u00ebm vet\u00ebm LDK-s\u00eb\",\"datePublished\":\"2026-09-02T09:18:00+00:00\",\"dateModified\":\"2026-09-02T13:52:01+00:00\",\"mainEntityOfPage\":{\"@id\":\"https:\\\/\\\/kosovatimes.info\\\/index.php\\\/2026\\\/09\\\/02\\\/abdixhiku-i-ashper-ndaj-6-deputeteve-veprimi-juaj-i-shkaktoi-dem-vetem-ldk-se\\\/\"},\"wordCount\":396,\"commentCount\":0,\"image\":{\"@id\":\"https:\\\/\\\/kosovatimes.info\\\/index.php\\\/2026\\\/09\\\/02\\\/abdixhiku-i-ashper-ndaj-6-deputeteve-veprimi-juaj-i-shkaktoi-dem-vetem-ldk-se\\\/#primaryimage\"},\"thumbnailUrl\":\"https:\\\/\\\/kosovatimes.info\\\/wp-content\\\/uploads\\\/2026\\\/09\\\/Lumir.jpg\",\"articleSection\":[\"Kosov\u00eb\",\"Lajme\"],\"inLanguage\":\"en-US\",\"potentialAction\":[{\"@type\":\"CommentAction\",\"name\":\"Comment\",\"target\":[\"https:\\\/\\\/kosovatimes.info\\\/index.php\\\/2026\\\/09\\\/02\\\/abdixhiku-i-ashper-ndaj-6-deputeteve-veprimi-juaj-i-shkaktoi-dem-vetem-ldk-se\\\/#respond\"]}]},{\"@type\":\"WebPage\",\"@id\":\"https:\\\/\\\/kosovatimes.info\\\/index.php\\\/2026\\\/09\\\/02\\\/abdixhiku-i-ashper-ndaj-6-deputeteve-veprimi-juaj-i-shkaktoi-dem-vetem-ldk-se\\\/\",\"url\":\"https:\\\/\\\/kosovatimes.info\\\/index.php\\\/2026\\\/09\\\/02\\\/abdixhiku-i-ashper-ndaj-6-deputeteve-veprimi-juaj-i-shkaktoi-dem-vetem-ldk-se\\\/\",\"name\":\"Abdixhiku i ashp\u00ebr ndaj 6 deputet\u00ebve: Veprimi juaj i shkaktoi d\u00ebm vet\u00ebm LDK-s\u00eb - Kosova Times\",\"isPartOf\":{\"@id\":\"https:\\\/\\\/kosovatimes.info\\\/#website\"},\"primaryImageOfPage\":{\"@id\":\"https:\\\/\\\/kosovatimes.info\\\/index.php\\\/2026\\\/09\\\/02\\\/abdixhiku-i-ashper-ndaj-6-deputeteve-veprimi-juaj-i-shkaktoi-dem-vetem-ldk-se\\\/#primaryimage\"},\"image\":{\"@id\":\"https:\\\/\\\/kosovatimes.info\\\/index.php\\\/2026\\\/09\\\/02\\\/abdixhiku-i-ashper-ndaj-6-deputeteve-veprimi-juaj-i-shkaktoi-dem-vetem-ldk-se\\\/#primaryimage\"},\"thumbnailUrl\":\"https:\\\/\\\/kosovatimes.info\\\/wp-content\\\/uploads\\\/2026\\\/09\\\/Lumir.jpg\",\"datePublished\":\"2026-09-02T09:18:00+00:00\",\"dateModified\":\"2026-09-02T13:52:01+00:00\",\"author\":{\"@id\":\"https:\\\/\\\/kosovatimes.info\\\/#\\\/schema\\\/person\\\/7586712b9c512fe68085de007378c915\"},\"breadcrumb\":{\"@id\":\"https:\\\/\\\/kosovatimes.info\\\/index.php\\\/2026\\\/09\\\/02\\\/abdixhiku-i-ashper-ndaj-6-deputeteve-veprimi-juaj-i-shkaktoi-dem-vetem-ldk-se\\\/#breadcrumb\"},\"inLanguage\":\"en-US\",\"potentialAction\":[{\"@type\":\"ReadAction\",\"target\":[\"https:\\\/\\\/kosovatimes.info\\\/index.php\\\/2026\\\/09\\\/02\\\/abdixhiku-i-ashper-ndaj-6-deputeteve-veprimi-juaj-i-shkaktoi-dem-vetem-ldk-se\\\/\"]}]},{\"@type\":\"ImageObject\",\"inLanguage\":\"en-US\",\"@id\":\"https:\\\/\\\/kosovatimes.info\\\/index.php\\\/2026\\\/09\\\/02\\\/abdixhiku-i-ashper-ndaj-6-deputeteve-veprimi-juaj-i-shkaktoi-dem-vetem-ldk-se\\\/#primaryimage\",\"url\":\"https:\\\/\\\/kosovatimes.info\\\/wp-content\\\/uploads\\\/2026\\\/09\\\/Lumir.jpg\",\"contentUrl\":\"https:\\\/\\\/kosovatimes.info\\\/wp-content\\\/uploads\\\/2026\\\/09\\\/Lumir.jpg\",\"width\":780,\"height\":500},{\"@type\":\"BreadcrumbList\",\"@id\":\"https:\\\/\\\/kosovatimes.info\\\/index.php\\\/2026\\\/09\\\/02\\\/abdixhiku-i-ashper-ndaj-6-deputeteve-veprimi-juaj-i-shkaktoi-dem-vetem-ldk-se\\\/#breadcrumb\",\"itemListElement\":[{\"@type\":\"ListItem\",\"position\":1,\"name\":\"Home\",\"item\":\"https:\\\/\\\/kosovatimes.info\\\/\"},{\"@type\":\"ListItem\",\"position\":2,\"name\":\"Abdixhiku i ashp\u00ebr ndaj 6 deputet\u00ebve: Veprimi juaj i shkaktoi d\u00ebm vet\u00ebm LDK-s\u00eb\"}]},{\"@type\":\"WebSite\",\"@id\":\"https:\\\/\\\/kosovatimes.info\\\/#website\",\"url\":\"https:\\\/\\\/kosovatimes.info\\\/\",\"name\":\"Kosova Times\",\"description\":\"\",\"potentialAction\":[{\"@type\":\"SearchAction\",\"target\":{\"@type\":\"EntryPoint\",\"urlTemplate\":\"https:\\\/\\\/kosovatimes.info\\\/?s={search_term_string}\"},\"query-input\":{\"@type\":\"PropertyValueSpecification\",\"valueRequired\":true,\"valueName\":\"search_term_string\"}}],\"inLanguage\":\"en-US\"},{\"@type\":\"Person\",\"@id\":\"https:\\\/\\\/kosovatimes.info\\\/#\\\/schema\\\/person\\\/7586712b9c512fe68085de007378c915\",\"name\":\"i l\",\"image\":{\"@type\":\"ImageObject\",\"inLanguage\":\"en-US\",\"@id\":\"https:\\\/\\\/secure.gravatar.com\\\/avatar\\\/bad9296e02816160ae2e2435beda58222022298d5625d49fea74d18816fbb31d?s=96&d=mm&r=g\",\"url\":\"https:\\\/\\\/secure.gravatar.com\\\/avatar\\\/bad9296e02816160ae2e2435beda58222022298d5625d49fea74d18816fbb31d?s=96&d=mm&r=g\",\"contentUrl\":\"https:\\\/\\\/secure.gravatar.com\\\/avatar\\\/bad9296e02816160ae2e2435beda58222022298d5625d49fea74d18816fbb31d?s=96&d=mm&r=g\",\"caption\":\"i l\"},\"url\":\"https:\\\/\\\/kosovatimes.info\\\/index.php\\\/author\\\/iliri\\\/\"}]}<\/script>\n<!-- \/ Yoast SEO plugin. -->","yoast_head_json":{"title":"Abdixhiku i ashp\u00ebr ndaj 6 deputet\u00ebve: Veprimi juaj i shkaktoi d\u00ebm vet\u00ebm LDK-s\u00eb - Kosova Times","robots":{"index":"index","follow":"follow","max-snippet":"max-snippet:-1","max-image-preview":"max-image-preview:large","max-video-preview":"max-video-preview:-1"},"canonical":"https:\/\/kosovatimes.info\/index.php\/2026\/09\/02\/abdixhiku-i-ashper-ndaj-6-deputeteve-veprimi-juaj-i-shkaktoi-dem-vetem-ldk-se\/","og_locale":"en_US","og_type":"article","og_title":"Abdixhiku i ashp\u00ebr ndaj 6 deputet\u00ebve: Veprimi juaj i shkaktoi d\u00ebm vet\u00ebm LDK-s\u00eb - Kosova Times","og_description":"Kryetari i Lidhjes Demokratike t\u00eb Kosov\u00ebs, Lumir Abdixhiku, ka reaguar ndaj 6 deputet\u00ebve t\u00eb partis\u00eb s\u00eb tij, t\u00eb cil\u00ebt dje dol\u00ebn kund\u00ebr kandidatur\u00ebs s\u00eb Bekim Sejdiut p\u00ebr president t\u00eb vendit, kandidatur\u00eb e propozuar dhe dakorduar nga LDK n\u00eb negociatat me L\u00ebvizjen Vet\u00ebvendosje. I pari i LDK-s\u00eb ka th\u00ebn\u00eb se LDK-ja kishte vendosur t\u00eb q\u00ebndronte n\u00eb [&hellip;]","og_url":"https:\/\/kosovatimes.info\/index.php\/2026\/09\/02\/abdixhiku-i-ashper-ndaj-6-deputeteve-veprimi-juaj-i-shkaktoi-dem-vetem-ldk-se\/","og_site_name":"Kosova Times","article_published_time":"2026-09-02T09:18:00+00:00","article_modified_time":"2026-09-02T13:52:01+00:00","og_image":[{"width":780,"height":500,"url":"https:\/\/kosovatimes.info\/wp-content\/uploads\/2026\/09\/Lumir.jpg","type":"image\/jpeg"}],"author":"i l","twitter_card":"summary_large_image","twitter_misc":{"Written by":"i l","Est. reading time":"1 minute"},"schema":{"@context":"https:\/\/schema.org","@graph":[{"@type":"Article","@id":"https:\/\/kosovatimes.info\/index.php\/2026\/09\/02\/abdixhiku-i-ashper-ndaj-6-deputeteve-veprimi-juaj-i-shkaktoi-dem-vetem-ldk-se\/#article","isPartOf":{"@id":"https:\/\/kosovatimes.info\/index.php\/2026\/09\/02\/abdixhiku-i-ashper-ndaj-6-deputeteve-veprimi-juaj-i-shkaktoi-dem-vetem-ldk-se\/"},"author":{"name":"i l","@id":"https:\/\/kosovatimes.info\/#\/schema\/person\/7586712b9c512fe68085de007378c915"},"headline":"Abdixhiku i ashp\u00ebr ndaj 6 deputet\u00ebve: Veprimi juaj i shkaktoi d\u00ebm vet\u00ebm LDK-s\u00eb","datePublished":"2026-09-02T09:18:00+00:00","dateModified":"2026-09-02T13:52:01+00:00","mainEntityOfPage":{"@id":"https:\/\/kosovatimes.info\/index.php\/2026\/09\/02\/abdixhiku-i-ashper-ndaj-6-deputeteve-veprimi-juaj-i-shkaktoi-dem-vetem-ldk-se\/"},"wordCount":396,"commentCount":0,"image":{"@id":"https:\/\/kosovatimes.info\/index.php\/2026\/09\/02\/abdixhiku-i-ashper-ndaj-6-deputeteve-veprimi-juaj-i-shkaktoi-dem-vetem-ldk-se\/#primaryimage"},"thumbnailUrl":"https:\/\/kosovatimes.info\/wp-content\/uploads\/2026\/09\/Lumir.jpg","articleSection":["Kosov\u00eb","Lajme"],"inLanguage":"en-US","potentialAction":[{"@type":"CommentAction","name":"Comment","target":["https:\/\/kosovatimes.info\/index.php\/2026\/09\/02\/abdixhiku-i-ashper-ndaj-6-deputeteve-veprimi-juaj-i-shkaktoi-dem-vetem-ldk-se\/#respond"]}]},{"@type":"WebPage","@id":"https:\/\/kosovatimes.info\/index.php\/2026\/09\/02\/abdixhiku-i-ashper-ndaj-6-deputeteve-veprimi-juaj-i-shkaktoi-dem-vetem-ldk-se\/","url":"https:\/\/kosovatimes.info\/index.php\/2026\/09\/02\/abdixhiku-i-ashper-ndaj-6-deputeteve-veprimi-juaj-i-shkaktoi-dem-vetem-ldk-se\/","name":"Abdixhiku i ashp\u00ebr ndaj 6 deputet\u00ebve: Veprimi juaj i shkaktoi d\u00ebm vet\u00ebm LDK-s\u00eb - Kosova Times","isPartOf":{"@id":"https:\/\/kosovatimes.info\/#website"},"primaryImageOfPage":{"@id":"https:\/\/kosovatimes.info\/index.php\/2026\/09\/02\/abdixhiku-i-ashper-ndaj-6-deputeteve-veprimi-juaj-i-shkaktoi-dem-vetem-ldk-se\/#primaryimage"},"image":{"@id":"https:\/\/kosovatimes.info\/index.php\/2026\/09\/02\/abdixhiku-i-ashper-ndaj-6-deputeteve-veprimi-juaj-i-shkaktoi-dem-vetem-ldk-se\/#primaryimage"},"thumbnailUrl":"https:\/\/kosovatimes.info\/wp-content\/uploads\/2026\/09\/Lumir.jpg","datePublished":"2026-09-02T09:18:00+00:00","dateModified":"2026-09-02T13:52:01+00:00","author":{"@id":"https:\/\/kosovatimes.info\/#\/schema\/person\/7586712b9c512fe68085de007378c915"},"breadcrumb":{"@id":"https:\/\/kosovatimes.info\/index.php\/2026\/09\/02\/abdixhiku-i-ashper-ndaj-6-deputeteve-veprimi-juaj-i-shkaktoi-dem-vetem-ldk-se\/#breadcrumb"},"inLanguage":"en-US","potentialAction":[{"@type":"ReadAction","target":["https:\/\/kosovatimes.info\/index.php\/2026\/09\/02\/abdixhiku-i-ashper-ndaj-6-deputeteve-veprimi-juaj-i-shkaktoi-dem-vetem-ldk-se\/"]}]},{"@type":"ImageObject","inLanguage":"en-US","@id":"https:\/\/kosovatimes.info\/index.php\/2026\/09\/02\/abdixhiku-i-ashper-ndaj-6-deputeteve-veprimi-juaj-i-shkaktoi-dem-vetem-ldk-se\/#primaryimage","url":"https:\/\/kosovatimes.info\/wp-content\/uploads\/2026\/09\/Lumir.jpg","contentUrl":"https:\/\/kosovatimes.info\/wp-content\/uploads\/2026\/09\/Lumir.jpg","width":780,"height":500},{"@type":"BreadcrumbList","@id":"https:\/\/kosovatimes.info\/index.php\/2026\/09\/02\/abdixhiku-i-ashper-ndaj-6-deputeteve-veprimi-juaj-i-shkaktoi-dem-vetem-ldk-se\/#breadcrumb","itemListElement":[{"@type":"ListItem","position":1,"name":"Home","item":"https:\/\/kosovatimes.info\/"},{"@type":"ListItem","position":2,"name":"Abdixhiku i ashp\u00ebr ndaj 6 deputet\u00ebve: Veprimi juaj i shkaktoi d\u00ebm vet\u00ebm LDK-s\u00eb"}]},{"@type":"WebSite","@id":"https:\/\/kosovatimes.info\/#website","url":"https:\/\/kosovatimes.info\/","name":"Kosova Times","description":"","potentialAction":[{"@type":"SearchAction","target":{"@type":"EntryPoint","urlTemplate":"https:\/\/kosovatimes.info\/?s={search_term_string}"},"query-input":{"@type":"PropertyValueSpecification","valueRequired":true,"valueName":"search_term_string"}}],"inLanguage":"en-US"},{"@type":"Person","@id":"https:\/\/kosovatimes.info\/#\/schema\/person\/7586712b9c512fe68085de007378c915","name":"i l","image":{"@type":"ImageObject","inLanguage":"en-US","@id":"https:\/\/secure.gravatar.com\/avatar\/bad9296e02816160ae2e2435beda58222022298d5625d49fea74d18816fbb31d?s=96&d=mm&r=g","url":"https:\/\/secure.gravatar.com\/avatar\/bad9296e02816160ae2e2435beda58222022298d5625d49fea74d18816fbb31d?s=96&d=mm&r=g","contentUrl":"https:\/\/secure.gravatar.com\/avatar\/bad9296e02816160ae2e2435beda58222022298d5625d49fea74d18816fbb31d?s=96&d=mm&r=g","caption":"i l"},"url":"https:\/\/kosovatimes.info\/index.php\/author\/iliri\/"}]}},"_links":{"self":[{"href":"https:\/\/kosovatimes.info\/index.php\/wp-json\/wp\/v2\/posts\/30626","targetHints":{"allow":["GET"]}}],"collection":[{"href":"https:\/\/kosovatimes.info\/index.php\/wp-json\/wp\/v2\/posts"}],"about":[{"href":"https:\/\/kosovatimes.info\/index.php\/wp-json\/wp\/v2\/types\/post"}],"author":[{"embeddable":true,"href":"https:\/\/kosovatimes.info\/index.php\/wp-json\/wp\/v2\/users\/4"}],"replies":[{"embeddable":true,"href":"https:\/\/kosovatimes.info\/index.php\/wp-json\/wp\/v2\/comments?post=30626"}],"version-history":[{"count":1,"href":"https:\/\/kosovatimes.info\/index.php\/wp-json\/wp\/v2\/posts\/30626\/revisions"}],"predecessor-version":[{"id":30628,"href":"https:\/\/kosovatimes.info\/index.php\/wp-json\/wp\/v2\/posts\/30626\/revisions\/30628"}],"wp:featuredmedia":[{"embeddable":true,"href":"https:\/\/kosovatimes.info\/index.php\/wp-json\/wp\/v2\/media\/30627"}],"wp:attachment":[{"href":"https:\/\/kosovatimes.info\/index.php\/wp-json\/wp\/v2\/media?parent=30626"}],"wp:term":[{"taxonomy":"category","embeddable":true,"href":"https:\/\/kosovatimes.info\/index.php\/wp-json\/wp\/v2\/categories?post=30626"},{"taxonomy":"post_tag","embeddable":true,"href":"https:\/\/kosovatimes.info\/index.php\/wp-json\/wp\/v2\/tags?post=30626"}],"curies":[{"name":"wp","href":"https:\/\/api.w.org\/{rel}","templated":true}]}}