{"id":30632,"date":"2026-09-02T15:55:45","date_gmt":"2026-09-02T13:55:45","guid":{"rendered":"https:\/\/kosovatimes.info\/?p=30632"},"modified":"2026-09-02T15:55:47","modified_gmt":"2026-09-02T13:55:47","slug":"deklarata-skandaloze-e-kryetarit-te-parlamentit-te-rs-se-ne-lidhje-me-mladicin-na-shpallen-lufte-me-kete","status":"publish","type":"post","link":"https:\/\/kosovatimes.info\/index.php\/2026\/09\/02\/deklarata-skandaloze-e-kryetarit-te-parlamentit-te-rs-se-ne-lidhje-me-mladicin-na-shpallen-lufte-me-kete\/","title":{"rendered":"Deklarata skandaloze e kryetarit t\u00eb parlamentit t\u00eb RS-s\u00eb n\u00eb lidhje me Mladi\u00e7in: \u201cNa shpall\u00ebn luft\u00eb me k\u00ebt\u00eb!\u201d"},"content":{"rendered":"\n<p class=\"wp-block-paragraph\">Kryetari i Parlamentit t\u00eb Republik\u00ebs Srpska,&nbsp;<strong>Nenad Stevandi\u0107,<\/strong>&nbsp;pohoi t\u00eb m\u00ebrkur\u00ebn se \u201ci \u00ebsht\u00eb shpallur luft\u00eb\u201d atij entiteti dhe arsyeja p\u00ebr deklarat\u00ebn e tij ishin d\u00ebnimet e shumta t\u00eb glorifikimit t\u00eb kriminelit t\u00eb luft\u00ebs t\u00eb d\u00ebnuar&nbsp;<strong>Ratko Mladi\u0107<\/strong>&nbsp;dhe kontestimi i vendimeve t\u00eb marra n\u00eb RS.Stevandi\u0107 e tha k\u00ebt\u00eb pas nj\u00eb seance t\u00eb Komitetit p\u00ebr \u00c7\u00ebshtje Kushtetuese t\u00eb Parlamentit t\u00eb RS-s\u00eb, nga e cila Gjykata Kushtetuese e BiH k\u00ebrkoi nj\u00eb deklarat\u00eb mbi k\u00ebrkes\u00ebn p\u00ebr shqyrtimin e kushtetutshm\u00ebris\u00eb s\u00eb vetos me t\u00eb cil\u00ebn RS-ja u p\u00ebrpoq t\u00eb sfidonte em\u00ebrimin e an\u00ebtar\u00ebve t\u00eb rinj t\u00eb Komisionit p\u00ebr Mbrojtjen e Monumenteve Komb\u00ebtare t\u00eb BiH-s\u00eb.<\/p>\n\n\n\n<p class=\"wp-block-paragraph\"><strong>Me votat e Denis Be\u0107irovi\u0107<\/strong>\u00a0dhe\u00a0<br><strong>\u017deljko Kom\u0161i\u0107,<\/strong>\u00a0Presidenca e Bosnj\u00ebs dhe Hercegovin\u00ebs\u00a0<br>em\u00ebroi ekspert\u00eb t\u00eb huaj n\u00eb at\u00eb komision p\u00ebrve\u00e7 an\u00ebtar\u00ebve vendas, t\u00eb cil\u00ebt an\u00ebtarja e udh\u00ebheqjes shtet\u00ebrore nga RS\u00a0<br><strong>\u017deljka Cvijanovi\u0107<\/strong>\u00a0i vler\u00ebsoi si t\u00eb d\u00ebmsh\u00ebm p\u00ebr interesin jetik t\u00eb serb\u00ebve, k\u00ebshtu q\u00eb ajo vuri veton ndaj tij dhe m\u00eb pas u mb\u00ebshtet nga parlamenti i entitetit.<\/p>\n\n\n\n<p class=\"wp-block-paragraph\">K\u00ebrkesa p\u00ebr shqyrtimin e kushtetutshm\u00ebris\u00eb s\u00eb nj\u00eb vendimi t\u00eb till\u00eb u paraqit nga Kryetari i Presidenc\u00ebs s\u00eb BiH, Be\u0107irovi\u0107, me shpjegimin se em\u00ebrimi i an\u00ebtar\u00ebve t\u00eb k\u00ebtij komisioni nuk \u00ebsht\u00eb \u00e7\u00ebshtje e politik\u00ebs s\u00eb jashtme dhe p\u00ebr k\u00ebt\u00eb arsye nuk mund t\u00eb vihet veto.<\/p>\n\n\n\n<p class=\"wp-block-paragraph\">Kjo \u00ebsht\u00eb nj\u00eb deklarat\u00eb lufte ndaj Republik\u00ebs Srpska, vetoja, e cila \u00ebsht\u00eb nj\u00eb kategori kushtetuese, \u00ebsht\u00eb problematike. Ka dy arsye p\u00ebr k\u00ebt\u00eb, urrejtja &#8211; mund ta shohim k\u00ebt\u00eb p\u00ebrmes raporteve t\u00eb shumta t\u00eb ngush\u00ebllimeve p\u00ebr vdekjen e Gjeneral Mladi\u0107, tha Stevandi\u0107, i cili njihet p\u00ebr deklaratat e tij radikale dhe konfrontimet verbale t\u00eb pam\u00ebshirshme me kund\u00ebrshtar\u00ebt politik\u00eb.<\/p>\n\n\n\n<p class=\"wp-block-paragraph\">Zyra e Prokurorit t\u00eb Bosnj\u00ebs dhe Hercegovin\u00ebs konfirmoi t\u00eb mart\u00ebn se kishte marr\u00eb mij\u00ebra raportime kund\u00ebr individ\u00ebve q\u00eb e lavd\u00ebruan Mladi\u00e7in n\u00eb m\u00ebnyra t\u00eb ndryshme pas publikimit t\u00eb lajmit p\u00ebr vdekjen e tij dhe njoftoi se t\u00eb gjitha k\u00ebto raportime do t\u00eb hetohen me kujdes.<\/p>\n\n\n\n<p class=\"wp-block-paragraph\">Lart\u00ebsimi i t\u00eb d\u00ebnuarve p\u00ebr krime lufte n\u00eb Bosnj\u00eb dhe Hercegovin\u00eb mund t\u00eb rezultoj\u00eb n\u00eb nj\u00eb d\u00ebnim me burg deri n\u00eb pes\u00eb vjet.<\/p>\n\n\n\n<p class=\"wp-block-paragraph\">Megjithat\u00eb, p\u00ebr Stevandi\u0107-in, e gjitha kjo \u00ebsht\u00eb pjes\u00eb e sulmeve t\u00eb organizuara ndaj RS-s\u00eb me q\u00ebllim p\u00ebrmbysjen e saj, dhe ai pretendon se komploti n\u00eb fakt u kurdis jasht\u00eb vendit.<\/p>\n\n\n\n<p class=\"wp-block-paragraph\">&#8211; Mendoj se ka nj\u00eb ndikim t\u00eb jasht\u00ebm. Dhe sponsor\u00ebt e huaj q\u00eb u than\u00eb boshnjak\u00ebve se po shkonin deri n\u00eb fund, se do t\u00eb kishte nj\u00eb konflikt, u tha Stevandi\u0107 gazetar\u00ebve, duke arritur n\u00eb p\u00ebrfundimin se e gjith\u00eb kjo ishte n\u00eb thelb nj\u00eb &#8216;shpallje lufte ndaj RS nga nj\u00eb an\u00ebtar boshnjak i Presidenc\u00ebs s\u00eb BiH-s\u00eb&#8217;.<\/p>\n","protected":false},"excerpt":{"rendered":"<p>Kryetari i Parlamentit t\u00eb Republik\u00ebs Srpska,&nbsp;Nenad Stevandi\u0107,&nbsp;pohoi t\u00eb m\u00ebrkur\u00ebn se \u201ci \u00ebsht\u00eb shpallur luft\u00eb\u201d atij entiteti dhe arsyeja p\u00ebr deklarat\u00ebn e tij ishin d\u00ebnimet e shumta t\u00eb glorifikimit t\u00eb kriminelit t\u00eb luft\u00ebs t\u00eb d\u00ebnuar&nbsp;Ratko Mladi\u0107&nbsp;dhe kontestimi i vendimeve t\u00eb marra n\u00eb RS.Stevandi\u0107 e tha k\u00ebt\u00eb pas nj\u00eb seance t\u00eb Komitetit p\u00ebr \u00c7\u00ebshtje Kushtetuese t\u00eb Parlamentit [&hellip;]<\/p>\n","protected":false},"author":4,"featured_media":30633,"comment_status":"open","ping_status":"open","sticky":false,"template":"","format":"standard","meta":{"footnotes":""},"categories":[30,32],"tags":[],"class_list":["post-30632","post","type-post","status-publish","format-standard","has-post-thumbnail","category-lajme","category-rajon"],"yoast_head":"<!-- This site is optimized with the Yoast SEO plugin v27.4 - https:\/\/yoast.com\/product\/yoast-seo-wordpress\/ -->\n<title>Deklarata skandaloze e kryetarit t\u00eb parlamentit t\u00eb RS-s\u00eb n\u00eb lidhje me Mladi\u00e7in: \u201cNa shpall\u00ebn luft\u00eb me k\u00ebt\u00eb!\u201d - Kosova Times<\/title>\n<meta name=\"robots\" content=\"index, follow, max-snippet:-1, max-image-preview:large, max-video-preview:-1\" \/>\n<link rel=\"canonical\" href=\"https:\/\/kosovatimes.info\/index.php\/2026\/09\/02\/deklarata-skandaloze-e-kryetarit-te-parlamentit-te-rs-se-ne-lidhje-me-mladicin-na-shpallen-lufte-me-kete\/\" \/>\n<meta property=\"og:locale\" content=\"en_US\" \/>\n<meta property=\"og:type\" content=\"article\" \/>\n<meta property=\"og:title\" content=\"Deklarata skandaloze e kryetarit t\u00eb parlamentit t\u00eb RS-s\u00eb n\u00eb lidhje me Mladi\u00e7in: \u201cNa shpall\u00ebn luft\u00eb me k\u00ebt\u00eb!\u201d - Kosova Times\" \/>\n<meta property=\"og:description\" content=\"Kryetari i Parlamentit t\u00eb Republik\u00ebs Srpska,&nbsp;Nenad Stevandi\u0107,&nbsp;pohoi t\u00eb m\u00ebrkur\u00ebn se \u201ci \u00ebsht\u00eb shpallur luft\u00eb\u201d atij entiteti dhe arsyeja p\u00ebr deklarat\u00ebn e tij ishin d\u00ebnimet e shumta t\u00eb glorifikimit t\u00eb kriminelit t\u00eb luft\u00ebs t\u00eb d\u00ebnuar&nbsp;Ratko Mladi\u0107&nbsp;dhe kontestimi i vendimeve t\u00eb marra n\u00eb RS.Stevandi\u0107 e tha k\u00ebt\u00eb pas nj\u00eb seance t\u00eb Komitetit p\u00ebr \u00c7\u00ebshtje Kushtetuese t\u00eb Parlamentit [&hellip;]\" \/>\n<meta property=\"og:url\" content=\"https:\/\/kosovatimes.info\/index.php\/2026\/09\/02\/deklarata-skandaloze-e-kryetarit-te-parlamentit-te-rs-se-ne-lidhje-me-mladicin-na-shpallen-lufte-me-kete\/\" \/>\n<meta property=\"og:site_name\" content=\"Kosova Times\" \/>\n<meta property=\"article:published_time\" content=\"2026-09-02T13:55:45+00:00\" \/>\n<meta property=\"article:modified_time\" content=\"2026-09-02T13:55:47+00:00\" \/>\n<meta property=\"og:image\" content=\"https:\/\/kosovatimes.info\/wp-content\/uploads\/2026\/09\/Nenad.jpg\" \/>\n\t<meta property=\"og:image:width\" content=\"1280\" \/>\n\t<meta property=\"og:image:height\" content=\"670\" \/>\n\t<meta property=\"og:image:type\" content=\"image\/jpeg\" \/>\n<meta name=\"author\" content=\"i l\" \/>\n<meta name=\"twitter:card\" content=\"summary_large_image\" \/>\n<meta name=\"twitter:label1\" content=\"Written by\" \/>\n\t<meta name=\"twitter:data1\" content=\"i l\" \/>\n\t<meta name=\"twitter:label2\" content=\"Est. reading time\" \/>\n\t<meta name=\"twitter:data2\" content=\"3 minutes\" \/>\n<script type=\"application\/ld+json\" class=\"yoast-schema-graph\">{\"@context\":\"https:\\\/\\\/schema.org\",\"@graph\":[{\"@type\":\"Article\",\"@id\":\"https:\\\/\\\/kosovatimes.info\\\/index.php\\\/2026\\\/09\\\/02\\\/deklarata-skandaloze-e-kryetarit-te-parlamentit-te-rs-se-ne-lidhje-me-mladicin-na-shpallen-lufte-me-kete\\\/#article\",\"isPartOf\":{\"@id\":\"https:\\\/\\\/kosovatimes.info\\\/index.php\\\/2026\\\/09\\\/02\\\/deklarata-skandaloze-e-kryetarit-te-parlamentit-te-rs-se-ne-lidhje-me-mladicin-na-shpallen-lufte-me-kete\\\/\"},\"author\":{\"name\":\"i l\",\"@id\":\"https:\\\/\\\/kosovatimes.info\\\/#\\\/schema\\\/person\\\/7586712b9c512fe68085de007378c915\"},\"headline\":\"Deklarata skandaloze e kryetarit t\u00eb parlamentit t\u00eb RS-s\u00eb n\u00eb lidhje me Mladi\u00e7in: \u201cNa shpall\u00ebn luft\u00eb me k\u00ebt\u00eb!\u201d\",\"datePublished\":\"2026-09-02T13:55:45+00:00\",\"dateModified\":\"2026-09-02T13:55:47+00:00\",\"mainEntityOfPage\":{\"@id\":\"https:\\\/\\\/kosovatimes.info\\\/index.php\\\/2026\\\/09\\\/02\\\/deklarata-skandaloze-e-kryetarit-te-parlamentit-te-rs-se-ne-lidhje-me-mladicin-na-shpallen-lufte-me-kete\\\/\"},\"wordCount\":530,\"commentCount\":0,\"image\":{\"@id\":\"https:\\\/\\\/kosovatimes.info\\\/index.php\\\/2026\\\/09\\\/02\\\/deklarata-skandaloze-e-kryetarit-te-parlamentit-te-rs-se-ne-lidhje-me-mladicin-na-shpallen-lufte-me-kete\\\/#primaryimage\"},\"thumbnailUrl\":\"https:\\\/\\\/kosovatimes.info\\\/wp-content\\\/uploads\\\/2026\\\/09\\\/Nenad.jpg\",\"articleSection\":[\"Lajme\",\"Rajon\"],\"inLanguage\":\"en-US\",\"potentialAction\":[{\"@type\":\"CommentAction\",\"name\":\"Comment\",\"target\":[\"https:\\\/\\\/kosovatimes.info\\\/index.php\\\/2026\\\/09\\\/02\\\/deklarata-skandaloze-e-kryetarit-te-parlamentit-te-rs-se-ne-lidhje-me-mladicin-na-shpallen-lufte-me-kete\\\/#respond\"]}]},{\"@type\":\"WebPage\",\"@id\":\"https:\\\/\\\/kosovatimes.info\\\/index.php\\\/2026\\\/09\\\/02\\\/deklarata-skandaloze-e-kryetarit-te-parlamentit-te-rs-se-ne-lidhje-me-mladicin-na-shpallen-lufte-me-kete\\\/\",\"url\":\"https:\\\/\\\/kosovatimes.info\\\/index.php\\\/2026\\\/09\\\/02\\\/deklarata-skandaloze-e-kryetarit-te-parlamentit-te-rs-se-ne-lidhje-me-mladicin-na-shpallen-lufte-me-kete\\\/\",\"name\":\"Deklarata skandaloze e kryetarit t\u00eb parlamentit t\u00eb RS-s\u00eb n\u00eb lidhje me Mladi\u00e7in: \u201cNa shpall\u00ebn luft\u00eb me k\u00ebt\u00eb!\u201d - Kosova Times\",\"isPartOf\":{\"@id\":\"https:\\\/\\\/kosovatimes.info\\\/#website\"},\"primaryImageOfPage\":{\"@id\":\"https:\\\/\\\/kosovatimes.info\\\/index.php\\\/2026\\\/09\\\/02\\\/deklarata-skandaloze-e-kryetarit-te-parlamentit-te-rs-se-ne-lidhje-me-mladicin-na-shpallen-lufte-me-kete\\\/#primaryimage\"},\"image\":{\"@id\":\"https:\\\/\\\/kosovatimes.info\\\/index.php\\\/2026\\\/09\\\/02\\\/deklarata-skandaloze-e-kryetarit-te-parlamentit-te-rs-se-ne-lidhje-me-mladicin-na-shpallen-lufte-me-kete\\\/#primaryimage\"},\"thumbnailUrl\":\"https:\\\/\\\/kosovatimes.info\\\/wp-content\\\/uploads\\\/2026\\\/09\\\/Nenad.jpg\",\"datePublished\":\"2026-09-02T13:55:45+00:00\",\"dateModified\":\"2026-09-02T13:55:47+00:00\",\"author\":{\"@id\":\"https:\\\/\\\/kosovatimes.info\\\/#\\\/schema\\\/person\\\/7586712b9c512fe68085de007378c915\"},\"breadcrumb\":{\"@id\":\"https:\\\/\\\/kosovatimes.info\\\/index.php\\\/2026\\\/09\\\/02\\\/deklarata-skandaloze-e-kryetarit-te-parlamentit-te-rs-se-ne-lidhje-me-mladicin-na-shpallen-lufte-me-kete\\\/#breadcrumb\"},\"inLanguage\":\"en-US\",\"potentialAction\":[{\"@type\":\"ReadAction\",\"target\":[\"https:\\\/\\\/kosovatimes.info\\\/index.php\\\/2026\\\/09\\\/02\\\/deklarata-skandaloze-e-kryetarit-te-parlamentit-te-rs-se-ne-lidhje-me-mladicin-na-shpallen-lufte-me-kete\\\/\"]}]},{\"@type\":\"ImageObject\",\"inLanguage\":\"en-US\",\"@id\":\"https:\\\/\\\/kosovatimes.info\\\/index.php\\\/2026\\\/09\\\/02\\\/deklarata-skandaloze-e-kryetarit-te-parlamentit-te-rs-se-ne-lidhje-me-mladicin-na-shpallen-lufte-me-kete\\\/#primaryimage\",\"url\":\"https:\\\/\\\/kosovatimes.info\\\/wp-content\\\/uploads\\\/2026\\\/09\\\/Nenad.jpg\",\"contentUrl\":\"https:\\\/\\\/kosovatimes.info\\\/wp-content\\\/uploads\\\/2026\\\/09\\\/Nenad.jpg\",\"width\":1280,\"height\":670},{\"@type\":\"BreadcrumbList\",\"@id\":\"https:\\\/\\\/kosovatimes.info\\\/index.php\\\/2026\\\/09\\\/02\\\/deklarata-skandaloze-e-kryetarit-te-parlamentit-te-rs-se-ne-lidhje-me-mladicin-na-shpallen-lufte-me-kete\\\/#breadcrumb\",\"itemListElement\":[{\"@type\":\"ListItem\",\"position\":1,\"name\":\"Home\",\"item\":\"https:\\\/\\\/kosovatimes.info\\\/\"},{\"@type\":\"ListItem\",\"position\":2,\"name\":\"Deklarata skandaloze e kryetarit t\u00eb parlamentit t\u00eb RS-s\u00eb n\u00eb lidhje me Mladi\u00e7in: \u201cNa shpall\u00ebn luft\u00eb me k\u00ebt\u00eb!\u201d\"}]},{\"@type\":\"WebSite\",\"@id\":\"https:\\\/\\\/kosovatimes.info\\\/#website\",\"url\":\"https:\\\/\\\/kosovatimes.info\\\/\",\"name\":\"Kosova Times\",\"description\":\"\",\"potentialAction\":[{\"@type\":\"SearchAction\",\"target\":{\"@type\":\"EntryPoint\",\"urlTemplate\":\"https:\\\/\\\/kosovatimes.info\\\/?s={search_term_string}\"},\"query-input\":{\"@type\":\"PropertyValueSpecification\",\"valueRequired\":true,\"valueName\":\"search_term_string\"}}],\"inLanguage\":\"en-US\"},{\"@type\":\"Person\",\"@id\":\"https:\\\/\\\/kosovatimes.info\\\/#\\\/schema\\\/person\\\/7586712b9c512fe68085de007378c915\",\"name\":\"i l\",\"image\":{\"@type\":\"ImageObject\",\"inLanguage\":\"en-US\",\"@id\":\"https:\\\/\\\/secure.gravatar.com\\\/avatar\\\/bad9296e02816160ae2e2435beda58222022298d5625d49fea74d18816fbb31d?s=96&d=mm&r=g\",\"url\":\"https:\\\/\\\/secure.gravatar.com\\\/avatar\\\/bad9296e02816160ae2e2435beda58222022298d5625d49fea74d18816fbb31d?s=96&d=mm&r=g\",\"contentUrl\":\"https:\\\/\\\/secure.gravatar.com\\\/avatar\\\/bad9296e02816160ae2e2435beda58222022298d5625d49fea74d18816fbb31d?s=96&d=mm&r=g\",\"caption\":\"i l\"},\"url\":\"https:\\\/\\\/kosovatimes.info\\\/index.php\\\/author\\\/iliri\\\/\"}]}<\/script>\n<!-- \/ Yoast SEO plugin. -->","yoast_head_json":{"title":"Deklarata skandaloze e kryetarit t\u00eb parlamentit t\u00eb RS-s\u00eb n\u00eb lidhje me Mladi\u00e7in: \u201cNa shpall\u00ebn luft\u00eb me k\u00ebt\u00eb!\u201d - Kosova Times","robots":{"index":"index","follow":"follow","max-snippet":"max-snippet:-1","max-image-preview":"max-image-preview:large","max-video-preview":"max-video-preview:-1"},"canonical":"https:\/\/kosovatimes.info\/index.php\/2026\/09\/02\/deklarata-skandaloze-e-kryetarit-te-parlamentit-te-rs-se-ne-lidhje-me-mladicin-na-shpallen-lufte-me-kete\/","og_locale":"en_US","og_type":"article","og_title":"Deklarata skandaloze e kryetarit t\u00eb parlamentit t\u00eb RS-s\u00eb n\u00eb lidhje me Mladi\u00e7in: \u201cNa shpall\u00ebn luft\u00eb me k\u00ebt\u00eb!\u201d - Kosova Times","og_description":"Kryetari i Parlamentit t\u00eb Republik\u00ebs Srpska,&nbsp;Nenad Stevandi\u0107,&nbsp;pohoi t\u00eb m\u00ebrkur\u00ebn se \u201ci \u00ebsht\u00eb shpallur luft\u00eb\u201d atij entiteti dhe arsyeja p\u00ebr deklarat\u00ebn e tij ishin d\u00ebnimet e shumta t\u00eb glorifikimit t\u00eb kriminelit t\u00eb luft\u00ebs t\u00eb d\u00ebnuar&nbsp;Ratko Mladi\u0107&nbsp;dhe kontestimi i vendimeve t\u00eb marra n\u00eb RS.Stevandi\u0107 e tha k\u00ebt\u00eb pas nj\u00eb seance t\u00eb Komitetit p\u00ebr \u00c7\u00ebshtje Kushtetuese t\u00eb Parlamentit [&hellip;]","og_url":"https:\/\/kosovatimes.info\/index.php\/2026\/09\/02\/deklarata-skandaloze-e-kryetarit-te-parlamentit-te-rs-se-ne-lidhje-me-mladicin-na-shpallen-lufte-me-kete\/","og_site_name":"Kosova Times","article_published_time":"2026-09-02T13:55:45+00:00","article_modified_time":"2026-09-02T13:55:47+00:00","og_image":[{"width":1280,"height":670,"url":"https:\/\/kosovatimes.info\/wp-content\/uploads\/2026\/09\/Nenad.jpg","type":"image\/jpeg"}],"author":"i l","twitter_card":"summary_large_image","twitter_misc":{"Written by":"i l","Est. reading time":"3 minutes"},"schema":{"@context":"https:\/\/schema.org","@graph":[{"@type":"Article","@id":"https:\/\/kosovatimes.info\/index.php\/2026\/09\/02\/deklarata-skandaloze-e-kryetarit-te-parlamentit-te-rs-se-ne-lidhje-me-mladicin-na-shpallen-lufte-me-kete\/#article","isPartOf":{"@id":"https:\/\/kosovatimes.info\/index.php\/2026\/09\/02\/deklarata-skandaloze-e-kryetarit-te-parlamentit-te-rs-se-ne-lidhje-me-mladicin-na-shpallen-lufte-me-kete\/"},"author":{"name":"i l","@id":"https:\/\/kosovatimes.info\/#\/schema\/person\/7586712b9c512fe68085de007378c915"},"headline":"Deklarata skandaloze e kryetarit t\u00eb parlamentit t\u00eb RS-s\u00eb n\u00eb lidhje me Mladi\u00e7in: \u201cNa shpall\u00ebn luft\u00eb me k\u00ebt\u00eb!\u201d","datePublished":"2026-09-02T13:55:45+00:00","dateModified":"2026-09-02T13:55:47+00:00","mainEntityOfPage":{"@id":"https:\/\/kosovatimes.info\/index.php\/2026\/09\/02\/deklarata-skandaloze-e-kryetarit-te-parlamentit-te-rs-se-ne-lidhje-me-mladicin-na-shpallen-lufte-me-kete\/"},"wordCount":530,"commentCount":0,"image":{"@id":"https:\/\/kosovatimes.info\/index.php\/2026\/09\/02\/deklarata-skandaloze-e-kryetarit-te-parlamentit-te-rs-se-ne-lidhje-me-mladicin-na-shpallen-lufte-me-kete\/#primaryimage"},"thumbnailUrl":"https:\/\/kosovatimes.info\/wp-content\/uploads\/2026\/09\/Nenad.jpg","articleSection":["Lajme","Rajon"],"inLanguage":"en-US","potentialAction":[{"@type":"CommentAction","name":"Comment","target":["https:\/\/kosovatimes.info\/index.php\/2026\/09\/02\/deklarata-skandaloze-e-kryetarit-te-parlamentit-te-rs-se-ne-lidhje-me-mladicin-na-shpallen-lufte-me-kete\/#respond"]}]},{"@type":"WebPage","@id":"https:\/\/kosovatimes.info\/index.php\/2026\/09\/02\/deklarata-skandaloze-e-kryetarit-te-parlamentit-te-rs-se-ne-lidhje-me-mladicin-na-shpallen-lufte-me-kete\/","url":"https:\/\/kosovatimes.info\/index.php\/2026\/09\/02\/deklarata-skandaloze-e-kryetarit-te-parlamentit-te-rs-se-ne-lidhje-me-mladicin-na-shpallen-lufte-me-kete\/","name":"Deklarata skandaloze e kryetarit t\u00eb parlamentit t\u00eb RS-s\u00eb n\u00eb lidhje me Mladi\u00e7in: \u201cNa shpall\u00ebn luft\u00eb me k\u00ebt\u00eb!\u201d - Kosova Times","isPartOf":{"@id":"https:\/\/kosovatimes.info\/#website"},"primaryImageOfPage":{"@id":"https:\/\/kosovatimes.info\/index.php\/2026\/09\/02\/deklarata-skandaloze-e-kryetarit-te-parlamentit-te-rs-se-ne-lidhje-me-mladicin-na-shpallen-lufte-me-kete\/#primaryimage"},"image":{"@id":"https:\/\/kosovatimes.info\/index.php\/2026\/09\/02\/deklarata-skandaloze-e-kryetarit-te-parlamentit-te-rs-se-ne-lidhje-me-mladicin-na-shpallen-lufte-me-kete\/#primaryimage"},"thumbnailUrl":"https:\/\/kosovatimes.info\/wp-content\/uploads\/2026\/09\/Nenad.jpg","datePublished":"2026-09-02T13:55:45+00:00","dateModified":"2026-09-02T13:55:47+00:00","author":{"@id":"https:\/\/kosovatimes.info\/#\/schema\/person\/7586712b9c512fe68085de007378c915"},"breadcrumb":{"@id":"https:\/\/kosovatimes.info\/index.php\/2026\/09\/02\/deklarata-skandaloze-e-kryetarit-te-parlamentit-te-rs-se-ne-lidhje-me-mladicin-na-shpallen-lufte-me-kete\/#breadcrumb"},"inLanguage":"en-US","potentialAction":[{"@type":"ReadAction","target":["https:\/\/kosovatimes.info\/index.php\/2026\/09\/02\/deklarata-skandaloze-e-kryetarit-te-parlamentit-te-rs-se-ne-lidhje-me-mladicin-na-shpallen-lufte-me-kete\/"]}]},{"@type":"ImageObject","inLanguage":"en-US","@id":"https:\/\/kosovatimes.info\/index.php\/2026\/09\/02\/deklarata-skandaloze-e-kryetarit-te-parlamentit-te-rs-se-ne-lidhje-me-mladicin-na-shpallen-lufte-me-kete\/#primaryimage","url":"https:\/\/kosovatimes.info\/wp-content\/uploads\/2026\/09\/Nenad.jpg","contentUrl":"https:\/\/kosovatimes.info\/wp-content\/uploads\/2026\/09\/Nenad.jpg","width":1280,"height":670},{"@type":"BreadcrumbList","@id":"https:\/\/kosovatimes.info\/index.php\/2026\/09\/02\/deklarata-skandaloze-e-kryetarit-te-parlamentit-te-rs-se-ne-lidhje-me-mladicin-na-shpallen-lufte-me-kete\/#breadcrumb","itemListElement":[{"@type":"ListItem","position":1,"name":"Home","item":"https:\/\/kosovatimes.info\/"},{"@type":"ListItem","position":2,"name":"Deklarata skandaloze e kryetarit t\u00eb parlamentit t\u00eb RS-s\u00eb n\u00eb lidhje me Mladi\u00e7in: \u201cNa shpall\u00ebn luft\u00eb me k\u00ebt\u00eb!\u201d"}]},{"@type":"WebSite","@id":"https:\/\/kosovatimes.info\/#website","url":"https:\/\/kosovatimes.info\/","name":"Kosova Times","description":"","potentialAction":[{"@type":"SearchAction","target":{"@type":"EntryPoint","urlTemplate":"https:\/\/kosovatimes.info\/?s={search_term_string}"},"query-input":{"@type":"PropertyValueSpecification","valueRequired":true,"valueName":"search_term_string"}}],"inLanguage":"en-US"},{"@type":"Person","@id":"https:\/\/kosovatimes.info\/#\/schema\/person\/7586712b9c512fe68085de007378c915","name":"i l","image":{"@type":"ImageObject","inLanguage":"en-US","@id":"https:\/\/secure.gravatar.com\/avatar\/bad9296e02816160ae2e2435beda58222022298d5625d49fea74d18816fbb31d?s=96&d=mm&r=g","url":"https:\/\/secure.gravatar.com\/avatar\/bad9296e02816160ae2e2435beda58222022298d5625d49fea74d18816fbb31d?s=96&d=mm&r=g","contentUrl":"https:\/\/secure.gravatar.com\/avatar\/bad9296e02816160ae2e2435beda58222022298d5625d49fea74d18816fbb31d?s=96&d=mm&r=g","caption":"i l"},"url":"https:\/\/kosovatimes.info\/index.php\/author\/iliri\/"}]}},"_links":{"self":[{"href":"https:\/\/kosovatimes.info\/index.php\/wp-json\/wp\/v2\/posts\/30632","targetHints":{"allow":["GET"]}}],"collection":[{"href":"https:\/\/kosovatimes.info\/index.php\/wp-json\/wp\/v2\/posts"}],"about":[{"href":"https:\/\/kosovatimes.info\/index.php\/wp-json\/wp\/v2\/types\/post"}],"author":[{"embeddable":true,"href":"https:\/\/kosovatimes.info\/index.php\/wp-json\/wp\/v2\/users\/4"}],"replies":[{"embeddable":true,"href":"https:\/\/kosovatimes.info\/index.php\/wp-json\/wp\/v2\/comments?post=30632"}],"version-history":[{"count":1,"href":"https:\/\/kosovatimes.info\/index.php\/wp-json\/wp\/v2\/posts\/30632\/revisions"}],"predecessor-version":[{"id":30634,"href":"https:\/\/kosovatimes.info\/index.php\/wp-json\/wp\/v2\/posts\/30632\/revisions\/30634"}],"wp:featuredmedia":[{"embeddable":true,"href":"https:\/\/kosovatimes.info\/index.php\/wp-json\/wp\/v2\/media\/30633"}],"wp:attachment":[{"href":"https:\/\/kosovatimes.info\/index.php\/wp-json\/wp\/v2\/media?parent=30632"}],"wp:term":[{"taxonomy":"category","embeddable":true,"href":"https:\/\/kosovatimes.info\/index.php\/wp-json\/wp\/v2\/categories?post=30632"},{"taxonomy":"post_tag","embeddable":true,"href":"https:\/\/kosovatimes.info\/index.php\/wp-json\/wp\/v2\/tags?post=30632"}],"curies":[{"name":"wp","href":"https:\/\/api.w.org\/{rel}","templated":true}]}}