{"id":30635,"date":"2026-09-02T16:00:10","date_gmt":"2026-09-02T14:00:10","guid":{"rendered":"https:\/\/kosovatimes.info\/?p=30635"},"modified":"2026-09-02T16:01:31","modified_gmt":"2026-09-02T14:01:31","slug":"jemi-qe-pa-ardhur-deti-i-autorit-akri-cipa-u-paraqit-ne-lezhe","status":"publish","type":"post","link":"https:\/\/kosovatimes.info\/index.php\/2026\/09\/02\/jemi-qe-pa-ardhur-deti-i-autorit-akri-cipa-u-paraqit-ne-lezhe\/","title":{"rendered":"Jemi q\u00eb pa ardhur deti\u201d i autorit Akri \u00c7ipa, u paraqit n\u00eb Lezh\u00eb"},"content":{"rendered":"\n<p class=\"wp-block-paragraph\">Libri i autorit Akri \u00c7ipa \u201c Jemi q\u00eb pa ardhur deti\u201d, n\u00eb dy versionet (shqip dhe anglisht) u paraqit sot paradite n\u00eb Bibliotek\u00ebn \u201c At Gjergj Fishta\u201d t\u00eb Bashkis\u00eb s\u00eb Lezh\u00ebs. Veprimtaria e p\u00ebrgatitur nga departamenti i Kuktur\u00ebs, n\u00ebn kujdesin e kryetarit t\u00eb bashkis\u00eb zotit Pjerin Ndreu ngjalli interesin e t\u00eb pranishm\u00ebve dhe mediave vendore.<\/p>\n\n\n\n<figure class=\"wp-block-image size-large\"><img loading=\"lazy\" decoding=\"async\" width=\"768\" height=\"1024\" src=\"https:\/\/kosovatimes.info\/wp-content\/uploads\/2026\/09\/Lezhe-1-768x1024-1.jpg\" alt=\"\" class=\"wp-image-30638\" srcset=\"https:\/\/kosovatimes.info\/wp-content\/uploads\/2026\/09\/Lezhe-1-768x1024-1.jpg 768w, https:\/\/kosovatimes.info\/wp-content\/uploads\/2026\/09\/Lezhe-1-225x300.jpg 225w, https:\/\/kosovatimes.info\/wp-content\/uploads\/2026\/09\/Lezhe-1-150x200.jpg 150w, https:\/\/kosovatimes.info\/wp-content\/uploads\/2026\/09\/Lezhe-1-1152x1536.jpg 1152w, https:\/\/kosovatimes.info\/wp-content\/uploads\/2026\/09\/Lezhe-1-300x400-1.jpg 300w, https:\/\/kosovatimes.info\/wp-content\/uploads\/2026\/09\/Lezhe-1-696x928.jpg 696w, https:\/\/kosovatimes.info\/wp-content\/uploads\/2026\/09\/Lezhe-1-1068x1424.jpg 1068w, https:\/\/kosovatimes.info\/wp-content\/uploads\/2026\/09\/Lezhe-1.jpg 1536w\" sizes=\"auto, (max-width: 768px) 100vw, 768px\" \/><\/figure>\n\n\n\n<p class=\"wp-block-paragraph\">Me pjes\u00ebmarrjen e krijuesve lezhian\u00eb, botues dhe lexues t\u00eb ndrysh\u00ebm, si dhe familjar\u00eb t\u00eb autorit, n\u00ebn moderimin e shkrimtarit Liridon Muja, u mund\u00ebsua nj\u00eb dialogim interesant p\u00ebr raportin e tekstit t\u00eb k\u00ebtij libri dhe marr\u00ebdh\u00ebnien gjenealogjike t\u00eb autorit me personalitetin e intervistuar, sikund\u00ebr e cil\u00ebsoi shkrimtari Muja:\u201d Poetin e popullit Lefter \u00c7ipa\u201d.<\/p>\n\n\n\n<figure class=\"wp-block-image size-large\"><img loading=\"lazy\" decoding=\"async\" width=\"768\" height=\"1024\" src=\"https:\/\/kosovatimes.info\/wp-content\/uploads\/2026\/09\/Sandri-768x1024-1.jpg\" alt=\"\" class=\"wp-image-30639\" srcset=\"https:\/\/kosovatimes.info\/wp-content\/uploads\/2026\/09\/Sandri-768x1024-1.jpg 768w, https:\/\/kosovatimes.info\/wp-content\/uploads\/2026\/09\/Sandri-225x300.jpg 225w, https:\/\/kosovatimes.info\/wp-content\/uploads\/2026\/09\/Sandri-150x200.jpg 150w, https:\/\/kosovatimes.info\/wp-content\/uploads\/2026\/09\/Sandri-300x400-1.jpg 300w, https:\/\/kosovatimes.info\/wp-content\/uploads\/2026\/09\/Sandri-1152x1536.jpg 1152w, https:\/\/kosovatimes.info\/wp-content\/uploads\/2026\/09\/Sandri-696x928.jpg 696w, https:\/\/kosovatimes.info\/wp-content\/uploads\/2026\/09\/Sandri-1068x1424.jpg 1068w, https:\/\/kosovatimes.info\/wp-content\/uploads\/2026\/09\/Sandri.jpg 1536w\" sizes=\"auto, (max-width: 768px) 100vw, 768px\" \/><\/figure>\n\n\n\n<p class=\"wp-block-paragraph\">Kryetari i bashkis\u00eb zoti Ndreu, n\u00eb fjal\u00ebn e vet p\u00ebrsh\u00ebndet\u00ebse, si mik i familjes s\u00eb autorit, solli para t\u00eb pranishm\u00ebve vler\u00ebsimet p\u00ebr poetin e ndjer\u00eb Lefter \u00c7ipa i cili ka nj\u00eb kontribut themelor n\u00eb polifonin\u00eb shqiptare dhe n\u00eb trash\u00ebgimin\u00eb ton\u00eb komb\u00ebtare.<\/p>\n\n\n\n<p class=\"wp-block-paragraph\">Kjo marr\u00ebdh\u00ebnie mes gjyshit dhe nipit, e p\u00ebrcjell\u00eb n\u00eb nj\u00eb m\u00ebnyr\u00eb unike p\u00ebrmes l\u00ebnd\u00ebs s\u00eb librit \u201c Jemi q\u00eb pa ardhur deti\u201d, na krijon nj\u00eb model t\u00eb raporteve dhe komunikimit kulturor p\u00ebrmes nj\u00eb rasti t\u00eb rrall\u00eb. Shkrimtari Muja realizoi nj\u00eb dialogim jo vet\u00ebm shpjegues por edhe interpretues p\u00ebr specifik\u00ebn e k\u00ebtij botimi dhe raportin dialogues t\u00eb nd\u00ebrtuar gjat\u00eb procesit krijues t\u00eb autorit me gjyshin-personazh t\u00eb pazakont\u00eb.<\/p>\n\n\n\n<figure class=\"wp-block-image size-large\"><img loading=\"lazy\" decoding=\"async\" width=\"768\" height=\"1024\" src=\"https:\/\/kosovatimes.info\/wp-content\/uploads\/2026\/09\/Lezhe-2-768x1024-1.jpg\" alt=\"\" class=\"wp-image-30640\" srcset=\"https:\/\/kosovatimes.info\/wp-content\/uploads\/2026\/09\/Lezhe-2-768x1024-1.jpg 768w, https:\/\/kosovatimes.info\/wp-content\/uploads\/2026\/09\/Lezhe-2-225x300.jpg 225w, https:\/\/kosovatimes.info\/wp-content\/uploads\/2026\/09\/Lezhe-2-150x200.jpg 150w, https:\/\/kosovatimes.info\/wp-content\/uploads\/2026\/09\/Lezhe-2-1152x1536.jpg 1152w, https:\/\/kosovatimes.info\/wp-content\/uploads\/2026\/09\/Lezhe-2-300x400-1.jpg 300w, https:\/\/kosovatimes.info\/wp-content\/uploads\/2026\/09\/Lezhe-2-696x928.jpg 696w, https:\/\/kosovatimes.info\/wp-content\/uploads\/2026\/09\/Lezhe-2-1068x1424.jpg 1068w, https:\/\/kosovatimes.info\/wp-content\/uploads\/2026\/09\/Lezhe-2.jpg 1536w\" sizes=\"auto, (max-width: 768px) 100vw, 768px\" \/><\/figure>\n\n\n\n<p class=\"wp-block-paragraph\">Botuesi Frano Kulli dhe gazetari n\u00eb diaspor\u00eb, Zef P\u00ebrgega duke e vler\u00ebsuar k\u00ebt\u00eb rast libri, theksuan rolin dhe pesh\u00ebn q\u00eb merr kultura autentike komb\u00ebtare n\u00eb nj\u00eb qasje globale, p\u00ebrmes botimesh t\u00eb tilla. Gazetari Aleksand\u00ebr \u00c7ipa, nj\u00ebher\u00ebsh prind i autorit, duke falenderuar t\u00eb peanishmit dhe organizator\u00ebt, theksoi se k\u00ebsi botimesh p\u00ebrbpjn\u00eb edhe nj\u00eb rast antropologjik mes gjenealogjish t\u00eb krijuesve n\u00eb let\u00ebrsin\u00eb dhe letrat shqipe.<\/p>\n\n\n\n<p class=\"wp-block-paragraph\">Intervista mes shkrimtarit Muja dhe autorit Akri \u00c7ipa p\u00ebr librin, koh\u00ebn dhe raportet n\u00eb koh\u00ebn e qenies dhe t\u00eb mosqenies fizike me gjyshin e intervistuar Lefter \u00c7ipa si dhe eseja e rishkruar, si formulim m\u00eb afirmues dhe m\u00eb filozofik p\u00ebr personazhin e rrall\u00eb dhe t\u00eb njohur n\u00eb bot\u00ebn kulturore shqiptare, shenjohet edhe si nj\u00eb ndodhi e rrall\u00eb.<\/p>\n\n\n\n<figure class=\"wp-block-image size-large\"><img loading=\"lazy\" decoding=\"async\" width=\"768\" height=\"1024\" src=\"https:\/\/kosovatimes.info\/wp-content\/uploads\/2026\/09\/per-liber-768x1024.jpg\" alt=\"\" class=\"wp-image-30641\" srcset=\"https:\/\/kosovatimes.info\/wp-content\/uploads\/2026\/09\/per-liber-768x1024-1.jpg 768w, https:\/\/kosovatimes.info\/wp-content\/uploads\/2026\/09\/per-liber-225x300.jpg 225w, https:\/\/kosovatimes.info\/wp-content\/uploads\/2026\/09\/per-liber-1152x1536.jpg 1152w, https:\/\/kosovatimes.info\/wp-content\/uploads\/2026\/09\/per-liber-150x200.jpg 150w, https:\/\/kosovatimes.info\/wp-content\/uploads\/2026\/09\/per-liber-300x400-1.jpg 300w, https:\/\/kosovatimes.info\/wp-content\/uploads\/2026\/09\/per-liber-696x928.jpg 696w, https:\/\/kosovatimes.info\/wp-content\/uploads\/2026\/09\/per-liber-1068x1424.jpg 1068w, https:\/\/kosovatimes.info\/wp-content\/uploads\/2026\/09\/per-liber.jpg 1536w\" sizes=\"auto, (max-width: 768px) 100vw, 768px\" \/><\/figure>\n\n\n\n<p class=\"wp-block-paragraph\">Autori i librit duke falenderuar organizator\u00ebt dhe t\u00eb pranishmit shprehu mir\u00ebnjohjen p\u00ebr Bashkin\u00eb e Himar\u00ebs, Qendr\u00ebn Muzeu i Fjal\u00ebs \u201c Lefter \u00c7ipa\u201d q\u00eb mund\u00ebsuan k\u00ebt\u00eb botim t\u00eb dyt\u00eb dhe t\u00eb plot\u00eb t\u00eb librit n\u00eb dy gjuh\u00eb ai dhe bpri me dije se versioni anglisht i tij do t\u00eb paraqitet s\u00eb af\u00ebrmi edhe n\u00eb New York dhe n\u00eb qytete t\u00eb tjera n\u00eb SHBA ppr tp krijuar nj\u00eb kontakt dhe marr\u00ebdh\u00ebnie leximi me audienc\u00ebn amerikane.<strong>\/Erisa Mu\u00e7aj<\/strong><\/p>\n\n\n\n<p class=\"wp-block-paragraph\"><\/p>\n\n\n\n<p class=\"wp-block-paragraph\"><\/p>\n\n\n\n<p class=\"wp-block-paragraph\"><\/p>\n","protected":false},"excerpt":{"rendered":"<p>Libri i autorit Akri \u00c7ipa \u201c Jemi q\u00eb pa ardhur deti\u201d, n\u00eb dy versionet (shqip dhe anglisht) u paraqit sot paradite n\u00eb Bibliotek\u00ebn \u201c At Gjergj Fishta\u201d t\u00eb Bashkis\u00eb s\u00eb Lezh\u00ebs. Veprimtaria e p\u00ebrgatitur nga departamenti i Kuktur\u00ebs, n\u00ebn kujdesin e kryetarit t\u00eb bashkis\u00eb zotit Pjerin Ndreu ngjalli interesin e t\u00eb pranishm\u00ebve dhe mediave vendore. [&hellip;]<\/p>\n","protected":false},"author":4,"featured_media":30637,"comment_status":"open","ping_status":"open","sticky":false,"template":"","format":"standard","meta":{"footnotes":""},"categories":[1],"tags":[],"class_list":["post-30635","post","type-post","status-publish","format-standard","has-post-thumbnail","category-pafilter"],"yoast_head":"<!-- This site is optimized with the Yoast SEO plugin v27.4 - https:\/\/yoast.com\/product\/yoast-seo-wordpress\/ -->\n<title>Jemi q\u00eb pa ardhur deti\u201d i autorit Akri \u00c7ipa, u paraqit n\u00eb Lezh\u00eb - Kosova Times<\/title>\n<meta name=\"robots\" content=\"index, follow, max-snippet:-1, max-image-preview:large, max-video-preview:-1\" \/>\n<link rel=\"canonical\" href=\"https:\/\/kosovatimes.info\/index.php\/2026\/09\/02\/jemi-qe-pa-ardhur-deti-i-autorit-akri-cipa-u-paraqit-ne-lezhe\/\" \/>\n<meta property=\"og:locale\" content=\"en_US\" \/>\n<meta property=\"og:type\" content=\"article\" \/>\n<meta property=\"og:title\" content=\"Jemi q\u00eb pa ardhur deti\u201d i autorit Akri \u00c7ipa, u paraqit n\u00eb Lezh\u00eb - Kosova Times\" \/>\n<meta property=\"og:description\" content=\"Libri i autorit Akri \u00c7ipa \u201c Jemi q\u00eb pa ardhur deti\u201d, n\u00eb dy versionet (shqip dhe anglisht) u paraqit sot paradite n\u00eb Bibliotek\u00ebn \u201c At Gjergj Fishta\u201d t\u00eb Bashkis\u00eb s\u00eb Lezh\u00ebs. Veprimtaria e p\u00ebrgatitur nga departamenti i Kuktur\u00ebs, n\u00ebn kujdesin e kryetarit t\u00eb bashkis\u00eb zotit Pjerin Ndreu ngjalli interesin e t\u00eb pranishm\u00ebve dhe mediave vendore. [&hellip;]\" \/>\n<meta property=\"og:url\" content=\"https:\/\/kosovatimes.info\/index.php\/2026\/09\/02\/jemi-qe-pa-ardhur-deti-i-autorit-akri-cipa-u-paraqit-ne-lezhe\/\" \/>\n<meta property=\"og:site_name\" content=\"Kosova Times\" \/>\n<meta property=\"article:published_time\" content=\"2026-09-02T14:00:10+00:00\" \/>\n<meta property=\"article:modified_time\" content=\"2026-09-02T14:01:31+00:00\" \/>\n<meta property=\"og:image\" content=\"https:\/\/kosovatimes.info\/wp-content\/uploads\/2026\/09\/libri.jpg\" \/>\n\t<meta property=\"og:image:width\" content=\"2048\" \/>\n\t<meta property=\"og:image:height\" content=\"1536\" \/>\n\t<meta property=\"og:image:type\" content=\"image\/jpeg\" \/>\n<meta name=\"author\" content=\"i l\" \/>\n<meta name=\"twitter:card\" content=\"summary_large_image\" \/>\n<meta name=\"twitter:label1\" content=\"Written by\" \/>\n\t<meta name=\"twitter:data1\" content=\"i l\" \/>\n\t<meta name=\"twitter:label2\" content=\"Est. reading time\" \/>\n\t<meta name=\"twitter:data2\" content=\"3 minutes\" \/>\n<script type=\"application\/ld+json\" class=\"yoast-schema-graph\">{\"@context\":\"https:\\\/\\\/schema.org\",\"@graph\":[{\"@type\":\"Article\",\"@id\":\"https:\\\/\\\/kosovatimes.info\\\/index.php\\\/2026\\\/09\\\/02\\\/jemi-qe-pa-ardhur-deti-i-autorit-akri-cipa-u-paraqit-ne-lezhe\\\/#article\",\"isPartOf\":{\"@id\":\"https:\\\/\\\/kosovatimes.info\\\/index.php\\\/2026\\\/09\\\/02\\\/jemi-qe-pa-ardhur-deti-i-autorit-akri-cipa-u-paraqit-ne-lezhe\\\/\"},\"author\":{\"name\":\"i l\",\"@id\":\"https:\\\/\\\/kosovatimes.info\\\/#\\\/schema\\\/person\\\/7586712b9c512fe68085de007378c915\"},\"headline\":\"Jemi q\u00eb pa ardhur deti\u201d i autorit Akri \u00c7ipa, u paraqit n\u00eb Lezh\u00eb\",\"datePublished\":\"2026-09-02T14:00:10+00:00\",\"dateModified\":\"2026-09-02T14:01:31+00:00\",\"mainEntityOfPage\":{\"@id\":\"https:\\\/\\\/kosovatimes.info\\\/index.php\\\/2026\\\/09\\\/02\\\/jemi-qe-pa-ardhur-deti-i-autorit-akri-cipa-u-paraqit-ne-lezhe\\\/\"},\"wordCount\":487,\"commentCount\":0,\"image\":{\"@id\":\"https:\\\/\\\/kosovatimes.info\\\/index.php\\\/2026\\\/09\\\/02\\\/jemi-qe-pa-ardhur-deti-i-autorit-akri-cipa-u-paraqit-ne-lezhe\\\/#primaryimage\"},\"thumbnailUrl\":\"https:\\\/\\\/kosovatimes.info\\\/wp-content\\\/uploads\\\/2026\\\/09\\\/libri.jpg\",\"articleSection\":[\"pafilter\"],\"inLanguage\":\"en-US\",\"potentialAction\":[{\"@type\":\"CommentAction\",\"name\":\"Comment\",\"target\":[\"https:\\\/\\\/kosovatimes.info\\\/index.php\\\/2026\\\/09\\\/02\\\/jemi-qe-pa-ardhur-deti-i-autorit-akri-cipa-u-paraqit-ne-lezhe\\\/#respond\"]}]},{\"@type\":\"WebPage\",\"@id\":\"https:\\\/\\\/kosovatimes.info\\\/index.php\\\/2026\\\/09\\\/02\\\/jemi-qe-pa-ardhur-deti-i-autorit-akri-cipa-u-paraqit-ne-lezhe\\\/\",\"url\":\"https:\\\/\\\/kosovatimes.info\\\/index.php\\\/2026\\\/09\\\/02\\\/jemi-qe-pa-ardhur-deti-i-autorit-akri-cipa-u-paraqit-ne-lezhe\\\/\",\"name\":\"Jemi q\u00eb pa ardhur deti\u201d i autorit Akri \u00c7ipa, u paraqit n\u00eb Lezh\u00eb - Kosova Times\",\"isPartOf\":{\"@id\":\"https:\\\/\\\/kosovatimes.info\\\/#website\"},\"primaryImageOfPage\":{\"@id\":\"https:\\\/\\\/kosovatimes.info\\\/index.php\\\/2026\\\/09\\\/02\\\/jemi-qe-pa-ardhur-deti-i-autorit-akri-cipa-u-paraqit-ne-lezhe\\\/#primaryimage\"},\"image\":{\"@id\":\"https:\\\/\\\/kosovatimes.info\\\/index.php\\\/2026\\\/09\\\/02\\\/jemi-qe-pa-ardhur-deti-i-autorit-akri-cipa-u-paraqit-ne-lezhe\\\/#primaryimage\"},\"thumbnailUrl\":\"https:\\\/\\\/kosovatimes.info\\\/wp-content\\\/uploads\\\/2026\\\/09\\\/libri.jpg\",\"datePublished\":\"2026-09-02T14:00:10+00:00\",\"dateModified\":\"2026-09-02T14:01:31+00:00\",\"author\":{\"@id\":\"https:\\\/\\\/kosovatimes.info\\\/#\\\/schema\\\/person\\\/7586712b9c512fe68085de007378c915\"},\"breadcrumb\":{\"@id\":\"https:\\\/\\\/kosovatimes.info\\\/index.php\\\/2026\\\/09\\\/02\\\/jemi-qe-pa-ardhur-deti-i-autorit-akri-cipa-u-paraqit-ne-lezhe\\\/#breadcrumb\"},\"inLanguage\":\"en-US\",\"potentialAction\":[{\"@type\":\"ReadAction\",\"target\":[\"https:\\\/\\\/kosovatimes.info\\\/index.php\\\/2026\\\/09\\\/02\\\/jemi-qe-pa-ardhur-deti-i-autorit-akri-cipa-u-paraqit-ne-lezhe\\\/\"]}]},{\"@type\":\"ImageObject\",\"inLanguage\":\"en-US\",\"@id\":\"https:\\\/\\\/kosovatimes.info\\\/index.php\\\/2026\\\/09\\\/02\\\/jemi-qe-pa-ardhur-deti-i-autorit-akri-cipa-u-paraqit-ne-lezhe\\\/#primaryimage\",\"url\":\"https:\\\/\\\/kosovatimes.info\\\/wp-content\\\/uploads\\\/2026\\\/09\\\/libri.jpg\",\"contentUrl\":\"https:\\\/\\\/kosovatimes.info\\\/wp-content\\\/uploads\\\/2026\\\/09\\\/libri.jpg\",\"width\":2048,\"height\":1536},{\"@type\":\"BreadcrumbList\",\"@id\":\"https:\\\/\\\/kosovatimes.info\\\/index.php\\\/2026\\\/09\\\/02\\\/jemi-qe-pa-ardhur-deti-i-autorit-akri-cipa-u-paraqit-ne-lezhe\\\/#breadcrumb\",\"itemListElement\":[{\"@type\":\"ListItem\",\"position\":1,\"name\":\"Home\",\"item\":\"https:\\\/\\\/kosovatimes.info\\\/\"},{\"@type\":\"ListItem\",\"position\":2,\"name\":\"Jemi q\u00eb pa ardhur deti\u201d i autorit Akri \u00c7ipa, u paraqit n\u00eb Lezh\u00eb\"}]},{\"@type\":\"WebSite\",\"@id\":\"https:\\\/\\\/kosovatimes.info\\\/#website\",\"url\":\"https:\\\/\\\/kosovatimes.info\\\/\",\"name\":\"Kosova Times\",\"description\":\"\",\"potentialAction\":[{\"@type\":\"SearchAction\",\"target\":{\"@type\":\"EntryPoint\",\"urlTemplate\":\"https:\\\/\\\/kosovatimes.info\\\/?s={search_term_string}\"},\"query-input\":{\"@type\":\"PropertyValueSpecification\",\"valueRequired\":true,\"valueName\":\"search_term_string\"}}],\"inLanguage\":\"en-US\"},{\"@type\":\"Person\",\"@id\":\"https:\\\/\\\/kosovatimes.info\\\/#\\\/schema\\\/person\\\/7586712b9c512fe68085de007378c915\",\"name\":\"i l\",\"image\":{\"@type\":\"ImageObject\",\"inLanguage\":\"en-US\",\"@id\":\"https:\\\/\\\/secure.gravatar.com\\\/avatar\\\/bad9296e02816160ae2e2435beda58222022298d5625d49fea74d18816fbb31d?s=96&d=mm&r=g\",\"url\":\"https:\\\/\\\/secure.gravatar.com\\\/avatar\\\/bad9296e02816160ae2e2435beda58222022298d5625d49fea74d18816fbb31d?s=96&d=mm&r=g\",\"contentUrl\":\"https:\\\/\\\/secure.gravatar.com\\\/avatar\\\/bad9296e02816160ae2e2435beda58222022298d5625d49fea74d18816fbb31d?s=96&d=mm&r=g\",\"caption\":\"i l\"},\"url\":\"https:\\\/\\\/kosovatimes.info\\\/index.php\\\/author\\\/iliri\\\/\"}]}<\/script>\n<!-- \/ Yoast SEO plugin. -->","yoast_head_json":{"title":"Jemi q\u00eb pa ardhur deti\u201d i autorit Akri \u00c7ipa, u paraqit n\u00eb Lezh\u00eb - Kosova Times","robots":{"index":"index","follow":"follow","max-snippet":"max-snippet:-1","max-image-preview":"max-image-preview:large","max-video-preview":"max-video-preview:-1"},"canonical":"https:\/\/kosovatimes.info\/index.php\/2026\/09\/02\/jemi-qe-pa-ardhur-deti-i-autorit-akri-cipa-u-paraqit-ne-lezhe\/","og_locale":"en_US","og_type":"article","og_title":"Jemi q\u00eb pa ardhur deti\u201d i autorit Akri \u00c7ipa, u paraqit n\u00eb Lezh\u00eb - Kosova Times","og_description":"Libri i autorit Akri \u00c7ipa \u201c Jemi q\u00eb pa ardhur deti\u201d, n\u00eb dy versionet (shqip dhe anglisht) u paraqit sot paradite n\u00eb Bibliotek\u00ebn \u201c At Gjergj Fishta\u201d t\u00eb Bashkis\u00eb s\u00eb Lezh\u00ebs. Veprimtaria e p\u00ebrgatitur nga departamenti i Kuktur\u00ebs, n\u00ebn kujdesin e kryetarit t\u00eb bashkis\u00eb zotit Pjerin Ndreu ngjalli interesin e t\u00eb pranishm\u00ebve dhe mediave vendore. [&hellip;]","og_url":"https:\/\/kosovatimes.info\/index.php\/2026\/09\/02\/jemi-qe-pa-ardhur-deti-i-autorit-akri-cipa-u-paraqit-ne-lezhe\/","og_site_name":"Kosova Times","article_published_time":"2026-09-02T14:00:10+00:00","article_modified_time":"2026-09-02T14:01:31+00:00","og_image":[{"width":2048,"height":1536,"url":"https:\/\/kosovatimes.info\/wp-content\/uploads\/2026\/09\/libri.jpg","type":"image\/jpeg"}],"author":"i l","twitter_card":"summary_large_image","twitter_misc":{"Written by":"i l","Est. reading time":"3 minutes"},"schema":{"@context":"https:\/\/schema.org","@graph":[{"@type":"Article","@id":"https:\/\/kosovatimes.info\/index.php\/2026\/09\/02\/jemi-qe-pa-ardhur-deti-i-autorit-akri-cipa-u-paraqit-ne-lezhe\/#article","isPartOf":{"@id":"https:\/\/kosovatimes.info\/index.php\/2026\/09\/02\/jemi-qe-pa-ardhur-deti-i-autorit-akri-cipa-u-paraqit-ne-lezhe\/"},"author":{"name":"i l","@id":"https:\/\/kosovatimes.info\/#\/schema\/person\/7586712b9c512fe68085de007378c915"},"headline":"Jemi q\u00eb pa ardhur deti\u201d i autorit Akri \u00c7ipa, u paraqit n\u00eb Lezh\u00eb","datePublished":"2026-09-02T14:00:10+00:00","dateModified":"2026-09-02T14:01:31+00:00","mainEntityOfPage":{"@id":"https:\/\/kosovatimes.info\/index.php\/2026\/09\/02\/jemi-qe-pa-ardhur-deti-i-autorit-akri-cipa-u-paraqit-ne-lezhe\/"},"wordCount":487,"commentCount":0,"image":{"@id":"https:\/\/kosovatimes.info\/index.php\/2026\/09\/02\/jemi-qe-pa-ardhur-deti-i-autorit-akri-cipa-u-paraqit-ne-lezhe\/#primaryimage"},"thumbnailUrl":"https:\/\/kosovatimes.info\/wp-content\/uploads\/2026\/09\/libri.jpg","articleSection":["pafilter"],"inLanguage":"en-US","potentialAction":[{"@type":"CommentAction","name":"Comment","target":["https:\/\/kosovatimes.info\/index.php\/2026\/09\/02\/jemi-qe-pa-ardhur-deti-i-autorit-akri-cipa-u-paraqit-ne-lezhe\/#respond"]}]},{"@type":"WebPage","@id":"https:\/\/kosovatimes.info\/index.php\/2026\/09\/02\/jemi-qe-pa-ardhur-deti-i-autorit-akri-cipa-u-paraqit-ne-lezhe\/","url":"https:\/\/kosovatimes.info\/index.php\/2026\/09\/02\/jemi-qe-pa-ardhur-deti-i-autorit-akri-cipa-u-paraqit-ne-lezhe\/","name":"Jemi q\u00eb pa ardhur deti\u201d i autorit Akri \u00c7ipa, u paraqit n\u00eb Lezh\u00eb - Kosova Times","isPartOf":{"@id":"https:\/\/kosovatimes.info\/#website"},"primaryImageOfPage":{"@id":"https:\/\/kosovatimes.info\/index.php\/2026\/09\/02\/jemi-qe-pa-ardhur-deti-i-autorit-akri-cipa-u-paraqit-ne-lezhe\/#primaryimage"},"image":{"@id":"https:\/\/kosovatimes.info\/index.php\/2026\/09\/02\/jemi-qe-pa-ardhur-deti-i-autorit-akri-cipa-u-paraqit-ne-lezhe\/#primaryimage"},"thumbnailUrl":"https:\/\/kosovatimes.info\/wp-content\/uploads\/2026\/09\/libri.jpg","datePublished":"2026-09-02T14:00:10+00:00","dateModified":"2026-09-02T14:01:31+00:00","author":{"@id":"https:\/\/kosovatimes.info\/#\/schema\/person\/7586712b9c512fe68085de007378c915"},"breadcrumb":{"@id":"https:\/\/kosovatimes.info\/index.php\/2026\/09\/02\/jemi-qe-pa-ardhur-deti-i-autorit-akri-cipa-u-paraqit-ne-lezhe\/#breadcrumb"},"inLanguage":"en-US","potentialAction":[{"@type":"ReadAction","target":["https:\/\/kosovatimes.info\/index.php\/2026\/09\/02\/jemi-qe-pa-ardhur-deti-i-autorit-akri-cipa-u-paraqit-ne-lezhe\/"]}]},{"@type":"ImageObject","inLanguage":"en-US","@id":"https:\/\/kosovatimes.info\/index.php\/2026\/09\/02\/jemi-qe-pa-ardhur-deti-i-autorit-akri-cipa-u-paraqit-ne-lezhe\/#primaryimage","url":"https:\/\/kosovatimes.info\/wp-content\/uploads\/2026\/09\/libri.jpg","contentUrl":"https:\/\/kosovatimes.info\/wp-content\/uploads\/2026\/09\/libri.jpg","width":2048,"height":1536},{"@type":"BreadcrumbList","@id":"https:\/\/kosovatimes.info\/index.php\/2026\/09\/02\/jemi-qe-pa-ardhur-deti-i-autorit-akri-cipa-u-paraqit-ne-lezhe\/#breadcrumb","itemListElement":[{"@type":"ListItem","position":1,"name":"Home","item":"https:\/\/kosovatimes.info\/"},{"@type":"ListItem","position":2,"name":"Jemi q\u00eb pa ardhur deti\u201d i autorit Akri \u00c7ipa, u paraqit n\u00eb Lezh\u00eb"}]},{"@type":"WebSite","@id":"https:\/\/kosovatimes.info\/#website","url":"https:\/\/kosovatimes.info\/","name":"Kosova Times","description":"","potentialAction":[{"@type":"SearchAction","target":{"@type":"EntryPoint","urlTemplate":"https:\/\/kosovatimes.info\/?s={search_term_string}"},"query-input":{"@type":"PropertyValueSpecification","valueRequired":true,"valueName":"search_term_string"}}],"inLanguage":"en-US"},{"@type":"Person","@id":"https:\/\/kosovatimes.info\/#\/schema\/person\/7586712b9c512fe68085de007378c915","name":"i l","image":{"@type":"ImageObject","inLanguage":"en-US","@id":"https:\/\/secure.gravatar.com\/avatar\/bad9296e02816160ae2e2435beda58222022298d5625d49fea74d18816fbb31d?s=96&d=mm&r=g","url":"https:\/\/secure.gravatar.com\/avatar\/bad9296e02816160ae2e2435beda58222022298d5625d49fea74d18816fbb31d?s=96&d=mm&r=g","contentUrl":"https:\/\/secure.gravatar.com\/avatar\/bad9296e02816160ae2e2435beda58222022298d5625d49fea74d18816fbb31d?s=96&d=mm&r=g","caption":"i l"},"url":"https:\/\/kosovatimes.info\/index.php\/author\/iliri\/"}]}},"_links":{"self":[{"href":"https:\/\/kosovatimes.info\/index.php\/wp-json\/wp\/v2\/posts\/30635","targetHints":{"allow":["GET"]}}],"collection":[{"href":"https:\/\/kosovatimes.info\/index.php\/wp-json\/wp\/v2\/posts"}],"about":[{"href":"https:\/\/kosovatimes.info\/index.php\/wp-json\/wp\/v2\/types\/post"}],"author":[{"embeddable":true,"href":"https:\/\/kosovatimes.info\/index.php\/wp-json\/wp\/v2\/users\/4"}],"replies":[{"embeddable":true,"href":"https:\/\/kosovatimes.info\/index.php\/wp-json\/wp\/v2\/comments?post=30635"}],"version-history":[{"count":2,"href":"https:\/\/kosovatimes.info\/index.php\/wp-json\/wp\/v2\/posts\/30635\/revisions"}],"predecessor-version":[{"id":30644,"href":"https:\/\/kosovatimes.info\/index.php\/wp-json\/wp\/v2\/posts\/30635\/revisions\/30644"}],"wp:featuredmedia":[{"embeddable":true,"href":"https:\/\/kosovatimes.info\/index.php\/wp-json\/wp\/v2\/media\/30637"}],"wp:attachment":[{"href":"https:\/\/kosovatimes.info\/index.php\/wp-json\/wp\/v2\/media?parent=30635"}],"wp:term":[{"taxonomy":"category","embeddable":true,"href":"https:\/\/kosovatimes.info\/index.php\/wp-json\/wp\/v2\/categories?post=30635"},{"taxonomy":"post_tag","embeddable":true,"href":"https:\/\/kosovatimes.info\/index.php\/wp-json\/wp\/v2\/tags?post=30635"}],"curies":[{"name":"wp","href":"https:\/\/api.w.org\/{rel}","templated":true}]}}