{"id":30648,"date":"2026-09-02T16:10:04","date_gmt":"2026-09-02T14:10:04","guid":{"rendered":"https:\/\/kosovatimes.info\/?p=30648"},"modified":"2026-09-02T16:10:05","modified_gmt":"2026-09-02T14:10:05","slug":"erdogan-kercenon-greqine-ndalo-armatosjen-e-ishujve-historia-eshte-nje-udherrefyes-i-mire-per-ata-qe-dine-te-mesojne-prej-saj","status":"publish","type":"post","link":"https:\/\/kosovatimes.info\/index.php\/2026\/09\/02\/erdogan-kercenon-greqine-ndalo-armatosjen-e-ishujve-historia-eshte-nje-udherrefyes-i-mire-per-ata-qe-dine-te-mesojne-prej-saj\/","title":{"rendered":"Erdogan k\u00ebrc\u00ebnon Greqin\u00eb: Ndalo armatosjen e ishujve, historia \u00ebsht\u00eb nj\u00eb udh\u00ebrr\u00ebfyes i mir\u00eb p\u00ebr ata q\u00eb din\u00eb t\u00eb m\u00ebsojn\u00eb prej saj"},"content":{"rendered":"\n<p class=\"wp-block-paragraph\">Presidenti turk, Recep Tayyip Erdogan, i ka b\u00ebr\u00eb thirrje Greqis\u00eb q\u00eb t\u00eb ndaloj\u00eb armatosjen e ishujve, t\u00eb cil\u00ebt kan\u00eb status t\u00eb demilitarizuar, duke paralajm\u00ebruar se qasja paq\u00ebsore e Turqis\u00eb nuk duhet t\u00eb shihet si shenj\u00eb dob\u00ebsie.<\/p>\n\n\n\n<p class=\"wp-block-paragraph\">Erdogan e tha k\u00ebt\u00eb n\u00eb p\u00ebrgjigje t\u00eb pyetjeve t\u00eb gazetar\u00ebve gjat\u00eb fluturimit t\u00eb kthimit nga Bishkek, ku mori pjes\u00eb n\u00eb samitin e Organizat\u00ebs s\u00eb Bashk\u00ebpunimit t\u00eb Shangait q\u00eb u mbajt n\u00eb Kirgistan.<\/p>\n\n\n\n<p class=\"wp-block-paragraph\">&#8220;Greqia duhet ta braktis\u00eb k\u00ebt\u00eb rrug\u00eb t\u00eb gabuar dhe t\u00eb ndaloj\u00eb armatosjen e ishujve me status t\u00eb demilitarizuar. Historia \u00ebsht\u00eb nj\u00eb udh\u00ebrr\u00ebfyes shum\u00eb i mir\u00eb p\u00ebr ata q\u00eb m\u00ebsojn\u00eb prej saj&#8221;, tha Erdogan.<\/p>\n\n\n\n<p class=\"wp-block-paragraph\">Erdogan tha se Turqia d\u00ebshiron q\u00eb marr\u00ebdh\u00ebniet me Greqin\u00eb t\u00eb zhvillohen n\u00eb baz\u00eb t\u00eb fqinj\u00ebsis\u00eb s\u00eb mir\u00eb dhe theksoi se Ankaraja vazhdimisht ka vepruar sinqerisht dhe n\u00eb m\u00ebnyr\u00eb konstruktive.<\/p>\n\n\n\n<p class=\"wp-block-paragraph\">&#8220;Turqia nuk ka pretendime p\u00ebr territorin e popujve t\u00eb tjer\u00eb, por nuk do t\u00eb lejoj\u00eb ask\u00ebnd t\u00eb shkel\u00eb t\u00eb drejtat e saj. Kushdo q\u00eb e interpreton qasjen paq\u00ebsore dhe t\u00eb kujdesshme t\u00eb Turqis\u00eb si dob\u00ebsi, po b\u00ebn nj\u00eb gabim t\u00eb madh&#8221;, tha ai, duke shtuar se injorimi i marr\u00ebveshjeve nd\u00ebrkomb\u00ebtare nuk do t&#8217;i sjell\u00eb dobi askujt.<\/p>\n\n\n\n<p class=\"wp-block-paragraph\">Erdogan tha se zhvilloi nj\u00eb takim dypal\u00ebsh &#8220;shum\u00eb produktiv&#8221; dhe &#8220;shum\u00eb t\u00eb sinqert\u00eb&#8221; me presidentin rus Vladimir Putin n\u00eb Bishkek, ku diskutuan luft\u00ebn midis Rusis\u00eb dhe Ukrain\u00ebs, si dhe energjin\u00eb, tregtin\u00eb, turizmin dhe investimet.<\/p>\n\n\n\n<p class=\"wp-block-paragraph\">Ai theksoi se Turqia \u00ebsht\u00eb e gatshme t\u00eb b\u00ebj\u00eb gjith\u00e7ka q\u00eb mundet p\u00ebr t\u00eb mb\u00ebshtetur procesin e paqes midis Rusis\u00eb dhe Ukrain\u00ebs.<\/p>\n\n\n\n<p class=\"wp-block-paragraph\">&#8220;E v\u00ebrteta \u00ebsht\u00eb se paqja, jo lufta, do t\u00eb fitoj\u00eb&#8221;, tha Erdogan.<\/p>\n\n\n\n<p class=\"wp-block-paragraph\">Ai shtoi se as Putini dhe as Turqia nuk duan q\u00eb lufta t\u00eb vazhdoj\u00eb dhe se Ankaraja d\u00ebshiron q\u00eb paqja t\u00eb mbizot\u00ebroj\u00eb n\u00eb rajon sa m\u00eb shpejt t\u00eb jet\u00eb e mundur.<\/p>\n\n\n\n<p class=\"wp-block-paragraph\">Duke folur p\u00ebr Aleanc\u00ebn e Mbrojtjes midis Turqis\u00eb, Pakistanit dhe Arabis\u00eb Saudite, Erdogan tha se takimi i par\u00eb i Komitetit t\u00eb tij Strategjik Politik dhe Ushtarak n\u00eb Stamboll ishte nj\u00eb hap i r\u00ebnd\u00ebsish\u00ebm drejt b\u00ebrjes funksionale t\u00eb aleanc\u00ebs.<\/p>\n\n\n\n<p class=\"wp-block-paragraph\">Ai tha se ministrat e pun\u00ebve t\u00eb jashtme, ministrat e mbrojtjes dhe shefat e shtabeve t\u00eb p\u00ebrgjithshme t\u00eb tre vendeve diskutuan krijimin dhe aktivizimin e sekretariatit, bashk\u00ebpunimin n\u00eb fush\u00ebn e industris\u00eb s\u00eb mbrojtjes, trajnimin ushtarak, standardizimin, si dhe shk\u00ebmbimin e informacionit mbi k\u00ebrc\u00ebnimet, kapacitetet dhe burimet.<\/p>\n\n\n\n<p class=\"wp-block-paragraph\">Erdogan tha se disa vende reaguan hapur ose privatisht ndaj formimit t\u00eb aleanc\u00ebs, por ai theksoi se ajo u krijua me q\u00ebllim p\u00ebrmir\u00ebsimin e stabilitetit dhe siguris\u00eb rajonale.<\/p>\n\n\n\n<p class=\"wp-block-paragraph\">\u201cS\u00eb bashku me v\u00ebllez\u00ebrit tan\u00eb, ne do ta vazhdojm\u00eb udh\u00ebtimin ton\u00eb edhe m\u00eb t\u00eb fort\u00eb\u201d, tha ai.<\/p>\n","protected":false},"excerpt":{"rendered":"<p>Presidenti turk, Recep Tayyip Erdogan, i ka b\u00ebr\u00eb thirrje Greqis\u00eb q\u00eb t\u00eb ndaloj\u00eb armatosjen e ishujve, t\u00eb cil\u00ebt kan\u00eb status t\u00eb demilitarizuar, duke paralajm\u00ebruar se qasja paq\u00ebsore e Turqis\u00eb nuk duhet t\u00eb shihet si shenj\u00eb dob\u00ebsie. Erdogan e tha k\u00ebt\u00eb n\u00eb p\u00ebrgjigje t\u00eb pyetjeve t\u00eb gazetar\u00ebve gjat\u00eb fluturimit t\u00eb kthimit nga Bishkek, ku mori pjes\u00eb [&hellip;]<\/p>\n","protected":false},"author":4,"featured_media":30649,"comment_status":"open","ping_status":"open","sticky":false,"template":"","format":"standard","meta":{"footnotes":""},"categories":[30,32],"tags":[],"class_list":["post-30648","post","type-post","status-publish","format-standard","has-post-thumbnail","category-lajme","category-rajon"],"yoast_head":"<!-- This site is optimized with the Yoast SEO plugin v27.4 - https:\/\/yoast.com\/product\/yoast-seo-wordpress\/ -->\n<title>Erdogan k\u00ebrc\u00ebnon Greqin\u00eb: Ndalo armatosjen e ishujve, historia \u00ebsht\u00eb nj\u00eb udh\u00ebrr\u00ebfyes i mir\u00eb p\u00ebr ata q\u00eb din\u00eb t\u00eb m\u00ebsojn\u00eb prej saj - Kosova Times<\/title>\n<meta name=\"robots\" content=\"index, follow, max-snippet:-1, max-image-preview:large, max-video-preview:-1\" \/>\n<link rel=\"canonical\" href=\"https:\/\/kosovatimes.info\/index.php\/2026\/09\/02\/erdogan-kercenon-greqine-ndalo-armatosjen-e-ishujve-historia-eshte-nje-udherrefyes-i-mire-per-ata-qe-dine-te-mesojne-prej-saj\/\" \/>\n<meta property=\"og:locale\" content=\"en_US\" \/>\n<meta property=\"og:type\" content=\"article\" \/>\n<meta property=\"og:title\" content=\"Erdogan k\u00ebrc\u00ebnon Greqin\u00eb: Ndalo armatosjen e ishujve, historia \u00ebsht\u00eb nj\u00eb udh\u00ebrr\u00ebfyes i mir\u00eb p\u00ebr ata q\u00eb din\u00eb t\u00eb m\u00ebsojn\u00eb prej saj - Kosova Times\" \/>\n<meta property=\"og:description\" content=\"Presidenti turk, Recep Tayyip Erdogan, i ka b\u00ebr\u00eb thirrje Greqis\u00eb q\u00eb t\u00eb ndaloj\u00eb armatosjen e ishujve, t\u00eb cil\u00ebt kan\u00eb status t\u00eb demilitarizuar, duke paralajm\u00ebruar se qasja paq\u00ebsore e Turqis\u00eb nuk duhet t\u00eb shihet si shenj\u00eb dob\u00ebsie. Erdogan e tha k\u00ebt\u00eb n\u00eb p\u00ebrgjigje t\u00eb pyetjeve t\u00eb gazetar\u00ebve gjat\u00eb fluturimit t\u00eb kthimit nga Bishkek, ku mori pjes\u00eb [&hellip;]\" \/>\n<meta property=\"og:url\" content=\"https:\/\/kosovatimes.info\/index.php\/2026\/09\/02\/erdogan-kercenon-greqine-ndalo-armatosjen-e-ishujve-historia-eshte-nje-udherrefyes-i-mire-per-ata-qe-dine-te-mesojne-prej-saj\/\" \/>\n<meta property=\"og:site_name\" content=\"Kosova Times\" \/>\n<meta property=\"article:published_time\" content=\"2026-09-02T14:10:04+00:00\" \/>\n<meta property=\"article:modified_time\" content=\"2026-09-02T14:10:05+00:00\" \/>\n<meta property=\"og:image\" content=\"https:\/\/kosovatimes.info\/wp-content\/uploads\/2026\/09\/Erdogan.webp\" \/>\n\t<meta property=\"og:image:width\" content=\"800\" \/>\n\t<meta property=\"og:image:height\" content=\"533\" \/>\n\t<meta property=\"og:image:type\" content=\"image\/webp\" \/>\n<meta name=\"author\" content=\"i l\" \/>\n<meta name=\"twitter:card\" content=\"summary_large_image\" \/>\n<meta name=\"twitter:label1\" content=\"Written by\" \/>\n\t<meta name=\"twitter:data1\" content=\"i l\" \/>\n\t<meta name=\"twitter:label2\" content=\"Est. reading time\" \/>\n\t<meta name=\"twitter:data2\" content=\"3 minutes\" \/>\n<script type=\"application\/ld+json\" class=\"yoast-schema-graph\">{\"@context\":\"https:\\\/\\\/schema.org\",\"@graph\":[{\"@type\":\"Article\",\"@id\":\"https:\\\/\\\/kosovatimes.info\\\/index.php\\\/2026\\\/09\\\/02\\\/erdogan-kercenon-greqine-ndalo-armatosjen-e-ishujve-historia-eshte-nje-udherrefyes-i-mire-per-ata-qe-dine-te-mesojne-prej-saj\\\/#article\",\"isPartOf\":{\"@id\":\"https:\\\/\\\/kosovatimes.info\\\/index.php\\\/2026\\\/09\\\/02\\\/erdogan-kercenon-greqine-ndalo-armatosjen-e-ishujve-historia-eshte-nje-udherrefyes-i-mire-per-ata-qe-dine-te-mesojne-prej-saj\\\/\"},\"author\":{\"name\":\"i l\",\"@id\":\"https:\\\/\\\/kosovatimes.info\\\/#\\\/schema\\\/person\\\/7586712b9c512fe68085de007378c915\"},\"headline\":\"Erdogan k\u00ebrc\u00ebnon Greqin\u00eb: Ndalo armatosjen e ishujve, historia \u00ebsht\u00eb nj\u00eb udh\u00ebrr\u00ebfyes i mir\u00eb p\u00ebr ata q\u00eb din\u00eb t\u00eb m\u00ebsojn\u00eb prej saj\",\"datePublished\":\"2026-09-02T14:10:04+00:00\",\"dateModified\":\"2026-09-02T14:10:05+00:00\",\"mainEntityOfPage\":{\"@id\":\"https:\\\/\\\/kosovatimes.info\\\/index.php\\\/2026\\\/09\\\/02\\\/erdogan-kercenon-greqine-ndalo-armatosjen-e-ishujve-historia-eshte-nje-udherrefyes-i-mire-per-ata-qe-dine-te-mesojne-prej-saj\\\/\"},\"wordCount\":502,\"commentCount\":0,\"image\":{\"@id\":\"https:\\\/\\\/kosovatimes.info\\\/index.php\\\/2026\\\/09\\\/02\\\/erdogan-kercenon-greqine-ndalo-armatosjen-e-ishujve-historia-eshte-nje-udherrefyes-i-mire-per-ata-qe-dine-te-mesojne-prej-saj\\\/#primaryimage\"},\"thumbnailUrl\":\"https:\\\/\\\/kosovatimes.info\\\/wp-content\\\/uploads\\\/2026\\\/09\\\/Erdogan.webp\",\"articleSection\":[\"Lajme\",\"Rajon\"],\"inLanguage\":\"en-US\",\"potentialAction\":[{\"@type\":\"CommentAction\",\"name\":\"Comment\",\"target\":[\"https:\\\/\\\/kosovatimes.info\\\/index.php\\\/2026\\\/09\\\/02\\\/erdogan-kercenon-greqine-ndalo-armatosjen-e-ishujve-historia-eshte-nje-udherrefyes-i-mire-per-ata-qe-dine-te-mesojne-prej-saj\\\/#respond\"]}]},{\"@type\":\"WebPage\",\"@id\":\"https:\\\/\\\/kosovatimes.info\\\/index.php\\\/2026\\\/09\\\/02\\\/erdogan-kercenon-greqine-ndalo-armatosjen-e-ishujve-historia-eshte-nje-udherrefyes-i-mire-per-ata-qe-dine-te-mesojne-prej-saj\\\/\",\"url\":\"https:\\\/\\\/kosovatimes.info\\\/index.php\\\/2026\\\/09\\\/02\\\/erdogan-kercenon-greqine-ndalo-armatosjen-e-ishujve-historia-eshte-nje-udherrefyes-i-mire-per-ata-qe-dine-te-mesojne-prej-saj\\\/\",\"name\":\"Erdogan k\u00ebrc\u00ebnon Greqin\u00eb: Ndalo armatosjen e ishujve, historia \u00ebsht\u00eb nj\u00eb udh\u00ebrr\u00ebfyes i mir\u00eb p\u00ebr ata q\u00eb din\u00eb t\u00eb m\u00ebsojn\u00eb prej saj - Kosova Times\",\"isPartOf\":{\"@id\":\"https:\\\/\\\/kosovatimes.info\\\/#website\"},\"primaryImageOfPage\":{\"@id\":\"https:\\\/\\\/kosovatimes.info\\\/index.php\\\/2026\\\/09\\\/02\\\/erdogan-kercenon-greqine-ndalo-armatosjen-e-ishujve-historia-eshte-nje-udherrefyes-i-mire-per-ata-qe-dine-te-mesojne-prej-saj\\\/#primaryimage\"},\"image\":{\"@id\":\"https:\\\/\\\/kosovatimes.info\\\/index.php\\\/2026\\\/09\\\/02\\\/erdogan-kercenon-greqine-ndalo-armatosjen-e-ishujve-historia-eshte-nje-udherrefyes-i-mire-per-ata-qe-dine-te-mesojne-prej-saj\\\/#primaryimage\"},\"thumbnailUrl\":\"https:\\\/\\\/kosovatimes.info\\\/wp-content\\\/uploads\\\/2026\\\/09\\\/Erdogan.webp\",\"datePublished\":\"2026-09-02T14:10:04+00:00\",\"dateModified\":\"2026-09-02T14:10:05+00:00\",\"author\":{\"@id\":\"https:\\\/\\\/kosovatimes.info\\\/#\\\/schema\\\/person\\\/7586712b9c512fe68085de007378c915\"},\"breadcrumb\":{\"@id\":\"https:\\\/\\\/kosovatimes.info\\\/index.php\\\/2026\\\/09\\\/02\\\/erdogan-kercenon-greqine-ndalo-armatosjen-e-ishujve-historia-eshte-nje-udherrefyes-i-mire-per-ata-qe-dine-te-mesojne-prej-saj\\\/#breadcrumb\"},\"inLanguage\":\"en-US\",\"potentialAction\":[{\"@type\":\"ReadAction\",\"target\":[\"https:\\\/\\\/kosovatimes.info\\\/index.php\\\/2026\\\/09\\\/02\\\/erdogan-kercenon-greqine-ndalo-armatosjen-e-ishujve-historia-eshte-nje-udherrefyes-i-mire-per-ata-qe-dine-te-mesojne-prej-saj\\\/\"]}]},{\"@type\":\"ImageObject\",\"inLanguage\":\"en-US\",\"@id\":\"https:\\\/\\\/kosovatimes.info\\\/index.php\\\/2026\\\/09\\\/02\\\/erdogan-kercenon-greqine-ndalo-armatosjen-e-ishujve-historia-eshte-nje-udherrefyes-i-mire-per-ata-qe-dine-te-mesojne-prej-saj\\\/#primaryimage\",\"url\":\"https:\\\/\\\/kosovatimes.info\\\/wp-content\\\/uploads\\\/2026\\\/09\\\/Erdogan.webp\",\"contentUrl\":\"https:\\\/\\\/kosovatimes.info\\\/wp-content\\\/uploads\\\/2026\\\/09\\\/Erdogan.webp\",\"width\":800,\"height\":533},{\"@type\":\"BreadcrumbList\",\"@id\":\"https:\\\/\\\/kosovatimes.info\\\/index.php\\\/2026\\\/09\\\/02\\\/erdogan-kercenon-greqine-ndalo-armatosjen-e-ishujve-historia-eshte-nje-udherrefyes-i-mire-per-ata-qe-dine-te-mesojne-prej-saj\\\/#breadcrumb\",\"itemListElement\":[{\"@type\":\"ListItem\",\"position\":1,\"name\":\"Home\",\"item\":\"https:\\\/\\\/kosovatimes.info\\\/\"},{\"@type\":\"ListItem\",\"position\":2,\"name\":\"Erdogan k\u00ebrc\u00ebnon Greqin\u00eb: Ndalo armatosjen e ishujve, historia \u00ebsht\u00eb nj\u00eb udh\u00ebrr\u00ebfyes i mir\u00eb p\u00ebr ata q\u00eb din\u00eb t\u00eb m\u00ebsojn\u00eb prej saj\"}]},{\"@type\":\"WebSite\",\"@id\":\"https:\\\/\\\/kosovatimes.info\\\/#website\",\"url\":\"https:\\\/\\\/kosovatimes.info\\\/\",\"name\":\"Kosova Times\",\"description\":\"\",\"potentialAction\":[{\"@type\":\"SearchAction\",\"target\":{\"@type\":\"EntryPoint\",\"urlTemplate\":\"https:\\\/\\\/kosovatimes.info\\\/?s={search_term_string}\"},\"query-input\":{\"@type\":\"PropertyValueSpecification\",\"valueRequired\":true,\"valueName\":\"search_term_string\"}}],\"inLanguage\":\"en-US\"},{\"@type\":\"Person\",\"@id\":\"https:\\\/\\\/kosovatimes.info\\\/#\\\/schema\\\/person\\\/7586712b9c512fe68085de007378c915\",\"name\":\"i l\",\"image\":{\"@type\":\"ImageObject\",\"inLanguage\":\"en-US\",\"@id\":\"https:\\\/\\\/secure.gravatar.com\\\/avatar\\\/bad9296e02816160ae2e2435beda58222022298d5625d49fea74d18816fbb31d?s=96&d=mm&r=g\",\"url\":\"https:\\\/\\\/secure.gravatar.com\\\/avatar\\\/bad9296e02816160ae2e2435beda58222022298d5625d49fea74d18816fbb31d?s=96&d=mm&r=g\",\"contentUrl\":\"https:\\\/\\\/secure.gravatar.com\\\/avatar\\\/bad9296e02816160ae2e2435beda58222022298d5625d49fea74d18816fbb31d?s=96&d=mm&r=g\",\"caption\":\"i l\"},\"url\":\"https:\\\/\\\/kosovatimes.info\\\/index.php\\\/author\\\/iliri\\\/\"}]}<\/script>\n<!-- \/ Yoast SEO plugin. -->","yoast_head_json":{"title":"Erdogan k\u00ebrc\u00ebnon Greqin\u00eb: Ndalo armatosjen e ishujve, historia \u00ebsht\u00eb nj\u00eb udh\u00ebrr\u00ebfyes i mir\u00eb p\u00ebr ata q\u00eb din\u00eb t\u00eb m\u00ebsojn\u00eb prej saj - Kosova Times","robots":{"index":"index","follow":"follow","max-snippet":"max-snippet:-1","max-image-preview":"max-image-preview:large","max-video-preview":"max-video-preview:-1"},"canonical":"https:\/\/kosovatimes.info\/index.php\/2026\/09\/02\/erdogan-kercenon-greqine-ndalo-armatosjen-e-ishujve-historia-eshte-nje-udherrefyes-i-mire-per-ata-qe-dine-te-mesojne-prej-saj\/","og_locale":"en_US","og_type":"article","og_title":"Erdogan k\u00ebrc\u00ebnon Greqin\u00eb: Ndalo armatosjen e ishujve, historia \u00ebsht\u00eb nj\u00eb udh\u00ebrr\u00ebfyes i mir\u00eb p\u00ebr ata q\u00eb din\u00eb t\u00eb m\u00ebsojn\u00eb prej saj - Kosova Times","og_description":"Presidenti turk, Recep Tayyip Erdogan, i ka b\u00ebr\u00eb thirrje Greqis\u00eb q\u00eb t\u00eb ndaloj\u00eb armatosjen e ishujve, t\u00eb cil\u00ebt kan\u00eb status t\u00eb demilitarizuar, duke paralajm\u00ebruar se qasja paq\u00ebsore e Turqis\u00eb nuk duhet t\u00eb shihet si shenj\u00eb dob\u00ebsie. Erdogan e tha k\u00ebt\u00eb n\u00eb p\u00ebrgjigje t\u00eb pyetjeve t\u00eb gazetar\u00ebve gjat\u00eb fluturimit t\u00eb kthimit nga Bishkek, ku mori pjes\u00eb [&hellip;]","og_url":"https:\/\/kosovatimes.info\/index.php\/2026\/09\/02\/erdogan-kercenon-greqine-ndalo-armatosjen-e-ishujve-historia-eshte-nje-udherrefyes-i-mire-per-ata-qe-dine-te-mesojne-prej-saj\/","og_site_name":"Kosova Times","article_published_time":"2026-09-02T14:10:04+00:00","article_modified_time":"2026-09-02T14:10:05+00:00","og_image":[{"width":800,"height":533,"url":"https:\/\/kosovatimes.info\/wp-content\/uploads\/2026\/09\/Erdogan.webp","type":"image\/webp"}],"author":"i l","twitter_card":"summary_large_image","twitter_misc":{"Written by":"i l","Est. reading time":"3 minutes"},"schema":{"@context":"https:\/\/schema.org","@graph":[{"@type":"Article","@id":"https:\/\/kosovatimes.info\/index.php\/2026\/09\/02\/erdogan-kercenon-greqine-ndalo-armatosjen-e-ishujve-historia-eshte-nje-udherrefyes-i-mire-per-ata-qe-dine-te-mesojne-prej-saj\/#article","isPartOf":{"@id":"https:\/\/kosovatimes.info\/index.php\/2026\/09\/02\/erdogan-kercenon-greqine-ndalo-armatosjen-e-ishujve-historia-eshte-nje-udherrefyes-i-mire-per-ata-qe-dine-te-mesojne-prej-saj\/"},"author":{"name":"i l","@id":"https:\/\/kosovatimes.info\/#\/schema\/person\/7586712b9c512fe68085de007378c915"},"headline":"Erdogan k\u00ebrc\u00ebnon Greqin\u00eb: Ndalo armatosjen e ishujve, historia \u00ebsht\u00eb nj\u00eb udh\u00ebrr\u00ebfyes i mir\u00eb p\u00ebr ata q\u00eb din\u00eb t\u00eb m\u00ebsojn\u00eb prej saj","datePublished":"2026-09-02T14:10:04+00:00","dateModified":"2026-09-02T14:10:05+00:00","mainEntityOfPage":{"@id":"https:\/\/kosovatimes.info\/index.php\/2026\/09\/02\/erdogan-kercenon-greqine-ndalo-armatosjen-e-ishujve-historia-eshte-nje-udherrefyes-i-mire-per-ata-qe-dine-te-mesojne-prej-saj\/"},"wordCount":502,"commentCount":0,"image":{"@id":"https:\/\/kosovatimes.info\/index.php\/2026\/09\/02\/erdogan-kercenon-greqine-ndalo-armatosjen-e-ishujve-historia-eshte-nje-udherrefyes-i-mire-per-ata-qe-dine-te-mesojne-prej-saj\/#primaryimage"},"thumbnailUrl":"https:\/\/kosovatimes.info\/wp-content\/uploads\/2026\/09\/Erdogan.webp","articleSection":["Lajme","Rajon"],"inLanguage":"en-US","potentialAction":[{"@type":"CommentAction","name":"Comment","target":["https:\/\/kosovatimes.info\/index.php\/2026\/09\/02\/erdogan-kercenon-greqine-ndalo-armatosjen-e-ishujve-historia-eshte-nje-udherrefyes-i-mire-per-ata-qe-dine-te-mesojne-prej-saj\/#respond"]}]},{"@type":"WebPage","@id":"https:\/\/kosovatimes.info\/index.php\/2026\/09\/02\/erdogan-kercenon-greqine-ndalo-armatosjen-e-ishujve-historia-eshte-nje-udherrefyes-i-mire-per-ata-qe-dine-te-mesojne-prej-saj\/","url":"https:\/\/kosovatimes.info\/index.php\/2026\/09\/02\/erdogan-kercenon-greqine-ndalo-armatosjen-e-ishujve-historia-eshte-nje-udherrefyes-i-mire-per-ata-qe-dine-te-mesojne-prej-saj\/","name":"Erdogan k\u00ebrc\u00ebnon Greqin\u00eb: Ndalo armatosjen e ishujve, historia \u00ebsht\u00eb nj\u00eb udh\u00ebrr\u00ebfyes i mir\u00eb p\u00ebr ata q\u00eb din\u00eb t\u00eb m\u00ebsojn\u00eb prej saj - Kosova Times","isPartOf":{"@id":"https:\/\/kosovatimes.info\/#website"},"primaryImageOfPage":{"@id":"https:\/\/kosovatimes.info\/index.php\/2026\/09\/02\/erdogan-kercenon-greqine-ndalo-armatosjen-e-ishujve-historia-eshte-nje-udherrefyes-i-mire-per-ata-qe-dine-te-mesojne-prej-saj\/#primaryimage"},"image":{"@id":"https:\/\/kosovatimes.info\/index.php\/2026\/09\/02\/erdogan-kercenon-greqine-ndalo-armatosjen-e-ishujve-historia-eshte-nje-udherrefyes-i-mire-per-ata-qe-dine-te-mesojne-prej-saj\/#primaryimage"},"thumbnailUrl":"https:\/\/kosovatimes.info\/wp-content\/uploads\/2026\/09\/Erdogan.webp","datePublished":"2026-09-02T14:10:04+00:00","dateModified":"2026-09-02T14:10:05+00:00","author":{"@id":"https:\/\/kosovatimes.info\/#\/schema\/person\/7586712b9c512fe68085de007378c915"},"breadcrumb":{"@id":"https:\/\/kosovatimes.info\/index.php\/2026\/09\/02\/erdogan-kercenon-greqine-ndalo-armatosjen-e-ishujve-historia-eshte-nje-udherrefyes-i-mire-per-ata-qe-dine-te-mesojne-prej-saj\/#breadcrumb"},"inLanguage":"en-US","potentialAction":[{"@type":"ReadAction","target":["https:\/\/kosovatimes.info\/index.php\/2026\/09\/02\/erdogan-kercenon-greqine-ndalo-armatosjen-e-ishujve-historia-eshte-nje-udherrefyes-i-mire-per-ata-qe-dine-te-mesojne-prej-saj\/"]}]},{"@type":"ImageObject","inLanguage":"en-US","@id":"https:\/\/kosovatimes.info\/index.php\/2026\/09\/02\/erdogan-kercenon-greqine-ndalo-armatosjen-e-ishujve-historia-eshte-nje-udherrefyes-i-mire-per-ata-qe-dine-te-mesojne-prej-saj\/#primaryimage","url":"https:\/\/kosovatimes.info\/wp-content\/uploads\/2026\/09\/Erdogan.webp","contentUrl":"https:\/\/kosovatimes.info\/wp-content\/uploads\/2026\/09\/Erdogan.webp","width":800,"height":533},{"@type":"BreadcrumbList","@id":"https:\/\/kosovatimes.info\/index.php\/2026\/09\/02\/erdogan-kercenon-greqine-ndalo-armatosjen-e-ishujve-historia-eshte-nje-udherrefyes-i-mire-per-ata-qe-dine-te-mesojne-prej-saj\/#breadcrumb","itemListElement":[{"@type":"ListItem","position":1,"name":"Home","item":"https:\/\/kosovatimes.info\/"},{"@type":"ListItem","position":2,"name":"Erdogan k\u00ebrc\u00ebnon Greqin\u00eb: Ndalo armatosjen e ishujve, historia \u00ebsht\u00eb nj\u00eb udh\u00ebrr\u00ebfyes i mir\u00eb p\u00ebr ata q\u00eb din\u00eb t\u00eb m\u00ebsojn\u00eb prej saj"}]},{"@type":"WebSite","@id":"https:\/\/kosovatimes.info\/#website","url":"https:\/\/kosovatimes.info\/","name":"Kosova Times","description":"","potentialAction":[{"@type":"SearchAction","target":{"@type":"EntryPoint","urlTemplate":"https:\/\/kosovatimes.info\/?s={search_term_string}"},"query-input":{"@type":"PropertyValueSpecification","valueRequired":true,"valueName":"search_term_string"}}],"inLanguage":"en-US"},{"@type":"Person","@id":"https:\/\/kosovatimes.info\/#\/schema\/person\/7586712b9c512fe68085de007378c915","name":"i l","image":{"@type":"ImageObject","inLanguage":"en-US","@id":"https:\/\/secure.gravatar.com\/avatar\/bad9296e02816160ae2e2435beda58222022298d5625d49fea74d18816fbb31d?s=96&d=mm&r=g","url":"https:\/\/secure.gravatar.com\/avatar\/bad9296e02816160ae2e2435beda58222022298d5625d49fea74d18816fbb31d?s=96&d=mm&r=g","contentUrl":"https:\/\/secure.gravatar.com\/avatar\/bad9296e02816160ae2e2435beda58222022298d5625d49fea74d18816fbb31d?s=96&d=mm&r=g","caption":"i l"},"url":"https:\/\/kosovatimes.info\/index.php\/author\/iliri\/"}]}},"_links":{"self":[{"href":"https:\/\/kosovatimes.info\/index.php\/wp-json\/wp\/v2\/posts\/30648","targetHints":{"allow":["GET"]}}],"collection":[{"href":"https:\/\/kosovatimes.info\/index.php\/wp-json\/wp\/v2\/posts"}],"about":[{"href":"https:\/\/kosovatimes.info\/index.php\/wp-json\/wp\/v2\/types\/post"}],"author":[{"embeddable":true,"href":"https:\/\/kosovatimes.info\/index.php\/wp-json\/wp\/v2\/users\/4"}],"replies":[{"embeddable":true,"href":"https:\/\/kosovatimes.info\/index.php\/wp-json\/wp\/v2\/comments?post=30648"}],"version-history":[{"count":1,"href":"https:\/\/kosovatimes.info\/index.php\/wp-json\/wp\/v2\/posts\/30648\/revisions"}],"predecessor-version":[{"id":30650,"href":"https:\/\/kosovatimes.info\/index.php\/wp-json\/wp\/v2\/posts\/30648\/revisions\/30650"}],"wp:featuredmedia":[{"embeddable":true,"href":"https:\/\/kosovatimes.info\/index.php\/wp-json\/wp\/v2\/media\/30649"}],"wp:attachment":[{"href":"https:\/\/kosovatimes.info\/index.php\/wp-json\/wp\/v2\/media?parent=30648"}],"wp:term":[{"taxonomy":"category","embeddable":true,"href":"https:\/\/kosovatimes.info\/index.php\/wp-json\/wp\/v2\/categories?post=30648"},{"taxonomy":"post_tag","embeddable":true,"href":"https:\/\/kosovatimes.info\/index.php\/wp-json\/wp\/v2\/tags?post=30648"}],"curies":[{"name":"wp","href":"https:\/\/api.w.org\/{rel}","templated":true}]}}