{"id":30651,"date":"2026-09-02T15:01:00","date_gmt":"2026-09-02T13:01:00","guid":{"rendered":"https:\/\/kosovatimes.info\/?p=30651"},"modified":"2026-09-02T16:12:31","modified_gmt":"2026-09-02T14:12:31","slug":"violoncelisti-ukrainas-luan-ne-rruget-dhe-varrezat-e-sarajeves-koncert-ne-nder-te-viktimave-te-rrethimit","status":"publish","type":"post","link":"https:\/\/kosovatimes.info\/index.php\/2026\/09\/02\/violoncelisti-ukrainas-luan-ne-rruget-dhe-varrezat-e-sarajeves-koncert-ne-nder-te-viktimave-te-rrethimit\/","title":{"rendered":"Violon\u00e7elisti ukrainas luan n\u00eb rrug\u00ebt dhe varrezat e Sarajev\u00ebs: Koncert n\u00eb nder t\u00eb viktimave t\u00eb rrethimit"},"content":{"rendered":"\n<p class=\"wp-block-paragraph\">Violon\u00e7elisti ukrainas Denys Kara\u010devtsev performoi n\u00eb Sarajev\u00eb n\u00eb vendet ku violon\u00e7elisti boshnjak dhe hercegovinas Vedran Smailovi\u0107 luajti gjat\u00eb rrethimit n\u00eb vitin 1992. N\u00eb k\u00ebt\u00eb m\u00ebnyr\u00eb, lidhja midis dy qyteteve u tregua simbolikisht.<\/p>\n\n\n\n<p class=\"wp-block-paragraph\">Koncerti quhet &#8220;Mos u m\u00ebso me t\u00eb: Sarajev\u00eb &#8211; Kharkiv&#8221; dhe u mbajt n\u00eb kuad\u00ebr t\u00eb Sarajev\u00ebs Fest. Denys Kara\u010devcev luajti n\u00eb Ferhadija, n\u00eb Vije\u0107nica dhe n\u00eb varrezat Lav dhe Stadion.<\/p>\n\n\n\n<p class=\"wp-block-paragraph\">Koncerti p\u00ebrb\u00ebhej nga nj\u00eb pjes\u00eb improvizuese dhe fragmente nga kompozimet e m\u00ebposhtme: Suita p\u00ebr violon\u00e7el solo Nr. 1: Prelud, Vals, Saraband\u00eb (Z. Alma\u0161i), Shtat\u00eb Agime t\u00eb Thjeshta p\u00ebr violon\u00e7el solo n\u00eb shtat\u00eb l\u00ebvizje (V. Rekalo), Suita Nr. 3 p\u00ebr violon\u00e7el solo: Courante; Suita Nr. 5 p\u00ebr violon\u00e7el solo: Prelud, Saraband\u00eb, Gigue (JS Bach), Suita p\u00ebr violon\u00e7el solo: Preludio-fantasia (G. Cassad\u00f3)<\/p>\n\n\n\n<figure class=\"wp-block-image\"><img decoding=\"async\" src=\"https:\/\/static.klix.ba\/media\/images\/vijesti\/260902103.640345_xl.jpg?v=1788353213\" alt=\"Me k\u00ebt\u00eb performanc\u00eb, Denys Kara\u010devcev d\u00ebshiron t\u00eb tregoj\u00eb simbolikisht lidhjen midis Sarajev\u00ebs dhe Kharkivit (Foto: TS\/Klix.ba)\"\/><\/figure>\n\n\n\n<p class=\"wp-block-paragraph\">Me k\u00ebt\u00eb performanc\u00eb, Denys Kara\u010devcev d\u00ebshiron t\u00eb tregoj\u00eb simbolikisht lidhjen midis Sarajev\u00ebs dhe Kharkivit (Foto: TS\/Klix.ba)<\/p>\n\n\n\n<p class=\"wp-block-paragraph\">Denys Kara\u010devtsev luajti n\u00eb rrug\u00ebt e Kharkivit n\u00eb vitin 2022 n\u00ebn sulmet me raketa. N\u00eb nj\u00eb intervist\u00eb me Klix.ba, ai deklaroi:<\/p>\n\n\n\n<p class=\"wp-block-paragraph\">&#8220;Para s\u00eb gjithash, \u00ebsht\u00eb shum\u00eb e r\u00ebnd\u00ebsishme p\u00ebr mua t\u00eb flas me njer\u00ebz q\u00eb e kuptojn\u00eb se \u00e7far\u00eb \u00ebsht\u00eb n\u00eb t\u00eb v\u00ebrtet\u00eb lufta. Sepse p\u00ebr t\u00eb gjith\u00eb ne ukrainasit, jeta jon\u00eb \u00ebsht\u00eb e ndar\u00eb n\u00eb periudh\u00ebn para pushtimit rus dhe at\u00eb pas tij. P\u00ebr dik\u00eb nga rajoni i Donbasit, kjo histori filloi n\u00eb vitin 2014, p\u00ebr t\u00eb tjer\u00ebt n\u00eb vitin 2022, por t\u00eb gjith\u00eb p\u00ebrjetuam nj\u00eb tronditje t\u00eb madhe dhe ndryshime t\u00eb thella t\u00eb brendshme.&#8221;<\/p>\n\n\n\n<figure class=\"wp-block-image\"><img decoding=\"async\" src=\"https:\/\/static.klix.ba\/media\/images\/vijesti\/260902103.640346_xl.jpg?v=1788353212\" alt=\"Ai tha gjithashtu se arti \u00ebsht\u00eb nj\u00eb gjuh\u00eb universale (Foto: TS\/Klix.ba)\"\/><\/figure>\n\n\n\n<p class=\"wp-block-paragraph\">Ai tha gjithashtu se arti \u00ebsht\u00eb nj\u00eb gjuh\u00eb universale (Foto: TS\/Klix.ba)<\/p>\n\n\n\n<p class=\"wp-block-paragraph\">Ai shtoi se nganj\u00ebher\u00eb \u00ebsht\u00eb shum\u00eb e v\u00ebshtir\u00eb t\u2019u shpjegosh ndjenjat q\u00eb vijn\u00eb me p\u00ebrvoj\u00ebn e luft\u00ebs njer\u00ebzve nga vende q\u00eb nuk kan\u00eb p\u00ebrjetuar di\u00e7ka t\u00eb ngjashme me luft\u00ebn p\u00ebr t\u00eb pakt\u00ebn tre breza.<\/p>\n\n\n\n<p class=\"wp-block-paragraph\">&#8220;Megjithat\u00eb, un\u00eb i kuptoj njer\u00ebzit e Sarajev\u00ebs si njer\u00ebz q\u00eb din\u00eb shum\u00eb p\u00ebr mbijetes\u00ebn, luft\u00ebn dhe shpres\u00ebn. Kat\u00ebr vjet \u00ebsht\u00eb nj\u00eb periudh\u00eb e gjat\u00eb edhe n\u00eb paqe, dhe n\u00eb luft\u00eb \u00ebsht\u00eb nj\u00eb koh\u00eb tep\u00ebr e gjat\u00eb. Kjo \u00ebsht\u00eb arsyeja pse mendoj se e kuptojm\u00eb nj\u00ebri-tjetrin thell\u00ebsisht dhe se mund t\u00eb nd\u00ebrtojm\u00eb nj\u00eb lidhje midis qyteteve dhe vendeve tona. Dhe, sigurisht, arti si nj\u00eb gjuh\u00eb universale mund t\u00eb jet\u00eb nj\u00eb pjes\u00eb e r\u00ebnd\u00ebsishme e asaj lidhjeje&#8221;, tha ai.<\/p>\n\n\n\n<figure class=\"wp-block-image\"><img decoding=\"async\" src=\"https:\/\/static.klix.ba\/media\/images\/vijesti\/260902103.640342_xl.jpg?v=1788353215\" alt=\"Ai performoi sipas modelit t\u00eb violon\u00e7elistit Vedran Smailovi\u0107 (Foto: TS\/Klix.ba)\"\/><\/figure>\n\n\n\n<p class=\"wp-block-paragraph\">Ai performoi sipas modelit t\u00eb violon\u00e7elistit Vedran Smailovi\u0107 (Foto: TS\/Klix.ba)<\/p>\n\n\n\n<p class=\"wp-block-paragraph\">Sarajevo Fest bashkon artist\u00eb, regjisor\u00eb dhe produksione teatrale nga vende t\u00eb ndryshme evropiane. Edicioni i tet\u00eb i k\u00ebtij viti i festivalit ka tem\u00ebn &#8220;Jeta&#8221;, dhe p\u00ebrmes shfaqjeve bashk\u00ebkohore, bisedave, koncerteve dhe p\u00ebrmbajtjeve t\u00eb tjera artistike, trajton \u00e7\u00ebshtjet e njeriut, liris\u00eb, dinjitetit dhe jet\u00ebs n\u00eb nj\u00eb koh\u00eb sfidash t\u00eb m\u00ebdha shoq\u00ebrore.<\/p>\n\n\n\n<p class=\"wp-block-paragraph\">N\u00eb festival marrin pjes\u00eb artist\u00eb dhe ansamble nga Gjermania, Greqia, Ukraina, Polonia, Spanja dhe Mali i Zi. Festivali zgjat deri m\u00eb 7 shtator.<\/p>\n","protected":false},"excerpt":{"rendered":"<p>Violon\u00e7elisti ukrainas Denys Kara\u010devtsev performoi n\u00eb Sarajev\u00eb n\u00eb vendet ku violon\u00e7elisti boshnjak dhe hercegovinas Vedran Smailovi\u0107 luajti gjat\u00eb rrethimit n\u00eb vitin 1992. N\u00eb k\u00ebt\u00eb m\u00ebnyr\u00eb, lidhja midis dy qyteteve u tregua simbolikisht. Koncerti quhet &#8220;Mos u m\u00ebso me t\u00eb: Sarajev\u00eb &#8211; Kharkiv&#8221; dhe u mbajt n\u00eb kuad\u00ebr t\u00eb Sarajev\u00ebs Fest. Denys Kara\u010devcev luajti n\u00eb Ferhadija, [&hellip;]<\/p>\n","protected":false},"author":4,"featured_media":30652,"comment_status":"open","ping_status":"open","sticky":false,"template":"","format":"standard","meta":{"footnotes":""},"categories":[30,32],"tags":[],"class_list":["post-30651","post","type-post","status-publish","format-standard","has-post-thumbnail","category-lajme","category-rajon"],"yoast_head":"<!-- This site is optimized with the Yoast SEO plugin v27.4 - https:\/\/yoast.com\/product\/yoast-seo-wordpress\/ -->\n<title>Violon\u00e7elisti ukrainas luan n\u00eb rrug\u00ebt dhe varrezat e Sarajev\u00ebs: Koncert n\u00eb nder t\u00eb viktimave t\u00eb rrethimit - Kosova Times<\/title>\n<meta name=\"robots\" content=\"index, follow, max-snippet:-1, max-image-preview:large, max-video-preview:-1\" \/>\n<link rel=\"canonical\" href=\"https:\/\/kosovatimes.info\/index.php\/2026\/09\/02\/violoncelisti-ukrainas-luan-ne-rruget-dhe-varrezat-e-sarajeves-koncert-ne-nder-te-viktimave-te-rrethimit\/\" \/>\n<meta property=\"og:locale\" content=\"en_US\" \/>\n<meta property=\"og:type\" content=\"article\" \/>\n<meta property=\"og:title\" content=\"Violon\u00e7elisti ukrainas luan n\u00eb rrug\u00ebt dhe varrezat e Sarajev\u00ebs: Koncert n\u00eb nder t\u00eb viktimave t\u00eb rrethimit - Kosova Times\" \/>\n<meta property=\"og:description\" content=\"Violon\u00e7elisti ukrainas Denys Kara\u010devtsev performoi n\u00eb Sarajev\u00eb n\u00eb vendet ku violon\u00e7elisti boshnjak dhe hercegovinas Vedran Smailovi\u0107 luajti gjat\u00eb rrethimit n\u00eb vitin 1992. N\u00eb k\u00ebt\u00eb m\u00ebnyr\u00eb, lidhja midis dy qyteteve u tregua simbolikisht. Koncerti quhet &#8220;Mos u m\u00ebso me t\u00eb: Sarajev\u00eb &#8211; Kharkiv&#8221; dhe u mbajt n\u00eb kuad\u00ebr t\u00eb Sarajev\u00ebs Fest. Denys Kara\u010devcev luajti n\u00eb Ferhadija, [&hellip;]\" \/>\n<meta property=\"og:url\" content=\"https:\/\/kosovatimes.info\/index.php\/2026\/09\/02\/violoncelisti-ukrainas-luan-ne-rruget-dhe-varrezat-e-sarajeves-koncert-ne-nder-te-viktimave-te-rrethimit\/\" \/>\n<meta property=\"og:site_name\" content=\"Kosova Times\" \/>\n<meta property=\"article:published_time\" content=\"2026-09-02T13:01:00+00:00\" \/>\n<meta property=\"article:modified_time\" content=\"2026-09-02T14:12:31+00:00\" \/>\n<meta property=\"og:image\" content=\"https:\/\/kosovatimes.info\/wp-content\/uploads\/2026\/09\/videoframe_14735-1024x576.png\" \/>\n\t<meta property=\"og:image:width\" content=\"1024\" \/>\n\t<meta property=\"og:image:height\" content=\"576\" \/>\n\t<meta property=\"og:image:type\" content=\"image\/png\" \/>\n<meta name=\"author\" content=\"i l\" \/>\n<meta name=\"twitter:card\" content=\"summary_large_image\" \/>\n<meta name=\"twitter:label1\" content=\"Written by\" \/>\n\t<meta name=\"twitter:data1\" content=\"i l\" \/>\n\t<meta name=\"twitter:label2\" content=\"Est. reading time\" \/>\n\t<meta name=\"twitter:data2\" content=\"3 minutes\" \/>\n<script type=\"application\/ld+json\" class=\"yoast-schema-graph\">{\"@context\":\"https:\\\/\\\/schema.org\",\"@graph\":[{\"@type\":\"Article\",\"@id\":\"https:\\\/\\\/kosovatimes.info\\\/index.php\\\/2026\\\/09\\\/02\\\/violoncelisti-ukrainas-luan-ne-rruget-dhe-varrezat-e-sarajeves-koncert-ne-nder-te-viktimave-te-rrethimit\\\/#article\",\"isPartOf\":{\"@id\":\"https:\\\/\\\/kosovatimes.info\\\/index.php\\\/2026\\\/09\\\/02\\\/violoncelisti-ukrainas-luan-ne-rruget-dhe-varrezat-e-sarajeves-koncert-ne-nder-te-viktimave-te-rrethimit\\\/\"},\"author\":{\"name\":\"i l\",\"@id\":\"https:\\\/\\\/kosovatimes.info\\\/#\\\/schema\\\/person\\\/7586712b9c512fe68085de007378c915\"},\"headline\":\"Violon\u00e7elisti ukrainas luan n\u00eb rrug\u00ebt dhe varrezat e Sarajev\u00ebs: Koncert n\u00eb nder t\u00eb viktimave t\u00eb rrethimit\",\"datePublished\":\"2026-09-02T13:01:00+00:00\",\"dateModified\":\"2026-09-02T14:12:31+00:00\",\"mainEntityOfPage\":{\"@id\":\"https:\\\/\\\/kosovatimes.info\\\/index.php\\\/2026\\\/09\\\/02\\\/violoncelisti-ukrainas-luan-ne-rruget-dhe-varrezat-e-sarajeves-koncert-ne-nder-te-viktimave-te-rrethimit\\\/\"},\"wordCount\":536,\"commentCount\":0,\"image\":{\"@id\":\"https:\\\/\\\/kosovatimes.info\\\/index.php\\\/2026\\\/09\\\/02\\\/violoncelisti-ukrainas-luan-ne-rruget-dhe-varrezat-e-sarajeves-koncert-ne-nder-te-viktimave-te-rrethimit\\\/#primaryimage\"},\"thumbnailUrl\":\"https:\\\/\\\/kosovatimes.info\\\/wp-content\\\/uploads\\\/2026\\\/09\\\/videoframe_14735.png\",\"articleSection\":[\"Lajme\",\"Rajon\"],\"inLanguage\":\"en-US\",\"potentialAction\":[{\"@type\":\"CommentAction\",\"name\":\"Comment\",\"target\":[\"https:\\\/\\\/kosovatimes.info\\\/index.php\\\/2026\\\/09\\\/02\\\/violoncelisti-ukrainas-luan-ne-rruget-dhe-varrezat-e-sarajeves-koncert-ne-nder-te-viktimave-te-rrethimit\\\/#respond\"]}]},{\"@type\":\"WebPage\",\"@id\":\"https:\\\/\\\/kosovatimes.info\\\/index.php\\\/2026\\\/09\\\/02\\\/violoncelisti-ukrainas-luan-ne-rruget-dhe-varrezat-e-sarajeves-koncert-ne-nder-te-viktimave-te-rrethimit\\\/\",\"url\":\"https:\\\/\\\/kosovatimes.info\\\/index.php\\\/2026\\\/09\\\/02\\\/violoncelisti-ukrainas-luan-ne-rruget-dhe-varrezat-e-sarajeves-koncert-ne-nder-te-viktimave-te-rrethimit\\\/\",\"name\":\"Violon\u00e7elisti ukrainas luan n\u00eb rrug\u00ebt dhe varrezat e Sarajev\u00ebs: Koncert n\u00eb nder t\u00eb viktimave t\u00eb rrethimit - Kosova Times\",\"isPartOf\":{\"@id\":\"https:\\\/\\\/kosovatimes.info\\\/#website\"},\"primaryImageOfPage\":{\"@id\":\"https:\\\/\\\/kosovatimes.info\\\/index.php\\\/2026\\\/09\\\/02\\\/violoncelisti-ukrainas-luan-ne-rruget-dhe-varrezat-e-sarajeves-koncert-ne-nder-te-viktimave-te-rrethimit\\\/#primaryimage\"},\"image\":{\"@id\":\"https:\\\/\\\/kosovatimes.info\\\/index.php\\\/2026\\\/09\\\/02\\\/violoncelisti-ukrainas-luan-ne-rruget-dhe-varrezat-e-sarajeves-koncert-ne-nder-te-viktimave-te-rrethimit\\\/#primaryimage\"},\"thumbnailUrl\":\"https:\\\/\\\/kosovatimes.info\\\/wp-content\\\/uploads\\\/2026\\\/09\\\/videoframe_14735.png\",\"datePublished\":\"2026-09-02T13:01:00+00:00\",\"dateModified\":\"2026-09-02T14:12:31+00:00\",\"author\":{\"@id\":\"https:\\\/\\\/kosovatimes.info\\\/#\\\/schema\\\/person\\\/7586712b9c512fe68085de007378c915\"},\"breadcrumb\":{\"@id\":\"https:\\\/\\\/kosovatimes.info\\\/index.php\\\/2026\\\/09\\\/02\\\/violoncelisti-ukrainas-luan-ne-rruget-dhe-varrezat-e-sarajeves-koncert-ne-nder-te-viktimave-te-rrethimit\\\/#breadcrumb\"},\"inLanguage\":\"en-US\",\"potentialAction\":[{\"@type\":\"ReadAction\",\"target\":[\"https:\\\/\\\/kosovatimes.info\\\/index.php\\\/2026\\\/09\\\/02\\\/violoncelisti-ukrainas-luan-ne-rruget-dhe-varrezat-e-sarajeves-koncert-ne-nder-te-viktimave-te-rrethimit\\\/\"]}]},{\"@type\":\"ImageObject\",\"inLanguage\":\"en-US\",\"@id\":\"https:\\\/\\\/kosovatimes.info\\\/index.php\\\/2026\\\/09\\\/02\\\/violoncelisti-ukrainas-luan-ne-rruget-dhe-varrezat-e-sarajeves-koncert-ne-nder-te-viktimave-te-rrethimit\\\/#primaryimage\",\"url\":\"https:\\\/\\\/kosovatimes.info\\\/wp-content\\\/uploads\\\/2026\\\/09\\\/videoframe_14735.png\",\"contentUrl\":\"https:\\\/\\\/kosovatimes.info\\\/wp-content\\\/uploads\\\/2026\\\/09\\\/videoframe_14735.png\",\"width\":1920,\"height\":1080},{\"@type\":\"BreadcrumbList\",\"@id\":\"https:\\\/\\\/kosovatimes.info\\\/index.php\\\/2026\\\/09\\\/02\\\/violoncelisti-ukrainas-luan-ne-rruget-dhe-varrezat-e-sarajeves-koncert-ne-nder-te-viktimave-te-rrethimit\\\/#breadcrumb\",\"itemListElement\":[{\"@type\":\"ListItem\",\"position\":1,\"name\":\"Home\",\"item\":\"https:\\\/\\\/kosovatimes.info\\\/\"},{\"@type\":\"ListItem\",\"position\":2,\"name\":\"Violon\u00e7elisti ukrainas luan n\u00eb rrug\u00ebt dhe varrezat e Sarajev\u00ebs: Koncert n\u00eb nder t\u00eb viktimave t\u00eb rrethimit\"}]},{\"@type\":\"WebSite\",\"@id\":\"https:\\\/\\\/kosovatimes.info\\\/#website\",\"url\":\"https:\\\/\\\/kosovatimes.info\\\/\",\"name\":\"Kosova Times\",\"description\":\"\",\"potentialAction\":[{\"@type\":\"SearchAction\",\"target\":{\"@type\":\"EntryPoint\",\"urlTemplate\":\"https:\\\/\\\/kosovatimes.info\\\/?s={search_term_string}\"},\"query-input\":{\"@type\":\"PropertyValueSpecification\",\"valueRequired\":true,\"valueName\":\"search_term_string\"}}],\"inLanguage\":\"en-US\"},{\"@type\":\"Person\",\"@id\":\"https:\\\/\\\/kosovatimes.info\\\/#\\\/schema\\\/person\\\/7586712b9c512fe68085de007378c915\",\"name\":\"i l\",\"image\":{\"@type\":\"ImageObject\",\"inLanguage\":\"en-US\",\"@id\":\"https:\\\/\\\/secure.gravatar.com\\\/avatar\\\/bad9296e02816160ae2e2435beda58222022298d5625d49fea74d18816fbb31d?s=96&d=mm&r=g\",\"url\":\"https:\\\/\\\/secure.gravatar.com\\\/avatar\\\/bad9296e02816160ae2e2435beda58222022298d5625d49fea74d18816fbb31d?s=96&d=mm&r=g\",\"contentUrl\":\"https:\\\/\\\/secure.gravatar.com\\\/avatar\\\/bad9296e02816160ae2e2435beda58222022298d5625d49fea74d18816fbb31d?s=96&d=mm&r=g\",\"caption\":\"i l\"},\"url\":\"https:\\\/\\\/kosovatimes.info\\\/index.php\\\/author\\\/iliri\\\/\"}]}<\/script>\n<!-- \/ Yoast SEO plugin. -->","yoast_head_json":{"title":"Violon\u00e7elisti ukrainas luan n\u00eb rrug\u00ebt dhe varrezat e Sarajev\u00ebs: Koncert n\u00eb nder t\u00eb viktimave t\u00eb rrethimit - Kosova Times","robots":{"index":"index","follow":"follow","max-snippet":"max-snippet:-1","max-image-preview":"max-image-preview:large","max-video-preview":"max-video-preview:-1"},"canonical":"https:\/\/kosovatimes.info\/index.php\/2026\/09\/02\/violoncelisti-ukrainas-luan-ne-rruget-dhe-varrezat-e-sarajeves-koncert-ne-nder-te-viktimave-te-rrethimit\/","og_locale":"en_US","og_type":"article","og_title":"Violon\u00e7elisti ukrainas luan n\u00eb rrug\u00ebt dhe varrezat e Sarajev\u00ebs: Koncert n\u00eb nder t\u00eb viktimave t\u00eb rrethimit - Kosova Times","og_description":"Violon\u00e7elisti ukrainas Denys Kara\u010devtsev performoi n\u00eb Sarajev\u00eb n\u00eb vendet ku violon\u00e7elisti boshnjak dhe hercegovinas Vedran Smailovi\u0107 luajti gjat\u00eb rrethimit n\u00eb vitin 1992. N\u00eb k\u00ebt\u00eb m\u00ebnyr\u00eb, lidhja midis dy qyteteve u tregua simbolikisht. Koncerti quhet &#8220;Mos u m\u00ebso me t\u00eb: Sarajev\u00eb &#8211; Kharkiv&#8221; dhe u mbajt n\u00eb kuad\u00ebr t\u00eb Sarajev\u00ebs Fest. Denys Kara\u010devcev luajti n\u00eb Ferhadija, [&hellip;]","og_url":"https:\/\/kosovatimes.info\/index.php\/2026\/09\/02\/violoncelisti-ukrainas-luan-ne-rruget-dhe-varrezat-e-sarajeves-koncert-ne-nder-te-viktimave-te-rrethimit\/","og_site_name":"Kosova Times","article_published_time":"2026-09-02T13:01:00+00:00","article_modified_time":"2026-09-02T14:12:31+00:00","og_image":[{"width":1024,"height":576,"url":"https:\/\/kosovatimes.info\/wp-content\/uploads\/2026\/09\/videoframe_14735-1024x576.png","type":"image\/png"}],"author":"i l","twitter_card":"summary_large_image","twitter_misc":{"Written by":"i l","Est. reading time":"3 minutes"},"schema":{"@context":"https:\/\/schema.org","@graph":[{"@type":"Article","@id":"https:\/\/kosovatimes.info\/index.php\/2026\/09\/02\/violoncelisti-ukrainas-luan-ne-rruget-dhe-varrezat-e-sarajeves-koncert-ne-nder-te-viktimave-te-rrethimit\/#article","isPartOf":{"@id":"https:\/\/kosovatimes.info\/index.php\/2026\/09\/02\/violoncelisti-ukrainas-luan-ne-rruget-dhe-varrezat-e-sarajeves-koncert-ne-nder-te-viktimave-te-rrethimit\/"},"author":{"name":"i l","@id":"https:\/\/kosovatimes.info\/#\/schema\/person\/7586712b9c512fe68085de007378c915"},"headline":"Violon\u00e7elisti ukrainas luan n\u00eb rrug\u00ebt dhe varrezat e Sarajev\u00ebs: Koncert n\u00eb nder t\u00eb viktimave t\u00eb rrethimit","datePublished":"2026-09-02T13:01:00+00:00","dateModified":"2026-09-02T14:12:31+00:00","mainEntityOfPage":{"@id":"https:\/\/kosovatimes.info\/index.php\/2026\/09\/02\/violoncelisti-ukrainas-luan-ne-rruget-dhe-varrezat-e-sarajeves-koncert-ne-nder-te-viktimave-te-rrethimit\/"},"wordCount":536,"commentCount":0,"image":{"@id":"https:\/\/kosovatimes.info\/index.php\/2026\/09\/02\/violoncelisti-ukrainas-luan-ne-rruget-dhe-varrezat-e-sarajeves-koncert-ne-nder-te-viktimave-te-rrethimit\/#primaryimage"},"thumbnailUrl":"https:\/\/kosovatimes.info\/wp-content\/uploads\/2026\/09\/videoframe_14735.png","articleSection":["Lajme","Rajon"],"inLanguage":"en-US","potentialAction":[{"@type":"CommentAction","name":"Comment","target":["https:\/\/kosovatimes.info\/index.php\/2026\/09\/02\/violoncelisti-ukrainas-luan-ne-rruget-dhe-varrezat-e-sarajeves-koncert-ne-nder-te-viktimave-te-rrethimit\/#respond"]}]},{"@type":"WebPage","@id":"https:\/\/kosovatimes.info\/index.php\/2026\/09\/02\/violoncelisti-ukrainas-luan-ne-rruget-dhe-varrezat-e-sarajeves-koncert-ne-nder-te-viktimave-te-rrethimit\/","url":"https:\/\/kosovatimes.info\/index.php\/2026\/09\/02\/violoncelisti-ukrainas-luan-ne-rruget-dhe-varrezat-e-sarajeves-koncert-ne-nder-te-viktimave-te-rrethimit\/","name":"Violon\u00e7elisti ukrainas luan n\u00eb rrug\u00ebt dhe varrezat e Sarajev\u00ebs: Koncert n\u00eb nder t\u00eb viktimave t\u00eb rrethimit - Kosova Times","isPartOf":{"@id":"https:\/\/kosovatimes.info\/#website"},"primaryImageOfPage":{"@id":"https:\/\/kosovatimes.info\/index.php\/2026\/09\/02\/violoncelisti-ukrainas-luan-ne-rruget-dhe-varrezat-e-sarajeves-koncert-ne-nder-te-viktimave-te-rrethimit\/#primaryimage"},"image":{"@id":"https:\/\/kosovatimes.info\/index.php\/2026\/09\/02\/violoncelisti-ukrainas-luan-ne-rruget-dhe-varrezat-e-sarajeves-koncert-ne-nder-te-viktimave-te-rrethimit\/#primaryimage"},"thumbnailUrl":"https:\/\/kosovatimes.info\/wp-content\/uploads\/2026\/09\/videoframe_14735.png","datePublished":"2026-09-02T13:01:00+00:00","dateModified":"2026-09-02T14:12:31+00:00","author":{"@id":"https:\/\/kosovatimes.info\/#\/schema\/person\/7586712b9c512fe68085de007378c915"},"breadcrumb":{"@id":"https:\/\/kosovatimes.info\/index.php\/2026\/09\/02\/violoncelisti-ukrainas-luan-ne-rruget-dhe-varrezat-e-sarajeves-koncert-ne-nder-te-viktimave-te-rrethimit\/#breadcrumb"},"inLanguage":"en-US","potentialAction":[{"@type":"ReadAction","target":["https:\/\/kosovatimes.info\/index.php\/2026\/09\/02\/violoncelisti-ukrainas-luan-ne-rruget-dhe-varrezat-e-sarajeves-koncert-ne-nder-te-viktimave-te-rrethimit\/"]}]},{"@type":"ImageObject","inLanguage":"en-US","@id":"https:\/\/kosovatimes.info\/index.php\/2026\/09\/02\/violoncelisti-ukrainas-luan-ne-rruget-dhe-varrezat-e-sarajeves-koncert-ne-nder-te-viktimave-te-rrethimit\/#primaryimage","url":"https:\/\/kosovatimes.info\/wp-content\/uploads\/2026\/09\/videoframe_14735.png","contentUrl":"https:\/\/kosovatimes.info\/wp-content\/uploads\/2026\/09\/videoframe_14735.png","width":1920,"height":1080},{"@type":"BreadcrumbList","@id":"https:\/\/kosovatimes.info\/index.php\/2026\/09\/02\/violoncelisti-ukrainas-luan-ne-rruget-dhe-varrezat-e-sarajeves-koncert-ne-nder-te-viktimave-te-rrethimit\/#breadcrumb","itemListElement":[{"@type":"ListItem","position":1,"name":"Home","item":"https:\/\/kosovatimes.info\/"},{"@type":"ListItem","position":2,"name":"Violon\u00e7elisti ukrainas luan n\u00eb rrug\u00ebt dhe varrezat e Sarajev\u00ebs: Koncert n\u00eb nder t\u00eb viktimave t\u00eb rrethimit"}]},{"@type":"WebSite","@id":"https:\/\/kosovatimes.info\/#website","url":"https:\/\/kosovatimes.info\/","name":"Kosova Times","description":"","potentialAction":[{"@type":"SearchAction","target":{"@type":"EntryPoint","urlTemplate":"https:\/\/kosovatimes.info\/?s={search_term_string}"},"query-input":{"@type":"PropertyValueSpecification","valueRequired":true,"valueName":"search_term_string"}}],"inLanguage":"en-US"},{"@type":"Person","@id":"https:\/\/kosovatimes.info\/#\/schema\/person\/7586712b9c512fe68085de007378c915","name":"i l","image":{"@type":"ImageObject","inLanguage":"en-US","@id":"https:\/\/secure.gravatar.com\/avatar\/bad9296e02816160ae2e2435beda58222022298d5625d49fea74d18816fbb31d?s=96&d=mm&r=g","url":"https:\/\/secure.gravatar.com\/avatar\/bad9296e02816160ae2e2435beda58222022298d5625d49fea74d18816fbb31d?s=96&d=mm&r=g","contentUrl":"https:\/\/secure.gravatar.com\/avatar\/bad9296e02816160ae2e2435beda58222022298d5625d49fea74d18816fbb31d?s=96&d=mm&r=g","caption":"i l"},"url":"https:\/\/kosovatimes.info\/index.php\/author\/iliri\/"}]}},"_links":{"self":[{"href":"https:\/\/kosovatimes.info\/index.php\/wp-json\/wp\/v2\/posts\/30651","targetHints":{"allow":["GET"]}}],"collection":[{"href":"https:\/\/kosovatimes.info\/index.php\/wp-json\/wp\/v2\/posts"}],"about":[{"href":"https:\/\/kosovatimes.info\/index.php\/wp-json\/wp\/v2\/types\/post"}],"author":[{"embeddable":true,"href":"https:\/\/kosovatimes.info\/index.php\/wp-json\/wp\/v2\/users\/4"}],"replies":[{"embeddable":true,"href":"https:\/\/kosovatimes.info\/index.php\/wp-json\/wp\/v2\/comments?post=30651"}],"version-history":[{"count":1,"href":"https:\/\/kosovatimes.info\/index.php\/wp-json\/wp\/v2\/posts\/30651\/revisions"}],"predecessor-version":[{"id":30653,"href":"https:\/\/kosovatimes.info\/index.php\/wp-json\/wp\/v2\/posts\/30651\/revisions\/30653"}],"wp:featuredmedia":[{"embeddable":true,"href":"https:\/\/kosovatimes.info\/index.php\/wp-json\/wp\/v2\/media\/30652"}],"wp:attachment":[{"href":"https:\/\/kosovatimes.info\/index.php\/wp-json\/wp\/v2\/media?parent=30651"}],"wp:term":[{"taxonomy":"category","embeddable":true,"href":"https:\/\/kosovatimes.info\/index.php\/wp-json\/wp\/v2\/categories?post=30651"},{"taxonomy":"post_tag","embeddable":true,"href":"https:\/\/kosovatimes.info\/index.php\/wp-json\/wp\/v2\/tags?post=30651"}],"curies":[{"name":"wp","href":"https:\/\/api.w.org\/{rel}","templated":true}]}}