{"id":30654,"date":"2026-09-02T16:14:30","date_gmt":"2026-09-02T14:14:30","guid":{"rendered":"https:\/\/kosovatimes.info\/?p=30654"},"modified":"2026-09-02T16:14:32","modified_gmt":"2026-09-02T14:14:32","slug":"gjermani-dy-persona-jane-identifikuar-per-dronin-rus-me-eksplozive-ne-leipzig","status":"publish","type":"post","link":"https:\/\/kosovatimes.info\/index.php\/2026\/09\/02\/gjermani-dy-persona-jane-identifikuar-per-dronin-rus-me-eksplozive-ne-leipzig\/","title":{"rendered":"Gjermani: Dy persona jan\u00eb identifikuar p\u00ebr &#8216;dronin rus&#8217; me eksploziv\u00eb n\u00eb Leipzig"},"content":{"rendered":"\n<p class=\"wp-block-paragraph\">A<a href=\"https:\/\/www.kathimerini.gr\/tag\/germania\/\" target=\"_blank\" rel=\"noopener\">utoritetet<\/a>\u00a0gjermane\u00a0kan\u00eb identifikuar dy t\u00eb dyshuar n\u00eb lidhje me tentativ\u00ebn e sulmit me dron n\u00eb\u00a0<strong>aeroportin e Leipzigut<\/strong>\u00a0, raportoi gazeta S\u00fcddeutsche Zeitung. Megjithat\u00eb, si\u00e7 v\u00ebren raporti,\u00a0<strong>nuk ka gjasa<\/strong>\u00a0q\u00eb autoritetet t\u00eb jen\u00eb n\u00eb gjendje t&#8217;i arrestojn\u00eb ata.\u00a0<\/p>\n\n\n\n<p class=\"wp-block-paragraph\">Sidoqoft\u00eb, \u00ebsht\u00eb nj\u00eb&nbsp;<strong>shtetas letonez i lindur n\u00eb Rusi<\/strong>&nbsp;dhe nj\u00eb&nbsp;<strong>shtetas rus nga Bjellorusia<\/strong>&nbsp;.&nbsp;<\/p>\n\n\n\n<p class=\"wp-block-paragraph\">Kujtohet se&nbsp;<a href=\"https:\/\/www.kathimerini.gr\/tag\/drones\/\" target=\"_blank\" rel=\"noopener\">droni<\/a>&nbsp;u pa me eksploziv\u00eb&nbsp;<strong>pran\u00eb avion\u00ebve t\u00eb transportit ukrainas<\/strong>&nbsp;n\u00eb gusht.<\/p>\n\n\n\n<p class=\"wp-block-paragraph\">T\u00eb mart\u00ebn, qeveria gjermane&nbsp;<strong>faj\u00ebsoi Rusin\u00eb<\/strong>&nbsp;p\u00ebr incidentin. N\u00eb p\u00ebrgjigje, Berlini urdh\u00ebroi sanksione shtes\u00eb kund\u00ebr Mosk\u00ebs, duke p\u00ebrfshir\u00eb mbylljen e konsullat\u00ebs ruse n\u00eb Bon dhe nd\u00ebrprerjen e marr\u00ebveshjes q\u00eb lejonte funksionimin e Sht\u00ebpis\u00eb Ruse t\u00eb Shkenc\u00ebs dhe Kultur\u00ebs n\u00eb Berlin. N\u00eb t\u00eb nj\u00ebjt\u00ebn koh\u00eb, ambasadori rus u thirr n\u00eb Ministrin\u00eb e Jashtme gjermane p\u00ebr shpjegime.&nbsp;<\/p>\n\n\n\n<p class=\"wp-block-paragraph\">&#8221;&nbsp;<strong>Ne do t&#8217;u p\u00ebrgjigjemi t\u00eb gjitha masave anti-ruse<\/strong>&nbsp;&#8220;, theksoi Moska, sipas Interfax, duke mohuar se sh\u00ebrbimet e saj ishin t\u00eb lidhura me incidentin.&nbsp;<\/p>\n\n\n\n<h3 class=\"wp-block-heading\">&#8220;Veprime destabilizuese&#8221;<\/h3>\n\n\n\n<p class=\"wp-block-paragraph\">Qeveria gjermane&nbsp;<strong>po e trajton incidentin n\u00eb Leipzig si pjes\u00eb t\u00eb nj\u00eb fushate m\u00eb t\u00eb gjer\u00eb, jo si nj\u00eb incident t\u00eb izoluar<\/strong>&nbsp;. N\u00eb k\u00ebt\u00eb kontekst, mesazhi q\u00eb po p\u00ebrpiqet t\u00eb d\u00ebrgoj\u00eb \u00ebsht\u00eb se bizneset hibride tani do t\u00eb ken\u00eb&nbsp;<strong>nj\u00eb kosto specifike<\/strong>&nbsp;.<\/p>\n\n\n\n<p class=\"wp-block-paragraph\">Qeveria e Merz planifikon kontrolle edhe m\u00eb t\u00eb rrepta mbi shtetasit rus\u00eb q\u00eb hyjn\u00eb n\u00eb vend dhe do t\u00eb shtyj\u00eb p\u00ebrpara sanksionet evropiane ndaj rus\u00ebve q\u00eb beson se jan\u00eb t\u00eb lidhur me operacione armiq\u00ebsore ose hibride kund\u00ebr vendeve evropiane. Gjithashtu, do t\u00eb ushtroj\u00eb m\u00eb shum\u00eb presion mbi t\u00eb ashtuquajtur\u00ebn &#8220;flot\u00eb n\u00eb hije&#8221; q\u00eb p\u00ebrdoret p\u00ebr t\u00eb eksportuar naft\u00eb ruse.<\/p>\n\n\n\n<p class=\"wp-block-paragraph\">\u201cNe vler\u00ebsojm\u00eb se Gjermania&nbsp;<strong>do t\u00eb jet\u00eb sh\u00ebnjest\u00ebr e sulmeve t\u00eb m\u00ebtejshme hibride<\/strong>&nbsp;nga Rusia\u201d, tha Ministri i Brendsh\u00ebm Alexander Dobrid. Nga ana e tij, Ministri i Jasht\u00ebm gjerman Johann Vandevoll tha se \u201csulmi \u00ebsht\u00eb&nbsp;<strong>pjes\u00eb e nj\u00eb serie t\u00eb gjat\u00eb veprimesh destabilizuese<\/strong>&nbsp;kund\u00ebr Evrop\u00ebs\u201d.<\/p>\n\n\n\n<h3 class=\"wp-block-heading\">Pse Rusia po e synon Gjermanin\u00eb<\/h3>\n\n\n\n<p class=\"wp-block-paragraph\">Analisti gjerman i siguris\u00eb, Carlo Massala, shpjegoi s\u00eb fundmi p\u00ebr Le Monde se Berlini \u00ebsht\u00eb nj\u00eb objektiv ve\u00e7an\u00ebrisht t\u00ebrheq\u00ebs sepse Gjermania \u00ebsht\u00eb b\u00ebr\u00eb nj\u00eb shtyll\u00eb ky\u00e7e e mb\u00ebshtetjes evropiane p\u00ebr&nbsp;<a href=\"https:\/\/www.kathimerini.gr\/tag\/oykrania\/\" target=\"_blank\" rel=\"noopener\">Ukrain\u00ebn<\/a>&nbsp;.<\/p>\n\n\n\n<p class=\"wp-block-paragraph\">Logjika, sipas analiz\u00ebs s\u00eb tij, \u00ebsht\u00eb relativisht e thjesht\u00eb: n\u00ebse ekonomia m\u00eb e madhe e Evrop\u00ebs frik\u00ebsohet, destabilizohet politikisht ose fillon t\u00eb zvog\u00ebloj\u00eb ndihm\u00ebn e saj p\u00ebr Kievin,&nbsp;<strong>pasojat do t\u00eb ndihen n\u00eb t\u00eb gjith\u00eb strategjin\u00eb evropiane ndaj Rusis\u00eb<\/strong>&nbsp;.<\/p>\n\n\n\n<p class=\"wp-block-paragraph\">Kjo \u00ebsht\u00eb arsyeja pse koncepti i &#8220;sulmit hibrid&#8221; ka hyr\u00eb tani n\u00eb fjalorin e p\u00ebrditsh\u00ebm t\u00eb politik\u00ebs gjermane.<\/p>\n\n\n\n<p class=\"wp-block-paragraph\">Nuk b\u00ebhet fjal\u00eb vet\u00ebm p\u00ebr dron\u00ebt. P\u00ebrfshin sulme kibernetike, sabotim, operacione dezinformimi, spiunazh, zjarrv\u00ebnie t\u00eb q\u00ebllimshme, sulme ndaj infrastruktur\u00ebs kritike dhe operacione me nd\u00ebrmjet\u00ebs q\u00eb jan\u00eb mjaftuesh\u00ebm serioze p\u00ebr t\u00eb shkaktuar p\u00ebr\u00e7arje, por edhe t\u00eb dizajnuara p\u00ebr ta b\u00ebr\u00eb t\u00eb v\u00ebshtir\u00eb atribuimin e p\u00ebrgjegj\u00ebsis\u00eb s\u00eb menj\u00ebhershme.<\/p>\n\n\n\n<p class=\"wp-block-paragraph\"><strong>Associated Press ka dokumentuar rreth 200 incidente sabotimi ose veprimesh t\u00eb tjera armiq\u00ebsore n\u00eb Evrop\u00eb<\/strong>&nbsp;q\u00eb zyrtar\u00ebt per\u00ebndimor\u00eb ia kan\u00eb atribuar Rusis\u00eb q\u00eb nga fillimi i pushtimit t\u00eb plot\u00eb t\u00eb Ukrain\u00ebs n\u00eb vitin 2022. Moska mohon se po zhvillon nj\u00eb fushat\u00eb t\u00eb till\u00eb.<\/p>\n","protected":false},"excerpt":{"rendered":"<p>Autoritetet\u00a0gjermane\u00a0kan\u00eb identifikuar dy t\u00eb dyshuar n\u00eb lidhje me tentativ\u00ebn e sulmit me dron n\u00eb\u00a0aeroportin e Leipzigut\u00a0, raportoi gazeta S\u00fcddeutsche Zeitung. Megjithat\u00eb, si\u00e7 v\u00ebren raporti,\u00a0nuk ka gjasa\u00a0q\u00eb autoritetet t\u00eb jen\u00eb n\u00eb gjendje t&#8217;i arrestojn\u00eb ata.\u00a0 Sidoqoft\u00eb, \u00ebsht\u00eb nj\u00eb&nbsp;shtetas letonez i lindur n\u00eb Rusi&nbsp;dhe nj\u00eb&nbsp;shtetas rus nga Bjellorusia&nbsp;.&nbsp; Kujtohet se&nbsp;droni&nbsp;u pa me eksploziv\u00eb&nbsp;pran\u00eb avion\u00ebve t\u00eb transportit ukrainas&nbsp;n\u00eb [&hellip;]<\/p>\n","protected":false},"author":4,"featured_media":30655,"comment_status":"open","ping_status":"open","sticky":false,"template":"","format":"standard","meta":{"footnotes":""},"categories":[33,30],"tags":[],"class_list":["post-30654","post","type-post","status-publish","format-standard","has-post-thumbnail","category-bote","category-lajme"],"yoast_head":"<!-- This site is optimized with the Yoast SEO plugin v27.4 - https:\/\/yoast.com\/product\/yoast-seo-wordpress\/ -->\n<title>Gjermani: Dy persona jan\u00eb identifikuar p\u00ebr &#039;dronin rus&#039; me eksploziv\u00eb n\u00eb Leipzig - Kosova Times<\/title>\n<meta name=\"robots\" content=\"index, follow, max-snippet:-1, max-image-preview:large, max-video-preview:-1\" \/>\n<link rel=\"canonical\" href=\"https:\/\/kosovatimes.info\/index.php\/2026\/09\/02\/gjermani-dy-persona-jane-identifikuar-per-dronin-rus-me-eksplozive-ne-leipzig\/\" \/>\n<meta property=\"og:locale\" content=\"en_US\" \/>\n<meta property=\"og:type\" content=\"article\" \/>\n<meta property=\"og:title\" content=\"Gjermani: Dy persona jan\u00eb identifikuar p\u00ebr &#039;dronin rus&#039; me eksploziv\u00eb n\u00eb Leipzig - Kosova Times\" \/>\n<meta property=\"og:description\" content=\"Autoritetet\u00a0gjermane\u00a0kan\u00eb identifikuar dy t\u00eb dyshuar n\u00eb lidhje me tentativ\u00ebn e sulmit me dron n\u00eb\u00a0aeroportin e Leipzigut\u00a0, raportoi gazeta S\u00fcddeutsche Zeitung. Megjithat\u00eb, si\u00e7 v\u00ebren raporti,\u00a0nuk ka gjasa\u00a0q\u00eb autoritetet t\u00eb jen\u00eb n\u00eb gjendje t&#8217;i arrestojn\u00eb ata.\u00a0 Sidoqoft\u00eb, \u00ebsht\u00eb nj\u00eb&nbsp;shtetas letonez i lindur n\u00eb Rusi&nbsp;dhe nj\u00eb&nbsp;shtetas rus nga Bjellorusia&nbsp;.&nbsp; Kujtohet se&nbsp;droni&nbsp;u pa me eksploziv\u00eb&nbsp;pran\u00eb avion\u00ebve t\u00eb transportit ukrainas&nbsp;n\u00eb [&hellip;]\" \/>\n<meta property=\"og:url\" content=\"https:\/\/kosovatimes.info\/index.php\/2026\/09\/02\/gjermani-dy-persona-jane-identifikuar-per-dronin-rus-me-eksplozive-ne-leipzig\/\" \/>\n<meta property=\"og:site_name\" content=\"Kosova Times\" \/>\n<meta property=\"article:published_time\" content=\"2026-09-02T14:14:30+00:00\" \/>\n<meta property=\"article:modified_time\" content=\"2026-09-02T14:14:32+00:00\" \/>\n<meta property=\"og:image\" content=\"https:\/\/kosovatimes.info\/wp-content\/uploads\/2026\/09\/droni.jpg\" \/>\n\t<meta property=\"og:image:width\" content=\"2094\" \/>\n\t<meta property=\"og:image:height\" content=\"1178\" \/>\n\t<meta property=\"og:image:type\" content=\"image\/jpeg\" \/>\n<meta name=\"author\" content=\"i l\" \/>\n<meta name=\"twitter:card\" content=\"summary_large_image\" \/>\n<meta name=\"twitter:label1\" content=\"Written by\" \/>\n\t<meta name=\"twitter:data1\" content=\"i l\" \/>\n\t<meta name=\"twitter:label2\" content=\"Est. reading time\" \/>\n\t<meta name=\"twitter:data2\" content=\"3 minutes\" \/>\n<script type=\"application\/ld+json\" class=\"yoast-schema-graph\">{\"@context\":\"https:\\\/\\\/schema.org\",\"@graph\":[{\"@type\":\"Article\",\"@id\":\"https:\\\/\\\/kosovatimes.info\\\/index.php\\\/2026\\\/09\\\/02\\\/gjermani-dy-persona-jane-identifikuar-per-dronin-rus-me-eksplozive-ne-leipzig\\\/#article\",\"isPartOf\":{\"@id\":\"https:\\\/\\\/kosovatimes.info\\\/index.php\\\/2026\\\/09\\\/02\\\/gjermani-dy-persona-jane-identifikuar-per-dronin-rus-me-eksplozive-ne-leipzig\\\/\"},\"author\":{\"name\":\"i l\",\"@id\":\"https:\\\/\\\/kosovatimes.info\\\/#\\\/schema\\\/person\\\/7586712b9c512fe68085de007378c915\"},\"headline\":\"Gjermani: Dy persona jan\u00eb identifikuar p\u00ebr &#8216;dronin rus&#8217; me eksploziv\u00eb n\u00eb Leipzig\",\"datePublished\":\"2026-09-02T14:14:30+00:00\",\"dateModified\":\"2026-09-02T14:14:32+00:00\",\"mainEntityOfPage\":{\"@id\":\"https:\\\/\\\/kosovatimes.info\\\/index.php\\\/2026\\\/09\\\/02\\\/gjermani-dy-persona-jane-identifikuar-per-dronin-rus-me-eksplozive-ne-leipzig\\\/\"},\"wordCount\":603,\"commentCount\":0,\"image\":{\"@id\":\"https:\\\/\\\/kosovatimes.info\\\/index.php\\\/2026\\\/09\\\/02\\\/gjermani-dy-persona-jane-identifikuar-per-dronin-rus-me-eksplozive-ne-leipzig\\\/#primaryimage\"},\"thumbnailUrl\":\"https:\\\/\\\/kosovatimes.info\\\/wp-content\\\/uploads\\\/2026\\\/09\\\/droni.jpg\",\"articleSection\":[\"Bot\u00eb\",\"Lajme\"],\"inLanguage\":\"en-US\",\"potentialAction\":[{\"@type\":\"CommentAction\",\"name\":\"Comment\",\"target\":[\"https:\\\/\\\/kosovatimes.info\\\/index.php\\\/2026\\\/09\\\/02\\\/gjermani-dy-persona-jane-identifikuar-per-dronin-rus-me-eksplozive-ne-leipzig\\\/#respond\"]}]},{\"@type\":\"WebPage\",\"@id\":\"https:\\\/\\\/kosovatimes.info\\\/index.php\\\/2026\\\/09\\\/02\\\/gjermani-dy-persona-jane-identifikuar-per-dronin-rus-me-eksplozive-ne-leipzig\\\/\",\"url\":\"https:\\\/\\\/kosovatimes.info\\\/index.php\\\/2026\\\/09\\\/02\\\/gjermani-dy-persona-jane-identifikuar-per-dronin-rus-me-eksplozive-ne-leipzig\\\/\",\"name\":\"Gjermani: Dy persona jan\u00eb identifikuar p\u00ebr 'dronin rus' me eksploziv\u00eb n\u00eb Leipzig - Kosova Times\",\"isPartOf\":{\"@id\":\"https:\\\/\\\/kosovatimes.info\\\/#website\"},\"primaryImageOfPage\":{\"@id\":\"https:\\\/\\\/kosovatimes.info\\\/index.php\\\/2026\\\/09\\\/02\\\/gjermani-dy-persona-jane-identifikuar-per-dronin-rus-me-eksplozive-ne-leipzig\\\/#primaryimage\"},\"image\":{\"@id\":\"https:\\\/\\\/kosovatimes.info\\\/index.php\\\/2026\\\/09\\\/02\\\/gjermani-dy-persona-jane-identifikuar-per-dronin-rus-me-eksplozive-ne-leipzig\\\/#primaryimage\"},\"thumbnailUrl\":\"https:\\\/\\\/kosovatimes.info\\\/wp-content\\\/uploads\\\/2026\\\/09\\\/droni.jpg\",\"datePublished\":\"2026-09-02T14:14:30+00:00\",\"dateModified\":\"2026-09-02T14:14:32+00:00\",\"author\":{\"@id\":\"https:\\\/\\\/kosovatimes.info\\\/#\\\/schema\\\/person\\\/7586712b9c512fe68085de007378c915\"},\"breadcrumb\":{\"@id\":\"https:\\\/\\\/kosovatimes.info\\\/index.php\\\/2026\\\/09\\\/02\\\/gjermani-dy-persona-jane-identifikuar-per-dronin-rus-me-eksplozive-ne-leipzig\\\/#breadcrumb\"},\"inLanguage\":\"en-US\",\"potentialAction\":[{\"@type\":\"ReadAction\",\"target\":[\"https:\\\/\\\/kosovatimes.info\\\/index.php\\\/2026\\\/09\\\/02\\\/gjermani-dy-persona-jane-identifikuar-per-dronin-rus-me-eksplozive-ne-leipzig\\\/\"]}]},{\"@type\":\"ImageObject\",\"inLanguage\":\"en-US\",\"@id\":\"https:\\\/\\\/kosovatimes.info\\\/index.php\\\/2026\\\/09\\\/02\\\/gjermani-dy-persona-jane-identifikuar-per-dronin-rus-me-eksplozive-ne-leipzig\\\/#primaryimage\",\"url\":\"https:\\\/\\\/kosovatimes.info\\\/wp-content\\\/uploads\\\/2026\\\/09\\\/droni.jpg\",\"contentUrl\":\"https:\\\/\\\/kosovatimes.info\\\/wp-content\\\/uploads\\\/2026\\\/09\\\/droni.jpg\",\"width\":2094,\"height\":1178},{\"@type\":\"BreadcrumbList\",\"@id\":\"https:\\\/\\\/kosovatimes.info\\\/index.php\\\/2026\\\/09\\\/02\\\/gjermani-dy-persona-jane-identifikuar-per-dronin-rus-me-eksplozive-ne-leipzig\\\/#breadcrumb\",\"itemListElement\":[{\"@type\":\"ListItem\",\"position\":1,\"name\":\"Home\",\"item\":\"https:\\\/\\\/kosovatimes.info\\\/\"},{\"@type\":\"ListItem\",\"position\":2,\"name\":\"Gjermani: Dy persona jan\u00eb identifikuar p\u00ebr &#8216;dronin rus&#8217; me eksploziv\u00eb n\u00eb Leipzig\"}]},{\"@type\":\"WebSite\",\"@id\":\"https:\\\/\\\/kosovatimes.info\\\/#website\",\"url\":\"https:\\\/\\\/kosovatimes.info\\\/\",\"name\":\"Kosova Times\",\"description\":\"\",\"potentialAction\":[{\"@type\":\"SearchAction\",\"target\":{\"@type\":\"EntryPoint\",\"urlTemplate\":\"https:\\\/\\\/kosovatimes.info\\\/?s={search_term_string}\"},\"query-input\":{\"@type\":\"PropertyValueSpecification\",\"valueRequired\":true,\"valueName\":\"search_term_string\"}}],\"inLanguage\":\"en-US\"},{\"@type\":\"Person\",\"@id\":\"https:\\\/\\\/kosovatimes.info\\\/#\\\/schema\\\/person\\\/7586712b9c512fe68085de007378c915\",\"name\":\"i l\",\"image\":{\"@type\":\"ImageObject\",\"inLanguage\":\"en-US\",\"@id\":\"https:\\\/\\\/secure.gravatar.com\\\/avatar\\\/bad9296e02816160ae2e2435beda58222022298d5625d49fea74d18816fbb31d?s=96&d=mm&r=g\",\"url\":\"https:\\\/\\\/secure.gravatar.com\\\/avatar\\\/bad9296e02816160ae2e2435beda58222022298d5625d49fea74d18816fbb31d?s=96&d=mm&r=g\",\"contentUrl\":\"https:\\\/\\\/secure.gravatar.com\\\/avatar\\\/bad9296e02816160ae2e2435beda58222022298d5625d49fea74d18816fbb31d?s=96&d=mm&r=g\",\"caption\":\"i l\"},\"url\":\"https:\\\/\\\/kosovatimes.info\\\/index.php\\\/author\\\/iliri\\\/\"}]}<\/script>\n<!-- \/ Yoast SEO plugin. -->","yoast_head_json":{"title":"Gjermani: Dy persona jan\u00eb identifikuar p\u00ebr 'dronin rus' me eksploziv\u00eb n\u00eb Leipzig - Kosova Times","robots":{"index":"index","follow":"follow","max-snippet":"max-snippet:-1","max-image-preview":"max-image-preview:large","max-video-preview":"max-video-preview:-1"},"canonical":"https:\/\/kosovatimes.info\/index.php\/2026\/09\/02\/gjermani-dy-persona-jane-identifikuar-per-dronin-rus-me-eksplozive-ne-leipzig\/","og_locale":"en_US","og_type":"article","og_title":"Gjermani: Dy persona jan\u00eb identifikuar p\u00ebr 'dronin rus' me eksploziv\u00eb n\u00eb Leipzig - Kosova Times","og_description":"Autoritetet\u00a0gjermane\u00a0kan\u00eb identifikuar dy t\u00eb dyshuar n\u00eb lidhje me tentativ\u00ebn e sulmit me dron n\u00eb\u00a0aeroportin e Leipzigut\u00a0, raportoi gazeta S\u00fcddeutsche Zeitung. Megjithat\u00eb, si\u00e7 v\u00ebren raporti,\u00a0nuk ka gjasa\u00a0q\u00eb autoritetet t\u00eb jen\u00eb n\u00eb gjendje t&#8217;i arrestojn\u00eb ata.\u00a0 Sidoqoft\u00eb, \u00ebsht\u00eb nj\u00eb&nbsp;shtetas letonez i lindur n\u00eb Rusi&nbsp;dhe nj\u00eb&nbsp;shtetas rus nga Bjellorusia&nbsp;.&nbsp; Kujtohet se&nbsp;droni&nbsp;u pa me eksploziv\u00eb&nbsp;pran\u00eb avion\u00ebve t\u00eb transportit ukrainas&nbsp;n\u00eb [&hellip;]","og_url":"https:\/\/kosovatimes.info\/index.php\/2026\/09\/02\/gjermani-dy-persona-jane-identifikuar-per-dronin-rus-me-eksplozive-ne-leipzig\/","og_site_name":"Kosova Times","article_published_time":"2026-09-02T14:14:30+00:00","article_modified_time":"2026-09-02T14:14:32+00:00","og_image":[{"width":2094,"height":1178,"url":"https:\/\/kosovatimes.info\/wp-content\/uploads\/2026\/09\/droni.jpg","type":"image\/jpeg"}],"author":"i l","twitter_card":"summary_large_image","twitter_misc":{"Written by":"i l","Est. reading time":"3 minutes"},"schema":{"@context":"https:\/\/schema.org","@graph":[{"@type":"Article","@id":"https:\/\/kosovatimes.info\/index.php\/2026\/09\/02\/gjermani-dy-persona-jane-identifikuar-per-dronin-rus-me-eksplozive-ne-leipzig\/#article","isPartOf":{"@id":"https:\/\/kosovatimes.info\/index.php\/2026\/09\/02\/gjermani-dy-persona-jane-identifikuar-per-dronin-rus-me-eksplozive-ne-leipzig\/"},"author":{"name":"i l","@id":"https:\/\/kosovatimes.info\/#\/schema\/person\/7586712b9c512fe68085de007378c915"},"headline":"Gjermani: Dy persona jan\u00eb identifikuar p\u00ebr &#8216;dronin rus&#8217; me eksploziv\u00eb n\u00eb Leipzig","datePublished":"2026-09-02T14:14:30+00:00","dateModified":"2026-09-02T14:14:32+00:00","mainEntityOfPage":{"@id":"https:\/\/kosovatimes.info\/index.php\/2026\/09\/02\/gjermani-dy-persona-jane-identifikuar-per-dronin-rus-me-eksplozive-ne-leipzig\/"},"wordCount":603,"commentCount":0,"image":{"@id":"https:\/\/kosovatimes.info\/index.php\/2026\/09\/02\/gjermani-dy-persona-jane-identifikuar-per-dronin-rus-me-eksplozive-ne-leipzig\/#primaryimage"},"thumbnailUrl":"https:\/\/kosovatimes.info\/wp-content\/uploads\/2026\/09\/droni.jpg","articleSection":["Bot\u00eb","Lajme"],"inLanguage":"en-US","potentialAction":[{"@type":"CommentAction","name":"Comment","target":["https:\/\/kosovatimes.info\/index.php\/2026\/09\/02\/gjermani-dy-persona-jane-identifikuar-per-dronin-rus-me-eksplozive-ne-leipzig\/#respond"]}]},{"@type":"WebPage","@id":"https:\/\/kosovatimes.info\/index.php\/2026\/09\/02\/gjermani-dy-persona-jane-identifikuar-per-dronin-rus-me-eksplozive-ne-leipzig\/","url":"https:\/\/kosovatimes.info\/index.php\/2026\/09\/02\/gjermani-dy-persona-jane-identifikuar-per-dronin-rus-me-eksplozive-ne-leipzig\/","name":"Gjermani: Dy persona jan\u00eb identifikuar p\u00ebr 'dronin rus' me eksploziv\u00eb n\u00eb Leipzig - Kosova Times","isPartOf":{"@id":"https:\/\/kosovatimes.info\/#website"},"primaryImageOfPage":{"@id":"https:\/\/kosovatimes.info\/index.php\/2026\/09\/02\/gjermani-dy-persona-jane-identifikuar-per-dronin-rus-me-eksplozive-ne-leipzig\/#primaryimage"},"image":{"@id":"https:\/\/kosovatimes.info\/index.php\/2026\/09\/02\/gjermani-dy-persona-jane-identifikuar-per-dronin-rus-me-eksplozive-ne-leipzig\/#primaryimage"},"thumbnailUrl":"https:\/\/kosovatimes.info\/wp-content\/uploads\/2026\/09\/droni.jpg","datePublished":"2026-09-02T14:14:30+00:00","dateModified":"2026-09-02T14:14:32+00:00","author":{"@id":"https:\/\/kosovatimes.info\/#\/schema\/person\/7586712b9c512fe68085de007378c915"},"breadcrumb":{"@id":"https:\/\/kosovatimes.info\/index.php\/2026\/09\/02\/gjermani-dy-persona-jane-identifikuar-per-dronin-rus-me-eksplozive-ne-leipzig\/#breadcrumb"},"inLanguage":"en-US","potentialAction":[{"@type":"ReadAction","target":["https:\/\/kosovatimes.info\/index.php\/2026\/09\/02\/gjermani-dy-persona-jane-identifikuar-per-dronin-rus-me-eksplozive-ne-leipzig\/"]}]},{"@type":"ImageObject","inLanguage":"en-US","@id":"https:\/\/kosovatimes.info\/index.php\/2026\/09\/02\/gjermani-dy-persona-jane-identifikuar-per-dronin-rus-me-eksplozive-ne-leipzig\/#primaryimage","url":"https:\/\/kosovatimes.info\/wp-content\/uploads\/2026\/09\/droni.jpg","contentUrl":"https:\/\/kosovatimes.info\/wp-content\/uploads\/2026\/09\/droni.jpg","width":2094,"height":1178},{"@type":"BreadcrumbList","@id":"https:\/\/kosovatimes.info\/index.php\/2026\/09\/02\/gjermani-dy-persona-jane-identifikuar-per-dronin-rus-me-eksplozive-ne-leipzig\/#breadcrumb","itemListElement":[{"@type":"ListItem","position":1,"name":"Home","item":"https:\/\/kosovatimes.info\/"},{"@type":"ListItem","position":2,"name":"Gjermani: Dy persona jan\u00eb identifikuar p\u00ebr &#8216;dronin rus&#8217; me eksploziv\u00eb n\u00eb Leipzig"}]},{"@type":"WebSite","@id":"https:\/\/kosovatimes.info\/#website","url":"https:\/\/kosovatimes.info\/","name":"Kosova Times","description":"","potentialAction":[{"@type":"SearchAction","target":{"@type":"EntryPoint","urlTemplate":"https:\/\/kosovatimes.info\/?s={search_term_string}"},"query-input":{"@type":"PropertyValueSpecification","valueRequired":true,"valueName":"search_term_string"}}],"inLanguage":"en-US"},{"@type":"Person","@id":"https:\/\/kosovatimes.info\/#\/schema\/person\/7586712b9c512fe68085de007378c915","name":"i l","image":{"@type":"ImageObject","inLanguage":"en-US","@id":"https:\/\/secure.gravatar.com\/avatar\/bad9296e02816160ae2e2435beda58222022298d5625d49fea74d18816fbb31d?s=96&d=mm&r=g","url":"https:\/\/secure.gravatar.com\/avatar\/bad9296e02816160ae2e2435beda58222022298d5625d49fea74d18816fbb31d?s=96&d=mm&r=g","contentUrl":"https:\/\/secure.gravatar.com\/avatar\/bad9296e02816160ae2e2435beda58222022298d5625d49fea74d18816fbb31d?s=96&d=mm&r=g","caption":"i l"},"url":"https:\/\/kosovatimes.info\/index.php\/author\/iliri\/"}]}},"_links":{"self":[{"href":"https:\/\/kosovatimes.info\/index.php\/wp-json\/wp\/v2\/posts\/30654","targetHints":{"allow":["GET"]}}],"collection":[{"href":"https:\/\/kosovatimes.info\/index.php\/wp-json\/wp\/v2\/posts"}],"about":[{"href":"https:\/\/kosovatimes.info\/index.php\/wp-json\/wp\/v2\/types\/post"}],"author":[{"embeddable":true,"href":"https:\/\/kosovatimes.info\/index.php\/wp-json\/wp\/v2\/users\/4"}],"replies":[{"embeddable":true,"href":"https:\/\/kosovatimes.info\/index.php\/wp-json\/wp\/v2\/comments?post=30654"}],"version-history":[{"count":1,"href":"https:\/\/kosovatimes.info\/index.php\/wp-json\/wp\/v2\/posts\/30654\/revisions"}],"predecessor-version":[{"id":30656,"href":"https:\/\/kosovatimes.info\/index.php\/wp-json\/wp\/v2\/posts\/30654\/revisions\/30656"}],"wp:featuredmedia":[{"embeddable":true,"href":"https:\/\/kosovatimes.info\/index.php\/wp-json\/wp\/v2\/media\/30655"}],"wp:attachment":[{"href":"https:\/\/kosovatimes.info\/index.php\/wp-json\/wp\/v2\/media?parent=30654"}],"wp:term":[{"taxonomy":"category","embeddable":true,"href":"https:\/\/kosovatimes.info\/index.php\/wp-json\/wp\/v2\/categories?post=30654"},{"taxonomy":"post_tag","embeddable":true,"href":"https:\/\/kosovatimes.info\/index.php\/wp-json\/wp\/v2\/tags?post=30654"}],"curies":[{"name":"wp","href":"https:\/\/api.w.org\/{rel}","templated":true}]}}