{"id":30660,"date":"2026-09-02T20:31:00","date_gmt":"2026-09-02T18:31:00","guid":{"rendered":"https:\/\/kosovatimes.info\/?p=30660"},"modified":"2026-09-02T20:53:53","modified_gmt":"2026-09-02T18:53:53","slug":"banoret-e-shpenadise-akuzojne-pularine-per-ndotjen-e-lumit-dhe-kundermimet","status":"publish","type":"post","link":"https:\/\/kosovatimes.info\/index.php\/2026\/09\/02\/banoret-e-shpenadise-akuzojne-pularine-per-ndotjen-e-lumit-dhe-kundermimet\/","title":{"rendered":"Banor\u00ebt e Shpenadis\u00eb akuzojn\u00eb pularin\u00eb p\u00ebr ndotjen e lumit dhe kund\u00ebrmimet"},"content":{"rendered":"\n<p class=\"wp-block-paragraph\"><strong>Nj\u00eb kriz\u00eb e r\u00ebnd\u00eb mjedisore ka ngritur n\u00eb k\u00ebmb\u00eb banor\u00ebt e fshatit Shpenadi t\u00eb Prizrenit. Ata po alarmojn\u00eb se lumi i fshatit po ndotet n\u00eb m\u00ebnyr\u00eb t\u00eb vazhdueshme nga hedhja e mbetjeve shtazore prej nj\u00eb pularie lokale.<\/strong><\/p>\n\n\n\n<p class=\"wp-block-paragraph\">K\u00ebto mbetje organike po shkaktojn\u00eb er\u00ebra t\u00eb padurueshme dhe po rrezikojn\u00eb seriozisht sh\u00ebndetin publik e mjedisin p\u00ebrreth. N\u00eb an\u00ebn tjet\u00ebr, menaxhmenti i kompanis\u00eb i ka mohuar kategorikisht k\u00ebto pretendime, duke deklaruar se mbetjet trajtohen sipas standardeve dhe duke premtuar investime t\u00eb reja teknologjike.<\/p>\n\n\n\n<p class=\"wp-block-paragraph\">Ndotja e lumit q\u00eb p\u00ebrshkon fshatin Shpenadi t\u00eb Prizrenit nga mbetjet shtazore t\u00eb nj\u00eb pularie ka sjell shqet\u00ebsim te banor\u00ebt. Sipas tyre, kjo situat\u00eb po shkakton er\u00ebra t\u00eb pak\u00ebndshme dhe paraqet shqet\u00ebsim p\u00ebr mjedisin dhe sh\u00ebndetin publik. Banor\u00ebt thon\u00eb se p\u00ebr k\u00ebt\u00eb \u00e7\u00ebshtje jan\u00eb ankuar edhe m\u00eb her\u00ebt te institucionet p\u00ebrgjegj\u00ebse.<\/p>\n\n\n\n<p class=\"wp-block-paragraph\">Banor\u00ebt k\u00ebrkojn\u00eb nga kompania q\u00eb t\u00eb nd\u00ebrmarr\u00eb masa p\u00ebr zgjidhjen e problemit dhe mbrojtjen e sh\u00ebndetit t\u00eb banor\u00ebve.<\/p>\n\n\n\n<p class=\"wp-block-paragraph\">&#8220;Ne jemi k\u00ebtu p\u00ebr t&#8217;i shfaqur shqet\u00ebsimet tona rreth ndotjes q\u00eb po b\u00ebhet si n\u00eb uj\u00eb ashtu edhe n\u00eb kund\u00ebrmim t\u00eb nj\u00eb ere q\u00eb po vjen nga mbeturinat e thertores s\u00eb pularis\u00eb k\u00ebtu te varrezat e fshatit. Aty hidhen t\u00eb brendshmet e pulave, nuk trajtohen si duhet, hidhen kam\u00eb t\u00eb pulave, krena t\u00eb pulave, pula t\u00eb cofta e t\u00eb ndryshme&#8221;, tha&nbsp;Gjergj Shtufi, banor.<\/p>\n\n\n\n<p class=\"wp-block-paragraph\">&#8220;Ne nuk jemi gj\u00eb kund\u00ebr p\u00ebr at\u00eb q\u00eb ka e arrin me pun\u00eb, me djers, por, duhet ta ket\u00eb nj\u00eb infrastruktur\u00eb t\u00eb mbetjeve t\u00eb shpezve pulave apo ku e di \u00e7&#8217;far\u00eb. N\u00eb or\u00ebn 5 n\u00eb m\u00ebngjes dhe n\u00eb mbr\u00ebmje n\u00eb nuk mundemi me nejt jashta n\u00eb oborret tona p\u00ebr shkak t\u00eb arom\u00ebs s\u00eb keqe q\u00eb mbret\u00ebron&#8221;, pohoi&nbsp;Par Spaqi, banor.<\/p>\n\n\n\n<p class=\"wp-block-paragraph\">Drejtori i kompanis\u00eb, Naim Ukaj, thot\u00eb se kujdesen mjaft p\u00ebr ambientin, por hedhja e mbeturinave nuk b\u00ebhet asnj\u00ebher\u00eb n\u00eb lum\u00eb. Sipas tij, k\u00ebt\u00eb mund ta b\u00ebjn\u00eb kafsh\u00ebt, pasi Ekoregjioni i t\u00ebrheq mbeturinat e tyre tri her\u00eb n\u00eb jav\u00eb. Gjithsesi ai thot\u00eb se kompania ka porositur pajisje t\u00eb reja p\u00ebr grumbullimin e tyre, me synimin q\u00eb t\u00eb shmanget edhe hedhja e tyre n\u00eb kontejner\u00eb.<\/p>\n\n\n\n<p class=\"wp-block-paragraph\">&#8220;S&#8217;\u00ebsht\u00eb e v\u00ebrtet\u00eb se uji bahet kuq, uji kalon n\u00ebp\u00ebr rinecerator dhe mbetjet q\u00eb mujn me kalu jan\u00eb sasi minimale, jo rrjedha q\u00eb del prej gypit \u00ebsht\u00eb sasi minimale e mundshme e gjakut, patjet\u00ebr q\u00eb trajtohet njiher\u00eb n\u00eb rinecerator, trajtohet n\u00eb grop\u00ebn skeptike, n\u00eb r\u00ebr\u00eb dhe del n\u00eb lum\u00eb. P\u00ebrveq k\u00ebsaj, kompania jon\u00eb po e b\u00ebn nj\u00eb investim shtes\u00eb, q\u00eb mbetjet e pul\u00ebs mos me shku m\u00eb fare n\u00eb kontinjer, po munngri e pastaj mu trajtu nga Ekoregjioni&#8221;, tha ai.<\/p>\n\n\n\n<p class=\"wp-block-paragraph\">Ndon\u00ebse kompania shprehet se do t\u00eb investoj\u00eb m\u00eb shum\u00eb n\u00eb p\u00ebrmir\u00ebsimin e gjendjes aktuale, banor\u00ebt k\u00ebrkojn\u00eb q\u00eb menaxhimi i mbetjeve t\u00eb b\u00ebhet n\u00eb m\u00ebnyr\u00eb q\u00eb t\u00eb mos ket\u00eb ndikim n\u00eb mjedisin dhe jet\u00ebn e komunitetit.<\/p>\n","protected":false},"excerpt":{"rendered":"<p>Nj\u00eb kriz\u00eb e r\u00ebnd\u00eb mjedisore ka ngritur n\u00eb k\u00ebmb\u00eb banor\u00ebt e fshatit Shpenadi t\u00eb Prizrenit. Ata po alarmojn\u00eb se lumi i fshatit po ndotet n\u00eb m\u00ebnyr\u00eb t\u00eb vazhdueshme nga hedhja e mbetjeve shtazore prej nj\u00eb pularie lokale. K\u00ebto mbetje organike po shkaktojn\u00eb er\u00ebra t\u00eb padurueshme dhe po rrezikojn\u00eb seriozisht sh\u00ebndetin publik e mjedisin p\u00ebrreth. N\u00eb [&hellip;]<\/p>\n","protected":false},"author":4,"featured_media":30661,"comment_status":"open","ping_status":"open","sticky":false,"template":"","format":"standard","meta":{"footnotes":""},"categories":[31,30],"tags":[],"class_list":["post-30660","post","type-post","status-publish","format-standard","has-post-thumbnail","category-kosove","category-lajme"],"yoast_head":"<!-- This site is optimized with the Yoast SEO plugin v27.4 - https:\/\/yoast.com\/product\/yoast-seo-wordpress\/ -->\n<title>Banor\u00ebt e Shpenadis\u00eb akuzojn\u00eb pularin\u00eb p\u00ebr ndotjen e lumit dhe kund\u00ebrmimet - Kosova Times<\/title>\n<meta name=\"robots\" content=\"index, follow, max-snippet:-1, max-image-preview:large, max-video-preview:-1\" \/>\n<link rel=\"canonical\" href=\"https:\/\/kosovatimes.info\/index.php\/2026\/09\/02\/banoret-e-shpenadise-akuzojne-pularine-per-ndotjen-e-lumit-dhe-kundermimet\/\" \/>\n<meta property=\"og:locale\" content=\"en_US\" \/>\n<meta property=\"og:type\" content=\"article\" \/>\n<meta property=\"og:title\" content=\"Banor\u00ebt e Shpenadis\u00eb akuzojn\u00eb pularin\u00eb p\u00ebr ndotjen e lumit dhe kund\u00ebrmimet - Kosova Times\" \/>\n<meta property=\"og:description\" content=\"Nj\u00eb kriz\u00eb e r\u00ebnd\u00eb mjedisore ka ngritur n\u00eb k\u00ebmb\u00eb banor\u00ebt e fshatit Shpenadi t\u00eb Prizrenit. Ata po alarmojn\u00eb se lumi i fshatit po ndotet n\u00eb m\u00ebnyr\u00eb t\u00eb vazhdueshme nga hedhja e mbetjeve shtazore prej nj\u00eb pularie lokale. K\u00ebto mbetje organike po shkaktojn\u00eb er\u00ebra t\u00eb padurueshme dhe po rrezikojn\u00eb seriozisht sh\u00ebndetin publik e mjedisin p\u00ebrreth. N\u00eb [&hellip;]\" \/>\n<meta property=\"og:url\" content=\"https:\/\/kosovatimes.info\/index.php\/2026\/09\/02\/banoret-e-shpenadise-akuzojne-pularine-per-ndotjen-e-lumit-dhe-kundermimet\/\" \/>\n<meta property=\"og:site_name\" content=\"Kosova Times\" \/>\n<meta property=\"article:published_time\" content=\"2026-09-02T18:31:00+00:00\" \/>\n<meta property=\"article:modified_time\" content=\"2026-09-02T18:53:53+00:00\" \/>\n<meta property=\"og:image\" content=\"https:\/\/kosovatimes.info\/wp-content\/uploads\/2026\/09\/Shpenadije.jpg\" \/>\n\t<meta property=\"og:image:width\" content=\"780\" \/>\n\t<meta property=\"og:image:height\" content=\"500\" \/>\n\t<meta property=\"og:image:type\" content=\"image\/jpeg\" \/>\n<meta name=\"author\" content=\"i l\" \/>\n<meta name=\"twitter:card\" content=\"summary_large_image\" \/>\n<meta name=\"twitter:label1\" content=\"Written by\" \/>\n\t<meta name=\"twitter:data1\" content=\"i l\" \/>\n\t<meta name=\"twitter:label2\" content=\"Est. reading time\" \/>\n\t<meta name=\"twitter:data2\" content=\"3 minutes\" \/>\n<script type=\"application\/ld+json\" class=\"yoast-schema-graph\">{\"@context\":\"https:\\\/\\\/schema.org\",\"@graph\":[{\"@type\":\"Article\",\"@id\":\"https:\\\/\\\/kosovatimes.info\\\/index.php\\\/2026\\\/09\\\/02\\\/banoret-e-shpenadise-akuzojne-pularine-per-ndotjen-e-lumit-dhe-kundermimet\\\/#article\",\"isPartOf\":{\"@id\":\"https:\\\/\\\/kosovatimes.info\\\/index.php\\\/2026\\\/09\\\/02\\\/banoret-e-shpenadise-akuzojne-pularine-per-ndotjen-e-lumit-dhe-kundermimet\\\/\"},\"author\":{\"name\":\"i l\",\"@id\":\"https:\\\/\\\/kosovatimes.info\\\/#\\\/schema\\\/person\\\/7586712b9c512fe68085de007378c915\"},\"headline\":\"Banor\u00ebt e Shpenadis\u00eb akuzojn\u00eb pularin\u00eb p\u00ebr ndotjen e lumit dhe kund\u00ebrmimet\",\"datePublished\":\"2026-09-02T18:31:00+00:00\",\"dateModified\":\"2026-09-02T18:53:53+00:00\",\"mainEntityOfPage\":{\"@id\":\"https:\\\/\\\/kosovatimes.info\\\/index.php\\\/2026\\\/09\\\/02\\\/banoret-e-shpenadise-akuzojne-pularine-per-ndotjen-e-lumit-dhe-kundermimet\\\/\"},\"wordCount\":539,\"commentCount\":0,\"image\":{\"@id\":\"https:\\\/\\\/kosovatimes.info\\\/index.php\\\/2026\\\/09\\\/02\\\/banoret-e-shpenadise-akuzojne-pularine-per-ndotjen-e-lumit-dhe-kundermimet\\\/#primaryimage\"},\"thumbnailUrl\":\"https:\\\/\\\/kosovatimes.info\\\/wp-content\\\/uploads\\\/2026\\\/09\\\/Shpenadije.jpg\",\"articleSection\":[\"Kosov\u00eb\",\"Lajme\"],\"inLanguage\":\"en-US\",\"potentialAction\":[{\"@type\":\"CommentAction\",\"name\":\"Comment\",\"target\":[\"https:\\\/\\\/kosovatimes.info\\\/index.php\\\/2026\\\/09\\\/02\\\/banoret-e-shpenadise-akuzojne-pularine-per-ndotjen-e-lumit-dhe-kundermimet\\\/#respond\"]}]},{\"@type\":\"WebPage\",\"@id\":\"https:\\\/\\\/kosovatimes.info\\\/index.php\\\/2026\\\/09\\\/02\\\/banoret-e-shpenadise-akuzojne-pularine-per-ndotjen-e-lumit-dhe-kundermimet\\\/\",\"url\":\"https:\\\/\\\/kosovatimes.info\\\/index.php\\\/2026\\\/09\\\/02\\\/banoret-e-shpenadise-akuzojne-pularine-per-ndotjen-e-lumit-dhe-kundermimet\\\/\",\"name\":\"Banor\u00ebt e Shpenadis\u00eb akuzojn\u00eb pularin\u00eb p\u00ebr ndotjen e lumit dhe kund\u00ebrmimet - Kosova Times\",\"isPartOf\":{\"@id\":\"https:\\\/\\\/kosovatimes.info\\\/#website\"},\"primaryImageOfPage\":{\"@id\":\"https:\\\/\\\/kosovatimes.info\\\/index.php\\\/2026\\\/09\\\/02\\\/banoret-e-shpenadise-akuzojne-pularine-per-ndotjen-e-lumit-dhe-kundermimet\\\/#primaryimage\"},\"image\":{\"@id\":\"https:\\\/\\\/kosovatimes.info\\\/index.php\\\/2026\\\/09\\\/02\\\/banoret-e-shpenadise-akuzojne-pularine-per-ndotjen-e-lumit-dhe-kundermimet\\\/#primaryimage\"},\"thumbnailUrl\":\"https:\\\/\\\/kosovatimes.info\\\/wp-content\\\/uploads\\\/2026\\\/09\\\/Shpenadije.jpg\",\"datePublished\":\"2026-09-02T18:31:00+00:00\",\"dateModified\":\"2026-09-02T18:53:53+00:00\",\"author\":{\"@id\":\"https:\\\/\\\/kosovatimes.info\\\/#\\\/schema\\\/person\\\/7586712b9c512fe68085de007378c915\"},\"breadcrumb\":{\"@id\":\"https:\\\/\\\/kosovatimes.info\\\/index.php\\\/2026\\\/09\\\/02\\\/banoret-e-shpenadise-akuzojne-pularine-per-ndotjen-e-lumit-dhe-kundermimet\\\/#breadcrumb\"},\"inLanguage\":\"en-US\",\"potentialAction\":[{\"@type\":\"ReadAction\",\"target\":[\"https:\\\/\\\/kosovatimes.info\\\/index.php\\\/2026\\\/09\\\/02\\\/banoret-e-shpenadise-akuzojne-pularine-per-ndotjen-e-lumit-dhe-kundermimet\\\/\"]}]},{\"@type\":\"ImageObject\",\"inLanguage\":\"en-US\",\"@id\":\"https:\\\/\\\/kosovatimes.info\\\/index.php\\\/2026\\\/09\\\/02\\\/banoret-e-shpenadise-akuzojne-pularine-per-ndotjen-e-lumit-dhe-kundermimet\\\/#primaryimage\",\"url\":\"https:\\\/\\\/kosovatimes.info\\\/wp-content\\\/uploads\\\/2026\\\/09\\\/Shpenadije.jpg\",\"contentUrl\":\"https:\\\/\\\/kosovatimes.info\\\/wp-content\\\/uploads\\\/2026\\\/09\\\/Shpenadije.jpg\",\"width\":780,\"height\":500},{\"@type\":\"BreadcrumbList\",\"@id\":\"https:\\\/\\\/kosovatimes.info\\\/index.php\\\/2026\\\/09\\\/02\\\/banoret-e-shpenadise-akuzojne-pularine-per-ndotjen-e-lumit-dhe-kundermimet\\\/#breadcrumb\",\"itemListElement\":[{\"@type\":\"ListItem\",\"position\":1,\"name\":\"Home\",\"item\":\"https:\\\/\\\/kosovatimes.info\\\/\"},{\"@type\":\"ListItem\",\"position\":2,\"name\":\"Banor\u00ebt e Shpenadis\u00eb akuzojn\u00eb pularin\u00eb p\u00ebr ndotjen e lumit dhe kund\u00ebrmimet\"}]},{\"@type\":\"WebSite\",\"@id\":\"https:\\\/\\\/kosovatimes.info\\\/#website\",\"url\":\"https:\\\/\\\/kosovatimes.info\\\/\",\"name\":\"Kosova Times\",\"description\":\"\",\"potentialAction\":[{\"@type\":\"SearchAction\",\"target\":{\"@type\":\"EntryPoint\",\"urlTemplate\":\"https:\\\/\\\/kosovatimes.info\\\/?s={search_term_string}\"},\"query-input\":{\"@type\":\"PropertyValueSpecification\",\"valueRequired\":true,\"valueName\":\"search_term_string\"}}],\"inLanguage\":\"en-US\"},{\"@type\":\"Person\",\"@id\":\"https:\\\/\\\/kosovatimes.info\\\/#\\\/schema\\\/person\\\/7586712b9c512fe68085de007378c915\",\"name\":\"i l\",\"image\":{\"@type\":\"ImageObject\",\"inLanguage\":\"en-US\",\"@id\":\"https:\\\/\\\/secure.gravatar.com\\\/avatar\\\/bad9296e02816160ae2e2435beda58222022298d5625d49fea74d18816fbb31d?s=96&d=mm&r=g\",\"url\":\"https:\\\/\\\/secure.gravatar.com\\\/avatar\\\/bad9296e02816160ae2e2435beda58222022298d5625d49fea74d18816fbb31d?s=96&d=mm&r=g\",\"contentUrl\":\"https:\\\/\\\/secure.gravatar.com\\\/avatar\\\/bad9296e02816160ae2e2435beda58222022298d5625d49fea74d18816fbb31d?s=96&d=mm&r=g\",\"caption\":\"i l\"},\"url\":\"https:\\\/\\\/kosovatimes.info\\\/index.php\\\/author\\\/iliri\\\/\"}]}<\/script>\n<!-- \/ Yoast SEO plugin. -->","yoast_head_json":{"title":"Banor\u00ebt e Shpenadis\u00eb akuzojn\u00eb pularin\u00eb p\u00ebr ndotjen e lumit dhe kund\u00ebrmimet - Kosova Times","robots":{"index":"index","follow":"follow","max-snippet":"max-snippet:-1","max-image-preview":"max-image-preview:large","max-video-preview":"max-video-preview:-1"},"canonical":"https:\/\/kosovatimes.info\/index.php\/2026\/09\/02\/banoret-e-shpenadise-akuzojne-pularine-per-ndotjen-e-lumit-dhe-kundermimet\/","og_locale":"en_US","og_type":"article","og_title":"Banor\u00ebt e Shpenadis\u00eb akuzojn\u00eb pularin\u00eb p\u00ebr ndotjen e lumit dhe kund\u00ebrmimet - Kosova Times","og_description":"Nj\u00eb kriz\u00eb e r\u00ebnd\u00eb mjedisore ka ngritur n\u00eb k\u00ebmb\u00eb banor\u00ebt e fshatit Shpenadi t\u00eb Prizrenit. Ata po alarmojn\u00eb se lumi i fshatit po ndotet n\u00eb m\u00ebnyr\u00eb t\u00eb vazhdueshme nga hedhja e mbetjeve shtazore prej nj\u00eb pularie lokale. K\u00ebto mbetje organike po shkaktojn\u00eb er\u00ebra t\u00eb padurueshme dhe po rrezikojn\u00eb seriozisht sh\u00ebndetin publik e mjedisin p\u00ebrreth. N\u00eb [&hellip;]","og_url":"https:\/\/kosovatimes.info\/index.php\/2026\/09\/02\/banoret-e-shpenadise-akuzojne-pularine-per-ndotjen-e-lumit-dhe-kundermimet\/","og_site_name":"Kosova Times","article_published_time":"2026-09-02T18:31:00+00:00","article_modified_time":"2026-09-02T18:53:53+00:00","og_image":[{"width":780,"height":500,"url":"https:\/\/kosovatimes.info\/wp-content\/uploads\/2026\/09\/Shpenadije.jpg","type":"image\/jpeg"}],"author":"i l","twitter_card":"summary_large_image","twitter_misc":{"Written by":"i l","Est. reading time":"3 minutes"},"schema":{"@context":"https:\/\/schema.org","@graph":[{"@type":"Article","@id":"https:\/\/kosovatimes.info\/index.php\/2026\/09\/02\/banoret-e-shpenadise-akuzojne-pularine-per-ndotjen-e-lumit-dhe-kundermimet\/#article","isPartOf":{"@id":"https:\/\/kosovatimes.info\/index.php\/2026\/09\/02\/banoret-e-shpenadise-akuzojne-pularine-per-ndotjen-e-lumit-dhe-kundermimet\/"},"author":{"name":"i l","@id":"https:\/\/kosovatimes.info\/#\/schema\/person\/7586712b9c512fe68085de007378c915"},"headline":"Banor\u00ebt e Shpenadis\u00eb akuzojn\u00eb pularin\u00eb p\u00ebr ndotjen e lumit dhe kund\u00ebrmimet","datePublished":"2026-09-02T18:31:00+00:00","dateModified":"2026-09-02T18:53:53+00:00","mainEntityOfPage":{"@id":"https:\/\/kosovatimes.info\/index.php\/2026\/09\/02\/banoret-e-shpenadise-akuzojne-pularine-per-ndotjen-e-lumit-dhe-kundermimet\/"},"wordCount":539,"commentCount":0,"image":{"@id":"https:\/\/kosovatimes.info\/index.php\/2026\/09\/02\/banoret-e-shpenadise-akuzojne-pularine-per-ndotjen-e-lumit-dhe-kundermimet\/#primaryimage"},"thumbnailUrl":"https:\/\/kosovatimes.info\/wp-content\/uploads\/2026\/09\/Shpenadije.jpg","articleSection":["Kosov\u00eb","Lajme"],"inLanguage":"en-US","potentialAction":[{"@type":"CommentAction","name":"Comment","target":["https:\/\/kosovatimes.info\/index.php\/2026\/09\/02\/banoret-e-shpenadise-akuzojne-pularine-per-ndotjen-e-lumit-dhe-kundermimet\/#respond"]}]},{"@type":"WebPage","@id":"https:\/\/kosovatimes.info\/index.php\/2026\/09\/02\/banoret-e-shpenadise-akuzojne-pularine-per-ndotjen-e-lumit-dhe-kundermimet\/","url":"https:\/\/kosovatimes.info\/index.php\/2026\/09\/02\/banoret-e-shpenadise-akuzojne-pularine-per-ndotjen-e-lumit-dhe-kundermimet\/","name":"Banor\u00ebt e Shpenadis\u00eb akuzojn\u00eb pularin\u00eb p\u00ebr ndotjen e lumit dhe kund\u00ebrmimet - Kosova Times","isPartOf":{"@id":"https:\/\/kosovatimes.info\/#website"},"primaryImageOfPage":{"@id":"https:\/\/kosovatimes.info\/index.php\/2026\/09\/02\/banoret-e-shpenadise-akuzojne-pularine-per-ndotjen-e-lumit-dhe-kundermimet\/#primaryimage"},"image":{"@id":"https:\/\/kosovatimes.info\/index.php\/2026\/09\/02\/banoret-e-shpenadise-akuzojne-pularine-per-ndotjen-e-lumit-dhe-kundermimet\/#primaryimage"},"thumbnailUrl":"https:\/\/kosovatimes.info\/wp-content\/uploads\/2026\/09\/Shpenadije.jpg","datePublished":"2026-09-02T18:31:00+00:00","dateModified":"2026-09-02T18:53:53+00:00","author":{"@id":"https:\/\/kosovatimes.info\/#\/schema\/person\/7586712b9c512fe68085de007378c915"},"breadcrumb":{"@id":"https:\/\/kosovatimes.info\/index.php\/2026\/09\/02\/banoret-e-shpenadise-akuzojne-pularine-per-ndotjen-e-lumit-dhe-kundermimet\/#breadcrumb"},"inLanguage":"en-US","potentialAction":[{"@type":"ReadAction","target":["https:\/\/kosovatimes.info\/index.php\/2026\/09\/02\/banoret-e-shpenadise-akuzojne-pularine-per-ndotjen-e-lumit-dhe-kundermimet\/"]}]},{"@type":"ImageObject","inLanguage":"en-US","@id":"https:\/\/kosovatimes.info\/index.php\/2026\/09\/02\/banoret-e-shpenadise-akuzojne-pularine-per-ndotjen-e-lumit-dhe-kundermimet\/#primaryimage","url":"https:\/\/kosovatimes.info\/wp-content\/uploads\/2026\/09\/Shpenadije.jpg","contentUrl":"https:\/\/kosovatimes.info\/wp-content\/uploads\/2026\/09\/Shpenadije.jpg","width":780,"height":500},{"@type":"BreadcrumbList","@id":"https:\/\/kosovatimes.info\/index.php\/2026\/09\/02\/banoret-e-shpenadise-akuzojne-pularine-per-ndotjen-e-lumit-dhe-kundermimet\/#breadcrumb","itemListElement":[{"@type":"ListItem","position":1,"name":"Home","item":"https:\/\/kosovatimes.info\/"},{"@type":"ListItem","position":2,"name":"Banor\u00ebt e Shpenadis\u00eb akuzojn\u00eb pularin\u00eb p\u00ebr ndotjen e lumit dhe kund\u00ebrmimet"}]},{"@type":"WebSite","@id":"https:\/\/kosovatimes.info\/#website","url":"https:\/\/kosovatimes.info\/","name":"Kosova Times","description":"","potentialAction":[{"@type":"SearchAction","target":{"@type":"EntryPoint","urlTemplate":"https:\/\/kosovatimes.info\/?s={search_term_string}"},"query-input":{"@type":"PropertyValueSpecification","valueRequired":true,"valueName":"search_term_string"}}],"inLanguage":"en-US"},{"@type":"Person","@id":"https:\/\/kosovatimes.info\/#\/schema\/person\/7586712b9c512fe68085de007378c915","name":"i l","image":{"@type":"ImageObject","inLanguage":"en-US","@id":"https:\/\/secure.gravatar.com\/avatar\/bad9296e02816160ae2e2435beda58222022298d5625d49fea74d18816fbb31d?s=96&d=mm&r=g","url":"https:\/\/secure.gravatar.com\/avatar\/bad9296e02816160ae2e2435beda58222022298d5625d49fea74d18816fbb31d?s=96&d=mm&r=g","contentUrl":"https:\/\/secure.gravatar.com\/avatar\/bad9296e02816160ae2e2435beda58222022298d5625d49fea74d18816fbb31d?s=96&d=mm&r=g","caption":"i l"},"url":"https:\/\/kosovatimes.info\/index.php\/author\/iliri\/"}]}},"_links":{"self":[{"href":"https:\/\/kosovatimes.info\/index.php\/wp-json\/wp\/v2\/posts\/30660","targetHints":{"allow":["GET"]}}],"collection":[{"href":"https:\/\/kosovatimes.info\/index.php\/wp-json\/wp\/v2\/posts"}],"about":[{"href":"https:\/\/kosovatimes.info\/index.php\/wp-json\/wp\/v2\/types\/post"}],"author":[{"embeddable":true,"href":"https:\/\/kosovatimes.info\/index.php\/wp-json\/wp\/v2\/users\/4"}],"replies":[{"embeddable":true,"href":"https:\/\/kosovatimes.info\/index.php\/wp-json\/wp\/v2\/comments?post=30660"}],"version-history":[{"count":1,"href":"https:\/\/kosovatimes.info\/index.php\/wp-json\/wp\/v2\/posts\/30660\/revisions"}],"predecessor-version":[{"id":30662,"href":"https:\/\/kosovatimes.info\/index.php\/wp-json\/wp\/v2\/posts\/30660\/revisions\/30662"}],"wp:featuredmedia":[{"embeddable":true,"href":"https:\/\/kosovatimes.info\/index.php\/wp-json\/wp\/v2\/media\/30661"}],"wp:attachment":[{"href":"https:\/\/kosovatimes.info\/index.php\/wp-json\/wp\/v2\/media?parent=30660"}],"wp:term":[{"taxonomy":"category","embeddable":true,"href":"https:\/\/kosovatimes.info\/index.php\/wp-json\/wp\/v2\/categories?post=30660"},{"taxonomy":"post_tag","embeddable":true,"href":"https:\/\/kosovatimes.info\/index.php\/wp-json\/wp\/v2\/tags?post=30660"}],"curies":[{"name":"wp","href":"https:\/\/api.w.org\/{rel}","templated":true}]}}