{"id":30663,"date":"2026-09-02T19:53:00","date_gmt":"2026-09-02T17:53:00","guid":{"rendered":"https:\/\/kosovatimes.info\/?p=30663"},"modified":"2026-09-02T20:54:54","modified_gmt":"2026-09-02T18:54:54","slug":"prishtina-kerkon-zgjidhje-per-problemin-e-mbeturinave","status":"publish","type":"post","link":"https:\/\/kosovatimes.info\/index.php\/2026\/09\/02\/prishtina-kerkon-zgjidhje-per-problemin-e-mbeturinave\/","title":{"rendered":"Prishtina k\u00ebrkon zgjidhje p\u00ebr problemin e mbeturinave\u00a0"},"content":{"rendered":"\n<p class=\"wp-block-paragraph\"><a target=\"_blank\" href=\"https:\/\/www.linkedin.com\/shareArticle?mini=true&amp;url=https%3A%2F%2Fwww.rtklive.com%2Fsq%2Fnews-single.php%3FID%3D732801\" rel=\"noopener\"><\/a><\/p>\n\n\n\n<p class=\"wp-block-paragraph\"><strong>Problemi i mbeturinave n\u00eb Prishtin\u00eb po shtyn komun\u00ebn drejt krijimit t\u00eb nj\u00eb modeli t\u00eb ri t\u00eb menaxhimit t\u00eb pastrimit. Autoritetet lokale kan\u00eb nisur procedurat p\u00ebr themelimin e nj\u00eb nd\u00ebrmarrjeje publike q\u00eb do t\u00eb veproj\u00eb vet\u00ebm n\u00eb kryeqytet, duke e arsyetuar k\u00ebt\u00eb me kapacitetet e pamjaftueshme t\u00eb kompanis\u00eb rajonale &#8220;Pastrimi&#8221;.<\/strong><\/p>\n\n\n\n<p class=\"wp-block-paragraph\">Nd\u00ebrsa komuna synon ta d\u00ebrgoj\u00eb propozimin p\u00ebr votim n\u00eb Kuvendin Komunal, qytetar\u00ebt k\u00ebrkojn\u00eb m\u00eb shum\u00eb efikasitet nga institucionet, por pranojn\u00eb edhe p\u00ebrgjegj\u00ebsin\u00eb e tyre p\u00ebr gjendjen n\u00eb qytet.<\/p>\n\n\n\n<p class=\"wp-block-paragraph\">Komuna e Prishtin\u00ebs ka nd\u00ebrmarr\u00eb nj\u00eb hap radikal p\u00ebr ta zgjidhur kriz\u00ebn e kahershme t\u00eb mbeturinave n\u00eb kryeqytet. Gjat\u00eb dit\u00ebve t\u00eb fundit, autoritetet lokale kan\u00eb nisur zyrtarisht procedurat p\u00ebr themelimin e nj\u00eb nd\u00ebrmarrjeje t\u00eb re publike p\u00ebr pastrimin, e cila do t\u00eb operoj\u00eb ekskluzivisht vet\u00ebm brenda Prishtin\u00ebs.<\/p>\n\n\n\n<p class=\"wp-block-paragraph\">Sipas t\u00eb dyt\u00ebs n\u00eb pushtetin lokal, Besian\u00eb Musmurati, kjo nism\u00eb bazohet n\u00eb kompetencat q\u00eb i jep Ligji p\u00ebr Kryeqytetin. Ky vendim vjen si pasoj\u00eb e d\u00ebshtimit t\u00eb kompanis\u00eb rajonale &#8216;Pastrimi&#8217; p\u00ebr t&#8217;i mbuluar nevojat e qytetit, p\u00ebr shkak t\u00eb mbingarkes\u00ebs me sh\u00ebrbime n\u00eb komunat e tjera t\u00eb rajonit.<\/p>\n\n\n\n<p class=\"wp-block-paragraph\">&#8220;Mosinvestimi n\u00eb kompanin\u00eb &#8220;Pastrimi&#8221;&nbsp;na ka shtyr\u00eb q\u00eb si komun\u00eb t\u00eb marrim hapa, sepse, n\u00eb t\u00eb kund\u00ebrt\u00ebn, po t\u00eb fuqizohej nd\u00ebrmarrja, Prishtina s?kishte me pas\u00eb nevoj\u00eb me themelu nd\u00ebrmarrje t\u00eb re. Po ta n\u00ebnshkruante Hekuran Murati kredin\u00eb e but\u00eb me KfW-n\u00eb gjermane, ku planifikoheshin 70 milion\u00eb euro investim p\u00ebr kompanin\u00eb &#8220;Pastrimi&#8221;, ku planifikoheshin blerja e 100 kamion\u00ebve shtes\u00eb p\u00ebr mbledhjen e mbeturinave, ku planifikoheshin vendosja e 10 mij\u00eb kontejner\u00ebve shtes\u00eb, ne nuk do t\u00eb ishim n\u00eb k\u00ebt\u00eb pozicion q\u00eb jemi sot&#8221;, tha ajo.<\/p>\n\n\n\n<p class=\"wp-block-paragraph\">P\u00ebr momentin komuna \u00ebsht\u00eb duke shqyrtuar pjes\u00ebn e menaxhimit t\u00eb mbeturinave si faz\u00eb t\u00eb par\u00eb, p\u00ebr t\u00eb pasuar m\u00eb tej edhe themelimi i nd\u00ebrmarrjes s\u00eb ve\u00e7ant\u00eb.<\/p>\n\n\n\n<p class=\"wp-block-paragraph\">&#8220;Ne nuk mund t\u00eb mendojm\u00eb p\u00ebr riciklim, kur e dim\u00eb q\u00eb ajo na kushton vler\u00eb financiare jasht\u00ebzakonisht t\u00eb lart\u00eb&#8221;, shtoi ajo.<\/p>\n\n\n\n<p class=\"wp-block-paragraph\">Nd\u00ebrkoh\u00eb, gjendja e mbeturinave n\u00eb kryeqytet mbetet alarmante. Banor\u00ebt e kryeqytetit faj\u00ebsojn\u00eb institucionet por nuk anashkalojn\u00eb edhe pap\u00ebrgjegj\u00ebsin\u00eb qytetare.<\/p>\n\n\n\n<p class=\"wp-block-paragraph\">&#8220;Mjafton t&#8217;i vizitosh shum\u00eb rrugica t\u00eb kryeqytetit dhe n\u00ebp\u00ebr shum\u00eb k\u00ebnde ka mbeturina q\u00eb nuk hiqen me jav\u00eb t\u00eb t\u00ebra&#8221;, tha nj\u00eb qytetar.<\/p>\n\n\n\n<p class=\"wp-block-paragraph\">&#8220;Na kemi faj, se i qesim gjithkund. Me pas\u00eb edukat\u00eb, pse s&#8217;po i qesim n\u00ebp\u00ebr oborr&#8221;, theksoi tjetri qytetar.<\/p>\n\n\n\n<p class=\"wp-block-paragraph\">Derisa themelimi i nj\u00eb nd\u00ebrmarrjeje t\u00eb re, q\u00eb do t\u00eb kujdeset p\u00ebr past\u00ebrtin\u00eb e kryeqytetit, ta marr\u00eb drit\u00ebn e gjelb\u00ebr, si propozim n\u00eb Kuvendin Komunal, p\u00ebr t\u00eb pasuar planifikimet buxhetore p\u00ebr vitin q\u00eb vjen, banor\u00ebve t\u00eb kryeqytetit u mbetet t&#8217;i shtojn\u00eb p\u00ebrgjegj\u00ebsit\u00eb individuale.<\/p>\n","protected":false},"excerpt":{"rendered":"<p>Problemi i mbeturinave n\u00eb Prishtin\u00eb po shtyn komun\u00ebn drejt krijimit t\u00eb nj\u00eb modeli t\u00eb ri t\u00eb menaxhimit t\u00eb pastrimit. Autoritetet lokale kan\u00eb nisur procedurat p\u00ebr themelimin e nj\u00eb nd\u00ebrmarrjeje publike q\u00eb do t\u00eb veproj\u00eb vet\u00ebm n\u00eb kryeqytet, duke e arsyetuar k\u00ebt\u00eb me kapacitetet e pamjaftueshme t\u00eb kompanis\u00eb rajonale &#8220;Pastrimi&#8221;. Nd\u00ebrsa komuna synon ta d\u00ebrgoj\u00eb propozimin [&hellip;]<\/p>\n","protected":false},"author":4,"featured_media":30664,"comment_status":"open","ping_status":"open","sticky":false,"template":"","format":"standard","meta":{"footnotes":""},"categories":[31,30],"tags":[],"class_list":["post-30663","post","type-post","status-publish","format-standard","has-post-thumbnail","category-kosove","category-lajme"],"yoast_head":"<!-- This site is optimized with the Yoast SEO plugin v27.4 - https:\/\/yoast.com\/product\/yoast-seo-wordpress\/ -->\n<title>Prishtina k\u00ebrkon zgjidhje p\u00ebr problemin e mbeturinave\u00a0 - Kosova Times<\/title>\n<meta name=\"robots\" content=\"index, follow, max-snippet:-1, max-image-preview:large, max-video-preview:-1\" \/>\n<link rel=\"canonical\" href=\"https:\/\/kosovatimes.info\/index.php\/2026\/09\/02\/prishtina-kerkon-zgjidhje-per-problemin-e-mbeturinave\/\" \/>\n<meta property=\"og:locale\" content=\"en_US\" \/>\n<meta property=\"og:type\" content=\"article\" \/>\n<meta property=\"og:title\" content=\"Prishtina k\u00ebrkon zgjidhje p\u00ebr problemin e mbeturinave\u00a0 - Kosova Times\" \/>\n<meta property=\"og:description\" content=\"Problemi i mbeturinave n\u00eb Prishtin\u00eb po shtyn komun\u00ebn drejt krijimit t\u00eb nj\u00eb modeli t\u00eb ri t\u00eb menaxhimit t\u00eb pastrimit. Autoritetet lokale kan\u00eb nisur procedurat p\u00ebr themelimin e nj\u00eb nd\u00ebrmarrjeje publike q\u00eb do t\u00eb veproj\u00eb vet\u00ebm n\u00eb kryeqytet, duke e arsyetuar k\u00ebt\u00eb me kapacitetet e pamjaftueshme t\u00eb kompanis\u00eb rajonale &#8220;Pastrimi&#8221;. Nd\u00ebrsa komuna synon ta d\u00ebrgoj\u00eb propozimin [&hellip;]\" \/>\n<meta property=\"og:url\" content=\"https:\/\/kosovatimes.info\/index.php\/2026\/09\/02\/prishtina-kerkon-zgjidhje-per-problemin-e-mbeturinave\/\" \/>\n<meta property=\"og:site_name\" content=\"Kosova Times\" \/>\n<meta property=\"article:published_time\" content=\"2026-09-02T17:53:00+00:00\" \/>\n<meta property=\"article:modified_time\" content=\"2026-09-02T18:54:54+00:00\" \/>\n<meta property=\"og:image\" content=\"https:\/\/kosovatimes.info\/wp-content\/uploads\/2026\/09\/Mbeturina.jpg\" \/>\n\t<meta property=\"og:image:width\" content=\"780\" \/>\n\t<meta property=\"og:image:height\" content=\"500\" \/>\n\t<meta property=\"og:image:type\" content=\"image\/jpeg\" \/>\n<meta name=\"author\" content=\"i l\" \/>\n<meta name=\"twitter:card\" content=\"summary_large_image\" \/>\n<meta name=\"twitter:label1\" content=\"Written by\" \/>\n\t<meta name=\"twitter:data1\" content=\"i l\" \/>\n\t<meta name=\"twitter:label2\" content=\"Est. reading time\" \/>\n\t<meta name=\"twitter:data2\" content=\"2 minutes\" \/>\n<script type=\"application\/ld+json\" class=\"yoast-schema-graph\">{\"@context\":\"https:\\\/\\\/schema.org\",\"@graph\":[{\"@type\":\"Article\",\"@id\":\"https:\\\/\\\/kosovatimes.info\\\/index.php\\\/2026\\\/09\\\/02\\\/prishtina-kerkon-zgjidhje-per-problemin-e-mbeturinave\\\/#article\",\"isPartOf\":{\"@id\":\"https:\\\/\\\/kosovatimes.info\\\/index.php\\\/2026\\\/09\\\/02\\\/prishtina-kerkon-zgjidhje-per-problemin-e-mbeturinave\\\/\"},\"author\":{\"name\":\"i l\",\"@id\":\"https:\\\/\\\/kosovatimes.info\\\/#\\\/schema\\\/person\\\/7586712b9c512fe68085de007378c915\"},\"headline\":\"Prishtina k\u00ebrkon zgjidhje p\u00ebr problemin e mbeturinave\u00a0\",\"datePublished\":\"2026-09-02T17:53:00+00:00\",\"dateModified\":\"2026-09-02T18:54:54+00:00\",\"mainEntityOfPage\":{\"@id\":\"https:\\\/\\\/kosovatimes.info\\\/index.php\\\/2026\\\/09\\\/02\\\/prishtina-kerkon-zgjidhje-per-problemin-e-mbeturinave\\\/\"},\"wordCount\":486,\"commentCount\":0,\"image\":{\"@id\":\"https:\\\/\\\/kosovatimes.info\\\/index.php\\\/2026\\\/09\\\/02\\\/prishtina-kerkon-zgjidhje-per-problemin-e-mbeturinave\\\/#primaryimage\"},\"thumbnailUrl\":\"https:\\\/\\\/kosovatimes.info\\\/wp-content\\\/uploads\\\/2026\\\/09\\\/Mbeturina.jpg\",\"articleSection\":[\"Kosov\u00eb\",\"Lajme\"],\"inLanguage\":\"en-US\",\"potentialAction\":[{\"@type\":\"CommentAction\",\"name\":\"Comment\",\"target\":[\"https:\\\/\\\/kosovatimes.info\\\/index.php\\\/2026\\\/09\\\/02\\\/prishtina-kerkon-zgjidhje-per-problemin-e-mbeturinave\\\/#respond\"]}]},{\"@type\":\"WebPage\",\"@id\":\"https:\\\/\\\/kosovatimes.info\\\/index.php\\\/2026\\\/09\\\/02\\\/prishtina-kerkon-zgjidhje-per-problemin-e-mbeturinave\\\/\",\"url\":\"https:\\\/\\\/kosovatimes.info\\\/index.php\\\/2026\\\/09\\\/02\\\/prishtina-kerkon-zgjidhje-per-problemin-e-mbeturinave\\\/\",\"name\":\"Prishtina k\u00ebrkon zgjidhje p\u00ebr problemin e mbeturinave\u00a0 - Kosova Times\",\"isPartOf\":{\"@id\":\"https:\\\/\\\/kosovatimes.info\\\/#website\"},\"primaryImageOfPage\":{\"@id\":\"https:\\\/\\\/kosovatimes.info\\\/index.php\\\/2026\\\/09\\\/02\\\/prishtina-kerkon-zgjidhje-per-problemin-e-mbeturinave\\\/#primaryimage\"},\"image\":{\"@id\":\"https:\\\/\\\/kosovatimes.info\\\/index.php\\\/2026\\\/09\\\/02\\\/prishtina-kerkon-zgjidhje-per-problemin-e-mbeturinave\\\/#primaryimage\"},\"thumbnailUrl\":\"https:\\\/\\\/kosovatimes.info\\\/wp-content\\\/uploads\\\/2026\\\/09\\\/Mbeturina.jpg\",\"datePublished\":\"2026-09-02T17:53:00+00:00\",\"dateModified\":\"2026-09-02T18:54:54+00:00\",\"author\":{\"@id\":\"https:\\\/\\\/kosovatimes.info\\\/#\\\/schema\\\/person\\\/7586712b9c512fe68085de007378c915\"},\"breadcrumb\":{\"@id\":\"https:\\\/\\\/kosovatimes.info\\\/index.php\\\/2026\\\/09\\\/02\\\/prishtina-kerkon-zgjidhje-per-problemin-e-mbeturinave\\\/#breadcrumb\"},\"inLanguage\":\"en-US\",\"potentialAction\":[{\"@type\":\"ReadAction\",\"target\":[\"https:\\\/\\\/kosovatimes.info\\\/index.php\\\/2026\\\/09\\\/02\\\/prishtina-kerkon-zgjidhje-per-problemin-e-mbeturinave\\\/\"]}]},{\"@type\":\"ImageObject\",\"inLanguage\":\"en-US\",\"@id\":\"https:\\\/\\\/kosovatimes.info\\\/index.php\\\/2026\\\/09\\\/02\\\/prishtina-kerkon-zgjidhje-per-problemin-e-mbeturinave\\\/#primaryimage\",\"url\":\"https:\\\/\\\/kosovatimes.info\\\/wp-content\\\/uploads\\\/2026\\\/09\\\/Mbeturina.jpg\",\"contentUrl\":\"https:\\\/\\\/kosovatimes.info\\\/wp-content\\\/uploads\\\/2026\\\/09\\\/Mbeturina.jpg\",\"width\":780,\"height\":500},{\"@type\":\"BreadcrumbList\",\"@id\":\"https:\\\/\\\/kosovatimes.info\\\/index.php\\\/2026\\\/09\\\/02\\\/prishtina-kerkon-zgjidhje-per-problemin-e-mbeturinave\\\/#breadcrumb\",\"itemListElement\":[{\"@type\":\"ListItem\",\"position\":1,\"name\":\"Home\",\"item\":\"https:\\\/\\\/kosovatimes.info\\\/\"},{\"@type\":\"ListItem\",\"position\":2,\"name\":\"Prishtina k\u00ebrkon zgjidhje p\u00ebr problemin e mbeturinave\u00a0\"}]},{\"@type\":\"WebSite\",\"@id\":\"https:\\\/\\\/kosovatimes.info\\\/#website\",\"url\":\"https:\\\/\\\/kosovatimes.info\\\/\",\"name\":\"Kosova Times\",\"description\":\"\",\"potentialAction\":[{\"@type\":\"SearchAction\",\"target\":{\"@type\":\"EntryPoint\",\"urlTemplate\":\"https:\\\/\\\/kosovatimes.info\\\/?s={search_term_string}\"},\"query-input\":{\"@type\":\"PropertyValueSpecification\",\"valueRequired\":true,\"valueName\":\"search_term_string\"}}],\"inLanguage\":\"en-US\"},{\"@type\":\"Person\",\"@id\":\"https:\\\/\\\/kosovatimes.info\\\/#\\\/schema\\\/person\\\/7586712b9c512fe68085de007378c915\",\"name\":\"i l\",\"image\":{\"@type\":\"ImageObject\",\"inLanguage\":\"en-US\",\"@id\":\"https:\\\/\\\/secure.gravatar.com\\\/avatar\\\/bad9296e02816160ae2e2435beda58222022298d5625d49fea74d18816fbb31d?s=96&d=mm&r=g\",\"url\":\"https:\\\/\\\/secure.gravatar.com\\\/avatar\\\/bad9296e02816160ae2e2435beda58222022298d5625d49fea74d18816fbb31d?s=96&d=mm&r=g\",\"contentUrl\":\"https:\\\/\\\/secure.gravatar.com\\\/avatar\\\/bad9296e02816160ae2e2435beda58222022298d5625d49fea74d18816fbb31d?s=96&d=mm&r=g\",\"caption\":\"i l\"},\"url\":\"https:\\\/\\\/kosovatimes.info\\\/index.php\\\/author\\\/iliri\\\/\"}]}<\/script>\n<!-- \/ Yoast SEO plugin. -->","yoast_head_json":{"title":"Prishtina k\u00ebrkon zgjidhje p\u00ebr problemin e mbeturinave\u00a0 - Kosova Times","robots":{"index":"index","follow":"follow","max-snippet":"max-snippet:-1","max-image-preview":"max-image-preview:large","max-video-preview":"max-video-preview:-1"},"canonical":"https:\/\/kosovatimes.info\/index.php\/2026\/09\/02\/prishtina-kerkon-zgjidhje-per-problemin-e-mbeturinave\/","og_locale":"en_US","og_type":"article","og_title":"Prishtina k\u00ebrkon zgjidhje p\u00ebr problemin e mbeturinave\u00a0 - Kosova Times","og_description":"Problemi i mbeturinave n\u00eb Prishtin\u00eb po shtyn komun\u00ebn drejt krijimit t\u00eb nj\u00eb modeli t\u00eb ri t\u00eb menaxhimit t\u00eb pastrimit. Autoritetet lokale kan\u00eb nisur procedurat p\u00ebr themelimin e nj\u00eb nd\u00ebrmarrjeje publike q\u00eb do t\u00eb veproj\u00eb vet\u00ebm n\u00eb kryeqytet, duke e arsyetuar k\u00ebt\u00eb me kapacitetet e pamjaftueshme t\u00eb kompanis\u00eb rajonale &#8220;Pastrimi&#8221;. Nd\u00ebrsa komuna synon ta d\u00ebrgoj\u00eb propozimin [&hellip;]","og_url":"https:\/\/kosovatimes.info\/index.php\/2026\/09\/02\/prishtina-kerkon-zgjidhje-per-problemin-e-mbeturinave\/","og_site_name":"Kosova Times","article_published_time":"2026-09-02T17:53:00+00:00","article_modified_time":"2026-09-02T18:54:54+00:00","og_image":[{"width":780,"height":500,"url":"https:\/\/kosovatimes.info\/wp-content\/uploads\/2026\/09\/Mbeturina.jpg","type":"image\/jpeg"}],"author":"i l","twitter_card":"summary_large_image","twitter_misc":{"Written by":"i l","Est. reading time":"2 minutes"},"schema":{"@context":"https:\/\/schema.org","@graph":[{"@type":"Article","@id":"https:\/\/kosovatimes.info\/index.php\/2026\/09\/02\/prishtina-kerkon-zgjidhje-per-problemin-e-mbeturinave\/#article","isPartOf":{"@id":"https:\/\/kosovatimes.info\/index.php\/2026\/09\/02\/prishtina-kerkon-zgjidhje-per-problemin-e-mbeturinave\/"},"author":{"name":"i l","@id":"https:\/\/kosovatimes.info\/#\/schema\/person\/7586712b9c512fe68085de007378c915"},"headline":"Prishtina k\u00ebrkon zgjidhje p\u00ebr problemin e mbeturinave\u00a0","datePublished":"2026-09-02T17:53:00+00:00","dateModified":"2026-09-02T18:54:54+00:00","mainEntityOfPage":{"@id":"https:\/\/kosovatimes.info\/index.php\/2026\/09\/02\/prishtina-kerkon-zgjidhje-per-problemin-e-mbeturinave\/"},"wordCount":486,"commentCount":0,"image":{"@id":"https:\/\/kosovatimes.info\/index.php\/2026\/09\/02\/prishtina-kerkon-zgjidhje-per-problemin-e-mbeturinave\/#primaryimage"},"thumbnailUrl":"https:\/\/kosovatimes.info\/wp-content\/uploads\/2026\/09\/Mbeturina.jpg","articleSection":["Kosov\u00eb","Lajme"],"inLanguage":"en-US","potentialAction":[{"@type":"CommentAction","name":"Comment","target":["https:\/\/kosovatimes.info\/index.php\/2026\/09\/02\/prishtina-kerkon-zgjidhje-per-problemin-e-mbeturinave\/#respond"]}]},{"@type":"WebPage","@id":"https:\/\/kosovatimes.info\/index.php\/2026\/09\/02\/prishtina-kerkon-zgjidhje-per-problemin-e-mbeturinave\/","url":"https:\/\/kosovatimes.info\/index.php\/2026\/09\/02\/prishtina-kerkon-zgjidhje-per-problemin-e-mbeturinave\/","name":"Prishtina k\u00ebrkon zgjidhje p\u00ebr problemin e mbeturinave\u00a0 - Kosova Times","isPartOf":{"@id":"https:\/\/kosovatimes.info\/#website"},"primaryImageOfPage":{"@id":"https:\/\/kosovatimes.info\/index.php\/2026\/09\/02\/prishtina-kerkon-zgjidhje-per-problemin-e-mbeturinave\/#primaryimage"},"image":{"@id":"https:\/\/kosovatimes.info\/index.php\/2026\/09\/02\/prishtina-kerkon-zgjidhje-per-problemin-e-mbeturinave\/#primaryimage"},"thumbnailUrl":"https:\/\/kosovatimes.info\/wp-content\/uploads\/2026\/09\/Mbeturina.jpg","datePublished":"2026-09-02T17:53:00+00:00","dateModified":"2026-09-02T18:54:54+00:00","author":{"@id":"https:\/\/kosovatimes.info\/#\/schema\/person\/7586712b9c512fe68085de007378c915"},"breadcrumb":{"@id":"https:\/\/kosovatimes.info\/index.php\/2026\/09\/02\/prishtina-kerkon-zgjidhje-per-problemin-e-mbeturinave\/#breadcrumb"},"inLanguage":"en-US","potentialAction":[{"@type":"ReadAction","target":["https:\/\/kosovatimes.info\/index.php\/2026\/09\/02\/prishtina-kerkon-zgjidhje-per-problemin-e-mbeturinave\/"]}]},{"@type":"ImageObject","inLanguage":"en-US","@id":"https:\/\/kosovatimes.info\/index.php\/2026\/09\/02\/prishtina-kerkon-zgjidhje-per-problemin-e-mbeturinave\/#primaryimage","url":"https:\/\/kosovatimes.info\/wp-content\/uploads\/2026\/09\/Mbeturina.jpg","contentUrl":"https:\/\/kosovatimes.info\/wp-content\/uploads\/2026\/09\/Mbeturina.jpg","width":780,"height":500},{"@type":"BreadcrumbList","@id":"https:\/\/kosovatimes.info\/index.php\/2026\/09\/02\/prishtina-kerkon-zgjidhje-per-problemin-e-mbeturinave\/#breadcrumb","itemListElement":[{"@type":"ListItem","position":1,"name":"Home","item":"https:\/\/kosovatimes.info\/"},{"@type":"ListItem","position":2,"name":"Prishtina k\u00ebrkon zgjidhje p\u00ebr problemin e mbeturinave\u00a0"}]},{"@type":"WebSite","@id":"https:\/\/kosovatimes.info\/#website","url":"https:\/\/kosovatimes.info\/","name":"Kosova Times","description":"","potentialAction":[{"@type":"SearchAction","target":{"@type":"EntryPoint","urlTemplate":"https:\/\/kosovatimes.info\/?s={search_term_string}"},"query-input":{"@type":"PropertyValueSpecification","valueRequired":true,"valueName":"search_term_string"}}],"inLanguage":"en-US"},{"@type":"Person","@id":"https:\/\/kosovatimes.info\/#\/schema\/person\/7586712b9c512fe68085de007378c915","name":"i l","image":{"@type":"ImageObject","inLanguage":"en-US","@id":"https:\/\/secure.gravatar.com\/avatar\/bad9296e02816160ae2e2435beda58222022298d5625d49fea74d18816fbb31d?s=96&d=mm&r=g","url":"https:\/\/secure.gravatar.com\/avatar\/bad9296e02816160ae2e2435beda58222022298d5625d49fea74d18816fbb31d?s=96&d=mm&r=g","contentUrl":"https:\/\/secure.gravatar.com\/avatar\/bad9296e02816160ae2e2435beda58222022298d5625d49fea74d18816fbb31d?s=96&d=mm&r=g","caption":"i l"},"url":"https:\/\/kosovatimes.info\/index.php\/author\/iliri\/"}]}},"_links":{"self":[{"href":"https:\/\/kosovatimes.info\/index.php\/wp-json\/wp\/v2\/posts\/30663","targetHints":{"allow":["GET"]}}],"collection":[{"href":"https:\/\/kosovatimes.info\/index.php\/wp-json\/wp\/v2\/posts"}],"about":[{"href":"https:\/\/kosovatimes.info\/index.php\/wp-json\/wp\/v2\/types\/post"}],"author":[{"embeddable":true,"href":"https:\/\/kosovatimes.info\/index.php\/wp-json\/wp\/v2\/users\/4"}],"replies":[{"embeddable":true,"href":"https:\/\/kosovatimes.info\/index.php\/wp-json\/wp\/v2\/comments?post=30663"}],"version-history":[{"count":1,"href":"https:\/\/kosovatimes.info\/index.php\/wp-json\/wp\/v2\/posts\/30663\/revisions"}],"predecessor-version":[{"id":30665,"href":"https:\/\/kosovatimes.info\/index.php\/wp-json\/wp\/v2\/posts\/30663\/revisions\/30665"}],"wp:featuredmedia":[{"embeddable":true,"href":"https:\/\/kosovatimes.info\/index.php\/wp-json\/wp\/v2\/media\/30664"}],"wp:attachment":[{"href":"https:\/\/kosovatimes.info\/index.php\/wp-json\/wp\/v2\/media?parent=30663"}],"wp:term":[{"taxonomy":"category","embeddable":true,"href":"https:\/\/kosovatimes.info\/index.php\/wp-json\/wp\/v2\/categories?post=30663"},{"taxonomy":"post_tag","embeddable":true,"href":"https:\/\/kosovatimes.info\/index.php\/wp-json\/wp\/v2\/tags?post=30663"}],"curies":[{"name":"wp","href":"https:\/\/api.w.org\/{rel}","templated":true}]}}