{"id":30666,"date":"2026-09-02T19:50:00","date_gmt":"2026-09-02T17:50:00","guid":{"rendered":"https:\/\/kosovatimes.info\/?p=30666"},"modified":"2026-09-02T20:55:52","modified_gmt":"2026-09-02T18:55:52","slug":"20-punetore-te-vdekur-kete-vit-kerkohen-masa-me-te-forta-per-sigurine","status":"publish","type":"post","link":"https:\/\/kosovatimes.info\/index.php\/2026\/09\/02\/20-punetore-te-vdekur-kete-vit-kerkohen-masa-me-te-forta-per-sigurine\/","title":{"rendered":"20 pun\u00ebtor\u00eb t\u00eb vdekur k\u00ebt\u00eb vit, k\u00ebrkohen masa m\u00eb t\u00eb forta p\u00ebr sigurin\u00eb\u00a0"},"content":{"rendered":"\n<p class=\"wp-block-paragraph\"><strong>Kriza me sigurin\u00eb n\u00eb pun\u00eb n\u00eb Kosov\u00eb po thellohet, nd\u00ebrkoh\u00eb q\u00eb rreziku n\u00eb vendet e pun\u00ebs po shkon p\u00ebrtej aksidenteve me fatalitet. P\u00ebrve\u00e7 rasteve tragjike n\u00eb nd\u00ebrtimtari, shoq\u00ebria civile po alarmon p\u00ebr nj\u00eb tjet\u00ebr rrezik t\u00eb madh: s\u00ebmundjet profesionale q\u00eb zhvillohen ngadal\u00eb n\u00eb sektor\u00ebt e r\u00ebnd\u00eb, si KEK-u dhe Trep\u00e7a. N\u00eb munges\u00eb t\u00eb nj\u00eb liste zyrtare shtet\u00ebrore p\u00ebr k\u00ebto s\u00ebmundje, qindra raste po mbeten t\u00eb paidentifikuara dhe pa nj\u00eb trajtim institucional.<\/strong><\/p>\n\n\n\n<p class=\"wp-block-paragraph\">Nj\u00eb tjet\u00ebr tragjedi n\u00eb vendin e pun\u00ebs n\u00eb Zubin Potok ka \u00e7uar n\u00eb 20 numrin e pun\u00ebtor\u00ebve q\u00eb kan\u00eb humbur jet\u00ebn vet\u00ebm k\u00ebt\u00eb vit. Nd\u00ebrkoh\u00eb q\u00eb shoq\u00ebria civile alarmon p\u00ebr pasigurin\u00eb fizike n\u00ebp\u00ebr vendpunishte, s\u00ebmundjet profesionale, nj\u00eb tjet\u00ebr rrezik i paduksh\u00ebm, mbetet krejt\u00ebsisht i patrajtuar.<\/p>\n\n\n\n<p class=\"wp-block-paragraph\">&#8220;\u00cbsht\u00eb pun\u00ebtori i 20-t\u00eb q\u00eb vet\u00ebm n\u00eb vitin 2026 e ka humbur jet\u00ebn. Pra, pun\u00ebtori i 20-t\u00eb. Prej vitit 2021 deri n\u00eb vitin 2026, 99 pun\u00ebtor\u00eb e kan\u00eb humbur jet\u00ebn n\u00eb vendin e pun\u00ebs p\u00ebr shkak t\u00eb rrezikshm\u00ebris\u00eb n\u00eb vendpunishte, edhe ne, t\u00eb vetmen gj\u00eb q\u00eb kemi d\u00ebgjuar prej qeveris\u00eb p\u00ebrgjat\u00eb k\u00ebtyre viteve \u00ebsht\u00eb inspektimi edhe rritja e numrit t\u00eb inspektor\u00ebve&#8221;, tha Lisjan Perolli, Instituti p\u00ebr Aksion Afirmativ.<\/p>\n\n\n\n<p class=\"wp-block-paragraph\">Sektori i nd\u00ebrtimtaris\u00eb mbetet nd\u00ebr m\u00eb t\u00eb rrezikshmit dhe m\u00eb vdekjeprur\u00ebsit p\u00ebr pun\u00ebtor\u00ebt n\u00eb Kosov\u00eb.<\/p>\n\n\n\n<p class=\"wp-block-paragraph\">Nj\u00eb tjet\u00ebr problem \u00ebsht\u00eb mosp\u00ebrputhja mes shifrave zyrtare dhe t\u00eb dh\u00ebnave nga terreni. Nd\u00ebrsa institucionet e pavarura raportojn\u00eb p\u00ebr 20 pun\u00ebtor\u00eb t\u00eb vdekur gjat\u00eb k\u00ebtij viti, p\u00ebrfshir\u00eb edhe nj\u00eb t\u00eb ri n\u00eb sektorin e nd\u00ebrtimit gjat\u00eb muajit korrik, Inspektorati Qendror i Pun\u00ebs ka evidentuar vet\u00ebm 14 raste.<\/p>\n\n\n\n<p class=\"wp-block-paragraph\">Nd\u00ebrkoh\u00eb, Sindikata e Pavarur e Pun\u00ebtor\u00ebve alarmon se nga viti 2018 e deri m\u00eb sot, n\u00eb vendin e pun\u00ebs kan\u00eb humbur jet\u00ebn m\u00eb shum\u00eb se 180 pun\u00ebtor\u00eb.<\/p>\n\n\n\n<p class=\"wp-block-paragraph\">P\u00ebr k\u00ebt\u00eb, Inspektorati Qendror i Pun\u00ebs ka theksuar se \u00ebsht\u00eb i p\u00ebrkushtuar q\u00eb n\u00eb terren t\u00eb zbatohen rregullat, sidomos n\u00eb parandalim t\u00eb aksidenteve n\u00eb vendin e pun\u00ebs.<\/p>\n\n\n\n<p class=\"wp-block-paragraph\">N\u00eb gjigant\u00ebt si KEK-u dhe Trep\u00e7a, pun\u00ebtor\u00ebt po vdesin larg kamerave nga pasojat sh\u00ebndet\u00ebsore q\u00eb u la vendi i pun\u00ebs, pa nj\u00eb list\u00eb zyrtare q\u00eb ua njeh k\u00ebt\u00eb t\u00eb drejt\u00eb.<\/p>\n\n\n\n<p class=\"wp-block-paragraph\">&#8220;Ne flasim gjithmon\u00eb p\u00ebr vdekjet n\u00eb vendin e pun\u00ebs, p\u00ebr sigurin\u00eb n\u00eb vendin e pun\u00ebs, sepse jan\u00eb gj\u00ebra q\u00eb ne i shohim, i p\u00ebrjetojm\u00eb, sepse bie dikush prej skelave ose e humb jet\u00ebn n\u00eb vendin e pun\u00ebs, p\u00ebson aksident edhe shihet. Mir\u00ebpo, sa i p\u00ebrket sh\u00ebndetit, askush nuk e trajton dhe nuk \u00ebsht\u00eb trajtuar fare qe sa vjet. Ka ekzistuar nj\u00eb list\u00eb q\u00eb ka qen\u00eb e p\u00ebrgatitur koh\u00eb m\u00eb par\u00eb, por q\u00eb ka mbetur n\u00eb sirtar\u00ebt e ministris\u00eb diku. Ndoshta \u00ebsht\u00eb edhe von\u00eb me iu b\u00ebr\u00eb thirrje q\u00eb ta marrin parasysh sh\u00ebndetin e pun\u00ebtor\u00ebve&#8221;, theksoi Brikena Hoxha, Iniciativa Kosovare p\u00ebr Stabilitet.<\/p>\n\n\n\n<p class=\"wp-block-paragraph\">Mungesa e list\u00ebs zyrtare t\u00eb s\u00ebmundjeve profesionale l\u00eb pjes\u00eb t\u00eb madhe t\u00eb problemit jasht\u00eb statistikave. Pa nj\u00eb list\u00eb zyrtare, mbetet e v\u00ebshtir\u00eb t\u00eb p\u00ebrcaktohet se cilat s\u00ebmundje lidhen me profesionin, kush mban p\u00ebrgjegj\u00ebsin\u00eb dhe si duhet t\u00eb trajtohen e kompensohen pun\u00ebtor\u00ebt.<\/p>\n","protected":false},"excerpt":{"rendered":"<p>Kriza me sigurin\u00eb n\u00eb pun\u00eb n\u00eb Kosov\u00eb po thellohet, nd\u00ebrkoh\u00eb q\u00eb rreziku n\u00eb vendet e pun\u00ebs po shkon p\u00ebrtej aksidenteve me fatalitet. P\u00ebrve\u00e7 rasteve tragjike n\u00eb nd\u00ebrtimtari, shoq\u00ebria civile po alarmon p\u00ebr nj\u00eb tjet\u00ebr rrezik t\u00eb madh: s\u00ebmundjet profesionale q\u00eb zhvillohen ngadal\u00eb n\u00eb sektor\u00ebt e r\u00ebnd\u00eb, si KEK-u dhe Trep\u00e7a. N\u00eb munges\u00eb t\u00eb nj\u00eb liste [&hellip;]<\/p>\n","protected":false},"author":4,"featured_media":20373,"comment_status":"open","ping_status":"open","sticky":false,"template":"","format":"standard","meta":{"footnotes":""},"categories":[31,30],"tags":[],"class_list":["post-30666","post","type-post","status-publish","format-standard","has-post-thumbnail","category-kosove","category-lajme"],"yoast_head":"<!-- This site is optimized with the Yoast SEO plugin v27.4 - https:\/\/yoast.com\/product\/yoast-seo-wordpress\/ -->\n<title>20 pun\u00ebtor\u00eb t\u00eb vdekur k\u00ebt\u00eb vit, k\u00ebrkohen masa m\u00eb t\u00eb forta p\u00ebr sigurin\u00eb\u00a0 - Kosova Times<\/title>\n<meta name=\"robots\" content=\"index, follow, max-snippet:-1, max-image-preview:large, max-video-preview:-1\" \/>\n<link rel=\"canonical\" href=\"https:\/\/kosovatimes.info\/index.php\/2026\/09\/02\/20-punetore-te-vdekur-kete-vit-kerkohen-masa-me-te-forta-per-sigurine\/\" \/>\n<meta property=\"og:locale\" content=\"en_US\" \/>\n<meta property=\"og:type\" content=\"article\" \/>\n<meta property=\"og:title\" content=\"20 pun\u00ebtor\u00eb t\u00eb vdekur k\u00ebt\u00eb vit, k\u00ebrkohen masa m\u00eb t\u00eb forta p\u00ebr sigurin\u00eb\u00a0 - Kosova Times\" \/>\n<meta property=\"og:description\" content=\"Kriza me sigurin\u00eb n\u00eb pun\u00eb n\u00eb Kosov\u00eb po thellohet, nd\u00ebrkoh\u00eb q\u00eb rreziku n\u00eb vendet e pun\u00ebs po shkon p\u00ebrtej aksidenteve me fatalitet. P\u00ebrve\u00e7 rasteve tragjike n\u00eb nd\u00ebrtimtari, shoq\u00ebria civile po alarmon p\u00ebr nj\u00eb tjet\u00ebr rrezik t\u00eb madh: s\u00ebmundjet profesionale q\u00eb zhvillohen ngadal\u00eb n\u00eb sektor\u00ebt e r\u00ebnd\u00eb, si KEK-u dhe Trep\u00e7a. N\u00eb munges\u00eb t\u00eb nj\u00eb liste [&hellip;]\" \/>\n<meta property=\"og:url\" content=\"https:\/\/kosovatimes.info\/index.php\/2026\/09\/02\/20-punetore-te-vdekur-kete-vit-kerkohen-masa-me-te-forta-per-sigurine\/\" \/>\n<meta property=\"og:site_name\" content=\"Kosova Times\" \/>\n<meta property=\"article:published_time\" content=\"2026-09-02T17:50:00+00:00\" \/>\n<meta property=\"article:modified_time\" content=\"2026-09-02T18:55:52+00:00\" \/>\n<meta property=\"og:image\" content=\"https:\/\/kosovatimes.info\/wp-content\/uploads\/2026\/06\/Ndertimtari.jpg\" \/>\n\t<meta property=\"og:image:width\" content=\"780\" \/>\n\t<meta property=\"og:image:height\" content=\"500\" \/>\n\t<meta property=\"og:image:type\" content=\"image\/jpeg\" \/>\n<meta name=\"author\" content=\"i l\" \/>\n<meta name=\"twitter:card\" content=\"summary_large_image\" \/>\n<meta name=\"twitter:label1\" content=\"Written by\" \/>\n\t<meta name=\"twitter:data1\" content=\"i l\" \/>\n\t<meta name=\"twitter:label2\" content=\"Est. reading time\" \/>\n\t<meta name=\"twitter:data2\" content=\"3 minutes\" \/>\n<script type=\"application\/ld+json\" class=\"yoast-schema-graph\">{\"@context\":\"https:\\\/\\\/schema.org\",\"@graph\":[{\"@type\":\"Article\",\"@id\":\"https:\\\/\\\/kosovatimes.info\\\/index.php\\\/2026\\\/09\\\/02\\\/20-punetore-te-vdekur-kete-vit-kerkohen-masa-me-te-forta-per-sigurine\\\/#article\",\"isPartOf\":{\"@id\":\"https:\\\/\\\/kosovatimes.info\\\/index.php\\\/2026\\\/09\\\/02\\\/20-punetore-te-vdekur-kete-vit-kerkohen-masa-me-te-forta-per-sigurine\\\/\"},\"author\":{\"name\":\"i l\",\"@id\":\"https:\\\/\\\/kosovatimes.info\\\/#\\\/schema\\\/person\\\/7586712b9c512fe68085de007378c915\"},\"headline\":\"20 pun\u00ebtor\u00eb t\u00eb vdekur k\u00ebt\u00eb vit, k\u00ebrkohen masa m\u00eb t\u00eb forta p\u00ebr sigurin\u00eb\u00a0\",\"datePublished\":\"2026-09-02T17:50:00+00:00\",\"dateModified\":\"2026-09-02T18:55:52+00:00\",\"mainEntityOfPage\":{\"@id\":\"https:\\\/\\\/kosovatimes.info\\\/index.php\\\/2026\\\/09\\\/02\\\/20-punetore-te-vdekur-kete-vit-kerkohen-masa-me-te-forta-per-sigurine\\\/\"},\"wordCount\":589,\"commentCount\":0,\"image\":{\"@id\":\"https:\\\/\\\/kosovatimes.info\\\/index.php\\\/2026\\\/09\\\/02\\\/20-punetore-te-vdekur-kete-vit-kerkohen-masa-me-te-forta-per-sigurine\\\/#primaryimage\"},\"thumbnailUrl\":\"https:\\\/\\\/kosovatimes.info\\\/wp-content\\\/uploads\\\/2026\\\/06\\\/Ndertimtari.jpg\",\"articleSection\":[\"Kosov\u00eb\",\"Lajme\"],\"inLanguage\":\"en-US\",\"potentialAction\":[{\"@type\":\"CommentAction\",\"name\":\"Comment\",\"target\":[\"https:\\\/\\\/kosovatimes.info\\\/index.php\\\/2026\\\/09\\\/02\\\/20-punetore-te-vdekur-kete-vit-kerkohen-masa-me-te-forta-per-sigurine\\\/#respond\"]}]},{\"@type\":\"WebPage\",\"@id\":\"https:\\\/\\\/kosovatimes.info\\\/index.php\\\/2026\\\/09\\\/02\\\/20-punetore-te-vdekur-kete-vit-kerkohen-masa-me-te-forta-per-sigurine\\\/\",\"url\":\"https:\\\/\\\/kosovatimes.info\\\/index.php\\\/2026\\\/09\\\/02\\\/20-punetore-te-vdekur-kete-vit-kerkohen-masa-me-te-forta-per-sigurine\\\/\",\"name\":\"20 pun\u00ebtor\u00eb t\u00eb vdekur k\u00ebt\u00eb vit, k\u00ebrkohen masa m\u00eb t\u00eb forta p\u00ebr sigurin\u00eb\u00a0 - Kosova Times\",\"isPartOf\":{\"@id\":\"https:\\\/\\\/kosovatimes.info\\\/#website\"},\"primaryImageOfPage\":{\"@id\":\"https:\\\/\\\/kosovatimes.info\\\/index.php\\\/2026\\\/09\\\/02\\\/20-punetore-te-vdekur-kete-vit-kerkohen-masa-me-te-forta-per-sigurine\\\/#primaryimage\"},\"image\":{\"@id\":\"https:\\\/\\\/kosovatimes.info\\\/index.php\\\/2026\\\/09\\\/02\\\/20-punetore-te-vdekur-kete-vit-kerkohen-masa-me-te-forta-per-sigurine\\\/#primaryimage\"},\"thumbnailUrl\":\"https:\\\/\\\/kosovatimes.info\\\/wp-content\\\/uploads\\\/2026\\\/06\\\/Ndertimtari.jpg\",\"datePublished\":\"2026-09-02T17:50:00+00:00\",\"dateModified\":\"2026-09-02T18:55:52+00:00\",\"author\":{\"@id\":\"https:\\\/\\\/kosovatimes.info\\\/#\\\/schema\\\/person\\\/7586712b9c512fe68085de007378c915\"},\"breadcrumb\":{\"@id\":\"https:\\\/\\\/kosovatimes.info\\\/index.php\\\/2026\\\/09\\\/02\\\/20-punetore-te-vdekur-kete-vit-kerkohen-masa-me-te-forta-per-sigurine\\\/#breadcrumb\"},\"inLanguage\":\"en-US\",\"potentialAction\":[{\"@type\":\"ReadAction\",\"target\":[\"https:\\\/\\\/kosovatimes.info\\\/index.php\\\/2026\\\/09\\\/02\\\/20-punetore-te-vdekur-kete-vit-kerkohen-masa-me-te-forta-per-sigurine\\\/\"]}]},{\"@type\":\"ImageObject\",\"inLanguage\":\"en-US\",\"@id\":\"https:\\\/\\\/kosovatimes.info\\\/index.php\\\/2026\\\/09\\\/02\\\/20-punetore-te-vdekur-kete-vit-kerkohen-masa-me-te-forta-per-sigurine\\\/#primaryimage\",\"url\":\"https:\\\/\\\/kosovatimes.info\\\/wp-content\\\/uploads\\\/2026\\\/06\\\/Ndertimtari.jpg\",\"contentUrl\":\"https:\\\/\\\/kosovatimes.info\\\/wp-content\\\/uploads\\\/2026\\\/06\\\/Ndertimtari.jpg\",\"width\":780,\"height\":500},{\"@type\":\"BreadcrumbList\",\"@id\":\"https:\\\/\\\/kosovatimes.info\\\/index.php\\\/2026\\\/09\\\/02\\\/20-punetore-te-vdekur-kete-vit-kerkohen-masa-me-te-forta-per-sigurine\\\/#breadcrumb\",\"itemListElement\":[{\"@type\":\"ListItem\",\"position\":1,\"name\":\"Home\",\"item\":\"https:\\\/\\\/kosovatimes.info\\\/\"},{\"@type\":\"ListItem\",\"position\":2,\"name\":\"20 pun\u00ebtor\u00eb t\u00eb vdekur k\u00ebt\u00eb vit, k\u00ebrkohen masa m\u00eb t\u00eb forta p\u00ebr sigurin\u00eb\u00a0\"}]},{\"@type\":\"WebSite\",\"@id\":\"https:\\\/\\\/kosovatimes.info\\\/#website\",\"url\":\"https:\\\/\\\/kosovatimes.info\\\/\",\"name\":\"Kosova Times\",\"description\":\"\",\"potentialAction\":[{\"@type\":\"SearchAction\",\"target\":{\"@type\":\"EntryPoint\",\"urlTemplate\":\"https:\\\/\\\/kosovatimes.info\\\/?s={search_term_string}\"},\"query-input\":{\"@type\":\"PropertyValueSpecification\",\"valueRequired\":true,\"valueName\":\"search_term_string\"}}],\"inLanguage\":\"en-US\"},{\"@type\":\"Person\",\"@id\":\"https:\\\/\\\/kosovatimes.info\\\/#\\\/schema\\\/person\\\/7586712b9c512fe68085de007378c915\",\"name\":\"i l\",\"image\":{\"@type\":\"ImageObject\",\"inLanguage\":\"en-US\",\"@id\":\"https:\\\/\\\/secure.gravatar.com\\\/avatar\\\/bad9296e02816160ae2e2435beda58222022298d5625d49fea74d18816fbb31d?s=96&d=mm&r=g\",\"url\":\"https:\\\/\\\/secure.gravatar.com\\\/avatar\\\/bad9296e02816160ae2e2435beda58222022298d5625d49fea74d18816fbb31d?s=96&d=mm&r=g\",\"contentUrl\":\"https:\\\/\\\/secure.gravatar.com\\\/avatar\\\/bad9296e02816160ae2e2435beda58222022298d5625d49fea74d18816fbb31d?s=96&d=mm&r=g\",\"caption\":\"i l\"},\"url\":\"https:\\\/\\\/kosovatimes.info\\\/index.php\\\/author\\\/iliri\\\/\"}]}<\/script>\n<!-- \/ Yoast SEO plugin. -->","yoast_head_json":{"title":"20 pun\u00ebtor\u00eb t\u00eb vdekur k\u00ebt\u00eb vit, k\u00ebrkohen masa m\u00eb t\u00eb forta p\u00ebr sigurin\u00eb\u00a0 - Kosova Times","robots":{"index":"index","follow":"follow","max-snippet":"max-snippet:-1","max-image-preview":"max-image-preview:large","max-video-preview":"max-video-preview:-1"},"canonical":"https:\/\/kosovatimes.info\/index.php\/2026\/09\/02\/20-punetore-te-vdekur-kete-vit-kerkohen-masa-me-te-forta-per-sigurine\/","og_locale":"en_US","og_type":"article","og_title":"20 pun\u00ebtor\u00eb t\u00eb vdekur k\u00ebt\u00eb vit, k\u00ebrkohen masa m\u00eb t\u00eb forta p\u00ebr sigurin\u00eb\u00a0 - Kosova Times","og_description":"Kriza me sigurin\u00eb n\u00eb pun\u00eb n\u00eb Kosov\u00eb po thellohet, nd\u00ebrkoh\u00eb q\u00eb rreziku n\u00eb vendet e pun\u00ebs po shkon p\u00ebrtej aksidenteve me fatalitet. P\u00ebrve\u00e7 rasteve tragjike n\u00eb nd\u00ebrtimtari, shoq\u00ebria civile po alarmon p\u00ebr nj\u00eb tjet\u00ebr rrezik t\u00eb madh: s\u00ebmundjet profesionale q\u00eb zhvillohen ngadal\u00eb n\u00eb sektor\u00ebt e r\u00ebnd\u00eb, si KEK-u dhe Trep\u00e7a. N\u00eb munges\u00eb t\u00eb nj\u00eb liste [&hellip;]","og_url":"https:\/\/kosovatimes.info\/index.php\/2026\/09\/02\/20-punetore-te-vdekur-kete-vit-kerkohen-masa-me-te-forta-per-sigurine\/","og_site_name":"Kosova Times","article_published_time":"2026-09-02T17:50:00+00:00","article_modified_time":"2026-09-02T18:55:52+00:00","og_image":[{"width":780,"height":500,"url":"https:\/\/kosovatimes.info\/wp-content\/uploads\/2026\/06\/Ndertimtari.jpg","type":"image\/jpeg"}],"author":"i l","twitter_card":"summary_large_image","twitter_misc":{"Written by":"i l","Est. reading time":"3 minutes"},"schema":{"@context":"https:\/\/schema.org","@graph":[{"@type":"Article","@id":"https:\/\/kosovatimes.info\/index.php\/2026\/09\/02\/20-punetore-te-vdekur-kete-vit-kerkohen-masa-me-te-forta-per-sigurine\/#article","isPartOf":{"@id":"https:\/\/kosovatimes.info\/index.php\/2026\/09\/02\/20-punetore-te-vdekur-kete-vit-kerkohen-masa-me-te-forta-per-sigurine\/"},"author":{"name":"i l","@id":"https:\/\/kosovatimes.info\/#\/schema\/person\/7586712b9c512fe68085de007378c915"},"headline":"20 pun\u00ebtor\u00eb t\u00eb vdekur k\u00ebt\u00eb vit, k\u00ebrkohen masa m\u00eb t\u00eb forta p\u00ebr sigurin\u00eb\u00a0","datePublished":"2026-09-02T17:50:00+00:00","dateModified":"2026-09-02T18:55:52+00:00","mainEntityOfPage":{"@id":"https:\/\/kosovatimes.info\/index.php\/2026\/09\/02\/20-punetore-te-vdekur-kete-vit-kerkohen-masa-me-te-forta-per-sigurine\/"},"wordCount":589,"commentCount":0,"image":{"@id":"https:\/\/kosovatimes.info\/index.php\/2026\/09\/02\/20-punetore-te-vdekur-kete-vit-kerkohen-masa-me-te-forta-per-sigurine\/#primaryimage"},"thumbnailUrl":"https:\/\/kosovatimes.info\/wp-content\/uploads\/2026\/06\/Ndertimtari.jpg","articleSection":["Kosov\u00eb","Lajme"],"inLanguage":"en-US","potentialAction":[{"@type":"CommentAction","name":"Comment","target":["https:\/\/kosovatimes.info\/index.php\/2026\/09\/02\/20-punetore-te-vdekur-kete-vit-kerkohen-masa-me-te-forta-per-sigurine\/#respond"]}]},{"@type":"WebPage","@id":"https:\/\/kosovatimes.info\/index.php\/2026\/09\/02\/20-punetore-te-vdekur-kete-vit-kerkohen-masa-me-te-forta-per-sigurine\/","url":"https:\/\/kosovatimes.info\/index.php\/2026\/09\/02\/20-punetore-te-vdekur-kete-vit-kerkohen-masa-me-te-forta-per-sigurine\/","name":"20 pun\u00ebtor\u00eb t\u00eb vdekur k\u00ebt\u00eb vit, k\u00ebrkohen masa m\u00eb t\u00eb forta p\u00ebr sigurin\u00eb\u00a0 - Kosova Times","isPartOf":{"@id":"https:\/\/kosovatimes.info\/#website"},"primaryImageOfPage":{"@id":"https:\/\/kosovatimes.info\/index.php\/2026\/09\/02\/20-punetore-te-vdekur-kete-vit-kerkohen-masa-me-te-forta-per-sigurine\/#primaryimage"},"image":{"@id":"https:\/\/kosovatimes.info\/index.php\/2026\/09\/02\/20-punetore-te-vdekur-kete-vit-kerkohen-masa-me-te-forta-per-sigurine\/#primaryimage"},"thumbnailUrl":"https:\/\/kosovatimes.info\/wp-content\/uploads\/2026\/06\/Ndertimtari.jpg","datePublished":"2026-09-02T17:50:00+00:00","dateModified":"2026-09-02T18:55:52+00:00","author":{"@id":"https:\/\/kosovatimes.info\/#\/schema\/person\/7586712b9c512fe68085de007378c915"},"breadcrumb":{"@id":"https:\/\/kosovatimes.info\/index.php\/2026\/09\/02\/20-punetore-te-vdekur-kete-vit-kerkohen-masa-me-te-forta-per-sigurine\/#breadcrumb"},"inLanguage":"en-US","potentialAction":[{"@type":"ReadAction","target":["https:\/\/kosovatimes.info\/index.php\/2026\/09\/02\/20-punetore-te-vdekur-kete-vit-kerkohen-masa-me-te-forta-per-sigurine\/"]}]},{"@type":"ImageObject","inLanguage":"en-US","@id":"https:\/\/kosovatimes.info\/index.php\/2026\/09\/02\/20-punetore-te-vdekur-kete-vit-kerkohen-masa-me-te-forta-per-sigurine\/#primaryimage","url":"https:\/\/kosovatimes.info\/wp-content\/uploads\/2026\/06\/Ndertimtari.jpg","contentUrl":"https:\/\/kosovatimes.info\/wp-content\/uploads\/2026\/06\/Ndertimtari.jpg","width":780,"height":500},{"@type":"BreadcrumbList","@id":"https:\/\/kosovatimes.info\/index.php\/2026\/09\/02\/20-punetore-te-vdekur-kete-vit-kerkohen-masa-me-te-forta-per-sigurine\/#breadcrumb","itemListElement":[{"@type":"ListItem","position":1,"name":"Home","item":"https:\/\/kosovatimes.info\/"},{"@type":"ListItem","position":2,"name":"20 pun\u00ebtor\u00eb t\u00eb vdekur k\u00ebt\u00eb vit, k\u00ebrkohen masa m\u00eb t\u00eb forta p\u00ebr sigurin\u00eb\u00a0"}]},{"@type":"WebSite","@id":"https:\/\/kosovatimes.info\/#website","url":"https:\/\/kosovatimes.info\/","name":"Kosova Times","description":"","potentialAction":[{"@type":"SearchAction","target":{"@type":"EntryPoint","urlTemplate":"https:\/\/kosovatimes.info\/?s={search_term_string}"},"query-input":{"@type":"PropertyValueSpecification","valueRequired":true,"valueName":"search_term_string"}}],"inLanguage":"en-US"},{"@type":"Person","@id":"https:\/\/kosovatimes.info\/#\/schema\/person\/7586712b9c512fe68085de007378c915","name":"i l","image":{"@type":"ImageObject","inLanguage":"en-US","@id":"https:\/\/secure.gravatar.com\/avatar\/bad9296e02816160ae2e2435beda58222022298d5625d49fea74d18816fbb31d?s=96&d=mm&r=g","url":"https:\/\/secure.gravatar.com\/avatar\/bad9296e02816160ae2e2435beda58222022298d5625d49fea74d18816fbb31d?s=96&d=mm&r=g","contentUrl":"https:\/\/secure.gravatar.com\/avatar\/bad9296e02816160ae2e2435beda58222022298d5625d49fea74d18816fbb31d?s=96&d=mm&r=g","caption":"i l"},"url":"https:\/\/kosovatimes.info\/index.php\/author\/iliri\/"}]}},"_links":{"self":[{"href":"https:\/\/kosovatimes.info\/index.php\/wp-json\/wp\/v2\/posts\/30666","targetHints":{"allow":["GET"]}}],"collection":[{"href":"https:\/\/kosovatimes.info\/index.php\/wp-json\/wp\/v2\/posts"}],"about":[{"href":"https:\/\/kosovatimes.info\/index.php\/wp-json\/wp\/v2\/types\/post"}],"author":[{"embeddable":true,"href":"https:\/\/kosovatimes.info\/index.php\/wp-json\/wp\/v2\/users\/4"}],"replies":[{"embeddable":true,"href":"https:\/\/kosovatimes.info\/index.php\/wp-json\/wp\/v2\/comments?post=30666"}],"version-history":[{"count":1,"href":"https:\/\/kosovatimes.info\/index.php\/wp-json\/wp\/v2\/posts\/30666\/revisions"}],"predecessor-version":[{"id":30667,"href":"https:\/\/kosovatimes.info\/index.php\/wp-json\/wp\/v2\/posts\/30666\/revisions\/30667"}],"wp:featuredmedia":[{"embeddable":true,"href":"https:\/\/kosovatimes.info\/index.php\/wp-json\/wp\/v2\/media\/20373"}],"wp:attachment":[{"href":"https:\/\/kosovatimes.info\/index.php\/wp-json\/wp\/v2\/media?parent=30666"}],"wp:term":[{"taxonomy":"category","embeddable":true,"href":"https:\/\/kosovatimes.info\/index.php\/wp-json\/wp\/v2\/categories?post=30666"},{"taxonomy":"post_tag","embeddable":true,"href":"https:\/\/kosovatimes.info\/index.php\/wp-json\/wp\/v2\/tags?post=30666"}],"curies":[{"name":"wp","href":"https:\/\/api.w.org\/{rel}","templated":true}]}}